{"id":11112,"date":"2019-08-05T13:13:30","date_gmt":"2019-08-05T11:13:30","guid":{"rendered":"https:\/\/wpgzm.dev.euvic.pl\/?p=11112"},"modified":"2019-08-12T13:17:14","modified_gmt":"2019-08-12T11:17:14","slug":"cwiczenia-wojskowe-w-naszym-miescie","status":"publish","type":"post","link":"https:\/\/metropoliagzm.pl\/de\/2019\/08\/05\/cwiczenia-wojskowe-w-naszym-miescie\/","title":{"rendered":"\u0106wiczenia wojskowe w naszym mie\u015bcie"},"content":{"rendered":"<div class=\"pdf-block\"><div class=\"pdfprnt-buttons  pdfprnt-new pdfprnt-buttons-post pdfprnt-top-right\"><div class=\"jssocials-share jssocials-share-twitter\"><a target=\"_blank\" href=\"https:\/\/twitter.com\/share?url=https:\/\/metropoliagzm.pl\/de\/wp-json\/wp\/v2\/posts\/11112;text=11112\" class=\"jssocials-share-link\"><i class=\"fa fa-twitter jssocials-share-logo\"><\/i><\/a><\/div><div class=\"jssocials-share jssocials-share-facebook\"><a target=\"_blank\" href=\"https:\/\/facebook.com\/sharer\/sharer.php?u=https:\/\/metropoliagzm.pl\/de\/wp-json\/wp\/v2\/posts\/11112\" class=\"jssocials-share-link\"><i class=\"fa fa-facebook jssocials-share-logo\"><\/i><\/a><\/div><div class=\"jssocials-share jssocials-share-pinterest\"><a target=\"_blank\" href=\"https:\/\/pinterest.com\/pin\/create\/bookmarklet\/?&amp;url=https:\/\/metropoliagzm.pl\/de\/wp-json\/wp\/v2\/posts\/11112;description=11112\" class=\"jssocials-share-link\"><i class=\"fa fa-pinterest jssocials-share-logo\"><\/i><\/a><\/div><a href=\"https:\/\/metropoliagzm.pl\/de\/wp-json\/wp\/v2\/posts\/11112?print=pdf\" class=\"pdfprnt-button pdfprnt-button-pdf\" target=\"_blank\"><img decoding=\"async\" src=\"https:\/\/metropoliagzm.pl\/wp-content\/plugins\/pdf-print\/images\/pdf.png\" alt=\"image_pdf\" title=\"View PDF\" \/><\/a><a href=\"https:\/\/metropoliagzm.pl\/de\/wp-json\/wp\/v2\/posts\/11112?print=print\" class=\"pdfprnt-button pdfprnt-button-print\" target=\"_blank\"><img decoding=\"async\" src=\"https:\/\/metropoliagzm.pl\/wp-content\/plugins\/pdf-print\/images\/print.png\" alt=\"image_print\" title=\"Print Content\" \/><\/a><\/div><\/div><div class=\"post-block-pdf\"><div class=\"pdfprnt-buttons pdfprnt-buttons-post pdfprnt-top-right\"><a href=\"https:\/\/metropoliagzm.pl\/de\/wp-json\/wp\/v2\/posts\/11112?print=pdf\" class=\"pdfprnt-button pdfprnt-button-pdf\" target=\"_blank\"><img decoding=\"async\" src=\"https:\/\/metropoliagzm.pl\/wp-content\/plugins\/pdf-print\/images\/pdf.png\" alt=\"image_pdf\" title=\"View PDF\" \/><\/a><a href=\"https:\/\/metropoliagzm.pl\/de\/wp-json\/wp\/v2\/posts\/11112?print=print\" class=\"pdfprnt-button pdfprnt-button-print\" target=\"_blank\"><img decoding=\"async\" src=\"https:\/\/metropoliagzm.pl\/wp-content\/plugins\/pdf-print\/images\/print.png\" alt=\"image_print\" title=\"Print Content\" \/><\/a><\/div>\n<p><strong>Wczoraj, 5 sierpnia, tereny \npokopalniane w Piekarach \u015al\u0105skich sta\u0142y si\u0119 na jeden dzie\u0144 poligonem dla\n przysz\u0142ych \u017co\u0142nierzy 13. \u015al\u0105skiej Brygady Obrony Terytorialnej. W \nramach 16-dniowego szkolenia podstawowego przyjechali tam, by \u0107wiczy\u0107 \nzielon\u0105 taktyk\u0119 i postawy strzeleckie.<\/strong><\/p>\n\n\n\n<p>Operacje w terenie otwartym nazywane s\u0105 \nw\u0142a\u015bnie zielon\u0105 taktyka. Jej zasadniczymi elementami s\u0105: patrolowanie, \nobserwacja, zasadzki i inne metody dzia\u0142a\u0144 ofensywnych. \u017bo\u0142nierze Obrony\n Terytorialnej szkol\u0105 si\u0119, by w razie potrzeby broni\u0107 lokalnej \nspo\u0142eczno\u015bci. Wa\u017cne jest, by wychodzili poza teren koszar i szkolili si\u0119\n w miejscach, o kt\u00f3rych bezpiecze\u0144stwo maj\u0105 dba\u0107. \u2013 Znaj\u0105c teren, w \nkt\u00f3rym b\u0119d\u0105 si\u0119 porusza\u0107, b\u0119d\u0105 mieli przewag\u0119 nad przeciwnikiem. To \nwielki atut zar\u00f3wno samych terytorials\u00f3w, jak i w\u0142a\u015bnie szkole\u0144 poza \nkoszarami i poligonami \u2013 podkre\u015bli\u0142 dow\u00f3dca 13. \u015al\u0105skiej Brygady Obrony \nTerytorialnej p\u0142k Tomasz Bia\u0142as.<\/p>\n\n\n\n<p>Wczorajsze szkolenie by\u0142o tak\u017ce \u015bwietn\u0105 \nokazj\u0105 do pokazania lokalnym w\u0142adzom, jak wygl\u0105da s\u0142u\u017cba w WOT.&nbsp;\u2013 \nOgromny szacunek dla wszystkich, kt\u00f3rzy zdecydowali si\u0119 wst\u0105pi\u0107 do Wojsk\n Obrony Terytorialnej. Wizyta podczas \u0107wicze\u0144 \u015al\u0105skiej Brygady OT by\u0142a \ndla mnie fantastycznym prze\u017cyciem. Marzy\u0142am, by m\u00f3c ubra\u0107 kamizelk\u0119 i \nzobaczy\u0107 karabin \u201eGrot\u201d, najnowszy produkt polskiej armii. Jestem bardzo\n wdzi\u0119czna dow\u00f3dcy, Panu Pu\u0142kownikowi Tomaszowi Bia\u0142asowi, za mo\u017cliwo\u015b\u0107 \nudzia\u0142u w przeszkoleniu. Dzi\u0119ki niemu wiem, jak wygl\u0105da takie \nprzygotowanie oraz jak wykonywa\u0107 komendy i postawy strzeleckie \u2013 \npowiedzia\u0142a Prezydent Miasta Piekary \u015al\u0105skie S\u0142awa Umi\u0144ska-Duraj.<\/p>\n\n\n\n<p>G\u0142\u00f3wnym zadaniem Wojsk Obrony  Terytorialnej, funkcjonuj\u0105cych od 2017 r. jako odr\u0119bny rodzaj si\u0142  zbrojnych, jest wspieranie lokalnych spo\u0142eczno\u015bci, zapobieganie skutkom  kl\u0119sk \u017cywio\u0142owych oraz wspieranie s\u0142u\u017cb ratowniczych. W czasie kryzysu i  wojny maj\u0105 wsp\u00f3\u0142dzia\u0142a\u0107 z wojskami operacyjnymi. WOT sk\u0142adaj\u0105 si\u0119  g\u0142\u00f3wnie z ochotnik\u00f3w i licz\u0105 obecnie ponad 20 tys. os\u00f3b, w tym ok. 3  tys. \u017co\u0142nierzy zawodowych. Docelowo formacja ma liczy\u0107 53 tys. os\u00f3b.<\/p>\n\n\n\n<p>\u0179r\u00f3d\u0142o: UM Piekary \u015al\u0105skie<\/p>\n<div class=\"post-author\" style=\"font-size:13px\">Witold Tr\u00f3lka<\/div><\/div>","protected":false},"excerpt":{"rendered":"<p>Wczoraj, 5 sierpnia, tereny pokopalniane w Piekarach \u015al\u0105skich sta\u0142y si\u0119 na jeden dzie\u0144 poligonem dla przysz\u0142ych \u017co\u0142nierzy 13. \u015al\u0105skiej Brygady Obrony Terytorialnej. W ramach 16-dniowego szkolenia podstawowego przyjechali tam, by \u0107wiczy\u0107 zielon\u0105 taktyk\u0119 i postawy strzeleckie. Operacje w terenie otwartym nazywane s\u0105 w\u0142a\u015bnie zielon\u0105 taktyka&#8230;.<\/p>","protected":false},"author":140,"featured_media":11115,"comment_status":"closed","ping_status":"closed","sticky":false,"template":"","format":"standard","meta":{"_acf_changed":false,"footnotes":""},"categories":[216],"tags":[],"class_list":["post-11112","post","type-post","status-publish","format-standard","has-post-thumbnail","hentry","category-piekary-slaskie"],"acf":[],"yoast_head":"<!-- This site is optimized with the Yoast SEO plugin v27.4 - https:\/\/yoast.com\/product\/yoast-seo-wordpress\/ -->\n<title>\u0106wiczenia wojskowe w naszym mie\u015bcie - Metropolia GZM<\/title>\n<meta name=\"description\" content=\"Oficjalny portal G\u00f3rno\u015bl\u0105sko-Zag\u0142\u0119biowskiej Metropolii\" \/>\n<meta name=\"robots\" content=\"index, follow, max-snippet:-1, max-image-preview:large, max-video-preview:-1\" \/>\n<link rel=\"canonical\" href=\"https:\/\/metropoliagzm.pl\/de\/2019\/08\/05\/cwiczenia-wojskowe-w-naszym-miescie\/\" \/>\n<meta name=\"twitter:card\" content=\"summary_large_image\" \/>\n<meta name=\"twitter:title\" content=\"\u0106wiczenia wojskowe w naszym mie\u015bcie - Metropolia GZM\" \/>\n<meta name=\"twitter:description\" content=\"Oficjalny portal G\u00f3rno\u015bl\u0105sko-Zag\u0142\u0119biowskiej Metropolii\" \/>\n<meta name=\"twitter:image\" content=\"https:\/\/metropoliagzm.pl\/wp-content\/uploads\/2019\/08\/ps_ok2.jpeg\" \/>\n<meta name=\"twitter:label1\" content=\"Geschrieben von\" \/>\n\t<meta name=\"twitter:data1\" content=\"Witold Tr\u00f3lka\" \/>\n\t<meta name=\"twitter:label2\" content=\"Gesch\u00e4tzte Lesezeit\" \/>\n\t<meta name=\"twitter:data2\" content=\"2\u00a0Minuten\" \/>\n<script type=\"application\/ld+json\" class=\"yoast-schema-graph\">{\"@context\":\"https:\\\/\\\/schema.org\",\"@graph\":[{\"@type\":\"Article\",\"@id\":\"https:\\\/\\\/metropoliagzm.pl\\\/2019\\\/08\\\/05\\\/cwiczenia-wojskowe-w-naszym-miescie\\\/#article\",\"isPartOf\":{\"@id\":\"https:\\\/\\\/metropoliagzm.pl\\\/2019\\\/08\\\/05\\\/cwiczenia-wojskowe-w-naszym-miescie\\\/\"},\"author\":{\"name\":\"Witold Tr\u00f3lka\",\"@id\":\"https:\\\/\\\/metropoliagzm.pl\\\/en\\\/#\\\/schema\\\/person\\\/96e19c492916cfe1ba595fd2f60d95b8\"},\"headline\":\"\u0106wiczenia wojskowe w naszym mie\u015bcie\",\"datePublished\":\"2019-08-05T11:13:30+00:00\",\"dateModified\":\"2019-08-12T11:17:14+00:00\",\"mainEntityOfPage\":{\"@id\":\"https:\\\/\\\/metropoliagzm.pl\\\/2019\\\/08\\\/05\\\/cwiczenia-wojskowe-w-naszym-miescie\\\/\"},\"wordCount\":346,\"publisher\":{\"@id\":\"https:\\\/\\\/metropoliagzm.pl\\\/en\\\/#organization\"},\"image\":{\"@id\":\"https:\\\/\\\/metropoliagzm.pl\\\/2019\\\/08\\\/05\\\/cwiczenia-wojskowe-w-naszym-miescie\\\/#primaryimage\"},\"thumbnailUrl\":\"https:\\\/\\\/metropoliagzm.pl\\\/wp-content\\\/uploads\\\/2019\\\/08\\\/ps_ok2.jpeg\",\"articleSection\":[\"Piekary \u015al\u0105skie\"],\"inLanguage\":\"de\"},{\"@type\":\"WebPage\",\"@id\":\"https:\\\/\\\/metropoliagzm.pl\\\/2019\\\/08\\\/05\\\/cwiczenia-wojskowe-w-naszym-miescie\\\/\",\"url\":\"https:\\\/\\\/metropoliagzm.pl\\\/2019\\\/08\\\/05\\\/cwiczenia-wojskowe-w-naszym-miescie\\\/\",\"name\":\"\u0106wiczenia wojskowe w naszym mie\u015bcie - Metropolia GZM\",\"isPartOf\":{\"@id\":\"https:\\\/\\\/metropoliagzm.pl\\\/en\\\/#website\"},\"primaryImageOfPage\":{\"@id\":\"https:\\\/\\\/metropoliagzm.pl\\\/2019\\\/08\\\/05\\\/cwiczenia-wojskowe-w-naszym-miescie\\\/#primaryimage\"},\"image\":{\"@id\":\"https:\\\/\\\/metropoliagzm.pl\\\/2019\\\/08\\\/05\\\/cwiczenia-wojskowe-w-naszym-miescie\\\/#primaryimage\"},\"thumbnailUrl\":\"https:\\\/\\\/metropoliagzm.pl\\\/wp-content\\\/uploads\\\/2019\\\/08\\\/ps_ok2.jpeg\",\"datePublished\":\"2019-08-05T11:13:30+00:00\",\"dateModified\":\"2019-08-12T11:17:14+00:00\",\"description\":\"Oficjalny portal G\u00f3rno\u015bl\u0105sko-Zag\u0142\u0119biowskiej Metropolii\",\"breadcrumb\":{\"@id\":\"https:\\\/\\\/metropoliagzm.pl\\\/2019\\\/08\\\/05\\\/cwiczenia-wojskowe-w-naszym-miescie\\\/#breadcrumb\"},\"inLanguage\":\"de\",\"potentialAction\":[{\"@type\":\"ReadAction\",\"target\":[\"https:\\\/\\\/metropoliagzm.pl\\\/2019\\\/08\\\/05\\\/cwiczenia-wojskowe-w-naszym-miescie\\\/\"]}]},{\"@type\":\"ImageObject\",\"inLanguage\":\"de\",\"@id\":\"https:\\\/\\\/metropoliagzm.pl\\\/2019\\\/08\\\/05\\\/cwiczenia-wojskowe-w-naszym-miescie\\\/#primaryimage\",\"url\":\"https:\\\/\\\/metropoliagzm.pl\\\/wp-content\\\/uploads\\\/2019\\\/08\\\/ps_ok2.jpeg\",\"contentUrl\":\"https:\\\/\\\/metropoliagzm.pl\\\/wp-content\\\/uploads\\\/2019\\\/08\\\/ps_ok2.jpeg\",\"width\":1024,\"height\":682,\"caption\":\"Terytorialsi podczas \u0107wicze\u0144\"},{\"@type\":\"BreadcrumbList\",\"@id\":\"https:\\\/\\\/metropoliagzm.pl\\\/2019\\\/08\\\/05\\\/cwiczenia-wojskowe-w-naszym-miescie\\\/#breadcrumb\",\"itemListElement\":[{\"@type\":\"ListItem\",\"position\":1,\"name\":\"Strona g\u0142\u00f3wna\",\"item\":\"https:\\\/\\\/metropoliagzm.pl\\\/\"},{\"@type\":\"ListItem\",\"position\":2,\"name\":\"\u0106wiczenia wojskowe w naszym mie\u015bcie\"}]},{\"@type\":\"WebSite\",\"@id\":\"https:\\\/\\\/metropoliagzm.pl\\\/en\\\/#website\",\"url\":\"https:\\\/\\\/metropoliagzm.pl\\\/en\\\/\",\"name\":\"Metropolia GZM\",\"description\":\"Oficjalny portal G\u00f3rno\u015bl\u0105sko-Zag\u0142\u0119biowskiej Metropolii\",\"publisher\":{\"@id\":\"https:\\\/\\\/metropoliagzm.pl\\\/en\\\/#organization\"},\"potentialAction\":[{\"@type\":\"SearchAction\",\"target\":{\"@type\":\"EntryPoint\",\"urlTemplate\":\"https:\\\/\\\/metropoliagzm.pl\\\/en\\\/?s={search_term_string}\"},\"query-input\":{\"@type\":\"PropertyValueSpecification\",\"valueRequired\":true,\"valueName\":\"search_term_string\"}}],\"inLanguage\":\"de\"},{\"@type\":\"Organization\",\"@id\":\"https:\\\/\\\/metropoliagzm.pl\\\/en\\\/#organization\",\"name\":\"Metropolia GZM\",\"url\":\"https:\\\/\\\/metropoliagzm.pl\\\/en\\\/\",\"logo\":{\"@type\":\"ImageObject\",\"inLanguage\":\"de\",\"@id\":\"https:\\\/\\\/metropoliagzm.pl\\\/en\\\/#\\\/schema\\\/logo\\\/image\\\/\",\"url\":\"https:\\\/\\\/metropoliagzm.pl\\\/wp-content\\\/uploads\\\/2019\\\/03\\\/Sygnet-strona-glowna.png\",\"contentUrl\":\"https:\\\/\\\/metropoliagzm.pl\\\/wp-content\\\/uploads\\\/2019\\\/03\\\/Sygnet-strona-glowna.png\",\"width\":36,\"height\":45,\"caption\":\"Metropolia GZM\"},\"image\":{\"@id\":\"https:\\\/\\\/metropoliagzm.pl\\\/en\\\/#\\\/schema\\\/logo\\\/image\\\/\"}},{\"@type\":\"Person\",\"@id\":\"https:\\\/\\\/metropoliagzm.pl\\\/en\\\/#\\\/schema\\\/person\\\/96e19c492916cfe1ba595fd2f60d95b8\",\"name\":\"Witold Tr\u00f3lka\",\"image\":{\"@type\":\"ImageObject\",\"inLanguage\":\"de\",\"@id\":\"https:\\\/\\\/secure.gravatar.com\\\/avatar\\\/71e0c635e405b4a3631033f0d6f49e682b54dcd226d647737e1040a5a480d177?s=96&d=mm&r=g\",\"url\":\"https:\\\/\\\/secure.gravatar.com\\\/avatar\\\/71e0c635e405b4a3631033f0d6f49e682b54dcd226d647737e1040a5a480d177?s=96&d=mm&r=g\",\"contentUrl\":\"https:\\\/\\\/secure.gravatar.com\\\/avatar\\\/71e0c635e405b4a3631033f0d6f49e682b54dcd226d647737e1040a5a480d177?s=96&d=mm&r=g\",\"caption\":\"Witold Tr\u00f3lka\"},\"url\":\"https:\\\/\\\/metropoliagzm.pl\\\/de\\\/author\\\/w-trolka\\\/\"}]}<\/script>\n<!-- \/ Yoast SEO plugin. -->","yoast_head_json":{"title":"\u0106wiczenia wojskowe w naszym mie\u015bcie - Metropolia GZM","description":"Oficjalny portal G\u00f3rno\u015bl\u0105sko-Zag\u0142\u0119biowskiej Metropolii","robots":{"index":"index","follow":"follow","max-snippet":"max-snippet:-1","max-image-preview":"max-image-preview:large","max-video-preview":"max-video-preview:-1"},"canonical":"https:\/\/metropoliagzm.pl\/de\/2019\/08\/05\/cwiczenia-wojskowe-w-naszym-miescie\/","twitter_card":"summary_large_image","twitter_title":"\u0106wiczenia wojskowe w naszym mie\u015bcie - Metropolia GZM","twitter_description":"Oficjalny portal G\u00f3rno\u015bl\u0105sko-Zag\u0142\u0119biowskiej Metropolii","twitter_image":"https:\/\/metropoliagzm.pl\/wp-content\/uploads\/2019\/08\/ps_ok2.jpeg","twitter_misc":{"Geschrieben von":"Witold Tr\u00f3lka","Gesch\u00e4tzte Lesezeit":"2\u00a0Minuten"},"schema":{"@context":"https:\/\/schema.org","@graph":[{"@type":"Article","@id":"https:\/\/metropoliagzm.pl\/2019\/08\/05\/cwiczenia-wojskowe-w-naszym-miescie\/#article","isPartOf":{"@id":"https:\/\/metropoliagzm.pl\/2019\/08\/05\/cwiczenia-wojskowe-w-naszym-miescie\/"},"author":{"name":"Witold Tr\u00f3lka","@id":"https:\/\/metropoliagzm.pl\/en\/#\/schema\/person\/96e19c492916cfe1ba595fd2f60d95b8"},"headline":"\u0106wiczenia wojskowe w naszym mie\u015bcie","datePublished":"2019-08-05T11:13:30+00:00","dateModified":"2019-08-12T11:17:14+00:00","mainEntityOfPage":{"@id":"https:\/\/metropoliagzm.pl\/2019\/08\/05\/cwiczenia-wojskowe-w-naszym-miescie\/"},"wordCount":346,"publisher":{"@id":"https:\/\/metropoliagzm.pl\/en\/#organization"},"image":{"@id":"https:\/\/metropoliagzm.pl\/2019\/08\/05\/cwiczenia-wojskowe-w-naszym-miescie\/#primaryimage"},"thumbnailUrl":"https:\/\/metropoliagzm.pl\/wp-content\/uploads\/2019\/08\/ps_ok2.jpeg","articleSection":["Piekary \u015al\u0105skie"],"inLanguage":"de"},{"@type":"WebPage","@id":"https:\/\/metropoliagzm.pl\/2019\/08\/05\/cwiczenia-wojskowe-w-naszym-miescie\/","url":"https:\/\/metropoliagzm.pl\/2019\/08\/05\/cwiczenia-wojskowe-w-naszym-miescie\/","name":"\u0106wiczenia wojskowe w naszym mie\u015bcie - Metropolia GZM","isPartOf":{"@id":"https:\/\/metropoliagzm.pl\/en\/#website"},"primaryImageOfPage":{"@id":"https:\/\/metropoliagzm.pl\/2019\/08\/05\/cwiczenia-wojskowe-w-naszym-miescie\/#primaryimage"},"image":{"@id":"https:\/\/metropoliagzm.pl\/2019\/08\/05\/cwiczenia-wojskowe-w-naszym-miescie\/#primaryimage"},"thumbnailUrl":"https:\/\/metropoliagzm.pl\/wp-content\/uploads\/2019\/08\/ps_ok2.jpeg","datePublished":"2019-08-05T11:13:30+00:00","dateModified":"2019-08-12T11:17:14+00:00","description":"Oficjalny portal G\u00f3rno\u015bl\u0105sko-Zag\u0142\u0119biowskiej Metropolii","breadcrumb":{"@id":"https:\/\/metropoliagzm.pl\/2019\/08\/05\/cwiczenia-wojskowe-w-naszym-miescie\/#breadcrumb"},"inLanguage":"de","potentialAction":[{"@type":"ReadAction","target":["https:\/\/metropoliagzm.pl\/2019\/08\/05\/cwiczenia-wojskowe-w-naszym-miescie\/"]}]},{"@type":"ImageObject","inLanguage":"de","@id":"https:\/\/metropoliagzm.pl\/2019\/08\/05\/cwiczenia-wojskowe-w-naszym-miescie\/#primaryimage","url":"https:\/\/metropoliagzm.pl\/wp-content\/uploads\/2019\/08\/ps_ok2.jpeg","contentUrl":"https:\/\/metropoliagzm.pl\/wp-content\/uploads\/2019\/08\/ps_ok2.jpeg","width":1024,"height":682,"caption":"Terytorialsi podczas \u0107wicze\u0144"},{"@type":"BreadcrumbList","@id":"https:\/\/metropoliagzm.pl\/2019\/08\/05\/cwiczenia-wojskowe-w-naszym-miescie\/#breadcrumb","itemListElement":[{"@type":"ListItem","position":1,"name":"Strona g\u0142\u00f3wna","item":"https:\/\/metropoliagzm.pl\/"},{"@type":"ListItem","position":2,"name":"\u0106wiczenia wojskowe w naszym mie\u015bcie"}]},{"@type":"WebSite","@id":"https:\/\/metropoliagzm.pl\/en\/#website","url":"https:\/\/metropoliagzm.pl\/en\/","name":"Metropolia GZM","description":"Oficjalny portal G\u00f3rno\u015bl\u0105sko-Zag\u0142\u0119biowskiej Metropolii","publisher":{"@id":"https:\/\/metropoliagzm.pl\/en\/#organization"},"potentialAction":[{"@type":"SearchAction","target":{"@type":"EntryPoint","urlTemplate":"https:\/\/metropoliagzm.pl\/en\/?s={search_term_string}"},"query-input":{"@type":"PropertyValueSpecification","valueRequired":true,"valueName":"search_term_string"}}],"inLanguage":"de"},{"@type":"Organization","@id":"https:\/\/metropoliagzm.pl\/en\/#organization","name":"Metropolia GZM","url":"https:\/\/metropoliagzm.pl\/en\/","logo":{"@type":"ImageObject","inLanguage":"de","@id":"https:\/\/metropoliagzm.pl\/en\/#\/schema\/logo\/image\/","url":"https:\/\/metropoliagzm.pl\/wp-content\/uploads\/2019\/03\/Sygnet-strona-glowna.png","contentUrl":"https:\/\/metropoliagzm.pl\/wp-content\/uploads\/2019\/03\/Sygnet-strona-glowna.png","width":36,"height":45,"caption":"Metropolia GZM"},"image":{"@id":"https:\/\/metropoliagzm.pl\/en\/#\/schema\/logo\/image\/"}},{"@type":"Person","@id":"https:\/\/metropoliagzm.pl\/en\/#\/schema\/person\/96e19c492916cfe1ba595fd2f60d95b8","name":"Witold Tr\u00f3lka","image":{"@type":"ImageObject","inLanguage":"de","@id":"https:\/\/secure.gravatar.com\/avatar\/71e0c635e405b4a3631033f0d6f49e682b54dcd226d647737e1040a5a480d177?s=96&d=mm&r=g","url":"https:\/\/secure.gravatar.com\/avatar\/71e0c635e405b4a3631033f0d6f49e682b54dcd226d647737e1040a5a480d177?s=96&d=mm&r=g","contentUrl":"https:\/\/secure.gravatar.com\/avatar\/71e0c635e405b4a3631033f0d6f49e682b54dcd226d647737e1040a5a480d177?s=96&d=mm&r=g","caption":"Witold Tr\u00f3lka"},"url":"https:\/\/metropoliagzm.pl\/de\/author\/w-trolka\/"}]}},"_links":{"self":[{"href":"https:\/\/metropoliagzm.pl\/de\/wp-json\/wp\/v2\/posts\/11112","targetHints":{"allow":["GET"]}}],"collection":[{"href":"https:\/\/metropoliagzm.pl\/de\/wp-json\/wp\/v2\/posts"}],"about":[{"href":"https:\/\/metropoliagzm.pl\/de\/wp-json\/wp\/v2\/types\/post"}],"author":[{"embeddable":true,"href":"https:\/\/metropoliagzm.pl\/de\/wp-json\/wp\/v2\/users\/140"}],"replies":[{"embeddable":true,"href":"https:\/\/metropoliagzm.pl\/de\/wp-json\/wp\/v2\/comments?post=11112"}],"version-history":[{"count":1,"href":"https:\/\/metropoliagzm.pl\/de\/wp-json\/wp\/v2\/posts\/11112\/revisions"}],"predecessor-version":[{"id":11113,"href":"https:\/\/metropoliagzm.pl\/de\/wp-json\/wp\/v2\/posts\/11112\/revisions\/11113"}],"wp:featuredmedia":[{"embeddable":true,"href":"https:\/\/metropoliagzm.pl\/de\/wp-json\/wp\/v2\/media\/11115"}],"wp:attachment":[{"href":"https:\/\/metropoliagzm.pl\/de\/wp-json\/wp\/v2\/media?parent=11112"}],"wp:term":[{"taxonomy":"category","embeddable":true,"href":"https:\/\/metropoliagzm.pl\/de\/wp-json\/wp\/v2\/categories?post=11112"},{"taxonomy":"post_tag","embeddable":true,"href":"https:\/\/metropoliagzm.pl\/de\/wp-json\/wp\/v2\/tags?post=11112"}],"curies":[{"name":"wp","href":"https:\/\/api.w.org\/{rel}","templated":true}]}}