{"id":11376,"date":"2019-08-13T13:30:46","date_gmt":"2019-08-13T11:30:46","guid":{"rendered":"https:\/\/wpgzm.dev.euvic.pl\/?p=11376"},"modified":"2019-09-09T13:26:31","modified_gmt":"2019-09-09T11:26:31","slug":"100-lecie-powstan-slaskich-w-myslowicach-zmiany-w-funkcjonowaniu-autobusow-i-tramwajow","status":"publish","type":"post","link":"https:\/\/metropoliagzm.pl\/de\/2019\/08\/13\/100-lecie-powstan-slaskich-w-myslowicach-zmiany-w-funkcjonowaniu-autobusow-i-tramwajow\/","title":{"rendered":"100-lecie powsta\u0144 \u015bl\u0105skich w Mys\u0142owicach. Zmiany w funkcjonowaniu autobus\u00f3w i tramwaj\u00f3w"},"content":{"rendered":"<div class=\"pdf-block\"><div class=\"pdfprnt-buttons  pdfprnt-new pdfprnt-buttons-post pdfprnt-top-right\"><div class=\"jssocials-share jssocials-share-twitter\"><a target=\"_blank\" href=\"https:\/\/twitter.com\/share?url=https:\/\/metropoliagzm.pl\/de\/wp-json\/wp\/v2\/posts\/11376;text=11376\" class=\"jssocials-share-link\"><i class=\"fa fa-twitter jssocials-share-logo\"><\/i><\/a><\/div><div class=\"jssocials-share jssocials-share-facebook\"><a target=\"_blank\" href=\"https:\/\/facebook.com\/sharer\/sharer.php?u=https:\/\/metropoliagzm.pl\/de\/wp-json\/wp\/v2\/posts\/11376\" class=\"jssocials-share-link\"><i class=\"fa fa-facebook jssocials-share-logo\"><\/i><\/a><\/div><div class=\"jssocials-share jssocials-share-pinterest\"><a target=\"_blank\" href=\"https:\/\/pinterest.com\/pin\/create\/bookmarklet\/?&amp;url=https:\/\/metropoliagzm.pl\/de\/wp-json\/wp\/v2\/posts\/11376;description=11376\" class=\"jssocials-share-link\"><i class=\"fa fa-pinterest jssocials-share-logo\"><\/i><\/a><\/div><a href=\"https:\/\/metropoliagzm.pl\/de\/wp-json\/wp\/v2\/posts\/11376?print=pdf\" class=\"pdfprnt-button pdfprnt-button-pdf\" target=\"_blank\"><img decoding=\"async\" src=\"https:\/\/metropoliagzm.pl\/wp-content\/plugins\/pdf-print\/images\/pdf.png\" alt=\"image_pdf\" title=\"View PDF\" \/><\/a><a href=\"https:\/\/metropoliagzm.pl\/de\/wp-json\/wp\/v2\/posts\/11376?print=print\" class=\"pdfprnt-button pdfprnt-button-print\" target=\"_blank\"><img decoding=\"async\" src=\"https:\/\/metropoliagzm.pl\/wp-content\/plugins\/pdf-print\/images\/print.png\" alt=\"image_print\" title=\"Print Content\" \/><\/a><\/div><\/div><div class=\"post-block-pdf\"><div class=\"pdfprnt-buttons pdfprnt-buttons-post pdfprnt-top-right\"><a href=\"https:\/\/metropoliagzm.pl\/de\/wp-json\/wp\/v2\/posts\/11376?print=pdf\" class=\"pdfprnt-button pdfprnt-button-pdf\" target=\"_blank\"><img decoding=\"async\" src=\"https:\/\/metropoliagzm.pl\/wp-content\/plugins\/pdf-print\/images\/pdf.png\" alt=\"image_pdf\" title=\"View PDF\" \/><\/a><a href=\"https:\/\/metropoliagzm.pl\/de\/wp-json\/wp\/v2\/posts\/11376?print=print\" class=\"pdfprnt-button pdfprnt-button-print\" target=\"_blank\"><img decoding=\"async\" src=\"https:\/\/metropoliagzm.pl\/wp-content\/plugins\/pdf-print\/images\/print.png\" alt=\"image_print\" title=\"Print Content\" \/><\/a><\/div><p>\n<\/p><p><!--StartFragment--><\/p>\n\n\n<p><strong>W \u015brod\u0119, 14 sierpnia w Mys\u0142owicach odb\u0119d\u0105 si\u0119 obchody\n100-lecia wybuchu I powstania \u015bl\u0105skiego. Wszystkie osoby, kt\u00f3re zechc\u0105 dojecha\u0107\nna to wydarzenie komunikacj\u0105 miejsk\u0105, powinny przy planowaniu podr\u00f3\u017cy wzi\u0105\u0107 pod\nuwag\u0119 utrudnienia w ruchu nie tylko w Mys\u0142owicach, ale r\u00f3wnie\u017c w centrum\nKatowic, gdzie rozpoczn\u0105 si\u0119 przygotowania do Defilady 15 sierpnia.<\/strong><\/p>\n\n\n\n<p>W Mys\u0142owicach w zwi\u0105zku z utrudnieniami zmienione zostan\u0105\ntrasy autobus\u00f3w <strong>26, 106, 150, 219, 292, 788 i 995<\/strong> oraz linii tramwajowej\nnr <strong>14.<\/strong><\/p>\n\n\n\n<p>Linie autobusowe nr <strong>26 i 150<\/strong> od przystanku Modrzej\u00f3w\nRynek pojad\u0105 ulicami: Powsta\u0144c\u00f3w, Miko\u0142ajczyka, 1-go Maja i Ostrog\u00f3rsk\u0105, do\nw\u0142\u0105czenia si\u0119 na swoje sta\u0142e trasy bez obs\u0142ugi przystank\u00f3w na terenie Mys\u0142owic.<\/p>\n\n\n\n<p>Linia autobusowa nr <strong>106 <\/strong>b\u0119dzie kursowa\u0107 na skr\u00f3conej\ntrasie: Sosnowiec Zag\u00f3rze Zajezdnia \u2013 Sosnowiec Radocha.<\/p>\n\n\n\n<p>Linia nr <strong>219<\/strong> b\u0119dzie kursowa\u0107 na skr\u00f3conej trasie:\nMys\u0142owice \u0141awki P\u0119tla \u2013 Mys\u0142owice Kopalnia, bez obs\u0142ugi przystank\u00f3w: Mys\u0142owice\nKomenda Policji i Mys\u0142owice Bytomska. Po obs\u0142udze przystanku Mys\u0142owice Cmentarz\nautobusy pojad\u0105 ulicami: O\u015bwi\u0119cimsk\u0105 i Katowick\u0105.<\/p>\n\n\n\n<p>Linia autobusowa nr <strong>788<\/strong> b\u0119dzie kursowa\u0107 na skr\u00f3conej\ntrasie do przystanku Mys\u0142owice Brz\u0119czkowice Osiedle Powsta\u0144c\u00f3w \u015al\u0105skich.<\/p>\n\n\n\n<p>Linia autobusowa nr <strong>995<\/strong> b\u0119dzie kursowa\u0107 na skr\u00f3conej\ntrasie do przystanku Mys\u0142owice \u0106mok P\u0119tla;<\/p>\n\n\n\n<p>Linia nr <strong>292<\/strong> w obu kierunkach pojedzie ulicami:\nChopina, Katowick\u0105 i O\u015bwi\u0119cimsk\u0105, bez obs\u0142ugi przystank\u00f3w zlokalizowanych w\nrejonie ulic: Staroko\u015bcielnej, Bytomskiej i Towarowej.<\/p>\n\n\n\n<p>Linia tramwajowa nr <strong>14 <\/strong>zostanie skr\u00f3cona do\nprzystanku Katowice Szopienice P\u0119tla.<\/p>\n\n\n\n<p>Osoby, kt\u00f3re do Mys\u0142owic b\u0119d\u0105 chcia\u0142y dojecha\u0107 z Katowic\nmusz\u0105 pami\u0119ta\u0107, \u017ce w \u015brod\u0119 od oko\u0142o godz. 19:00 rozpoczn\u0105 si\u0119 przygotowania do\nDefilady Wojska Polskiego. Cz\u0119\u015b\u0107 autobus\u00f3w pojedzie innymi trasami. Zmiany\ndotycz\u0105 m.in. linii <strong>18<\/strong>, <strong>66<\/strong>, <strong>76<\/strong>, <strong>77<\/strong>, <strong>149<\/strong>, <strong>931<\/strong>.<\/p>\n\n\n\n<p>Linie <strong>18, 66<\/strong> i<strong> 931 <\/strong>w kierunku Mys\u0142owic pojad\u0105\nprzez Szopienice ulicami: 1 Maja, Obro\u0144c\u00f3w Westerplatte, Bednorza, Lwowsk\u0105 i\ndalej wed\u0142ug rozk\u0142adu jazdy.<\/p>\n\n\n\n<p>Linie <strong>76, 77 <\/strong>i <strong>149 <\/strong>b\u0119d\u0105 rozpoczyna\u0107 i ko\u0144czy\u0107\nkursy na przystanku Katowice Mickiewicza. W kierunku Mys\u0142owic b\u0119d\u0105 obs\u0142ugiwa\u0107\nprzystanek Katowice Dworzec (stanowisko nr 4).<\/p>\n\n\n\n<p>Linie <strong>18<\/strong>, <strong>66<\/strong>, <strong>77<\/strong>, <strong>149<\/strong>, <strong>931<\/strong>\nb\u0119d\u0105 zatrzymywa\u0107 si\u0119 na przystanku Mys\u0142owice Kopalnia, kt\u00f3ry b\u0119dzie najlepszym\nmiejscem dojazdu i odjazdu dla uczestnik\u00f3w wydarzenia \u201eZacz\u0119\u0142o si\u0119 w\nMys\u0142owicach\u201d.<\/p>\n\n\n\n<p>Szczeg\u00f3\u0142owe zmiany w funkcjonowaniu komunikacji publicznej\n14 sierpnia w Katowicach i Mys\u0142owicach dost\u0119pne s\u0105 na stronie internetowej <a href=\"https:\/\/rj.metropoliaztm.pl\/news\/\">Zarz\u0105du Transportu Metropolitalnego<\/a>.<\/p>\n\n\n<p><!--EndFragment--><\/p>\n<p><\/p><div class=\"post-author\" style=\"font-size:13px\">Zbigniew Anio\u0142<\/div><\/div>","protected":false},"excerpt":{"rendered":"<p>W \u015brod\u0119, 14 sierpnia w Mys\u0142owicach odb\u0119d\u0105 si\u0119 obchody 100-lecia wybuchu I powstania \u015bl\u0105skiego. Wszystkie osoby, kt\u00f3re zechc\u0105 dojecha\u0107 na to wydarzenie komunikacj\u0105 miejsk\u0105, powinny przy planowaniu podr\u00f3\u017cy wzi\u0105\u0107 pod uwag\u0119 utrudnienia w ruchu nie tylko w Mys\u0142owicach, ale r\u00f3wnie\u017c w centrum Katowic, gdzie rozpoczn\u0105&#8230;<\/p>","protected":false},"author":137,"featured_media":11377,"comment_status":"closed","ping_status":"closed","sticky":false,"template":"","format":"standard","meta":{"_acf_changed":false,"footnotes":""},"categories":[236,214,237],"tags":[410,263,833,734],"class_list":["post-11376","post","type-post","status-publish","format-standard","has-post-thumbnail","hentry","category-gzm","category-myslowice","category-transport-publiczny","tag-100-lecie-i-powstania-slaskiego","tag-komunikacja-miejska","tag-powstania-slaskie","tag-zarzad-transportu-metropolitalnego"],"acf":[],"yoast_head":"<!-- This site is optimized with the Yoast SEO plugin v27.4 - https:\/\/yoast.com\/product\/yoast-seo-wordpress\/ -->\n<title>100-lecie powsta\u0144 \u015bl\u0105skich w Mys\u0142owicach. Zmiany w funkcjonowaniu autobus\u00f3w i tramwaj\u00f3w - Metropolia GZM<\/title>\n<meta name=\"description\" content=\"Oficjalny portal G\u00f3rno\u015bl\u0105sko-Zag\u0142\u0119biowskiej Metropolii\" \/>\n<meta name=\"robots\" content=\"index, follow, max-snippet:-1, max-image-preview:large, max-video-preview:-1\" \/>\n<link rel=\"canonical\" href=\"https:\/\/metropoliagzm.pl\/de\/2019\/08\/13\/100-lecie-powstan-slaskich-w-myslowicach-zmiany-w-funkcjonowaniu-autobusow-i-tramwajow\/\" \/>\n<meta name=\"twitter:card\" content=\"summary_large_image\" \/>\n<meta name=\"twitter:title\" content=\"100-lecie powsta\u0144 \u015bl\u0105skich w Mys\u0142owicach. Zmiany w funkcjonowaniu autobus\u00f3w i tramwaj\u00f3w - Metropolia GZM\" \/>\n<meta name=\"twitter:description\" content=\"Oficjalny portal G\u00f3rno\u015bl\u0105sko-Zag\u0142\u0119biowskiej Metropolii\" \/>\n<meta name=\"twitter:image\" content=\"https:\/\/metropoliagzm.pl\/wp-content\/uploads\/2019\/08\/tramwaj-nr-14.jpg\" \/>\n<meta name=\"twitter:label1\" content=\"Geschrieben von\" \/>\n\t<meta name=\"twitter:data1\" content=\"Zbigniew Anio\u0142\" \/>\n\t<meta name=\"twitter:label2\" content=\"Gesch\u00e4tzte Lesezeit\" \/>\n\t<meta name=\"twitter:data2\" content=\"2\u00a0Minuten\" \/>\n<script type=\"application\/ld+json\" class=\"yoast-schema-graph\">{\"@context\":\"https:\\\/\\\/schema.org\",\"@graph\":[{\"@type\":\"Article\",\"@id\":\"https:\\\/\\\/metropoliagzm.pl\\\/de\\\/2019\\\/08\\\/13\\\/100-lecie-powstan-slaskich-w-myslowicach-zmiany-w-funkcjonowaniu-autobusow-i-tramwajow\\\/#article\",\"isPartOf\":{\"@id\":\"https:\\\/\\\/metropoliagzm.pl\\\/de\\\/2019\\\/08\\\/13\\\/100-lecie-powstan-slaskich-w-myslowicach-zmiany-w-funkcjonowaniu-autobusow-i-tramwajow\\\/\"},\"author\":{\"name\":\"Zbigniew Anio\u0142\",\"@id\":\"https:\\\/\\\/metropoliagzm.pl\\\/en\\\/#\\\/schema\\\/person\\\/9989523a35d06ccd7af13d71b6d7eb68\"},\"headline\":\"100-lecie powsta\u0144 \u015bl\u0105skich w Mys\u0142owicach. Zmiany w funkcjonowaniu autobus\u00f3w i tramwaj\u00f3w\",\"datePublished\":\"2019-08-13T11:30:46+00:00\",\"dateModified\":\"2019-09-09T11:26:31+00:00\",\"mainEntityOfPage\":{\"@id\":\"https:\\\/\\\/metropoliagzm.pl\\\/de\\\/2019\\\/08\\\/13\\\/100-lecie-powstan-slaskich-w-myslowicach-zmiany-w-funkcjonowaniu-autobusow-i-tramwajow\\\/\"},\"wordCount\":410,\"publisher\":{\"@id\":\"https:\\\/\\\/metropoliagzm.pl\\\/en\\\/#organization\"},\"image\":{\"@id\":\"https:\\\/\\\/metropoliagzm.pl\\\/de\\\/2019\\\/08\\\/13\\\/100-lecie-powstan-slaskich-w-myslowicach-zmiany-w-funkcjonowaniu-autobusow-i-tramwajow\\\/#primaryimage\"},\"thumbnailUrl\":\"https:\\\/\\\/metropoliagzm.pl\\\/wp-content\\\/uploads\\\/2019\\\/08\\\/tramwaj-nr-14.jpg\",\"keywords\":[\"100 lecie I Powstania \u015al\u0105skiego\",\"komunikacja miejska\",\"Powstania \u015al\u0105skie\",\"Zarz\u0105d Transportu Metropolitalnego\"],\"articleSection\":[\"GZM\",\"Mys\u0142owice\",\"Transport publiczny\"],\"inLanguage\":\"de\"},{\"@type\":\"WebPage\",\"@id\":\"https:\\\/\\\/metropoliagzm.pl\\\/de\\\/2019\\\/08\\\/13\\\/100-lecie-powstan-slaskich-w-myslowicach-zmiany-w-funkcjonowaniu-autobusow-i-tramwajow\\\/\",\"url\":\"https:\\\/\\\/metropoliagzm.pl\\\/de\\\/2019\\\/08\\\/13\\\/100-lecie-powstan-slaskich-w-myslowicach-zmiany-w-funkcjonowaniu-autobusow-i-tramwajow\\\/\",\"name\":\"100-lecie powsta\u0144 \u015bl\u0105skich w Mys\u0142owicach. Zmiany w funkcjonowaniu autobus\u00f3w i tramwaj\u00f3w - Metropolia GZM\",\"isPartOf\":{\"@id\":\"https:\\\/\\\/metropoliagzm.pl\\\/en\\\/#website\"},\"primaryImageOfPage\":{\"@id\":\"https:\\\/\\\/metropoliagzm.pl\\\/de\\\/2019\\\/08\\\/13\\\/100-lecie-powstan-slaskich-w-myslowicach-zmiany-w-funkcjonowaniu-autobusow-i-tramwajow\\\/#primaryimage\"},\"image\":{\"@id\":\"https:\\\/\\\/metropoliagzm.pl\\\/de\\\/2019\\\/08\\\/13\\\/100-lecie-powstan-slaskich-w-myslowicach-zmiany-w-funkcjonowaniu-autobusow-i-tramwajow\\\/#primaryimage\"},\"thumbnailUrl\":\"https:\\\/\\\/metropoliagzm.pl\\\/wp-content\\\/uploads\\\/2019\\\/08\\\/tramwaj-nr-14.jpg\",\"datePublished\":\"2019-08-13T11:30:46+00:00\",\"dateModified\":\"2019-09-09T11:26:31+00:00\",\"description\":\"Oficjalny portal G\u00f3rno\u015bl\u0105sko-Zag\u0142\u0119biowskiej Metropolii\",\"breadcrumb\":{\"@id\":\"https:\\\/\\\/metropoliagzm.pl\\\/de\\\/2019\\\/08\\\/13\\\/100-lecie-powstan-slaskich-w-myslowicach-zmiany-w-funkcjonowaniu-autobusow-i-tramwajow\\\/#breadcrumb\"},\"inLanguage\":\"de\",\"potentialAction\":[{\"@type\":\"ReadAction\",\"target\":[\"https:\\\/\\\/metropoliagzm.pl\\\/de\\\/2019\\\/08\\\/13\\\/100-lecie-powstan-slaskich-w-myslowicach-zmiany-w-funkcjonowaniu-autobusow-i-tramwajow\\\/\"]}]},{\"@type\":\"ImageObject\",\"inLanguage\":\"de\",\"@id\":\"https:\\\/\\\/metropoliagzm.pl\\\/de\\\/2019\\\/08\\\/13\\\/100-lecie-powstan-slaskich-w-myslowicach-zmiany-w-funkcjonowaniu-autobusow-i-tramwajow\\\/#primaryimage\",\"url\":\"https:\\\/\\\/metropoliagzm.pl\\\/wp-content\\\/uploads\\\/2019\\\/08\\\/tramwaj-nr-14.jpg\",\"contentUrl\":\"https:\\\/\\\/metropoliagzm.pl\\\/wp-content\\\/uploads\\\/2019\\\/08\\\/tramwaj-nr-14.jpg\",\"width\":1200,\"height\":800,\"caption\":\"Linia tramwajowa nr 14 b\u0119dzie kursowa\u0107 na skr\u00f3conej trasie\"},{\"@type\":\"BreadcrumbList\",\"@id\":\"https:\\\/\\\/metropoliagzm.pl\\\/de\\\/2019\\\/08\\\/13\\\/100-lecie-powstan-slaskich-w-myslowicach-zmiany-w-funkcjonowaniu-autobusow-i-tramwajow\\\/#breadcrumb\",\"itemListElement\":[{\"@type\":\"ListItem\",\"position\":1,\"name\":\"Strona g\u0142\u00f3wna\",\"item\":\"https:\\\/\\\/metropoliagzm.pl\\\/\"},{\"@type\":\"ListItem\",\"position\":2,\"name\":\"100-lecie powsta\u0144 \u015bl\u0105skich w Mys\u0142owicach. Zmiany w funkcjonowaniu autobus\u00f3w i tramwaj\u00f3w\"}]},{\"@type\":\"WebSite\",\"@id\":\"https:\\\/\\\/metropoliagzm.pl\\\/en\\\/#website\",\"url\":\"https:\\\/\\\/metropoliagzm.pl\\\/en\\\/\",\"name\":\"Metropolia GZM\",\"description\":\"Oficjalny portal G\u00f3rno\u015bl\u0105sko-Zag\u0142\u0119biowskiej Metropolii\",\"publisher\":{\"@id\":\"https:\\\/\\\/metropoliagzm.pl\\\/en\\\/#organization\"},\"potentialAction\":[{\"@type\":\"SearchAction\",\"target\":{\"@type\":\"EntryPoint\",\"urlTemplate\":\"https:\\\/\\\/metropoliagzm.pl\\\/en\\\/?s={search_term_string}\"},\"query-input\":{\"@type\":\"PropertyValueSpecification\",\"valueRequired\":true,\"valueName\":\"search_term_string\"}}],\"inLanguage\":\"de\"},{\"@type\":\"Organization\",\"@id\":\"https:\\\/\\\/metropoliagzm.pl\\\/en\\\/#organization\",\"name\":\"Metropolia GZM\",\"url\":\"https:\\\/\\\/metropoliagzm.pl\\\/en\\\/\",\"logo\":{\"@type\":\"ImageObject\",\"inLanguage\":\"de\",\"@id\":\"https:\\\/\\\/metropoliagzm.pl\\\/en\\\/#\\\/schema\\\/logo\\\/image\\\/\",\"url\":\"https:\\\/\\\/metropoliagzm.pl\\\/wp-content\\\/uploads\\\/2019\\\/03\\\/Sygnet-strona-glowna.png\",\"contentUrl\":\"https:\\\/\\\/metropoliagzm.pl\\\/wp-content\\\/uploads\\\/2019\\\/03\\\/Sygnet-strona-glowna.png\",\"width\":36,\"height\":45,\"caption\":\"Metropolia GZM\"},\"image\":{\"@id\":\"https:\\\/\\\/metropoliagzm.pl\\\/en\\\/#\\\/schema\\\/logo\\\/image\\\/\"}},{\"@type\":\"Person\",\"@id\":\"https:\\\/\\\/metropoliagzm.pl\\\/en\\\/#\\\/schema\\\/person\\\/9989523a35d06ccd7af13d71b6d7eb68\",\"name\":\"Zbigniew Anio\u0142\",\"image\":{\"@type\":\"ImageObject\",\"inLanguage\":\"de\",\"@id\":\"https:\\\/\\\/secure.gravatar.com\\\/avatar\\\/fb8a2c90771d8638e142bf824df5d65b3177e66998d527b1cf5a955a29b8458f?s=96&d=mm&r=g\",\"url\":\"https:\\\/\\\/secure.gravatar.com\\\/avatar\\\/fb8a2c90771d8638e142bf824df5d65b3177e66998d527b1cf5a955a29b8458f?s=96&d=mm&r=g\",\"contentUrl\":\"https:\\\/\\\/secure.gravatar.com\\\/avatar\\\/fb8a2c90771d8638e142bf824df5d65b3177e66998d527b1cf5a955a29b8458f?s=96&d=mm&r=g\",\"caption\":\"Zbigniew Anio\u0142\"},\"url\":\"https:\\\/\\\/metropoliagzm.pl\\\/de\\\/author\\\/z-aniol\\\/\"}]}<\/script>\n<!-- \/ Yoast SEO plugin. -->","yoast_head_json":{"title":"100-lecie powsta\u0144 \u015bl\u0105skich w Mys\u0142owicach. Zmiany w funkcjonowaniu autobus\u00f3w i tramwaj\u00f3w - Metropolia GZM","description":"Oficjalny portal G\u00f3rno\u015bl\u0105sko-Zag\u0142\u0119biowskiej Metropolii","robots":{"index":"index","follow":"follow","max-snippet":"max-snippet:-1","max-image-preview":"max-image-preview:large","max-video-preview":"max-video-preview:-1"},"canonical":"https:\/\/metropoliagzm.pl\/de\/2019\/08\/13\/100-lecie-powstan-slaskich-w-myslowicach-zmiany-w-funkcjonowaniu-autobusow-i-tramwajow\/","twitter_card":"summary_large_image","twitter_title":"100-lecie powsta\u0144 \u015bl\u0105skich w Mys\u0142owicach. Zmiany w funkcjonowaniu autobus\u00f3w i tramwaj\u00f3w - Metropolia GZM","twitter_description":"Oficjalny portal G\u00f3rno\u015bl\u0105sko-Zag\u0142\u0119biowskiej Metropolii","twitter_image":"https:\/\/metropoliagzm.pl\/wp-content\/uploads\/2019\/08\/tramwaj-nr-14.jpg","twitter_misc":{"Geschrieben von":"Zbigniew Anio\u0142","Gesch\u00e4tzte Lesezeit":"2\u00a0Minuten"},"schema":{"@context":"https:\/\/schema.org","@graph":[{"@type":"Article","@id":"https:\/\/metropoliagzm.pl\/de\/2019\/08\/13\/100-lecie-powstan-slaskich-w-myslowicach-zmiany-w-funkcjonowaniu-autobusow-i-tramwajow\/#article","isPartOf":{"@id":"https:\/\/metropoliagzm.pl\/de\/2019\/08\/13\/100-lecie-powstan-slaskich-w-myslowicach-zmiany-w-funkcjonowaniu-autobusow-i-tramwajow\/"},"author":{"name":"Zbigniew Anio\u0142","@id":"https:\/\/metropoliagzm.pl\/en\/#\/schema\/person\/9989523a35d06ccd7af13d71b6d7eb68"},"headline":"100-lecie powsta\u0144 \u015bl\u0105skich w Mys\u0142owicach. Zmiany w funkcjonowaniu autobus\u00f3w i tramwaj\u00f3w","datePublished":"2019-08-13T11:30:46+00:00","dateModified":"2019-09-09T11:26:31+00:00","mainEntityOfPage":{"@id":"https:\/\/metropoliagzm.pl\/de\/2019\/08\/13\/100-lecie-powstan-slaskich-w-myslowicach-zmiany-w-funkcjonowaniu-autobusow-i-tramwajow\/"},"wordCount":410,"publisher":{"@id":"https:\/\/metropoliagzm.pl\/en\/#organization"},"image":{"@id":"https:\/\/metropoliagzm.pl\/de\/2019\/08\/13\/100-lecie-powstan-slaskich-w-myslowicach-zmiany-w-funkcjonowaniu-autobusow-i-tramwajow\/#primaryimage"},"thumbnailUrl":"https:\/\/metropoliagzm.pl\/wp-content\/uploads\/2019\/08\/tramwaj-nr-14.jpg","keywords":["100 lecie I Powstania \u015al\u0105skiego","komunikacja miejska","Powstania \u015al\u0105skie","Zarz\u0105d Transportu Metropolitalnego"],"articleSection":["GZM","Mys\u0142owice","Transport publiczny"],"inLanguage":"de"},{"@type":"WebPage","@id":"https:\/\/metropoliagzm.pl\/de\/2019\/08\/13\/100-lecie-powstan-slaskich-w-myslowicach-zmiany-w-funkcjonowaniu-autobusow-i-tramwajow\/","url":"https:\/\/metropoliagzm.pl\/de\/2019\/08\/13\/100-lecie-powstan-slaskich-w-myslowicach-zmiany-w-funkcjonowaniu-autobusow-i-tramwajow\/","name":"100-lecie powsta\u0144 \u015bl\u0105skich w Mys\u0142owicach. Zmiany w funkcjonowaniu autobus\u00f3w i tramwaj\u00f3w - Metropolia GZM","isPartOf":{"@id":"https:\/\/metropoliagzm.pl\/en\/#website"},"primaryImageOfPage":{"@id":"https:\/\/metropoliagzm.pl\/de\/2019\/08\/13\/100-lecie-powstan-slaskich-w-myslowicach-zmiany-w-funkcjonowaniu-autobusow-i-tramwajow\/#primaryimage"},"image":{"@id":"https:\/\/metropoliagzm.pl\/de\/2019\/08\/13\/100-lecie-powstan-slaskich-w-myslowicach-zmiany-w-funkcjonowaniu-autobusow-i-tramwajow\/#primaryimage"},"thumbnailUrl":"https:\/\/metropoliagzm.pl\/wp-content\/uploads\/2019\/08\/tramwaj-nr-14.jpg","datePublished":"2019-08-13T11:30:46+00:00","dateModified":"2019-09-09T11:26:31+00:00","description":"Oficjalny portal G\u00f3rno\u015bl\u0105sko-Zag\u0142\u0119biowskiej Metropolii","breadcrumb":{"@id":"https:\/\/metropoliagzm.pl\/de\/2019\/08\/13\/100-lecie-powstan-slaskich-w-myslowicach-zmiany-w-funkcjonowaniu-autobusow-i-tramwajow\/#breadcrumb"},"inLanguage":"de","potentialAction":[{"@type":"ReadAction","target":["https:\/\/metropoliagzm.pl\/de\/2019\/08\/13\/100-lecie-powstan-slaskich-w-myslowicach-zmiany-w-funkcjonowaniu-autobusow-i-tramwajow\/"]}]},{"@type":"ImageObject","inLanguage":"de","@id":"https:\/\/metropoliagzm.pl\/de\/2019\/08\/13\/100-lecie-powstan-slaskich-w-myslowicach-zmiany-w-funkcjonowaniu-autobusow-i-tramwajow\/#primaryimage","url":"https:\/\/metropoliagzm.pl\/wp-content\/uploads\/2019\/08\/tramwaj-nr-14.jpg","contentUrl":"https:\/\/metropoliagzm.pl\/wp-content\/uploads\/2019\/08\/tramwaj-nr-14.jpg","width":1200,"height":800,"caption":"Linia tramwajowa nr 14 b\u0119dzie kursowa\u0107 na skr\u00f3conej trasie"},{"@type":"BreadcrumbList","@id":"https:\/\/metropoliagzm.pl\/de\/2019\/08\/13\/100-lecie-powstan-slaskich-w-myslowicach-zmiany-w-funkcjonowaniu-autobusow-i-tramwajow\/#breadcrumb","itemListElement":[{"@type":"ListItem","position":1,"name":"Strona g\u0142\u00f3wna","item":"https:\/\/metropoliagzm.pl\/"},{"@type":"ListItem","position":2,"name":"100-lecie powsta\u0144 \u015bl\u0105skich w Mys\u0142owicach. Zmiany w funkcjonowaniu autobus\u00f3w i tramwaj\u00f3w"}]},{"@type":"WebSite","@id":"https:\/\/metropoliagzm.pl\/en\/#website","url":"https:\/\/metropoliagzm.pl\/en\/","name":"Metropolia GZM","description":"Oficjalny portal G\u00f3rno\u015bl\u0105sko-Zag\u0142\u0119biowskiej Metropolii","publisher":{"@id":"https:\/\/metropoliagzm.pl\/en\/#organization"},"potentialAction":[{"@type":"SearchAction","target":{"@type":"EntryPoint","urlTemplate":"https:\/\/metropoliagzm.pl\/en\/?s={search_term_string}"},"query-input":{"@type":"PropertyValueSpecification","valueRequired":true,"valueName":"search_term_string"}}],"inLanguage":"de"},{"@type":"Organization","@id":"https:\/\/metropoliagzm.pl\/en\/#organization","name":"Metropolia GZM","url":"https:\/\/metropoliagzm.pl\/en\/","logo":{"@type":"ImageObject","inLanguage":"de","@id":"https:\/\/metropoliagzm.pl\/en\/#\/schema\/logo\/image\/","url":"https:\/\/metropoliagzm.pl\/wp-content\/uploads\/2019\/03\/Sygnet-strona-glowna.png","contentUrl":"https:\/\/metropoliagzm.pl\/wp-content\/uploads\/2019\/03\/Sygnet-strona-glowna.png","width":36,"height":45,"caption":"Metropolia GZM"},"image":{"@id":"https:\/\/metropoliagzm.pl\/en\/#\/schema\/logo\/image\/"}},{"@type":"Person","@id":"https:\/\/metropoliagzm.pl\/en\/#\/schema\/person\/9989523a35d06ccd7af13d71b6d7eb68","name":"Zbigniew Anio\u0142","image":{"@type":"ImageObject","inLanguage":"de","@id":"https:\/\/secure.gravatar.com\/avatar\/fb8a2c90771d8638e142bf824df5d65b3177e66998d527b1cf5a955a29b8458f?s=96&d=mm&r=g","url":"https:\/\/secure.gravatar.com\/avatar\/fb8a2c90771d8638e142bf824df5d65b3177e66998d527b1cf5a955a29b8458f?s=96&d=mm&r=g","contentUrl":"https:\/\/secure.gravatar.com\/avatar\/fb8a2c90771d8638e142bf824df5d65b3177e66998d527b1cf5a955a29b8458f?s=96&d=mm&r=g","caption":"Zbigniew Anio\u0142"},"url":"https:\/\/metropoliagzm.pl\/de\/author\/z-aniol\/"}]}},"_links":{"self":[{"href":"https:\/\/metropoliagzm.pl\/de\/wp-json\/wp\/v2\/posts\/11376","targetHints":{"allow":["GET"]}}],"collection":[{"href":"https:\/\/metropoliagzm.pl\/de\/wp-json\/wp\/v2\/posts"}],"about":[{"href":"https:\/\/metropoliagzm.pl\/de\/wp-json\/wp\/v2\/types\/post"}],"author":[{"embeddable":true,"href":"https:\/\/metropoliagzm.pl\/de\/wp-json\/wp\/v2\/users\/137"}],"replies":[{"embeddable":true,"href":"https:\/\/metropoliagzm.pl\/de\/wp-json\/wp\/v2\/comments?post=11376"}],"version-history":[{"count":2,"href":"https:\/\/metropoliagzm.pl\/de\/wp-json\/wp\/v2\/posts\/11376\/revisions"}],"predecessor-version":[{"id":11415,"href":"https:\/\/metropoliagzm.pl\/de\/wp-json\/wp\/v2\/posts\/11376\/revisions\/11415"}],"wp:featuredmedia":[{"embeddable":true,"href":"https:\/\/metropoliagzm.pl\/de\/wp-json\/wp\/v2\/media\/11377"}],"wp:attachment":[{"href":"https:\/\/metropoliagzm.pl\/de\/wp-json\/wp\/v2\/media?parent=11376"}],"wp:term":[{"taxonomy":"category","embeddable":true,"href":"https:\/\/metropoliagzm.pl\/de\/wp-json\/wp\/v2\/categories?post=11376"},{"taxonomy":"post_tag","embeddable":true,"href":"https:\/\/metropoliagzm.pl\/de\/wp-json\/wp\/v2\/tags?post=11376"}],"curies":[{"name":"wp","href":"https:\/\/api.w.org\/{rel}","templated":true}]}}