{"id":15518,"date":"2019-10-22T14:30:14","date_gmt":"2019-10-22T12:30:14","guid":{"rendered":"https:\/\/metropoliagzm.pl\/?p=15518"},"modified":"2019-10-22T14:30:14","modified_gmt":"2019-10-22T12:30:14","slug":"mieszkancy-pytali-prezydent-odpowiadal","status":"publish","type":"post","link":"https:\/\/metropoliagzm.pl\/de\/2019\/10\/22\/mieszkancy-pytali-prezydent-odpowiadal\/","title":{"rendered":"Mieszka\u0144cy pytali, prezydent odpowiada\u0142"},"content":{"rendered":"<div class=\"pdf-block\"><div class=\"pdfprnt-buttons  pdfprnt-new pdfprnt-buttons-post pdfprnt-top-right\"><div class=\"jssocials-share jssocials-share-twitter\"><a target=\"_blank\" href=\"https:\/\/twitter.com\/share?url=https:\/\/metropoliagzm.pl\/de\/wp-json\/wp\/v2\/posts\/15518;text=15518\" class=\"jssocials-share-link\"><i class=\"fa fa-twitter jssocials-share-logo\"><\/i><\/a><\/div><div class=\"jssocials-share jssocials-share-facebook\"><a target=\"_blank\" href=\"https:\/\/facebook.com\/sharer\/sharer.php?u=https:\/\/metropoliagzm.pl\/de\/wp-json\/wp\/v2\/posts\/15518\" class=\"jssocials-share-link\"><i class=\"fa fa-facebook jssocials-share-logo\"><\/i><\/a><\/div><div class=\"jssocials-share jssocials-share-pinterest\"><a target=\"_blank\" href=\"https:\/\/pinterest.com\/pin\/create\/bookmarklet\/?&amp;url=https:\/\/metropoliagzm.pl\/de\/wp-json\/wp\/v2\/posts\/15518;description=15518\" class=\"jssocials-share-link\"><i class=\"fa fa-pinterest jssocials-share-logo\"><\/i><\/a><\/div><a href=\"https:\/\/metropoliagzm.pl\/de\/wp-json\/wp\/v2\/posts\/15518?print=pdf\" class=\"pdfprnt-button pdfprnt-button-pdf\" target=\"_blank\"><img decoding=\"async\" src=\"https:\/\/metropoliagzm.pl\/wp-content\/plugins\/pdf-print\/images\/pdf.png\" alt=\"image_pdf\" title=\"View PDF\" \/><\/a><a href=\"https:\/\/metropoliagzm.pl\/de\/wp-json\/wp\/v2\/posts\/15518?print=print\" class=\"pdfprnt-button pdfprnt-button-print\" target=\"_blank\"><img decoding=\"async\" src=\"https:\/\/metropoliagzm.pl\/wp-content\/plugins\/pdf-print\/images\/print.png\" alt=\"image_print\" title=\"Print Content\" \/><\/a><\/div><\/div><div class=\"post-block-pdf\"><div class=\"pdfprnt-buttons pdfprnt-buttons-post pdfprnt-top-right\"><a href=\"https:\/\/metropoliagzm.pl\/de\/wp-json\/wp\/v2\/posts\/15518?print=pdf\" class=\"pdfprnt-button pdfprnt-button-pdf\" target=\"_blank\"><img decoding=\"async\" src=\"https:\/\/metropoliagzm.pl\/wp-content\/plugins\/pdf-print\/images\/pdf.png\" alt=\"image_pdf\" title=\"View PDF\" \/><\/a><a href=\"https:\/\/metropoliagzm.pl\/de\/wp-json\/wp\/v2\/posts\/15518?print=print\" class=\"pdfprnt-button pdfprnt-button-print\" target=\"_blank\"><img decoding=\"async\" src=\"https:\/\/metropoliagzm.pl\/wp-content\/plugins\/pdf-print\/images\/print.png\" alt=\"image_print\" title=\"Print Content\" \/><\/a><\/div>\n<p><strong>Stan techniczny ulic i czysto\u015b\u0107 w mie\u015bcie &#8211; to  tylko niekt\u00f3re tematy poruszane podczas spotkania mieszka\u0144c\u00f3w Szombierek  z prezydentem Bytomia Mariuszem Wo\u0142oszem. Od tej dzielnicy prezydent  rozpocz\u0105\u0142 cykliczne rozmowy z bytomianami.<\/strong><\/p>\n\n\n\n<p>Szombierczanie zg\u0142aszali prezydentowi, \u017ce wiele \nulic jest w bardzo z\u0142ym stanie i zagra\u017caj\u0105 bezpiecze\u0144stwu. Warto \nprzypomnie\u0107, \u017ce ju\u017c rozpocz\u0119\u0142y si\u0119 prace na ul. Mochnackiego. \nRozstrzygni\u0119to przetargi na przebudow\u0119: Grota-Roweckiego od \nModrzewskiego do Godulskiej; Wyzwolenia od Zabrza\u0144skiej do Mochnackiego \noraz Ma\u0142achowskiego. Prace maj\u0105 zako\u0144czy\u0107 si\u0119 do ko\u0144ca roku. <\/p>\n\n\n\n<p>B\u0119dzie te\u017c przebudowa przej\u015bcia dla pieszych na ul.\n Modrzewskiego (przy szkole). Zostanie ono do\u015bwietlone (2 dodatkowe \ns\u0142upy o\u015bwietleniowe i kocie oczka w jezdni).<\/p>\n\n\n\n<p>Mieszka\u0144cy pytali r\u00f3wnie\u017c o remont ul. \nZabrza\u0144skiej. Musz\u0105 uzbroi\u0107 si\u0119 w jeszcze troch\u0119 cierpliwo\u015bci. Ulica \nb\u0119dzie odnowiona w ramach remontu torowiska prowadzonego przez Tramwaje \n\u015al\u0105skie. Narzekano tak\u017ce na brak chodnika na ul. Orzegowskiej na odcinku\n do parku Fazaniec. Projekt budowy tego chodnika mieszka\u0144cy Szombierek \nz\u0142o\u017cyli do Bud\u017cetu Obywatelskiego. Czy inwestycja zostanie dofinansowana\n w ramach BO, oka\u017ce si\u0119 po zako\u0144czeniu g\u0142osowania (po 28 pa\u017adziernika).<\/p>\n\n\n\n<p>Mariusz Wo\u0142osz zaprezentowa\u0142 mieszka\u0144com m.in. \ndzia\u0142ania, jakie podj\u0119to walcz\u0105c z nielegalnymi odpadami &#8211; wygaszono, \ncofni\u0119to, uchylono 28 decyzji na zbieranie i sk\u0142adowanie uci\u0105\u017cliwych \nodpad\u00f3w m.in. w Bobrku na granicy z Szombierkami, Stroszku i \n\u0141agiewnikach. Decyzje na sk\u0142adowanie odpad\u00f3w wydawane s\u0105 na nowych \nzasadach &#8211; na ograniczony czas i po gruntownym sprawdzeniu dzia\u0142alno\u015bci \nfirmy.<\/p>\n\n\n\n<p>Kolejne spotkanie z prezydentem, tym razem \nmieszka\u0144c\u00f3w \u0141agiewnik, odb\u0119dzie si\u0119 28 pa\u017adziernika o 16.00 w Szkole \nPodstawowej nr 28 (ul. Armii Krajowej 40). Nast\u0119pne b\u0119d\u0105: 4 listopada w \nZespole Szk\u00f3\u0142 Og\u00f3lnokszta\u0142c\u0105cych nr 5 i 12 listopada w Szkole \nPodstawowej nr 32.<\/p>\n<div class=\"post-author\" style=\"font-size:13px\">bytom<\/div><\/div>","protected":false},"excerpt":{"rendered":"<p>Stan techniczny ulic i czysto\u015b\u0107 w mie\u015bcie &#8211; to tylko niekt\u00f3re tematy poruszane podczas spotkania mieszka\u0144c\u00f3w Szombierek z prezydentem Bytomia Mariuszem Wo\u0142oszem. Od tej dzielnicy prezydent rozpocz\u0105\u0142 cykliczne rozmowy z bytomianami. Szombierczanie zg\u0142aszali prezydentowi, \u017ce wiele ulic jest w bardzo z\u0142ym stanie i zagra\u017caj\u0105 bezpiecze\u0144stwu&#8230;.<\/p>","protected":false},"author":93,"featured_media":15519,"comment_status":"closed","ping_status":"closed","sticky":false,"template":"","format":"standard","meta":{"_acf_changed":false,"footnotes":""},"categories":[199,242],"tags":[452,453],"class_list":["post-15518","post","type-post","status-publish","format-standard","has-post-thumbnail","hentry","category-bytom","category-mieszkancy","tag-bytom","tag-mariusz-wolosz"],"acf":[],"yoast_head":"<!-- This site is optimized with the Yoast SEO plugin v27.4 - https:\/\/yoast.com\/product\/yoast-seo-wordpress\/ -->\n<title>Mieszka\u0144cy pytali, prezydent odpowiada\u0142 - Metropolia GZM<\/title>\n<meta name=\"description\" content=\"Oficjalny portal G\u00f3rno\u015bl\u0105sko-Zag\u0142\u0119biowskiej Metropolii\" \/>\n<meta name=\"robots\" content=\"index, follow, max-snippet:-1, max-image-preview:large, max-video-preview:-1\" \/>\n<link rel=\"canonical\" href=\"https:\/\/metropoliagzm.pl\/de\/2019\/10\/22\/mieszkancy-pytali-prezydent-odpowiadal\/\" \/>\n<meta name=\"twitter:card\" content=\"summary_large_image\" \/>\n<meta name=\"twitter:title\" content=\"Mieszka\u0144cy pytali, prezydent odpowiada\u0142 - Metropolia GZM\" \/>\n<meta name=\"twitter:description\" content=\"Oficjalny portal G\u00f3rno\u015bl\u0105sko-Zag\u0142\u0119biowskiej Metropolii\" \/>\n<meta name=\"twitter:image\" content=\"https:\/\/metropoliagzm.pl\/wp-content\/uploads\/2019\/10\/spotkanie-szombierki.jpg\" \/>\n<meta name=\"twitter:label1\" content=\"Geschrieben von\" \/>\n\t<meta name=\"twitter:data1\" content=\"bytom\" \/>\n\t<meta name=\"twitter:label2\" content=\"Gesch\u00e4tzte Lesezeit\" \/>\n\t<meta name=\"twitter:data2\" content=\"2\u00a0Minuten\" \/>\n<script type=\"application\/ld+json\" class=\"yoast-schema-graph\">{\"@context\":\"https:\\\/\\\/schema.org\",\"@graph\":[{\"@type\":\"Article\",\"@id\":\"https:\\\/\\\/metropoliagzm.pl\\\/2019\\\/10\\\/22\\\/mieszkancy-pytali-prezydent-odpowiadal\\\/#article\",\"isPartOf\":{\"@id\":\"https:\\\/\\\/metropoliagzm.pl\\\/2019\\\/10\\\/22\\\/mieszkancy-pytali-prezydent-odpowiadal\\\/\"},\"author\":{\"name\":\"bytom\",\"@id\":\"https:\\\/\\\/metropoliagzm.pl\\\/en\\\/#\\\/schema\\\/person\\\/c9fceb6849d7a26f4ec678e1590cc9f4\"},\"headline\":\"Mieszka\u0144cy pytali, prezydent odpowiada\u0142\",\"datePublished\":\"2019-10-22T12:30:14+00:00\",\"mainEntityOfPage\":{\"@id\":\"https:\\\/\\\/metropoliagzm.pl\\\/2019\\\/10\\\/22\\\/mieszkancy-pytali-prezydent-odpowiadal\\\/\"},\"wordCount\":311,\"publisher\":{\"@id\":\"https:\\\/\\\/metropoliagzm.pl\\\/en\\\/#organization\"},\"image\":{\"@id\":\"https:\\\/\\\/metropoliagzm.pl\\\/2019\\\/10\\\/22\\\/mieszkancy-pytali-prezydent-odpowiadal\\\/#primaryimage\"},\"thumbnailUrl\":\"https:\\\/\\\/metropoliagzm.pl\\\/wp-content\\\/uploads\\\/2019\\\/10\\\/spotkanie-szombierki.jpg\",\"keywords\":[\"bytom\",\"Mariusz Wo\u0142osz\"],\"articleSection\":[\"Bytom\",\"Mieszka\u0144cy\"],\"inLanguage\":\"de\"},{\"@type\":\"WebPage\",\"@id\":\"https:\\\/\\\/metropoliagzm.pl\\\/2019\\\/10\\\/22\\\/mieszkancy-pytali-prezydent-odpowiadal\\\/\",\"url\":\"https:\\\/\\\/metropoliagzm.pl\\\/2019\\\/10\\\/22\\\/mieszkancy-pytali-prezydent-odpowiadal\\\/\",\"name\":\"Mieszka\u0144cy pytali, prezydent odpowiada\u0142 - Metropolia GZM\",\"isPartOf\":{\"@id\":\"https:\\\/\\\/metropoliagzm.pl\\\/en\\\/#website\"},\"primaryImageOfPage\":{\"@id\":\"https:\\\/\\\/metropoliagzm.pl\\\/2019\\\/10\\\/22\\\/mieszkancy-pytali-prezydent-odpowiadal\\\/#primaryimage\"},\"image\":{\"@id\":\"https:\\\/\\\/metropoliagzm.pl\\\/2019\\\/10\\\/22\\\/mieszkancy-pytali-prezydent-odpowiadal\\\/#primaryimage\"},\"thumbnailUrl\":\"https:\\\/\\\/metropoliagzm.pl\\\/wp-content\\\/uploads\\\/2019\\\/10\\\/spotkanie-szombierki.jpg\",\"datePublished\":\"2019-10-22T12:30:14+00:00\",\"description\":\"Oficjalny portal G\u00f3rno\u015bl\u0105sko-Zag\u0142\u0119biowskiej Metropolii\",\"breadcrumb\":{\"@id\":\"https:\\\/\\\/metropoliagzm.pl\\\/2019\\\/10\\\/22\\\/mieszkancy-pytali-prezydent-odpowiadal\\\/#breadcrumb\"},\"inLanguage\":\"de\",\"potentialAction\":[{\"@type\":\"ReadAction\",\"target\":[\"https:\\\/\\\/metropoliagzm.pl\\\/2019\\\/10\\\/22\\\/mieszkancy-pytali-prezydent-odpowiadal\\\/\"]}]},{\"@type\":\"ImageObject\",\"inLanguage\":\"de\",\"@id\":\"https:\\\/\\\/metropoliagzm.pl\\\/2019\\\/10\\\/22\\\/mieszkancy-pytali-prezydent-odpowiadal\\\/#primaryimage\",\"url\":\"https:\\\/\\\/metropoliagzm.pl\\\/wp-content\\\/uploads\\\/2019\\\/10\\\/spotkanie-szombierki.jpg\",\"contentUrl\":\"https:\\\/\\\/metropoliagzm.pl\\\/wp-content\\\/uploads\\\/2019\\\/10\\\/spotkanie-szombierki.jpg\",\"width\":1000,\"height\":664},{\"@type\":\"BreadcrumbList\",\"@id\":\"https:\\\/\\\/metropoliagzm.pl\\\/2019\\\/10\\\/22\\\/mieszkancy-pytali-prezydent-odpowiadal\\\/#breadcrumb\",\"itemListElement\":[{\"@type\":\"ListItem\",\"position\":1,\"name\":\"Strona g\u0142\u00f3wna\",\"item\":\"https:\\\/\\\/metropoliagzm.pl\\\/\"},{\"@type\":\"ListItem\",\"position\":2,\"name\":\"Mieszka\u0144cy pytali, prezydent odpowiada\u0142\"}]},{\"@type\":\"WebSite\",\"@id\":\"https:\\\/\\\/metropoliagzm.pl\\\/en\\\/#website\",\"url\":\"https:\\\/\\\/metropoliagzm.pl\\\/en\\\/\",\"name\":\"Metropolia GZM\",\"description\":\"Oficjalny portal G\u00f3rno\u015bl\u0105sko-Zag\u0142\u0119biowskiej Metropolii\",\"publisher\":{\"@id\":\"https:\\\/\\\/metropoliagzm.pl\\\/en\\\/#organization\"},\"potentialAction\":[{\"@type\":\"SearchAction\",\"target\":{\"@type\":\"EntryPoint\",\"urlTemplate\":\"https:\\\/\\\/metropoliagzm.pl\\\/en\\\/?s={search_term_string}\"},\"query-input\":{\"@type\":\"PropertyValueSpecification\",\"valueRequired\":true,\"valueName\":\"search_term_string\"}}],\"inLanguage\":\"de\"},{\"@type\":\"Organization\",\"@id\":\"https:\\\/\\\/metropoliagzm.pl\\\/en\\\/#organization\",\"name\":\"Metropolia GZM\",\"url\":\"https:\\\/\\\/metropoliagzm.pl\\\/en\\\/\",\"logo\":{\"@type\":\"ImageObject\",\"inLanguage\":\"de\",\"@id\":\"https:\\\/\\\/metropoliagzm.pl\\\/en\\\/#\\\/schema\\\/logo\\\/image\\\/\",\"url\":\"https:\\\/\\\/metropoliagzm.pl\\\/wp-content\\\/uploads\\\/2019\\\/03\\\/Sygnet-strona-glowna.png\",\"contentUrl\":\"https:\\\/\\\/metropoliagzm.pl\\\/wp-content\\\/uploads\\\/2019\\\/03\\\/Sygnet-strona-glowna.png\",\"width\":36,\"height\":45,\"caption\":\"Metropolia GZM\"},\"image\":{\"@id\":\"https:\\\/\\\/metropoliagzm.pl\\\/en\\\/#\\\/schema\\\/logo\\\/image\\\/\"}},{\"@type\":\"Person\",\"@id\":\"https:\\\/\\\/metropoliagzm.pl\\\/en\\\/#\\\/schema\\\/person\\\/c9fceb6849d7a26f4ec678e1590cc9f4\",\"name\":\"bytom\",\"image\":{\"@type\":\"ImageObject\",\"inLanguage\":\"de\",\"@id\":\"https:\\\/\\\/secure.gravatar.com\\\/avatar\\\/92ed18b52d4dcdb074e77cc049a0ab0f6740c086f465fee21a0615bf41b9be66?s=96&d=mm&r=g\",\"url\":\"https:\\\/\\\/secure.gravatar.com\\\/avatar\\\/92ed18b52d4dcdb074e77cc049a0ab0f6740c086f465fee21a0615bf41b9be66?s=96&d=mm&r=g\",\"contentUrl\":\"https:\\\/\\\/secure.gravatar.com\\\/avatar\\\/92ed18b52d4dcdb074e77cc049a0ab0f6740c086f465fee21a0615bf41b9be66?s=96&d=mm&r=g\",\"caption\":\"bytom\"},\"description\":\"Iwona Wronka, Biuro Prasowe UM w Bytomiu\",\"url\":\"https:\\\/\\\/metropoliagzm.pl\\\/de\\\/author\\\/bytom\\\/\"}]}<\/script>\n<!-- \/ Yoast SEO plugin. -->","yoast_head_json":{"title":"Mieszka\u0144cy pytali, prezydent odpowiada\u0142 - Metropolia GZM","description":"Oficjalny portal G\u00f3rno\u015bl\u0105sko-Zag\u0142\u0119biowskiej Metropolii","robots":{"index":"index","follow":"follow","max-snippet":"max-snippet:-1","max-image-preview":"max-image-preview:large","max-video-preview":"max-video-preview:-1"},"canonical":"https:\/\/metropoliagzm.pl\/de\/2019\/10\/22\/mieszkancy-pytali-prezydent-odpowiadal\/","twitter_card":"summary_large_image","twitter_title":"Mieszka\u0144cy pytali, prezydent odpowiada\u0142 - Metropolia GZM","twitter_description":"Oficjalny portal G\u00f3rno\u015bl\u0105sko-Zag\u0142\u0119biowskiej Metropolii","twitter_image":"https:\/\/metropoliagzm.pl\/wp-content\/uploads\/2019\/10\/spotkanie-szombierki.jpg","twitter_misc":{"Geschrieben von":"bytom","Gesch\u00e4tzte Lesezeit":"2\u00a0Minuten"},"schema":{"@context":"https:\/\/schema.org","@graph":[{"@type":"Article","@id":"https:\/\/metropoliagzm.pl\/2019\/10\/22\/mieszkancy-pytali-prezydent-odpowiadal\/#article","isPartOf":{"@id":"https:\/\/metropoliagzm.pl\/2019\/10\/22\/mieszkancy-pytali-prezydent-odpowiadal\/"},"author":{"name":"bytom","@id":"https:\/\/metropoliagzm.pl\/en\/#\/schema\/person\/c9fceb6849d7a26f4ec678e1590cc9f4"},"headline":"Mieszka\u0144cy pytali, prezydent odpowiada\u0142","datePublished":"2019-10-22T12:30:14+00:00","mainEntityOfPage":{"@id":"https:\/\/metropoliagzm.pl\/2019\/10\/22\/mieszkancy-pytali-prezydent-odpowiadal\/"},"wordCount":311,"publisher":{"@id":"https:\/\/metropoliagzm.pl\/en\/#organization"},"image":{"@id":"https:\/\/metropoliagzm.pl\/2019\/10\/22\/mieszkancy-pytali-prezydent-odpowiadal\/#primaryimage"},"thumbnailUrl":"https:\/\/metropoliagzm.pl\/wp-content\/uploads\/2019\/10\/spotkanie-szombierki.jpg","keywords":["bytom","Mariusz Wo\u0142osz"],"articleSection":["Bytom","Mieszka\u0144cy"],"inLanguage":"de"},{"@type":"WebPage","@id":"https:\/\/metropoliagzm.pl\/2019\/10\/22\/mieszkancy-pytali-prezydent-odpowiadal\/","url":"https:\/\/metropoliagzm.pl\/2019\/10\/22\/mieszkancy-pytali-prezydent-odpowiadal\/","name":"Mieszka\u0144cy pytali, prezydent odpowiada\u0142 - Metropolia GZM","isPartOf":{"@id":"https:\/\/metropoliagzm.pl\/en\/#website"},"primaryImageOfPage":{"@id":"https:\/\/metropoliagzm.pl\/2019\/10\/22\/mieszkancy-pytali-prezydent-odpowiadal\/#primaryimage"},"image":{"@id":"https:\/\/metropoliagzm.pl\/2019\/10\/22\/mieszkancy-pytali-prezydent-odpowiadal\/#primaryimage"},"thumbnailUrl":"https:\/\/metropoliagzm.pl\/wp-content\/uploads\/2019\/10\/spotkanie-szombierki.jpg","datePublished":"2019-10-22T12:30:14+00:00","description":"Oficjalny portal G\u00f3rno\u015bl\u0105sko-Zag\u0142\u0119biowskiej Metropolii","breadcrumb":{"@id":"https:\/\/metropoliagzm.pl\/2019\/10\/22\/mieszkancy-pytali-prezydent-odpowiadal\/#breadcrumb"},"inLanguage":"de","potentialAction":[{"@type":"ReadAction","target":["https:\/\/metropoliagzm.pl\/2019\/10\/22\/mieszkancy-pytali-prezydent-odpowiadal\/"]}]},{"@type":"ImageObject","inLanguage":"de","@id":"https:\/\/metropoliagzm.pl\/2019\/10\/22\/mieszkancy-pytali-prezydent-odpowiadal\/#primaryimage","url":"https:\/\/metropoliagzm.pl\/wp-content\/uploads\/2019\/10\/spotkanie-szombierki.jpg","contentUrl":"https:\/\/metropoliagzm.pl\/wp-content\/uploads\/2019\/10\/spotkanie-szombierki.jpg","width":1000,"height":664},{"@type":"BreadcrumbList","@id":"https:\/\/metropoliagzm.pl\/2019\/10\/22\/mieszkancy-pytali-prezydent-odpowiadal\/#breadcrumb","itemListElement":[{"@type":"ListItem","position":1,"name":"Strona g\u0142\u00f3wna","item":"https:\/\/metropoliagzm.pl\/"},{"@type":"ListItem","position":2,"name":"Mieszka\u0144cy pytali, prezydent odpowiada\u0142"}]},{"@type":"WebSite","@id":"https:\/\/metropoliagzm.pl\/en\/#website","url":"https:\/\/metropoliagzm.pl\/en\/","name":"Metropolia GZM","description":"Oficjalny portal G\u00f3rno\u015bl\u0105sko-Zag\u0142\u0119biowskiej Metropolii","publisher":{"@id":"https:\/\/metropoliagzm.pl\/en\/#organization"},"potentialAction":[{"@type":"SearchAction","target":{"@type":"EntryPoint","urlTemplate":"https:\/\/metropoliagzm.pl\/en\/?s={search_term_string}"},"query-input":{"@type":"PropertyValueSpecification","valueRequired":true,"valueName":"search_term_string"}}],"inLanguage":"de"},{"@type":"Organization","@id":"https:\/\/metropoliagzm.pl\/en\/#organization","name":"Metropolia GZM","url":"https:\/\/metropoliagzm.pl\/en\/","logo":{"@type":"ImageObject","inLanguage":"de","@id":"https:\/\/metropoliagzm.pl\/en\/#\/schema\/logo\/image\/","url":"https:\/\/metropoliagzm.pl\/wp-content\/uploads\/2019\/03\/Sygnet-strona-glowna.png","contentUrl":"https:\/\/metropoliagzm.pl\/wp-content\/uploads\/2019\/03\/Sygnet-strona-glowna.png","width":36,"height":45,"caption":"Metropolia GZM"},"image":{"@id":"https:\/\/metropoliagzm.pl\/en\/#\/schema\/logo\/image\/"}},{"@type":"Person","@id":"https:\/\/metropoliagzm.pl\/en\/#\/schema\/person\/c9fceb6849d7a26f4ec678e1590cc9f4","name":"bytom","image":{"@type":"ImageObject","inLanguage":"de","@id":"https:\/\/secure.gravatar.com\/avatar\/92ed18b52d4dcdb074e77cc049a0ab0f6740c086f465fee21a0615bf41b9be66?s=96&d=mm&r=g","url":"https:\/\/secure.gravatar.com\/avatar\/92ed18b52d4dcdb074e77cc049a0ab0f6740c086f465fee21a0615bf41b9be66?s=96&d=mm&r=g","contentUrl":"https:\/\/secure.gravatar.com\/avatar\/92ed18b52d4dcdb074e77cc049a0ab0f6740c086f465fee21a0615bf41b9be66?s=96&d=mm&r=g","caption":"bytom"},"description":"Iwona Wronka, Biuro Prasowe UM w Bytomiu","url":"https:\/\/metropoliagzm.pl\/de\/author\/bytom\/"}]}},"_links":{"self":[{"href":"https:\/\/metropoliagzm.pl\/de\/wp-json\/wp\/v2\/posts\/15518","targetHints":{"allow":["GET"]}}],"collection":[{"href":"https:\/\/metropoliagzm.pl\/de\/wp-json\/wp\/v2\/posts"}],"about":[{"href":"https:\/\/metropoliagzm.pl\/de\/wp-json\/wp\/v2\/types\/post"}],"author":[{"embeddable":true,"href":"https:\/\/metropoliagzm.pl\/de\/wp-json\/wp\/v2\/users\/93"}],"replies":[{"embeddable":true,"href":"https:\/\/metropoliagzm.pl\/de\/wp-json\/wp\/v2\/comments?post=15518"}],"version-history":[{"count":2,"href":"https:\/\/metropoliagzm.pl\/de\/wp-json\/wp\/v2\/posts\/15518\/revisions"}],"predecessor-version":[{"id":15528,"href":"https:\/\/metropoliagzm.pl\/de\/wp-json\/wp\/v2\/posts\/15518\/revisions\/15528"}],"wp:featuredmedia":[{"embeddable":true,"href":"https:\/\/metropoliagzm.pl\/de\/wp-json\/wp\/v2\/media\/15519"}],"wp:attachment":[{"href":"https:\/\/metropoliagzm.pl\/de\/wp-json\/wp\/v2\/media?parent=15518"}],"wp:term":[{"taxonomy":"category","embeddable":true,"href":"https:\/\/metropoliagzm.pl\/de\/wp-json\/wp\/v2\/categories?post=15518"},{"taxonomy":"post_tag","embeddable":true,"href":"https:\/\/metropoliagzm.pl\/de\/wp-json\/wp\/v2\/tags?post=15518"}],"curies":[{"name":"wp","href":"https:\/\/api.w.org\/{rel}","templated":true}]}}