{"id":19142,"date":"2020-02-18T09:03:09","date_gmt":"2020-02-18T08:03:09","guid":{"rendered":"https:\/\/metropoliagzm.pl\/?p=19142"},"modified":"2020-02-18T09:03:10","modified_gmt":"2020-02-18T08:03:10","slug":"fabryka-ze-strefa-smaku","status":"publish","type":"post","link":"https:\/\/metropoliagzm.pl\/de\/2020\/02\/18\/fabryka-ze-strefa-smaku\/","title":{"rendered":"Fabryka ze Stref\u0105 Smaku"},"content":{"rendered":"<div class=\"pdf-block\"><div class=\"pdfprnt-buttons  pdfprnt-new pdfprnt-buttons-post pdfprnt-top-right\"><div class=\"jssocials-share jssocials-share-twitter\"><a target=\"_blank\" href=\"https:\/\/twitter.com\/share?url=https:\/\/metropoliagzm.pl\/de\/wp-json\/wp\/v2\/posts\/19142;text=19142\" class=\"jssocials-share-link\"><i class=\"fa fa-twitter jssocials-share-logo\"><\/i><\/a><\/div><div class=\"jssocials-share jssocials-share-facebook\"><a target=\"_blank\" href=\"https:\/\/facebook.com\/sharer\/sharer.php?u=https:\/\/metropoliagzm.pl\/de\/wp-json\/wp\/v2\/posts\/19142\" class=\"jssocials-share-link\"><i class=\"fa fa-facebook jssocials-share-logo\"><\/i><\/a><\/div><div class=\"jssocials-share jssocials-share-pinterest\"><a target=\"_blank\" href=\"https:\/\/pinterest.com\/pin\/create\/bookmarklet\/?&amp;url=https:\/\/metropoliagzm.pl\/de\/wp-json\/wp\/v2\/posts\/19142;description=19142\" class=\"jssocials-share-link\"><i class=\"fa fa-pinterest jssocials-share-logo\"><\/i><\/a><\/div><a href=\"https:\/\/metropoliagzm.pl\/de\/wp-json\/wp\/v2\/posts\/19142?print=pdf\" class=\"pdfprnt-button pdfprnt-button-pdf\" target=\"_blank\"><img decoding=\"async\" src=\"https:\/\/metropoliagzm.pl\/wp-content\/plugins\/pdf-print\/images\/pdf.png\" alt=\"image_pdf\" title=\"View PDF\" \/><\/a><a href=\"https:\/\/metropoliagzm.pl\/de\/wp-json\/wp\/v2\/posts\/19142?print=print\" class=\"pdfprnt-button pdfprnt-button-print\" target=\"_blank\"><img decoding=\"async\" src=\"https:\/\/metropoliagzm.pl\/wp-content\/plugins\/pdf-print\/images\/print.png\" alt=\"image_print\" title=\"Print Content\" \/><\/a><\/div><\/div><div class=\"post-block-pdf\"><div class=\"pdfprnt-buttons pdfprnt-buttons-post pdfprnt-top-right\"><a href=\"https:\/\/metropoliagzm.pl\/de\/wp-json\/wp\/v2\/posts\/19142?print=pdf\" class=\"pdfprnt-button pdfprnt-button-pdf\" target=\"_blank\"><img decoding=\"async\" src=\"https:\/\/metropoliagzm.pl\/wp-content\/plugins\/pdf-print\/images\/pdf.png\" alt=\"image_pdf\" title=\"View PDF\" \/><\/a><a href=\"https:\/\/metropoliagzm.pl\/de\/wp-json\/wp\/v2\/posts\/19142?print=print\" class=\"pdfprnt-button pdfprnt-button-print\" target=\"_blank\"><img decoding=\"async\" src=\"https:\/\/metropoliagzm.pl\/wp-content\/plugins\/pdf-print\/images\/print.png\" alt=\"image_print\" title=\"Print Content\" \/><\/a><\/div>\n<p><strong>Sta\u0144 do przetargu i wsp\u00f3\u0142tw\u00f3rz nowe centrum D\u0105browy G\u00f3rniczej! Sp\u00f3\u0142ka Fabryka Pe\u0142na \u017bycia og\u0142osi\u0142a przetarg na 7 punkt\u00f3w  gastronomicznych w Strefie Smak\u00f3w Fabryki Pe\u0142nej \u017bycia.<\/strong><\/p>\n\n\n\n<p><strong>Sp\u00f3\u0142ka og\u0142osi\u0142a <a href=\"https:\/\/bip.fabrykapelnazycia.eu\/p,63,ogloszenia-o-zamowieniach?fbclid=IwAR01_tO87NqhQ2gzwgFLC9WDmNHrB70wsmq9Ex1KUct_avkf8KdWBYZUIGQ\">PRZETARG NIEOGRANICZONY Z LICYTACJ\u0104 <\/a><\/strong>na oddanie w dzier\u017caw\u0119 na okres do 31 grudnia 2022 roku <strong>pi\u0119ciu miejsc<\/strong> <strong>z przeznaczeniem pod dzia\u0142alno\u015b\u0107 handlowo-gastronomiczn\u0105 w konstrukcjach kontenerowych<\/strong> oraz <strong>dw\u00f3ch miejsc<\/strong> <strong>z przeznaczeniem pod dzia\u0142alno\u015b\u0107 handlowo-gastronomiczn\u0105 w obiektach typu food truck<\/strong>, na cz\u0119\u015bci nieruchomo\u015bci stanowi\u0105cej w\u0142asno\u015b\u0107 Fabryki Pe\u0142nej \u017bycia w centrum D\u0105browy G\u00f3rniczej (przy ul. Ko\u015bciuszki).<\/p>\n\n\n\n<p>Dla zapewnienia potencjalnym dzier\u017cawcom jak najlepszych warunk\u00f3w \nfunkcjonowania, Stref\u0119 Smaku zlokalizowano w s\u0105siedztwie Warsztatu \nFabryki Pe\u0142nej \u017bycia, nowoczesnego multimedialnego centrum&nbsp; \nwystawowo-konferencyjnego, w otoczeniu niezwyk\u0142ych \u017celbetonowych \nkonstrukcji suwnic i zaplanowanej do realizacji w pierwszej po\u0142owie 2020\n roku tzw. Strefy Wej\u015bciowej do Fabryki Pe\u0142nej \u017bycia.<\/p>\n\n\n\n<p>Stworzenie na terenie Fabryki Pe\u0142nej \u017bycia w D\u0105browie G\u00f3rniczej <strong>Strefy Smaku ma by\u0107 <\/strong>miejscem&nbsp;\n sp\u00f3jnym architektonicznie, wyr\u00f3\u017cniaj\u0105cym si\u0119 postindustrialnym \nklimatem, atrakcyjnym pod wzgl\u0119dem oferty gastronomicznej i kulturalnej.<\/p>\n\n\n\n<p><strong>Oferty mo\u017cna sk\u0142ada\u0107 do 4 marca do godziny 10:00.<\/strong><br>\n<\/p>\n\n\n\n<div class=\"wp-block-image\"><figure class=\"aligncenter is-resized\"><img loading=\"lazy\" decoding=\"async\" src=\"https:\/\/www.dabrowa-gornicza.pl\/wp-content\/uploads\/2020\/02\/fabrykape-naz-ycia-1400x1000-rgb-strefa-smaku-300x214.png\" alt=\"\" class=\"wp-image-40810\" width=\"409\" height=\"292\"\/><\/figure><\/div>\n\n\n\n<p>Dla zapewnienia potencjalnym dzier\u017cawcom jak najlepszych warunk\u00f3w \nfunkcjonowania w tej przestrzeni, sp\u00f3\u0142ka Fabryka Pe\u0142na \u017bycia zrealizuje \nnast\u0119puj\u0105ce zadania inwestycyjne:<br>\n\u2013 doprowadzenie wody i kanalizacji do ka\u017cdego z punk\u00f3w b\u0119d\u0105cych przedmiotem post\u0119powania,<br>\n\u2013 doprowadzenia en. elektrycznej o odpowiedniej mocy, 15 kW na ka\u017cdy punkt,<br>\n\u2013 postawienie i serwis nowoczesnych kontener\u00f3w toaletowych, w tym kontenera dla os\u00f3b niepe\u0142nosprawnych,<br>\n\u2013 renowacja konstrukcji suwnic,<br>\n\u2013 stworzenie atrakcyjnej aran\u017cacji (a\u017curowe zadaszenie w postaci \u017cagli rozpi\u0119tych pomi\u0119dzy konstrukcjami suwnic),<br>\n\u2013 o\u015bwietlenie konstrukcji suwnic,<br>\n\u2013 przesuniecie dotychczasowego ogrodzenia w celu stworzenia strefy wypoczynku dla klient\u00f3w,<br>\n\u2013 postawienie sceny dla klient\u00f3w,<br>\n\u2013 stworzenie tzw. Strefy Wej\u015bciowej do Fabryki Pe\u0142nej \u017bycia, \natrakcyjnej, zielonej przestrzeni wypoczynku w miejscu wyburzonych \nbudynk\u00f3w modelarni i budynku biurowego przy ul. Ko\u015bciuszki 3.<\/p>\n\n\n\n<p>Ponadto, aby zwi\u0119kszy\u0107 atrakcyjno\u015b\u0107 tej przestrzeni, sp\u00f3\u0142ka zrealizuje nast\u0119puj\u0105ce zadania promocyjno-kulturalne:<br>\n\u2013 wydarzenia kulturalne (wystawy, spotkania, koncerty) w Warsztacie \nFabryki Pe\u0142nej \u017bycia, nowoczesnym centrum wystawowo-konferencyjnym,<br>\n\u2013 du\u017ce wydarzenia plenerowe na terenie Fabryki Pe\u0142nej \u017bycia, w tym \nFestiwal Fabryki Pe\u0142nej \u017bycia w trakcie Dni D\u0105browy G\u00f3rniczej 2020 \n(29-31.05.2020),<br>\n\u2013 projekcje kina letniego w Fabryce Pe\u0142nej \u017bycia,<br>\n\u2013 wydarzenia kulturalne (wystawy, spotkania, koncerty) na terenie Fabryki Pe\u0142nej \u017bycia.<\/p>\n\n\n\n<p>Przez ca\u0142y okres zwi\u0105zania umow\u0105 Fabryka Pe\u0142na \u017bycia b\u0119dzie promowa\u0107  ofert\u0119 najemc\u00f3w i organizowane przez nich wydarzenia\u00a0 \u2013 za po\u015brednictwem  medi\u00f3w spo\u0142eczno\u015bciowych, serwisu internetowego oraz innych kana\u0142\u00f3w  komunikacji.<\/p>\n\n\n\n<p><strong>Preferowane przez organizatora przetargu profile poszczeg\u00f3lnych punkt\u00f3w:<\/strong><\/p>\n\n\n\n<p><strong>Miejsce nr 1<\/strong> \u2013 kawiarnia (sprzeda\u017c kawy, herbaty, ciast, ciastek i s\u0142odyczy, lod\u00f3w, wina musuj\u0105cego, etc.),<br>\n<strong>Miejsce<\/strong> <strong>nr 2<\/strong> \u2013 kuchnia z charakterem (restauracja o okre\u015blonym profilu, np. w\u0142oska, tajska, meksyka\u0144ska, regionalna, etc.),<br>\n<strong>Miejsce nr 3<\/strong> \u2013 strefa wege (sprzeda\u017c \u015bwie\u017cych warzyw, owoc\u00f3w, produkt\u00f3w wegetaria\u0144skich i wega\u0144skich),<br>\n<strong>Miejsce nr 4<\/strong> \u2013 pub craft (sprzeda\u017c piw rzemie\u015blniczych),<br>\n<strong>Miejsce<\/strong> <strong>nr 5<\/strong> \u2013 burgery i piwo,<br>\n<strong>Miejsce nr 6<\/strong> \u2013 food truck z daniami kuchni europejskiej,<br>\n<strong>Miejsce<\/strong> <strong>nr 7<\/strong> \u2013 food truck z daniami kuchni orientalnej.<\/p>\n\n\n\n<p><strong>Wa\u017cne informacje<\/strong><br>Obszar Fabryki Pe\u0142nej \u017bycia jest stref\u0105 woln\u0105 od plastiku, dlatego  dzier\u017cawcy b\u0119d\u0105 mieli obowi\u0105zek prowadzenia sprzeda\u017cy z poszanowaniem  \u015brodowiska naturalnego, przez co rozumie si\u0119 zakaz dystrybucji napoj\u00f3w i  \u017cywno\u015bci w opakowaniach plastikowych.<\/p>\n<div class=\"post-author\" style=\"font-size:13px\">dabrowa<\/div><\/div>","protected":false},"excerpt":{"rendered":"<p>Sta\u0144 do przetargu i wsp\u00f3\u0142tw\u00f3rz nowe centrum D\u0105browy G\u00f3rniczej! Sp\u00f3\u0142ka Fabryka Pe\u0142na \u017bycia og\u0142osi\u0142a przetarg na 7 punkt\u00f3w gastronomicznych w Strefie Smak\u00f3w Fabryki Pe\u0142nej \u017bycia. Sp\u00f3\u0142ka og\u0142osi\u0142a PRZETARG NIEOGRANICZONY Z LICYTACJ\u0104 na oddanie w dzier\u017caw\u0119 na okres do 31 grudnia 2022 roku pi\u0119ciu miejsc z&#8230;<\/p>","protected":false},"author":97,"featured_media":19143,"comment_status":"closed","ping_status":"closed","sticky":false,"template":"","format":"standard","meta":{"_acf_changed":false,"footnotes":""},"categories":[203,239],"tags":[429,1901],"class_list":["post-19142","post","type-post","status-publish","format-standard","has-post-thumbnail","hentry","category-dabrowa-gornicza","category-gospodarka-i-inwestycje","tag-dabrowa-gornicza","tag-fabryka-pelna-zycia"],"acf":[],"yoast_head":"<!-- This site is optimized with the Yoast SEO plugin v27.4 - https:\/\/yoast.com\/product\/yoast-seo-wordpress\/ -->\n<title>Fabryka ze Stref\u0105 Smaku - Metropolia GZM<\/title>\n<meta name=\"description\" content=\"Oficjalny portal G\u00f3rno\u015bl\u0105sko-Zag\u0142\u0119biowskiej Metropolii\" \/>\n<meta name=\"robots\" content=\"index, follow, max-snippet:-1, max-image-preview:large, max-video-preview:-1\" \/>\n<link rel=\"canonical\" href=\"https:\/\/metropoliagzm.pl\/de\/2020\/02\/18\/fabryka-ze-strefa-smaku\/\" \/>\n<meta name=\"twitter:card\" content=\"summary_large_image\" \/>\n<meta name=\"twitter:title\" content=\"Fabryka ze Stref\u0105 Smaku - Metropolia GZM\" \/>\n<meta name=\"twitter:description\" content=\"Oficjalny portal G\u00f3rno\u015bl\u0105sko-Zag\u0142\u0119biowskiej Metropolii\" \/>\n<meta name=\"twitter:image\" content=\"https:\/\/metropoliagzm.pl\/wp-content\/uploads\/2020\/02\/konteneryfpz-960x595.jpg\" \/>\n<meta name=\"twitter:label1\" content=\"Geschrieben von\" \/>\n\t<meta name=\"twitter:data1\" content=\"dabrowa\" \/>\n\t<meta name=\"twitter:label2\" content=\"Gesch\u00e4tzte Lesezeit\" \/>\n\t<meta name=\"twitter:data2\" content=\"3\u00a0Minuten\" \/>\n<script type=\"application\/ld+json\" class=\"yoast-schema-graph\">{\"@context\":\"https:\\\/\\\/schema.org\",\"@graph\":[{\"@type\":\"Article\",\"@id\":\"https:\\\/\\\/metropoliagzm.pl\\\/2020\\\/02\\\/18\\\/fabryka-ze-strefa-smaku\\\/#article\",\"isPartOf\":{\"@id\":\"https:\\\/\\\/metropoliagzm.pl\\\/2020\\\/02\\\/18\\\/fabryka-ze-strefa-smaku\\\/\"},\"author\":{\"name\":\"dabrowa\",\"@id\":\"https:\\\/\\\/metropoliagzm.pl\\\/en\\\/#\\\/schema\\\/person\\\/1cd816c9743df855511bb0a2854862dc\"},\"headline\":\"Fabryka ze Stref\u0105 Smaku\",\"datePublished\":\"2020-02-18T08:03:09+00:00\",\"dateModified\":\"2020-02-18T08:03:10+00:00\",\"mainEntityOfPage\":{\"@id\":\"https:\\\/\\\/metropoliagzm.pl\\\/2020\\\/02\\\/18\\\/fabryka-ze-strefa-smaku\\\/\"},\"wordCount\":578,\"publisher\":{\"@id\":\"https:\\\/\\\/metropoliagzm.pl\\\/en\\\/#organization\"},\"image\":{\"@id\":\"https:\\\/\\\/metropoliagzm.pl\\\/2020\\\/02\\\/18\\\/fabryka-ze-strefa-smaku\\\/#primaryimage\"},\"thumbnailUrl\":\"https:\\\/\\\/metropoliagzm.pl\\\/wp-content\\\/uploads\\\/2020\\\/02\\\/konteneryfpz-960x595.jpg\",\"keywords\":[\"d\u0105browa g\u00f3rnicza\",\"Fabryka Pe\u0142na \u017bycia\"],\"articleSection\":[\"D\u0105browa G\u00f3rnicza\",\"Gospodarka i Inwestycje\"],\"inLanguage\":\"de\"},{\"@type\":\"WebPage\",\"@id\":\"https:\\\/\\\/metropoliagzm.pl\\\/2020\\\/02\\\/18\\\/fabryka-ze-strefa-smaku\\\/\",\"url\":\"https:\\\/\\\/metropoliagzm.pl\\\/2020\\\/02\\\/18\\\/fabryka-ze-strefa-smaku\\\/\",\"name\":\"Fabryka ze Stref\u0105 Smaku - Metropolia GZM\",\"isPartOf\":{\"@id\":\"https:\\\/\\\/metropoliagzm.pl\\\/en\\\/#website\"},\"primaryImageOfPage\":{\"@id\":\"https:\\\/\\\/metropoliagzm.pl\\\/2020\\\/02\\\/18\\\/fabryka-ze-strefa-smaku\\\/#primaryimage\"},\"image\":{\"@id\":\"https:\\\/\\\/metropoliagzm.pl\\\/2020\\\/02\\\/18\\\/fabryka-ze-strefa-smaku\\\/#primaryimage\"},\"thumbnailUrl\":\"https:\\\/\\\/metropoliagzm.pl\\\/wp-content\\\/uploads\\\/2020\\\/02\\\/konteneryfpz-960x595.jpg\",\"datePublished\":\"2020-02-18T08:03:09+00:00\",\"dateModified\":\"2020-02-18T08:03:10+00:00\",\"description\":\"Oficjalny portal G\u00f3rno\u015bl\u0105sko-Zag\u0142\u0119biowskiej Metropolii\",\"breadcrumb\":{\"@id\":\"https:\\\/\\\/metropoliagzm.pl\\\/2020\\\/02\\\/18\\\/fabryka-ze-strefa-smaku\\\/#breadcrumb\"},\"inLanguage\":\"de\",\"potentialAction\":[{\"@type\":\"ReadAction\",\"target\":[\"https:\\\/\\\/metropoliagzm.pl\\\/2020\\\/02\\\/18\\\/fabryka-ze-strefa-smaku\\\/\"]}]},{\"@type\":\"ImageObject\",\"inLanguage\":\"de\",\"@id\":\"https:\\\/\\\/metropoliagzm.pl\\\/2020\\\/02\\\/18\\\/fabryka-ze-strefa-smaku\\\/#primaryimage\",\"url\":\"https:\\\/\\\/metropoliagzm.pl\\\/wp-content\\\/uploads\\\/2020\\\/02\\\/konteneryfpz-960x595.jpg\",\"contentUrl\":\"https:\\\/\\\/metropoliagzm.pl\\\/wp-content\\\/uploads\\\/2020\\\/02\\\/konteneryfpz-960x595.jpg\",\"width\":960,\"height\":595,\"caption\":\"Impreza miejska na terenach przysz\u0142ej Fabryki Pe\u0142nej \u017bycia\"},{\"@type\":\"BreadcrumbList\",\"@id\":\"https:\\\/\\\/metropoliagzm.pl\\\/2020\\\/02\\\/18\\\/fabryka-ze-strefa-smaku\\\/#breadcrumb\",\"itemListElement\":[{\"@type\":\"ListItem\",\"position\":1,\"name\":\"Strona g\u0142\u00f3wna\",\"item\":\"https:\\\/\\\/metropoliagzm.pl\\\/\"},{\"@type\":\"ListItem\",\"position\":2,\"name\":\"Fabryka ze Stref\u0105 Smaku\"}]},{\"@type\":\"WebSite\",\"@id\":\"https:\\\/\\\/metropoliagzm.pl\\\/en\\\/#website\",\"url\":\"https:\\\/\\\/metropoliagzm.pl\\\/en\\\/\",\"name\":\"Metropolia GZM\",\"description\":\"Oficjalny portal G\u00f3rno\u015bl\u0105sko-Zag\u0142\u0119biowskiej Metropolii\",\"publisher\":{\"@id\":\"https:\\\/\\\/metropoliagzm.pl\\\/en\\\/#organization\"},\"potentialAction\":[{\"@type\":\"SearchAction\",\"target\":{\"@type\":\"EntryPoint\",\"urlTemplate\":\"https:\\\/\\\/metropoliagzm.pl\\\/en\\\/?s={search_term_string}\"},\"query-input\":{\"@type\":\"PropertyValueSpecification\",\"valueRequired\":true,\"valueName\":\"search_term_string\"}}],\"inLanguage\":\"de\"},{\"@type\":\"Organization\",\"@id\":\"https:\\\/\\\/metropoliagzm.pl\\\/en\\\/#organization\",\"name\":\"Metropolia GZM\",\"url\":\"https:\\\/\\\/metropoliagzm.pl\\\/en\\\/\",\"logo\":{\"@type\":\"ImageObject\",\"inLanguage\":\"de\",\"@id\":\"https:\\\/\\\/metropoliagzm.pl\\\/en\\\/#\\\/schema\\\/logo\\\/image\\\/\",\"url\":\"https:\\\/\\\/metropoliagzm.pl\\\/wp-content\\\/uploads\\\/2019\\\/03\\\/Sygnet-strona-glowna.png\",\"contentUrl\":\"https:\\\/\\\/metropoliagzm.pl\\\/wp-content\\\/uploads\\\/2019\\\/03\\\/Sygnet-strona-glowna.png\",\"width\":36,\"height\":45,\"caption\":\"Metropolia GZM\"},\"image\":{\"@id\":\"https:\\\/\\\/metropoliagzm.pl\\\/en\\\/#\\\/schema\\\/logo\\\/image\\\/\"}},{\"@type\":\"Person\",\"@id\":\"https:\\\/\\\/metropoliagzm.pl\\\/en\\\/#\\\/schema\\\/person\\\/1cd816c9743df855511bb0a2854862dc\",\"name\":\"dabrowa\",\"image\":{\"@type\":\"ImageObject\",\"inLanguage\":\"de\",\"@id\":\"https:\\\/\\\/secure.gravatar.com\\\/avatar\\\/d58457fea4961c0aad07feb161f078591399365d64069fd5aa53d8f4a4e11f5f?s=96&d=mm&r=g\",\"url\":\"https:\\\/\\\/secure.gravatar.com\\\/avatar\\\/d58457fea4961c0aad07feb161f078591399365d64069fd5aa53d8f4a4e11f5f?s=96&d=mm&r=g\",\"contentUrl\":\"https:\\\/\\\/secure.gravatar.com\\\/avatar\\\/d58457fea4961c0aad07feb161f078591399365d64069fd5aa53d8f4a4e11f5f?s=96&d=mm&r=g\",\"caption\":\"dabrowa\"},\"sameAs\":[\"http:\\\/\\\/dabrowa-gornicza.pl\",\"https:\\\/\\\/www.facebook.com\\\/MiastoDabrowaGornicza\"],\"url\":\"https:\\\/\\\/metropoliagzm.pl\\\/de\\\/author\\\/dabrowa\\\/\"}]}<\/script>\n<!-- \/ Yoast SEO plugin. -->","yoast_head_json":{"title":"Fabryka ze Stref\u0105 Smaku - Metropolia GZM","description":"Oficjalny portal G\u00f3rno\u015bl\u0105sko-Zag\u0142\u0119biowskiej Metropolii","robots":{"index":"index","follow":"follow","max-snippet":"max-snippet:-1","max-image-preview":"max-image-preview:large","max-video-preview":"max-video-preview:-1"},"canonical":"https:\/\/metropoliagzm.pl\/de\/2020\/02\/18\/fabryka-ze-strefa-smaku\/","twitter_card":"summary_large_image","twitter_title":"Fabryka ze Stref\u0105 Smaku - Metropolia GZM","twitter_description":"Oficjalny portal G\u00f3rno\u015bl\u0105sko-Zag\u0142\u0119biowskiej Metropolii","twitter_image":"https:\/\/metropoliagzm.pl\/wp-content\/uploads\/2020\/02\/konteneryfpz-960x595.jpg","twitter_misc":{"Geschrieben von":"dabrowa","Gesch\u00e4tzte Lesezeit":"3\u00a0Minuten"},"schema":{"@context":"https:\/\/schema.org","@graph":[{"@type":"Article","@id":"https:\/\/metropoliagzm.pl\/2020\/02\/18\/fabryka-ze-strefa-smaku\/#article","isPartOf":{"@id":"https:\/\/metropoliagzm.pl\/2020\/02\/18\/fabryka-ze-strefa-smaku\/"},"author":{"name":"dabrowa","@id":"https:\/\/metropoliagzm.pl\/en\/#\/schema\/person\/1cd816c9743df855511bb0a2854862dc"},"headline":"Fabryka ze Stref\u0105 Smaku","datePublished":"2020-02-18T08:03:09+00:00","dateModified":"2020-02-18T08:03:10+00:00","mainEntityOfPage":{"@id":"https:\/\/metropoliagzm.pl\/2020\/02\/18\/fabryka-ze-strefa-smaku\/"},"wordCount":578,"publisher":{"@id":"https:\/\/metropoliagzm.pl\/en\/#organization"},"image":{"@id":"https:\/\/metropoliagzm.pl\/2020\/02\/18\/fabryka-ze-strefa-smaku\/#primaryimage"},"thumbnailUrl":"https:\/\/metropoliagzm.pl\/wp-content\/uploads\/2020\/02\/konteneryfpz-960x595.jpg","keywords":["d\u0105browa g\u00f3rnicza","Fabryka Pe\u0142na \u017bycia"],"articleSection":["D\u0105browa G\u00f3rnicza","Gospodarka i Inwestycje"],"inLanguage":"de"},{"@type":"WebPage","@id":"https:\/\/metropoliagzm.pl\/2020\/02\/18\/fabryka-ze-strefa-smaku\/","url":"https:\/\/metropoliagzm.pl\/2020\/02\/18\/fabryka-ze-strefa-smaku\/","name":"Fabryka ze Stref\u0105 Smaku - Metropolia GZM","isPartOf":{"@id":"https:\/\/metropoliagzm.pl\/en\/#website"},"primaryImageOfPage":{"@id":"https:\/\/metropoliagzm.pl\/2020\/02\/18\/fabryka-ze-strefa-smaku\/#primaryimage"},"image":{"@id":"https:\/\/metropoliagzm.pl\/2020\/02\/18\/fabryka-ze-strefa-smaku\/#primaryimage"},"thumbnailUrl":"https:\/\/metropoliagzm.pl\/wp-content\/uploads\/2020\/02\/konteneryfpz-960x595.jpg","datePublished":"2020-02-18T08:03:09+00:00","dateModified":"2020-02-18T08:03:10+00:00","description":"Oficjalny portal G\u00f3rno\u015bl\u0105sko-Zag\u0142\u0119biowskiej Metropolii","breadcrumb":{"@id":"https:\/\/metropoliagzm.pl\/2020\/02\/18\/fabryka-ze-strefa-smaku\/#breadcrumb"},"inLanguage":"de","potentialAction":[{"@type":"ReadAction","target":["https:\/\/metropoliagzm.pl\/2020\/02\/18\/fabryka-ze-strefa-smaku\/"]}]},{"@type":"ImageObject","inLanguage":"de","@id":"https:\/\/metropoliagzm.pl\/2020\/02\/18\/fabryka-ze-strefa-smaku\/#primaryimage","url":"https:\/\/metropoliagzm.pl\/wp-content\/uploads\/2020\/02\/konteneryfpz-960x595.jpg","contentUrl":"https:\/\/metropoliagzm.pl\/wp-content\/uploads\/2020\/02\/konteneryfpz-960x595.jpg","width":960,"height":595,"caption":"Impreza miejska na terenach przysz\u0142ej Fabryki Pe\u0142nej \u017bycia"},{"@type":"BreadcrumbList","@id":"https:\/\/metropoliagzm.pl\/2020\/02\/18\/fabryka-ze-strefa-smaku\/#breadcrumb","itemListElement":[{"@type":"ListItem","position":1,"name":"Strona g\u0142\u00f3wna","item":"https:\/\/metropoliagzm.pl\/"},{"@type":"ListItem","position":2,"name":"Fabryka ze Stref\u0105 Smaku"}]},{"@type":"WebSite","@id":"https:\/\/metropoliagzm.pl\/en\/#website","url":"https:\/\/metropoliagzm.pl\/en\/","name":"Metropolia GZM","description":"Oficjalny portal G\u00f3rno\u015bl\u0105sko-Zag\u0142\u0119biowskiej Metropolii","publisher":{"@id":"https:\/\/metropoliagzm.pl\/en\/#organization"},"potentialAction":[{"@type":"SearchAction","target":{"@type":"EntryPoint","urlTemplate":"https:\/\/metropoliagzm.pl\/en\/?s={search_term_string}"},"query-input":{"@type":"PropertyValueSpecification","valueRequired":true,"valueName":"search_term_string"}}],"inLanguage":"de"},{"@type":"Organization","@id":"https:\/\/metropoliagzm.pl\/en\/#organization","name":"Metropolia GZM","url":"https:\/\/metropoliagzm.pl\/en\/","logo":{"@type":"ImageObject","inLanguage":"de","@id":"https:\/\/metropoliagzm.pl\/en\/#\/schema\/logo\/image\/","url":"https:\/\/metropoliagzm.pl\/wp-content\/uploads\/2019\/03\/Sygnet-strona-glowna.png","contentUrl":"https:\/\/metropoliagzm.pl\/wp-content\/uploads\/2019\/03\/Sygnet-strona-glowna.png","width":36,"height":45,"caption":"Metropolia GZM"},"image":{"@id":"https:\/\/metropoliagzm.pl\/en\/#\/schema\/logo\/image\/"}},{"@type":"Person","@id":"https:\/\/metropoliagzm.pl\/en\/#\/schema\/person\/1cd816c9743df855511bb0a2854862dc","name":"dabrowa","image":{"@type":"ImageObject","inLanguage":"de","@id":"https:\/\/secure.gravatar.com\/avatar\/d58457fea4961c0aad07feb161f078591399365d64069fd5aa53d8f4a4e11f5f?s=96&d=mm&r=g","url":"https:\/\/secure.gravatar.com\/avatar\/d58457fea4961c0aad07feb161f078591399365d64069fd5aa53d8f4a4e11f5f?s=96&d=mm&r=g","contentUrl":"https:\/\/secure.gravatar.com\/avatar\/d58457fea4961c0aad07feb161f078591399365d64069fd5aa53d8f4a4e11f5f?s=96&d=mm&r=g","caption":"dabrowa"},"sameAs":["http:\/\/dabrowa-gornicza.pl","https:\/\/www.facebook.com\/MiastoDabrowaGornicza"],"url":"https:\/\/metropoliagzm.pl\/de\/author\/dabrowa\/"}]}},"_links":{"self":[{"href":"https:\/\/metropoliagzm.pl\/de\/wp-json\/wp\/v2\/posts\/19142","targetHints":{"allow":["GET"]}}],"collection":[{"href":"https:\/\/metropoliagzm.pl\/de\/wp-json\/wp\/v2\/posts"}],"about":[{"href":"https:\/\/metropoliagzm.pl\/de\/wp-json\/wp\/v2\/types\/post"}],"author":[{"embeddable":true,"href":"https:\/\/metropoliagzm.pl\/de\/wp-json\/wp\/v2\/users\/97"}],"replies":[{"embeddable":true,"href":"https:\/\/metropoliagzm.pl\/de\/wp-json\/wp\/v2\/comments?post=19142"}],"version-history":[{"count":2,"href":"https:\/\/metropoliagzm.pl\/de\/wp-json\/wp\/v2\/posts\/19142\/revisions"}],"predecessor-version":[{"id":19156,"href":"https:\/\/metropoliagzm.pl\/de\/wp-json\/wp\/v2\/posts\/19142\/revisions\/19156"}],"wp:featuredmedia":[{"embeddable":true,"href":"https:\/\/metropoliagzm.pl\/de\/wp-json\/wp\/v2\/media\/19143"}],"wp:attachment":[{"href":"https:\/\/metropoliagzm.pl\/de\/wp-json\/wp\/v2\/media?parent=19142"}],"wp:term":[{"taxonomy":"category","embeddable":true,"href":"https:\/\/metropoliagzm.pl\/de\/wp-json\/wp\/v2\/categories?post=19142"},{"taxonomy":"post_tag","embeddable":true,"href":"https:\/\/metropoliagzm.pl\/de\/wp-json\/wp\/v2\/tags?post=19142"}],"curies":[{"name":"wp","href":"https:\/\/api.w.org\/{rel}","templated":true}]}}