{"id":19511,"date":"2020-02-26T13:20:02","date_gmt":"2020-02-26T12:20:02","guid":{"rendered":"https:\/\/metropoliagzm.pl\/?p=19511"},"modified":"2020-02-26T13:38:49","modified_gmt":"2020-02-26T12:38:49","slug":"miasta-idei-w-myslowicach-niech-zyje-rynek-i-nie-tylko","status":"publish","type":"post","link":"https:\/\/metropoliagzm.pl\/de\/2020\/02\/26\/miasta-idei-w-myslowicach-niech-zyje-rynek-i-nie-tylko\/","title":{"rendered":"Miasta Idei w Mys\u0142owicach. Niech \u017cyje rynek i nie tylko."},"content":{"rendered":"<div class=\"pdf-block\"><div class=\"pdfprnt-buttons  pdfprnt-new pdfprnt-buttons-post pdfprnt-top-right\"><div class=\"jssocials-share jssocials-share-twitter\"><a target=\"_blank\" href=\"https:\/\/twitter.com\/share?url=https:\/\/metropoliagzm.pl\/de\/wp-json\/wp\/v2\/posts\/19511;text=19511\" class=\"jssocials-share-link\"><i class=\"fa fa-twitter jssocials-share-logo\"><\/i><\/a><\/div><div class=\"jssocials-share jssocials-share-facebook\"><a target=\"_blank\" href=\"https:\/\/facebook.com\/sharer\/sharer.php?u=https:\/\/metropoliagzm.pl\/de\/wp-json\/wp\/v2\/posts\/19511\" class=\"jssocials-share-link\"><i class=\"fa fa-facebook jssocials-share-logo\"><\/i><\/a><\/div><div class=\"jssocials-share jssocials-share-pinterest\"><a target=\"_blank\" href=\"https:\/\/pinterest.com\/pin\/create\/bookmarklet\/?&amp;url=https:\/\/metropoliagzm.pl\/de\/wp-json\/wp\/v2\/posts\/19511;description=19511\" class=\"jssocials-share-link\"><i class=\"fa fa-pinterest jssocials-share-logo\"><\/i><\/a><\/div><a href=\"https:\/\/metropoliagzm.pl\/de\/wp-json\/wp\/v2\/posts\/19511?print=pdf\" class=\"pdfprnt-button pdfprnt-button-pdf\" target=\"_blank\"><img decoding=\"async\" src=\"https:\/\/metropoliagzm.pl\/wp-content\/plugins\/pdf-print\/images\/pdf.png\" alt=\"image_pdf\" title=\"View PDF\" \/><\/a><a href=\"https:\/\/metropoliagzm.pl\/de\/wp-json\/wp\/v2\/posts\/19511?print=print\" class=\"pdfprnt-button pdfprnt-button-print\" target=\"_blank\"><img decoding=\"async\" src=\"https:\/\/metropoliagzm.pl\/wp-content\/plugins\/pdf-print\/images\/print.png\" alt=\"image_print\" title=\"Print Content\" \/><\/a><\/div><\/div><div class=\"post-block-pdf\"><div class=\"pdfprnt-buttons pdfprnt-buttons-post pdfprnt-top-right\"><a href=\"https:\/\/metropoliagzm.pl\/de\/wp-json\/wp\/v2\/posts\/19511?print=pdf\" class=\"pdfprnt-button pdfprnt-button-pdf\" target=\"_blank\"><img decoding=\"async\" src=\"https:\/\/metropoliagzm.pl\/wp-content\/plugins\/pdf-print\/images\/pdf.png\" alt=\"image_pdf\" title=\"View PDF\" \/><\/a><a href=\"https:\/\/metropoliagzm.pl\/de\/wp-json\/wp\/v2\/posts\/19511?print=print\" class=\"pdfprnt-button pdfprnt-button-print\" target=\"_blank\"><img decoding=\"async\" src=\"https:\/\/metropoliagzm.pl\/wp-content\/plugins\/pdf-print\/images\/print.png\" alt=\"image_print\" title=\"Print Content\" \/><\/a><\/div>\n<p><strong>Urokliwy, ale zbyt cz\u0119sto pusty. W dodatku z dziwn\u0105 stalow\u0105 konstrukcj\u0105, kt\u00f3ra nie wiadomo, do czego s\u0142u\u017cy. Mys\u0142owicki rynek wymaga przemian. <\/strong><\/p>\n\n\n\n<p>\n\tZapraszamy na kolejne spotkanie z cyklu Miasta Idei. Tym razem chcemy porozmawia\u0107 o dw\u00f3ch niezwyk\u0142ych miejscach w Mys\u0142owicach. Pierwsze z nich to rynek, czyli kiedy\u015b najwa\u017cniejszy plac w Mys\u0142owicach. Dzi\u015b cz\u0119\u015b\u0107 jego pierzei tworzy dziwna stalowa konstrukcja, kt\u00f3ra ma udawa\u0107 miejsk\u0105 zabudow\u0119, ale chyba budzi wi\u0119cej pyta\u0144 ni\u017c zachwyt\u00f3w. To jednak nie najwa\u017cniejszy problem. Zmiany wymaga spos\u00f3b wykorzystania tego miejsca przez mieszka\u0144c\u00f3w na co dzie\u0144, a nie tylko podczas imprez, kt\u00f3re z sukcesem s\u0105 tu organizowane w ciep\u0142e dni.<\/p>\n\n\n\n<p>\n\tDrugim miejscem, o kt\u00f3rym chcemy rozmawia\u0107, jest ulica Grunwaldzka, kt\u00f3ra biegnie do rynku w stron\u0119 ulicy Krakowskiej. Ulica Grunwaldzka to jedno z najbardziej urokliwych miejsc w Mys\u0142owicach. Niestety, podobnie jak w wielu innych miastach boryka si\u0119 z brakiem ciekawych miejsc i wydarze\u0144, kt\u00f3re przyci\u0105gn\u0105 mieszka\u0144c\u00f3w.<\/p>\n\n\n\n<p>\n\t<strong>Zapisujcie si\u0119 do udzia\u0142u w warsztatach.<\/strong><\/p>\n\n\n\n<p>\n\tDlatego podczas warsztat\u00f3w z mieszka\u0144cami, kt\u00f3re odb\u0119d\u0105 si\u0119 4 marca o godz. 16.30, postaramy si\u0119 poszuka\u0107 recept na o\u017cywienie tego miejsca, wybierzemy si\u0119 te\u017c na kr\u00f3tki spacer badawczy. Nast\u0119pnie stworzymy list\u0119 rzeczy, kt\u00f3re sprawiaj\u0105, \u017ce to miejsce nie przyci\u0105ga. Kolejnym etapem b\u0119dzie poszukanie odpowiedzi, jak si\u0119 ich pozby\u0107. Na koniec sprawdzimy, jakie pomys\u0142y maj\u0105 mieszka\u0144cy i jakie funkcje chc\u0105 tu realizowa\u0107.<\/p>\n\n\n\n<p> Spotkamy si\u0119 w Mys\u0142owickim O\u015brodku Kultury w Sali Ma\u0142ych Form (wej\u015bcie od&nbsp;Strumie\u0144skiego). Uwaga! Udzia\u0142 w warsztatach jest bezp\u0142atny, ale ze wzgl\u0119du na ograniczon\u0105 ilo\u015b\u0107 miejsc prosimy o zg\u0142oszenia (<a href=\"mailto:przemyslaw.jedlecki@agora.pl\">przemyslaw.jedlecki@agora.pl<\/a>).<\/p>\n\n\n\n<p>\n\tBezpo\u015brednio po warsztatach o koniecznych przemianach na rynku i ul. Grunwaldzkiej porozmawiamy z w\u0142adzami miasta, przedstawicielami lokalnego biznesu i ekspertami. Debat\u0119 zaczniemy o godz. 18.30. Naszymi go\u015b\u0107mi b\u0119d\u0105 prezydent Dariusz W\u00f3jtowicz, dr Bart\u0142omiej J. Gabry\u015b z Uniwersytetu Ekonomicznego w Katowicach, Dominik Lorenc, naczelnik wydzia\u0142u architektury, oraz Piotr Pa\u0142ka, w\u0142a\u015bciciel jednego z lokali na rynku w Mys\u0142owicach. B\u0119dzie z nami r\u00f3wnie\u017c Robert Przeliorz, spo\u0142ecznik, konserwator zabytk\u00f3w i kulturoznawca, autor opracowania o rewitalizacji Mys\u0142owic.<\/p>\n<div class=\"post-author\" style=\"font-size:13px\">Witold Tr\u00f3lka<\/div><\/div>","protected":false},"excerpt":{"rendered":"<p>Urokliwy, ale zbyt cz\u0119sto pusty. W dodatku z dziwn\u0105 stalow\u0105 konstrukcj\u0105, kt\u00f3ra nie wiadomo, do czego s\u0142u\u017cy. Mys\u0142owicki rynek wymaga przemian. Zapraszamy na kolejne spotkanie z cyklu Miasta Idei. Tym razem chcemy porozmawia\u0107 o dw\u00f3ch niezwyk\u0142ych miejscach w Mys\u0142owicach. Pierwsze z nich to rynek, czyli&#8230;<\/p>","protected":false},"author":140,"featured_media":19519,"comment_status":"closed","ping_status":"closed","sticky":false,"template":"","format":"standard","meta":{"_acf_changed":false,"footnotes":""},"categories":[242,214],"tags":[1902],"class_list":["post-19511","post","type-post","status-publish","format-standard","has-post-thumbnail","hentry","category-mieszkancy","category-myslowice","tag-miasta-idei"],"acf":[],"yoast_head":"<!-- This site is optimized with the Yoast SEO plugin v27.4 - https:\/\/yoast.com\/product\/yoast-seo-wordpress\/ -->\n<title>Miasta Idei w Mys\u0142owicach. Niech \u017cyje rynek i nie tylko. - Metropolia GZM<\/title>\n<meta name=\"description\" content=\"Oficjalny portal G\u00f3rno\u015bl\u0105sko-Zag\u0142\u0119biowskiej Metropolii\" \/>\n<meta name=\"robots\" content=\"index, follow, max-snippet:-1, max-image-preview:large, max-video-preview:-1\" \/>\n<link rel=\"canonical\" href=\"https:\/\/metropoliagzm.pl\/de\/2020\/02\/26\/miasta-idei-w-myslowicach-niech-zyje-rynek-i-nie-tylko\/\" \/>\n<meta name=\"twitter:card\" content=\"summary_large_image\" \/>\n<meta name=\"twitter:title\" content=\"Miasta Idei w Mys\u0142owicach. Niech \u017cyje rynek i nie tylko. - Metropolia GZM\" \/>\n<meta name=\"twitter:description\" content=\"Oficjalny portal G\u00f3rno\u015bl\u0105sko-Zag\u0142\u0119biowskiej Metropolii\" \/>\n<meta name=\"twitter:image\" content=\"https:\/\/metropoliagzm.pl\/wp-content\/uploads\/2020\/02\/myslowice-ok-2-of-1.jpg\" \/>\n<meta name=\"twitter:label1\" content=\"Geschrieben von\" \/>\n\t<meta name=\"twitter:data1\" content=\"Witold Tr\u00f3lka\" \/>\n\t<meta name=\"twitter:label2\" content=\"Gesch\u00e4tzte Lesezeit\" \/>\n\t<meta name=\"twitter:data2\" content=\"2\u00a0Minuten\" \/>\n<script type=\"application\/ld+json\" class=\"yoast-schema-graph\">{\"@context\":\"https:\\\/\\\/schema.org\",\"@graph\":[{\"@type\":\"Article\",\"@id\":\"https:\\\/\\\/metropoliagzm.pl\\\/de\\\/2020\\\/02\\\/26\\\/miasta-idei-w-myslowicach-niech-zyje-rynek-i-nie-tylko\\\/#article\",\"isPartOf\":{\"@id\":\"https:\\\/\\\/metropoliagzm.pl\\\/de\\\/2020\\\/02\\\/26\\\/miasta-idei-w-myslowicach-niech-zyje-rynek-i-nie-tylko\\\/\"},\"author\":{\"name\":\"Witold Tr\u00f3lka\",\"@id\":\"https:\\\/\\\/metropoliagzm.pl\\\/en\\\/#\\\/schema\\\/person\\\/96e19c492916cfe1ba595fd2f60d95b8\"},\"headline\":\"Miasta Idei w Mys\u0142owicach. Niech \u017cyje rynek i nie tylko.\",\"datePublished\":\"2020-02-26T12:20:02+00:00\",\"dateModified\":\"2020-02-26T12:38:49+00:00\",\"mainEntityOfPage\":{\"@id\":\"https:\\\/\\\/metropoliagzm.pl\\\/de\\\/2020\\\/02\\\/26\\\/miasta-idei-w-myslowicach-niech-zyje-rynek-i-nie-tylko\\\/\"},\"wordCount\":389,\"publisher\":{\"@id\":\"https:\\\/\\\/metropoliagzm.pl\\\/en\\\/#organization\"},\"image\":{\"@id\":\"https:\\\/\\\/metropoliagzm.pl\\\/de\\\/2020\\\/02\\\/26\\\/miasta-idei-w-myslowicach-niech-zyje-rynek-i-nie-tylko\\\/#primaryimage\"},\"thumbnailUrl\":\"https:\\\/\\\/metropoliagzm.pl\\\/wp-content\\\/uploads\\\/2020\\\/02\\\/myslowice-ok-2-of-1.jpg\",\"keywords\":[\"Miasta Idei\"],\"articleSection\":[\"Mieszka\u0144cy\",\"Mys\u0142owice\"],\"inLanguage\":\"de\"},{\"@type\":\"WebPage\",\"@id\":\"https:\\\/\\\/metropoliagzm.pl\\\/de\\\/2020\\\/02\\\/26\\\/miasta-idei-w-myslowicach-niech-zyje-rynek-i-nie-tylko\\\/\",\"url\":\"https:\\\/\\\/metropoliagzm.pl\\\/de\\\/2020\\\/02\\\/26\\\/miasta-idei-w-myslowicach-niech-zyje-rynek-i-nie-tylko\\\/\",\"name\":\"Miasta Idei w Mys\u0142owicach. Niech \u017cyje rynek i nie tylko. - Metropolia GZM\",\"isPartOf\":{\"@id\":\"https:\\\/\\\/metropoliagzm.pl\\\/en\\\/#website\"},\"primaryImageOfPage\":{\"@id\":\"https:\\\/\\\/metropoliagzm.pl\\\/de\\\/2020\\\/02\\\/26\\\/miasta-idei-w-myslowicach-niech-zyje-rynek-i-nie-tylko\\\/#primaryimage\"},\"image\":{\"@id\":\"https:\\\/\\\/metropoliagzm.pl\\\/de\\\/2020\\\/02\\\/26\\\/miasta-idei-w-myslowicach-niech-zyje-rynek-i-nie-tylko\\\/#primaryimage\"},\"thumbnailUrl\":\"https:\\\/\\\/metropoliagzm.pl\\\/wp-content\\\/uploads\\\/2020\\\/02\\\/myslowice-ok-2-of-1.jpg\",\"datePublished\":\"2020-02-26T12:20:02+00:00\",\"dateModified\":\"2020-02-26T12:38:49+00:00\",\"description\":\"Oficjalny portal G\u00f3rno\u015bl\u0105sko-Zag\u0142\u0119biowskiej Metropolii\",\"breadcrumb\":{\"@id\":\"https:\\\/\\\/metropoliagzm.pl\\\/de\\\/2020\\\/02\\\/26\\\/miasta-idei-w-myslowicach-niech-zyje-rynek-i-nie-tylko\\\/#breadcrumb\"},\"inLanguage\":\"de\",\"potentialAction\":[{\"@type\":\"ReadAction\",\"target\":[\"https:\\\/\\\/metropoliagzm.pl\\\/de\\\/2020\\\/02\\\/26\\\/miasta-idei-w-myslowicach-niech-zyje-rynek-i-nie-tylko\\\/\"]}]},{\"@type\":\"ImageObject\",\"inLanguage\":\"de\",\"@id\":\"https:\\\/\\\/metropoliagzm.pl\\\/de\\\/2020\\\/02\\\/26\\\/miasta-idei-w-myslowicach-niech-zyje-rynek-i-nie-tylko\\\/#primaryimage\",\"url\":\"https:\\\/\\\/metropoliagzm.pl\\\/wp-content\\\/uploads\\\/2020\\\/02\\\/myslowice-ok-2-of-1.jpg\",\"contentUrl\":\"https:\\\/\\\/metropoliagzm.pl\\\/wp-content\\\/uploads\\\/2020\\\/02\\\/myslowice-ok-2-of-1.jpg\",\"width\":1198,\"height\":800,\"caption\":\"Foto: Metropolia GZM\\\/ Wojciech Mateusiak\"},{\"@type\":\"BreadcrumbList\",\"@id\":\"https:\\\/\\\/metropoliagzm.pl\\\/de\\\/2020\\\/02\\\/26\\\/miasta-idei-w-myslowicach-niech-zyje-rynek-i-nie-tylko\\\/#breadcrumb\",\"itemListElement\":[{\"@type\":\"ListItem\",\"position\":1,\"name\":\"Strona g\u0142\u00f3wna\",\"item\":\"https:\\\/\\\/metropoliagzm.pl\\\/\"},{\"@type\":\"ListItem\",\"position\":2,\"name\":\"Miasta Idei w Mys\u0142owicach. Niech \u017cyje rynek i nie tylko.\"}]},{\"@type\":\"WebSite\",\"@id\":\"https:\\\/\\\/metropoliagzm.pl\\\/en\\\/#website\",\"url\":\"https:\\\/\\\/metropoliagzm.pl\\\/en\\\/\",\"name\":\"Metropolia GZM\",\"description\":\"Oficjalny portal G\u00f3rno\u015bl\u0105sko-Zag\u0142\u0119biowskiej Metropolii\",\"publisher\":{\"@id\":\"https:\\\/\\\/metropoliagzm.pl\\\/en\\\/#organization\"},\"potentialAction\":[{\"@type\":\"SearchAction\",\"target\":{\"@type\":\"EntryPoint\",\"urlTemplate\":\"https:\\\/\\\/metropoliagzm.pl\\\/en\\\/?s={search_term_string}\"},\"query-input\":{\"@type\":\"PropertyValueSpecification\",\"valueRequired\":true,\"valueName\":\"search_term_string\"}}],\"inLanguage\":\"de\"},{\"@type\":\"Organization\",\"@id\":\"https:\\\/\\\/metropoliagzm.pl\\\/en\\\/#organization\",\"name\":\"Metropolia GZM\",\"url\":\"https:\\\/\\\/metropoliagzm.pl\\\/en\\\/\",\"logo\":{\"@type\":\"ImageObject\",\"inLanguage\":\"de\",\"@id\":\"https:\\\/\\\/metropoliagzm.pl\\\/en\\\/#\\\/schema\\\/logo\\\/image\\\/\",\"url\":\"https:\\\/\\\/metropoliagzm.pl\\\/wp-content\\\/uploads\\\/2019\\\/03\\\/Sygnet-strona-glowna.png\",\"contentUrl\":\"https:\\\/\\\/metropoliagzm.pl\\\/wp-content\\\/uploads\\\/2019\\\/03\\\/Sygnet-strona-glowna.png\",\"width\":36,\"height\":45,\"caption\":\"Metropolia GZM\"},\"image\":{\"@id\":\"https:\\\/\\\/metropoliagzm.pl\\\/en\\\/#\\\/schema\\\/logo\\\/image\\\/\"}},{\"@type\":\"Person\",\"@id\":\"https:\\\/\\\/metropoliagzm.pl\\\/en\\\/#\\\/schema\\\/person\\\/96e19c492916cfe1ba595fd2f60d95b8\",\"name\":\"Witold Tr\u00f3lka\",\"image\":{\"@type\":\"ImageObject\",\"inLanguage\":\"de\",\"@id\":\"https:\\\/\\\/secure.gravatar.com\\\/avatar\\\/71e0c635e405b4a3631033f0d6f49e682b54dcd226d647737e1040a5a480d177?s=96&d=mm&r=g\",\"url\":\"https:\\\/\\\/secure.gravatar.com\\\/avatar\\\/71e0c635e405b4a3631033f0d6f49e682b54dcd226d647737e1040a5a480d177?s=96&d=mm&r=g\",\"contentUrl\":\"https:\\\/\\\/secure.gravatar.com\\\/avatar\\\/71e0c635e405b4a3631033f0d6f49e682b54dcd226d647737e1040a5a480d177?s=96&d=mm&r=g\",\"caption\":\"Witold Tr\u00f3lka\"},\"url\":\"https:\\\/\\\/metropoliagzm.pl\\\/de\\\/author\\\/w-trolka\\\/\"}]}<\/script>\n<!-- \/ Yoast SEO plugin. -->","yoast_head_json":{"title":"Miasta Idei w Mys\u0142owicach. Niech \u017cyje rynek i nie tylko. - Metropolia GZM","description":"Oficjalny portal G\u00f3rno\u015bl\u0105sko-Zag\u0142\u0119biowskiej Metropolii","robots":{"index":"index","follow":"follow","max-snippet":"max-snippet:-1","max-image-preview":"max-image-preview:large","max-video-preview":"max-video-preview:-1"},"canonical":"https:\/\/metropoliagzm.pl\/de\/2020\/02\/26\/miasta-idei-w-myslowicach-niech-zyje-rynek-i-nie-tylko\/","twitter_card":"summary_large_image","twitter_title":"Miasta Idei w Mys\u0142owicach. Niech \u017cyje rynek i nie tylko. - Metropolia GZM","twitter_description":"Oficjalny portal G\u00f3rno\u015bl\u0105sko-Zag\u0142\u0119biowskiej Metropolii","twitter_image":"https:\/\/metropoliagzm.pl\/wp-content\/uploads\/2020\/02\/myslowice-ok-2-of-1.jpg","twitter_misc":{"Geschrieben von":"Witold Tr\u00f3lka","Gesch\u00e4tzte Lesezeit":"2\u00a0Minuten"},"schema":{"@context":"https:\/\/schema.org","@graph":[{"@type":"Article","@id":"https:\/\/metropoliagzm.pl\/de\/2020\/02\/26\/miasta-idei-w-myslowicach-niech-zyje-rynek-i-nie-tylko\/#article","isPartOf":{"@id":"https:\/\/metropoliagzm.pl\/de\/2020\/02\/26\/miasta-idei-w-myslowicach-niech-zyje-rynek-i-nie-tylko\/"},"author":{"name":"Witold Tr\u00f3lka","@id":"https:\/\/metropoliagzm.pl\/en\/#\/schema\/person\/96e19c492916cfe1ba595fd2f60d95b8"},"headline":"Miasta Idei w Mys\u0142owicach. Niech \u017cyje rynek i nie tylko.","datePublished":"2020-02-26T12:20:02+00:00","dateModified":"2020-02-26T12:38:49+00:00","mainEntityOfPage":{"@id":"https:\/\/metropoliagzm.pl\/de\/2020\/02\/26\/miasta-idei-w-myslowicach-niech-zyje-rynek-i-nie-tylko\/"},"wordCount":389,"publisher":{"@id":"https:\/\/metropoliagzm.pl\/en\/#organization"},"image":{"@id":"https:\/\/metropoliagzm.pl\/de\/2020\/02\/26\/miasta-idei-w-myslowicach-niech-zyje-rynek-i-nie-tylko\/#primaryimage"},"thumbnailUrl":"https:\/\/metropoliagzm.pl\/wp-content\/uploads\/2020\/02\/myslowice-ok-2-of-1.jpg","keywords":["Miasta Idei"],"articleSection":["Mieszka\u0144cy","Mys\u0142owice"],"inLanguage":"de"},{"@type":"WebPage","@id":"https:\/\/metropoliagzm.pl\/de\/2020\/02\/26\/miasta-idei-w-myslowicach-niech-zyje-rynek-i-nie-tylko\/","url":"https:\/\/metropoliagzm.pl\/de\/2020\/02\/26\/miasta-idei-w-myslowicach-niech-zyje-rynek-i-nie-tylko\/","name":"Miasta Idei w Mys\u0142owicach. Niech \u017cyje rynek i nie tylko. - Metropolia GZM","isPartOf":{"@id":"https:\/\/metropoliagzm.pl\/en\/#website"},"primaryImageOfPage":{"@id":"https:\/\/metropoliagzm.pl\/de\/2020\/02\/26\/miasta-idei-w-myslowicach-niech-zyje-rynek-i-nie-tylko\/#primaryimage"},"image":{"@id":"https:\/\/metropoliagzm.pl\/de\/2020\/02\/26\/miasta-idei-w-myslowicach-niech-zyje-rynek-i-nie-tylko\/#primaryimage"},"thumbnailUrl":"https:\/\/metropoliagzm.pl\/wp-content\/uploads\/2020\/02\/myslowice-ok-2-of-1.jpg","datePublished":"2020-02-26T12:20:02+00:00","dateModified":"2020-02-26T12:38:49+00:00","description":"Oficjalny portal G\u00f3rno\u015bl\u0105sko-Zag\u0142\u0119biowskiej Metropolii","breadcrumb":{"@id":"https:\/\/metropoliagzm.pl\/de\/2020\/02\/26\/miasta-idei-w-myslowicach-niech-zyje-rynek-i-nie-tylko\/#breadcrumb"},"inLanguage":"de","potentialAction":[{"@type":"ReadAction","target":["https:\/\/metropoliagzm.pl\/de\/2020\/02\/26\/miasta-idei-w-myslowicach-niech-zyje-rynek-i-nie-tylko\/"]}]},{"@type":"ImageObject","inLanguage":"de","@id":"https:\/\/metropoliagzm.pl\/de\/2020\/02\/26\/miasta-idei-w-myslowicach-niech-zyje-rynek-i-nie-tylko\/#primaryimage","url":"https:\/\/metropoliagzm.pl\/wp-content\/uploads\/2020\/02\/myslowice-ok-2-of-1.jpg","contentUrl":"https:\/\/metropoliagzm.pl\/wp-content\/uploads\/2020\/02\/myslowice-ok-2-of-1.jpg","width":1198,"height":800,"caption":"Foto: Metropolia GZM\/ Wojciech Mateusiak"},{"@type":"BreadcrumbList","@id":"https:\/\/metropoliagzm.pl\/de\/2020\/02\/26\/miasta-idei-w-myslowicach-niech-zyje-rynek-i-nie-tylko\/#breadcrumb","itemListElement":[{"@type":"ListItem","position":1,"name":"Strona g\u0142\u00f3wna","item":"https:\/\/metropoliagzm.pl\/"},{"@type":"ListItem","position":2,"name":"Miasta Idei w Mys\u0142owicach. Niech \u017cyje rynek i nie tylko."}]},{"@type":"WebSite","@id":"https:\/\/metropoliagzm.pl\/en\/#website","url":"https:\/\/metropoliagzm.pl\/en\/","name":"Metropolia GZM","description":"Oficjalny portal G\u00f3rno\u015bl\u0105sko-Zag\u0142\u0119biowskiej Metropolii","publisher":{"@id":"https:\/\/metropoliagzm.pl\/en\/#organization"},"potentialAction":[{"@type":"SearchAction","target":{"@type":"EntryPoint","urlTemplate":"https:\/\/metropoliagzm.pl\/en\/?s={search_term_string}"},"query-input":{"@type":"PropertyValueSpecification","valueRequired":true,"valueName":"search_term_string"}}],"inLanguage":"de"},{"@type":"Organization","@id":"https:\/\/metropoliagzm.pl\/en\/#organization","name":"Metropolia GZM","url":"https:\/\/metropoliagzm.pl\/en\/","logo":{"@type":"ImageObject","inLanguage":"de","@id":"https:\/\/metropoliagzm.pl\/en\/#\/schema\/logo\/image\/","url":"https:\/\/metropoliagzm.pl\/wp-content\/uploads\/2019\/03\/Sygnet-strona-glowna.png","contentUrl":"https:\/\/metropoliagzm.pl\/wp-content\/uploads\/2019\/03\/Sygnet-strona-glowna.png","width":36,"height":45,"caption":"Metropolia GZM"},"image":{"@id":"https:\/\/metropoliagzm.pl\/en\/#\/schema\/logo\/image\/"}},{"@type":"Person","@id":"https:\/\/metropoliagzm.pl\/en\/#\/schema\/person\/96e19c492916cfe1ba595fd2f60d95b8","name":"Witold Tr\u00f3lka","image":{"@type":"ImageObject","inLanguage":"de","@id":"https:\/\/secure.gravatar.com\/avatar\/71e0c635e405b4a3631033f0d6f49e682b54dcd226d647737e1040a5a480d177?s=96&d=mm&r=g","url":"https:\/\/secure.gravatar.com\/avatar\/71e0c635e405b4a3631033f0d6f49e682b54dcd226d647737e1040a5a480d177?s=96&d=mm&r=g","contentUrl":"https:\/\/secure.gravatar.com\/avatar\/71e0c635e405b4a3631033f0d6f49e682b54dcd226d647737e1040a5a480d177?s=96&d=mm&r=g","caption":"Witold Tr\u00f3lka"},"url":"https:\/\/metropoliagzm.pl\/de\/author\/w-trolka\/"}]}},"_links":{"self":[{"href":"https:\/\/metropoliagzm.pl\/de\/wp-json\/wp\/v2\/posts\/19511","targetHints":{"allow":["GET"]}}],"collection":[{"href":"https:\/\/metropoliagzm.pl\/de\/wp-json\/wp\/v2\/posts"}],"about":[{"href":"https:\/\/metropoliagzm.pl\/de\/wp-json\/wp\/v2\/types\/post"}],"author":[{"embeddable":true,"href":"https:\/\/metropoliagzm.pl\/de\/wp-json\/wp\/v2\/users\/140"}],"replies":[{"embeddable":true,"href":"https:\/\/metropoliagzm.pl\/de\/wp-json\/wp\/v2\/comments?post=19511"}],"version-history":[{"count":2,"href":"https:\/\/metropoliagzm.pl\/de\/wp-json\/wp\/v2\/posts\/19511\/revisions"}],"predecessor-version":[{"id":19520,"href":"https:\/\/metropoliagzm.pl\/de\/wp-json\/wp\/v2\/posts\/19511\/revisions\/19520"}],"wp:featuredmedia":[{"embeddable":true,"href":"https:\/\/metropoliagzm.pl\/de\/wp-json\/wp\/v2\/media\/19519"}],"wp:attachment":[{"href":"https:\/\/metropoliagzm.pl\/de\/wp-json\/wp\/v2\/media?parent=19511"}],"wp:term":[{"taxonomy":"category","embeddable":true,"href":"https:\/\/metropoliagzm.pl\/de\/wp-json\/wp\/v2\/categories?post=19511"},{"taxonomy":"post_tag","embeddable":true,"href":"https:\/\/metropoliagzm.pl\/de\/wp-json\/wp\/v2\/tags?post=19511"}],"curies":[{"name":"wp","href":"https:\/\/api.w.org\/{rel}","templated":true}]}}