{"id":20402,"date":"2020-03-18T10:01:55","date_gmt":"2020-03-18T09:01:55","guid":{"rendered":"https:\/\/metropoliagzm.pl\/?p=20402"},"modified":"2020-03-18T10:01:56","modified_gmt":"2020-03-18T09:01:56","slug":"zabrzanska-mlodziez-wrocila-szczesliwie-z-hiszpanii-do-kraju","status":"publish","type":"post","link":"https:\/\/metropoliagzm.pl\/de\/2020\/03\/18\/zabrzanska-mlodziez-wrocila-szczesliwie-z-hiszpanii-do-kraju\/","title":{"rendered":"Zabrza\u0144ska m\u0142odzie\u017c wr\u00f3ci\u0142a szcz\u0119\u015bliwie z Hiszpanii do kraju"},"content":{"rendered":"<div class=\"pdf-block\"><div class=\"pdfprnt-buttons  pdfprnt-new pdfprnt-buttons-post pdfprnt-top-right\"><div class=\"jssocials-share jssocials-share-twitter\"><a target=\"_blank\" href=\"https:\/\/twitter.com\/share?url=https:\/\/metropoliagzm.pl\/de\/wp-json\/wp\/v2\/posts\/20402;text=20402\" class=\"jssocials-share-link\"><i class=\"fa fa-twitter jssocials-share-logo\"><\/i><\/a><\/div><div class=\"jssocials-share jssocials-share-facebook\"><a target=\"_blank\" href=\"https:\/\/facebook.com\/sharer\/sharer.php?u=https:\/\/metropoliagzm.pl\/de\/wp-json\/wp\/v2\/posts\/20402\" class=\"jssocials-share-link\"><i class=\"fa fa-facebook jssocials-share-logo\"><\/i><\/a><\/div><div class=\"jssocials-share jssocials-share-pinterest\"><a target=\"_blank\" href=\"https:\/\/pinterest.com\/pin\/create\/bookmarklet\/?&amp;url=https:\/\/metropoliagzm.pl\/de\/wp-json\/wp\/v2\/posts\/20402;description=20402\" class=\"jssocials-share-link\"><i class=\"fa fa-pinterest jssocials-share-logo\"><\/i><\/a><\/div><a href=\"https:\/\/metropoliagzm.pl\/de\/wp-json\/wp\/v2\/posts\/20402?print=pdf\" class=\"pdfprnt-button pdfprnt-button-pdf\" target=\"_blank\"><img decoding=\"async\" src=\"https:\/\/metropoliagzm.pl\/wp-content\/plugins\/pdf-print\/images\/pdf.png\" alt=\"image_pdf\" title=\"View PDF\" \/><\/a><a href=\"https:\/\/metropoliagzm.pl\/de\/wp-json\/wp\/v2\/posts\/20402?print=print\" class=\"pdfprnt-button pdfprnt-button-print\" target=\"_blank\"><img decoding=\"async\" src=\"https:\/\/metropoliagzm.pl\/wp-content\/plugins\/pdf-print\/images\/print.png\" alt=\"image_print\" title=\"Print Content\" \/><\/a><\/div><\/div><div class=\"post-block-pdf\"><div class=\"pdfprnt-buttons pdfprnt-buttons-post pdfprnt-top-right\"><a href=\"https:\/\/metropoliagzm.pl\/de\/wp-json\/wp\/v2\/posts\/20402?print=pdf\" class=\"pdfprnt-button pdfprnt-button-pdf\" target=\"_blank\"><img decoding=\"async\" src=\"https:\/\/metropoliagzm.pl\/wp-content\/plugins\/pdf-print\/images\/pdf.png\" alt=\"image_pdf\" title=\"View PDF\" \/><\/a><a href=\"https:\/\/metropoliagzm.pl\/de\/wp-json\/wp\/v2\/posts\/20402?print=print\" class=\"pdfprnt-button pdfprnt-button-print\" target=\"_blank\"><img decoding=\"async\" src=\"https:\/\/metropoliagzm.pl\/wp-content\/plugins\/pdf-print\/images\/print.png\" alt=\"image_print\" title=\"Print Content\" \/><\/a><\/div>\n<p><strong>Dzisiaj, w godzinach popo\u0142udniowych, do Zabrza wr\u00f3ci\u0142a grupa m\u0142odzie\u017cy, kt\u00f3ra przebywa\u0142a w hiszpa\u0144skiej Kordobie na praktykach zawodowych.<\/strong><\/p>\n\n\n\n<p>Zesp\u00f3\u0142 zadaniowy powo\u0142any przez prezydent Zabrza Ma\u0142gorzat\u0119 Ma\u0144k\u0119-Szulik 10 marca podj\u0105\u0142 si\u0119 sprowadzenia do kraju grupy 22 uczni\u00f3w zabrza\u0144skich plac\u00f3wek o\u015bwiatowych, kt\u00f3rzy przebywali na terenie Hiszpanii. M\u0142odzie\u017c wyjecha\u0142a na praktyki zawodowe w Kordobie 29 lutego. Zosta\u0142y one zrganizowane w ramach programu \u201ePOWER \u2013 rzeczywisto\u015b\u0107 zawodowa w Hiszpanii\u201d. Z powodu dynamicznie rozwijaj\u0105cej si\u0119 sytuacji zwi\u0105zanej z pandemi\u0105 SARS-CoV-2, koordynatorzy projektu z ramienia Wydzia\u0142u O\u015bwiaty Urz\u0119du Miejskiego w Zabrzu zdecydowali o skr\u00f3ceniu pobytu m\u0142odzie\u017cy.<\/p>\n\n\n\n<p>11 marca koordynatorzy kilkukrotnie podj\u0119li pr\u00f3b\u0119 zakupu bilet\u00f3w lotniczych, kt\u00f3ra nie powiod\u0142a si\u0119 ze wzgl\u0119du na brak miejsc w samolotach. W zwi\u0105zku z pogarszaj\u0105c\u0105 si\u0119 sytuacj\u0105 epidemiczn\u0105, zdecydowano si\u0119 niezw\u0142ocznie sprowadzi\u0107 do kraju.<\/p>\n\n\n\n<p>W pierwszej kolejno\u015bci ZKOL zwr\u00f3ci\u0142 si\u0119 do s\u0142u\u017cb Wojewody \u015al\u0105skiego, kt\u00f3ry przekaza\u0142 bezpo\u015bredni kontakt do zespo\u0142u kryzysowego powo\u0142anego w Ministerstwie Spraw Zagranicznych Rzeczypospolitej Polskiej. MSZ wskaza\u0142o mo\u017cliwe \u015bcie\u017cki powrotu lotniczego przez Belgi\u0119, Holandi\u0119 lub Niemcy. W momencie opracowania trasy przelotu i dokonania rezerwacji bilet\u00f3w, s\u0142u\u017cby konsularne w Madrycie poinformowa\u0142y, \u017ce powr\u00f3t przez Bruksel\u0119 nie b\u0119dzie mo\u017cliwy z powodu odwo\u0142ywania lot\u00f3w.<\/p>\n\n\n\n<p>12 marca podj\u0119to decyzj, by m\u0142odzie\u017c wr\u00f3ci\u0142a do Polski autobusem. W ramach wsp\u00f3\u0142pracy z MSZ i grup\u0105 \u0142\u0105cznik\u00f3w stra\u017cy granicznej przekazano wszystkim s\u0142u\u017cbom kraj\u00f3w tranzytowych tras\u0119 i dane dot. autobusu. Pozyskana zosta\u0142a r\u00f3wnie\u017c informacja o planach wprowadzenia na terenie Hiszpanii stanu wyj\u0105tkowego. W efekcie, uczni\u00f3w przewieziono na odcinku 1000 km autokarem hiszpa\u0144skiego partnera projektu, a\u017c do granicy hiszpa\u0144sko-francuskiej. Tam m\u0142odzie\u017c przebywa\u0142a w hotelu, czekaj\u0105c na przyjazd autobusu z Polski.<\/p>\n\n\n\n<p>15 marca, o godz. 2.50, grupa przekroczy\u0142a granic\u0119 hiszpa\u0144sko-francusk\u0105, a nast\u0119pnie autokarem z Polski ruszy\u0142a w kierunku granicy z Niemcami. W mi\u0119dzyczasie s\u0142u\u017cby MSZ przekaza\u0142y informacj\u0119 o planowanym zamkni\u0119ciu granicy francusko-niemieckiej, kt\u00f3re mia\u0142o nast\u0105pi\u0107 16 marca, o godz. 8.00. Autobus z uczniami znajdowa\u0142 si\u0119 w okolicach Lyonu. Z uwagi na intensywny ruch drogowy nie istnia\u0142a mo\u017cliwo\u015b\u0107 dotarcia na granic\u0119 przed jej zamkni\u0119ciem.<\/p>\n\n\n\n<p>ZKOL skontaktowa\u0142 si\u0119 z MSZ w celu umo\u017cliwienia przejazdu m\u0142odzie\u017cy przez granic\u0119 francusko-niemieck\u0105. Ustalono wraz z MSZ w\u0142a\u015bciwe przej\u015bcie graniczne, kt\u00f3rym autokar m\u00f3g\u0142 sprawnie przejecha\u0107. Podr\u00f3\u017c przez Niemcy przebieg\u0142a bez zak\u0142\u00f3ce\u0144. Oko\u0142o godz. 3.00 grupa m\u0142odzie\u017cy doje\u017cd\u017ca\u0142a do granicy z Polsk\u0105, gdzie okres oczekiwania na wjazd do kraju wynosi\u0142 wiele godzin. Opracowano spos\u00f3b na skr\u00f3cenie czasu przejazdu, kt\u00f3ry polega\u0142 na wys\u0142aniu z Zabrza kolejnego autokaru. Przej\u015bcie w Zgorzelcu uczniowie pokonali pieszo, a nast\u0119pnie autokarem ruszyli do Zabrza. To dzia\u0142anie skr\u00f3ci\u0142o podr\u00f3\u017c o ok. 15 godzin.<\/p>\n\n\n\n<p>M\u0142odzie\u017c dotar\u0142a do Zabrza dzi\u015b w godzinach popo\u0142udniowych. Wszyscy uczniowie oraz dwoje nauczycieli zostali obj\u0119ci zbiorow\u0105 kwarantann\u0105.<\/p>\n\n\n\n<p>Z zagranicy indywidualnie powracaj\u0105 r\u00f3wnie\u017c inni mieszka\u0144cy Zabrza. W zwi\u0105zku z czym w chwili obecnej 93 osoby w mie\u015bcie poddane s\u0105 kwarantannie.<\/p>\n\n\n\n<p>\u0179r\u00f3d\u0142o: UM Zabrze<\/p>\n<div class=\"post-author\" style=\"font-size:13px\">Micha\u0142 Nowak<\/div><\/div>","protected":false},"excerpt":{"rendered":"<p>Dzisiaj, w godzinach popo\u0142udniowych, do Zabrza wr\u00f3ci\u0142a grupa m\u0142odzie\u017cy, kt\u00f3ra przebywa\u0142a w hiszpa\u0144skiej Kordobie na praktykach zawodowych. Zesp\u00f3\u0142 zadaniowy powo\u0142any przez prezydent Zabrza Ma\u0142gorzat\u0119 Ma\u0144k\u0119-Szulik 10 marca podj\u0105\u0142 si\u0119 sprowadzenia do kraju grupy 22 uczni\u00f3w zabrza\u0144skich plac\u00f3wek o\u015bwiatowych, kt\u00f3rzy przebywali na terenie Hiszpanii. M\u0142odzie\u017c wyjecha\u0142a&#8230;<\/p>","protected":false},"author":134,"featured_media":20403,"comment_status":"closed","ping_status":"closed","sticky":false,"template":"","format":"standard","meta":{"_acf_changed":false,"footnotes":""},"categories":[1926,242,234],"tags":[497],"class_list":["post-20402","post","type-post","status-publish","format-standard","has-post-thumbnail","hentry","category-koronawirus","category-mieszkancy","category-zabrze","tag-zabrze"],"acf":[],"yoast_head":"<!-- This site is optimized with the Yoast SEO plugin v27.4 - https:\/\/yoast.com\/product\/yoast-seo-wordpress\/ -->\n<title>Zabrza\u0144ska m\u0142odzie\u017c wr\u00f3ci\u0142a szcz\u0119\u015bliwie z Hiszpanii do kraju - Metropolia GZM<\/title>\n<meta name=\"description\" content=\"Oficjalny portal G\u00f3rno\u015bl\u0105sko-Zag\u0142\u0119biowskiej Metropolii\" \/>\n<meta name=\"robots\" content=\"index, follow, max-snippet:-1, max-image-preview:large, max-video-preview:-1\" \/>\n<link rel=\"canonical\" href=\"http:\/\/metropoliagzm.pl\/de\/2020\/03\/18\/zabrzanska-mlodziez-wrocila-szczesliwie-z-hiszpanii-do-kraju\/\" \/>\n<meta name=\"twitter:card\" content=\"summary_large_image\" \/>\n<meta name=\"twitter:title\" content=\"Zabrza\u0144ska m\u0142odzie\u017c wr\u00f3ci\u0142a szcz\u0119\u015bliwie z Hiszpanii do kraju - Metropolia GZM\" \/>\n<meta name=\"twitter:description\" content=\"Oficjalny portal G\u00f3rno\u015bl\u0105sko-Zag\u0142\u0119biowskiej Metropolii\" \/>\n<meta name=\"twitter:image\" content=\"https:\/\/metropoliagzm.pl\/wp-content\/uploads\/2020\/03\/spain-379535_1280.jpg\" \/>\n<meta name=\"twitter:label1\" content=\"Geschrieben von\" \/>\n\t<meta name=\"twitter:data1\" content=\"Micha\u0142 Nowak\" \/>\n\t<meta name=\"twitter:label2\" content=\"Gesch\u00e4tzte Lesezeit\" \/>\n\t<meta name=\"twitter:data2\" content=\"3\u00a0Minuten\" \/>\n<script type=\"application\/ld+json\" class=\"yoast-schema-graph\">{\"@context\":\"https:\\\/\\\/schema.org\",\"@graph\":[{\"@type\":\"Article\",\"@id\":\"http:\\\/\\\/metropoliagzm.pl\\\/de\\\/2020\\\/03\\\/18\\\/zabrzanska-mlodziez-wrocila-szczesliwie-z-hiszpanii-do-kraju\\\/#article\",\"isPartOf\":{\"@id\":\"http:\\\/\\\/metropoliagzm.pl\\\/de\\\/2020\\\/03\\\/18\\\/zabrzanska-mlodziez-wrocila-szczesliwie-z-hiszpanii-do-kraju\\\/\"},\"author\":{\"name\":\"Micha\u0142 Nowak\",\"@id\":\"https:\\\/\\\/metropoliagzm.pl\\\/en\\\/#\\\/schema\\\/person\\\/9e7660ba27bc92881ef16c6fc34ae962\"},\"headline\":\"Zabrza\u0144ska m\u0142odzie\u017c wr\u00f3ci\u0142a szcz\u0119\u015bliwie z Hiszpanii do kraju\",\"datePublished\":\"2020-03-18T09:01:55+00:00\",\"dateModified\":\"2020-03-18T09:01:56+00:00\",\"mainEntityOfPage\":{\"@id\":\"http:\\\/\\\/metropoliagzm.pl\\\/de\\\/2020\\\/03\\\/18\\\/zabrzanska-mlodziez-wrocila-szczesliwie-z-hiszpanii-do-kraju\\\/\"},\"wordCount\":566,\"publisher\":{\"@id\":\"https:\\\/\\\/metropoliagzm.pl\\\/en\\\/#organization\"},\"image\":{\"@id\":\"http:\\\/\\\/metropoliagzm.pl\\\/de\\\/2020\\\/03\\\/18\\\/zabrzanska-mlodziez-wrocila-szczesliwie-z-hiszpanii-do-kraju\\\/#primaryimage\"},\"thumbnailUrl\":\"https:\\\/\\\/metropoliagzm.pl\\\/wp-content\\\/uploads\\\/2020\\\/03\\\/spain-379535_1280.jpg\",\"keywords\":[\"zabrze\"],\"articleSection\":[\"Koronawirus\",\"Mieszka\u0144cy\",\"Zabrze\"],\"inLanguage\":\"de\"},{\"@type\":\"WebPage\",\"@id\":\"http:\\\/\\\/metropoliagzm.pl\\\/de\\\/2020\\\/03\\\/18\\\/zabrzanska-mlodziez-wrocila-szczesliwie-z-hiszpanii-do-kraju\\\/\",\"url\":\"http:\\\/\\\/metropoliagzm.pl\\\/de\\\/2020\\\/03\\\/18\\\/zabrzanska-mlodziez-wrocila-szczesliwie-z-hiszpanii-do-kraju\\\/\",\"name\":\"Zabrza\u0144ska m\u0142odzie\u017c wr\u00f3ci\u0142a szcz\u0119\u015bliwie z Hiszpanii do kraju - Metropolia GZM\",\"isPartOf\":{\"@id\":\"https:\\\/\\\/metropoliagzm.pl\\\/en\\\/#website\"},\"primaryImageOfPage\":{\"@id\":\"http:\\\/\\\/metropoliagzm.pl\\\/de\\\/2020\\\/03\\\/18\\\/zabrzanska-mlodziez-wrocila-szczesliwie-z-hiszpanii-do-kraju\\\/#primaryimage\"},\"image\":{\"@id\":\"http:\\\/\\\/metropoliagzm.pl\\\/de\\\/2020\\\/03\\\/18\\\/zabrzanska-mlodziez-wrocila-szczesliwie-z-hiszpanii-do-kraju\\\/#primaryimage\"},\"thumbnailUrl\":\"https:\\\/\\\/metropoliagzm.pl\\\/wp-content\\\/uploads\\\/2020\\\/03\\\/spain-379535_1280.jpg\",\"datePublished\":\"2020-03-18T09:01:55+00:00\",\"dateModified\":\"2020-03-18T09:01:56+00:00\",\"description\":\"Oficjalny portal G\u00f3rno\u015bl\u0105sko-Zag\u0142\u0119biowskiej Metropolii\",\"breadcrumb\":{\"@id\":\"http:\\\/\\\/metropoliagzm.pl\\\/de\\\/2020\\\/03\\\/18\\\/zabrzanska-mlodziez-wrocila-szczesliwie-z-hiszpanii-do-kraju\\\/#breadcrumb\"},\"inLanguage\":\"de\",\"potentialAction\":[{\"@type\":\"ReadAction\",\"target\":[\"http:\\\/\\\/metropoliagzm.pl\\\/de\\\/2020\\\/03\\\/18\\\/zabrzanska-mlodziez-wrocila-szczesliwie-z-hiszpanii-do-kraju\\\/\"]}]},{\"@type\":\"ImageObject\",\"inLanguage\":\"de\",\"@id\":\"http:\\\/\\\/metropoliagzm.pl\\\/de\\\/2020\\\/03\\\/18\\\/zabrzanska-mlodziez-wrocila-szczesliwie-z-hiszpanii-do-kraju\\\/#primaryimage\",\"url\":\"https:\\\/\\\/metropoliagzm.pl\\\/wp-content\\\/uploads\\\/2020\\\/03\\\/spain-379535_1280.jpg\",\"contentUrl\":\"https:\\\/\\\/metropoliagzm.pl\\\/wp-content\\\/uploads\\\/2020\\\/03\\\/spain-379535_1280.jpg\",\"width\":1280,\"height\":960,\"caption\":\"Fot. Pixabay.com\"},{\"@type\":\"BreadcrumbList\",\"@id\":\"http:\\\/\\\/metropoliagzm.pl\\\/de\\\/2020\\\/03\\\/18\\\/zabrzanska-mlodziez-wrocila-szczesliwie-z-hiszpanii-do-kraju\\\/#breadcrumb\",\"itemListElement\":[{\"@type\":\"ListItem\",\"position\":1,\"name\":\"Strona g\u0142\u00f3wna\",\"item\":\"https:\\\/\\\/metropoliagzm.pl\\\/\"},{\"@type\":\"ListItem\",\"position\":2,\"name\":\"Zabrza\u0144ska m\u0142odzie\u017c wr\u00f3ci\u0142a szcz\u0119\u015bliwie z Hiszpanii do kraju\"}]},{\"@type\":\"WebSite\",\"@id\":\"https:\\\/\\\/metropoliagzm.pl\\\/en\\\/#website\",\"url\":\"https:\\\/\\\/metropoliagzm.pl\\\/en\\\/\",\"name\":\"Metropolia GZM\",\"description\":\"Oficjalny portal G\u00f3rno\u015bl\u0105sko-Zag\u0142\u0119biowskiej Metropolii\",\"publisher\":{\"@id\":\"https:\\\/\\\/metropoliagzm.pl\\\/en\\\/#organization\"},\"potentialAction\":[{\"@type\":\"SearchAction\",\"target\":{\"@type\":\"EntryPoint\",\"urlTemplate\":\"https:\\\/\\\/metropoliagzm.pl\\\/en\\\/?s={search_term_string}\"},\"query-input\":{\"@type\":\"PropertyValueSpecification\",\"valueRequired\":true,\"valueName\":\"search_term_string\"}}],\"inLanguage\":\"de\"},{\"@type\":\"Organization\",\"@id\":\"https:\\\/\\\/metropoliagzm.pl\\\/en\\\/#organization\",\"name\":\"Metropolia GZM\",\"url\":\"https:\\\/\\\/metropoliagzm.pl\\\/en\\\/\",\"logo\":{\"@type\":\"ImageObject\",\"inLanguage\":\"de\",\"@id\":\"https:\\\/\\\/metropoliagzm.pl\\\/en\\\/#\\\/schema\\\/logo\\\/image\\\/\",\"url\":\"https:\\\/\\\/metropoliagzm.pl\\\/wp-content\\\/uploads\\\/2019\\\/03\\\/Sygnet-strona-glowna.png\",\"contentUrl\":\"https:\\\/\\\/metropoliagzm.pl\\\/wp-content\\\/uploads\\\/2019\\\/03\\\/Sygnet-strona-glowna.png\",\"width\":36,\"height\":45,\"caption\":\"Metropolia GZM\"},\"image\":{\"@id\":\"https:\\\/\\\/metropoliagzm.pl\\\/en\\\/#\\\/schema\\\/logo\\\/image\\\/\"}},{\"@type\":\"Person\",\"@id\":\"https:\\\/\\\/metropoliagzm.pl\\\/en\\\/#\\\/schema\\\/person\\\/9e7660ba27bc92881ef16c6fc34ae962\",\"name\":\"Micha\u0142 Nowak\",\"image\":{\"@type\":\"ImageObject\",\"inLanguage\":\"de\",\"@id\":\"https:\\\/\\\/secure.gravatar.com\\\/avatar\\\/2d51f070ccac4989b201dc1a42c3a6d46ff007fc5e569ff280535ab8e8122a59?s=96&d=mm&r=g\",\"url\":\"https:\\\/\\\/secure.gravatar.com\\\/avatar\\\/2d51f070ccac4989b201dc1a42c3a6d46ff007fc5e569ff280535ab8e8122a59?s=96&d=mm&r=g\",\"contentUrl\":\"https:\\\/\\\/secure.gravatar.com\\\/avatar\\\/2d51f070ccac4989b201dc1a42c3a6d46ff007fc5e569ff280535ab8e8122a59?s=96&d=mm&r=g\",\"caption\":\"Micha\u0142 Nowak\"},\"url\":\"https:\\\/\\\/metropoliagzm.pl\\\/de\\\/author\\\/michal-nowak\\\/\"}]}<\/script>\n<!-- \/ Yoast SEO plugin. -->","yoast_head_json":{"title":"Zabrza\u0144ska m\u0142odzie\u017c wr\u00f3ci\u0142a szcz\u0119\u015bliwie z Hiszpanii do kraju - Metropolia GZM","description":"Oficjalny portal G\u00f3rno\u015bl\u0105sko-Zag\u0142\u0119biowskiej Metropolii","robots":{"index":"index","follow":"follow","max-snippet":"max-snippet:-1","max-image-preview":"max-image-preview:large","max-video-preview":"max-video-preview:-1"},"canonical":"http:\/\/metropoliagzm.pl\/de\/2020\/03\/18\/zabrzanska-mlodziez-wrocila-szczesliwie-z-hiszpanii-do-kraju\/","twitter_card":"summary_large_image","twitter_title":"Zabrza\u0144ska m\u0142odzie\u017c wr\u00f3ci\u0142a szcz\u0119\u015bliwie z Hiszpanii do kraju - Metropolia GZM","twitter_description":"Oficjalny portal G\u00f3rno\u015bl\u0105sko-Zag\u0142\u0119biowskiej Metropolii","twitter_image":"https:\/\/metropoliagzm.pl\/wp-content\/uploads\/2020\/03\/spain-379535_1280.jpg","twitter_misc":{"Geschrieben von":"Micha\u0142 Nowak","Gesch\u00e4tzte Lesezeit":"3\u00a0Minuten"},"schema":{"@context":"https:\/\/schema.org","@graph":[{"@type":"Article","@id":"http:\/\/metropoliagzm.pl\/de\/2020\/03\/18\/zabrzanska-mlodziez-wrocila-szczesliwie-z-hiszpanii-do-kraju\/#article","isPartOf":{"@id":"http:\/\/metropoliagzm.pl\/de\/2020\/03\/18\/zabrzanska-mlodziez-wrocila-szczesliwie-z-hiszpanii-do-kraju\/"},"author":{"name":"Micha\u0142 Nowak","@id":"https:\/\/metropoliagzm.pl\/en\/#\/schema\/person\/9e7660ba27bc92881ef16c6fc34ae962"},"headline":"Zabrza\u0144ska m\u0142odzie\u017c wr\u00f3ci\u0142a szcz\u0119\u015bliwie z Hiszpanii do kraju","datePublished":"2020-03-18T09:01:55+00:00","dateModified":"2020-03-18T09:01:56+00:00","mainEntityOfPage":{"@id":"http:\/\/metropoliagzm.pl\/de\/2020\/03\/18\/zabrzanska-mlodziez-wrocila-szczesliwie-z-hiszpanii-do-kraju\/"},"wordCount":566,"publisher":{"@id":"https:\/\/metropoliagzm.pl\/en\/#organization"},"image":{"@id":"http:\/\/metropoliagzm.pl\/de\/2020\/03\/18\/zabrzanska-mlodziez-wrocila-szczesliwie-z-hiszpanii-do-kraju\/#primaryimage"},"thumbnailUrl":"https:\/\/metropoliagzm.pl\/wp-content\/uploads\/2020\/03\/spain-379535_1280.jpg","keywords":["zabrze"],"articleSection":["Koronawirus","Mieszka\u0144cy","Zabrze"],"inLanguage":"de"},{"@type":"WebPage","@id":"http:\/\/metropoliagzm.pl\/de\/2020\/03\/18\/zabrzanska-mlodziez-wrocila-szczesliwie-z-hiszpanii-do-kraju\/","url":"http:\/\/metropoliagzm.pl\/de\/2020\/03\/18\/zabrzanska-mlodziez-wrocila-szczesliwie-z-hiszpanii-do-kraju\/","name":"Zabrza\u0144ska m\u0142odzie\u017c wr\u00f3ci\u0142a szcz\u0119\u015bliwie z Hiszpanii do kraju - Metropolia GZM","isPartOf":{"@id":"https:\/\/metropoliagzm.pl\/en\/#website"},"primaryImageOfPage":{"@id":"http:\/\/metropoliagzm.pl\/de\/2020\/03\/18\/zabrzanska-mlodziez-wrocila-szczesliwie-z-hiszpanii-do-kraju\/#primaryimage"},"image":{"@id":"http:\/\/metropoliagzm.pl\/de\/2020\/03\/18\/zabrzanska-mlodziez-wrocila-szczesliwie-z-hiszpanii-do-kraju\/#primaryimage"},"thumbnailUrl":"https:\/\/metropoliagzm.pl\/wp-content\/uploads\/2020\/03\/spain-379535_1280.jpg","datePublished":"2020-03-18T09:01:55+00:00","dateModified":"2020-03-18T09:01:56+00:00","description":"Oficjalny portal G\u00f3rno\u015bl\u0105sko-Zag\u0142\u0119biowskiej Metropolii","breadcrumb":{"@id":"http:\/\/metropoliagzm.pl\/de\/2020\/03\/18\/zabrzanska-mlodziez-wrocila-szczesliwie-z-hiszpanii-do-kraju\/#breadcrumb"},"inLanguage":"de","potentialAction":[{"@type":"ReadAction","target":["http:\/\/metropoliagzm.pl\/de\/2020\/03\/18\/zabrzanska-mlodziez-wrocila-szczesliwie-z-hiszpanii-do-kraju\/"]}]},{"@type":"ImageObject","inLanguage":"de","@id":"http:\/\/metropoliagzm.pl\/de\/2020\/03\/18\/zabrzanska-mlodziez-wrocila-szczesliwie-z-hiszpanii-do-kraju\/#primaryimage","url":"https:\/\/metropoliagzm.pl\/wp-content\/uploads\/2020\/03\/spain-379535_1280.jpg","contentUrl":"https:\/\/metropoliagzm.pl\/wp-content\/uploads\/2020\/03\/spain-379535_1280.jpg","width":1280,"height":960,"caption":"Fot. Pixabay.com"},{"@type":"BreadcrumbList","@id":"http:\/\/metropoliagzm.pl\/de\/2020\/03\/18\/zabrzanska-mlodziez-wrocila-szczesliwie-z-hiszpanii-do-kraju\/#breadcrumb","itemListElement":[{"@type":"ListItem","position":1,"name":"Strona g\u0142\u00f3wna","item":"https:\/\/metropoliagzm.pl\/"},{"@type":"ListItem","position":2,"name":"Zabrza\u0144ska m\u0142odzie\u017c wr\u00f3ci\u0142a szcz\u0119\u015bliwie z Hiszpanii do kraju"}]},{"@type":"WebSite","@id":"https:\/\/metropoliagzm.pl\/en\/#website","url":"https:\/\/metropoliagzm.pl\/en\/","name":"Metropolia GZM","description":"Oficjalny portal G\u00f3rno\u015bl\u0105sko-Zag\u0142\u0119biowskiej Metropolii","publisher":{"@id":"https:\/\/metropoliagzm.pl\/en\/#organization"},"potentialAction":[{"@type":"SearchAction","target":{"@type":"EntryPoint","urlTemplate":"https:\/\/metropoliagzm.pl\/en\/?s={search_term_string}"},"query-input":{"@type":"PropertyValueSpecification","valueRequired":true,"valueName":"search_term_string"}}],"inLanguage":"de"},{"@type":"Organization","@id":"https:\/\/metropoliagzm.pl\/en\/#organization","name":"Metropolia GZM","url":"https:\/\/metropoliagzm.pl\/en\/","logo":{"@type":"ImageObject","inLanguage":"de","@id":"https:\/\/metropoliagzm.pl\/en\/#\/schema\/logo\/image\/","url":"https:\/\/metropoliagzm.pl\/wp-content\/uploads\/2019\/03\/Sygnet-strona-glowna.png","contentUrl":"https:\/\/metropoliagzm.pl\/wp-content\/uploads\/2019\/03\/Sygnet-strona-glowna.png","width":36,"height":45,"caption":"Metropolia GZM"},"image":{"@id":"https:\/\/metropoliagzm.pl\/en\/#\/schema\/logo\/image\/"}},{"@type":"Person","@id":"https:\/\/metropoliagzm.pl\/en\/#\/schema\/person\/9e7660ba27bc92881ef16c6fc34ae962","name":"Micha\u0142 Nowak","image":{"@type":"ImageObject","inLanguage":"de","@id":"https:\/\/secure.gravatar.com\/avatar\/2d51f070ccac4989b201dc1a42c3a6d46ff007fc5e569ff280535ab8e8122a59?s=96&d=mm&r=g","url":"https:\/\/secure.gravatar.com\/avatar\/2d51f070ccac4989b201dc1a42c3a6d46ff007fc5e569ff280535ab8e8122a59?s=96&d=mm&r=g","contentUrl":"https:\/\/secure.gravatar.com\/avatar\/2d51f070ccac4989b201dc1a42c3a6d46ff007fc5e569ff280535ab8e8122a59?s=96&d=mm&r=g","caption":"Micha\u0142 Nowak"},"url":"https:\/\/metropoliagzm.pl\/de\/author\/michal-nowak\/"}]}},"_links":{"self":[{"href":"https:\/\/metropoliagzm.pl\/de\/wp-json\/wp\/v2\/posts\/20402","targetHints":{"allow":["GET"]}}],"collection":[{"href":"https:\/\/metropoliagzm.pl\/de\/wp-json\/wp\/v2\/posts"}],"about":[{"href":"https:\/\/metropoliagzm.pl\/de\/wp-json\/wp\/v2\/types\/post"}],"author":[{"embeddable":true,"href":"https:\/\/metropoliagzm.pl\/de\/wp-json\/wp\/v2\/users\/134"}],"replies":[{"embeddable":true,"href":"https:\/\/metropoliagzm.pl\/de\/wp-json\/wp\/v2\/comments?post=20402"}],"version-history":[{"count":1,"href":"https:\/\/metropoliagzm.pl\/de\/wp-json\/wp\/v2\/posts\/20402\/revisions"}],"predecessor-version":[{"id":20405,"href":"https:\/\/metropoliagzm.pl\/de\/wp-json\/wp\/v2\/posts\/20402\/revisions\/20405"}],"wp:featuredmedia":[{"embeddable":true,"href":"https:\/\/metropoliagzm.pl\/de\/wp-json\/wp\/v2\/media\/20403"}],"wp:attachment":[{"href":"https:\/\/metropoliagzm.pl\/de\/wp-json\/wp\/v2\/media?parent=20402"}],"wp:term":[{"taxonomy":"category","embeddable":true,"href":"https:\/\/metropoliagzm.pl\/de\/wp-json\/wp\/v2\/categories?post=20402"},{"taxonomy":"post_tag","embeddable":true,"href":"https:\/\/metropoliagzm.pl\/de\/wp-json\/wp\/v2\/tags?post=20402"}],"curies":[{"name":"wp","href":"https:\/\/api.w.org\/{rel}","templated":true}]}}