{"id":22580,"date":"2020-04-20T09:41:28","date_gmt":"2020-04-20T07:41:28","guid":{"rendered":"https:\/\/metropoliagzm.pl\/?p=22580"},"modified":"2020-04-20T09:41:29","modified_gmt":"2020-04-20T07:41:29","slug":"bulwary-klodnicy-bedzie-jazda","status":"publish","type":"post","link":"https:\/\/metropoliagzm.pl\/de\/2020\/04\/20\/bulwary-klodnicy-bedzie-jazda\/","title":{"rendered":"Bulwary K\u0142odnicy. B\u0119dzie jazda!"},"content":{"rendered":"<div class=\"pdf-block\"><div class=\"pdfprnt-buttons  pdfprnt-new pdfprnt-buttons-post pdfprnt-top-right\"><div class=\"jssocials-share jssocials-share-twitter\"><a target=\"_blank\" href=\"https:\/\/twitter.com\/share?url=https:\/\/metropoliagzm.pl\/de\/wp-json\/wp\/v2\/posts\/22580;text=22580\" class=\"jssocials-share-link\"><i class=\"fa fa-twitter jssocials-share-logo\"><\/i><\/a><\/div><div class=\"jssocials-share jssocials-share-facebook\"><a target=\"_blank\" href=\"https:\/\/facebook.com\/sharer\/sharer.php?u=https:\/\/metropoliagzm.pl\/de\/wp-json\/wp\/v2\/posts\/22580\" class=\"jssocials-share-link\"><i class=\"fa fa-facebook jssocials-share-logo\"><\/i><\/a><\/div><div class=\"jssocials-share jssocials-share-pinterest\"><a target=\"_blank\" href=\"https:\/\/pinterest.com\/pin\/create\/bookmarklet\/?&amp;url=https:\/\/metropoliagzm.pl\/de\/wp-json\/wp\/v2\/posts\/22580;description=22580\" class=\"jssocials-share-link\"><i class=\"fa fa-pinterest jssocials-share-logo\"><\/i><\/a><\/div><a href=\"https:\/\/metropoliagzm.pl\/de\/wp-json\/wp\/v2\/posts\/22580?print=pdf\" class=\"pdfprnt-button pdfprnt-button-pdf\" target=\"_blank\"><img decoding=\"async\" src=\"https:\/\/metropoliagzm.pl\/wp-content\/plugins\/pdf-print\/images\/pdf.png\" alt=\"image_pdf\" title=\"View PDF\" \/><\/a><a href=\"https:\/\/metropoliagzm.pl\/de\/wp-json\/wp\/v2\/posts\/22580?print=print\" class=\"pdfprnt-button pdfprnt-button-print\" target=\"_blank\"><img decoding=\"async\" src=\"https:\/\/metropoliagzm.pl\/wp-content\/plugins\/pdf-print\/images\/print.png\" alt=\"image_print\" title=\"Print Content\" \/><\/a><\/div><\/div><div class=\"post-block-pdf\"><div class=\"pdfprnt-buttons pdfprnt-buttons-post pdfprnt-top-right\"><a href=\"https:\/\/metropoliagzm.pl\/de\/wp-json\/wp\/v2\/posts\/22580?print=pdf\" class=\"pdfprnt-button pdfprnt-button-pdf\" target=\"_blank\"><img decoding=\"async\" src=\"https:\/\/metropoliagzm.pl\/wp-content\/plugins\/pdf-print\/images\/pdf.png\" alt=\"image_pdf\" title=\"View PDF\" \/><\/a><a href=\"https:\/\/metropoliagzm.pl\/de\/wp-json\/wp\/v2\/posts\/22580?print=print\" class=\"pdfprnt-button pdfprnt-button-print\" target=\"_blank\"><img decoding=\"async\" src=\"https:\/\/metropoliagzm.pl\/wp-content\/plugins\/pdf-print\/images\/print.png\" alt=\"image_print\" title=\"Print Content\" \/><\/a><\/div>\n<p><strong>Powstanie jedna z kluczowych tras rowerowych Gliwic \u2013 Bulwary K\u0142odnicy po\u0142\u0105cz\u0105\u00a0 centrum ze Starymi \u0141ab\u0119dami. Prace ju\u017c si\u0119 rozpocz\u0119\u0142y &#8211; w przetargu na opracowanie dokumentacji projektowej wzi\u0119\u0142o udzia\u0142 7 wykonawc\u00f3w.<\/strong><\/p>\n\n\n\n<p>Bulwary K\u0142odnicy b\u0119d\u0105 ci\u0105gn\u0119\u0142y si\u0119 od placu Pi\u0142sudskiego a\u017c do \u0141ab\u0119d. Powstanie nie tylko trasa rowerowa, ale te\u017c przyjazna przestrze\u0144 do wypoczynku w\u015br\u00f3d zieleni. Miasto og\u0142osi\u0142o przetarg na opracowanie dokumentacji projektowej budowy ci\u0105gu pieszo-rowerowego wzd\u0142u\u017c K\u0142odnicy, od&nbsp;ul. Orlickiego do&nbsp;ul. Staromiejskiej.<\/p>\n\n\n\n<p><strong>B\u0119dzie to jedna z kluczowych tras rowerowych w Gliwicach.<\/strong><\/p>\n\n\n\n<p>Wst\u0119pn\u0105 koncepcj\u0119 projektow\u0105 jeszcze w 2019 r. opracowa\u0142a gliwicka pracownia architektoniczna Venit. Powstanie oko\u0142o 5-kilometrowy odcinek ci\u0105gu pieszo-rowerowego: wzd\u0142u\u017c ul. Nadrzecznej \u2013 od ul. Orlickiego do zjazdu do PH \u201eArena\u201d oraz biegn\u0105cy lewym wa\u0142em K\u0142odnicy, od Centralnej Oczyszczalni \u015aciek\u00f3w do ul. Staromiejskiej w Starych \u0141ab\u0119dach.<\/p>\n\n\n\n<p><strong>Rekreacja i szybki, ekologiczny transport<\/strong><\/p>\n\n\n\n<p>W ramach inwestycji powstan\u0105 te\u017c dwie k\u0142adki na K\u0142odnicy \u2013 &nbsp;za oczyszczalni\u0105 i przed mostem w ci\u0105gu ul. Staromiejskiej oraz \u0142\u0105cznik z ul. Staromiejsk\u0105 (w rejonie ko\u015bcio\u0142a Wniebowzi\u0119cia NMP<em>)&nbsp;<\/em>i kr\u00f3tki odcinek drogi dla rower\u00f3w po drugiej stronie rzeki.<\/p>\n\n\n\n<p>Na Bulwarach K\u0142odnicy b\u0119dzie dominowa\u0142a ziele\u0144, stanie te\u017c punkt turystyczny wiat\u0105 i \u0142awk\u0105 solarn\u0105 wyposa\u017con\u0105 w panele fotowoltaiczne, dost\u0119p do internetu za pomoc\u0105 routera wifi, system darmowego \u0142adowania urz\u0105dze\u0144 mobilnych i turystycznych oraz stanowisko na rowery i pojazdy elektryczne.<\/p>\n\n\n\n<p>Na realizacj\u0119 inwestycji miasto planuje przeznaczy\u0107 442\u00a0800 z\u0142. Do przetargu na opracowanie dokumentacji projektowej budowy ci\u0105gu pieszo-rowerowego wzd\u0142u\u017c K\u0142odnicy, od\u00a0ul. Orlickiego do\u00a0ul. Staromiejskiej, zg\u0142osi\u0142o si\u0119 7 firm. Trwa procedura przetargowa, kt\u00f3ra wy\u0142oni wykonawc\u0119 projektu. <\/p>\n\n\n\n<p>\u0179r\u00f3d\u0142o: UM Gliwice (mf)<\/p>\n<div class=\"post-author\" style=\"font-size:13px\">Micha\u0142 Nowak<\/div><\/div>","protected":false},"excerpt":{"rendered":"<p>Powstanie jedna z kluczowych tras rowerowych Gliwic \u2013 Bulwary K\u0142odnicy po\u0142\u0105cz\u0105\u00a0 centrum ze Starymi \u0141ab\u0119dami. Prace ju\u017c si\u0119 rozpocz\u0119\u0142y &#8211; w przetargu na opracowanie dokumentacji projektowej wzi\u0119\u0142o udzia\u0142 7 wykonawc\u00f3w. Bulwary K\u0142odnicy b\u0119d\u0105 ci\u0105gn\u0119\u0142y si\u0119 od placu Pi\u0142sudskiego a\u017c do \u0141ab\u0119d. Powstanie nie tylko trasa&#8230;<\/p>","protected":false},"author":134,"featured_media":22582,"comment_status":"closed","ping_status":"closed","sticky":false,"template":"","format":"standard","meta":{"_acf_changed":false,"footnotes":""},"categories":[205,240],"tags":[288],"class_list":["post-22580","post","type-post","status-publish","format-standard","has-post-thumbnail","hentry","category-gliwice","category-turystyka-rekreacja","tag-gliwice"],"acf":[],"yoast_head":"<!-- This site is optimized with the Yoast SEO plugin v27.4 - https:\/\/yoast.com\/product\/yoast-seo-wordpress\/ -->\n<title>Bulwary K\u0142odnicy. B\u0119dzie jazda! - Metropolia GZM<\/title>\n<meta name=\"description\" content=\"Oficjalny portal G\u00f3rno\u015bl\u0105sko-Zag\u0142\u0119biowskiej Metropolii\" \/>\n<meta name=\"robots\" content=\"index, follow, max-snippet:-1, max-image-preview:large, max-video-preview:-1\" \/>\n<link rel=\"canonical\" href=\"http:\/\/metropoliagzm.pl\/de\/2020\/04\/20\/bulwary-klodnicy-bedzie-jazda\/\" \/>\n<meta name=\"twitter:card\" content=\"summary_large_image\" \/>\n<meta name=\"twitter:title\" content=\"Bulwary K\u0142odnicy. B\u0119dzie jazda! - Metropolia GZM\" \/>\n<meta name=\"twitter:description\" content=\"Oficjalny portal G\u00f3rno\u015bl\u0105sko-Zag\u0142\u0119biowskiej Metropolii\" \/>\n<meta name=\"twitter:image\" content=\"https:\/\/metropoliagzm.pl\/wp-content\/uploads\/2020\/04\/bulwary_klodnicy_punkt_turystyczny.png\" \/>\n<meta name=\"twitter:label1\" content=\"Geschrieben von\" \/>\n\t<meta name=\"twitter:data1\" content=\"Micha\u0142 Nowak\" \/>\n\t<meta name=\"twitter:label2\" content=\"Gesch\u00e4tzte Lesezeit\" \/>\n\t<meta name=\"twitter:data2\" content=\"1\u00a0Minute\" \/>\n<script type=\"application\/ld+json\" class=\"yoast-schema-graph\">{\"@context\":\"https:\\\/\\\/schema.org\",\"@graph\":[{\"@type\":\"Article\",\"@id\":\"http:\\\/\\\/metropoliagzm.pl\\\/en\\\/2020\\\/04\\\/20\\\/bulwary-klodnicy-bedzie-jazda\\\/#article\",\"isPartOf\":{\"@id\":\"http:\\\/\\\/metropoliagzm.pl\\\/en\\\/2020\\\/04\\\/20\\\/bulwary-klodnicy-bedzie-jazda\\\/\"},\"author\":{\"name\":\"Micha\u0142 Nowak\",\"@id\":\"https:\\\/\\\/metropoliagzm.pl\\\/en\\\/#\\\/schema\\\/person\\\/9e7660ba27bc92881ef16c6fc34ae962\"},\"headline\":\"Bulwary K\u0142odnicy. B\u0119dzie jazda!\",\"datePublished\":\"2020-04-20T07:41:28+00:00\",\"dateModified\":\"2020-04-20T07:41:29+00:00\",\"mainEntityOfPage\":{\"@id\":\"http:\\\/\\\/metropoliagzm.pl\\\/en\\\/2020\\\/04\\\/20\\\/bulwary-klodnicy-bedzie-jazda\\\/\"},\"wordCount\":305,\"publisher\":{\"@id\":\"https:\\\/\\\/metropoliagzm.pl\\\/en\\\/#organization\"},\"image\":{\"@id\":\"http:\\\/\\\/metropoliagzm.pl\\\/en\\\/2020\\\/04\\\/20\\\/bulwary-klodnicy-bedzie-jazda\\\/#primaryimage\"},\"thumbnailUrl\":\"https:\\\/\\\/metropoliagzm.pl\\\/wp-content\\\/uploads\\\/2020\\\/04\\\/bulwary_klodnicy_punkt_turystyczny.png\",\"keywords\":[\"gliwice\"],\"articleSection\":[\"Gliwice\",\"Turystyka i Rekreacja\"],\"inLanguage\":\"de\"},{\"@type\":\"WebPage\",\"@id\":\"http:\\\/\\\/metropoliagzm.pl\\\/en\\\/2020\\\/04\\\/20\\\/bulwary-klodnicy-bedzie-jazda\\\/\",\"url\":\"http:\\\/\\\/metropoliagzm.pl\\\/en\\\/2020\\\/04\\\/20\\\/bulwary-klodnicy-bedzie-jazda\\\/\",\"name\":\"Bulwary K\u0142odnicy. B\u0119dzie jazda! - Metropolia GZM\",\"isPartOf\":{\"@id\":\"https:\\\/\\\/metropoliagzm.pl\\\/en\\\/#website\"},\"primaryImageOfPage\":{\"@id\":\"http:\\\/\\\/metropoliagzm.pl\\\/en\\\/2020\\\/04\\\/20\\\/bulwary-klodnicy-bedzie-jazda\\\/#primaryimage\"},\"image\":{\"@id\":\"http:\\\/\\\/metropoliagzm.pl\\\/en\\\/2020\\\/04\\\/20\\\/bulwary-klodnicy-bedzie-jazda\\\/#primaryimage\"},\"thumbnailUrl\":\"https:\\\/\\\/metropoliagzm.pl\\\/wp-content\\\/uploads\\\/2020\\\/04\\\/bulwary_klodnicy_punkt_turystyczny.png\",\"datePublished\":\"2020-04-20T07:41:28+00:00\",\"dateModified\":\"2020-04-20T07:41:29+00:00\",\"description\":\"Oficjalny portal G\u00f3rno\u015bl\u0105sko-Zag\u0142\u0119biowskiej Metropolii\",\"breadcrumb\":{\"@id\":\"http:\\\/\\\/metropoliagzm.pl\\\/en\\\/2020\\\/04\\\/20\\\/bulwary-klodnicy-bedzie-jazda\\\/#breadcrumb\"},\"inLanguage\":\"de\",\"potentialAction\":[{\"@type\":\"ReadAction\",\"target\":[\"http:\\\/\\\/metropoliagzm.pl\\\/en\\\/2020\\\/04\\\/20\\\/bulwary-klodnicy-bedzie-jazda\\\/\"]}]},{\"@type\":\"ImageObject\",\"inLanguage\":\"de\",\"@id\":\"http:\\\/\\\/metropoliagzm.pl\\\/en\\\/2020\\\/04\\\/20\\\/bulwary-klodnicy-bedzie-jazda\\\/#primaryimage\",\"url\":\"https:\\\/\\\/metropoliagzm.pl\\\/wp-content\\\/uploads\\\/2020\\\/04\\\/bulwary_klodnicy_punkt_turystyczny.png\",\"contentUrl\":\"https:\\\/\\\/metropoliagzm.pl\\\/wp-content\\\/uploads\\\/2020\\\/04\\\/bulwary_klodnicy_punkt_turystyczny.png\",\"width\":880,\"height\":495,\"caption\":\"Fot. UM Gliwice\"},{\"@type\":\"BreadcrumbList\",\"@id\":\"http:\\\/\\\/metropoliagzm.pl\\\/en\\\/2020\\\/04\\\/20\\\/bulwary-klodnicy-bedzie-jazda\\\/#breadcrumb\",\"itemListElement\":[{\"@type\":\"ListItem\",\"position\":1,\"name\":\"Strona g\u0142\u00f3wna\",\"item\":\"https:\\\/\\\/metropoliagzm.pl\\\/\"},{\"@type\":\"ListItem\",\"position\":2,\"name\":\"Bulwary K\u0142odnicy. B\u0119dzie jazda!\"}]},{\"@type\":\"WebSite\",\"@id\":\"https:\\\/\\\/metropoliagzm.pl\\\/en\\\/#website\",\"url\":\"https:\\\/\\\/metropoliagzm.pl\\\/en\\\/\",\"name\":\"Metropolia GZM\",\"description\":\"Oficjalny portal G\u00f3rno\u015bl\u0105sko-Zag\u0142\u0119biowskiej Metropolii\",\"publisher\":{\"@id\":\"https:\\\/\\\/metropoliagzm.pl\\\/en\\\/#organization\"},\"potentialAction\":[{\"@type\":\"SearchAction\",\"target\":{\"@type\":\"EntryPoint\",\"urlTemplate\":\"https:\\\/\\\/metropoliagzm.pl\\\/en\\\/?s={search_term_string}\"},\"query-input\":{\"@type\":\"PropertyValueSpecification\",\"valueRequired\":true,\"valueName\":\"search_term_string\"}}],\"inLanguage\":\"de\"},{\"@type\":\"Organization\",\"@id\":\"https:\\\/\\\/metropoliagzm.pl\\\/en\\\/#organization\",\"name\":\"Metropolia GZM\",\"url\":\"https:\\\/\\\/metropoliagzm.pl\\\/en\\\/\",\"logo\":{\"@type\":\"ImageObject\",\"inLanguage\":\"de\",\"@id\":\"https:\\\/\\\/metropoliagzm.pl\\\/en\\\/#\\\/schema\\\/logo\\\/image\\\/\",\"url\":\"https:\\\/\\\/metropoliagzm.pl\\\/wp-content\\\/uploads\\\/2019\\\/03\\\/Sygnet-strona-glowna.png\",\"contentUrl\":\"https:\\\/\\\/metropoliagzm.pl\\\/wp-content\\\/uploads\\\/2019\\\/03\\\/Sygnet-strona-glowna.png\",\"width\":36,\"height\":45,\"caption\":\"Metropolia GZM\"},\"image\":{\"@id\":\"https:\\\/\\\/metropoliagzm.pl\\\/en\\\/#\\\/schema\\\/logo\\\/image\\\/\"}},{\"@type\":\"Person\",\"@id\":\"https:\\\/\\\/metropoliagzm.pl\\\/en\\\/#\\\/schema\\\/person\\\/9e7660ba27bc92881ef16c6fc34ae962\",\"name\":\"Micha\u0142 Nowak\",\"image\":{\"@type\":\"ImageObject\",\"inLanguage\":\"de\",\"@id\":\"https:\\\/\\\/secure.gravatar.com\\\/avatar\\\/2d51f070ccac4989b201dc1a42c3a6d46ff007fc5e569ff280535ab8e8122a59?s=96&d=mm&r=g\",\"url\":\"https:\\\/\\\/secure.gravatar.com\\\/avatar\\\/2d51f070ccac4989b201dc1a42c3a6d46ff007fc5e569ff280535ab8e8122a59?s=96&d=mm&r=g\",\"contentUrl\":\"https:\\\/\\\/secure.gravatar.com\\\/avatar\\\/2d51f070ccac4989b201dc1a42c3a6d46ff007fc5e569ff280535ab8e8122a59?s=96&d=mm&r=g\",\"caption\":\"Micha\u0142 Nowak\"},\"url\":\"https:\\\/\\\/metropoliagzm.pl\\\/de\\\/author\\\/michal-nowak\\\/\"}]}<\/script>\n<!-- \/ Yoast SEO plugin. -->","yoast_head_json":{"title":"Bulwary K\u0142odnicy. B\u0119dzie jazda! - Metropolia GZM","description":"Oficjalny portal G\u00f3rno\u015bl\u0105sko-Zag\u0142\u0119biowskiej Metropolii","robots":{"index":"index","follow":"follow","max-snippet":"max-snippet:-1","max-image-preview":"max-image-preview:large","max-video-preview":"max-video-preview:-1"},"canonical":"http:\/\/metropoliagzm.pl\/de\/2020\/04\/20\/bulwary-klodnicy-bedzie-jazda\/","twitter_card":"summary_large_image","twitter_title":"Bulwary K\u0142odnicy. B\u0119dzie jazda! - Metropolia GZM","twitter_description":"Oficjalny portal G\u00f3rno\u015bl\u0105sko-Zag\u0142\u0119biowskiej Metropolii","twitter_image":"https:\/\/metropoliagzm.pl\/wp-content\/uploads\/2020\/04\/bulwary_klodnicy_punkt_turystyczny.png","twitter_misc":{"Geschrieben von":"Micha\u0142 Nowak","Gesch\u00e4tzte Lesezeit":"1\u00a0Minute"},"schema":{"@context":"https:\/\/schema.org","@graph":[{"@type":"Article","@id":"http:\/\/metropoliagzm.pl\/en\/2020\/04\/20\/bulwary-klodnicy-bedzie-jazda\/#article","isPartOf":{"@id":"http:\/\/metropoliagzm.pl\/en\/2020\/04\/20\/bulwary-klodnicy-bedzie-jazda\/"},"author":{"name":"Micha\u0142 Nowak","@id":"https:\/\/metropoliagzm.pl\/en\/#\/schema\/person\/9e7660ba27bc92881ef16c6fc34ae962"},"headline":"Bulwary K\u0142odnicy. B\u0119dzie jazda!","datePublished":"2020-04-20T07:41:28+00:00","dateModified":"2020-04-20T07:41:29+00:00","mainEntityOfPage":{"@id":"http:\/\/metropoliagzm.pl\/en\/2020\/04\/20\/bulwary-klodnicy-bedzie-jazda\/"},"wordCount":305,"publisher":{"@id":"https:\/\/metropoliagzm.pl\/en\/#organization"},"image":{"@id":"http:\/\/metropoliagzm.pl\/en\/2020\/04\/20\/bulwary-klodnicy-bedzie-jazda\/#primaryimage"},"thumbnailUrl":"https:\/\/metropoliagzm.pl\/wp-content\/uploads\/2020\/04\/bulwary_klodnicy_punkt_turystyczny.png","keywords":["gliwice"],"articleSection":["Gliwice","Turystyka i Rekreacja"],"inLanguage":"de"},{"@type":"WebPage","@id":"http:\/\/metropoliagzm.pl\/en\/2020\/04\/20\/bulwary-klodnicy-bedzie-jazda\/","url":"http:\/\/metropoliagzm.pl\/en\/2020\/04\/20\/bulwary-klodnicy-bedzie-jazda\/","name":"Bulwary K\u0142odnicy. B\u0119dzie jazda! - Metropolia GZM","isPartOf":{"@id":"https:\/\/metropoliagzm.pl\/en\/#website"},"primaryImageOfPage":{"@id":"http:\/\/metropoliagzm.pl\/en\/2020\/04\/20\/bulwary-klodnicy-bedzie-jazda\/#primaryimage"},"image":{"@id":"http:\/\/metropoliagzm.pl\/en\/2020\/04\/20\/bulwary-klodnicy-bedzie-jazda\/#primaryimage"},"thumbnailUrl":"https:\/\/metropoliagzm.pl\/wp-content\/uploads\/2020\/04\/bulwary_klodnicy_punkt_turystyczny.png","datePublished":"2020-04-20T07:41:28+00:00","dateModified":"2020-04-20T07:41:29+00:00","description":"Oficjalny portal G\u00f3rno\u015bl\u0105sko-Zag\u0142\u0119biowskiej Metropolii","breadcrumb":{"@id":"http:\/\/metropoliagzm.pl\/en\/2020\/04\/20\/bulwary-klodnicy-bedzie-jazda\/#breadcrumb"},"inLanguage":"de","potentialAction":[{"@type":"ReadAction","target":["http:\/\/metropoliagzm.pl\/en\/2020\/04\/20\/bulwary-klodnicy-bedzie-jazda\/"]}]},{"@type":"ImageObject","inLanguage":"de","@id":"http:\/\/metropoliagzm.pl\/en\/2020\/04\/20\/bulwary-klodnicy-bedzie-jazda\/#primaryimage","url":"https:\/\/metropoliagzm.pl\/wp-content\/uploads\/2020\/04\/bulwary_klodnicy_punkt_turystyczny.png","contentUrl":"https:\/\/metropoliagzm.pl\/wp-content\/uploads\/2020\/04\/bulwary_klodnicy_punkt_turystyczny.png","width":880,"height":495,"caption":"Fot. UM Gliwice"},{"@type":"BreadcrumbList","@id":"http:\/\/metropoliagzm.pl\/en\/2020\/04\/20\/bulwary-klodnicy-bedzie-jazda\/#breadcrumb","itemListElement":[{"@type":"ListItem","position":1,"name":"Strona g\u0142\u00f3wna","item":"https:\/\/metropoliagzm.pl\/"},{"@type":"ListItem","position":2,"name":"Bulwary K\u0142odnicy. B\u0119dzie jazda!"}]},{"@type":"WebSite","@id":"https:\/\/metropoliagzm.pl\/en\/#website","url":"https:\/\/metropoliagzm.pl\/en\/","name":"Metropolia GZM","description":"Oficjalny portal G\u00f3rno\u015bl\u0105sko-Zag\u0142\u0119biowskiej Metropolii","publisher":{"@id":"https:\/\/metropoliagzm.pl\/en\/#organization"},"potentialAction":[{"@type":"SearchAction","target":{"@type":"EntryPoint","urlTemplate":"https:\/\/metropoliagzm.pl\/en\/?s={search_term_string}"},"query-input":{"@type":"PropertyValueSpecification","valueRequired":true,"valueName":"search_term_string"}}],"inLanguage":"de"},{"@type":"Organization","@id":"https:\/\/metropoliagzm.pl\/en\/#organization","name":"Metropolia GZM","url":"https:\/\/metropoliagzm.pl\/en\/","logo":{"@type":"ImageObject","inLanguage":"de","@id":"https:\/\/metropoliagzm.pl\/en\/#\/schema\/logo\/image\/","url":"https:\/\/metropoliagzm.pl\/wp-content\/uploads\/2019\/03\/Sygnet-strona-glowna.png","contentUrl":"https:\/\/metropoliagzm.pl\/wp-content\/uploads\/2019\/03\/Sygnet-strona-glowna.png","width":36,"height":45,"caption":"Metropolia GZM"},"image":{"@id":"https:\/\/metropoliagzm.pl\/en\/#\/schema\/logo\/image\/"}},{"@type":"Person","@id":"https:\/\/metropoliagzm.pl\/en\/#\/schema\/person\/9e7660ba27bc92881ef16c6fc34ae962","name":"Micha\u0142 Nowak","image":{"@type":"ImageObject","inLanguage":"de","@id":"https:\/\/secure.gravatar.com\/avatar\/2d51f070ccac4989b201dc1a42c3a6d46ff007fc5e569ff280535ab8e8122a59?s=96&d=mm&r=g","url":"https:\/\/secure.gravatar.com\/avatar\/2d51f070ccac4989b201dc1a42c3a6d46ff007fc5e569ff280535ab8e8122a59?s=96&d=mm&r=g","contentUrl":"https:\/\/secure.gravatar.com\/avatar\/2d51f070ccac4989b201dc1a42c3a6d46ff007fc5e569ff280535ab8e8122a59?s=96&d=mm&r=g","caption":"Micha\u0142 Nowak"},"url":"https:\/\/metropoliagzm.pl\/de\/author\/michal-nowak\/"}]}},"_links":{"self":[{"href":"https:\/\/metropoliagzm.pl\/de\/wp-json\/wp\/v2\/posts\/22580","targetHints":{"allow":["GET"]}}],"collection":[{"href":"https:\/\/metropoliagzm.pl\/de\/wp-json\/wp\/v2\/posts"}],"about":[{"href":"https:\/\/metropoliagzm.pl\/de\/wp-json\/wp\/v2\/types\/post"}],"author":[{"embeddable":true,"href":"https:\/\/metropoliagzm.pl\/de\/wp-json\/wp\/v2\/users\/134"}],"replies":[{"embeddable":true,"href":"https:\/\/metropoliagzm.pl\/de\/wp-json\/wp\/v2\/comments?post=22580"}],"version-history":[{"count":1,"href":"https:\/\/metropoliagzm.pl\/de\/wp-json\/wp\/v2\/posts\/22580\/revisions"}],"predecessor-version":[{"id":22584,"href":"https:\/\/metropoliagzm.pl\/de\/wp-json\/wp\/v2\/posts\/22580\/revisions\/22584"}],"wp:featuredmedia":[{"embeddable":true,"href":"https:\/\/metropoliagzm.pl\/de\/wp-json\/wp\/v2\/media\/22582"}],"wp:attachment":[{"href":"https:\/\/metropoliagzm.pl\/de\/wp-json\/wp\/v2\/media?parent=22580"}],"wp:term":[{"taxonomy":"category","embeddable":true,"href":"https:\/\/metropoliagzm.pl\/de\/wp-json\/wp\/v2\/categories?post=22580"},{"taxonomy":"post_tag","embeddable":true,"href":"https:\/\/metropoliagzm.pl\/de\/wp-json\/wp\/v2\/tags?post=22580"}],"curies":[{"name":"wp","href":"https:\/\/api.w.org\/{rel}","templated":true}]}}