{"id":23813,"date":"2020-05-13T12:50:00","date_gmt":"2020-05-13T10:50:00","guid":{"rendered":"https:\/\/metropoliagzm.pl\/?p=23813"},"modified":"2020-05-13T14:03:36","modified_gmt":"2020-05-13T12:03:36","slug":"metropolia-rozpoczal-sie-drugi-sezon-zintegrowanego-roweru-miejskiego","status":"publish","type":"post","link":"https:\/\/metropoliagzm.pl\/de\/2020\/05\/13\/metropolia-rozpoczal-sie-drugi-sezon-zintegrowanego-roweru-miejskiego\/","title":{"rendered":"Metropolia: rozpocz\u0105\u0142 si\u0119 drugi sezon zintegrowanego roweru miejskiego"},"content":{"rendered":"<div class=\"pdf-block\"><div class=\"pdfprnt-buttons  pdfprnt-new pdfprnt-buttons-post pdfprnt-top-right\"><div class=\"jssocials-share jssocials-share-twitter\"><a target=\"_blank\" href=\"https:\/\/twitter.com\/share?url=https:\/\/metropoliagzm.pl\/de\/wp-json\/wp\/v2\/posts\/23813;text=23813\" class=\"jssocials-share-link\"><i class=\"fa fa-twitter jssocials-share-logo\"><\/i><\/a><\/div><div class=\"jssocials-share jssocials-share-facebook\"><a target=\"_blank\" href=\"https:\/\/facebook.com\/sharer\/sharer.php?u=https:\/\/metropoliagzm.pl\/de\/wp-json\/wp\/v2\/posts\/23813\" class=\"jssocials-share-link\"><i class=\"fa fa-facebook jssocials-share-logo\"><\/i><\/a><\/div><div class=\"jssocials-share jssocials-share-pinterest\"><a target=\"_blank\" href=\"https:\/\/pinterest.com\/pin\/create\/bookmarklet\/?&amp;url=https:\/\/metropoliagzm.pl\/de\/wp-json\/wp\/v2\/posts\/23813;description=23813\" class=\"jssocials-share-link\"><i class=\"fa fa-pinterest jssocials-share-logo\"><\/i><\/a><\/div><a href=\"https:\/\/metropoliagzm.pl\/de\/wp-json\/wp\/v2\/posts\/23813?print=pdf\" class=\"pdfprnt-button pdfprnt-button-pdf\" target=\"_blank\"><img decoding=\"async\" src=\"https:\/\/metropoliagzm.pl\/wp-content\/plugins\/pdf-print\/images\/pdf.png\" alt=\"image_pdf\" title=\"View PDF\" \/><\/a><a href=\"https:\/\/metropoliagzm.pl\/de\/wp-json\/wp\/v2\/posts\/23813?print=print\" class=\"pdfprnt-button pdfprnt-button-print\" target=\"_blank\"><img decoding=\"async\" src=\"https:\/\/metropoliagzm.pl\/wp-content\/plugins\/pdf-print\/images\/print.png\" alt=\"image_print\" title=\"Print Content\" \/><\/a><\/div><\/div><div class=\"post-block-pdf\"><div class=\"pdfprnt-buttons pdfprnt-buttons-post pdfprnt-top-right\"><a href=\"https:\/\/metropoliagzm.pl\/de\/wp-json\/wp\/v2\/posts\/23813?print=pdf\" class=\"pdfprnt-button pdfprnt-button-pdf\" target=\"_blank\"><img decoding=\"async\" src=\"https:\/\/metropoliagzm.pl\/wp-content\/plugins\/pdf-print\/images\/pdf.png\" alt=\"image_pdf\" title=\"View PDF\" \/><\/a><a href=\"https:\/\/metropoliagzm.pl\/de\/wp-json\/wp\/v2\/posts\/23813?print=print\" class=\"pdfprnt-button pdfprnt-button-print\" target=\"_blank\"><img decoding=\"async\" src=\"https:\/\/metropoliagzm.pl\/wp-content\/plugins\/pdf-print\/images\/print.png\" alt=\"image_print\" title=\"Print Content\" \/><\/a><\/div>\n<p><strong>Tak\u017ce\nw tym roku mo\u017cna przemieszcza\u0107 si\u0119 rowerami Nextbike mi\u0119dzy miastami G\u00f3rno\u015bl\u0105sko-\nZag\u0142\u0119biowskiej Metropolii w ramach systemu zintegrowanych wypo\u017cyczalni\nmiejskich. Do dyspozycji jest 1500 rower\u00f3w na 160 stacjach. <\/strong><\/p>\n\n\n\n<p>Obecnie\npi\u0119\u0107 miast uruchomi\u0142o rowery miejskie. Od 6 maja ruszy\u0142y Katowice i\nSiemianowice \u015al\u0105skie. Trzy dni p\u00f3\u017aniej, 9 maja, wystartowa\u0142y Chorz\u00f3w oraz\nTychy. Natomiast od poniedzia\u0142ku 11 maja z wypo\u017cyczalni mo\u017cna korzysta\u0107 r\u00f3wnie\u017c\nw Sosnowcu. <\/p>\n\n\n\n<p>Podobnie\njak w poprzednim sezonie wypo\u017cyczalnie rower\u00f3w miejskich w Metropolii, kt\u00f3rych\noperatorem jest Nextbike, zosta\u0142y zintegrowane. Oznacza to, \u017ce rowerzysta mo\u017ce\nwypo\u017cyczy\u0107 standardowy rower w jednym z wymienionych wy\u017cej pi\u0119ciu miast i\nzostawi\u0107 go w innym. Nie wi\u0105\u017ce si\u0119 to z \u017cadnymi wydatkami zar\u00f3wno ze strony\nsamorz\u0105d\u00f3w jak i u\u017cytkownik\u00f3w. Relokacja rower\u00f3w jest dofinansowana bowiem z\nbud\u017cetu Metropolii. <\/p>\n\n\n\n<p>W\ntym roku start sezonu rower\u00f3w miejskich op\u00f3\u017ani\u0142a epidemia koronawirusa i\nzwi\u0105zane z tym rz\u0105dowe obostrzenia. Restrykcje te zosta\u0142y z\u0142agodzone i od 6\nmaja miasta zacz\u0119\u0142y uruchamia\u0107 swoje wypo\u017cyczalnie.<\/p>\n\n\n\n<p>\u2013\nRower przestaje si\u0119 kojarzy\u0107 wy\u0142\u0105cznie z rekreacj\u0105, to bezpieczny \u015brodek\nprzemieszczania si\u0119 do pracy, szko\u0142y, na zakupy- s\u0142owem jest pomocny przy\nza\u0142atwianiu codziennych spraw. Traktujemy go, jako uzupe\u0142nienie ca\u0142ego systemu\ntransportowego. W tym roku, czasie pandemii koronawirusa zyska\u0142 nowe znaczenie.\n\u015awiatowa Organizacja Zdrowia zaleca jazd\u0119 na rowerze. Zapewnia on bezpieczny\ndystans oraz daje minimum dziennej aktywno\u015bci fizycznej- t\u0142umaczy Marcin\nDworak, oficer rowerowy Metropolii GZM. <\/p>\n\n\n\n<p>&#8211;\nNie jest wykluczone, \u017ce efektem walki z koronawirusem b\u0119dzie wi\u0119ksza\npopularno\u015b\u0107 roweru a w\u0142adze samorz\u0105dowe b\u0119d\u0105 traktowa\u0107 rozw\u00f3j infrastruktury\nrowerowej jako wa\u017cny priorytet w rozwoju mobilno\u015bci miejskiej- dodaje Marcin\nDworak. <\/p>\n\n\n\n<p>Aby\nzminimalizowa\u0107 ryzyko zaka\u017cenia operator systemu b\u0119dzie prowadzi\u0142 dezynfekcj\u0119\nnewralgicznych element\u00f3w rower\u00f3w jak kierownice, siode\u0142ka, linki, manetki oraz\nterminale. Jedno\u015blady b\u0119d\u0105 dezynfekowane przynajmniej dwa razy dziennie w\nramach codziennej pracy os\u00f3b serwisuj\u0105cych oraz relokuj\u0105cych rowery miejskie we\nwszystkich dzia\u0142aj\u0105cych systemach. Zaleca si\u0119 tak\u017ce, aby u\u017cytkownicy korzystali\nz r\u0119kawiczek ochronnych oraz przed i po je\u017adzie stosowali w\u0142asne \u015brodki\ndezynfekuj\u0105ce. Przypominamy te\u017c, \u017ce nadal obowi\u0105zuje rz\u0105dowy nakaz u\u017cywania\nmaseczek ochronnych. <\/p>\n\n\n\n<p>W\npierwszym sezonie w 2019 roku u\u017cytkownicy wypo\u017cyczali rowery blisko 800 tys.\nrazy. Dokonali \u0142\u0105cznie ok. 43 tys. przejazd\u00f3w mi\u0119dzy miastami. Najch\u0119tniej\nprzemieszczano si\u0119 mi\u0119dzy Katowicami i Chorzowem- \u0142\u0105cznie ok. 23 tys. razy.\nCh\u0119tnie podr\u00f3\u017cowano mi\u0119dzy Chorzowem i Siemianowicami \u015al\u0105skimi- ok. 3,9 tys.\nrazy oraz Katowicami i Siemianowicami- ok. 2,3 tys. razy.<\/p>\n\n\n\n<p>Zintegrowany\nsystem wypo\u017cyczalni obejmuje rowery standardowe. Inne typy- rowery familijne,\ntypu cargo, dzieci\u0119ce czy wyposa\u017cone w fotelik do przewo\u017cenia dzieci, nale\u017cy\nnadal zwraca\u0107 w obr\u0119bie tego samego miasta.<\/p>\n\n\n\n<p>Metropolia\njest odpowiedzialna za finansowanie relokacji rower\u00f3w. To znaczy, \u017ce\nwypo\u017cyczenie roweru w jednym mie\u015bcie i pozostawienie go w innym, nie wi\u0105\u017ce si\u0119\nz \u017cadnymi wydatkami po stronie samorz\u0105d\u00f3w, czy samych rowerzyst\u00f3w. \u0141\u0105cznie w\n2019 roku Metropolia dofinansowa\u0142a 3,6 tys. relokacji.<\/p>\n<div class=\"post-author\" style=\"font-size:13px\">Witold Tr\u00f3lka<\/div><\/div>","protected":false},"excerpt":{"rendered":"<p>Tak\u017ce w tym roku mo\u017cna przemieszcza\u0107 si\u0119 rowerami Nextbike mi\u0119dzy miastami G\u00f3rno\u015bl\u0105sko- Zag\u0142\u0119biowskiej Metropolii w ramach systemu zintegrowanych wypo\u017cyczalni miejskich. Do dyspozycji jest 1500 rower\u00f3w na 160 stacjach. Obecnie pi\u0119\u0107 miast uruchomi\u0142o rowery miejskie. Od 6 maja ruszy\u0142y Katowice i Siemianowice \u015al\u0105skie. Trzy dni p\u00f3\u017aniej,&#8230;<\/p>","protected":false},"author":140,"featured_media":23814,"comment_status":"closed","ping_status":"closed","sticky":false,"template":"","format":"standard","meta":{"_acf_changed":false,"footnotes":""},"categories":[236,1926,237],"tags":[940,556],"class_list":["post-23813","post","type-post","status-publish","format-standard","has-post-thumbnail","hentry","category-gzm","category-koronawirus","category-transport-publiczny","tag-rower-miejski","tag-rowery"],"acf":[],"yoast_head":"<!-- This site is optimized with the Yoast SEO plugin v27.4 - https:\/\/yoast.com\/product\/yoast-seo-wordpress\/ -->\n<title>Metropolia: rozpocz\u0105\u0142 si\u0119 drugi sezon zintegrowanego roweru miejskiego - Metropolia GZM<\/title>\n<meta name=\"description\" content=\"Oficjalny portal G\u00f3rno\u015bl\u0105sko-Zag\u0142\u0119biowskiej Metropolii\" \/>\n<meta name=\"robots\" content=\"index, follow, max-snippet:-1, max-image-preview:large, max-video-preview:-1\" \/>\n<link rel=\"canonical\" href=\"https:\/\/metropoliagzm.pl\/de\/2020\/05\/13\/metropolia-rozpoczal-sie-drugi-sezon-zintegrowanego-roweru-miejskiego\/\" \/>\n<meta name=\"twitter:card\" content=\"summary_large_image\" \/>\n<meta name=\"twitter:title\" content=\"Metropolia: rozpocz\u0105\u0142 si\u0119 drugi sezon zintegrowanego roweru miejskiego - Metropolia GZM\" \/>\n<meta name=\"twitter:description\" content=\"Oficjalny portal G\u00f3rno\u015bl\u0105sko-Zag\u0142\u0119biowskiej Metropolii\" \/>\n<meta name=\"twitter:image\" content=\"https:\/\/metropoliagzm.pl\/wp-content\/uploads\/2020\/05\/citi-bike-1-of-1-1.jpg\" \/>\n<meta name=\"twitter:label1\" content=\"Geschrieben von\" \/>\n\t<meta name=\"twitter:data1\" content=\"Witold Tr\u00f3lka\" \/>\n\t<meta name=\"twitter:label2\" content=\"Gesch\u00e4tzte Lesezeit\" \/>\n\t<meta name=\"twitter:data2\" content=\"3\u00a0Minuten\" \/>\n<script type=\"application\/ld+json\" class=\"yoast-schema-graph\">{\"@context\":\"https:\\\/\\\/schema.org\",\"@graph\":[{\"@type\":\"Article\",\"@id\":\"https:\\\/\\\/metropoliagzm.pl\\\/2020\\\/05\\\/13\\\/metropolia-rozpoczal-sie-drugi-sezon-zintegrowanego-roweru-miejskiego\\\/#article\",\"isPartOf\":{\"@id\":\"https:\\\/\\\/metropoliagzm.pl\\\/2020\\\/05\\\/13\\\/metropolia-rozpoczal-sie-drugi-sezon-zintegrowanego-roweru-miejskiego\\\/\"},\"author\":{\"name\":\"Witold Tr\u00f3lka\",\"@id\":\"https:\\\/\\\/metropoliagzm.pl\\\/en\\\/#\\\/schema\\\/person\\\/96e19c492916cfe1ba595fd2f60d95b8\"},\"headline\":\"Metropolia: rozpocz\u0105\u0142 si\u0119 drugi sezon zintegrowanego roweru miejskiego\",\"datePublished\":\"2020-05-13T10:50:00+00:00\",\"dateModified\":\"2020-05-13T12:03:36+00:00\",\"mainEntityOfPage\":{\"@id\":\"https:\\\/\\\/metropoliagzm.pl\\\/2020\\\/05\\\/13\\\/metropolia-rozpoczal-sie-drugi-sezon-zintegrowanego-roweru-miejskiego\\\/\"},\"wordCount\":533,\"publisher\":{\"@id\":\"https:\\\/\\\/metropoliagzm.pl\\\/en\\\/#organization\"},\"image\":{\"@id\":\"https:\\\/\\\/metropoliagzm.pl\\\/2020\\\/05\\\/13\\\/metropolia-rozpoczal-sie-drugi-sezon-zintegrowanego-roweru-miejskiego\\\/#primaryimage\"},\"thumbnailUrl\":\"https:\\\/\\\/metropoliagzm.pl\\\/wp-content\\\/uploads\\\/2020\\\/05\\\/citi-bike-1-of-1-1.jpg\",\"keywords\":[\"rower miejski\",\"rowery\"],\"articleSection\":[\"GZM\",\"Koronawirus\",\"Transport publiczny\"],\"inLanguage\":\"de\"},{\"@type\":\"WebPage\",\"@id\":\"https:\\\/\\\/metropoliagzm.pl\\\/2020\\\/05\\\/13\\\/metropolia-rozpoczal-sie-drugi-sezon-zintegrowanego-roweru-miejskiego\\\/\",\"url\":\"https:\\\/\\\/metropoliagzm.pl\\\/2020\\\/05\\\/13\\\/metropolia-rozpoczal-sie-drugi-sezon-zintegrowanego-roweru-miejskiego\\\/\",\"name\":\"Metropolia: rozpocz\u0105\u0142 si\u0119 drugi sezon zintegrowanego roweru miejskiego - Metropolia GZM\",\"isPartOf\":{\"@id\":\"https:\\\/\\\/metropoliagzm.pl\\\/en\\\/#website\"},\"primaryImageOfPage\":{\"@id\":\"https:\\\/\\\/metropoliagzm.pl\\\/2020\\\/05\\\/13\\\/metropolia-rozpoczal-sie-drugi-sezon-zintegrowanego-roweru-miejskiego\\\/#primaryimage\"},\"image\":{\"@id\":\"https:\\\/\\\/metropoliagzm.pl\\\/2020\\\/05\\\/13\\\/metropolia-rozpoczal-sie-drugi-sezon-zintegrowanego-roweru-miejskiego\\\/#primaryimage\"},\"thumbnailUrl\":\"https:\\\/\\\/metropoliagzm.pl\\\/wp-content\\\/uploads\\\/2020\\\/05\\\/citi-bike-1-of-1-1.jpg\",\"datePublished\":\"2020-05-13T10:50:00+00:00\",\"dateModified\":\"2020-05-13T12:03:36+00:00\",\"description\":\"Oficjalny portal G\u00f3rno\u015bl\u0105sko-Zag\u0142\u0119biowskiej Metropolii\",\"breadcrumb\":{\"@id\":\"https:\\\/\\\/metropoliagzm.pl\\\/2020\\\/05\\\/13\\\/metropolia-rozpoczal-sie-drugi-sezon-zintegrowanego-roweru-miejskiego\\\/#breadcrumb\"},\"inLanguage\":\"de\",\"potentialAction\":[{\"@type\":\"ReadAction\",\"target\":[\"https:\\\/\\\/metropoliagzm.pl\\\/2020\\\/05\\\/13\\\/metropolia-rozpoczal-sie-drugi-sezon-zintegrowanego-roweru-miejskiego\\\/\"]}]},{\"@type\":\"ImageObject\",\"inLanguage\":\"de\",\"@id\":\"https:\\\/\\\/metropoliagzm.pl\\\/2020\\\/05\\\/13\\\/metropolia-rozpoczal-sie-drugi-sezon-zintegrowanego-roweru-miejskiego\\\/#primaryimage\",\"url\":\"https:\\\/\\\/metropoliagzm.pl\\\/wp-content\\\/uploads\\\/2020\\\/05\\\/citi-bike-1-of-1-1.jpg\",\"contentUrl\":\"https:\\\/\\\/metropoliagzm.pl\\\/wp-content\\\/uploads\\\/2020\\\/05\\\/citi-bike-1-of-1-1.jpg\",\"width\":1068,\"height\":800,\"caption\":\"Foto: Metropolia GZM\\\/ Witold Tr\u00f3lka\"},{\"@type\":\"BreadcrumbList\",\"@id\":\"https:\\\/\\\/metropoliagzm.pl\\\/2020\\\/05\\\/13\\\/metropolia-rozpoczal-sie-drugi-sezon-zintegrowanego-roweru-miejskiego\\\/#breadcrumb\",\"itemListElement\":[{\"@type\":\"ListItem\",\"position\":1,\"name\":\"Strona g\u0142\u00f3wna\",\"item\":\"https:\\\/\\\/metropoliagzm.pl\\\/\"},{\"@type\":\"ListItem\",\"position\":2,\"name\":\"Metropolia: rozpocz\u0105\u0142 si\u0119 drugi sezon zintegrowanego roweru miejskiego\"}]},{\"@type\":\"WebSite\",\"@id\":\"https:\\\/\\\/metropoliagzm.pl\\\/en\\\/#website\",\"url\":\"https:\\\/\\\/metropoliagzm.pl\\\/en\\\/\",\"name\":\"Metropolia GZM\",\"description\":\"Oficjalny portal G\u00f3rno\u015bl\u0105sko-Zag\u0142\u0119biowskiej Metropolii\",\"publisher\":{\"@id\":\"https:\\\/\\\/metropoliagzm.pl\\\/en\\\/#organization\"},\"potentialAction\":[{\"@type\":\"SearchAction\",\"target\":{\"@type\":\"EntryPoint\",\"urlTemplate\":\"https:\\\/\\\/metropoliagzm.pl\\\/en\\\/?s={search_term_string}\"},\"query-input\":{\"@type\":\"PropertyValueSpecification\",\"valueRequired\":true,\"valueName\":\"search_term_string\"}}],\"inLanguage\":\"de\"},{\"@type\":\"Organization\",\"@id\":\"https:\\\/\\\/metropoliagzm.pl\\\/en\\\/#organization\",\"name\":\"Metropolia GZM\",\"url\":\"https:\\\/\\\/metropoliagzm.pl\\\/en\\\/\",\"logo\":{\"@type\":\"ImageObject\",\"inLanguage\":\"de\",\"@id\":\"https:\\\/\\\/metropoliagzm.pl\\\/en\\\/#\\\/schema\\\/logo\\\/image\\\/\",\"url\":\"https:\\\/\\\/metropoliagzm.pl\\\/wp-content\\\/uploads\\\/2019\\\/03\\\/Sygnet-strona-glowna.png\",\"contentUrl\":\"https:\\\/\\\/metropoliagzm.pl\\\/wp-content\\\/uploads\\\/2019\\\/03\\\/Sygnet-strona-glowna.png\",\"width\":36,\"height\":45,\"caption\":\"Metropolia GZM\"},\"image\":{\"@id\":\"https:\\\/\\\/metropoliagzm.pl\\\/en\\\/#\\\/schema\\\/logo\\\/image\\\/\"}},{\"@type\":\"Person\",\"@id\":\"https:\\\/\\\/metropoliagzm.pl\\\/en\\\/#\\\/schema\\\/person\\\/96e19c492916cfe1ba595fd2f60d95b8\",\"name\":\"Witold Tr\u00f3lka\",\"image\":{\"@type\":\"ImageObject\",\"inLanguage\":\"de\",\"@id\":\"https:\\\/\\\/secure.gravatar.com\\\/avatar\\\/71e0c635e405b4a3631033f0d6f49e682b54dcd226d647737e1040a5a480d177?s=96&d=mm&r=g\",\"url\":\"https:\\\/\\\/secure.gravatar.com\\\/avatar\\\/71e0c635e405b4a3631033f0d6f49e682b54dcd226d647737e1040a5a480d177?s=96&d=mm&r=g\",\"contentUrl\":\"https:\\\/\\\/secure.gravatar.com\\\/avatar\\\/71e0c635e405b4a3631033f0d6f49e682b54dcd226d647737e1040a5a480d177?s=96&d=mm&r=g\",\"caption\":\"Witold Tr\u00f3lka\"},\"url\":\"https:\\\/\\\/metropoliagzm.pl\\\/de\\\/author\\\/w-trolka\\\/\"}]}<\/script>\n<!-- \/ Yoast SEO plugin. -->","yoast_head_json":{"title":"Metropolia: rozpocz\u0105\u0142 si\u0119 drugi sezon zintegrowanego roweru miejskiego - Metropolia GZM","description":"Oficjalny portal G\u00f3rno\u015bl\u0105sko-Zag\u0142\u0119biowskiej Metropolii","robots":{"index":"index","follow":"follow","max-snippet":"max-snippet:-1","max-image-preview":"max-image-preview:large","max-video-preview":"max-video-preview:-1"},"canonical":"https:\/\/metropoliagzm.pl\/de\/2020\/05\/13\/metropolia-rozpoczal-sie-drugi-sezon-zintegrowanego-roweru-miejskiego\/","twitter_card":"summary_large_image","twitter_title":"Metropolia: rozpocz\u0105\u0142 si\u0119 drugi sezon zintegrowanego roweru miejskiego - Metropolia GZM","twitter_description":"Oficjalny portal G\u00f3rno\u015bl\u0105sko-Zag\u0142\u0119biowskiej Metropolii","twitter_image":"https:\/\/metropoliagzm.pl\/wp-content\/uploads\/2020\/05\/citi-bike-1-of-1-1.jpg","twitter_misc":{"Geschrieben von":"Witold Tr\u00f3lka","Gesch\u00e4tzte Lesezeit":"3\u00a0Minuten"},"schema":{"@context":"https:\/\/schema.org","@graph":[{"@type":"Article","@id":"https:\/\/metropoliagzm.pl\/2020\/05\/13\/metropolia-rozpoczal-sie-drugi-sezon-zintegrowanego-roweru-miejskiego\/#article","isPartOf":{"@id":"https:\/\/metropoliagzm.pl\/2020\/05\/13\/metropolia-rozpoczal-sie-drugi-sezon-zintegrowanego-roweru-miejskiego\/"},"author":{"name":"Witold Tr\u00f3lka","@id":"https:\/\/metropoliagzm.pl\/en\/#\/schema\/person\/96e19c492916cfe1ba595fd2f60d95b8"},"headline":"Metropolia: rozpocz\u0105\u0142 si\u0119 drugi sezon zintegrowanego roweru miejskiego","datePublished":"2020-05-13T10:50:00+00:00","dateModified":"2020-05-13T12:03:36+00:00","mainEntityOfPage":{"@id":"https:\/\/metropoliagzm.pl\/2020\/05\/13\/metropolia-rozpoczal-sie-drugi-sezon-zintegrowanego-roweru-miejskiego\/"},"wordCount":533,"publisher":{"@id":"https:\/\/metropoliagzm.pl\/en\/#organization"},"image":{"@id":"https:\/\/metropoliagzm.pl\/2020\/05\/13\/metropolia-rozpoczal-sie-drugi-sezon-zintegrowanego-roweru-miejskiego\/#primaryimage"},"thumbnailUrl":"https:\/\/metropoliagzm.pl\/wp-content\/uploads\/2020\/05\/citi-bike-1-of-1-1.jpg","keywords":["rower miejski","rowery"],"articleSection":["GZM","Koronawirus","Transport publiczny"],"inLanguage":"de"},{"@type":"WebPage","@id":"https:\/\/metropoliagzm.pl\/2020\/05\/13\/metropolia-rozpoczal-sie-drugi-sezon-zintegrowanego-roweru-miejskiego\/","url":"https:\/\/metropoliagzm.pl\/2020\/05\/13\/metropolia-rozpoczal-sie-drugi-sezon-zintegrowanego-roweru-miejskiego\/","name":"Metropolia: rozpocz\u0105\u0142 si\u0119 drugi sezon zintegrowanego roweru miejskiego - Metropolia GZM","isPartOf":{"@id":"https:\/\/metropoliagzm.pl\/en\/#website"},"primaryImageOfPage":{"@id":"https:\/\/metropoliagzm.pl\/2020\/05\/13\/metropolia-rozpoczal-sie-drugi-sezon-zintegrowanego-roweru-miejskiego\/#primaryimage"},"image":{"@id":"https:\/\/metropoliagzm.pl\/2020\/05\/13\/metropolia-rozpoczal-sie-drugi-sezon-zintegrowanego-roweru-miejskiego\/#primaryimage"},"thumbnailUrl":"https:\/\/metropoliagzm.pl\/wp-content\/uploads\/2020\/05\/citi-bike-1-of-1-1.jpg","datePublished":"2020-05-13T10:50:00+00:00","dateModified":"2020-05-13T12:03:36+00:00","description":"Oficjalny portal G\u00f3rno\u015bl\u0105sko-Zag\u0142\u0119biowskiej Metropolii","breadcrumb":{"@id":"https:\/\/metropoliagzm.pl\/2020\/05\/13\/metropolia-rozpoczal-sie-drugi-sezon-zintegrowanego-roweru-miejskiego\/#breadcrumb"},"inLanguage":"de","potentialAction":[{"@type":"ReadAction","target":["https:\/\/metropoliagzm.pl\/2020\/05\/13\/metropolia-rozpoczal-sie-drugi-sezon-zintegrowanego-roweru-miejskiego\/"]}]},{"@type":"ImageObject","inLanguage":"de","@id":"https:\/\/metropoliagzm.pl\/2020\/05\/13\/metropolia-rozpoczal-sie-drugi-sezon-zintegrowanego-roweru-miejskiego\/#primaryimage","url":"https:\/\/metropoliagzm.pl\/wp-content\/uploads\/2020\/05\/citi-bike-1-of-1-1.jpg","contentUrl":"https:\/\/metropoliagzm.pl\/wp-content\/uploads\/2020\/05\/citi-bike-1-of-1-1.jpg","width":1068,"height":800,"caption":"Foto: Metropolia GZM\/ Witold Tr\u00f3lka"},{"@type":"BreadcrumbList","@id":"https:\/\/metropoliagzm.pl\/2020\/05\/13\/metropolia-rozpoczal-sie-drugi-sezon-zintegrowanego-roweru-miejskiego\/#breadcrumb","itemListElement":[{"@type":"ListItem","position":1,"name":"Strona g\u0142\u00f3wna","item":"https:\/\/metropoliagzm.pl\/"},{"@type":"ListItem","position":2,"name":"Metropolia: rozpocz\u0105\u0142 si\u0119 drugi sezon zintegrowanego roweru miejskiego"}]},{"@type":"WebSite","@id":"https:\/\/metropoliagzm.pl\/en\/#website","url":"https:\/\/metropoliagzm.pl\/en\/","name":"Metropolia GZM","description":"Oficjalny portal G\u00f3rno\u015bl\u0105sko-Zag\u0142\u0119biowskiej Metropolii","publisher":{"@id":"https:\/\/metropoliagzm.pl\/en\/#organization"},"potentialAction":[{"@type":"SearchAction","target":{"@type":"EntryPoint","urlTemplate":"https:\/\/metropoliagzm.pl\/en\/?s={search_term_string}"},"query-input":{"@type":"PropertyValueSpecification","valueRequired":true,"valueName":"search_term_string"}}],"inLanguage":"de"},{"@type":"Organization","@id":"https:\/\/metropoliagzm.pl\/en\/#organization","name":"Metropolia GZM","url":"https:\/\/metropoliagzm.pl\/en\/","logo":{"@type":"ImageObject","inLanguage":"de","@id":"https:\/\/metropoliagzm.pl\/en\/#\/schema\/logo\/image\/","url":"https:\/\/metropoliagzm.pl\/wp-content\/uploads\/2019\/03\/Sygnet-strona-glowna.png","contentUrl":"https:\/\/metropoliagzm.pl\/wp-content\/uploads\/2019\/03\/Sygnet-strona-glowna.png","width":36,"height":45,"caption":"Metropolia GZM"},"image":{"@id":"https:\/\/metropoliagzm.pl\/en\/#\/schema\/logo\/image\/"}},{"@type":"Person","@id":"https:\/\/metropoliagzm.pl\/en\/#\/schema\/person\/96e19c492916cfe1ba595fd2f60d95b8","name":"Witold Tr\u00f3lka","image":{"@type":"ImageObject","inLanguage":"de","@id":"https:\/\/secure.gravatar.com\/avatar\/71e0c635e405b4a3631033f0d6f49e682b54dcd226d647737e1040a5a480d177?s=96&d=mm&r=g","url":"https:\/\/secure.gravatar.com\/avatar\/71e0c635e405b4a3631033f0d6f49e682b54dcd226d647737e1040a5a480d177?s=96&d=mm&r=g","contentUrl":"https:\/\/secure.gravatar.com\/avatar\/71e0c635e405b4a3631033f0d6f49e682b54dcd226d647737e1040a5a480d177?s=96&d=mm&r=g","caption":"Witold Tr\u00f3lka"},"url":"https:\/\/metropoliagzm.pl\/de\/author\/w-trolka\/"}]}},"_links":{"self":[{"href":"https:\/\/metropoliagzm.pl\/de\/wp-json\/wp\/v2\/posts\/23813","targetHints":{"allow":["GET"]}}],"collection":[{"href":"https:\/\/metropoliagzm.pl\/de\/wp-json\/wp\/v2\/posts"}],"about":[{"href":"https:\/\/metropoliagzm.pl\/de\/wp-json\/wp\/v2\/types\/post"}],"author":[{"embeddable":true,"href":"https:\/\/metropoliagzm.pl\/de\/wp-json\/wp\/v2\/users\/140"}],"replies":[{"embeddable":true,"href":"https:\/\/metropoliagzm.pl\/de\/wp-json\/wp\/v2\/comments?post=23813"}],"version-history":[{"count":2,"href":"https:\/\/metropoliagzm.pl\/de\/wp-json\/wp\/v2\/posts\/23813\/revisions"}],"predecessor-version":[{"id":23816,"href":"https:\/\/metropoliagzm.pl\/de\/wp-json\/wp\/v2\/posts\/23813\/revisions\/23816"}],"wp:featuredmedia":[{"embeddable":true,"href":"https:\/\/metropoliagzm.pl\/de\/wp-json\/wp\/v2\/media\/23814"}],"wp:attachment":[{"href":"https:\/\/metropoliagzm.pl\/de\/wp-json\/wp\/v2\/media?parent=23813"}],"wp:term":[{"taxonomy":"category","embeddable":true,"href":"https:\/\/metropoliagzm.pl\/de\/wp-json\/wp\/v2\/categories?post=23813"},{"taxonomy":"post_tag","embeddable":true,"href":"https:\/\/metropoliagzm.pl\/de\/wp-json\/wp\/v2\/tags?post=23813"}],"curies":[{"name":"wp","href":"https:\/\/api.w.org\/{rel}","templated":true}]}}