{"id":25403,"date":"2020-06-10T07:54:39","date_gmt":"2020-06-10T05:54:39","guid":{"rendered":"https:\/\/metropoliagzm.pl\/?p=25403"},"modified":"2020-06-10T07:54:41","modified_gmt":"2020-06-10T05:54:41","slug":"wsparcie-dla-przedsiebiorcow-6","status":"publish","type":"post","link":"https:\/\/metropoliagzm.pl\/de\/2020\/06\/10\/wsparcie-dla-przedsiebiorcow-6\/","title":{"rendered":"Wsparcie dla przedsi\u0119biorc\u00f3w!"},"content":{"rendered":"<div class=\"pdf-block\"><div class=\"pdfprnt-buttons  pdfprnt-new pdfprnt-buttons-post pdfprnt-top-right\"><div class=\"jssocials-share jssocials-share-twitter\"><a target=\"_blank\" href=\"https:\/\/twitter.com\/share?url=https:\/\/metropoliagzm.pl\/de\/wp-json\/wp\/v2\/posts\/25403;text=25403\" class=\"jssocials-share-link\"><i class=\"fa fa-twitter jssocials-share-logo\"><\/i><\/a><\/div><div class=\"jssocials-share jssocials-share-facebook\"><a target=\"_blank\" href=\"https:\/\/facebook.com\/sharer\/sharer.php?u=https:\/\/metropoliagzm.pl\/de\/wp-json\/wp\/v2\/posts\/25403\" class=\"jssocials-share-link\"><i class=\"fa fa-facebook jssocials-share-logo\"><\/i><\/a><\/div><div class=\"jssocials-share jssocials-share-pinterest\"><a target=\"_blank\" href=\"https:\/\/pinterest.com\/pin\/create\/bookmarklet\/?&amp;url=https:\/\/metropoliagzm.pl\/de\/wp-json\/wp\/v2\/posts\/25403;description=25403\" class=\"jssocials-share-link\"><i class=\"fa fa-pinterest jssocials-share-logo\"><\/i><\/a><\/div><a href=\"https:\/\/metropoliagzm.pl\/de\/wp-json\/wp\/v2\/posts\/25403?print=pdf\" class=\"pdfprnt-button pdfprnt-button-pdf\" target=\"_blank\"><img decoding=\"async\" src=\"https:\/\/metropoliagzm.pl\/wp-content\/plugins\/pdf-print\/images\/pdf.png\" alt=\"image_pdf\" title=\"View PDF\" \/><\/a><a href=\"https:\/\/metropoliagzm.pl\/de\/wp-json\/wp\/v2\/posts\/25403?print=print\" class=\"pdfprnt-button pdfprnt-button-print\" target=\"_blank\"><img decoding=\"async\" src=\"https:\/\/metropoliagzm.pl\/wp-content\/plugins\/pdf-print\/images\/print.png\" alt=\"image_print\" title=\"Print Content\" \/><\/a><\/div><\/div><div class=\"post-block-pdf\"><div class=\"pdfprnt-buttons pdfprnt-buttons-post pdfprnt-top-right\"><a href=\"https:\/\/metropoliagzm.pl\/de\/wp-json\/wp\/v2\/posts\/25403?print=pdf\" class=\"pdfprnt-button pdfprnt-button-pdf\" target=\"_blank\"><img decoding=\"async\" src=\"https:\/\/metropoliagzm.pl\/wp-content\/plugins\/pdf-print\/images\/pdf.png\" alt=\"image_pdf\" title=\"View PDF\" \/><\/a><a href=\"https:\/\/metropoliagzm.pl\/de\/wp-json\/wp\/v2\/posts\/25403?print=print\" class=\"pdfprnt-button pdfprnt-button-print\" target=\"_blank\"><img decoding=\"async\" src=\"https:\/\/metropoliagzm.pl\/wp-content\/plugins\/pdf-print\/images\/print.png\" alt=\"image_print\" title=\"Print Content\" \/><\/a><\/div>\n<p><strong>Wychodz\u0105c naprzeciw trudnej sytuacji przedsi\u0119biorstw, proponujemy rozwi\u0105zania, kt\u00f3re mog\u0105 pom\u00f3c przetrwa\u0107 ten ci\u0119\u017cki okres w funkcjonowaniu b\u0119dzi\u0144skich firm.<\/strong><\/p>\n\n\n\n<p>W zwi\u0105zku z og\u0142oszeniem stanu zagro\u017cenia epidemicznego i epidemii oraz rozprzestrzenianiem si\u0119 koronawirusa, wielu przedsi\u0119biorc\u00f3w musia\u0142o niespodziewanie ograniczy\u0107 lub czasowo zawiesi\u0107 swoj\u0105 dzia\u0142alno\u015b\u0107. To oznacza spadek lub utrat\u0119 dochod\u00f3w.<\/p>\n\n\n\n<p>Firmy, kt\u00f3re z dnia na dzie\u0144 straci\u0142y swoich klient\u00f3w i pracownik\u00f3w, nale\u017cy wspiera\u0107. Na mocy obowi\u0105zuj\u0105cych przepis\u00f3w oraz w zakresie mo\u017cliwo\u015bci jakie posiada Gmina, osoby prowadz\u0105ce dzia\u0142alno\u015b\u0107 gospodarcz\u0105 i znajduj\u0105ce si\u0119 w trudnej sytuacji finansowej b\u0119d\u0105 mog\u0142y z\u0142o\u017cy\u0107 wniosek i skorzysta\u0107 z odroczenia terminu zap\u0142aty i roz\u0142o\u017cenie na raty powsta\u0142ych zaleg\u0142o\u015bci.<\/p>\n\n\n\n<p>Proponujemy odroczenie terminu p\u0142atno\u015bci i\/lub roz\u0142o\u017cenie na raty na okres 6 miesi\u0119cy:<\/p>\n\n\n\n<p>\u2705kwot podatk\u00f3w lokalnych (podatek od \u015brodk\u00f3w transportowych, podatek od nieruchomo\u015bci),<br>\u2705czynszu za najem lokali u\u017cytkowych b\u0119d\u0105cych w zasobie gminy,&nbsp;<br>\u2705op\u0142at za dzier\u017caw\u0119 gruntu.<\/p>\n\n\n\n<p>W szczeg\u00f3lnych przypadkach mo\u017cliwe b\u0119dzie umorzenie wskazanych zaleg\u0142o\u015bci nale\u017cnych za okres trwania stanu zagro\u017cenia epidemicznego i epidemii.<\/p>\n\n\n\n<p>Przedsi\u0119biorcy mog\u0105 r\u00f3wnie\u017c skorzysta\u0107 z 50% obni\u017cki stawek za dzier\u017caw\u0119 grunt\u00f3w.<\/p>\n\n\n\n<p>Wnioski przedsi\u0119biorc\u00f3w b\u0119d\u0105 rozpatrywane indywidualnie.<\/p>\n\n\n\n<p>Dodatkowo w zakresie op\u0142aty z tytu\u0142u u\u017cytkowania wieczystego grunt\u00f3w, Prezydent Miasta \u0141ukasz Komoniewski zwr\u00f3ci\u0142 si\u0119 do Prezesa Rady Ministr\u00f3w z wnioskiem o wprowadzenie ustawowych regulacji dotycz\u0105cych przesuni\u0119cia terminu wniesienia op\u0142aty za u\u017cytkowanie wieczyste, kt\u00f3ry to up\u0142ywa w dniu 31 marca.<\/p>\n\n\n\n<p><strong>Informujemy ponadto, \u017ce terminy p\u0142atno\u015bci op\u0142aty rocznej za 2020 rok z tytu\u0142u:<\/strong><\/p>\n\n\n\n<ul class=\"wp-block-list\"><li><strong>u\u017cytkowania wieczystego grunt\u00f3w,<\/strong><\/li><li><strong>przekszta\u0142cenia prawa u\u017cytkowania wieczystego grunt\u00f3w w prawo w\u0142asno\u015bci, zosta\u0142y ustawowo przesuni\u0119te do dnia 30 czerwca 2020 roku.<\/strong><\/li><\/ul>\n\n\n\n<p><strong>Szczeg\u00f3\u0142owych informacji udziel\u0105 pracownicy Urz\u0119du Miejskiego:<\/strong><\/p>\n\n\n\n<ul class=\"wp-block-list\"><li>Referat Podatk\u00f3w i Windykacji:&nbsp;tel. 32 267 91 45 lub 32 267 91 89<\/li><li>Wydzia\u0142 Gospodarki Nieruchomo\u015bciami:&nbsp;tel. 32 267 91 50<\/li><li>Wydzia\u0142 Gospodarki Mieszkaniowej:&nbsp;tel. 32 267 92 29<\/li><\/ul>\n\n\n\n<hr class=\"wp-block-separator\"\/>\n\n\n\n<p><img loading=\"lazy\" decoding=\"async\" src=\"http:\/\/www.bedzin.pl\/uploads\/pub\/news\/news_3369\/Logo_zus.png\" width=\"74\" height=\"74\"><a href=\"http:\/\/www.bedzin.pl\/aktualnosc-3383-tarcza_antykryzysowa_wsparcie_z_zus.html\">Wsparcie z Zak\u0142adu Ubezpiecze\u0144 Spo\u0142ecznych &#8211; dowiedz si\u0119 wi\u0119cej<\/a><\/p>\n\n\n\n<hr class=\"wp-block-separator\"\/>\n\n\n\n<figure class=\"wp-block-image\"><img decoding=\"async\" src=\"http:\/\/www.bedzin.pl\/uploads\/pub\/news\/news_3369\/1_0-slider.jpg\" alt=\"\"\/><\/figure>\n\n\n\n<p><strong><a href=\"http:\/\/www.bedzin.pl\/aktualnosc-3381-nabor_wnioskow_o_udzielenie_pozyczki.html\">Nab\u00f3r wniosk\u00f3w o udzielenie po\u017cyczki dla mikroprzedsi\u0119biorcy na pokrycie bie\u017c\u0105cych&nbsp;koszt\u00f3w prowadzenia dzia\u0142alno\u015bci gospodarczej&nbsp;&#8211; sprawd\u017a szczeg\u00f3\u0142y<\/a><\/strong><\/p>\n\n\n\n<hr class=\"wp-block-separator\"\/>\n\n\n\n<h4 class=\"wp-block-heading\"><strong>Podatek od nieruchomo\u015bci, rolny, le\u015bny oraz podatek od \u015brodk\u00f3w transportowych<\/strong><\/h4>\n\n\n\n<p>Zgodnie z art. 67a Ordynacji podatkowej podatnik mo\u017ce zwr\u00f3ci\u0107 si\u0119 do organu podatkowego z&nbsp;wnioskiem o udzielenie ulgi podatkowej w jednej z trzech postaci. Przedmiotem wniosku mo\u017ce by\u0107 odroczenie terminu p\u0142atno\u015bci podatku, roz\u0142o\u017cenie kwot podatku na dogodne raty lub umorzenie zaleg\u0142o\u015bci podatkowej.&nbsp;<\/p>\n\n\n\n<p><strong>Umorzenie jest mo\u017cliwe dopiero po up\u0142ywie terminu p\u0142atno\u015bci, czyli wniosek nale\u017cy z\u0142o\u017cy\u0107 najwcze\u015bniej nast\u0119pnego dnia po dniu kiedy podatek powinien zosta\u0107 zap\u0142acony.&nbsp;<\/strong><\/p>\n\n\n\n<p>Warunkiem pozytywnego rozpatrzenia wniosku jest wyst\u0105pienie wa\u017cnego interesu podatnika lub interesu publicznego.&nbsp;<\/p>\n\n\n\n<p>Przez wa\u017cny interes podatnika nale\u017cy rozumie\u0107 ci\u0119\u017ck\u0105 sytuacj\u0119 finansow\u0105, w kt\u00f3rej znalaz\u0142 si\u0119 podatnik, z powodu nieoczekiwanych zdarze\u0144 losowych lub z powodu choroby. Przepisy nie okre\u015blaj\u0105 szczeg\u00f3\u0142owo katalogu zdarze\u0144 wype\u0142niaj\u0105cych wskazan\u0105 przes\u0142ank\u0119. Wobec tego ka\u017cdy wniosek i&nbsp;opisane w nim okoliczno\u015bci oceniane s\u0105 indywidualnie.&nbsp;<\/p>\n\n\n\n<p><strong>Do wniosku nale\u017cy do\u0142\u0105czy\u0107 o\u015bwiadczenie maj\u0105tkowe (formularz dostepny w za\u0142\u0105cznikach) wraz z dowodami potwierdzaj\u0105cymi okoliczno\u015bci powo\u0142ane przez podatnika, kt\u00f3re utrudniaj\u0105 lub uniemo\u017cliwiaj\u0105 mu zap\u0142at\u0119 podatku lub jego cz\u0119\u015bci. Przyk\u0142adowo do wniosku powinny zosta\u0107 za\u0142\u0105czone kserokopie rachunk\u00f3w za op\u0142aty, za\u015bwiadczenie o zarobkach i uzyskiwanych \u015bwiadczeniach socjalnych.&nbsp;<\/strong><\/p>\n\n\n\n<p>Podatnik prowadz\u0105cy dzia\u0142alno\u015b\u0107 gospodarcz\u0105 zobowi\u0105zany jest do z\u0142o\u017cenia wraz z wnioskiem, formularza informacji przedstawianych przy ubieganiu si\u0119 o pomoc publiczn\u0105. Je\u017celi powodem z\u0142o\u017cenia wniosku jest panuj\u0105ca pandemia, kt\u00f3ra wp\u0142yn\u0119\u0142a negatywnie na prowadzon\u0105 dzia\u0142alno\u015b\u0107 gospodarcz\u0105, udzielona ulga stanowi pomoc publiczn\u0105 maj\u0105c\u0105 na celu zaradzenie powa\u017cnym zaburzeniom w gospodarce pa\u0144stwa cz\u0142onkowskiego. Zgodnie z Komunikatem UE oraz wyja\u015bnieniami UOKiK warunki udzielenia tego rodzaju pomocy oraz zakres informacji pozyskiwanych od wnioskodawcy jest znacznie mniejszy ni\u017c przy pomocy de minimis. W takiej sytuacji podatnik zobowi\u0105zany jest do z\u0142o\u017cenia formularza informacji przedstawianych przy ubieganiu si\u0119 o pomoc rekompensuj\u0105c\u0105 negatywne konsekwencje ekonomiczne z powodu COVID-19 (formularz dost\u0119pny w za\u0142\u0105cznikach). W innym przypadku, gdy przyczn\u0105 z\u0142o\u017cenia wniosku o udzielenie ulgi nie jest trwaj\u0105ca epidemia, ulga stanowi pomoc de minimis. Do takiego wniosku do\u0142\u0105czony powinien by\u0107 formularz informacji przedstawianych przy ubieganiu si\u0119 o pomoc de minimis (formularz dost\u0119pny w za\u0142\u0105cznikach).<\/p>\n\n\n\n<p>Stosownie do rodzaju pomocy publicznej, z kt\u00f3rej wnioskodawca zamierza skorzysta\u0107, odpowiednio powinien on do\u0142\u0105czy\u0107 do wniosku za\u015bwiadczenia lub o\u015bwiadczenia o otrzymaniu b\u0105d\u017a nieotrzymaniu pomocy de minimis, za rok w kt\u00f3rym ubiega si\u0119 o pomoc, oraz w ci\u0105gu 2 poprzedzaj\u0105cych go lat podatkowych lub o otrzymaniu b\u0105d\u017a nieotrzymaniu pomocy z powodu COVID-19. Dodatkowo przy ubieganiu si\u0119 o pomoc de minimis konieczne jest z\u0142o\u017cenie sprawozda\u0144 finansowych za ostatnie 3 lata obrotowe.&nbsp;<\/p>\n\n\n\n<p>Decyzja organu podatkowego o udzieleniu ulgi podatkowej ma charakter uznaniowy i podejmowana jest z uwzgl\u0119dnieniem powszechnego obowi\u0105zku podatkowego, sprawiedliwo\u015bci podatkowej oraz z&nbsp;dba\u0142o\u015bci\u0105 o stabilno\u015b\u0107 bud\u017cetu gminy.&nbsp;<\/p>\n\n\n\n<p>Szczeg\u00f3\u0142y i za\u0142\u0105czniki na stronie <strong>www.bedzin.pl<\/strong><\/p>\n\n\n\n<p>\u0179r\u00f3d\u0142o: UM B\u0119dzin<\/p>\n<div class=\"post-author\" style=\"font-size:13px\">bedzin<\/div><\/div>","protected":false},"excerpt":{"rendered":"<p>Wychodz\u0105c naprzeciw trudnej sytuacji przedsi\u0119biorstw, proponujemy rozwi\u0105zania, kt\u00f3re mog\u0105 pom\u00f3c przetrwa\u0107 ten ci\u0119\u017cki okres w funkcjonowaniu b\u0119dzi\u0144skich firm. W zwi\u0105zku z og\u0142oszeniem stanu zagro\u017cenia epidemicznego i epidemii oraz rozprzestrzenianiem si\u0119 koronawirusa, wielu przedsi\u0119biorc\u00f3w musia\u0142o niespodziewanie ograniczy\u0107 lub czasowo zawiesi\u0107 swoj\u0105 dzia\u0142alno\u015b\u0107. To oznacza spadek lub&#8230;<\/p>","protected":false},"author":89,"featured_media":25404,"comment_status":"closed","ping_status":"closed","sticky":false,"template":"","format":"standard","meta":{"_acf_changed":false,"footnotes":""},"categories":[195,239],"tags":[2091,1319],"class_list":["post-25403","post","type-post","status-publish","format-standard","has-post-thumbnail","hentry","category-bedzin","category-gospodarka-i-inwestycje","tag-koronawirus","tag-msp"],"acf":[],"yoast_head":"<!-- This site is optimized with the Yoast SEO plugin v27.4 - https:\/\/yoast.com\/product\/yoast-seo-wordpress\/ -->\n<title>Wsparcie dla przedsi\u0119biorc\u00f3w! - Metropolia GZM<\/title>\n<meta name=\"description\" content=\"Oficjalny portal G\u00f3rno\u015bl\u0105sko-Zag\u0142\u0119biowskiej Metropolii\" \/>\n<meta name=\"robots\" content=\"index, follow, max-snippet:-1, max-image-preview:large, max-video-preview:-1\" \/>\n<link rel=\"canonical\" href=\"http:\/\/metropoliagzm.pl\/de\/2020\/06\/10\/wsparcie-dla-przedsiebiorcow-6\/\" \/>\n<meta name=\"twitter:card\" content=\"summary_large_image\" \/>\n<meta name=\"twitter:title\" content=\"Wsparcie dla przedsi\u0119biorc\u00f3w! - Metropolia GZM\" \/>\n<meta name=\"twitter:description\" content=\"Oficjalny portal G\u00f3rno\u015bl\u0105sko-Zag\u0142\u0119biowskiej Metropolii\" \/>\n<meta name=\"twitter:image\" content=\"https:\/\/metropoliagzm.pl\/wp-content\/uploads\/2020\/06\/wsparcie-dla-przedsi\u0119biorc\u00f3w.png\" \/>\n<meta name=\"twitter:label1\" content=\"Geschrieben von\" \/>\n\t<meta name=\"twitter:data1\" content=\"bedzin\" \/>\n\t<meta name=\"twitter:label2\" content=\"Gesch\u00e4tzte Lesezeit\" \/>\n\t<meta name=\"twitter:data2\" content=\"5\u00a0Minuten\" \/>\n<script type=\"application\/ld+json\" class=\"yoast-schema-graph\">{\"@context\":\"https:\\\/\\\/schema.org\",\"@graph\":[{\"@type\":\"Article\",\"@id\":\"http:\\\/\\\/metropoliagzm.pl\\\/en\\\/2020\\\/06\\\/10\\\/wsparcie-dla-przedsiebiorcow-6\\\/#article\",\"isPartOf\":{\"@id\":\"http:\\\/\\\/metropoliagzm.pl\\\/en\\\/2020\\\/06\\\/10\\\/wsparcie-dla-przedsiebiorcow-6\\\/\"},\"author\":{\"name\":\"bedzin\",\"@id\":\"https:\\\/\\\/metropoliagzm.pl\\\/en\\\/#\\\/schema\\\/person\\\/599062022efc27bc163c01eab0f580f4\"},\"headline\":\"Wsparcie dla przedsi\u0119biorc\u00f3w!\",\"datePublished\":\"2020-06-10T05:54:39+00:00\",\"dateModified\":\"2020-06-10T05:54:41+00:00\",\"mainEntityOfPage\":{\"@id\":\"http:\\\/\\\/metropoliagzm.pl\\\/en\\\/2020\\\/06\\\/10\\\/wsparcie-dla-przedsiebiorcow-6\\\/\"},\"wordCount\":933,\"publisher\":{\"@id\":\"https:\\\/\\\/metropoliagzm.pl\\\/en\\\/#organization\"},\"image\":{\"@id\":\"http:\\\/\\\/metropoliagzm.pl\\\/en\\\/2020\\\/06\\\/10\\\/wsparcie-dla-przedsiebiorcow-6\\\/#primaryimage\"},\"thumbnailUrl\":\"https:\\\/\\\/metropoliagzm.pl\\\/wp-content\\\/uploads\\\/2020\\\/06\\\/wsparcie-dla-przedsi\u0119biorc\u00f3w.png\",\"keywords\":[\"koronawirus\",\"M\u015aP\"],\"articleSection\":[\"B\u0119dzin\",\"Gospodarka i Inwestycje\"],\"inLanguage\":\"de\"},{\"@type\":\"WebPage\",\"@id\":\"http:\\\/\\\/metropoliagzm.pl\\\/en\\\/2020\\\/06\\\/10\\\/wsparcie-dla-przedsiebiorcow-6\\\/\",\"url\":\"http:\\\/\\\/metropoliagzm.pl\\\/en\\\/2020\\\/06\\\/10\\\/wsparcie-dla-przedsiebiorcow-6\\\/\",\"name\":\"Wsparcie dla przedsi\u0119biorc\u00f3w! - Metropolia GZM\",\"isPartOf\":{\"@id\":\"https:\\\/\\\/metropoliagzm.pl\\\/en\\\/#website\"},\"primaryImageOfPage\":{\"@id\":\"http:\\\/\\\/metropoliagzm.pl\\\/en\\\/2020\\\/06\\\/10\\\/wsparcie-dla-przedsiebiorcow-6\\\/#primaryimage\"},\"image\":{\"@id\":\"http:\\\/\\\/metropoliagzm.pl\\\/en\\\/2020\\\/06\\\/10\\\/wsparcie-dla-przedsiebiorcow-6\\\/#primaryimage\"},\"thumbnailUrl\":\"https:\\\/\\\/metropoliagzm.pl\\\/wp-content\\\/uploads\\\/2020\\\/06\\\/wsparcie-dla-przedsi\u0119biorc\u00f3w.png\",\"datePublished\":\"2020-06-10T05:54:39+00:00\",\"dateModified\":\"2020-06-10T05:54:41+00:00\",\"description\":\"Oficjalny portal G\u00f3rno\u015bl\u0105sko-Zag\u0142\u0119biowskiej Metropolii\",\"breadcrumb\":{\"@id\":\"http:\\\/\\\/metropoliagzm.pl\\\/en\\\/2020\\\/06\\\/10\\\/wsparcie-dla-przedsiebiorcow-6\\\/#breadcrumb\"},\"inLanguage\":\"de\",\"potentialAction\":[{\"@type\":\"ReadAction\",\"target\":[\"http:\\\/\\\/metropoliagzm.pl\\\/en\\\/2020\\\/06\\\/10\\\/wsparcie-dla-przedsiebiorcow-6\\\/\"]}]},{\"@type\":\"ImageObject\",\"inLanguage\":\"de\",\"@id\":\"http:\\\/\\\/metropoliagzm.pl\\\/en\\\/2020\\\/06\\\/10\\\/wsparcie-dla-przedsiebiorcow-6\\\/#primaryimage\",\"url\":\"https:\\\/\\\/metropoliagzm.pl\\\/wp-content\\\/uploads\\\/2020\\\/06\\\/wsparcie-dla-przedsi\u0119biorc\u00f3w.png\",\"contentUrl\":\"https:\\\/\\\/metropoliagzm.pl\\\/wp-content\\\/uploads\\\/2020\\\/06\\\/wsparcie-dla-przedsi\u0119biorc\u00f3w.png\",\"width\":1200,\"height\":740,\"caption\":\"Grupa os\u00f3b siedz\u0105ca przy stole, zdj\u0119cie z g\u00f3ry\"},{\"@type\":\"BreadcrumbList\",\"@id\":\"http:\\\/\\\/metropoliagzm.pl\\\/en\\\/2020\\\/06\\\/10\\\/wsparcie-dla-przedsiebiorcow-6\\\/#breadcrumb\",\"itemListElement\":[{\"@type\":\"ListItem\",\"position\":1,\"name\":\"Strona g\u0142\u00f3wna\",\"item\":\"https:\\\/\\\/metropoliagzm.pl\\\/\"},{\"@type\":\"ListItem\",\"position\":2,\"name\":\"Wsparcie dla przedsi\u0119biorc\u00f3w!\"}]},{\"@type\":\"WebSite\",\"@id\":\"https:\\\/\\\/metropoliagzm.pl\\\/en\\\/#website\",\"url\":\"https:\\\/\\\/metropoliagzm.pl\\\/en\\\/\",\"name\":\"Metropolia GZM\",\"description\":\"Oficjalny portal G\u00f3rno\u015bl\u0105sko-Zag\u0142\u0119biowskiej Metropolii\",\"publisher\":{\"@id\":\"https:\\\/\\\/metropoliagzm.pl\\\/en\\\/#organization\"},\"potentialAction\":[{\"@type\":\"SearchAction\",\"target\":{\"@type\":\"EntryPoint\",\"urlTemplate\":\"https:\\\/\\\/metropoliagzm.pl\\\/en\\\/?s={search_term_string}\"},\"query-input\":{\"@type\":\"PropertyValueSpecification\",\"valueRequired\":true,\"valueName\":\"search_term_string\"}}],\"inLanguage\":\"de\"},{\"@type\":\"Organization\",\"@id\":\"https:\\\/\\\/metropoliagzm.pl\\\/en\\\/#organization\",\"name\":\"Metropolia GZM\",\"url\":\"https:\\\/\\\/metropoliagzm.pl\\\/en\\\/\",\"logo\":{\"@type\":\"ImageObject\",\"inLanguage\":\"de\",\"@id\":\"https:\\\/\\\/metropoliagzm.pl\\\/en\\\/#\\\/schema\\\/logo\\\/image\\\/\",\"url\":\"https:\\\/\\\/metropoliagzm.pl\\\/wp-content\\\/uploads\\\/2019\\\/03\\\/Sygnet-strona-glowna.png\",\"contentUrl\":\"https:\\\/\\\/metropoliagzm.pl\\\/wp-content\\\/uploads\\\/2019\\\/03\\\/Sygnet-strona-glowna.png\",\"width\":36,\"height\":45,\"caption\":\"Metropolia GZM\"},\"image\":{\"@id\":\"https:\\\/\\\/metropoliagzm.pl\\\/en\\\/#\\\/schema\\\/logo\\\/image\\\/\"}},{\"@type\":\"Person\",\"@id\":\"https:\\\/\\\/metropoliagzm.pl\\\/en\\\/#\\\/schema\\\/person\\\/599062022efc27bc163c01eab0f580f4\",\"name\":\"bedzin\",\"image\":{\"@type\":\"ImageObject\",\"inLanguage\":\"de\",\"@id\":\"https:\\\/\\\/secure.gravatar.com\\\/avatar\\\/75c082b0163b502467aeea82d3bdeee648c5fc0d2e30b7d36c9b159884482fe2?s=96&d=mm&r=g\",\"url\":\"https:\\\/\\\/secure.gravatar.com\\\/avatar\\\/75c082b0163b502467aeea82d3bdeee648c5fc0d2e30b7d36c9b159884482fe2?s=96&d=mm&r=g\",\"contentUrl\":\"https:\\\/\\\/secure.gravatar.com\\\/avatar\\\/75c082b0163b502467aeea82d3bdeee648c5fc0d2e30b7d36c9b159884482fe2?s=96&d=mm&r=g\",\"caption\":\"bedzin\"},\"sameAs\":[\"http:\\\/\\\/www.bedzin.pl\"],\"url\":\"https:\\\/\\\/metropoliagzm.pl\\\/de\\\/author\\\/bedzin\\\/\"}]}<\/script>\n<!-- \/ Yoast SEO plugin. -->","yoast_head_json":{"title":"Wsparcie dla przedsi\u0119biorc\u00f3w! - Metropolia GZM","description":"Oficjalny portal G\u00f3rno\u015bl\u0105sko-Zag\u0142\u0119biowskiej Metropolii","robots":{"index":"index","follow":"follow","max-snippet":"max-snippet:-1","max-image-preview":"max-image-preview:large","max-video-preview":"max-video-preview:-1"},"canonical":"http:\/\/metropoliagzm.pl\/de\/2020\/06\/10\/wsparcie-dla-przedsiebiorcow-6\/","twitter_card":"summary_large_image","twitter_title":"Wsparcie dla przedsi\u0119biorc\u00f3w! - Metropolia GZM","twitter_description":"Oficjalny portal G\u00f3rno\u015bl\u0105sko-Zag\u0142\u0119biowskiej Metropolii","twitter_image":"https:\/\/metropoliagzm.pl\/wp-content\/uploads\/2020\/06\/wsparcie-dla-przedsi\u0119biorc\u00f3w.png","twitter_misc":{"Geschrieben von":"bedzin","Gesch\u00e4tzte Lesezeit":"5\u00a0Minuten"},"schema":{"@context":"https:\/\/schema.org","@graph":[{"@type":"Article","@id":"http:\/\/metropoliagzm.pl\/en\/2020\/06\/10\/wsparcie-dla-przedsiebiorcow-6\/#article","isPartOf":{"@id":"http:\/\/metropoliagzm.pl\/en\/2020\/06\/10\/wsparcie-dla-przedsiebiorcow-6\/"},"author":{"name":"bedzin","@id":"https:\/\/metropoliagzm.pl\/en\/#\/schema\/person\/599062022efc27bc163c01eab0f580f4"},"headline":"Wsparcie dla przedsi\u0119biorc\u00f3w!","datePublished":"2020-06-10T05:54:39+00:00","dateModified":"2020-06-10T05:54:41+00:00","mainEntityOfPage":{"@id":"http:\/\/metropoliagzm.pl\/en\/2020\/06\/10\/wsparcie-dla-przedsiebiorcow-6\/"},"wordCount":933,"publisher":{"@id":"https:\/\/metropoliagzm.pl\/en\/#organization"},"image":{"@id":"http:\/\/metropoliagzm.pl\/en\/2020\/06\/10\/wsparcie-dla-przedsiebiorcow-6\/#primaryimage"},"thumbnailUrl":"https:\/\/metropoliagzm.pl\/wp-content\/uploads\/2020\/06\/wsparcie-dla-przedsi\u0119biorc\u00f3w.png","keywords":["koronawirus","M\u015aP"],"articleSection":["B\u0119dzin","Gospodarka i Inwestycje"],"inLanguage":"de"},{"@type":"WebPage","@id":"http:\/\/metropoliagzm.pl\/en\/2020\/06\/10\/wsparcie-dla-przedsiebiorcow-6\/","url":"http:\/\/metropoliagzm.pl\/en\/2020\/06\/10\/wsparcie-dla-przedsiebiorcow-6\/","name":"Wsparcie dla przedsi\u0119biorc\u00f3w! - Metropolia GZM","isPartOf":{"@id":"https:\/\/metropoliagzm.pl\/en\/#website"},"primaryImageOfPage":{"@id":"http:\/\/metropoliagzm.pl\/en\/2020\/06\/10\/wsparcie-dla-przedsiebiorcow-6\/#primaryimage"},"image":{"@id":"http:\/\/metropoliagzm.pl\/en\/2020\/06\/10\/wsparcie-dla-przedsiebiorcow-6\/#primaryimage"},"thumbnailUrl":"https:\/\/metropoliagzm.pl\/wp-content\/uploads\/2020\/06\/wsparcie-dla-przedsi\u0119biorc\u00f3w.png","datePublished":"2020-06-10T05:54:39+00:00","dateModified":"2020-06-10T05:54:41+00:00","description":"Oficjalny portal G\u00f3rno\u015bl\u0105sko-Zag\u0142\u0119biowskiej Metropolii","breadcrumb":{"@id":"http:\/\/metropoliagzm.pl\/en\/2020\/06\/10\/wsparcie-dla-przedsiebiorcow-6\/#breadcrumb"},"inLanguage":"de","potentialAction":[{"@type":"ReadAction","target":["http:\/\/metropoliagzm.pl\/en\/2020\/06\/10\/wsparcie-dla-przedsiebiorcow-6\/"]}]},{"@type":"ImageObject","inLanguage":"de","@id":"http:\/\/metropoliagzm.pl\/en\/2020\/06\/10\/wsparcie-dla-przedsiebiorcow-6\/#primaryimage","url":"https:\/\/metropoliagzm.pl\/wp-content\/uploads\/2020\/06\/wsparcie-dla-przedsi\u0119biorc\u00f3w.png","contentUrl":"https:\/\/metropoliagzm.pl\/wp-content\/uploads\/2020\/06\/wsparcie-dla-przedsi\u0119biorc\u00f3w.png","width":1200,"height":740,"caption":"Grupa os\u00f3b siedz\u0105ca przy stole, zdj\u0119cie z g\u00f3ry"},{"@type":"BreadcrumbList","@id":"http:\/\/metropoliagzm.pl\/en\/2020\/06\/10\/wsparcie-dla-przedsiebiorcow-6\/#breadcrumb","itemListElement":[{"@type":"ListItem","position":1,"name":"Strona g\u0142\u00f3wna","item":"https:\/\/metropoliagzm.pl\/"},{"@type":"ListItem","position":2,"name":"Wsparcie dla przedsi\u0119biorc\u00f3w!"}]},{"@type":"WebSite","@id":"https:\/\/metropoliagzm.pl\/en\/#website","url":"https:\/\/metropoliagzm.pl\/en\/","name":"Metropolia GZM","description":"Oficjalny portal G\u00f3rno\u015bl\u0105sko-Zag\u0142\u0119biowskiej Metropolii","publisher":{"@id":"https:\/\/metropoliagzm.pl\/en\/#organization"},"potentialAction":[{"@type":"SearchAction","target":{"@type":"EntryPoint","urlTemplate":"https:\/\/metropoliagzm.pl\/en\/?s={search_term_string}"},"query-input":{"@type":"PropertyValueSpecification","valueRequired":true,"valueName":"search_term_string"}}],"inLanguage":"de"},{"@type":"Organization","@id":"https:\/\/metropoliagzm.pl\/en\/#organization","name":"Metropolia GZM","url":"https:\/\/metropoliagzm.pl\/en\/","logo":{"@type":"ImageObject","inLanguage":"de","@id":"https:\/\/metropoliagzm.pl\/en\/#\/schema\/logo\/image\/","url":"https:\/\/metropoliagzm.pl\/wp-content\/uploads\/2019\/03\/Sygnet-strona-glowna.png","contentUrl":"https:\/\/metropoliagzm.pl\/wp-content\/uploads\/2019\/03\/Sygnet-strona-glowna.png","width":36,"height":45,"caption":"Metropolia GZM"},"image":{"@id":"https:\/\/metropoliagzm.pl\/en\/#\/schema\/logo\/image\/"}},{"@type":"Person","@id":"https:\/\/metropoliagzm.pl\/en\/#\/schema\/person\/599062022efc27bc163c01eab0f580f4","name":"bedzin","image":{"@type":"ImageObject","inLanguage":"de","@id":"https:\/\/secure.gravatar.com\/avatar\/75c082b0163b502467aeea82d3bdeee648c5fc0d2e30b7d36c9b159884482fe2?s=96&d=mm&r=g","url":"https:\/\/secure.gravatar.com\/avatar\/75c082b0163b502467aeea82d3bdeee648c5fc0d2e30b7d36c9b159884482fe2?s=96&d=mm&r=g","contentUrl":"https:\/\/secure.gravatar.com\/avatar\/75c082b0163b502467aeea82d3bdeee648c5fc0d2e30b7d36c9b159884482fe2?s=96&d=mm&r=g","caption":"bedzin"},"sameAs":["http:\/\/www.bedzin.pl"],"url":"https:\/\/metropoliagzm.pl\/de\/author\/bedzin\/"}]}},"_links":{"self":[{"href":"https:\/\/metropoliagzm.pl\/de\/wp-json\/wp\/v2\/posts\/25403","targetHints":{"allow":["GET"]}}],"collection":[{"href":"https:\/\/metropoliagzm.pl\/de\/wp-json\/wp\/v2\/posts"}],"about":[{"href":"https:\/\/metropoliagzm.pl\/de\/wp-json\/wp\/v2\/types\/post"}],"author":[{"embeddable":true,"href":"https:\/\/metropoliagzm.pl\/de\/wp-json\/wp\/v2\/users\/89"}],"replies":[{"embeddable":true,"href":"https:\/\/metropoliagzm.pl\/de\/wp-json\/wp\/v2\/comments?post=25403"}],"version-history":[{"count":2,"href":"https:\/\/metropoliagzm.pl\/de\/wp-json\/wp\/v2\/posts\/25403\/revisions"}],"predecessor-version":[{"id":25421,"href":"https:\/\/metropoliagzm.pl\/de\/wp-json\/wp\/v2\/posts\/25403\/revisions\/25421"}],"wp:featuredmedia":[{"embeddable":true,"href":"https:\/\/metropoliagzm.pl\/de\/wp-json\/wp\/v2\/media\/25404"}],"wp:attachment":[{"href":"https:\/\/metropoliagzm.pl\/de\/wp-json\/wp\/v2\/media?parent=25403"}],"wp:term":[{"taxonomy":"category","embeddable":true,"href":"https:\/\/metropoliagzm.pl\/de\/wp-json\/wp\/v2\/categories?post=25403"},{"taxonomy":"post_tag","embeddable":true,"href":"https:\/\/metropoliagzm.pl\/de\/wp-json\/wp\/v2\/tags?post=25403"}],"curies":[{"name":"wp","href":"https:\/\/api.w.org\/{rel}","templated":true}]}}