{"id":26936,"date":"2020-07-17T13:55:40","date_gmt":"2020-07-17T11:55:40","guid":{"rendered":"https:\/\/metropoliagzm.pl\/?p=26936"},"modified":"2020-07-17T13:55:41","modified_gmt":"2020-07-17T11:55:41","slug":"przetarg-na-budowe-parkingu-bike-ride-rozstrzygniety","status":"publish","type":"post","link":"https:\/\/metropoliagzm.pl\/de\/2020\/07\/17\/przetarg-na-budowe-parkingu-bike-ride-rozstrzygniety\/","title":{"rendered":"Przetarg na budow\u0119 parkingu \u201eBike &#038; Ride\u201d rozstrzygni\u0119ty!"},"content":{"rendered":"<div class=\"pdf-block\"><div class=\"pdfprnt-buttons  pdfprnt-new pdfprnt-buttons-post pdfprnt-top-right\"><div class=\"jssocials-share jssocials-share-twitter\"><a target=\"_blank\" href=\"https:\/\/twitter.com\/share?url=https:\/\/metropoliagzm.pl\/de\/wp-json\/wp\/v2\/posts\/26936;text=26936\" class=\"jssocials-share-link\"><i class=\"fa fa-twitter jssocials-share-logo\"><\/i><\/a><\/div><div class=\"jssocials-share jssocials-share-facebook\"><a target=\"_blank\" href=\"https:\/\/facebook.com\/sharer\/sharer.php?u=https:\/\/metropoliagzm.pl\/de\/wp-json\/wp\/v2\/posts\/26936\" class=\"jssocials-share-link\"><i class=\"fa fa-facebook jssocials-share-logo\"><\/i><\/a><\/div><div class=\"jssocials-share jssocials-share-pinterest\"><a target=\"_blank\" href=\"https:\/\/pinterest.com\/pin\/create\/bookmarklet\/?&amp;url=https:\/\/metropoliagzm.pl\/de\/wp-json\/wp\/v2\/posts\/26936;description=26936\" class=\"jssocials-share-link\"><i class=\"fa fa-pinterest jssocials-share-logo\"><\/i><\/a><\/div><a href=\"https:\/\/metropoliagzm.pl\/de\/wp-json\/wp\/v2\/posts\/26936?print=pdf\" class=\"pdfprnt-button pdfprnt-button-pdf\" target=\"_blank\"><img decoding=\"async\" src=\"https:\/\/metropoliagzm.pl\/wp-content\/plugins\/pdf-print\/images\/pdf.png\" alt=\"image_pdf\" title=\"View PDF\" \/><\/a><a href=\"https:\/\/metropoliagzm.pl\/de\/wp-json\/wp\/v2\/posts\/26936?print=print\" class=\"pdfprnt-button pdfprnt-button-print\" target=\"_blank\"><img decoding=\"async\" src=\"https:\/\/metropoliagzm.pl\/wp-content\/plugins\/pdf-print\/images\/print.png\" alt=\"image_print\" title=\"Print Content\" \/><\/a><\/div><\/div><div class=\"post-block-pdf\"><div class=\"pdfprnt-buttons pdfprnt-buttons-post pdfprnt-top-right\"><a href=\"https:\/\/metropoliagzm.pl\/de\/wp-json\/wp\/v2\/posts\/26936?print=pdf\" class=\"pdfprnt-button pdfprnt-button-pdf\" target=\"_blank\"><img decoding=\"async\" src=\"https:\/\/metropoliagzm.pl\/wp-content\/plugins\/pdf-print\/images\/pdf.png\" alt=\"image_pdf\" title=\"View PDF\" \/><\/a><a href=\"https:\/\/metropoliagzm.pl\/de\/wp-json\/wp\/v2\/posts\/26936?print=print\" class=\"pdfprnt-button pdfprnt-button-print\" target=\"_blank\"><img decoding=\"async\" src=\"https:\/\/metropoliagzm.pl\/wp-content\/plugins\/pdf-print\/images\/print.png\" alt=\"image_print\" title=\"Print Content\" \/><\/a><\/div>\n<p><strong>Rozstrzygni\u0119to przetarg na realizacj\u0119 zadania pn.: Budowa parkingu \u201eBike &amp; Ride\u201d wraz z budow\u0105 dr\u00f3g rowerowych jako dr\u00f3g dojazdowych do planowanego parkingu w Mys\u0142owicach, w tym: Cz\u0119\u015b\u0107 I \u2013 przej\u015bcie podziemne, Cz\u0119\u015b\u0107 II \u2013 drogowa, w ramach kt\u00f3rego powstanie parking wraz z trasami rowerowymi obejmuj\u0105cymi obszary Piasek \u2013 Stare Miasto \u2013 Promenada \u2013 Brz\u0119czkowice \u2013 Rymera \u2013 Chopina.<\/strong><\/p>\n\n\n\n<p>Cz\u0119\u015b\u0107 pierwsz\u0105 projektu, czyli budow\u0119 przej\u015bcia podziemnego, wykona firma SILESIA INWEST Sp. z o. o. z Gliwic za kwot\u0119 9 452 550,00 z\u0142 brutto. Natomiast cze\u015b\u0107 drug\u0105 \u2013 drogow\u0105, konsorcjum firm: Hucz Sp. z o. o. i P.U.H \u201eDOMAX\u201d Arkadiusz Mika z Boronowa za kwot\u0119 12 365 169,36 z\u0142 brutto.<\/p>\n\n\n\n<p>Parking Bike&amp;Ride powstanie przy ul. O\u015bwi\u0119cimskiej w rejonie przej\u015bcia podziemnego. Zadanie obejmuje nie tylko budow\u0119 samego parkingu, ale tak\u017ce modernizacja tunelu \u0142\u0105cz\u0105cego ul. O\u015bwi\u0119cimsk\u0105 z ul. Powsta\u0144c\u00f3w. W pierwszej cz\u0119\u015bci projekt przewiduje m.in.: remont i przebudow\u0119 istniej\u0105cego przej\u015bcia wraz z zadaszeniem nad zej\u015bciami, budow\u0119 windy jako elementu komunikacji pionowej, a tak\u017ce obiekt\u00f3w ma\u0142ej architektury, odtworzenie schod\u00f3w ruchomych, budow\u0119 wiat na rowery oraz zadaszenia dla pasa\u017cer\u00f3w, czekaj\u0105cych na komunikacj\u0119 miejsk\u0105, powstanie pylonu samoobs\u0142ugowego do naprawy rower\u00f3w, przebudowanie mur\u00f3w oporowych od strony p\u00f3\u0142nocnej, monta\u017c o\u015bwietlenia, a tak\u017ce nasadzenie drzew ozdobnych i trawy.<\/p>\n\n\n\n<p>Drugi element inwestycji to budowa dr\u00f3g rowerowych jako dr\u00f3g dojazdowych dla budowanego parkingu. Powstanie Zintegrowane Centrum Przystankowe, gdzie po\u0142\u0105czone zostan\u0105 parkingi rowerowe z przystankami komunikacji miejskiej. Trasy rowerowe zosta\u0142y podzielone na szlaki oznaczone kolorami:<\/p>\n\n\n\n<p>1. Szlak pomara\u0144czowy: \u0142\u0105czy\u0107 b\u0119dzie ze sob\u0105 po\u0142udniow\u0105 cz\u0119\u015b\u0107 miasta Osiedle Powsta\u0144c\u00f3w \u015al\u0105skich z p\u00f3\u0142nocn\u0105 \u2013 Stare Miasto i ul. Boliny.<\/p>\n\n\n\n<p>2. Szlak czerwony: rozpoczyna\u0107 si\u0119 b\u0119dzie od skrzy\u017cowania ul. O\u015bwi\u0119cimskiej z ul. Gen. J. Zi\u0119tka i nast\u0119pnie skr\u0119ca w ul. Mickiewicza.<\/p>\n\n\n\n<p>3. Szlak niebieski: punktem pocz\u0105tkowym jest skrzy\u017cowanie ul. Chopina z ul. Armii Krajowej. Ci\u0105gnie si\u0119 dalej wzd\u0142u\u017c ul. Chopina. Po\u0142udniowa odnoga tej trasy skr\u0119ca z ul. Chopina \u015bladem alejki parkowej, znajduj\u0105cej si\u0119 za budynkami wielorodzinnymi przy ul. G. Morcinka, a\u017c do ul. Kwiatowej i dalej wzd\u0142u\u017c ul. Armii Krajowej do skrzy\u017cowania z ul. A. Mickiewicza i szlaku zielonego. Ponadto szlak niebieski \u0142\u0105czy ze sob\u0105 szlak czerwony i szlak \u017c\u00f3\u0142ty.<\/p>\n\n\n\n<p>4. Szlak zielony: rozpoczyna si\u0119 od skrzy\u017cowania ul. A. Mickiewicza z ul. Szpitaln\u0105 i biegnie do ko\u0144ca ul. A. Mickiewicza.<\/p>\n\n\n\n<p>5. Szlak \u017c\u00f3\u0142ty: pocz\u0105tek to skrzy\u017cowanie ul. F. Chopina i ul. S. Moniuszki, a ko\u0144czy si\u0119 za terenem Szko\u0142y Podstawowej nr 4 (dawniej Gimnazjum nr 1), gdzie obecnie znajduje si\u0119 Miasteczko Rowerowe.<\/p>\n\n\n\n<p>W ramach cz\u0119\u015bci drugiej przewiduje si\u0119 r\u00f3wnie\u017c monta\u017c obiekt\u00f3w ma\u0142ej architektury, takich jak m. in. wiata rowerowa, stojaki rowerowe, pochylnia dla rower\u00f3w, samoobs\u0142ugowa stacja naprawy rower\u00f3w wyposa\u017cona w narz\u0119dzia i stacjonarn\u0105 r\u0119czn\u0105 pompk\u0119, tablice informacyjne z map\u0105 tras rowerowych, koszy parkowych czy \u0142awek.<\/p>\n\n\n\n<p>Miasto Mys\u0142owice na to zadanie otrzyma\u0142o dofinansowanie z Europejskiego Funduszu Rozwoju Regionalnego w ramach Regionalnego Programu Operacyjnego Wojew\u00f3dztwa \u015al\u0105skiego na lata 2014 \u2013 2020 Dzia\u0142anie: 4.5. Niskoemisyjny transport miejski oraz efektywne o\u015bwietlenie, Poddzia\u0142anie: 4.5.1. Niskoemisyjny transport miejski oraz efektywne o\u015bwietlenie \u2013 ZIT.<\/p>\n\n\n\n<p>\u0179r\u00f3d\u0142o: UM Mys\u0142owice <\/p>\n<div class=\"post-author\" style=\"font-size:13px\">Micha\u0142 Nowak<\/div><\/div>","protected":false},"excerpt":{"rendered":"<p>Rozstrzygni\u0119to przetarg na realizacj\u0119 zadania pn.: Budowa parkingu \u201eBike &amp; Ride\u201d wraz z budow\u0105 dr\u00f3g rowerowych jako dr\u00f3g dojazdowych do planowanego parkingu w Mys\u0142owicach, w tym: Cz\u0119\u015b\u0107 I \u2013 przej\u015bcie podziemne, Cz\u0119\u015b\u0107 II \u2013 drogowa, w ramach kt\u00f3rego powstanie parking wraz z trasami rowerowymi obejmuj\u0105cymi&#8230;<\/p>","protected":false},"author":134,"featured_media":26937,"comment_status":"closed","ping_status":"closed","sticky":false,"template":"","format":"standard","meta":{"_acf_changed":false,"footnotes":""},"categories":[214,237],"tags":[918,401],"class_list":["post-26936","post","type-post","status-publish","format-standard","has-post-thumbnail","hentry","category-myslowice","category-transport-publiczny","tag-bike-ride","tag-myslowice"],"acf":[],"yoast_head":"<!-- This site is optimized with the Yoast SEO plugin v27.4 - https:\/\/yoast.com\/product\/yoast-seo-wordpress\/ -->\n<title>Przetarg na budow\u0119 parkingu \u201eBike &amp; Ride\u201d rozstrzygni\u0119ty! - Metropolia GZM<\/title>\n<meta name=\"description\" content=\"Oficjalny portal G\u00f3rno\u015bl\u0105sko-Zag\u0142\u0119biowskiej Metropolii\" \/>\n<meta name=\"robots\" content=\"index, follow, max-snippet:-1, max-image-preview:large, max-video-preview:-1\" \/>\n<link rel=\"canonical\" href=\"https:\/\/metropoliagzm.pl\/de\/2020\/07\/17\/przetarg-na-budowe-parkingu-bike-ride-rozstrzygniety\/\" \/>\n<meta name=\"twitter:card\" content=\"summary_large_image\" \/>\n<meta name=\"twitter:title\" content=\"Przetarg na budow\u0119 parkingu \u201eBike &amp; Ride\u201d rozstrzygni\u0119ty! - Metropolia GZM\" \/>\n<meta name=\"twitter:description\" content=\"Oficjalny portal G\u00f3rno\u015bl\u0105sko-Zag\u0142\u0119biowskiej Metropolii\" \/>\n<meta name=\"twitter:image\" content=\"https:\/\/metropoliagzm.pl\/wp-content\/uploads\/2020\/07\/slider_bike_ride_1.png\" \/>\n<meta name=\"twitter:label1\" content=\"Geschrieben von\" \/>\n\t<meta name=\"twitter:data1\" content=\"Micha\u0142 Nowak\" \/>\n\t<meta name=\"twitter:label2\" content=\"Gesch\u00e4tzte Lesezeit\" \/>\n\t<meta name=\"twitter:data2\" content=\"3\u00a0Minuten\" \/>\n<script type=\"application\/ld+json\" class=\"yoast-schema-graph\">{\"@context\":\"https:\\\/\\\/schema.org\",\"@graph\":[{\"@type\":\"Article\",\"@id\":\"https:\\\/\\\/metropoliagzm.pl\\\/2020\\\/07\\\/17\\\/przetarg-na-budowe-parkingu-bike-ride-rozstrzygniety\\\/#article\",\"isPartOf\":{\"@id\":\"https:\\\/\\\/metropoliagzm.pl\\\/2020\\\/07\\\/17\\\/przetarg-na-budowe-parkingu-bike-ride-rozstrzygniety\\\/\"},\"author\":{\"name\":\"Micha\u0142 Nowak\",\"@id\":\"https:\\\/\\\/metropoliagzm.pl\\\/en\\\/#\\\/schema\\\/person\\\/9e7660ba27bc92881ef16c6fc34ae962\"},\"headline\":\"Przetarg na budow\u0119 parkingu \u201eBike &#038; Ride\u201d rozstrzygni\u0119ty!\",\"datePublished\":\"2020-07-17T11:55:40+00:00\",\"dateModified\":\"2020-07-17T11:55:41+00:00\",\"mainEntityOfPage\":{\"@id\":\"https:\\\/\\\/metropoliagzm.pl\\\/2020\\\/07\\\/17\\\/przetarg-na-budowe-parkingu-bike-ride-rozstrzygniety\\\/\"},\"wordCount\":557,\"publisher\":{\"@id\":\"https:\\\/\\\/metropoliagzm.pl\\\/en\\\/#organization\"},\"image\":{\"@id\":\"https:\\\/\\\/metropoliagzm.pl\\\/2020\\\/07\\\/17\\\/przetarg-na-budowe-parkingu-bike-ride-rozstrzygniety\\\/#primaryimage\"},\"thumbnailUrl\":\"https:\\\/\\\/metropoliagzm.pl\\\/wp-content\\\/uploads\\\/2020\\\/07\\\/slider_bike_ride_1.png\",\"keywords\":[\"Bike &amp; Ride\",\"Mys\u0142owice\"],\"articleSection\":[\"Mys\u0142owice\",\"Transport publiczny\"],\"inLanguage\":\"de\"},{\"@type\":\"WebPage\",\"@id\":\"https:\\\/\\\/metropoliagzm.pl\\\/2020\\\/07\\\/17\\\/przetarg-na-budowe-parkingu-bike-ride-rozstrzygniety\\\/\",\"url\":\"https:\\\/\\\/metropoliagzm.pl\\\/2020\\\/07\\\/17\\\/przetarg-na-budowe-parkingu-bike-ride-rozstrzygniety\\\/\",\"name\":\"Przetarg na budow\u0119 parkingu \u201eBike & Ride\u201d rozstrzygni\u0119ty! - Metropolia GZM\",\"isPartOf\":{\"@id\":\"https:\\\/\\\/metropoliagzm.pl\\\/en\\\/#website\"},\"primaryImageOfPage\":{\"@id\":\"https:\\\/\\\/metropoliagzm.pl\\\/2020\\\/07\\\/17\\\/przetarg-na-budowe-parkingu-bike-ride-rozstrzygniety\\\/#primaryimage\"},\"image\":{\"@id\":\"https:\\\/\\\/metropoliagzm.pl\\\/2020\\\/07\\\/17\\\/przetarg-na-budowe-parkingu-bike-ride-rozstrzygniety\\\/#primaryimage\"},\"thumbnailUrl\":\"https:\\\/\\\/metropoliagzm.pl\\\/wp-content\\\/uploads\\\/2020\\\/07\\\/slider_bike_ride_1.png\",\"datePublished\":\"2020-07-17T11:55:40+00:00\",\"dateModified\":\"2020-07-17T11:55:41+00:00\",\"description\":\"Oficjalny portal G\u00f3rno\u015bl\u0105sko-Zag\u0142\u0119biowskiej Metropolii\",\"breadcrumb\":{\"@id\":\"https:\\\/\\\/metropoliagzm.pl\\\/2020\\\/07\\\/17\\\/przetarg-na-budowe-parkingu-bike-ride-rozstrzygniety\\\/#breadcrumb\"},\"inLanguage\":\"de\",\"potentialAction\":[{\"@type\":\"ReadAction\",\"target\":[\"https:\\\/\\\/metropoliagzm.pl\\\/2020\\\/07\\\/17\\\/przetarg-na-budowe-parkingu-bike-ride-rozstrzygniety\\\/\"]}]},{\"@type\":\"ImageObject\",\"inLanguage\":\"de\",\"@id\":\"https:\\\/\\\/metropoliagzm.pl\\\/2020\\\/07\\\/17\\\/przetarg-na-budowe-parkingu-bike-ride-rozstrzygniety\\\/#primaryimage\",\"url\":\"https:\\\/\\\/metropoliagzm.pl\\\/wp-content\\\/uploads\\\/2020\\\/07\\\/slider_bike_ride_1.png\",\"contentUrl\":\"https:\\\/\\\/metropoliagzm.pl\\\/wp-content\\\/uploads\\\/2020\\\/07\\\/slider_bike_ride_1.png\",\"width\":576,\"height\":256,\"caption\":\"\u0179r\u00f3d\u0142o: UM Mys\u0142owice\"},{\"@type\":\"BreadcrumbList\",\"@id\":\"https:\\\/\\\/metropoliagzm.pl\\\/2020\\\/07\\\/17\\\/przetarg-na-budowe-parkingu-bike-ride-rozstrzygniety\\\/#breadcrumb\",\"itemListElement\":[{\"@type\":\"ListItem\",\"position\":1,\"name\":\"Strona g\u0142\u00f3wna\",\"item\":\"https:\\\/\\\/metropoliagzm.pl\\\/\"},{\"@type\":\"ListItem\",\"position\":2,\"name\":\"Przetarg na budow\u0119 parkingu \u201eBike &#038; Ride\u201d rozstrzygni\u0119ty!\"}]},{\"@type\":\"WebSite\",\"@id\":\"https:\\\/\\\/metropoliagzm.pl\\\/en\\\/#website\",\"url\":\"https:\\\/\\\/metropoliagzm.pl\\\/en\\\/\",\"name\":\"Metropolia GZM\",\"description\":\"Oficjalny portal G\u00f3rno\u015bl\u0105sko-Zag\u0142\u0119biowskiej Metropolii\",\"publisher\":{\"@id\":\"https:\\\/\\\/metropoliagzm.pl\\\/en\\\/#organization\"},\"potentialAction\":[{\"@type\":\"SearchAction\",\"target\":{\"@type\":\"EntryPoint\",\"urlTemplate\":\"https:\\\/\\\/metropoliagzm.pl\\\/en\\\/?s={search_term_string}\"},\"query-input\":{\"@type\":\"PropertyValueSpecification\",\"valueRequired\":true,\"valueName\":\"search_term_string\"}}],\"inLanguage\":\"de\"},{\"@type\":\"Organization\",\"@id\":\"https:\\\/\\\/metropoliagzm.pl\\\/en\\\/#organization\",\"name\":\"Metropolia GZM\",\"url\":\"https:\\\/\\\/metropoliagzm.pl\\\/en\\\/\",\"logo\":{\"@type\":\"ImageObject\",\"inLanguage\":\"de\",\"@id\":\"https:\\\/\\\/metropoliagzm.pl\\\/en\\\/#\\\/schema\\\/logo\\\/image\\\/\",\"url\":\"https:\\\/\\\/metropoliagzm.pl\\\/wp-content\\\/uploads\\\/2019\\\/03\\\/Sygnet-strona-glowna.png\",\"contentUrl\":\"https:\\\/\\\/metropoliagzm.pl\\\/wp-content\\\/uploads\\\/2019\\\/03\\\/Sygnet-strona-glowna.png\",\"width\":36,\"height\":45,\"caption\":\"Metropolia GZM\"},\"image\":{\"@id\":\"https:\\\/\\\/metropoliagzm.pl\\\/en\\\/#\\\/schema\\\/logo\\\/image\\\/\"}},{\"@type\":\"Person\",\"@id\":\"https:\\\/\\\/metropoliagzm.pl\\\/en\\\/#\\\/schema\\\/person\\\/9e7660ba27bc92881ef16c6fc34ae962\",\"name\":\"Micha\u0142 Nowak\",\"image\":{\"@type\":\"ImageObject\",\"inLanguage\":\"de\",\"@id\":\"https:\\\/\\\/secure.gravatar.com\\\/avatar\\\/2d51f070ccac4989b201dc1a42c3a6d46ff007fc5e569ff280535ab8e8122a59?s=96&d=mm&r=g\",\"url\":\"https:\\\/\\\/secure.gravatar.com\\\/avatar\\\/2d51f070ccac4989b201dc1a42c3a6d46ff007fc5e569ff280535ab8e8122a59?s=96&d=mm&r=g\",\"contentUrl\":\"https:\\\/\\\/secure.gravatar.com\\\/avatar\\\/2d51f070ccac4989b201dc1a42c3a6d46ff007fc5e569ff280535ab8e8122a59?s=96&d=mm&r=g\",\"caption\":\"Micha\u0142 Nowak\"},\"url\":\"https:\\\/\\\/metropoliagzm.pl\\\/de\\\/author\\\/michal-nowak\\\/\"}]}<\/script>\n<!-- \/ Yoast SEO plugin. -->","yoast_head_json":{"title":"Przetarg na budow\u0119 parkingu \u201eBike & Ride\u201d rozstrzygni\u0119ty! - Metropolia GZM","description":"Oficjalny portal G\u00f3rno\u015bl\u0105sko-Zag\u0142\u0119biowskiej Metropolii","robots":{"index":"index","follow":"follow","max-snippet":"max-snippet:-1","max-image-preview":"max-image-preview:large","max-video-preview":"max-video-preview:-1"},"canonical":"https:\/\/metropoliagzm.pl\/de\/2020\/07\/17\/przetarg-na-budowe-parkingu-bike-ride-rozstrzygniety\/","twitter_card":"summary_large_image","twitter_title":"Przetarg na budow\u0119 parkingu \u201eBike & Ride\u201d rozstrzygni\u0119ty! - Metropolia GZM","twitter_description":"Oficjalny portal G\u00f3rno\u015bl\u0105sko-Zag\u0142\u0119biowskiej Metropolii","twitter_image":"https:\/\/metropoliagzm.pl\/wp-content\/uploads\/2020\/07\/slider_bike_ride_1.png","twitter_misc":{"Geschrieben von":"Micha\u0142 Nowak","Gesch\u00e4tzte Lesezeit":"3\u00a0Minuten"},"schema":{"@context":"https:\/\/schema.org","@graph":[{"@type":"Article","@id":"https:\/\/metropoliagzm.pl\/2020\/07\/17\/przetarg-na-budowe-parkingu-bike-ride-rozstrzygniety\/#article","isPartOf":{"@id":"https:\/\/metropoliagzm.pl\/2020\/07\/17\/przetarg-na-budowe-parkingu-bike-ride-rozstrzygniety\/"},"author":{"name":"Micha\u0142 Nowak","@id":"https:\/\/metropoliagzm.pl\/en\/#\/schema\/person\/9e7660ba27bc92881ef16c6fc34ae962"},"headline":"Przetarg na budow\u0119 parkingu \u201eBike &#038; Ride\u201d rozstrzygni\u0119ty!","datePublished":"2020-07-17T11:55:40+00:00","dateModified":"2020-07-17T11:55:41+00:00","mainEntityOfPage":{"@id":"https:\/\/metropoliagzm.pl\/2020\/07\/17\/przetarg-na-budowe-parkingu-bike-ride-rozstrzygniety\/"},"wordCount":557,"publisher":{"@id":"https:\/\/metropoliagzm.pl\/en\/#organization"},"image":{"@id":"https:\/\/metropoliagzm.pl\/2020\/07\/17\/przetarg-na-budowe-parkingu-bike-ride-rozstrzygniety\/#primaryimage"},"thumbnailUrl":"https:\/\/metropoliagzm.pl\/wp-content\/uploads\/2020\/07\/slider_bike_ride_1.png","keywords":["Bike &amp; Ride","Mys\u0142owice"],"articleSection":["Mys\u0142owice","Transport publiczny"],"inLanguage":"de"},{"@type":"WebPage","@id":"https:\/\/metropoliagzm.pl\/2020\/07\/17\/przetarg-na-budowe-parkingu-bike-ride-rozstrzygniety\/","url":"https:\/\/metropoliagzm.pl\/2020\/07\/17\/przetarg-na-budowe-parkingu-bike-ride-rozstrzygniety\/","name":"Przetarg na budow\u0119 parkingu \u201eBike & Ride\u201d rozstrzygni\u0119ty! - Metropolia GZM","isPartOf":{"@id":"https:\/\/metropoliagzm.pl\/en\/#website"},"primaryImageOfPage":{"@id":"https:\/\/metropoliagzm.pl\/2020\/07\/17\/przetarg-na-budowe-parkingu-bike-ride-rozstrzygniety\/#primaryimage"},"image":{"@id":"https:\/\/metropoliagzm.pl\/2020\/07\/17\/przetarg-na-budowe-parkingu-bike-ride-rozstrzygniety\/#primaryimage"},"thumbnailUrl":"https:\/\/metropoliagzm.pl\/wp-content\/uploads\/2020\/07\/slider_bike_ride_1.png","datePublished":"2020-07-17T11:55:40+00:00","dateModified":"2020-07-17T11:55:41+00:00","description":"Oficjalny portal G\u00f3rno\u015bl\u0105sko-Zag\u0142\u0119biowskiej Metropolii","breadcrumb":{"@id":"https:\/\/metropoliagzm.pl\/2020\/07\/17\/przetarg-na-budowe-parkingu-bike-ride-rozstrzygniety\/#breadcrumb"},"inLanguage":"de","potentialAction":[{"@type":"ReadAction","target":["https:\/\/metropoliagzm.pl\/2020\/07\/17\/przetarg-na-budowe-parkingu-bike-ride-rozstrzygniety\/"]}]},{"@type":"ImageObject","inLanguage":"de","@id":"https:\/\/metropoliagzm.pl\/2020\/07\/17\/przetarg-na-budowe-parkingu-bike-ride-rozstrzygniety\/#primaryimage","url":"https:\/\/metropoliagzm.pl\/wp-content\/uploads\/2020\/07\/slider_bike_ride_1.png","contentUrl":"https:\/\/metropoliagzm.pl\/wp-content\/uploads\/2020\/07\/slider_bike_ride_1.png","width":576,"height":256,"caption":"\u0179r\u00f3d\u0142o: UM Mys\u0142owice"},{"@type":"BreadcrumbList","@id":"https:\/\/metropoliagzm.pl\/2020\/07\/17\/przetarg-na-budowe-parkingu-bike-ride-rozstrzygniety\/#breadcrumb","itemListElement":[{"@type":"ListItem","position":1,"name":"Strona g\u0142\u00f3wna","item":"https:\/\/metropoliagzm.pl\/"},{"@type":"ListItem","position":2,"name":"Przetarg na budow\u0119 parkingu \u201eBike &#038; Ride\u201d rozstrzygni\u0119ty!"}]},{"@type":"WebSite","@id":"https:\/\/metropoliagzm.pl\/en\/#website","url":"https:\/\/metropoliagzm.pl\/en\/","name":"Metropolia GZM","description":"Oficjalny portal G\u00f3rno\u015bl\u0105sko-Zag\u0142\u0119biowskiej Metropolii","publisher":{"@id":"https:\/\/metropoliagzm.pl\/en\/#organization"},"potentialAction":[{"@type":"SearchAction","target":{"@type":"EntryPoint","urlTemplate":"https:\/\/metropoliagzm.pl\/en\/?s={search_term_string}"},"query-input":{"@type":"PropertyValueSpecification","valueRequired":true,"valueName":"search_term_string"}}],"inLanguage":"de"},{"@type":"Organization","@id":"https:\/\/metropoliagzm.pl\/en\/#organization","name":"Metropolia GZM","url":"https:\/\/metropoliagzm.pl\/en\/","logo":{"@type":"ImageObject","inLanguage":"de","@id":"https:\/\/metropoliagzm.pl\/en\/#\/schema\/logo\/image\/","url":"https:\/\/metropoliagzm.pl\/wp-content\/uploads\/2019\/03\/Sygnet-strona-glowna.png","contentUrl":"https:\/\/metropoliagzm.pl\/wp-content\/uploads\/2019\/03\/Sygnet-strona-glowna.png","width":36,"height":45,"caption":"Metropolia GZM"},"image":{"@id":"https:\/\/metropoliagzm.pl\/en\/#\/schema\/logo\/image\/"}},{"@type":"Person","@id":"https:\/\/metropoliagzm.pl\/en\/#\/schema\/person\/9e7660ba27bc92881ef16c6fc34ae962","name":"Micha\u0142 Nowak","image":{"@type":"ImageObject","inLanguage":"de","@id":"https:\/\/secure.gravatar.com\/avatar\/2d51f070ccac4989b201dc1a42c3a6d46ff007fc5e569ff280535ab8e8122a59?s=96&d=mm&r=g","url":"https:\/\/secure.gravatar.com\/avatar\/2d51f070ccac4989b201dc1a42c3a6d46ff007fc5e569ff280535ab8e8122a59?s=96&d=mm&r=g","contentUrl":"https:\/\/secure.gravatar.com\/avatar\/2d51f070ccac4989b201dc1a42c3a6d46ff007fc5e569ff280535ab8e8122a59?s=96&d=mm&r=g","caption":"Micha\u0142 Nowak"},"url":"https:\/\/metropoliagzm.pl\/de\/author\/michal-nowak\/"}]}},"_links":{"self":[{"href":"https:\/\/metropoliagzm.pl\/de\/wp-json\/wp\/v2\/posts\/26936","targetHints":{"allow":["GET"]}}],"collection":[{"href":"https:\/\/metropoliagzm.pl\/de\/wp-json\/wp\/v2\/posts"}],"about":[{"href":"https:\/\/metropoliagzm.pl\/de\/wp-json\/wp\/v2\/types\/post"}],"author":[{"embeddable":true,"href":"https:\/\/metropoliagzm.pl\/de\/wp-json\/wp\/v2\/users\/134"}],"replies":[{"embeddable":true,"href":"https:\/\/metropoliagzm.pl\/de\/wp-json\/wp\/v2\/comments?post=26936"}],"version-history":[{"count":1,"href":"https:\/\/metropoliagzm.pl\/de\/wp-json\/wp\/v2\/posts\/26936\/revisions"}],"predecessor-version":[{"id":26938,"href":"https:\/\/metropoliagzm.pl\/de\/wp-json\/wp\/v2\/posts\/26936\/revisions\/26938"}],"wp:featuredmedia":[{"embeddable":true,"href":"https:\/\/metropoliagzm.pl\/de\/wp-json\/wp\/v2\/media\/26937"}],"wp:attachment":[{"href":"https:\/\/metropoliagzm.pl\/de\/wp-json\/wp\/v2\/media?parent=26936"}],"wp:term":[{"taxonomy":"category","embeddable":true,"href":"https:\/\/metropoliagzm.pl\/de\/wp-json\/wp\/v2\/categories?post=26936"},{"taxonomy":"post_tag","embeddable":true,"href":"https:\/\/metropoliagzm.pl\/de\/wp-json\/wp\/v2\/tags?post=26936"}],"curies":[{"name":"wp","href":"https:\/\/api.w.org\/{rel}","templated":true}]}}