{"id":31655,"date":"2020-12-16T13:12:51","date_gmt":"2020-12-16T12:12:51","guid":{"rendered":"https:\/\/metropoliagzm.pl\/?p=31655"},"modified":"2020-12-16T13:13:15","modified_gmt":"2020-12-16T12:13:15","slug":"wesola-swiateczna-skarpetka","status":"publish","type":"post","link":"https:\/\/metropoliagzm.pl\/de\/2020\/12\/16\/wesola-swiateczna-skarpetka\/","title":{"rendered":"Weso\u0142a \u015awi\u0105teczna Skarpetka"},"content":{"rendered":"<div class=\"pdf-block\"><div class=\"pdfprnt-buttons  pdfprnt-new pdfprnt-buttons-post pdfprnt-top-right\"><div class=\"jssocials-share jssocials-share-twitter\"><a target=\"_blank\" href=\"https:\/\/twitter.com\/share?url=https:\/\/metropoliagzm.pl\/de\/wp-json\/wp\/v2\/posts\/31655;text=31655\" class=\"jssocials-share-link\"><i class=\"fa fa-twitter jssocials-share-logo\"><\/i><\/a><\/div><div class=\"jssocials-share jssocials-share-facebook\"><a target=\"_blank\" href=\"https:\/\/facebook.com\/sharer\/sharer.php?u=https:\/\/metropoliagzm.pl\/de\/wp-json\/wp\/v2\/posts\/31655\" class=\"jssocials-share-link\"><i class=\"fa fa-facebook jssocials-share-logo\"><\/i><\/a><\/div><div class=\"jssocials-share jssocials-share-pinterest\"><a target=\"_blank\" href=\"https:\/\/pinterest.com\/pin\/create\/bookmarklet\/?&amp;url=https:\/\/metropoliagzm.pl\/de\/wp-json\/wp\/v2\/posts\/31655;description=31655\" class=\"jssocials-share-link\"><i class=\"fa fa-pinterest jssocials-share-logo\"><\/i><\/a><\/div><a href=\"https:\/\/metropoliagzm.pl\/de\/wp-json\/wp\/v2\/posts\/31655?print=pdf\" class=\"pdfprnt-button pdfprnt-button-pdf\" target=\"_blank\"><img decoding=\"async\" src=\"https:\/\/metropoliagzm.pl\/wp-content\/plugins\/pdf-print\/images\/pdf.png\" alt=\"image_pdf\" title=\"View PDF\" \/><\/a><a href=\"https:\/\/metropoliagzm.pl\/de\/wp-json\/wp\/v2\/posts\/31655?print=print\" class=\"pdfprnt-button pdfprnt-button-print\" target=\"_blank\"><img decoding=\"async\" src=\"https:\/\/metropoliagzm.pl\/wp-content\/plugins\/pdf-print\/images\/print.png\" alt=\"image_print\" title=\"Print Content\" \/><\/a><\/div><\/div><div class=\"post-block-pdf\"><div class=\"pdfprnt-buttons pdfprnt-buttons-post pdfprnt-top-right\"><a href=\"https:\/\/metropoliagzm.pl\/de\/wp-json\/wp\/v2\/posts\/31655?print=pdf\" class=\"pdfprnt-button pdfprnt-button-pdf\" target=\"_blank\"><img decoding=\"async\" src=\"https:\/\/metropoliagzm.pl\/wp-content\/plugins\/pdf-print\/images\/pdf.png\" alt=\"image_pdf\" title=\"View PDF\" \/><\/a><a href=\"https:\/\/metropoliagzm.pl\/de\/wp-json\/wp\/v2\/posts\/31655?print=print\" class=\"pdfprnt-button pdfprnt-button-print\" target=\"_blank\"><img decoding=\"async\" src=\"https:\/\/metropoliagzm.pl\/wp-content\/plugins\/pdf-print\/images\/print.png\" alt=\"image_print\" title=\"Print Content\" \/><\/a><\/div>\n<p><strong>Chcesz pom\u00f3c najbardziej potrzebuj\u0105cym? Kup par\u0119 skarpetek i przynie\u015b je do Miejskiego O\u015brodka Pomocy Spo\u0142ecznej. W \u015bwi\u0119ta trafi\u0105 do mieszka\u0144c\u00f3w tarnog\u00f3rskiego schroniska dla m\u0119\u017cczyzn.<\/strong><\/p>\n\n\n\n<p>\u2013 \u015awi\u0119ta to czas, w kt\u00f3rym na chwile zapominamy o naszych problemach, pragniemy czyni\u0107 dobro i dzieli\u0107 si\u0119 nim z innymi wi\u0119c warto zastanowi\u0107 si\u0119, czego potrzebuj\u0105 inni&nbsp; \u2013 m\u00f3wi\u0105 Dominika, Magda i Agnieszka, pracownice socjalne Miejskiego O\u015brodka Pomocy Spo\u0142ecznej w Tarnowskich G\u00f3rach, kt\u00f3re w ramach specjalizacji II stopnia w zawodzie pracownika socjalnego realizuj\u0105 projekt socjalny \u201eRAZEM AKTYWNIEJ\u201d. Jego celem jest aktywizacja&nbsp;i integracja spo\u0142eczna mieszka\u0144c\u00f3w Schroniska dla Bezdomnych M\u0119\u017cczyzn w Tarnowskich G\u00f3rach i w\u0142\u0105czenie si\u0119 w pomoc dla potrzebuj\u0105cych przez skorych do pomocy tarnog\u00f3rzan.<\/p>\n\n\n\n<p>W ramach tego w\u0142a\u015bnie projektu socjalnego organizowana jest zbi\u00f3rka skarpetek, bo one w ostatnich latach kojarz\u0105 si\u0119 z bo\u017conarodzeniowymi prezentami.<\/p>\n\n\n\n<p>Zbi\u00f3rka potrwa do poniedzia\u0142ku 21 grudnia. Skarpetki w rozmiarach 39-42, 43-45 mo\u017cna przynie\u015b\u0107 do budynku MOPS-u przy ul. Bytomskiej 15 w godz. 7.30-15.30, w p\u00f3\u017aniejszych godzinach mo\u017cna je zostawi\u0107 na portierni Ratusza przez ca\u0142\u0105 dob\u0119.<\/p>\n\n\n\n<p><strong>Kontakt z MOPS-em<\/strong><br>506-209-644<br>608-454-231<br>530-192-671<\/p>\n\n\n\n<p>\u0179r\u00f3d\u0142o: UM Tarnowskie G\u00f3ry<\/p>\n<div class=\"post-author\" style=\"font-size:13px\">Witold Tr\u00f3lka<\/div><\/div>","protected":false},"excerpt":{"rendered":"<p>Chcesz pom\u00f3c najbardziej potrzebuj\u0105cym? Kup par\u0119 skarpetek i przynie\u015b je do Miejskiego O\u015brodka Pomocy Spo\u0142ecznej. W \u015bwi\u0119ta trafi\u0105 do mieszka\u0144c\u00f3w tarnog\u00f3rskiego schroniska dla m\u0119\u017cczyzn. \u2013 \u015awi\u0119ta to czas, w kt\u00f3rym na chwile zapominamy o naszych problemach, pragniemy czyni\u0107 dobro i dzieli\u0107 si\u0119 nim z innymi&#8230;<\/p>","protected":false},"author":140,"featured_media":31656,"comment_status":"closed","ping_status":"closed","sticky":false,"template":"","format":"standard","meta":{"_acf_changed":false,"footnotes":""},"categories":[242,230],"tags":[1701,948],"class_list":["post-31655","post","type-post","status-publish","format-standard","has-post-thumbnail","hentry","category-mieszkancy","category-tarnowskie-gory","tag-boze-narodzenie","tag-dzialalnosc-charytatywna"],"acf":[],"yoast_head":"<!-- This site is optimized with the Yoast SEO plugin v27.4 - https:\/\/yoast.com\/product\/yoast-seo-wordpress\/ -->\n<title>Weso\u0142a \u015awi\u0105teczna Skarpetka - Metropolia GZM<\/title>\n<meta name=\"description\" content=\"Oficjalny portal G\u00f3rno\u015bl\u0105sko-Zag\u0142\u0119biowskiej Metropolii\" \/>\n<meta name=\"robots\" content=\"index, follow, max-snippet:-1, max-image-preview:large, max-video-preview:-1\" \/>\n<link rel=\"canonical\" href=\"https:\/\/metropoliagzm.pl\/de\/2020\/12\/16\/wesola-swiateczna-skarpetka\/\" \/>\n<meta name=\"twitter:card\" content=\"summary_large_image\" \/>\n<meta name=\"twitter:title\" content=\"Weso\u0142a \u015awi\u0105teczna Skarpetka - Metropolia GZM\" \/>\n<meta name=\"twitter:description\" content=\"Oficjalny portal G\u00f3rno\u015bl\u0105sko-Zag\u0142\u0119biowskiej Metropolii\" \/>\n<meta name=\"twitter:image\" content=\"https:\/\/metropoliagzm.pl\/wp-content\/uploads\/2020\/12\/Tarnogorskie-Swieto-Drzewa-28.png\" \/>\n<meta name=\"twitter:label1\" content=\"Geschrieben von\" \/>\n\t<meta name=\"twitter:data1\" content=\"Witold Tr\u00f3lka\" \/>\n\t<meta name=\"twitter:label2\" content=\"Gesch\u00e4tzte Lesezeit\" \/>\n\t<meta name=\"twitter:data2\" content=\"1\u00a0Minute\" \/>\n<script type=\"application\/ld+json\" class=\"yoast-schema-graph\">{\"@context\":\"https:\\\/\\\/schema.org\",\"@graph\":[{\"@type\":\"Article\",\"@id\":\"https:\\\/\\\/metropoliagzm.pl\\\/en\\\/2020\\\/12\\\/16\\\/wesola-swiateczna-skarpetka\\\/#article\",\"isPartOf\":{\"@id\":\"https:\\\/\\\/metropoliagzm.pl\\\/en\\\/2020\\\/12\\\/16\\\/wesola-swiateczna-skarpetka\\\/\"},\"author\":{\"name\":\"Witold Tr\u00f3lka\",\"@id\":\"https:\\\/\\\/metropoliagzm.pl\\\/en\\\/#\\\/schema\\\/person\\\/96e19c492916cfe1ba595fd2f60d95b8\"},\"headline\":\"Weso\u0142a \u015awi\u0105teczna Skarpetka\",\"datePublished\":\"2020-12-16T12:12:51+00:00\",\"dateModified\":\"2020-12-16T12:13:15+00:00\",\"mainEntityOfPage\":{\"@id\":\"https:\\\/\\\/metropoliagzm.pl\\\/en\\\/2020\\\/12\\\/16\\\/wesola-swiateczna-skarpetka\\\/\"},\"wordCount\":217,\"publisher\":{\"@id\":\"https:\\\/\\\/metropoliagzm.pl\\\/en\\\/#organization\"},\"image\":{\"@id\":\"https:\\\/\\\/metropoliagzm.pl\\\/en\\\/2020\\\/12\\\/16\\\/wesola-swiateczna-skarpetka\\\/#primaryimage\"},\"thumbnailUrl\":\"https:\\\/\\\/metropoliagzm.pl\\\/wp-content\\\/uploads\\\/2020\\\/12\\\/Tarnogorskie-Swieto-Drzewa-28.png\",\"keywords\":[\"Bo\u017ce Narodzenie\",\"dzia\u0142alno\u015b\u0107 charytatywna\"],\"articleSection\":[\"Mieszka\u0144cy\",\"Tarnowskie G\u00f3ry\"],\"inLanguage\":\"de\"},{\"@type\":\"WebPage\",\"@id\":\"https:\\\/\\\/metropoliagzm.pl\\\/en\\\/2020\\\/12\\\/16\\\/wesola-swiateczna-skarpetka\\\/\",\"url\":\"https:\\\/\\\/metropoliagzm.pl\\\/en\\\/2020\\\/12\\\/16\\\/wesola-swiateczna-skarpetka\\\/\",\"name\":\"Weso\u0142a \u015awi\u0105teczna Skarpetka - Metropolia GZM\",\"isPartOf\":{\"@id\":\"https:\\\/\\\/metropoliagzm.pl\\\/en\\\/#website\"},\"primaryImageOfPage\":{\"@id\":\"https:\\\/\\\/metropoliagzm.pl\\\/en\\\/2020\\\/12\\\/16\\\/wesola-swiateczna-skarpetka\\\/#primaryimage\"},\"image\":{\"@id\":\"https:\\\/\\\/metropoliagzm.pl\\\/en\\\/2020\\\/12\\\/16\\\/wesola-swiateczna-skarpetka\\\/#primaryimage\"},\"thumbnailUrl\":\"https:\\\/\\\/metropoliagzm.pl\\\/wp-content\\\/uploads\\\/2020\\\/12\\\/Tarnogorskie-Swieto-Drzewa-28.png\",\"datePublished\":\"2020-12-16T12:12:51+00:00\",\"dateModified\":\"2020-12-16T12:13:15+00:00\",\"description\":\"Oficjalny portal G\u00f3rno\u015bl\u0105sko-Zag\u0142\u0119biowskiej Metropolii\",\"breadcrumb\":{\"@id\":\"https:\\\/\\\/metropoliagzm.pl\\\/en\\\/2020\\\/12\\\/16\\\/wesola-swiateczna-skarpetka\\\/#breadcrumb\"},\"inLanguage\":\"de\",\"potentialAction\":[{\"@type\":\"ReadAction\",\"target\":[\"https:\\\/\\\/metropoliagzm.pl\\\/en\\\/2020\\\/12\\\/16\\\/wesola-swiateczna-skarpetka\\\/\"]}]},{\"@type\":\"ImageObject\",\"inLanguage\":\"de\",\"@id\":\"https:\\\/\\\/metropoliagzm.pl\\\/en\\\/2020\\\/12\\\/16\\\/wesola-swiateczna-skarpetka\\\/#primaryimage\",\"url\":\"https:\\\/\\\/metropoliagzm.pl\\\/wp-content\\\/uploads\\\/2020\\\/12\\\/Tarnogorskie-Swieto-Drzewa-28.png\",\"contentUrl\":\"https:\\\/\\\/metropoliagzm.pl\\\/wp-content\\\/uploads\\\/2020\\\/12\\\/Tarnogorskie-Swieto-Drzewa-28.png\",\"width\":630,\"height\":420},{\"@type\":\"BreadcrumbList\",\"@id\":\"https:\\\/\\\/metropoliagzm.pl\\\/en\\\/2020\\\/12\\\/16\\\/wesola-swiateczna-skarpetka\\\/#breadcrumb\",\"itemListElement\":[{\"@type\":\"ListItem\",\"position\":1,\"name\":\"Strona g\u0142\u00f3wna\",\"item\":\"https:\\\/\\\/metropoliagzm.pl\\\/\"},{\"@type\":\"ListItem\",\"position\":2,\"name\":\"Weso\u0142a \u015awi\u0105teczna Skarpetka\"}]},{\"@type\":\"WebSite\",\"@id\":\"https:\\\/\\\/metropoliagzm.pl\\\/en\\\/#website\",\"url\":\"https:\\\/\\\/metropoliagzm.pl\\\/en\\\/\",\"name\":\"Metropolia GZM\",\"description\":\"Oficjalny portal G\u00f3rno\u015bl\u0105sko-Zag\u0142\u0119biowskiej Metropolii\",\"publisher\":{\"@id\":\"https:\\\/\\\/metropoliagzm.pl\\\/en\\\/#organization\"},\"potentialAction\":[{\"@type\":\"SearchAction\",\"target\":{\"@type\":\"EntryPoint\",\"urlTemplate\":\"https:\\\/\\\/metropoliagzm.pl\\\/en\\\/?s={search_term_string}\"},\"query-input\":{\"@type\":\"PropertyValueSpecification\",\"valueRequired\":true,\"valueName\":\"search_term_string\"}}],\"inLanguage\":\"de\"},{\"@type\":\"Organization\",\"@id\":\"https:\\\/\\\/metropoliagzm.pl\\\/en\\\/#organization\",\"name\":\"Metropolia GZM\",\"url\":\"https:\\\/\\\/metropoliagzm.pl\\\/en\\\/\",\"logo\":{\"@type\":\"ImageObject\",\"inLanguage\":\"de\",\"@id\":\"https:\\\/\\\/metropoliagzm.pl\\\/en\\\/#\\\/schema\\\/logo\\\/image\\\/\",\"url\":\"https:\\\/\\\/metropoliagzm.pl\\\/wp-content\\\/uploads\\\/2019\\\/03\\\/Sygnet-strona-glowna.png\",\"contentUrl\":\"https:\\\/\\\/metropoliagzm.pl\\\/wp-content\\\/uploads\\\/2019\\\/03\\\/Sygnet-strona-glowna.png\",\"width\":36,\"height\":45,\"caption\":\"Metropolia GZM\"},\"image\":{\"@id\":\"https:\\\/\\\/metropoliagzm.pl\\\/en\\\/#\\\/schema\\\/logo\\\/image\\\/\"}},{\"@type\":\"Person\",\"@id\":\"https:\\\/\\\/metropoliagzm.pl\\\/en\\\/#\\\/schema\\\/person\\\/96e19c492916cfe1ba595fd2f60d95b8\",\"name\":\"Witold Tr\u00f3lka\",\"image\":{\"@type\":\"ImageObject\",\"inLanguage\":\"de\",\"@id\":\"https:\\\/\\\/secure.gravatar.com\\\/avatar\\\/71e0c635e405b4a3631033f0d6f49e682b54dcd226d647737e1040a5a480d177?s=96&d=mm&r=g\",\"url\":\"https:\\\/\\\/secure.gravatar.com\\\/avatar\\\/71e0c635e405b4a3631033f0d6f49e682b54dcd226d647737e1040a5a480d177?s=96&d=mm&r=g\",\"contentUrl\":\"https:\\\/\\\/secure.gravatar.com\\\/avatar\\\/71e0c635e405b4a3631033f0d6f49e682b54dcd226d647737e1040a5a480d177?s=96&d=mm&r=g\",\"caption\":\"Witold Tr\u00f3lka\"},\"url\":\"https:\\\/\\\/metropoliagzm.pl\\\/de\\\/author\\\/w-trolka\\\/\"}]}<\/script>\n<!-- \/ Yoast SEO plugin. -->","yoast_head_json":{"title":"Weso\u0142a \u015awi\u0105teczna Skarpetka - Metropolia GZM","description":"Oficjalny portal G\u00f3rno\u015bl\u0105sko-Zag\u0142\u0119biowskiej Metropolii","robots":{"index":"index","follow":"follow","max-snippet":"max-snippet:-1","max-image-preview":"max-image-preview:large","max-video-preview":"max-video-preview:-1"},"canonical":"https:\/\/metropoliagzm.pl\/de\/2020\/12\/16\/wesola-swiateczna-skarpetka\/","twitter_card":"summary_large_image","twitter_title":"Weso\u0142a \u015awi\u0105teczna Skarpetka - Metropolia GZM","twitter_description":"Oficjalny portal G\u00f3rno\u015bl\u0105sko-Zag\u0142\u0119biowskiej Metropolii","twitter_image":"https:\/\/metropoliagzm.pl\/wp-content\/uploads\/2020\/12\/Tarnogorskie-Swieto-Drzewa-28.png","twitter_misc":{"Geschrieben von":"Witold Tr\u00f3lka","Gesch\u00e4tzte Lesezeit":"1\u00a0Minute"},"schema":{"@context":"https:\/\/schema.org","@graph":[{"@type":"Article","@id":"https:\/\/metropoliagzm.pl\/en\/2020\/12\/16\/wesola-swiateczna-skarpetka\/#article","isPartOf":{"@id":"https:\/\/metropoliagzm.pl\/en\/2020\/12\/16\/wesola-swiateczna-skarpetka\/"},"author":{"name":"Witold Tr\u00f3lka","@id":"https:\/\/metropoliagzm.pl\/en\/#\/schema\/person\/96e19c492916cfe1ba595fd2f60d95b8"},"headline":"Weso\u0142a \u015awi\u0105teczna Skarpetka","datePublished":"2020-12-16T12:12:51+00:00","dateModified":"2020-12-16T12:13:15+00:00","mainEntityOfPage":{"@id":"https:\/\/metropoliagzm.pl\/en\/2020\/12\/16\/wesola-swiateczna-skarpetka\/"},"wordCount":217,"publisher":{"@id":"https:\/\/metropoliagzm.pl\/en\/#organization"},"image":{"@id":"https:\/\/metropoliagzm.pl\/en\/2020\/12\/16\/wesola-swiateczna-skarpetka\/#primaryimage"},"thumbnailUrl":"https:\/\/metropoliagzm.pl\/wp-content\/uploads\/2020\/12\/Tarnogorskie-Swieto-Drzewa-28.png","keywords":["Bo\u017ce Narodzenie","dzia\u0142alno\u015b\u0107 charytatywna"],"articleSection":["Mieszka\u0144cy","Tarnowskie G\u00f3ry"],"inLanguage":"de"},{"@type":"WebPage","@id":"https:\/\/metropoliagzm.pl\/en\/2020\/12\/16\/wesola-swiateczna-skarpetka\/","url":"https:\/\/metropoliagzm.pl\/en\/2020\/12\/16\/wesola-swiateczna-skarpetka\/","name":"Weso\u0142a \u015awi\u0105teczna Skarpetka - Metropolia GZM","isPartOf":{"@id":"https:\/\/metropoliagzm.pl\/en\/#website"},"primaryImageOfPage":{"@id":"https:\/\/metropoliagzm.pl\/en\/2020\/12\/16\/wesola-swiateczna-skarpetka\/#primaryimage"},"image":{"@id":"https:\/\/metropoliagzm.pl\/en\/2020\/12\/16\/wesola-swiateczna-skarpetka\/#primaryimage"},"thumbnailUrl":"https:\/\/metropoliagzm.pl\/wp-content\/uploads\/2020\/12\/Tarnogorskie-Swieto-Drzewa-28.png","datePublished":"2020-12-16T12:12:51+00:00","dateModified":"2020-12-16T12:13:15+00:00","description":"Oficjalny portal G\u00f3rno\u015bl\u0105sko-Zag\u0142\u0119biowskiej Metropolii","breadcrumb":{"@id":"https:\/\/metropoliagzm.pl\/en\/2020\/12\/16\/wesola-swiateczna-skarpetka\/#breadcrumb"},"inLanguage":"de","potentialAction":[{"@type":"ReadAction","target":["https:\/\/metropoliagzm.pl\/en\/2020\/12\/16\/wesola-swiateczna-skarpetka\/"]}]},{"@type":"ImageObject","inLanguage":"de","@id":"https:\/\/metropoliagzm.pl\/en\/2020\/12\/16\/wesola-swiateczna-skarpetka\/#primaryimage","url":"https:\/\/metropoliagzm.pl\/wp-content\/uploads\/2020\/12\/Tarnogorskie-Swieto-Drzewa-28.png","contentUrl":"https:\/\/metropoliagzm.pl\/wp-content\/uploads\/2020\/12\/Tarnogorskie-Swieto-Drzewa-28.png","width":630,"height":420},{"@type":"BreadcrumbList","@id":"https:\/\/metropoliagzm.pl\/en\/2020\/12\/16\/wesola-swiateczna-skarpetka\/#breadcrumb","itemListElement":[{"@type":"ListItem","position":1,"name":"Strona g\u0142\u00f3wna","item":"https:\/\/metropoliagzm.pl\/"},{"@type":"ListItem","position":2,"name":"Weso\u0142a \u015awi\u0105teczna Skarpetka"}]},{"@type":"WebSite","@id":"https:\/\/metropoliagzm.pl\/en\/#website","url":"https:\/\/metropoliagzm.pl\/en\/","name":"Metropolia GZM","description":"Oficjalny portal G\u00f3rno\u015bl\u0105sko-Zag\u0142\u0119biowskiej Metropolii","publisher":{"@id":"https:\/\/metropoliagzm.pl\/en\/#organization"},"potentialAction":[{"@type":"SearchAction","target":{"@type":"EntryPoint","urlTemplate":"https:\/\/metropoliagzm.pl\/en\/?s={search_term_string}"},"query-input":{"@type":"PropertyValueSpecification","valueRequired":true,"valueName":"search_term_string"}}],"inLanguage":"de"},{"@type":"Organization","@id":"https:\/\/metropoliagzm.pl\/en\/#organization","name":"Metropolia GZM","url":"https:\/\/metropoliagzm.pl\/en\/","logo":{"@type":"ImageObject","inLanguage":"de","@id":"https:\/\/metropoliagzm.pl\/en\/#\/schema\/logo\/image\/","url":"https:\/\/metropoliagzm.pl\/wp-content\/uploads\/2019\/03\/Sygnet-strona-glowna.png","contentUrl":"https:\/\/metropoliagzm.pl\/wp-content\/uploads\/2019\/03\/Sygnet-strona-glowna.png","width":36,"height":45,"caption":"Metropolia GZM"},"image":{"@id":"https:\/\/metropoliagzm.pl\/en\/#\/schema\/logo\/image\/"}},{"@type":"Person","@id":"https:\/\/metropoliagzm.pl\/en\/#\/schema\/person\/96e19c492916cfe1ba595fd2f60d95b8","name":"Witold Tr\u00f3lka","image":{"@type":"ImageObject","inLanguage":"de","@id":"https:\/\/secure.gravatar.com\/avatar\/71e0c635e405b4a3631033f0d6f49e682b54dcd226d647737e1040a5a480d177?s=96&d=mm&r=g","url":"https:\/\/secure.gravatar.com\/avatar\/71e0c635e405b4a3631033f0d6f49e682b54dcd226d647737e1040a5a480d177?s=96&d=mm&r=g","contentUrl":"https:\/\/secure.gravatar.com\/avatar\/71e0c635e405b4a3631033f0d6f49e682b54dcd226d647737e1040a5a480d177?s=96&d=mm&r=g","caption":"Witold Tr\u00f3lka"},"url":"https:\/\/metropoliagzm.pl\/de\/author\/w-trolka\/"}]}},"_links":{"self":[{"href":"https:\/\/metropoliagzm.pl\/de\/wp-json\/wp\/v2\/posts\/31655","targetHints":{"allow":["GET"]}}],"collection":[{"href":"https:\/\/metropoliagzm.pl\/de\/wp-json\/wp\/v2\/posts"}],"about":[{"href":"https:\/\/metropoliagzm.pl\/de\/wp-json\/wp\/v2\/types\/post"}],"author":[{"embeddable":true,"href":"https:\/\/metropoliagzm.pl\/de\/wp-json\/wp\/v2\/users\/140"}],"replies":[{"embeddable":true,"href":"https:\/\/metropoliagzm.pl\/de\/wp-json\/wp\/v2\/comments?post=31655"}],"version-history":[{"count":3,"href":"https:\/\/metropoliagzm.pl\/de\/wp-json\/wp\/v2\/posts\/31655\/revisions"}],"predecessor-version":[{"id":31659,"href":"https:\/\/metropoliagzm.pl\/de\/wp-json\/wp\/v2\/posts\/31655\/revisions\/31659"}],"wp:featuredmedia":[{"embeddable":true,"href":"https:\/\/metropoliagzm.pl\/de\/wp-json\/wp\/v2\/media\/31656"}],"wp:attachment":[{"href":"https:\/\/metropoliagzm.pl\/de\/wp-json\/wp\/v2\/media?parent=31655"}],"wp:term":[{"taxonomy":"category","embeddable":true,"href":"https:\/\/metropoliagzm.pl\/de\/wp-json\/wp\/v2\/categories?post=31655"},{"taxonomy":"post_tag","embeddable":true,"href":"https:\/\/metropoliagzm.pl\/de\/wp-json\/wp\/v2\/tags?post=31655"}],"curies":[{"name":"wp","href":"https:\/\/api.w.org\/{rel}","templated":true}]}}