{"id":32002,"date":"2021-01-08T12:01:53","date_gmt":"2021-01-08T11:01:53","guid":{"rendered":"https:\/\/metropoliagzm.pl\/?p=32002"},"modified":"2021-01-08T12:01:55","modified_gmt":"2021-01-08T11:01:55","slug":"drugie-zycie-parku-podlesie","status":"publish","type":"post","link":"https:\/\/metropoliagzm.pl\/de\/2021\/01\/08\/drugie-zycie-parku-podlesie\/","title":{"rendered":"Drugie \u017cycie parku Podlesie"},"content":{"rendered":"<div class=\"pdf-block\"><div class=\"pdfprnt-buttons  pdfprnt-new pdfprnt-buttons-post pdfprnt-top-right\"><div class=\"jssocials-share jssocials-share-twitter\"><a target=\"_blank\" href=\"https:\/\/twitter.com\/share?url=https:\/\/metropoliagzm.pl\/de\/wp-json\/wp\/v2\/posts\/32002;text=32002\" class=\"jssocials-share-link\"><i class=\"fa fa-twitter jssocials-share-logo\"><\/i><\/a><\/div><div class=\"jssocials-share jssocials-share-facebook\"><a target=\"_blank\" href=\"https:\/\/facebook.com\/sharer\/sharer.php?u=https:\/\/metropoliagzm.pl\/de\/wp-json\/wp\/v2\/posts\/32002\" class=\"jssocials-share-link\"><i class=\"fa fa-facebook jssocials-share-logo\"><\/i><\/a><\/div><div class=\"jssocials-share jssocials-share-pinterest\"><a target=\"_blank\" href=\"https:\/\/pinterest.com\/pin\/create\/bookmarklet\/?&amp;url=https:\/\/metropoliagzm.pl\/de\/wp-json\/wp\/v2\/posts\/32002;description=32002\" class=\"jssocials-share-link\"><i class=\"fa fa-pinterest jssocials-share-logo\"><\/i><\/a><\/div><a href=\"https:\/\/metropoliagzm.pl\/de\/wp-json\/wp\/v2\/posts\/32002?print=pdf\" class=\"pdfprnt-button pdfprnt-button-pdf\" target=\"_blank\"><img decoding=\"async\" src=\"https:\/\/metropoliagzm.pl\/wp-content\/plugins\/pdf-print\/images\/pdf.png\" alt=\"image_pdf\" title=\"View PDF\" \/><\/a><a href=\"https:\/\/metropoliagzm.pl\/de\/wp-json\/wp\/v2\/posts\/32002?print=print\" class=\"pdfprnt-button pdfprnt-button-print\" target=\"_blank\"><img decoding=\"async\" src=\"https:\/\/metropoliagzm.pl\/wp-content\/plugins\/pdf-print\/images\/print.png\" alt=\"image_print\" title=\"Print Content\" \/><\/a><\/div><\/div><div class=\"post-block-pdf\"><div class=\"pdfprnt-buttons pdfprnt-buttons-post pdfprnt-top-right\"><a href=\"https:\/\/metropoliagzm.pl\/de\/wp-json\/wp\/v2\/posts\/32002?print=pdf\" class=\"pdfprnt-button pdfprnt-button-pdf\" target=\"_blank\"><img decoding=\"async\" src=\"https:\/\/metropoliagzm.pl\/wp-content\/plugins\/pdf-print\/images\/pdf.png\" alt=\"image_pdf\" title=\"View PDF\" \/><\/a><a href=\"https:\/\/metropoliagzm.pl\/de\/wp-json\/wp\/v2\/posts\/32002?print=print\" class=\"pdfprnt-button pdfprnt-button-print\" target=\"_blank\"><img decoding=\"async\" src=\"https:\/\/metropoliagzm.pl\/wp-content\/plugins\/pdf-print\/images\/print.png\" alt=\"image_print\" title=\"Print Content\" \/><\/a><\/div>\n<p><strong>Zmodernizowany park Podlesie jest kolejnym miejscem w D\u0105browie G\u00f3rniczej, w kt\u00f3rym mo\u017cna odpocz\u0105\u0107 i aktywnie sp\u0119dzi\u0107 czas.<\/strong><\/p>\n\n\n\n<p>W parku, kt\u00f3ry by\u0142 zaniedbany i lata \u015bwietno\u015bci mia\u0142 za sob\u0105 \u2013 <strong>powsta\u0142o siedem stref<\/strong>. S\u0105 to <strong>obszary zagospodarowane i zaaran\u017cowane pod k\u0105tem r\u00f3\u017cnych u\u017cytkownik\u00f3w<\/strong> \u2013 m.in. dzieci, senior\u00f3w czy mi\u0142o\u015bnik\u00f3w aktywnego wypoczynku.<\/p>\n\n\n\n<p>Rewitalizacja parku, pod nazw\u0105 <strong>\u201ePodlesie Pe\u0142ne \u017bycia\u201d<\/strong>, zosta\u0142a wybrana przez mieszka\u0144c\u00f3w do realizacji w 2019 r., podczas g\u0142osowania w ramach Bud\u017cetu Obywatelskiego. <strong>Miejsce w nowej ods\u0142onie daje jeszcze wi\u0119cej mo\u017cliwo\u015bci sp\u0119dzania czasu na \u015bwie\u017cym powietrzu, relaksu, zabawy czy uczestnictwa w wydarzeniach sportowych i kulturalnych. <\/strong>W ca\u0142ym parku stan\u0119\u0142y nowe \u0142awki, kosze na \u015bmieci i latarnie. Przyby\u0142o krzew\u00f3w ozdobnych i bylin. \u015acie\u017cki okalaj\u0105ce park wykonano z kostki brukowej, a wewn\u0119trzne maj\u0105 nawierzchni\u0119 mineraln\u0105. Prace trwa\u0142y trzy miesi\u0105ce.<\/p>\n\n\n\n<p><strong>Strefy parku \u201ePodlesie Pe\u0142ne \u017bycia\u201d<\/strong><\/p>\n\n\n\n<ul class=\"wp-block-list\"><li><strong>Strefa wej\u015bciowa<\/strong><\/li><\/ul>\n\n\n\n<p>W niej znajduj\u0105 si\u0119 m.in. chodniki, miejsca postojowe dla samochod\u00f3w i rower\u00f3w, rowerowa stacja naprawcza i toaleta.<\/p>\n\n\n\n<ul class=\"wp-block-list\"><li><strong>Zielona polana<\/strong><\/li><\/ul>\n\n\n\n<p>Przestrze\u0144 o nawierzchni trawiastej. Jej g\u0142\u00f3wnym elementem jest scena, sto\u0142y piknikowe oraz \u0142awki. Miejsce da mo\u017cliwo\u015b\u0107 r\u00f3\u017cnorodnego u\u017cytkowania: lekcje jogi, pikniki, zaj\u0119cia szkolne, ale te\u017c koncerty i przedstawienia. Scena zaprojektowana zosta\u0142a jako podest o nieregularnym kszta\u0142cie, sk\u0142adaj\u0105cy si\u0119 z na\u0142o\u017conych na siebie platform.<\/p>\n\n\n\n<ul class=\"wp-block-list\"><li><strong>Strefa relaksu<\/strong><\/li><\/ul>\n\n\n\n<p>Miejsce wypoczynku w zaciszu drzew, przewidziane g\u0142\u00f3wnie dla doros\u0142ych i os\u00f3b starszych, wydzielone nisk\u0105 zieleni\u0105. Zlokalizowana w oddaleniu od placu zabaw oraz pozosta\u0142ych stref, aby da\u0107 mo\u017cliwo\u015b\u0107 ucieczki od zgie\u0142ku. Wyposa\u017cona m.in. w hamaki, ozdobne g\u0142azy i k\u0142ody.<\/p>\n\n\n\n<ul class=\"wp-block-list\"><li><strong>\u015acie\u017cka edukacyjna<\/strong><\/li><\/ul>\n\n\n\n<p>Centralnie zlokalizowana p\u0119tla spacerowa wraz z tablicami oraz s\u0142upkami z informacjami na temat fauny i flory parku oraz okolicznego lasu. Tablice i s\u0142upki wyposa\u017cone s\u0105 w ruchome elementy sprzyjaj\u0105ce nauce poprzez zabaw\u0119. \u015acie\u017cka edukacyjna skierowana jest przede wszystkim do rodzin z dzie\u0107mi i uczni\u00f3w.<\/p>\n\n\n\n<ul class=\"wp-block-list\"><li><strong>Strefa zabawy<\/strong><\/li><\/ul>\n\n\n\n<p>W jej sk\u0142ad wchodz\u0105 trzy place zabaw: plac wspinaczkowy, plac dla najm\u0142odszych dzieci oraz plac z hu\u015btawkami. Do dyspozycji s\u0105 m.in. bujaki, r\u00f3wnowa\u017cnia, domek z drabink\u0105 i zje\u017cd\u017calni\u0105, hu\u015btawka \u201egniazdo\u201d, hu\u015btawka zwyk\u0142a, linowa paj\u0119czyna, most linowy, przej\u015bcie z drewnianych belek i zje\u017cd\u017calnia z podestem. Swobodne rozmieszczenie poszczeg\u00f3lnych element\u00f3w wyposa\u017cenia oraz brak wyra\u017anych granic i ogrodze\u0144 wpisuje si\u0119 w le\u015bny, naturalny krajobraz parku. Stref\u0119 zabawy uzupe\u0142niaj\u0105 \u0142awki oraz \u0142awosto\u0142y. Urz\u0105dzenia oraz nawierzchnie zapewniaj\u0105 dost\u0119p r\u00f3wnie\u017c dla os\u00f3b z ograniczonymi mo\u017cliwo\u015bciami poruszania si\u0119.<\/p>\n\n\n\n<ul class=\"wp-block-list\"><li><strong>Strefa sportu<\/strong><\/li><\/ul>\n\n\n\n<p>Przeznaczona przede wszystkim do m\u0142odzie\u017cy oraz doros\u0142ych. Znajduj\u0105 si\u0119 w niej zmodernizowane boiska do siatk\u00f3wki, koszyk\u00f3wki oraz tenisa sto\u0142owego, o powierzchni poliuretanowej. Uzupe\u0142nienie strefy stanowi\u0105 \u0142awki, stojaki na rowery oraz odpowiednie dla niej o\u015bwietlenie.<\/p>\n\n\n\n<ul class=\"wp-block-list\"><li><strong>Las<\/strong><\/li><\/ul>\n\n\n\n<p>Fragment parku znajduje si\u0119 na obszarze o charakterze typowo le\u015bnym. W celu zachowania tego naturalnego charakteru, w t\u0119 cz\u0119\u015b\u0107 \u2013 poza ci\u0119ciami piel\u0119gnacyjnymi i ochronnymi \u2013 nie ingerowano.<\/p>\n\n\n\n<p>\u0179r\u00f3d\u0142o: UM D\u0105browa G\u00f3rnicza <\/p>\n<div class=\"post-author\" style=\"font-size:13px\">dabrowa<\/div><\/div>","protected":false},"excerpt":{"rendered":"<p>Zmodernizowany park Podlesie jest kolejnym miejscem w D\u0105browie G\u00f3rniczej, w kt\u00f3rym mo\u017cna odpocz\u0105\u0107 i aktywnie sp\u0119dzi\u0107 czas. W parku, kt\u00f3ry by\u0142 zaniedbany i lata \u015bwietno\u015bci mia\u0142 za sob\u0105 \u2013 powsta\u0142o siedem stref. S\u0105 to obszary zagospodarowane i zaaran\u017cowane pod k\u0105tem r\u00f3\u017cnych u\u017cytkownik\u00f3w \u2013 m.in. dzieci,&#8230;<\/p>","protected":false},"author":97,"featured_media":32003,"comment_status":"closed","ping_status":"closed","sticky":false,"template":"","format":"standard","meta":{"_acf_changed":false,"footnotes":""},"categories":[203,242],"tags":[429,2215],"class_list":["post-32002","post","type-post","status-publish","format-standard","has-post-thumbnail","hentry","category-dabrowa-gornicza","category-mieszkancy","tag-dabrowa-gornicza","tag-parki"],"acf":[],"yoast_head":"<!-- This site is optimized with the Yoast SEO plugin v27.4 - https:\/\/yoast.com\/product\/yoast-seo-wordpress\/ -->\n<title>Drugie \u017cycie parku Podlesie - Metropolia GZM<\/title>\n<meta name=\"description\" content=\"Oficjalny portal G\u00f3rno\u015bl\u0105sko-Zag\u0142\u0119biowskiej Metropolii\" \/>\n<meta name=\"robots\" content=\"index, follow, max-snippet:-1, max-image-preview:large, max-video-preview:-1\" \/>\n<link rel=\"canonical\" href=\"https:\/\/metropoliagzm.pl\/de\/2021\/01\/08\/drugie-zycie-parku-podlesie\/\" \/>\n<meta name=\"twitter:card\" content=\"summary_large_image\" \/>\n<meta name=\"twitter:title\" content=\"Drugie \u017cycie parku Podlesie - Metropolia GZM\" \/>\n<meta name=\"twitter:description\" content=\"Oficjalny portal G\u00f3rno\u015bl\u0105sko-Zag\u0142\u0119biowskiej Metropolii\" \/>\n<meta name=\"twitter:image\" content=\"https:\/\/metropoliagzm.pl\/wp-content\/uploads\/2021\/01\/20201229-072y-pl-dg-podlesie-park-podlesie-rewitalizacja-noc-dron.jpg\" \/>\n<meta name=\"twitter:label1\" content=\"Geschrieben von\" \/>\n\t<meta name=\"twitter:data1\" content=\"dabrowa\" \/>\n\t<meta name=\"twitter:label2\" content=\"Gesch\u00e4tzte Lesezeit\" \/>\n\t<meta name=\"twitter:data2\" content=\"3\u00a0Minuten\" \/>\n<script type=\"application\/ld+json\" class=\"yoast-schema-graph\">{\"@context\":\"https:\\\/\\\/schema.org\",\"@graph\":[{\"@type\":\"Article\",\"@id\":\"https:\\\/\\\/metropoliagzm.pl\\\/en\\\/2021\\\/01\\\/08\\\/drugie-zycie-parku-podlesie\\\/#article\",\"isPartOf\":{\"@id\":\"https:\\\/\\\/metropoliagzm.pl\\\/en\\\/2021\\\/01\\\/08\\\/drugie-zycie-parku-podlesie\\\/\"},\"author\":{\"name\":\"dabrowa\",\"@id\":\"https:\\\/\\\/metropoliagzm.pl\\\/en\\\/#\\\/schema\\\/person\\\/1cd816c9743df855511bb0a2854862dc\"},\"headline\":\"Drugie \u017cycie parku Podlesie\",\"datePublished\":\"2021-01-08T11:01:53+00:00\",\"dateModified\":\"2021-01-08T11:01:55+00:00\",\"mainEntityOfPage\":{\"@id\":\"https:\\\/\\\/metropoliagzm.pl\\\/en\\\/2021\\\/01\\\/08\\\/drugie-zycie-parku-podlesie\\\/\"},\"wordCount\":550,\"publisher\":{\"@id\":\"https:\\\/\\\/metropoliagzm.pl\\\/en\\\/#organization\"},\"image\":{\"@id\":\"https:\\\/\\\/metropoliagzm.pl\\\/en\\\/2021\\\/01\\\/08\\\/drugie-zycie-parku-podlesie\\\/#primaryimage\"},\"thumbnailUrl\":\"https:\\\/\\\/metropoliagzm.pl\\\/wp-content\\\/uploads\\\/2021\\\/01\\\/20201229-072y-pl-dg-podlesie-park-podlesie-rewitalizacja-noc-dron.jpg\",\"keywords\":[\"d\u0105browa g\u00f3rnicza\",\"parki\"],\"articleSection\":[\"D\u0105browa G\u00f3rnicza\",\"Mieszka\u0144cy\"],\"inLanguage\":\"de\"},{\"@type\":\"WebPage\",\"@id\":\"https:\\\/\\\/metropoliagzm.pl\\\/en\\\/2021\\\/01\\\/08\\\/drugie-zycie-parku-podlesie\\\/\",\"url\":\"https:\\\/\\\/metropoliagzm.pl\\\/en\\\/2021\\\/01\\\/08\\\/drugie-zycie-parku-podlesie\\\/\",\"name\":\"Drugie \u017cycie parku Podlesie - Metropolia GZM\",\"isPartOf\":{\"@id\":\"https:\\\/\\\/metropoliagzm.pl\\\/en\\\/#website\"},\"primaryImageOfPage\":{\"@id\":\"https:\\\/\\\/metropoliagzm.pl\\\/en\\\/2021\\\/01\\\/08\\\/drugie-zycie-parku-podlesie\\\/#primaryimage\"},\"image\":{\"@id\":\"https:\\\/\\\/metropoliagzm.pl\\\/en\\\/2021\\\/01\\\/08\\\/drugie-zycie-parku-podlesie\\\/#primaryimage\"},\"thumbnailUrl\":\"https:\\\/\\\/metropoliagzm.pl\\\/wp-content\\\/uploads\\\/2021\\\/01\\\/20201229-072y-pl-dg-podlesie-park-podlesie-rewitalizacja-noc-dron.jpg\",\"datePublished\":\"2021-01-08T11:01:53+00:00\",\"dateModified\":\"2021-01-08T11:01:55+00:00\",\"description\":\"Oficjalny portal G\u00f3rno\u015bl\u0105sko-Zag\u0142\u0119biowskiej Metropolii\",\"breadcrumb\":{\"@id\":\"https:\\\/\\\/metropoliagzm.pl\\\/en\\\/2021\\\/01\\\/08\\\/drugie-zycie-parku-podlesie\\\/#breadcrumb\"},\"inLanguage\":\"de\",\"potentialAction\":[{\"@type\":\"ReadAction\",\"target\":[\"https:\\\/\\\/metropoliagzm.pl\\\/en\\\/2021\\\/01\\\/08\\\/drugie-zycie-parku-podlesie\\\/\"]}]},{\"@type\":\"ImageObject\",\"inLanguage\":\"de\",\"@id\":\"https:\\\/\\\/metropoliagzm.pl\\\/en\\\/2021\\\/01\\\/08\\\/drugie-zycie-parku-podlesie\\\/#primaryimage\",\"url\":\"https:\\\/\\\/metropoliagzm.pl\\\/wp-content\\\/uploads\\\/2021\\\/01\\\/20201229-072y-pl-dg-podlesie-park-podlesie-rewitalizacja-noc-dron.jpg\",\"contentUrl\":\"https:\\\/\\\/metropoliagzm.pl\\\/wp-content\\\/uploads\\\/2021\\\/01\\\/20201229-072y-pl-dg-podlesie-park-podlesie-rewitalizacja-noc-dron.jpg\",\"width\":1088,\"height\":816,\"caption\":\"Fot. UM DG\"},{\"@type\":\"BreadcrumbList\",\"@id\":\"https:\\\/\\\/metropoliagzm.pl\\\/en\\\/2021\\\/01\\\/08\\\/drugie-zycie-parku-podlesie\\\/#breadcrumb\",\"itemListElement\":[{\"@type\":\"ListItem\",\"position\":1,\"name\":\"Strona g\u0142\u00f3wna\",\"item\":\"https:\\\/\\\/metropoliagzm.pl\\\/\"},{\"@type\":\"ListItem\",\"position\":2,\"name\":\"Drugie \u017cycie parku Podlesie\"}]},{\"@type\":\"WebSite\",\"@id\":\"https:\\\/\\\/metropoliagzm.pl\\\/en\\\/#website\",\"url\":\"https:\\\/\\\/metropoliagzm.pl\\\/en\\\/\",\"name\":\"Metropolia GZM\",\"description\":\"Oficjalny portal G\u00f3rno\u015bl\u0105sko-Zag\u0142\u0119biowskiej Metropolii\",\"publisher\":{\"@id\":\"https:\\\/\\\/metropoliagzm.pl\\\/en\\\/#organization\"},\"potentialAction\":[{\"@type\":\"SearchAction\",\"target\":{\"@type\":\"EntryPoint\",\"urlTemplate\":\"https:\\\/\\\/metropoliagzm.pl\\\/en\\\/?s={search_term_string}\"},\"query-input\":{\"@type\":\"PropertyValueSpecification\",\"valueRequired\":true,\"valueName\":\"search_term_string\"}}],\"inLanguage\":\"de\"},{\"@type\":\"Organization\",\"@id\":\"https:\\\/\\\/metropoliagzm.pl\\\/en\\\/#organization\",\"name\":\"Metropolia GZM\",\"url\":\"https:\\\/\\\/metropoliagzm.pl\\\/en\\\/\",\"logo\":{\"@type\":\"ImageObject\",\"inLanguage\":\"de\",\"@id\":\"https:\\\/\\\/metropoliagzm.pl\\\/en\\\/#\\\/schema\\\/logo\\\/image\\\/\",\"url\":\"https:\\\/\\\/metropoliagzm.pl\\\/wp-content\\\/uploads\\\/2019\\\/03\\\/Sygnet-strona-glowna.png\",\"contentUrl\":\"https:\\\/\\\/metropoliagzm.pl\\\/wp-content\\\/uploads\\\/2019\\\/03\\\/Sygnet-strona-glowna.png\",\"width\":36,\"height\":45,\"caption\":\"Metropolia GZM\"},\"image\":{\"@id\":\"https:\\\/\\\/metropoliagzm.pl\\\/en\\\/#\\\/schema\\\/logo\\\/image\\\/\"}},{\"@type\":\"Person\",\"@id\":\"https:\\\/\\\/metropoliagzm.pl\\\/en\\\/#\\\/schema\\\/person\\\/1cd816c9743df855511bb0a2854862dc\",\"name\":\"dabrowa\",\"image\":{\"@type\":\"ImageObject\",\"inLanguage\":\"de\",\"@id\":\"https:\\\/\\\/secure.gravatar.com\\\/avatar\\\/d58457fea4961c0aad07feb161f078591399365d64069fd5aa53d8f4a4e11f5f?s=96&d=mm&r=g\",\"url\":\"https:\\\/\\\/secure.gravatar.com\\\/avatar\\\/d58457fea4961c0aad07feb161f078591399365d64069fd5aa53d8f4a4e11f5f?s=96&d=mm&r=g\",\"contentUrl\":\"https:\\\/\\\/secure.gravatar.com\\\/avatar\\\/d58457fea4961c0aad07feb161f078591399365d64069fd5aa53d8f4a4e11f5f?s=96&d=mm&r=g\",\"caption\":\"dabrowa\"},\"sameAs\":[\"http:\\\/\\\/dabrowa-gornicza.pl\",\"https:\\\/\\\/www.facebook.com\\\/MiastoDabrowaGornicza\"],\"url\":\"https:\\\/\\\/metropoliagzm.pl\\\/de\\\/author\\\/dabrowa\\\/\"}]}<\/script>\n<!-- \/ Yoast SEO plugin. -->","yoast_head_json":{"title":"Drugie \u017cycie parku Podlesie - Metropolia GZM","description":"Oficjalny portal G\u00f3rno\u015bl\u0105sko-Zag\u0142\u0119biowskiej Metropolii","robots":{"index":"index","follow":"follow","max-snippet":"max-snippet:-1","max-image-preview":"max-image-preview:large","max-video-preview":"max-video-preview:-1"},"canonical":"https:\/\/metropoliagzm.pl\/de\/2021\/01\/08\/drugie-zycie-parku-podlesie\/","twitter_card":"summary_large_image","twitter_title":"Drugie \u017cycie parku Podlesie - Metropolia GZM","twitter_description":"Oficjalny portal G\u00f3rno\u015bl\u0105sko-Zag\u0142\u0119biowskiej Metropolii","twitter_image":"https:\/\/metropoliagzm.pl\/wp-content\/uploads\/2021\/01\/20201229-072y-pl-dg-podlesie-park-podlesie-rewitalizacja-noc-dron.jpg","twitter_misc":{"Geschrieben von":"dabrowa","Gesch\u00e4tzte Lesezeit":"3\u00a0Minuten"},"schema":{"@context":"https:\/\/schema.org","@graph":[{"@type":"Article","@id":"https:\/\/metropoliagzm.pl\/en\/2021\/01\/08\/drugie-zycie-parku-podlesie\/#article","isPartOf":{"@id":"https:\/\/metropoliagzm.pl\/en\/2021\/01\/08\/drugie-zycie-parku-podlesie\/"},"author":{"name":"dabrowa","@id":"https:\/\/metropoliagzm.pl\/en\/#\/schema\/person\/1cd816c9743df855511bb0a2854862dc"},"headline":"Drugie \u017cycie parku Podlesie","datePublished":"2021-01-08T11:01:53+00:00","dateModified":"2021-01-08T11:01:55+00:00","mainEntityOfPage":{"@id":"https:\/\/metropoliagzm.pl\/en\/2021\/01\/08\/drugie-zycie-parku-podlesie\/"},"wordCount":550,"publisher":{"@id":"https:\/\/metropoliagzm.pl\/en\/#organization"},"image":{"@id":"https:\/\/metropoliagzm.pl\/en\/2021\/01\/08\/drugie-zycie-parku-podlesie\/#primaryimage"},"thumbnailUrl":"https:\/\/metropoliagzm.pl\/wp-content\/uploads\/2021\/01\/20201229-072y-pl-dg-podlesie-park-podlesie-rewitalizacja-noc-dron.jpg","keywords":["d\u0105browa g\u00f3rnicza","parki"],"articleSection":["D\u0105browa G\u00f3rnicza","Mieszka\u0144cy"],"inLanguage":"de"},{"@type":"WebPage","@id":"https:\/\/metropoliagzm.pl\/en\/2021\/01\/08\/drugie-zycie-parku-podlesie\/","url":"https:\/\/metropoliagzm.pl\/en\/2021\/01\/08\/drugie-zycie-parku-podlesie\/","name":"Drugie \u017cycie parku Podlesie - Metropolia GZM","isPartOf":{"@id":"https:\/\/metropoliagzm.pl\/en\/#website"},"primaryImageOfPage":{"@id":"https:\/\/metropoliagzm.pl\/en\/2021\/01\/08\/drugie-zycie-parku-podlesie\/#primaryimage"},"image":{"@id":"https:\/\/metropoliagzm.pl\/en\/2021\/01\/08\/drugie-zycie-parku-podlesie\/#primaryimage"},"thumbnailUrl":"https:\/\/metropoliagzm.pl\/wp-content\/uploads\/2021\/01\/20201229-072y-pl-dg-podlesie-park-podlesie-rewitalizacja-noc-dron.jpg","datePublished":"2021-01-08T11:01:53+00:00","dateModified":"2021-01-08T11:01:55+00:00","description":"Oficjalny portal G\u00f3rno\u015bl\u0105sko-Zag\u0142\u0119biowskiej Metropolii","breadcrumb":{"@id":"https:\/\/metropoliagzm.pl\/en\/2021\/01\/08\/drugie-zycie-parku-podlesie\/#breadcrumb"},"inLanguage":"de","potentialAction":[{"@type":"ReadAction","target":["https:\/\/metropoliagzm.pl\/en\/2021\/01\/08\/drugie-zycie-parku-podlesie\/"]}]},{"@type":"ImageObject","inLanguage":"de","@id":"https:\/\/metropoliagzm.pl\/en\/2021\/01\/08\/drugie-zycie-parku-podlesie\/#primaryimage","url":"https:\/\/metropoliagzm.pl\/wp-content\/uploads\/2021\/01\/20201229-072y-pl-dg-podlesie-park-podlesie-rewitalizacja-noc-dron.jpg","contentUrl":"https:\/\/metropoliagzm.pl\/wp-content\/uploads\/2021\/01\/20201229-072y-pl-dg-podlesie-park-podlesie-rewitalizacja-noc-dron.jpg","width":1088,"height":816,"caption":"Fot. UM DG"},{"@type":"BreadcrumbList","@id":"https:\/\/metropoliagzm.pl\/en\/2021\/01\/08\/drugie-zycie-parku-podlesie\/#breadcrumb","itemListElement":[{"@type":"ListItem","position":1,"name":"Strona g\u0142\u00f3wna","item":"https:\/\/metropoliagzm.pl\/"},{"@type":"ListItem","position":2,"name":"Drugie \u017cycie parku Podlesie"}]},{"@type":"WebSite","@id":"https:\/\/metropoliagzm.pl\/en\/#website","url":"https:\/\/metropoliagzm.pl\/en\/","name":"Metropolia GZM","description":"Oficjalny portal G\u00f3rno\u015bl\u0105sko-Zag\u0142\u0119biowskiej Metropolii","publisher":{"@id":"https:\/\/metropoliagzm.pl\/en\/#organization"},"potentialAction":[{"@type":"SearchAction","target":{"@type":"EntryPoint","urlTemplate":"https:\/\/metropoliagzm.pl\/en\/?s={search_term_string}"},"query-input":{"@type":"PropertyValueSpecification","valueRequired":true,"valueName":"search_term_string"}}],"inLanguage":"de"},{"@type":"Organization","@id":"https:\/\/metropoliagzm.pl\/en\/#organization","name":"Metropolia GZM","url":"https:\/\/metropoliagzm.pl\/en\/","logo":{"@type":"ImageObject","inLanguage":"de","@id":"https:\/\/metropoliagzm.pl\/en\/#\/schema\/logo\/image\/","url":"https:\/\/metropoliagzm.pl\/wp-content\/uploads\/2019\/03\/Sygnet-strona-glowna.png","contentUrl":"https:\/\/metropoliagzm.pl\/wp-content\/uploads\/2019\/03\/Sygnet-strona-glowna.png","width":36,"height":45,"caption":"Metropolia GZM"},"image":{"@id":"https:\/\/metropoliagzm.pl\/en\/#\/schema\/logo\/image\/"}},{"@type":"Person","@id":"https:\/\/metropoliagzm.pl\/en\/#\/schema\/person\/1cd816c9743df855511bb0a2854862dc","name":"dabrowa","image":{"@type":"ImageObject","inLanguage":"de","@id":"https:\/\/secure.gravatar.com\/avatar\/d58457fea4961c0aad07feb161f078591399365d64069fd5aa53d8f4a4e11f5f?s=96&d=mm&r=g","url":"https:\/\/secure.gravatar.com\/avatar\/d58457fea4961c0aad07feb161f078591399365d64069fd5aa53d8f4a4e11f5f?s=96&d=mm&r=g","contentUrl":"https:\/\/secure.gravatar.com\/avatar\/d58457fea4961c0aad07feb161f078591399365d64069fd5aa53d8f4a4e11f5f?s=96&d=mm&r=g","caption":"dabrowa"},"sameAs":["http:\/\/dabrowa-gornicza.pl","https:\/\/www.facebook.com\/MiastoDabrowaGornicza"],"url":"https:\/\/metropoliagzm.pl\/de\/author\/dabrowa\/"}]}},"_links":{"self":[{"href":"https:\/\/metropoliagzm.pl\/de\/wp-json\/wp\/v2\/posts\/32002","targetHints":{"allow":["GET"]}}],"collection":[{"href":"https:\/\/metropoliagzm.pl\/de\/wp-json\/wp\/v2\/posts"}],"about":[{"href":"https:\/\/metropoliagzm.pl\/de\/wp-json\/wp\/v2\/types\/post"}],"author":[{"embeddable":true,"href":"https:\/\/metropoliagzm.pl\/de\/wp-json\/wp\/v2\/users\/97"}],"replies":[{"embeddable":true,"href":"https:\/\/metropoliagzm.pl\/de\/wp-json\/wp\/v2\/comments?post=32002"}],"version-history":[{"count":3,"href":"https:\/\/metropoliagzm.pl\/de\/wp-json\/wp\/v2\/posts\/32002\/revisions"}],"predecessor-version":[{"id":32008,"href":"https:\/\/metropoliagzm.pl\/de\/wp-json\/wp\/v2\/posts\/32002\/revisions\/32008"}],"wp:featuredmedia":[{"embeddable":true,"href":"https:\/\/metropoliagzm.pl\/de\/wp-json\/wp\/v2\/media\/32003"}],"wp:attachment":[{"href":"https:\/\/metropoliagzm.pl\/de\/wp-json\/wp\/v2\/media?parent=32002"}],"wp:term":[{"taxonomy":"category","embeddable":true,"href":"https:\/\/metropoliagzm.pl\/de\/wp-json\/wp\/v2\/categories?post=32002"},{"taxonomy":"post_tag","embeddable":true,"href":"https:\/\/metropoliagzm.pl\/de\/wp-json\/wp\/v2\/tags?post=32002"}],"curies":[{"name":"wp","href":"https:\/\/api.w.org\/{rel}","templated":true}]}}