{"id":32155,"date":"2021-01-13T12:52:52","date_gmt":"2021-01-13T11:52:52","guid":{"rendered":"https:\/\/metropoliagzm.pl\/?p=32155"},"modified":"2021-01-13T12:53:12","modified_gmt":"2021-01-13T11:53:12","slug":"oddaj-swoje-bozonarodzeniowe-drzewko","status":"publish","type":"post","link":"https:\/\/metropoliagzm.pl\/de\/2021\/01\/13\/oddaj-swoje-bozonarodzeniowe-drzewko\/","title":{"rendered":"Oddaj swoje bo\u017conarodzeniowe drzewko"},"content":{"rendered":"<div class=\"pdf-block\"><div class=\"pdfprnt-buttons  pdfprnt-new pdfprnt-buttons-post pdfprnt-top-right\"><div class=\"jssocials-share jssocials-share-twitter\"><a target=\"_blank\" href=\"https:\/\/twitter.com\/share?url=https:\/\/metropoliagzm.pl\/de\/wp-json\/wp\/v2\/posts\/32155;text=32155\" class=\"jssocials-share-link\"><i class=\"fa fa-twitter jssocials-share-logo\"><\/i><\/a><\/div><div class=\"jssocials-share jssocials-share-facebook\"><a target=\"_blank\" href=\"https:\/\/facebook.com\/sharer\/sharer.php?u=https:\/\/metropoliagzm.pl\/de\/wp-json\/wp\/v2\/posts\/32155\" class=\"jssocials-share-link\"><i class=\"fa fa-facebook jssocials-share-logo\"><\/i><\/a><\/div><div class=\"jssocials-share jssocials-share-pinterest\"><a target=\"_blank\" href=\"https:\/\/pinterest.com\/pin\/create\/bookmarklet\/?&amp;url=https:\/\/metropoliagzm.pl\/de\/wp-json\/wp\/v2\/posts\/32155;description=32155\" class=\"jssocials-share-link\"><i class=\"fa fa-pinterest jssocials-share-logo\"><\/i><\/a><\/div><a href=\"https:\/\/metropoliagzm.pl\/de\/wp-json\/wp\/v2\/posts\/32155?print=pdf\" class=\"pdfprnt-button pdfprnt-button-pdf\" target=\"_blank\"><img decoding=\"async\" src=\"https:\/\/metropoliagzm.pl\/wp-content\/plugins\/pdf-print\/images\/pdf.png\" alt=\"image_pdf\" title=\"View PDF\" \/><\/a><a href=\"https:\/\/metropoliagzm.pl\/de\/wp-json\/wp\/v2\/posts\/32155?print=print\" class=\"pdfprnt-button pdfprnt-button-print\" target=\"_blank\"><img decoding=\"async\" src=\"https:\/\/metropoliagzm.pl\/wp-content\/plugins\/pdf-print\/images\/print.png\" alt=\"image_print\" title=\"Print Content\" \/><\/a><\/div><\/div><div class=\"post-block-pdf\"><div class=\"pdfprnt-buttons pdfprnt-buttons-post pdfprnt-top-right\"><a href=\"https:\/\/metropoliagzm.pl\/de\/wp-json\/wp\/v2\/posts\/32155?print=pdf\" class=\"pdfprnt-button pdfprnt-button-pdf\" target=\"_blank\"><img decoding=\"async\" src=\"https:\/\/metropoliagzm.pl\/wp-content\/plugins\/pdf-print\/images\/pdf.png\" alt=\"image_pdf\" title=\"View PDF\" \/><\/a><a href=\"https:\/\/metropoliagzm.pl\/de\/wp-json\/wp\/v2\/posts\/32155?print=print\" class=\"pdfprnt-button pdfprnt-button-print\" target=\"_blank\"><img decoding=\"async\" src=\"https:\/\/metropoliagzm.pl\/wp-content\/plugins\/pdf-print\/images\/print.png\" alt=\"image_print\" title=\"Print Content\" \/><\/a><\/div>\n<h3 class=\"wp-block-heading\">Naturalne drzewka, kt\u00f3re w okresie \u015awi\u0105t Bo\u017cego Narodzenia ozdabia\u0142y nasze mieszkania, mog\u0105 zyska\u0107 drugie \u017cycie. Firma FCC Polska zorganizowa\u0142a na terenie Zabrza mo\u017cliwo\u015b\u0107 bezp\u0142atnego oddania drzewka, kt\u00f3re zostanie posadzone na terenie zak\u0142adu.<\/h3>\n\n\n\n<p>Dzia\u0142anie ma na celu wzrost \u015bwiadomo\u015bci ekologicznej mieszka\u0144c\u00f3w lokalnej spo\u0142eczno\u015bci,&nbsp;przyczyni si\u0119 r\u00f3wnie\u017c do powstania ekologiczne bariery, kt\u00f3ra chroni\u0107 b\u0119dzie przed smogiem oraz ha\u0142asem. &nbsp;<\/p>\n\n\n\n<p>Zabrzanie mog\u0105 dostarczy\u0107 swoje \u015bwi\u0105teczne drzewka do Punktu Selektywnej Zbi\u00f3rki Odpad\u00f3w i Mobilnych PSZOK\u00f3w FCC Polska, kt\u00f3re funkcjonuj\u0105 zgodnie z harmonogramem, bez konieczno\u015bci wcze\u015bniejszego um\u00f3wienia wizyty czy te\u017c spe\u0142nienia dodatkowych formalno\u015bci.<\/p>\n\n\n\n<p>\u0179r\u00f3d\u0142o: UM Zabrze<\/p>\n<div class=\"post-author\" style=\"font-size:13px\">Witold Tr\u00f3lka<\/div><\/div>","protected":false},"excerpt":{"rendered":"<p>Naturalne drzewka, kt\u00f3re w okresie \u015awi\u0105t Bo\u017cego Narodzenia ozdabia\u0142y nasze mieszkania, mog\u0105 zyska\u0107 drugie \u017cycie. Firma FCC Polska zorganizowa\u0142a na terenie Zabrza mo\u017cliwo\u015b\u0107 bezp\u0142atnego oddania drzewka, kt\u00f3re zostanie posadzone na terenie zak\u0142adu. Dzia\u0142anie ma na celu wzrost \u015bwiadomo\u015bci ekologicznej mieszka\u0144c\u00f3w lokalnej spo\u0142eczno\u015bci,&nbsp;przyczyni si\u0119 r\u00f3wnie\u017c do&#8230;<\/p>","protected":false},"author":140,"featured_media":32156,"comment_status":"closed","ping_status":"closed","sticky":false,"template":"","format":"standard","meta":{"_acf_changed":false,"footnotes":""},"categories":[242,234],"tags":[394,1282],"class_list":["post-32155","post","type-post","status-publish","format-standard","has-post-thumbnail","hentry","category-mieszkancy","category-zabrze","tag-odpady","tag-odpady-komunalne"],"acf":[],"yoast_head":"<!-- This site is optimized with the Yoast SEO plugin v27.4 - https:\/\/yoast.com\/product\/yoast-seo-wordpress\/ -->\n<title>Oddaj swoje bo\u017conarodzeniowe drzewko - Metropolia GZM<\/title>\n<meta name=\"description\" content=\"Oficjalny portal G\u00f3rno\u015bl\u0105sko-Zag\u0142\u0119biowskiej Metropolii\" \/>\n<meta name=\"robots\" content=\"index, follow, max-snippet:-1, max-image-preview:large, max-video-preview:-1\" \/>\n<link rel=\"canonical\" href=\"https:\/\/metropoliagzm.pl\/de\/2021\/01\/13\/oddaj-swoje-bozonarodzeniowe-drzewko\/\" \/>\n<meta name=\"twitter:card\" content=\"summary_large_image\" \/>\n<meta name=\"twitter:title\" content=\"Oddaj swoje bo\u017conarodzeniowe drzewko - Metropolia GZM\" \/>\n<meta name=\"twitter:description\" content=\"Oficjalny portal G\u00f3rno\u015bl\u0105sko-Zag\u0142\u0119biowskiej Metropolii\" \/>\n<meta name=\"twitter:image\" content=\"https:\/\/metropoliagzm.pl\/wp-content\/uploads\/2021\/01\/fir-2740412_1920.png\" \/>\n<meta name=\"twitter:label1\" content=\"Geschrieben von\" \/>\n\t<meta name=\"twitter:data1\" content=\"Witold Tr\u00f3lka\" \/>\n\t<meta name=\"twitter:label2\" content=\"Gesch\u00e4tzte Lesezeit\" \/>\n\t<meta name=\"twitter:data2\" content=\"1\u00a0Minute\" \/>\n<script type=\"application\/ld+json\" class=\"yoast-schema-graph\">{\"@context\":\"https:\\\/\\\/schema.org\",\"@graph\":[{\"@type\":\"Article\",\"@id\":\"https:\\\/\\\/metropoliagzm.pl\\\/de\\\/2021\\\/01\\\/13\\\/oddaj-swoje-bozonarodzeniowe-drzewko\\\/#article\",\"isPartOf\":{\"@id\":\"https:\\\/\\\/metropoliagzm.pl\\\/de\\\/2021\\\/01\\\/13\\\/oddaj-swoje-bozonarodzeniowe-drzewko\\\/\"},\"author\":{\"name\":\"Witold Tr\u00f3lka\",\"@id\":\"https:\\\/\\\/metropoliagzm.pl\\\/en\\\/#\\\/schema\\\/person\\\/96e19c492916cfe1ba595fd2f60d95b8\"},\"headline\":\"Oddaj swoje bo\u017conarodzeniowe drzewko\",\"datePublished\":\"2021-01-13T11:52:52+00:00\",\"dateModified\":\"2021-01-13T11:53:12+00:00\",\"mainEntityOfPage\":{\"@id\":\"https:\\\/\\\/metropoliagzm.pl\\\/de\\\/2021\\\/01\\\/13\\\/oddaj-swoje-bozonarodzeniowe-drzewko\\\/\"},\"wordCount\":128,\"publisher\":{\"@id\":\"https:\\\/\\\/metropoliagzm.pl\\\/en\\\/#organization\"},\"image\":{\"@id\":\"https:\\\/\\\/metropoliagzm.pl\\\/de\\\/2021\\\/01\\\/13\\\/oddaj-swoje-bozonarodzeniowe-drzewko\\\/#primaryimage\"},\"thumbnailUrl\":\"https:\\\/\\\/metropoliagzm.pl\\\/wp-content\\\/uploads\\\/2021\\\/01\\\/fir-2740412_1920.png\",\"keywords\":[\"odpady\",\"odpady komunalne\"],\"articleSection\":[\"Mieszka\u0144cy\",\"Zabrze\"],\"inLanguage\":\"de\"},{\"@type\":\"WebPage\",\"@id\":\"https:\\\/\\\/metropoliagzm.pl\\\/de\\\/2021\\\/01\\\/13\\\/oddaj-swoje-bozonarodzeniowe-drzewko\\\/\",\"url\":\"https:\\\/\\\/metropoliagzm.pl\\\/de\\\/2021\\\/01\\\/13\\\/oddaj-swoje-bozonarodzeniowe-drzewko\\\/\",\"name\":\"Oddaj swoje bo\u017conarodzeniowe drzewko - Metropolia GZM\",\"isPartOf\":{\"@id\":\"https:\\\/\\\/metropoliagzm.pl\\\/en\\\/#website\"},\"primaryImageOfPage\":{\"@id\":\"https:\\\/\\\/metropoliagzm.pl\\\/de\\\/2021\\\/01\\\/13\\\/oddaj-swoje-bozonarodzeniowe-drzewko\\\/#primaryimage\"},\"image\":{\"@id\":\"https:\\\/\\\/metropoliagzm.pl\\\/de\\\/2021\\\/01\\\/13\\\/oddaj-swoje-bozonarodzeniowe-drzewko\\\/#primaryimage\"},\"thumbnailUrl\":\"https:\\\/\\\/metropoliagzm.pl\\\/wp-content\\\/uploads\\\/2021\\\/01\\\/fir-2740412_1920.png\",\"datePublished\":\"2021-01-13T11:52:52+00:00\",\"dateModified\":\"2021-01-13T11:53:12+00:00\",\"description\":\"Oficjalny portal G\u00f3rno\u015bl\u0105sko-Zag\u0142\u0119biowskiej Metropolii\",\"breadcrumb\":{\"@id\":\"https:\\\/\\\/metropoliagzm.pl\\\/de\\\/2021\\\/01\\\/13\\\/oddaj-swoje-bozonarodzeniowe-drzewko\\\/#breadcrumb\"},\"inLanguage\":\"de\",\"potentialAction\":[{\"@type\":\"ReadAction\",\"target\":[\"https:\\\/\\\/metropoliagzm.pl\\\/de\\\/2021\\\/01\\\/13\\\/oddaj-swoje-bozonarodzeniowe-drzewko\\\/\"]}]},{\"@type\":\"ImageObject\",\"inLanguage\":\"de\",\"@id\":\"https:\\\/\\\/metropoliagzm.pl\\\/de\\\/2021\\\/01\\\/13\\\/oddaj-swoje-bozonarodzeniowe-drzewko\\\/#primaryimage\",\"url\":\"https:\\\/\\\/metropoliagzm.pl\\\/wp-content\\\/uploads\\\/2021\\\/01\\\/fir-2740412_1920.png\",\"contentUrl\":\"https:\\\/\\\/metropoliagzm.pl\\\/wp-content\\\/uploads\\\/2021\\\/01\\\/fir-2740412_1920.png\",\"width\":1920,\"height\":1014,\"caption\":\"www.pixabay.com\"},{\"@type\":\"BreadcrumbList\",\"@id\":\"https:\\\/\\\/metropoliagzm.pl\\\/de\\\/2021\\\/01\\\/13\\\/oddaj-swoje-bozonarodzeniowe-drzewko\\\/#breadcrumb\",\"itemListElement\":[{\"@type\":\"ListItem\",\"position\":1,\"name\":\"Strona g\u0142\u00f3wna\",\"item\":\"https:\\\/\\\/metropoliagzm.pl\\\/\"},{\"@type\":\"ListItem\",\"position\":2,\"name\":\"Oddaj swoje bo\u017conarodzeniowe drzewko\"}]},{\"@type\":\"WebSite\",\"@id\":\"https:\\\/\\\/metropoliagzm.pl\\\/en\\\/#website\",\"url\":\"https:\\\/\\\/metropoliagzm.pl\\\/en\\\/\",\"name\":\"Metropolia GZM\",\"description\":\"Oficjalny portal G\u00f3rno\u015bl\u0105sko-Zag\u0142\u0119biowskiej Metropolii\",\"publisher\":{\"@id\":\"https:\\\/\\\/metropoliagzm.pl\\\/en\\\/#organization\"},\"potentialAction\":[{\"@type\":\"SearchAction\",\"target\":{\"@type\":\"EntryPoint\",\"urlTemplate\":\"https:\\\/\\\/metropoliagzm.pl\\\/en\\\/?s={search_term_string}\"},\"query-input\":{\"@type\":\"PropertyValueSpecification\",\"valueRequired\":true,\"valueName\":\"search_term_string\"}}],\"inLanguage\":\"de\"},{\"@type\":\"Organization\",\"@id\":\"https:\\\/\\\/metropoliagzm.pl\\\/en\\\/#organization\",\"name\":\"Metropolia GZM\",\"url\":\"https:\\\/\\\/metropoliagzm.pl\\\/en\\\/\",\"logo\":{\"@type\":\"ImageObject\",\"inLanguage\":\"de\",\"@id\":\"https:\\\/\\\/metropoliagzm.pl\\\/en\\\/#\\\/schema\\\/logo\\\/image\\\/\",\"url\":\"https:\\\/\\\/metropoliagzm.pl\\\/wp-content\\\/uploads\\\/2019\\\/03\\\/Sygnet-strona-glowna.png\",\"contentUrl\":\"https:\\\/\\\/metropoliagzm.pl\\\/wp-content\\\/uploads\\\/2019\\\/03\\\/Sygnet-strona-glowna.png\",\"width\":36,\"height\":45,\"caption\":\"Metropolia GZM\"},\"image\":{\"@id\":\"https:\\\/\\\/metropoliagzm.pl\\\/en\\\/#\\\/schema\\\/logo\\\/image\\\/\"}},{\"@type\":\"Person\",\"@id\":\"https:\\\/\\\/metropoliagzm.pl\\\/en\\\/#\\\/schema\\\/person\\\/96e19c492916cfe1ba595fd2f60d95b8\",\"name\":\"Witold Tr\u00f3lka\",\"image\":{\"@type\":\"ImageObject\",\"inLanguage\":\"de\",\"@id\":\"https:\\\/\\\/secure.gravatar.com\\\/avatar\\\/71e0c635e405b4a3631033f0d6f49e682b54dcd226d647737e1040a5a480d177?s=96&d=mm&r=g\",\"url\":\"https:\\\/\\\/secure.gravatar.com\\\/avatar\\\/71e0c635e405b4a3631033f0d6f49e682b54dcd226d647737e1040a5a480d177?s=96&d=mm&r=g\",\"contentUrl\":\"https:\\\/\\\/secure.gravatar.com\\\/avatar\\\/71e0c635e405b4a3631033f0d6f49e682b54dcd226d647737e1040a5a480d177?s=96&d=mm&r=g\",\"caption\":\"Witold Tr\u00f3lka\"},\"url\":\"https:\\\/\\\/metropoliagzm.pl\\\/de\\\/author\\\/w-trolka\\\/\"}]}<\/script>\n<!-- \/ Yoast SEO plugin. -->","yoast_head_json":{"title":"Oddaj swoje bo\u017conarodzeniowe drzewko - Metropolia GZM","description":"Oficjalny portal G\u00f3rno\u015bl\u0105sko-Zag\u0142\u0119biowskiej Metropolii","robots":{"index":"index","follow":"follow","max-snippet":"max-snippet:-1","max-image-preview":"max-image-preview:large","max-video-preview":"max-video-preview:-1"},"canonical":"https:\/\/metropoliagzm.pl\/de\/2021\/01\/13\/oddaj-swoje-bozonarodzeniowe-drzewko\/","twitter_card":"summary_large_image","twitter_title":"Oddaj swoje bo\u017conarodzeniowe drzewko - Metropolia GZM","twitter_description":"Oficjalny portal G\u00f3rno\u015bl\u0105sko-Zag\u0142\u0119biowskiej Metropolii","twitter_image":"https:\/\/metropoliagzm.pl\/wp-content\/uploads\/2021\/01\/fir-2740412_1920.png","twitter_misc":{"Geschrieben von":"Witold Tr\u00f3lka","Gesch\u00e4tzte Lesezeit":"1\u00a0Minute"},"schema":{"@context":"https:\/\/schema.org","@graph":[{"@type":"Article","@id":"https:\/\/metropoliagzm.pl\/de\/2021\/01\/13\/oddaj-swoje-bozonarodzeniowe-drzewko\/#article","isPartOf":{"@id":"https:\/\/metropoliagzm.pl\/de\/2021\/01\/13\/oddaj-swoje-bozonarodzeniowe-drzewko\/"},"author":{"name":"Witold Tr\u00f3lka","@id":"https:\/\/metropoliagzm.pl\/en\/#\/schema\/person\/96e19c492916cfe1ba595fd2f60d95b8"},"headline":"Oddaj swoje bo\u017conarodzeniowe drzewko","datePublished":"2021-01-13T11:52:52+00:00","dateModified":"2021-01-13T11:53:12+00:00","mainEntityOfPage":{"@id":"https:\/\/metropoliagzm.pl\/de\/2021\/01\/13\/oddaj-swoje-bozonarodzeniowe-drzewko\/"},"wordCount":128,"publisher":{"@id":"https:\/\/metropoliagzm.pl\/en\/#organization"},"image":{"@id":"https:\/\/metropoliagzm.pl\/de\/2021\/01\/13\/oddaj-swoje-bozonarodzeniowe-drzewko\/#primaryimage"},"thumbnailUrl":"https:\/\/metropoliagzm.pl\/wp-content\/uploads\/2021\/01\/fir-2740412_1920.png","keywords":["odpady","odpady komunalne"],"articleSection":["Mieszka\u0144cy","Zabrze"],"inLanguage":"de"},{"@type":"WebPage","@id":"https:\/\/metropoliagzm.pl\/de\/2021\/01\/13\/oddaj-swoje-bozonarodzeniowe-drzewko\/","url":"https:\/\/metropoliagzm.pl\/de\/2021\/01\/13\/oddaj-swoje-bozonarodzeniowe-drzewko\/","name":"Oddaj swoje bo\u017conarodzeniowe drzewko - Metropolia GZM","isPartOf":{"@id":"https:\/\/metropoliagzm.pl\/en\/#website"},"primaryImageOfPage":{"@id":"https:\/\/metropoliagzm.pl\/de\/2021\/01\/13\/oddaj-swoje-bozonarodzeniowe-drzewko\/#primaryimage"},"image":{"@id":"https:\/\/metropoliagzm.pl\/de\/2021\/01\/13\/oddaj-swoje-bozonarodzeniowe-drzewko\/#primaryimage"},"thumbnailUrl":"https:\/\/metropoliagzm.pl\/wp-content\/uploads\/2021\/01\/fir-2740412_1920.png","datePublished":"2021-01-13T11:52:52+00:00","dateModified":"2021-01-13T11:53:12+00:00","description":"Oficjalny portal G\u00f3rno\u015bl\u0105sko-Zag\u0142\u0119biowskiej Metropolii","breadcrumb":{"@id":"https:\/\/metropoliagzm.pl\/de\/2021\/01\/13\/oddaj-swoje-bozonarodzeniowe-drzewko\/#breadcrumb"},"inLanguage":"de","potentialAction":[{"@type":"ReadAction","target":["https:\/\/metropoliagzm.pl\/de\/2021\/01\/13\/oddaj-swoje-bozonarodzeniowe-drzewko\/"]}]},{"@type":"ImageObject","inLanguage":"de","@id":"https:\/\/metropoliagzm.pl\/de\/2021\/01\/13\/oddaj-swoje-bozonarodzeniowe-drzewko\/#primaryimage","url":"https:\/\/metropoliagzm.pl\/wp-content\/uploads\/2021\/01\/fir-2740412_1920.png","contentUrl":"https:\/\/metropoliagzm.pl\/wp-content\/uploads\/2021\/01\/fir-2740412_1920.png","width":1920,"height":1014,"caption":"www.pixabay.com"},{"@type":"BreadcrumbList","@id":"https:\/\/metropoliagzm.pl\/de\/2021\/01\/13\/oddaj-swoje-bozonarodzeniowe-drzewko\/#breadcrumb","itemListElement":[{"@type":"ListItem","position":1,"name":"Strona g\u0142\u00f3wna","item":"https:\/\/metropoliagzm.pl\/"},{"@type":"ListItem","position":2,"name":"Oddaj swoje bo\u017conarodzeniowe drzewko"}]},{"@type":"WebSite","@id":"https:\/\/metropoliagzm.pl\/en\/#website","url":"https:\/\/metropoliagzm.pl\/en\/","name":"Metropolia GZM","description":"Oficjalny portal G\u00f3rno\u015bl\u0105sko-Zag\u0142\u0119biowskiej Metropolii","publisher":{"@id":"https:\/\/metropoliagzm.pl\/en\/#organization"},"potentialAction":[{"@type":"SearchAction","target":{"@type":"EntryPoint","urlTemplate":"https:\/\/metropoliagzm.pl\/en\/?s={search_term_string}"},"query-input":{"@type":"PropertyValueSpecification","valueRequired":true,"valueName":"search_term_string"}}],"inLanguage":"de"},{"@type":"Organization","@id":"https:\/\/metropoliagzm.pl\/en\/#organization","name":"Metropolia GZM","url":"https:\/\/metropoliagzm.pl\/en\/","logo":{"@type":"ImageObject","inLanguage":"de","@id":"https:\/\/metropoliagzm.pl\/en\/#\/schema\/logo\/image\/","url":"https:\/\/metropoliagzm.pl\/wp-content\/uploads\/2019\/03\/Sygnet-strona-glowna.png","contentUrl":"https:\/\/metropoliagzm.pl\/wp-content\/uploads\/2019\/03\/Sygnet-strona-glowna.png","width":36,"height":45,"caption":"Metropolia GZM"},"image":{"@id":"https:\/\/metropoliagzm.pl\/en\/#\/schema\/logo\/image\/"}},{"@type":"Person","@id":"https:\/\/metropoliagzm.pl\/en\/#\/schema\/person\/96e19c492916cfe1ba595fd2f60d95b8","name":"Witold Tr\u00f3lka","image":{"@type":"ImageObject","inLanguage":"de","@id":"https:\/\/secure.gravatar.com\/avatar\/71e0c635e405b4a3631033f0d6f49e682b54dcd226d647737e1040a5a480d177?s=96&d=mm&r=g","url":"https:\/\/secure.gravatar.com\/avatar\/71e0c635e405b4a3631033f0d6f49e682b54dcd226d647737e1040a5a480d177?s=96&d=mm&r=g","contentUrl":"https:\/\/secure.gravatar.com\/avatar\/71e0c635e405b4a3631033f0d6f49e682b54dcd226d647737e1040a5a480d177?s=96&d=mm&r=g","caption":"Witold Tr\u00f3lka"},"url":"https:\/\/metropoliagzm.pl\/de\/author\/w-trolka\/"}]}},"_links":{"self":[{"href":"https:\/\/metropoliagzm.pl\/de\/wp-json\/wp\/v2\/posts\/32155","targetHints":{"allow":["GET"]}}],"collection":[{"href":"https:\/\/metropoliagzm.pl\/de\/wp-json\/wp\/v2\/posts"}],"about":[{"href":"https:\/\/metropoliagzm.pl\/de\/wp-json\/wp\/v2\/types\/post"}],"author":[{"embeddable":true,"href":"https:\/\/metropoliagzm.pl\/de\/wp-json\/wp\/v2\/users\/140"}],"replies":[{"embeddable":true,"href":"https:\/\/metropoliagzm.pl\/de\/wp-json\/wp\/v2\/comments?post=32155"}],"version-history":[{"count":3,"href":"https:\/\/metropoliagzm.pl\/de\/wp-json\/wp\/v2\/posts\/32155\/revisions"}],"predecessor-version":[{"id":32159,"href":"https:\/\/metropoliagzm.pl\/de\/wp-json\/wp\/v2\/posts\/32155\/revisions\/32159"}],"wp:featuredmedia":[{"embeddable":true,"href":"https:\/\/metropoliagzm.pl\/de\/wp-json\/wp\/v2\/media\/32156"}],"wp:attachment":[{"href":"https:\/\/metropoliagzm.pl\/de\/wp-json\/wp\/v2\/media?parent=32155"}],"wp:term":[{"taxonomy":"category","embeddable":true,"href":"https:\/\/metropoliagzm.pl\/de\/wp-json\/wp\/v2\/categories?post=32155"},{"taxonomy":"post_tag","embeddable":true,"href":"https:\/\/metropoliagzm.pl\/de\/wp-json\/wp\/v2\/tags?post=32155"}],"curies":[{"name":"wp","href":"https:\/\/api.w.org\/{rel}","templated":true}]}}