{"id":36928,"date":"2021-09-10T14:52:37","date_gmt":"2021-09-10T12:52:37","guid":{"rendered":"https:\/\/metropoliagzm.pl\/?p=36928"},"modified":"2021-09-10T14:52:37","modified_gmt":"2021-09-10T12:52:37","slug":"zbliza-sie-glosowanie-w-budzecie-obywatelskim","status":"publish","type":"post","link":"https:\/\/metropoliagzm.pl\/de\/2021\/09\/10\/zbliza-sie-glosowanie-w-budzecie-obywatelskim\/","title":{"rendered":"Zbli\u017ca si\u0119 g\u0142osowanie w bud\u017cecie obywatelskim"},"content":{"rendered":"<div class=\"pdf-block\"><div class=\"pdfprnt-buttons  pdfprnt-new pdfprnt-buttons-post pdfprnt-top-right\"><div class=\"jssocials-share jssocials-share-twitter\"><a target=\"_blank\" href=\"https:\/\/twitter.com\/share?url=https:\/\/metropoliagzm.pl\/de\/wp-json\/wp\/v2\/posts\/36928;text=36928\" class=\"jssocials-share-link\"><i class=\"fa fa-twitter jssocials-share-logo\"><\/i><\/a><\/div><div class=\"jssocials-share jssocials-share-facebook\"><a target=\"_blank\" href=\"https:\/\/facebook.com\/sharer\/sharer.php?u=https:\/\/metropoliagzm.pl\/de\/wp-json\/wp\/v2\/posts\/36928\" class=\"jssocials-share-link\"><i class=\"fa fa-facebook jssocials-share-logo\"><\/i><\/a><\/div><div class=\"jssocials-share jssocials-share-pinterest\"><a target=\"_blank\" href=\"https:\/\/pinterest.com\/pin\/create\/bookmarklet\/?&amp;url=https:\/\/metropoliagzm.pl\/de\/wp-json\/wp\/v2\/posts\/36928;description=36928\" class=\"jssocials-share-link\"><i class=\"fa fa-pinterest jssocials-share-logo\"><\/i><\/a><\/div><a href=\"https:\/\/metropoliagzm.pl\/de\/wp-json\/wp\/v2\/posts\/36928?print=pdf\" class=\"pdfprnt-button pdfprnt-button-pdf\" target=\"_blank\"><img decoding=\"async\" src=\"https:\/\/metropoliagzm.pl\/wp-content\/plugins\/pdf-print\/images\/pdf.png\" alt=\"image_pdf\" title=\"View PDF\" \/><\/a><a href=\"https:\/\/metropoliagzm.pl\/de\/wp-json\/wp\/v2\/posts\/36928?print=print\" class=\"pdfprnt-button pdfprnt-button-print\" target=\"_blank\"><img decoding=\"async\" src=\"https:\/\/metropoliagzm.pl\/wp-content\/plugins\/pdf-print\/images\/print.png\" alt=\"image_print\" title=\"Print Content\" \/><\/a><\/div><\/div><div class=\"post-block-pdf\"><div class=\"pdfprnt-buttons pdfprnt-buttons-post pdfprnt-top-right\"><a href=\"https:\/\/metropoliagzm.pl\/de\/wp-json\/wp\/v2\/posts\/36928?print=pdf\" class=\"pdfprnt-button pdfprnt-button-pdf\" target=\"_blank\"><img decoding=\"async\" src=\"https:\/\/metropoliagzm.pl\/wp-content\/plugins\/pdf-print\/images\/pdf.png\" alt=\"image_pdf\" title=\"View PDF\" \/><\/a><a href=\"https:\/\/metropoliagzm.pl\/de\/wp-json\/wp\/v2\/posts\/36928?print=print\" class=\"pdfprnt-button pdfprnt-button-print\" target=\"_blank\"><img decoding=\"async\" src=\"https:\/\/metropoliagzm.pl\/wp-content\/plugins\/pdf-print\/images\/print.png\" alt=\"image_print\" title=\"Print Content\" \/><\/a><\/div><p style=\"text-align: left;\"><strong><span style=\"color: #000000;\">13 wrze\u015bnia w D\u0105browie G\u00f3rniczej ruszy g\u0142osowanie w kolejnej edycji bud\u017cetu obywatelskiego. G\u0142osowa\u0107 b\u0119dzie mo\u017cna do 19 wrze\u015bnia. Mieszka\u0144cy na li\u015bcie znajd\u0105 13 projekt\u00f3w.<\/span><\/strong><\/p>\n<p style=\"text-align: left;\"><span style=\"color: #000000;\">Propozycje, kt\u00f3re b\u0119dzie mo\u017cna wybiera\u0107, dotycz\u0105 m.in. remont\u00f3w dr\u00f3g i chodnik\u00f3w, a tak\u017ce rozbudowy infrastruktury rekreacyjnej. Pula \u015brodk\u00f3w tegorocznego bud\u017cetu obywatelskiego to\u00a04,7 mln z\u0142. Opisy projekt\u00f3w na stronie<\/span> <a href=\"https:\/\/bo.dg.pl\/projekty\" target=\"_blank\" rel=\"noopener\"><span style=\"color: #008000;\">bo.dg.pl\/projekty<\/span><\/a><\/p>\n<p style=\"text-align: left;\"><span style=\"color: #000000;\">Jak g\u0142osowa\u0107?<\/span><\/p>\n<p style=\"text-align: left;\"><span style=\"color: #000000;\">G\u0142osowanie potrwa od 13 do 19 wrze\u015bnia, prowadzone b\u0119dzie na stronie<\/span> <a href=\"https:\/\/bo.dg.pl\/\" target=\"_blank\" rel=\"noopener\"><span style=\"color: #008000;\">bo.dg.pl<\/span><\/a><\/p>\n<p style=\"text-align: left;\"><span style=\"color: #000000;\">Ka\u017cdy mieszkaniec D\u0105browy G\u00f3rniczej, niezale\u017cnie od wieku, mo\u017ce odda\u0107 g\u0142os na 3 projekty przyznaj\u0105c im od 1 do 3 punkt\u00f3w, przy czym 3 punkty dla projektu najwy\u017cej ocenianego, 2 punkty dla projektu ocenianego jako drugi, 1 punkt dla projektu uznanego za trzeci Mieszka\u0144cy, kt\u00f3rzy nie maj\u0105 dost\u0119pu do\u00a0internetu b\u0119d\u0105 mogli zag\u0142osowa\u0107 w\u00a0Centrum Aktywno\u015bci Obywatelskiej przy ul. Sienkiewicza 6 A.<\/span><\/p>\n<p style=\"text-align: left;\"><span style=\"color: #000000;\">Wszelkich informacji na temat g\u0142osowania, jak r\u00f3wnie\u017c poszczeg\u00f3lnych projekt\u00f3w, udzielaj\u0105 pracownicy Wydzia\u0142u Organizacji Pozarz\u0105dowych i\u00a0Aktywno\u015bci Obywatelskiej \u2013 tel. 518\u00a0270\u00a0597; email:<\/span> <a href=\"mailto:bo@dg.pl\"><span style=\"color: #008000;\">bo@dg.pl<\/span><\/a><\/p>\n<p style=\"text-align: left;\"><span style=\"color: #000000;\"><img loading=\"lazy\" decoding=\"async\" class=\"alignnone wp-image-36929\" src=\"https:\/\/metropoliagzm.pl\/wp-content\/uploads\/2021\/09\/240767116_2739049819726105_2908425392390167546_n-300x300.png\" alt=\"\" width=\"600\" height=\"600\" srcset=\"https:\/\/metropoliagzm.pl\/wp-content\/uploads\/2021\/09\/240767116_2739049819726105_2908425392390167546_n-300x300.png 300w, https:\/\/metropoliagzm.pl\/wp-content\/uploads\/2021\/09\/240767116_2739049819726105_2908425392390167546_n-1024x1024.png 1024w, https:\/\/metropoliagzm.pl\/wp-content\/uploads\/2021\/09\/240767116_2739049819726105_2908425392390167546_n-150x150.png 150w, https:\/\/metropoliagzm.pl\/wp-content\/uploads\/2021\/09\/240767116_2739049819726105_2908425392390167546_n-768x768.png 768w, https:\/\/metropoliagzm.pl\/wp-content\/uploads\/2021\/09\/240767116_2739049819726105_2908425392390167546_n-12x12.png 12w, https:\/\/metropoliagzm.pl\/wp-content\/uploads\/2021\/09\/240767116_2739049819726105_2908425392390167546_n-585x585.png 585w, https:\/\/metropoliagzm.pl\/wp-content\/uploads\/2021\/09\/240767116_2739049819726105_2908425392390167546_n-220x220.png 220w, https:\/\/metropoliagzm.pl\/wp-content\/uploads\/2021\/09\/240767116_2739049819726105_2908425392390167546_n-80x80.png 80w, https:\/\/metropoliagzm.pl\/wp-content\/uploads\/2021\/09\/240767116_2739049819726105_2908425392390167546_n.png 1080w\" sizes=\"auto, (max-width: 600px) 100vw, 600px\" \/><\/span><\/p>\n<p style=\"text-align: left;\"><span style=\"color: #000000;\">G<\/span><span style=\"color: #000000;\">\u0142osowanie w bud\u017cecie obywatelskim prowadzone b\u0119dzie po raz trzeci.<\/span><\/p>\n<p style=\"text-align: left;\"><span style=\"color: #000000;\">Z ko\u0144cem zesz\u0142ego roku do u\u017cytku oddano zrewitalizowany park Podlesie, czyli efekt wybranego przez mieszka\u0144c\u00f3w w bud\u017cecie obywatelskim w 2019 r. projektu \u201ePodlesie Pe\u0142ne \u017bycia\u201d. Miejsce w nowej ods\u0142onie daje jeszcze wi\u0119cej mo\u017cliwo\u015bci sp\u0119dzania czasu na \u015bwie\u017cym powietrzu, relaksu, zabawy czy uczestnictwa w wydarzeniach sportowych i kulturalnych. Powsta\u0142o tam siedem stref, zagospodarowanych i zaaran\u017cowanych z my\u015bl\u0105 o r\u00f3\u017cnych \u00a0u\u017cytkownikach \u2013 m.in. dzieciach, seniorach czy lubi\u0105cych aktywny wypoczynek. W ca\u0142ym parku stan\u0119\u0142y nowe \u0142awki, kosze na \u015bmieci i latarnie. Przyby\u0142o krzew\u00f3w ozdobnych i bylin. \u015acie\u017cki okalaj\u0105ce park wykonano z kostki brukowej, a wewn\u0119trzne maj\u0105 nawierzchni\u0119 mineraln\u0105. Prace trwa\u0142y trzy miesi\u0105ce. <\/span><span style=\"color: #000000;\">Wi\u0119cej informacji o tym miejscu na stronie<\/span> <a href=\"https:\/\/www.dabrowa-gornicza.pl\/aktualnosci\/drugie-zycie-parku-podlesie\/\" target=\"_blank\" rel=\"noopener\"><span style=\"color: #008000;\">www.dabrowa-gornicza.pl\/aktualnosci\/drugie-zycie-parku-podlesie\/<\/span><\/a><\/p>\n<p style=\"text-align: left;\"><span style=\"color: #000000;\">W 2020 r. zwyci\u0119\u017cy\u0142 projekt \u201eRodzinne Planty\u201d, kt\u00f3ry zak\u0142ada renowacj\u0119 plant im. Harcmistrza Stefana Piotrowskiego \u2013 pomi\u0119dzy ul. Kopernika a ul. Poniatowskiego oraz pomi\u0119dzy ul. Korczaka i Przemys\u0142ow\u0105. Modernizacja obejmie m.in. remont istniej\u0105cych alejek, budow\u0119 dr\u00f3g rowerowych, utworzenie wybiegu dla ps\u00f3w, monta\u017c \u0142awek i o\u015bwietlenia, nasadzenia drzew i krzew\u00f3w, a tak\u017ce usypanie niedu\u017cych pag\u00f3rk\u00f3w, kt\u00f3re urozmaic\u0105 krajobraz. Efekt prac, kt\u00f3re wkr\u00f3tce powinny ruszy\u0107, ma by\u0107 widoczny do ko\u0144ca tego roku. Wykonawc\u0105 rob\u00f3t b\u0119dzie Complex D\u0105browa G\u00f3rnicza sp. z o. o.<\/span><\/p>\n<p style=\"text-align: left;\"><span style=\"color: #000000;\">Od 2013 do 2019 r. w mie\u015bcie funkcjonowa\u0142 D\u0105browski Bud\u017cet Partycypacyjny. Przez ten okres d\u0105browianie zdecydowali o wykonaniu w swojej okolicy \u2013 w dzielnicy czy na osiedlu \u2013 ponad 700 r\u00f3\u017cnorodnych zada\u0144. To m.in. budowa plac\u00f3w zabaw, boisk, chodnik\u00f3w, parking\u00f3w czy skwerk\u00f3w, a tak\u017ce zakupienie nowych sprz\u0119t\u00f3w i ksi\u0105\u017cek do filii Miejskiej Biblioteki Publicznej. W 2020 r. i 2021 r. pandemia niestety nie pozwoli\u0142a przeprowadzi\u0107 kolejnych edycji bud\u017cetu, opieraj\u0105cych si\u0119 na bezpo\u015brednich spotkaniach i dyskusjach nad propozycjami mieszka\u0144c\u00f3w.<\/span><\/p>\n<p>\u0179r\u00f3d\u0142o: UM D\u0105browa G\u00f3rnicza<\/p>\n<div class=\"post-author\" style=\"font-size:13px\">dabrowa<\/div><\/div>","protected":false},"excerpt":{"rendered":"<p>13 wrze\u015bnia w D\u0105browie G\u00f3rniczej ruszy g\u0142osowanie w kolejnej edycji bud\u017cetu obywatelskiego. G\u0142osowa\u0107 b\u0119dzie mo\u017cna do 19 wrze\u015bnia. Mieszka\u0144cy na li\u015bcie znajd\u0105 13 projekt\u00f3w. Propozycje, kt\u00f3re b\u0119dzie mo\u017cna wybiera\u0107, dotycz\u0105 m.in. remont\u00f3w dr\u00f3g i chodnik\u00f3w, a tak\u017ce rozbudowy infrastruktury rekreacyjnej. Pula \u015brodk\u00f3w tegorocznego bud\u017cetu obywatelskiego&#8230;<\/p>","protected":false},"author":97,"featured_media":36930,"comment_status":"closed","ping_status":"closed","sticky":false,"template":"","format":"standard","meta":{"_acf_changed":false,"footnotes":""},"categories":[203,242],"tags":[423],"class_list":["post-36928","post","type-post","status-publish","format-standard","has-post-thumbnail","hentry","category-dabrowa-gornicza","category-mieszkancy","tag-budzet-obywatelski-dabrowa-gornicza"],"acf":[],"yoast_head":"<!-- This site is optimized with the Yoast SEO plugin v27.4 - https:\/\/yoast.com\/product\/yoast-seo-wordpress\/ -->\n<title>Zbli\u017ca si\u0119 g\u0142osowanie w bud\u017cecie obywatelskim - Metropolia GZM<\/title>\n<meta name=\"description\" content=\"Oficjalny portal G\u00f3rno\u015bl\u0105sko-Zag\u0142\u0119biowskiej Metropolii\" \/>\n<meta name=\"robots\" content=\"index, follow, max-snippet:-1, max-image-preview:large, max-video-preview:-1\" \/>\n<link rel=\"canonical\" href=\"https:\/\/metropoliagzm.pl\/de\/2021\/09\/10\/zbliza-sie-glosowanie-w-budzecie-obywatelskim\/\" \/>\n<meta name=\"twitter:card\" content=\"summary_large_image\" \/>\n<meta name=\"twitter:title\" content=\"Zbli\u017ca si\u0119 g\u0142osowanie w bud\u017cecie obywatelskim - Metropolia GZM\" \/>\n<meta name=\"twitter:description\" content=\"Oficjalny portal G\u00f3rno\u015bl\u0105sko-Zag\u0142\u0119biowskiej Metropolii\" \/>\n<meta name=\"twitter:image\" content=\"https:\/\/metropoliagzm.pl\/wp-content\/uploads\/2021\/09\/56786103-2076201686010925-1380949225386278912-o-1920x1078-1.jpg\" \/>\n<meta name=\"twitter:label1\" content=\"Geschrieben von\" \/>\n\t<meta name=\"twitter:data1\" content=\"dabrowa\" \/>\n\t<meta name=\"twitter:label2\" content=\"Gesch\u00e4tzte Lesezeit\" \/>\n\t<meta name=\"twitter:data2\" content=\"3\u00a0Minuten\" \/>\n<script type=\"application\/ld+json\" class=\"yoast-schema-graph\">{\"@context\":\"https:\\\/\\\/schema.org\",\"@graph\":[{\"@type\":\"Article\",\"@id\":\"https:\\\/\\\/metropoliagzm.pl\\\/2021\\\/09\\\/10\\\/zbliza-sie-glosowanie-w-budzecie-obywatelskim\\\/#article\",\"isPartOf\":{\"@id\":\"https:\\\/\\\/metropoliagzm.pl\\\/2021\\\/09\\\/10\\\/zbliza-sie-glosowanie-w-budzecie-obywatelskim\\\/\"},\"author\":{\"name\":\"dabrowa\",\"@id\":\"https:\\\/\\\/metropoliagzm.pl\\\/en\\\/#\\\/schema\\\/person\\\/1cd816c9743df855511bb0a2854862dc\"},\"headline\":\"Zbli\u017ca si\u0119 g\u0142osowanie w bud\u017cecie obywatelskim\",\"datePublished\":\"2021-09-10T12:52:37+00:00\",\"mainEntityOfPage\":{\"@id\":\"https:\\\/\\\/metropoliagzm.pl\\\/2021\\\/09\\\/10\\\/zbliza-sie-glosowanie-w-budzecie-obywatelskim\\\/\"},\"wordCount\":553,\"publisher\":{\"@id\":\"https:\\\/\\\/metropoliagzm.pl\\\/en\\\/#organization\"},\"image\":{\"@id\":\"https:\\\/\\\/metropoliagzm.pl\\\/2021\\\/09\\\/10\\\/zbliza-sie-glosowanie-w-budzecie-obywatelskim\\\/#primaryimage\"},\"thumbnailUrl\":\"https:\\\/\\\/metropoliagzm.pl\\\/wp-content\\\/uploads\\\/2021\\\/09\\\/56786103-2076201686010925-1380949225386278912-o-1920x1078-1.jpg\",\"keywords\":[\"Bud\u017cet obywatelski D\u0105browa G\u00f3rnicza\"],\"articleSection\":[\"D\u0105browa G\u00f3rnicza\",\"Mieszka\u0144cy\"],\"inLanguage\":\"de\"},{\"@type\":\"WebPage\",\"@id\":\"https:\\\/\\\/metropoliagzm.pl\\\/2021\\\/09\\\/10\\\/zbliza-sie-glosowanie-w-budzecie-obywatelskim\\\/\",\"url\":\"https:\\\/\\\/metropoliagzm.pl\\\/2021\\\/09\\\/10\\\/zbliza-sie-glosowanie-w-budzecie-obywatelskim\\\/\",\"name\":\"Zbli\u017ca si\u0119 g\u0142osowanie w bud\u017cecie obywatelskim - Metropolia GZM\",\"isPartOf\":{\"@id\":\"https:\\\/\\\/metropoliagzm.pl\\\/en\\\/#website\"},\"primaryImageOfPage\":{\"@id\":\"https:\\\/\\\/metropoliagzm.pl\\\/2021\\\/09\\\/10\\\/zbliza-sie-glosowanie-w-budzecie-obywatelskim\\\/#primaryimage\"},\"image\":{\"@id\":\"https:\\\/\\\/metropoliagzm.pl\\\/2021\\\/09\\\/10\\\/zbliza-sie-glosowanie-w-budzecie-obywatelskim\\\/#primaryimage\"},\"thumbnailUrl\":\"https:\\\/\\\/metropoliagzm.pl\\\/wp-content\\\/uploads\\\/2021\\\/09\\\/56786103-2076201686010925-1380949225386278912-o-1920x1078-1.jpg\",\"datePublished\":\"2021-09-10T12:52:37+00:00\",\"description\":\"Oficjalny portal G\u00f3rno\u015bl\u0105sko-Zag\u0142\u0119biowskiej Metropolii\",\"breadcrumb\":{\"@id\":\"https:\\\/\\\/metropoliagzm.pl\\\/2021\\\/09\\\/10\\\/zbliza-sie-glosowanie-w-budzecie-obywatelskim\\\/#breadcrumb\"},\"inLanguage\":\"de\",\"potentialAction\":[{\"@type\":\"ReadAction\",\"target\":[\"https:\\\/\\\/metropoliagzm.pl\\\/2021\\\/09\\\/10\\\/zbliza-sie-glosowanie-w-budzecie-obywatelskim\\\/\"]}]},{\"@type\":\"ImageObject\",\"inLanguage\":\"de\",\"@id\":\"https:\\\/\\\/metropoliagzm.pl\\\/2021\\\/09\\\/10\\\/zbliza-sie-glosowanie-w-budzecie-obywatelskim\\\/#primaryimage\",\"url\":\"https:\\\/\\\/metropoliagzm.pl\\\/wp-content\\\/uploads\\\/2021\\\/09\\\/56786103-2076201686010925-1380949225386278912-o-1920x1078-1.jpg\",\"contentUrl\":\"https:\\\/\\\/metropoliagzm.pl\\\/wp-content\\\/uploads\\\/2021\\\/09\\\/56786103-2076201686010925-1380949225386278912-o-1920x1078-1.jpg\",\"width\":1920,\"height\":1078,\"caption\":\"Fot. UM D\u0105browa G\u00f3rnicza\"},{\"@type\":\"BreadcrumbList\",\"@id\":\"https:\\\/\\\/metropoliagzm.pl\\\/2021\\\/09\\\/10\\\/zbliza-sie-glosowanie-w-budzecie-obywatelskim\\\/#breadcrumb\",\"itemListElement\":[{\"@type\":\"ListItem\",\"position\":1,\"name\":\"Strona g\u0142\u00f3wna\",\"item\":\"https:\\\/\\\/metropoliagzm.pl\\\/\"},{\"@type\":\"ListItem\",\"position\":2,\"name\":\"Zbli\u017ca si\u0119 g\u0142osowanie w bud\u017cecie obywatelskim\"}]},{\"@type\":\"WebSite\",\"@id\":\"https:\\\/\\\/metropoliagzm.pl\\\/en\\\/#website\",\"url\":\"https:\\\/\\\/metropoliagzm.pl\\\/en\\\/\",\"name\":\"Metropolia GZM\",\"description\":\"Oficjalny portal G\u00f3rno\u015bl\u0105sko-Zag\u0142\u0119biowskiej Metropolii\",\"publisher\":{\"@id\":\"https:\\\/\\\/metropoliagzm.pl\\\/en\\\/#organization\"},\"potentialAction\":[{\"@type\":\"SearchAction\",\"target\":{\"@type\":\"EntryPoint\",\"urlTemplate\":\"https:\\\/\\\/metropoliagzm.pl\\\/en\\\/?s={search_term_string}\"},\"query-input\":{\"@type\":\"PropertyValueSpecification\",\"valueRequired\":true,\"valueName\":\"search_term_string\"}}],\"inLanguage\":\"de\"},{\"@type\":\"Organization\",\"@id\":\"https:\\\/\\\/metropoliagzm.pl\\\/en\\\/#organization\",\"name\":\"Metropolia GZM\",\"url\":\"https:\\\/\\\/metropoliagzm.pl\\\/en\\\/\",\"logo\":{\"@type\":\"ImageObject\",\"inLanguage\":\"de\",\"@id\":\"https:\\\/\\\/metropoliagzm.pl\\\/en\\\/#\\\/schema\\\/logo\\\/image\\\/\",\"url\":\"https:\\\/\\\/metropoliagzm.pl\\\/wp-content\\\/uploads\\\/2019\\\/03\\\/Sygnet-strona-glowna.png\",\"contentUrl\":\"https:\\\/\\\/metropoliagzm.pl\\\/wp-content\\\/uploads\\\/2019\\\/03\\\/Sygnet-strona-glowna.png\",\"width\":36,\"height\":45,\"caption\":\"Metropolia GZM\"},\"image\":{\"@id\":\"https:\\\/\\\/metropoliagzm.pl\\\/en\\\/#\\\/schema\\\/logo\\\/image\\\/\"}},{\"@type\":\"Person\",\"@id\":\"https:\\\/\\\/metropoliagzm.pl\\\/en\\\/#\\\/schema\\\/person\\\/1cd816c9743df855511bb0a2854862dc\",\"name\":\"dabrowa\",\"image\":{\"@type\":\"ImageObject\",\"inLanguage\":\"de\",\"@id\":\"https:\\\/\\\/secure.gravatar.com\\\/avatar\\\/d58457fea4961c0aad07feb161f078591399365d64069fd5aa53d8f4a4e11f5f?s=96&d=mm&r=g\",\"url\":\"https:\\\/\\\/secure.gravatar.com\\\/avatar\\\/d58457fea4961c0aad07feb161f078591399365d64069fd5aa53d8f4a4e11f5f?s=96&d=mm&r=g\",\"contentUrl\":\"https:\\\/\\\/secure.gravatar.com\\\/avatar\\\/d58457fea4961c0aad07feb161f078591399365d64069fd5aa53d8f4a4e11f5f?s=96&d=mm&r=g\",\"caption\":\"dabrowa\"},\"sameAs\":[\"http:\\\/\\\/dabrowa-gornicza.pl\",\"https:\\\/\\\/www.facebook.com\\\/MiastoDabrowaGornicza\"],\"url\":\"https:\\\/\\\/metropoliagzm.pl\\\/de\\\/author\\\/dabrowa\\\/\"}]}<\/script>\n<!-- \/ Yoast SEO plugin. -->","yoast_head_json":{"title":"Zbli\u017ca si\u0119 g\u0142osowanie w bud\u017cecie obywatelskim - Metropolia GZM","description":"Oficjalny portal G\u00f3rno\u015bl\u0105sko-Zag\u0142\u0119biowskiej Metropolii","robots":{"index":"index","follow":"follow","max-snippet":"max-snippet:-1","max-image-preview":"max-image-preview:large","max-video-preview":"max-video-preview:-1"},"canonical":"https:\/\/metropoliagzm.pl\/de\/2021\/09\/10\/zbliza-sie-glosowanie-w-budzecie-obywatelskim\/","twitter_card":"summary_large_image","twitter_title":"Zbli\u017ca si\u0119 g\u0142osowanie w bud\u017cecie obywatelskim - Metropolia GZM","twitter_description":"Oficjalny portal G\u00f3rno\u015bl\u0105sko-Zag\u0142\u0119biowskiej Metropolii","twitter_image":"https:\/\/metropoliagzm.pl\/wp-content\/uploads\/2021\/09\/56786103-2076201686010925-1380949225386278912-o-1920x1078-1.jpg","twitter_misc":{"Geschrieben von":"dabrowa","Gesch\u00e4tzte Lesezeit":"3\u00a0Minuten"},"schema":{"@context":"https:\/\/schema.org","@graph":[{"@type":"Article","@id":"https:\/\/metropoliagzm.pl\/2021\/09\/10\/zbliza-sie-glosowanie-w-budzecie-obywatelskim\/#article","isPartOf":{"@id":"https:\/\/metropoliagzm.pl\/2021\/09\/10\/zbliza-sie-glosowanie-w-budzecie-obywatelskim\/"},"author":{"name":"dabrowa","@id":"https:\/\/metropoliagzm.pl\/en\/#\/schema\/person\/1cd816c9743df855511bb0a2854862dc"},"headline":"Zbli\u017ca si\u0119 g\u0142osowanie w bud\u017cecie obywatelskim","datePublished":"2021-09-10T12:52:37+00:00","mainEntityOfPage":{"@id":"https:\/\/metropoliagzm.pl\/2021\/09\/10\/zbliza-sie-glosowanie-w-budzecie-obywatelskim\/"},"wordCount":553,"publisher":{"@id":"https:\/\/metropoliagzm.pl\/en\/#organization"},"image":{"@id":"https:\/\/metropoliagzm.pl\/2021\/09\/10\/zbliza-sie-glosowanie-w-budzecie-obywatelskim\/#primaryimage"},"thumbnailUrl":"https:\/\/metropoliagzm.pl\/wp-content\/uploads\/2021\/09\/56786103-2076201686010925-1380949225386278912-o-1920x1078-1.jpg","keywords":["Bud\u017cet obywatelski D\u0105browa G\u00f3rnicza"],"articleSection":["D\u0105browa G\u00f3rnicza","Mieszka\u0144cy"],"inLanguage":"de"},{"@type":"WebPage","@id":"https:\/\/metropoliagzm.pl\/2021\/09\/10\/zbliza-sie-glosowanie-w-budzecie-obywatelskim\/","url":"https:\/\/metropoliagzm.pl\/2021\/09\/10\/zbliza-sie-glosowanie-w-budzecie-obywatelskim\/","name":"Zbli\u017ca si\u0119 g\u0142osowanie w bud\u017cecie obywatelskim - Metropolia GZM","isPartOf":{"@id":"https:\/\/metropoliagzm.pl\/en\/#website"},"primaryImageOfPage":{"@id":"https:\/\/metropoliagzm.pl\/2021\/09\/10\/zbliza-sie-glosowanie-w-budzecie-obywatelskim\/#primaryimage"},"image":{"@id":"https:\/\/metropoliagzm.pl\/2021\/09\/10\/zbliza-sie-glosowanie-w-budzecie-obywatelskim\/#primaryimage"},"thumbnailUrl":"https:\/\/metropoliagzm.pl\/wp-content\/uploads\/2021\/09\/56786103-2076201686010925-1380949225386278912-o-1920x1078-1.jpg","datePublished":"2021-09-10T12:52:37+00:00","description":"Oficjalny portal G\u00f3rno\u015bl\u0105sko-Zag\u0142\u0119biowskiej Metropolii","breadcrumb":{"@id":"https:\/\/metropoliagzm.pl\/2021\/09\/10\/zbliza-sie-glosowanie-w-budzecie-obywatelskim\/#breadcrumb"},"inLanguage":"de","potentialAction":[{"@type":"ReadAction","target":["https:\/\/metropoliagzm.pl\/2021\/09\/10\/zbliza-sie-glosowanie-w-budzecie-obywatelskim\/"]}]},{"@type":"ImageObject","inLanguage":"de","@id":"https:\/\/metropoliagzm.pl\/2021\/09\/10\/zbliza-sie-glosowanie-w-budzecie-obywatelskim\/#primaryimage","url":"https:\/\/metropoliagzm.pl\/wp-content\/uploads\/2021\/09\/56786103-2076201686010925-1380949225386278912-o-1920x1078-1.jpg","contentUrl":"https:\/\/metropoliagzm.pl\/wp-content\/uploads\/2021\/09\/56786103-2076201686010925-1380949225386278912-o-1920x1078-1.jpg","width":1920,"height":1078,"caption":"Fot. UM D\u0105browa G\u00f3rnicza"},{"@type":"BreadcrumbList","@id":"https:\/\/metropoliagzm.pl\/2021\/09\/10\/zbliza-sie-glosowanie-w-budzecie-obywatelskim\/#breadcrumb","itemListElement":[{"@type":"ListItem","position":1,"name":"Strona g\u0142\u00f3wna","item":"https:\/\/metropoliagzm.pl\/"},{"@type":"ListItem","position":2,"name":"Zbli\u017ca si\u0119 g\u0142osowanie w bud\u017cecie obywatelskim"}]},{"@type":"WebSite","@id":"https:\/\/metropoliagzm.pl\/en\/#website","url":"https:\/\/metropoliagzm.pl\/en\/","name":"Metropolia GZM","description":"Oficjalny portal G\u00f3rno\u015bl\u0105sko-Zag\u0142\u0119biowskiej Metropolii","publisher":{"@id":"https:\/\/metropoliagzm.pl\/en\/#organization"},"potentialAction":[{"@type":"SearchAction","target":{"@type":"EntryPoint","urlTemplate":"https:\/\/metropoliagzm.pl\/en\/?s={search_term_string}"},"query-input":{"@type":"PropertyValueSpecification","valueRequired":true,"valueName":"search_term_string"}}],"inLanguage":"de"},{"@type":"Organization","@id":"https:\/\/metropoliagzm.pl\/en\/#organization","name":"Metropolia GZM","url":"https:\/\/metropoliagzm.pl\/en\/","logo":{"@type":"ImageObject","inLanguage":"de","@id":"https:\/\/metropoliagzm.pl\/en\/#\/schema\/logo\/image\/","url":"https:\/\/metropoliagzm.pl\/wp-content\/uploads\/2019\/03\/Sygnet-strona-glowna.png","contentUrl":"https:\/\/metropoliagzm.pl\/wp-content\/uploads\/2019\/03\/Sygnet-strona-glowna.png","width":36,"height":45,"caption":"Metropolia GZM"},"image":{"@id":"https:\/\/metropoliagzm.pl\/en\/#\/schema\/logo\/image\/"}},{"@type":"Person","@id":"https:\/\/metropoliagzm.pl\/en\/#\/schema\/person\/1cd816c9743df855511bb0a2854862dc","name":"dabrowa","image":{"@type":"ImageObject","inLanguage":"de","@id":"https:\/\/secure.gravatar.com\/avatar\/d58457fea4961c0aad07feb161f078591399365d64069fd5aa53d8f4a4e11f5f?s=96&d=mm&r=g","url":"https:\/\/secure.gravatar.com\/avatar\/d58457fea4961c0aad07feb161f078591399365d64069fd5aa53d8f4a4e11f5f?s=96&d=mm&r=g","contentUrl":"https:\/\/secure.gravatar.com\/avatar\/d58457fea4961c0aad07feb161f078591399365d64069fd5aa53d8f4a4e11f5f?s=96&d=mm&r=g","caption":"dabrowa"},"sameAs":["http:\/\/dabrowa-gornicza.pl","https:\/\/www.facebook.com\/MiastoDabrowaGornicza"],"url":"https:\/\/metropoliagzm.pl\/de\/author\/dabrowa\/"}]}},"_links":{"self":[{"href":"https:\/\/metropoliagzm.pl\/de\/wp-json\/wp\/v2\/posts\/36928","targetHints":{"allow":["GET"]}}],"collection":[{"href":"https:\/\/metropoliagzm.pl\/de\/wp-json\/wp\/v2\/posts"}],"about":[{"href":"https:\/\/metropoliagzm.pl\/de\/wp-json\/wp\/v2\/types\/post"}],"author":[{"embeddable":true,"href":"https:\/\/metropoliagzm.pl\/de\/wp-json\/wp\/v2\/users\/97"}],"replies":[{"embeddable":true,"href":"https:\/\/metropoliagzm.pl\/de\/wp-json\/wp\/v2\/comments?post=36928"}],"version-history":[{"count":5,"href":"https:\/\/metropoliagzm.pl\/de\/wp-json\/wp\/v2\/posts\/36928\/revisions"}],"predecessor-version":[{"id":36966,"href":"https:\/\/metropoliagzm.pl\/de\/wp-json\/wp\/v2\/posts\/36928\/revisions\/36966"}],"wp:featuredmedia":[{"embeddable":true,"href":"https:\/\/metropoliagzm.pl\/de\/wp-json\/wp\/v2\/media\/36930"}],"wp:attachment":[{"href":"https:\/\/metropoliagzm.pl\/de\/wp-json\/wp\/v2\/media?parent=36928"}],"wp:term":[{"taxonomy":"category","embeddable":true,"href":"https:\/\/metropoliagzm.pl\/de\/wp-json\/wp\/v2\/categories?post=36928"},{"taxonomy":"post_tag","embeddable":true,"href":"https:\/\/metropoliagzm.pl\/de\/wp-json\/wp\/v2\/tags?post=36928"}],"curies":[{"name":"wp","href":"https:\/\/api.w.org\/{rel}","templated":true}]}}