{"id":37486,"date":"2021-10-22T14:46:29","date_gmt":"2021-10-22T12:46:29","guid":{"rendered":"https:\/\/metropoliagzm.pl\/?p=37486"},"modified":"2021-10-22T14:46:29","modified_gmt":"2021-10-22T12:46:29","slug":"walka-o-czyste-powietrze-w-katowicach","status":"publish","type":"post","link":"https:\/\/metropoliagzm.pl\/de\/2021\/10\/22\/walka-o-czyste-powietrze-w-katowicach\/","title":{"rendered":"Walka o czyste powietrze w Katowicach"},"content":{"rendered":"<div class=\"pdf-block\"><div class=\"pdfprnt-buttons  pdfprnt-new pdfprnt-buttons-post pdfprnt-top-right\"><div class=\"jssocials-share jssocials-share-twitter\"><a target=\"_blank\" href=\"https:\/\/twitter.com\/share?url=https:\/\/metropoliagzm.pl\/de\/wp-json\/wp\/v2\/posts\/37486;text=37486\" class=\"jssocials-share-link\"><i class=\"fa fa-twitter jssocials-share-logo\"><\/i><\/a><\/div><div class=\"jssocials-share jssocials-share-facebook\"><a target=\"_blank\" href=\"https:\/\/facebook.com\/sharer\/sharer.php?u=https:\/\/metropoliagzm.pl\/de\/wp-json\/wp\/v2\/posts\/37486\" class=\"jssocials-share-link\"><i class=\"fa fa-facebook jssocials-share-logo\"><\/i><\/a><\/div><div class=\"jssocials-share jssocials-share-pinterest\"><a target=\"_blank\" href=\"https:\/\/pinterest.com\/pin\/create\/bookmarklet\/?&amp;url=https:\/\/metropoliagzm.pl\/de\/wp-json\/wp\/v2\/posts\/37486;description=37486\" class=\"jssocials-share-link\"><i class=\"fa fa-pinterest jssocials-share-logo\"><\/i><\/a><\/div><a href=\"https:\/\/metropoliagzm.pl\/de\/wp-json\/wp\/v2\/posts\/37486?print=pdf\" class=\"pdfprnt-button pdfprnt-button-pdf\" target=\"_blank\"><img decoding=\"async\" src=\"https:\/\/metropoliagzm.pl\/wp-content\/plugins\/pdf-print\/images\/pdf.png\" alt=\"image_pdf\" title=\"View PDF\" \/><\/a><a href=\"https:\/\/metropoliagzm.pl\/de\/wp-json\/wp\/v2\/posts\/37486?print=print\" class=\"pdfprnt-button pdfprnt-button-print\" target=\"_blank\"><img decoding=\"async\" src=\"https:\/\/metropoliagzm.pl\/wp-content\/plugins\/pdf-print\/images\/print.png\" alt=\"image_print\" title=\"Print Content\" \/><\/a><\/div><\/div><div class=\"post-block-pdf\"><div class=\"pdfprnt-buttons pdfprnt-buttons-post pdfprnt-top-right\"><a href=\"https:\/\/metropoliagzm.pl\/de\/wp-json\/wp\/v2\/posts\/37486?print=pdf\" class=\"pdfprnt-button pdfprnt-button-pdf\" target=\"_blank\"><img decoding=\"async\" src=\"https:\/\/metropoliagzm.pl\/wp-content\/plugins\/pdf-print\/images\/pdf.png\" alt=\"image_pdf\" title=\"View PDF\" \/><\/a><a href=\"https:\/\/metropoliagzm.pl\/de\/wp-json\/wp\/v2\/posts\/37486?print=print\" class=\"pdfprnt-button pdfprnt-button-print\" target=\"_blank\"><img decoding=\"async\" src=\"https:\/\/metropoliagzm.pl\/wp-content\/plugins\/pdf-print\/images\/print.png\" alt=\"image_print\" title=\"Print Content\" \/><\/a><\/div><p><strong>W zwi\u0105zku z rozpocz\u0119tym sezonem grzewczym katowicka Stra\u017c Miejska rozpocz\u0119\u0142a kontrole kot\u0142\u00f3w, w tym r\u00f3wnie\u017c przy u\u017cyciu dron\u00f3w. Pierwszy patrol z u\u017cyciem drona odby\u0142 si\u0119 w tym tygodniu, kolejnych siedem zostanie zrealizowanych do ko\u0144ca roku. To nie jedyne dzia\u0142ania Stra\u017cy Miejskiej w walce o czyste powietrze.<\/strong><\/p>\n<p>\u2013\u00a0<em>Katowice w ostatnich latach zintensyfikowa\u0142y dzia\u0142ania na rzecz walki o czyste powietrze. W latach 2015-2020 dzi\u0119ki miejskiemu programowi dofinansowano wymian\u0119 4865 \u017ar\u00f3de\u0142 ciep\u0142a kosztem 42,1 mln z\u0142. Dotacje mog\u0105 otrzyma\u0107 osoby fizyczne, wsp\u00f3lnoty mieszkaniowe, osoby prawne i przedsi\u0119biorcy. Wsparcie miasta si\u0119ga do 10 tys. z\u0142 co nie powinno przekracza\u0107 80% warto\u015bci koszt\u00f3w, a w przypadku OZE do 6 tys. z\u0142 oraz do 50% koszt\u00f3w.<\/em>\u00a0<em>Ze smogiem walczymy na wielu frontach. Poza wymian\u0105 kot\u0142\u00f3w realizujemy projekty termomodernizacji, Stra\u017c Miejska wykonuje kontrole, inwestujemy tak\u017ce setki milion\u00f3w z\u0142otych w komunikacj\u0119 publiczn\u0105. Powietrze z roku na rok jest coraz lepsze, ale do idea\u0142u wci\u0105\u017c daleko\u00a0<\/em>\u2013 m\u00f3wi prezydent Marcin Krupa.<\/p>\n<p>Dlatego katowicka Stra\u017c Miejska b\u0119dzie sprawdza\u0107, czym mieszka\u0144cy pal\u0105 w piecach. Podczas jednego lotu (4 godziny) stra\u017cnicy s\u0105 w stanie sprawdzi\u0107 zawarto\u015b\u0107 dymu w kilkunastu, a czasami w kilkudziesi\u0119ciu budynkach. \u2013\u00a0<em>Priorytetowym sta\u0142ym zadaniem zespo\u0142u ds. Ochrony \u015arodowiska Stra\u017cy Miejskiej w Katowicach jest eliminowanie zagro\u017ce\u0144 dla \u015brodowiska naturalnego powodowanych spalaniem odpad\u00f3w i paliw zabronionych w paleniskach piec\u00f3w grzewczych. Zadania sta\u0142e z zakresu ochrony \u015brodowiska wykonuje w tym roku 32 stra\u017cnik\u00f3w upowa\u017cnionych do przeprowadzania kontroli i stosowania przepis\u00f3w o ochronie \u015brodowiska.<\/em>\u00a0<em>Docelowo, w przypadku wyst\u0105pienia stan\u00f3w alarmowych istnieje mo\u017cliwo\u015b\u0107 zintensyfikowania dzia\u0142a\u0144 kontrolnych poprzez oddelegowanie pozosta\u0142ych, posiadaj\u0105cych upowa\u017cnienia<\/em><em>\u00a0\u00a0<\/em><em>stra\u017cnik\u00f3w. Ich dzia\u0142aniach cz\u0119sto wspierane s\u0105 przez nowoczesne technologie<\/em>\u00a0\u2013 m\u00f3wi Dariusz Siersze\u0144, zast\u0119pca komendanta ds. komunalnych Stra\u017cy Miejskiej w Katowicach.<\/p>\n<p>Podczas pierwszego patrolu z wykorzystaniem drona, kt\u00f3ry odby\u0142 si\u0119 w tym tygodniu, skontrolowano kilkadziesi\u0105t budynk\u00f3w w Ligocie, Piotrowicach, Giszowcu, Szopienicach, Za\u0142\u0119\u017cu i Za\u0142\u0119skiej Ha\u0142dzie. W ramach kontroli nie stwierdzono nieprawid\u0142owo\u015bci. Do 31 grudnia 2021 r. zaplanowanych jest jeszcze siedem kontroli z wykorzystaniem drona. Specjalne czujniki pozwalaj\u0105 na analiz\u0119 zawarto\u015bci: etanolu amoniaku, chlorku wodoru, formaldehydu oraz PM10, PM2,5, PM1 z wykorzystaniem laserowego licznika rozsianych cz\u0105stek sta\u0142ych. W przypadku podejrzenia spalania odpad\u00f3w, np. plastikowych butelek czy lakierowanego drewna, dyspozytor b\u0119dzie podejmowa\u0142 decyzj\u0119 o wys\u0142aniu funkcjonariuszy pod wskazany adres w celu potwierdzenia podejrzenia i wystawienia mandatu.<\/p>\n<p>W latach 2011\u00a0\u2013\u00a02020 wykonano ponad 20\u00a0tys. kontroli. Od 1 stycznia do 21 wrze\u015bnia 2021 r. przeprowadzono \u0142\u0105cznie 141 kontroli palenisk piec\u00f3w grzewczych. Kontrole by\u0142y przeprowadzane na pisemne, mailowe oraz telefoniczne zg\u0142oszenia mieszka\u0144c\u00f3w. W wyniku tych kontroli mandatem karnym ukarano 10 os\u00f3b za spalanie odpad\u00f3w, g\u0142\u00f3wnie p\u0142yt wi\u00f3rowych i lakierowanego drewna. W jednym przypadku, stra\u017cnicy egzekwuj\u0105c przepisy prawa miejscowego w tym zapisy tzw. uchwa\u0142y antysmogowej dla wojew\u00f3dztwa \u015bl\u0105skiego, na\u0142o\u017cyli grzywn\u0119, powo\u0142uj\u0105c si\u0119 na ustaw\u0119 o ochronie \u015brodowiska.<\/p>\n<p><strong>Kontrole klient\u00f3w MOPS<\/strong><\/p>\n<p>Katowice jako jedno z pierwszych miast wprowadzi\u0142y zmiany w polityce wsparcia os\u00f3b gorzej sytuowanych w zwi\u0105zku ze wzrostem koszt\u00f3w ogrzewania.\u00a0 Podopieczni MOPS mog\u0105 otrzyma\u0107 nawet 900 z\u0142 na zakupu opa\u0142u i wy\u017csze dodatki mieszkaniowe. \u2013\u00a0<em>Wszyscy podopieczni MOPS-u korzystaj\u0105cy z zasi\u0142ku na zakup opa\u0142u s\u0105 szczeg\u00f3\u0142owo instruowani, kt\u00f3re rodzaje w\u0119gla czy drewna s\u0105 w\u0142a\u015bciwe. W sytuacji, gdy zachodzi du\u017ce podejrzenie, \u017ce mimo to wybrany zostanie niew\u0142a\u015bciwy typ opa\u0142u, pracownicy socjalni osobi\u015bcie towarzysz\u0105 w jego zakupach<\/em>\u00a0\u2013 m\u00f3wi Ma\u0142gorzata Mory\u0144-Trz\u0119simiech, naczelnik Wydzia\u0142u Polityki Spo\u0142ecznej Urz\u0119du Miasta Katowice.<\/p>\n<p>Dodatkowo Stra\u017c Miejska przeprowadza kontrole podopiecznych Miejskiego O\u015brodka Pomocy Spo\u0142ecznej w Katowicach pod k\u0105tem wykorzystywania przez nich zgodnie z przeznaczeniem przyznanego przez o\u015brodek materia\u0142u opa\u0142owego. Z zasi\u0142ku celowego na zakup opa\u0142u skorzysta\u0142o w ostatnich czterech latach 1 961 rodzin, wydatkowano na ten cel 4 094 096,30 z\u0142. \u00a0Z zasi\u0142ku na pokrycie koszt\u00f3w ogrzewania elektrycznego lub gazowego skorzysta\u0142y w 2020 roku 44 rodziny, a w 2021 r. \u2013 48 rodzin (do dnia 21.10.2021 r. wydatkowano kwot\u0119 39 988,48 z\u0142).<\/p>\n<p><strong>Czas na wymian\u0119 kot\u0142\u00f3w<\/strong><\/p>\n<p>W wi\u0119kszo\u015bci przypadk\u00f3w za silne zadymienie a co si\u0119 z tym wi\u0105\u017ce z\u0142\u0105 jako\u015b\u0107 powietrza, odpowiadaj\u0105 stare piece grzewcze tzw. \u201ekopciuchy&#8221;. Zgodnie z Uchwa\u0142\u0105 antysmogow\u0105 kot\u0142y bez tabliczki znamionowej i kot\u0142y eksploatowane w okresie powy\u017cej 10 lat od daty ich produkcji mog\u0105 by\u0107 u\u017cytkowane jedynie do ko\u0144ca 2021 r.<br \/>\nDocelowo dopuszczone b\u0119d\u0105 w wojew\u00f3dztwie \u015bl\u0105skim wy\u0142\u0105cznie kot\u0142y spe\u0142niaj\u0105ce standard\u00a0emisyjny\u00a0co najmniej\u00a0klasy 5.\u00a0normy PN-EN 303-5:2012.<\/p>\n<ul>\n<li>Od\u00a01 wrze\u015bnia\u00a02017\u00a0nie mo\u017cna w nowych budynkach montowa\u0107 ogrzewania niezgodnego z uchwa\u0142\u0105 (niespe\u0142niaj\u0105cych normy PN-EN 303-5:2012),<\/li>\n<li>Do\u00a01 stycznia 2022\u00a0mieszka\u0144cy wojew\u00f3dztwa \u015bl\u0105skiego b\u0119d\u0105 musieli pozby\u0107 si\u0119 kot\u0142\u00f3w eksploatowanych ponad 10 lat od daty produkcji lub nieposiadaj\u0105cych tabliczki znamionowej (niespe\u0142niaj\u0105cych norm emisji \u017cadnej z klas PN-EN 303-5:2012),<\/li>\n<li>Do\u00a01 stycznia 2024\u00a0wymiana kot\u0142\u00f3w eksploatowanych od 5 do 10 lat od daty produkcji (niespe\u0142niaj\u0105cych norm emisji \u017cadnej z klas PN-EN 303-5:2012),<\/li>\n<li>Do\u00a01 stycznia 2026\u00a0wymiana kot\u0142\u00f3w eksploatowanych do 5 lat od daty produkcji (niespe\u0142niaj\u0105cych norm emisji \u017cadnej z klas PN-EN 303-5:2012),<\/li>\n<li>Dopiero od\u00a01 stycznia 2028\u00a0nie b\u0119dzie mo\u017cna u\u017cytkowa\u0107 kot\u0142\u00f3w spe\u0142niaj\u0105cych wymogi emisyjne klas 3. i 4. normy PN-EN 303-5:2012.<\/li>\n<\/ul>\n<p><strong>B\u0119d\u0105 kontrole Stra\u017cy Miejskiej<\/strong><\/p>\n<p>Od 1 stycznia 2022 r. Stra\u017c Miejska b\u0119dzie sprawdza\u0107 czy domowe instalacje do ogrzewania s\u0105 zgodne z wymogami ustawy antysmogowej. Wysoko\u015b\u0107 mandatu karnego mo\u017ce wynie\u015b\u0107 od 20 do 500 z\u0142, a nawet do 1000 z\u0142 przy zbiegu wykrocze\u0144 np. spalanie odpad\u00f3w i eksploatacja niedopuszczonego do u\u017cytku urz\u0105dzenia grzewczego. W przypadku gdy sprawa trafi do s\u0105du, ten mo\u017ce wyznaczy\u0107 grzywn\u0119 nawet w wysoko\u015bci 5000 z\u0142.<\/p>\n<p>\u0179r\u00f3d\u0142o: UM Katowice<\/p>\n<div class=\"post-author\" style=\"font-size:13px\">Micha\u0142 Nowak<\/div><\/div>","protected":false},"excerpt":{"rendered":"<p>W zwi\u0105zku z rozpocz\u0119tym sezonem grzewczym katowicka Stra\u017c Miejska rozpocz\u0119\u0142a kontrole kot\u0142\u00f3w, w tym r\u00f3wnie\u017c przy u\u017cyciu dron\u00f3w. Pierwszy patrol z u\u017cyciem drona odby\u0142 si\u0119 w tym tygodniu, kolejnych siedem zostanie zrealizowanych do ko\u0144ca roku. To nie jedyne dzia\u0142ania Stra\u017cy Miejskiej w walce o czyste&#8230;<\/p>","protected":false},"author":134,"featured_media":37487,"comment_status":"closed","ping_status":"closed","sticky":false,"template":"","format":"standard","meta":{"_acf_changed":false,"footnotes":""},"categories":[207,242],"tags":[634,249,257,258],"class_list":["post-37486","post","type-post","status-publish","format-standard","has-post-thumbnail","hentry","category-katowice","category-mieszkancy","tag-drony","tag-katowice","tag-niska-emisja","tag-smog"],"acf":[],"yoast_head":"<!-- This site is optimized with the Yoast SEO plugin v27.4 - https:\/\/yoast.com\/product\/yoast-seo-wordpress\/ -->\n<title>Walka o czyste powietrze w Katowicach - Metropolia GZM<\/title>\n<meta name=\"description\" content=\"Oficjalny portal G\u00f3rno\u015bl\u0105sko-Zag\u0142\u0119biowskiej Metropolii\" \/>\n<meta name=\"robots\" content=\"index, follow, max-snippet:-1, max-image-preview:large, max-video-preview:-1\" \/>\n<link rel=\"canonical\" href=\"https:\/\/metropoliagzm.pl\/de\/2021\/10\/22\/walka-o-czyste-powietrze-w-katowicach\/\" \/>\n<meta name=\"twitter:card\" content=\"summary_large_image\" \/>\n<meta name=\"twitter:title\" content=\"Walka o czyste powietrze w Katowicach - Metropolia GZM\" \/>\n<meta name=\"twitter:description\" content=\"Oficjalny portal G\u00f3rno\u015bl\u0105sko-Zag\u0142\u0119biowskiej Metropolii\" \/>\n<meta name=\"twitter:image\" content=\"https:\/\/metropoliagzm.pl\/wp-content\/uploads\/2021\/10\/FCTdLipXICMW0Tn.jpg\" \/>\n<meta name=\"twitter:label1\" content=\"Geschrieben von\" \/>\n\t<meta name=\"twitter:data1\" content=\"Micha\u0142 Nowak\" \/>\n\t<meta name=\"twitter:label2\" content=\"Gesch\u00e4tzte Lesezeit\" \/>\n\t<meta name=\"twitter:data2\" content=\"4\u00a0Minuten\" \/>\n<script type=\"application\/ld+json\" class=\"yoast-schema-graph\">{\"@context\":\"https:\\\/\\\/schema.org\",\"@graph\":[{\"@type\":\"Article\",\"@id\":\"https:\\\/\\\/metropoliagzm.pl\\\/2021\\\/10\\\/22\\\/walka-o-czyste-powietrze-w-katowicach\\\/#article\",\"isPartOf\":{\"@id\":\"https:\\\/\\\/metropoliagzm.pl\\\/2021\\\/10\\\/22\\\/walka-o-czyste-powietrze-w-katowicach\\\/\"},\"author\":{\"name\":\"Micha\u0142 Nowak\",\"@id\":\"https:\\\/\\\/metropoliagzm.pl\\\/en\\\/#\\\/schema\\\/person\\\/9e7660ba27bc92881ef16c6fc34ae962\"},\"headline\":\"Walka o czyste powietrze w Katowicach\",\"datePublished\":\"2021-10-22T12:46:29+00:00\",\"mainEntityOfPage\":{\"@id\":\"https:\\\/\\\/metropoliagzm.pl\\\/2021\\\/10\\\/22\\\/walka-o-czyste-powietrze-w-katowicach\\\/\"},\"wordCount\":989,\"publisher\":{\"@id\":\"https:\\\/\\\/metropoliagzm.pl\\\/en\\\/#organization\"},\"image\":{\"@id\":\"https:\\\/\\\/metropoliagzm.pl\\\/2021\\\/10\\\/22\\\/walka-o-czyste-powietrze-w-katowicach\\\/#primaryimage\"},\"thumbnailUrl\":\"https:\\\/\\\/metropoliagzm.pl\\\/wp-content\\\/uploads\\\/2021\\\/10\\\/FCTdLipXICMW0Tn.jpg\",\"keywords\":[\"DRONY\",\"Katowice\",\"niska emisja\",\"smog\"],\"articleSection\":[\"Katowice\",\"Mieszka\u0144cy\"],\"inLanguage\":\"de\"},{\"@type\":\"WebPage\",\"@id\":\"https:\\\/\\\/metropoliagzm.pl\\\/2021\\\/10\\\/22\\\/walka-o-czyste-powietrze-w-katowicach\\\/\",\"url\":\"https:\\\/\\\/metropoliagzm.pl\\\/2021\\\/10\\\/22\\\/walka-o-czyste-powietrze-w-katowicach\\\/\",\"name\":\"Walka o czyste powietrze w Katowicach - Metropolia GZM\",\"isPartOf\":{\"@id\":\"https:\\\/\\\/metropoliagzm.pl\\\/en\\\/#website\"},\"primaryImageOfPage\":{\"@id\":\"https:\\\/\\\/metropoliagzm.pl\\\/2021\\\/10\\\/22\\\/walka-o-czyste-powietrze-w-katowicach\\\/#primaryimage\"},\"image\":{\"@id\":\"https:\\\/\\\/metropoliagzm.pl\\\/2021\\\/10\\\/22\\\/walka-o-czyste-powietrze-w-katowicach\\\/#primaryimage\"},\"thumbnailUrl\":\"https:\\\/\\\/metropoliagzm.pl\\\/wp-content\\\/uploads\\\/2021\\\/10\\\/FCTdLipXICMW0Tn.jpg\",\"datePublished\":\"2021-10-22T12:46:29+00:00\",\"description\":\"Oficjalny portal G\u00f3rno\u015bl\u0105sko-Zag\u0142\u0119biowskiej Metropolii\",\"breadcrumb\":{\"@id\":\"https:\\\/\\\/metropoliagzm.pl\\\/2021\\\/10\\\/22\\\/walka-o-czyste-powietrze-w-katowicach\\\/#breadcrumb\"},\"inLanguage\":\"de\",\"potentialAction\":[{\"@type\":\"ReadAction\",\"target\":[\"https:\\\/\\\/metropoliagzm.pl\\\/2021\\\/10\\\/22\\\/walka-o-czyste-powietrze-w-katowicach\\\/\"]}]},{\"@type\":\"ImageObject\",\"inLanguage\":\"de\",\"@id\":\"https:\\\/\\\/metropoliagzm.pl\\\/2021\\\/10\\\/22\\\/walka-o-czyste-powietrze-w-katowicach\\\/#primaryimage\",\"url\":\"https:\\\/\\\/metropoliagzm.pl\\\/wp-content\\\/uploads\\\/2021\\\/10\\\/FCTdLipXICMW0Tn.jpg\",\"contentUrl\":\"https:\\\/\\\/metropoliagzm.pl\\\/wp-content\\\/uploads\\\/2021\\\/10\\\/FCTdLipXICMW0Tn.jpg\",\"width\":1600,\"height\":1067,\"caption\":\"Fot. UM Katowice\"},{\"@type\":\"BreadcrumbList\",\"@id\":\"https:\\\/\\\/metropoliagzm.pl\\\/2021\\\/10\\\/22\\\/walka-o-czyste-powietrze-w-katowicach\\\/#breadcrumb\",\"itemListElement\":[{\"@type\":\"ListItem\",\"position\":1,\"name\":\"Strona g\u0142\u00f3wna\",\"item\":\"https:\\\/\\\/metropoliagzm.pl\\\/\"},{\"@type\":\"ListItem\",\"position\":2,\"name\":\"Walka o czyste powietrze w Katowicach\"}]},{\"@type\":\"WebSite\",\"@id\":\"https:\\\/\\\/metropoliagzm.pl\\\/en\\\/#website\",\"url\":\"https:\\\/\\\/metropoliagzm.pl\\\/en\\\/\",\"name\":\"Metropolia GZM\",\"description\":\"Oficjalny portal G\u00f3rno\u015bl\u0105sko-Zag\u0142\u0119biowskiej Metropolii\",\"publisher\":{\"@id\":\"https:\\\/\\\/metropoliagzm.pl\\\/en\\\/#organization\"},\"potentialAction\":[{\"@type\":\"SearchAction\",\"target\":{\"@type\":\"EntryPoint\",\"urlTemplate\":\"https:\\\/\\\/metropoliagzm.pl\\\/en\\\/?s={search_term_string}\"},\"query-input\":{\"@type\":\"PropertyValueSpecification\",\"valueRequired\":true,\"valueName\":\"search_term_string\"}}],\"inLanguage\":\"de\"},{\"@type\":\"Organization\",\"@id\":\"https:\\\/\\\/metropoliagzm.pl\\\/en\\\/#organization\",\"name\":\"Metropolia GZM\",\"url\":\"https:\\\/\\\/metropoliagzm.pl\\\/en\\\/\",\"logo\":{\"@type\":\"ImageObject\",\"inLanguage\":\"de\",\"@id\":\"https:\\\/\\\/metropoliagzm.pl\\\/en\\\/#\\\/schema\\\/logo\\\/image\\\/\",\"url\":\"https:\\\/\\\/metropoliagzm.pl\\\/wp-content\\\/uploads\\\/2019\\\/03\\\/Sygnet-strona-glowna.png\",\"contentUrl\":\"https:\\\/\\\/metropoliagzm.pl\\\/wp-content\\\/uploads\\\/2019\\\/03\\\/Sygnet-strona-glowna.png\",\"width\":36,\"height\":45,\"caption\":\"Metropolia GZM\"},\"image\":{\"@id\":\"https:\\\/\\\/metropoliagzm.pl\\\/en\\\/#\\\/schema\\\/logo\\\/image\\\/\"}},{\"@type\":\"Person\",\"@id\":\"https:\\\/\\\/metropoliagzm.pl\\\/en\\\/#\\\/schema\\\/person\\\/9e7660ba27bc92881ef16c6fc34ae962\",\"name\":\"Micha\u0142 Nowak\",\"image\":{\"@type\":\"ImageObject\",\"inLanguage\":\"de\",\"@id\":\"https:\\\/\\\/secure.gravatar.com\\\/avatar\\\/2d51f070ccac4989b201dc1a42c3a6d46ff007fc5e569ff280535ab8e8122a59?s=96&d=mm&r=g\",\"url\":\"https:\\\/\\\/secure.gravatar.com\\\/avatar\\\/2d51f070ccac4989b201dc1a42c3a6d46ff007fc5e569ff280535ab8e8122a59?s=96&d=mm&r=g\",\"contentUrl\":\"https:\\\/\\\/secure.gravatar.com\\\/avatar\\\/2d51f070ccac4989b201dc1a42c3a6d46ff007fc5e569ff280535ab8e8122a59?s=96&d=mm&r=g\",\"caption\":\"Micha\u0142 Nowak\"},\"url\":\"https:\\\/\\\/metropoliagzm.pl\\\/de\\\/author\\\/michal-nowak\\\/\"}]}<\/script>\n<!-- \/ Yoast SEO plugin. -->","yoast_head_json":{"title":"Walka o czyste powietrze w Katowicach - Metropolia GZM","description":"Oficjalny portal G\u00f3rno\u015bl\u0105sko-Zag\u0142\u0119biowskiej Metropolii","robots":{"index":"index","follow":"follow","max-snippet":"max-snippet:-1","max-image-preview":"max-image-preview:large","max-video-preview":"max-video-preview:-1"},"canonical":"https:\/\/metropoliagzm.pl\/de\/2021\/10\/22\/walka-o-czyste-powietrze-w-katowicach\/","twitter_card":"summary_large_image","twitter_title":"Walka o czyste powietrze w Katowicach - Metropolia GZM","twitter_description":"Oficjalny portal G\u00f3rno\u015bl\u0105sko-Zag\u0142\u0119biowskiej Metropolii","twitter_image":"https:\/\/metropoliagzm.pl\/wp-content\/uploads\/2021\/10\/FCTdLipXICMW0Tn.jpg","twitter_misc":{"Geschrieben von":"Micha\u0142 Nowak","Gesch\u00e4tzte Lesezeit":"4\u00a0Minuten"},"schema":{"@context":"https:\/\/schema.org","@graph":[{"@type":"Article","@id":"https:\/\/metropoliagzm.pl\/2021\/10\/22\/walka-o-czyste-powietrze-w-katowicach\/#article","isPartOf":{"@id":"https:\/\/metropoliagzm.pl\/2021\/10\/22\/walka-o-czyste-powietrze-w-katowicach\/"},"author":{"name":"Micha\u0142 Nowak","@id":"https:\/\/metropoliagzm.pl\/en\/#\/schema\/person\/9e7660ba27bc92881ef16c6fc34ae962"},"headline":"Walka o czyste powietrze w Katowicach","datePublished":"2021-10-22T12:46:29+00:00","mainEntityOfPage":{"@id":"https:\/\/metropoliagzm.pl\/2021\/10\/22\/walka-o-czyste-powietrze-w-katowicach\/"},"wordCount":989,"publisher":{"@id":"https:\/\/metropoliagzm.pl\/en\/#organization"},"image":{"@id":"https:\/\/metropoliagzm.pl\/2021\/10\/22\/walka-o-czyste-powietrze-w-katowicach\/#primaryimage"},"thumbnailUrl":"https:\/\/metropoliagzm.pl\/wp-content\/uploads\/2021\/10\/FCTdLipXICMW0Tn.jpg","keywords":["DRONY","Katowice","niska emisja","smog"],"articleSection":["Katowice","Mieszka\u0144cy"],"inLanguage":"de"},{"@type":"WebPage","@id":"https:\/\/metropoliagzm.pl\/2021\/10\/22\/walka-o-czyste-powietrze-w-katowicach\/","url":"https:\/\/metropoliagzm.pl\/2021\/10\/22\/walka-o-czyste-powietrze-w-katowicach\/","name":"Walka o czyste powietrze w Katowicach - Metropolia GZM","isPartOf":{"@id":"https:\/\/metropoliagzm.pl\/en\/#website"},"primaryImageOfPage":{"@id":"https:\/\/metropoliagzm.pl\/2021\/10\/22\/walka-o-czyste-powietrze-w-katowicach\/#primaryimage"},"image":{"@id":"https:\/\/metropoliagzm.pl\/2021\/10\/22\/walka-o-czyste-powietrze-w-katowicach\/#primaryimage"},"thumbnailUrl":"https:\/\/metropoliagzm.pl\/wp-content\/uploads\/2021\/10\/FCTdLipXICMW0Tn.jpg","datePublished":"2021-10-22T12:46:29+00:00","description":"Oficjalny portal G\u00f3rno\u015bl\u0105sko-Zag\u0142\u0119biowskiej Metropolii","breadcrumb":{"@id":"https:\/\/metropoliagzm.pl\/2021\/10\/22\/walka-o-czyste-powietrze-w-katowicach\/#breadcrumb"},"inLanguage":"de","potentialAction":[{"@type":"ReadAction","target":["https:\/\/metropoliagzm.pl\/2021\/10\/22\/walka-o-czyste-powietrze-w-katowicach\/"]}]},{"@type":"ImageObject","inLanguage":"de","@id":"https:\/\/metropoliagzm.pl\/2021\/10\/22\/walka-o-czyste-powietrze-w-katowicach\/#primaryimage","url":"https:\/\/metropoliagzm.pl\/wp-content\/uploads\/2021\/10\/FCTdLipXICMW0Tn.jpg","contentUrl":"https:\/\/metropoliagzm.pl\/wp-content\/uploads\/2021\/10\/FCTdLipXICMW0Tn.jpg","width":1600,"height":1067,"caption":"Fot. UM Katowice"},{"@type":"BreadcrumbList","@id":"https:\/\/metropoliagzm.pl\/2021\/10\/22\/walka-o-czyste-powietrze-w-katowicach\/#breadcrumb","itemListElement":[{"@type":"ListItem","position":1,"name":"Strona g\u0142\u00f3wna","item":"https:\/\/metropoliagzm.pl\/"},{"@type":"ListItem","position":2,"name":"Walka o czyste powietrze w Katowicach"}]},{"@type":"WebSite","@id":"https:\/\/metropoliagzm.pl\/en\/#website","url":"https:\/\/metropoliagzm.pl\/en\/","name":"Metropolia GZM","description":"Oficjalny portal G\u00f3rno\u015bl\u0105sko-Zag\u0142\u0119biowskiej Metropolii","publisher":{"@id":"https:\/\/metropoliagzm.pl\/en\/#organization"},"potentialAction":[{"@type":"SearchAction","target":{"@type":"EntryPoint","urlTemplate":"https:\/\/metropoliagzm.pl\/en\/?s={search_term_string}"},"query-input":{"@type":"PropertyValueSpecification","valueRequired":true,"valueName":"search_term_string"}}],"inLanguage":"de"},{"@type":"Organization","@id":"https:\/\/metropoliagzm.pl\/en\/#organization","name":"Metropolia GZM","url":"https:\/\/metropoliagzm.pl\/en\/","logo":{"@type":"ImageObject","inLanguage":"de","@id":"https:\/\/metropoliagzm.pl\/en\/#\/schema\/logo\/image\/","url":"https:\/\/metropoliagzm.pl\/wp-content\/uploads\/2019\/03\/Sygnet-strona-glowna.png","contentUrl":"https:\/\/metropoliagzm.pl\/wp-content\/uploads\/2019\/03\/Sygnet-strona-glowna.png","width":36,"height":45,"caption":"Metropolia GZM"},"image":{"@id":"https:\/\/metropoliagzm.pl\/en\/#\/schema\/logo\/image\/"}},{"@type":"Person","@id":"https:\/\/metropoliagzm.pl\/en\/#\/schema\/person\/9e7660ba27bc92881ef16c6fc34ae962","name":"Micha\u0142 Nowak","image":{"@type":"ImageObject","inLanguage":"de","@id":"https:\/\/secure.gravatar.com\/avatar\/2d51f070ccac4989b201dc1a42c3a6d46ff007fc5e569ff280535ab8e8122a59?s=96&d=mm&r=g","url":"https:\/\/secure.gravatar.com\/avatar\/2d51f070ccac4989b201dc1a42c3a6d46ff007fc5e569ff280535ab8e8122a59?s=96&d=mm&r=g","contentUrl":"https:\/\/secure.gravatar.com\/avatar\/2d51f070ccac4989b201dc1a42c3a6d46ff007fc5e569ff280535ab8e8122a59?s=96&d=mm&r=g","caption":"Micha\u0142 Nowak"},"url":"https:\/\/metropoliagzm.pl\/de\/author\/michal-nowak\/"}]}},"_links":{"self":[{"href":"https:\/\/metropoliagzm.pl\/de\/wp-json\/wp\/v2\/posts\/37486","targetHints":{"allow":["GET"]}}],"collection":[{"href":"https:\/\/metropoliagzm.pl\/de\/wp-json\/wp\/v2\/posts"}],"about":[{"href":"https:\/\/metropoliagzm.pl\/de\/wp-json\/wp\/v2\/types\/post"}],"author":[{"embeddable":true,"href":"https:\/\/metropoliagzm.pl\/de\/wp-json\/wp\/v2\/users\/134"}],"replies":[{"embeddable":true,"href":"https:\/\/metropoliagzm.pl\/de\/wp-json\/wp\/v2\/comments?post=37486"}],"version-history":[{"count":1,"href":"https:\/\/metropoliagzm.pl\/de\/wp-json\/wp\/v2\/posts\/37486\/revisions"}],"predecessor-version":[{"id":37488,"href":"https:\/\/metropoliagzm.pl\/de\/wp-json\/wp\/v2\/posts\/37486\/revisions\/37488"}],"wp:featuredmedia":[{"embeddable":true,"href":"https:\/\/metropoliagzm.pl\/de\/wp-json\/wp\/v2\/media\/37487"}],"wp:attachment":[{"href":"https:\/\/metropoliagzm.pl\/de\/wp-json\/wp\/v2\/media?parent=37486"}],"wp:term":[{"taxonomy":"category","embeddable":true,"href":"https:\/\/metropoliagzm.pl\/de\/wp-json\/wp\/v2\/categories?post=37486"},{"taxonomy":"post_tag","embeddable":true,"href":"https:\/\/metropoliagzm.pl\/de\/wp-json\/wp\/v2\/tags?post=37486"}],"curies":[{"name":"wp","href":"https:\/\/api.w.org\/{rel}","templated":true}]}}