{"id":39713,"date":"2022-03-30T10:08:22","date_gmt":"2022-03-30T08:08:22","guid":{"rendered":"https:\/\/metropoliagzm.pl\/?p=39713"},"modified":"2022-03-30T10:08:22","modified_gmt":"2022-03-30T08:08:22","slug":"pomoc-ze-slaska-dla-miasta-partnerskiego-bytomia","status":"publish","type":"post","link":"https:\/\/metropoliagzm.pl\/de\/2022\/03\/30\/pomoc-ze-slaska-dla-miasta-partnerskiego-bytomia\/","title":{"rendered":"Pomoc ze \u015al\u0105ska dla miasta partnerskiego Bytomia"},"content":{"rendered":"<div class=\"pdf-block\"><div class=\"pdfprnt-buttons  pdfprnt-new pdfprnt-buttons-post pdfprnt-top-right\"><div class=\"jssocials-share jssocials-share-twitter\"><a target=\"_blank\" href=\"https:\/\/twitter.com\/share?url=https:\/\/metropoliagzm.pl\/de\/wp-json\/wp\/v2\/posts\/39713;text=39713\" class=\"jssocials-share-link\"><i class=\"fa fa-twitter jssocials-share-logo\"><\/i><\/a><\/div><div class=\"jssocials-share jssocials-share-facebook\"><a target=\"_blank\" href=\"https:\/\/facebook.com\/sharer\/sharer.php?u=https:\/\/metropoliagzm.pl\/de\/wp-json\/wp\/v2\/posts\/39713\" class=\"jssocials-share-link\"><i class=\"fa fa-facebook jssocials-share-logo\"><\/i><\/a><\/div><div class=\"jssocials-share jssocials-share-pinterest\"><a target=\"_blank\" href=\"https:\/\/pinterest.com\/pin\/create\/bookmarklet\/?&amp;url=https:\/\/metropoliagzm.pl\/de\/wp-json\/wp\/v2\/posts\/39713;description=39713\" class=\"jssocials-share-link\"><i class=\"fa fa-pinterest jssocials-share-logo\"><\/i><\/a><\/div><a href=\"https:\/\/metropoliagzm.pl\/de\/wp-json\/wp\/v2\/posts\/39713?print=pdf\" class=\"pdfprnt-button pdfprnt-button-pdf\" target=\"_blank\"><img decoding=\"async\" src=\"https:\/\/metropoliagzm.pl\/wp-content\/plugins\/pdf-print\/images\/pdf.png\" alt=\"image_pdf\" title=\"View PDF\" \/><\/a><a href=\"https:\/\/metropoliagzm.pl\/de\/wp-json\/wp\/v2\/posts\/39713?print=print\" class=\"pdfprnt-button pdfprnt-button-print\" target=\"_blank\"><img decoding=\"async\" src=\"https:\/\/metropoliagzm.pl\/wp-content\/plugins\/pdf-print\/images\/print.png\" alt=\"image_print\" title=\"Print Content\" \/><\/a><\/div><\/div><div class=\"post-block-pdf\"><div class=\"pdfprnt-buttons pdfprnt-buttons-post pdfprnt-top-right\"><a href=\"https:\/\/metropoliagzm.pl\/de\/wp-json\/wp\/v2\/posts\/39713?print=pdf\" class=\"pdfprnt-button pdfprnt-button-pdf\" target=\"_blank\"><img decoding=\"async\" src=\"https:\/\/metropoliagzm.pl\/wp-content\/plugins\/pdf-print\/images\/pdf.png\" alt=\"image_pdf\" title=\"View PDF\" \/><\/a><a href=\"https:\/\/metropoliagzm.pl\/de\/wp-json\/wp\/v2\/posts\/39713?print=print\" class=\"pdfprnt-button pdfprnt-button-print\" target=\"_blank\"><img decoding=\"async\" src=\"https:\/\/metropoliagzm.pl\/wp-content\/plugins\/pdf-print\/images\/print.png\" alt=\"image_print\" title=\"Print Content\" \/><\/a><\/div><p class=\"info1\"><strong>Od pocz\u0105tku wojny w Ukrainie Bytom wspiera Drohobycz, gdzie mi\u0119dzy innymi dostarczono ambulans ze sprz\u0119tem medycznym. Inne miasta G\u00f3rnego \u015al\u0105ska r\u00f3wnie\u017c pomagaj\u0105 ukrai\u0144skiej miejscowo\u015bci.<\/strong><\/p>\n<p>O\u015brodek Caritas \u201eNazaret\u201d pod Drohobyczem, znajduje si\u0119 na terenie dawnej sowieckiej bazy broni atomowej. W ostatnich latach to o\u015brodek terapii uzale\u017cnie\u0144, a od niedawna tak\u017ce miejsce schronienia uchod\u017ac\u00f3w ze wschodniej Ukrainy. Trwaj\u0105 w nim przygotowania do przekszta\u0142cenia w szpital i przyj\u0119cia pacjent\u00f3w ze szpitali z teren\u00f3w obj\u0119tych dzia\u0142aniami wojennymi. To tak\u017ce miejsce, do kt\u00f3rego docieraj\u0105 transporty z pomoc\u0105 z Polski i jest ona wykorzystywana zar\u00f3wno na miejscu, jak i wysy\u0142ana na wsch\u00f3d Ukrainy.<\/p>\n<p>W niedziel\u0119, 27 marca do o\u015brodka dotar\u0142o pi\u0119\u0107 aut z G\u00f3rnego \u015al\u0105ska. Pose\u0142 Tomasz G\u0142ogowski przywi\u00f3z\u0142 dary zebrane w Tarnowskich G\u00f3rach, zar\u00f3wno przez samorz\u0105d, jak i w zbi\u00f3rce prowadzonej przez wolontariuszy. Cztery auta przyjecha\u0142y z Jastrz\u0119bia-Zdroju &#8211; ekipa wolontariuszy pod kierownictwem Benjamina Reicherda kursuje do Drohobycza co kilka dni.<\/p>\n<p>\u0179r\u00f3d\u0142o: UM Bytom<\/p>\n<div class=\"post-author\" style=\"font-size:13px\">Micha\u0142 Nowak<\/div><\/div>","protected":false},"excerpt":{"rendered":"<p>Od pocz\u0105tku wojny w Ukrainie Bytom wspiera Drohobycz, gdzie mi\u0119dzy innymi dostarczono ambulans ze sprz\u0119tem medycznym. Inne miasta G\u00f3rnego \u015al\u0105ska r\u00f3wnie\u017c pomagaj\u0105 ukrai\u0144skiej miejscowo\u015bci. O\u015brodek Caritas \u201eNazaret\u201d pod Drohobyczem, znajduje si\u0119 na terenie dawnej sowieckiej bazy broni atomowej. W ostatnich latach to o\u015brodek terapii uzale\u017cnie\u0144,&#8230;<\/p>","protected":false},"author":134,"featured_media":39714,"comment_status":"closed","ping_status":"closed","sticky":false,"template":"","format":"standard","meta":{"_acf_changed":false,"footnotes":""},"categories":[199,242],"tags":[452,2877,1385],"class_list":["post-39713","post","type-post","status-publish","format-standard","has-post-thumbnail","hentry","category-bytom","category-mieszkancy","tag-bytom","tag-pomoc-humanitarna","tag-ukraina"],"acf":[],"yoast_head":"<!-- This site is optimized with the Yoast SEO plugin v27.4 - https:\/\/yoast.com\/product\/yoast-seo-wordpress\/ -->\n<title>Pomoc ze \u015al\u0105ska dla miasta partnerskiego Bytomia - Metropolia GZM<\/title>\n<meta name=\"description\" content=\"Oficjalny portal G\u00f3rno\u015bl\u0105sko-Zag\u0142\u0119biowskiej Metropolii\" \/>\n<meta name=\"robots\" content=\"index, follow, max-snippet:-1, max-image-preview:large, max-video-preview:-1\" \/>\n<link rel=\"canonical\" href=\"https:\/\/metropoliagzm.pl\/de\/2022\/03\/30\/pomoc-ze-slaska-dla-miasta-partnerskiego-bytomia\/\" \/>\n<meta name=\"twitter:card\" content=\"summary_large_image\" \/>\n<meta name=\"twitter:title\" content=\"Pomoc ze \u015al\u0105ska dla miasta partnerskiego Bytomia - Metropolia GZM\" \/>\n<meta name=\"twitter:description\" content=\"Oficjalny portal G\u00f3rno\u015bl\u0105sko-Zag\u0142\u0119biowskiej Metropolii\" \/>\n<meta name=\"twitter:image\" content=\"https:\/\/metropoliagzm.pl\/wp-content\/uploads\/2022\/03\/image11.jpg\" \/>\n<meta name=\"twitter:label1\" content=\"Geschrieben von\" \/>\n\t<meta name=\"twitter:data1\" content=\"Micha\u0142 Nowak\" \/>\n\t<meta name=\"twitter:label2\" content=\"Gesch\u00e4tzte Lesezeit\" \/>\n\t<meta name=\"twitter:data2\" content=\"1\u00a0Minute\" \/>\n<script type=\"application\/ld+json\" class=\"yoast-schema-graph\">{\"@context\":\"https:\\\/\\\/schema.org\",\"@graph\":[{\"@type\":\"Article\",\"@id\":\"https:\\\/\\\/metropoliagzm.pl\\\/2022\\\/03\\\/30\\\/pomoc-ze-slaska-dla-miasta-partnerskiego-bytomia\\\/#article\",\"isPartOf\":{\"@id\":\"https:\\\/\\\/metropoliagzm.pl\\\/2022\\\/03\\\/30\\\/pomoc-ze-slaska-dla-miasta-partnerskiego-bytomia\\\/\"},\"author\":{\"name\":\"Micha\u0142 Nowak\",\"@id\":\"https:\\\/\\\/metropoliagzm.pl\\\/en\\\/#\\\/schema\\\/person\\\/9e7660ba27bc92881ef16c6fc34ae962\"},\"headline\":\"Pomoc ze \u015al\u0105ska dla miasta partnerskiego Bytomia\",\"datePublished\":\"2022-03-30T08:08:22+00:00\",\"mainEntityOfPage\":{\"@id\":\"https:\\\/\\\/metropoliagzm.pl\\\/2022\\\/03\\\/30\\\/pomoc-ze-slaska-dla-miasta-partnerskiego-bytomia\\\/\"},\"wordCount\":195,\"publisher\":{\"@id\":\"https:\\\/\\\/metropoliagzm.pl\\\/en\\\/#organization\"},\"image\":{\"@id\":\"https:\\\/\\\/metropoliagzm.pl\\\/2022\\\/03\\\/30\\\/pomoc-ze-slaska-dla-miasta-partnerskiego-bytomia\\\/#primaryimage\"},\"thumbnailUrl\":\"https:\\\/\\\/metropoliagzm.pl\\\/wp-content\\\/uploads\\\/2022\\\/03\\\/image11.jpg\",\"keywords\":[\"bytom\",\"pomoc humanitarna\",\"Ukraina\"],\"articleSection\":[\"Bytom\",\"Mieszka\u0144cy\"],\"inLanguage\":\"de\"},{\"@type\":\"WebPage\",\"@id\":\"https:\\\/\\\/metropoliagzm.pl\\\/2022\\\/03\\\/30\\\/pomoc-ze-slaska-dla-miasta-partnerskiego-bytomia\\\/\",\"url\":\"https:\\\/\\\/metropoliagzm.pl\\\/2022\\\/03\\\/30\\\/pomoc-ze-slaska-dla-miasta-partnerskiego-bytomia\\\/\",\"name\":\"Pomoc ze \u015al\u0105ska dla miasta partnerskiego Bytomia - Metropolia GZM\",\"isPartOf\":{\"@id\":\"https:\\\/\\\/metropoliagzm.pl\\\/en\\\/#website\"},\"primaryImageOfPage\":{\"@id\":\"https:\\\/\\\/metropoliagzm.pl\\\/2022\\\/03\\\/30\\\/pomoc-ze-slaska-dla-miasta-partnerskiego-bytomia\\\/#primaryimage\"},\"image\":{\"@id\":\"https:\\\/\\\/metropoliagzm.pl\\\/2022\\\/03\\\/30\\\/pomoc-ze-slaska-dla-miasta-partnerskiego-bytomia\\\/#primaryimage\"},\"thumbnailUrl\":\"https:\\\/\\\/metropoliagzm.pl\\\/wp-content\\\/uploads\\\/2022\\\/03\\\/image11.jpg\",\"datePublished\":\"2022-03-30T08:08:22+00:00\",\"description\":\"Oficjalny portal G\u00f3rno\u015bl\u0105sko-Zag\u0142\u0119biowskiej Metropolii\",\"breadcrumb\":{\"@id\":\"https:\\\/\\\/metropoliagzm.pl\\\/2022\\\/03\\\/30\\\/pomoc-ze-slaska-dla-miasta-partnerskiego-bytomia\\\/#breadcrumb\"},\"inLanguage\":\"de\",\"potentialAction\":[{\"@type\":\"ReadAction\",\"target\":[\"https:\\\/\\\/metropoliagzm.pl\\\/2022\\\/03\\\/30\\\/pomoc-ze-slaska-dla-miasta-partnerskiego-bytomia\\\/\"]}]},{\"@type\":\"ImageObject\",\"inLanguage\":\"de\",\"@id\":\"https:\\\/\\\/metropoliagzm.pl\\\/2022\\\/03\\\/30\\\/pomoc-ze-slaska-dla-miasta-partnerskiego-bytomia\\\/#primaryimage\",\"url\":\"https:\\\/\\\/metropoliagzm.pl\\\/wp-content\\\/uploads\\\/2022\\\/03\\\/image11.jpg\",\"contentUrl\":\"https:\\\/\\\/metropoliagzm.pl\\\/wp-content\\\/uploads\\\/2022\\\/03\\\/image11.jpg\",\"width\":1600,\"height\":1200,\"caption\":\"Fot. UM Bytom\"},{\"@type\":\"BreadcrumbList\",\"@id\":\"https:\\\/\\\/metropoliagzm.pl\\\/2022\\\/03\\\/30\\\/pomoc-ze-slaska-dla-miasta-partnerskiego-bytomia\\\/#breadcrumb\",\"itemListElement\":[{\"@type\":\"ListItem\",\"position\":1,\"name\":\"Strona g\u0142\u00f3wna\",\"item\":\"https:\\\/\\\/metropoliagzm.pl\\\/\"},{\"@type\":\"ListItem\",\"position\":2,\"name\":\"Pomoc ze \u015al\u0105ska dla miasta partnerskiego Bytomia\"}]},{\"@type\":\"WebSite\",\"@id\":\"https:\\\/\\\/metropoliagzm.pl\\\/en\\\/#website\",\"url\":\"https:\\\/\\\/metropoliagzm.pl\\\/en\\\/\",\"name\":\"Metropolia GZM\",\"description\":\"Oficjalny portal G\u00f3rno\u015bl\u0105sko-Zag\u0142\u0119biowskiej Metropolii\",\"publisher\":{\"@id\":\"https:\\\/\\\/metropoliagzm.pl\\\/en\\\/#organization\"},\"potentialAction\":[{\"@type\":\"SearchAction\",\"target\":{\"@type\":\"EntryPoint\",\"urlTemplate\":\"https:\\\/\\\/metropoliagzm.pl\\\/en\\\/?s={search_term_string}\"},\"query-input\":{\"@type\":\"PropertyValueSpecification\",\"valueRequired\":true,\"valueName\":\"search_term_string\"}}],\"inLanguage\":\"de\"},{\"@type\":\"Organization\",\"@id\":\"https:\\\/\\\/metropoliagzm.pl\\\/en\\\/#organization\",\"name\":\"Metropolia GZM\",\"url\":\"https:\\\/\\\/metropoliagzm.pl\\\/en\\\/\",\"logo\":{\"@type\":\"ImageObject\",\"inLanguage\":\"de\",\"@id\":\"https:\\\/\\\/metropoliagzm.pl\\\/en\\\/#\\\/schema\\\/logo\\\/image\\\/\",\"url\":\"https:\\\/\\\/metropoliagzm.pl\\\/wp-content\\\/uploads\\\/2019\\\/03\\\/Sygnet-strona-glowna.png\",\"contentUrl\":\"https:\\\/\\\/metropoliagzm.pl\\\/wp-content\\\/uploads\\\/2019\\\/03\\\/Sygnet-strona-glowna.png\",\"width\":36,\"height\":45,\"caption\":\"Metropolia GZM\"},\"image\":{\"@id\":\"https:\\\/\\\/metropoliagzm.pl\\\/en\\\/#\\\/schema\\\/logo\\\/image\\\/\"}},{\"@type\":\"Person\",\"@id\":\"https:\\\/\\\/metropoliagzm.pl\\\/en\\\/#\\\/schema\\\/person\\\/9e7660ba27bc92881ef16c6fc34ae962\",\"name\":\"Micha\u0142 Nowak\",\"image\":{\"@type\":\"ImageObject\",\"inLanguage\":\"de\",\"@id\":\"https:\\\/\\\/secure.gravatar.com\\\/avatar\\\/2d51f070ccac4989b201dc1a42c3a6d46ff007fc5e569ff280535ab8e8122a59?s=96&d=mm&r=g\",\"url\":\"https:\\\/\\\/secure.gravatar.com\\\/avatar\\\/2d51f070ccac4989b201dc1a42c3a6d46ff007fc5e569ff280535ab8e8122a59?s=96&d=mm&r=g\",\"contentUrl\":\"https:\\\/\\\/secure.gravatar.com\\\/avatar\\\/2d51f070ccac4989b201dc1a42c3a6d46ff007fc5e569ff280535ab8e8122a59?s=96&d=mm&r=g\",\"caption\":\"Micha\u0142 Nowak\"},\"url\":\"https:\\\/\\\/metropoliagzm.pl\\\/de\\\/author\\\/michal-nowak\\\/\"}]}<\/script>\n<!-- \/ Yoast SEO plugin. -->","yoast_head_json":{"title":"Pomoc ze \u015al\u0105ska dla miasta partnerskiego Bytomia - Metropolia GZM","description":"Oficjalny portal G\u00f3rno\u015bl\u0105sko-Zag\u0142\u0119biowskiej Metropolii","robots":{"index":"index","follow":"follow","max-snippet":"max-snippet:-1","max-image-preview":"max-image-preview:large","max-video-preview":"max-video-preview:-1"},"canonical":"https:\/\/metropoliagzm.pl\/de\/2022\/03\/30\/pomoc-ze-slaska-dla-miasta-partnerskiego-bytomia\/","twitter_card":"summary_large_image","twitter_title":"Pomoc ze \u015al\u0105ska dla miasta partnerskiego Bytomia - Metropolia GZM","twitter_description":"Oficjalny portal G\u00f3rno\u015bl\u0105sko-Zag\u0142\u0119biowskiej Metropolii","twitter_image":"https:\/\/metropoliagzm.pl\/wp-content\/uploads\/2022\/03\/image11.jpg","twitter_misc":{"Geschrieben von":"Micha\u0142 Nowak","Gesch\u00e4tzte Lesezeit":"1\u00a0Minute"},"schema":{"@context":"https:\/\/schema.org","@graph":[{"@type":"Article","@id":"https:\/\/metropoliagzm.pl\/2022\/03\/30\/pomoc-ze-slaska-dla-miasta-partnerskiego-bytomia\/#article","isPartOf":{"@id":"https:\/\/metropoliagzm.pl\/2022\/03\/30\/pomoc-ze-slaska-dla-miasta-partnerskiego-bytomia\/"},"author":{"name":"Micha\u0142 Nowak","@id":"https:\/\/metropoliagzm.pl\/en\/#\/schema\/person\/9e7660ba27bc92881ef16c6fc34ae962"},"headline":"Pomoc ze \u015al\u0105ska dla miasta partnerskiego Bytomia","datePublished":"2022-03-30T08:08:22+00:00","mainEntityOfPage":{"@id":"https:\/\/metropoliagzm.pl\/2022\/03\/30\/pomoc-ze-slaska-dla-miasta-partnerskiego-bytomia\/"},"wordCount":195,"publisher":{"@id":"https:\/\/metropoliagzm.pl\/en\/#organization"},"image":{"@id":"https:\/\/metropoliagzm.pl\/2022\/03\/30\/pomoc-ze-slaska-dla-miasta-partnerskiego-bytomia\/#primaryimage"},"thumbnailUrl":"https:\/\/metropoliagzm.pl\/wp-content\/uploads\/2022\/03\/image11.jpg","keywords":["bytom","pomoc humanitarna","Ukraina"],"articleSection":["Bytom","Mieszka\u0144cy"],"inLanguage":"de"},{"@type":"WebPage","@id":"https:\/\/metropoliagzm.pl\/2022\/03\/30\/pomoc-ze-slaska-dla-miasta-partnerskiego-bytomia\/","url":"https:\/\/metropoliagzm.pl\/2022\/03\/30\/pomoc-ze-slaska-dla-miasta-partnerskiego-bytomia\/","name":"Pomoc ze \u015al\u0105ska dla miasta partnerskiego Bytomia - Metropolia GZM","isPartOf":{"@id":"https:\/\/metropoliagzm.pl\/en\/#website"},"primaryImageOfPage":{"@id":"https:\/\/metropoliagzm.pl\/2022\/03\/30\/pomoc-ze-slaska-dla-miasta-partnerskiego-bytomia\/#primaryimage"},"image":{"@id":"https:\/\/metropoliagzm.pl\/2022\/03\/30\/pomoc-ze-slaska-dla-miasta-partnerskiego-bytomia\/#primaryimage"},"thumbnailUrl":"https:\/\/metropoliagzm.pl\/wp-content\/uploads\/2022\/03\/image11.jpg","datePublished":"2022-03-30T08:08:22+00:00","description":"Oficjalny portal G\u00f3rno\u015bl\u0105sko-Zag\u0142\u0119biowskiej Metropolii","breadcrumb":{"@id":"https:\/\/metropoliagzm.pl\/2022\/03\/30\/pomoc-ze-slaska-dla-miasta-partnerskiego-bytomia\/#breadcrumb"},"inLanguage":"de","potentialAction":[{"@type":"ReadAction","target":["https:\/\/metropoliagzm.pl\/2022\/03\/30\/pomoc-ze-slaska-dla-miasta-partnerskiego-bytomia\/"]}]},{"@type":"ImageObject","inLanguage":"de","@id":"https:\/\/metropoliagzm.pl\/2022\/03\/30\/pomoc-ze-slaska-dla-miasta-partnerskiego-bytomia\/#primaryimage","url":"https:\/\/metropoliagzm.pl\/wp-content\/uploads\/2022\/03\/image11.jpg","contentUrl":"https:\/\/metropoliagzm.pl\/wp-content\/uploads\/2022\/03\/image11.jpg","width":1600,"height":1200,"caption":"Fot. UM Bytom"},{"@type":"BreadcrumbList","@id":"https:\/\/metropoliagzm.pl\/2022\/03\/30\/pomoc-ze-slaska-dla-miasta-partnerskiego-bytomia\/#breadcrumb","itemListElement":[{"@type":"ListItem","position":1,"name":"Strona g\u0142\u00f3wna","item":"https:\/\/metropoliagzm.pl\/"},{"@type":"ListItem","position":2,"name":"Pomoc ze \u015al\u0105ska dla miasta partnerskiego Bytomia"}]},{"@type":"WebSite","@id":"https:\/\/metropoliagzm.pl\/en\/#website","url":"https:\/\/metropoliagzm.pl\/en\/","name":"Metropolia GZM","description":"Oficjalny portal G\u00f3rno\u015bl\u0105sko-Zag\u0142\u0119biowskiej Metropolii","publisher":{"@id":"https:\/\/metropoliagzm.pl\/en\/#organization"},"potentialAction":[{"@type":"SearchAction","target":{"@type":"EntryPoint","urlTemplate":"https:\/\/metropoliagzm.pl\/en\/?s={search_term_string}"},"query-input":{"@type":"PropertyValueSpecification","valueRequired":true,"valueName":"search_term_string"}}],"inLanguage":"de"},{"@type":"Organization","@id":"https:\/\/metropoliagzm.pl\/en\/#organization","name":"Metropolia GZM","url":"https:\/\/metropoliagzm.pl\/en\/","logo":{"@type":"ImageObject","inLanguage":"de","@id":"https:\/\/metropoliagzm.pl\/en\/#\/schema\/logo\/image\/","url":"https:\/\/metropoliagzm.pl\/wp-content\/uploads\/2019\/03\/Sygnet-strona-glowna.png","contentUrl":"https:\/\/metropoliagzm.pl\/wp-content\/uploads\/2019\/03\/Sygnet-strona-glowna.png","width":36,"height":45,"caption":"Metropolia GZM"},"image":{"@id":"https:\/\/metropoliagzm.pl\/en\/#\/schema\/logo\/image\/"}},{"@type":"Person","@id":"https:\/\/metropoliagzm.pl\/en\/#\/schema\/person\/9e7660ba27bc92881ef16c6fc34ae962","name":"Micha\u0142 Nowak","image":{"@type":"ImageObject","inLanguage":"de","@id":"https:\/\/secure.gravatar.com\/avatar\/2d51f070ccac4989b201dc1a42c3a6d46ff007fc5e569ff280535ab8e8122a59?s=96&d=mm&r=g","url":"https:\/\/secure.gravatar.com\/avatar\/2d51f070ccac4989b201dc1a42c3a6d46ff007fc5e569ff280535ab8e8122a59?s=96&d=mm&r=g","contentUrl":"https:\/\/secure.gravatar.com\/avatar\/2d51f070ccac4989b201dc1a42c3a6d46ff007fc5e569ff280535ab8e8122a59?s=96&d=mm&r=g","caption":"Micha\u0142 Nowak"},"url":"https:\/\/metropoliagzm.pl\/de\/author\/michal-nowak\/"}]}},"_links":{"self":[{"href":"https:\/\/metropoliagzm.pl\/de\/wp-json\/wp\/v2\/posts\/39713","targetHints":{"allow":["GET"]}}],"collection":[{"href":"https:\/\/metropoliagzm.pl\/de\/wp-json\/wp\/v2\/posts"}],"about":[{"href":"https:\/\/metropoliagzm.pl\/de\/wp-json\/wp\/v2\/types\/post"}],"author":[{"embeddable":true,"href":"https:\/\/metropoliagzm.pl\/de\/wp-json\/wp\/v2\/users\/134"}],"replies":[{"embeddable":true,"href":"https:\/\/metropoliagzm.pl\/de\/wp-json\/wp\/v2\/comments?post=39713"}],"version-history":[{"count":1,"href":"https:\/\/metropoliagzm.pl\/de\/wp-json\/wp\/v2\/posts\/39713\/revisions"}],"predecessor-version":[{"id":39715,"href":"https:\/\/metropoliagzm.pl\/de\/wp-json\/wp\/v2\/posts\/39713\/revisions\/39715"}],"wp:featuredmedia":[{"embeddable":true,"href":"https:\/\/metropoliagzm.pl\/de\/wp-json\/wp\/v2\/media\/39714"}],"wp:attachment":[{"href":"https:\/\/metropoliagzm.pl\/de\/wp-json\/wp\/v2\/media?parent=39713"}],"wp:term":[{"taxonomy":"category","embeddable":true,"href":"https:\/\/metropoliagzm.pl\/de\/wp-json\/wp\/v2\/categories?post=39713"},{"taxonomy":"post_tag","embeddable":true,"href":"https:\/\/metropoliagzm.pl\/de\/wp-json\/wp\/v2\/tags?post=39713"}],"curies":[{"name":"wp","href":"https:\/\/api.w.org\/{rel}","templated":true}]}}