{"id":39976,"date":"2022-04-20T09:13:39","date_gmt":"2022-04-20T07:13:39","guid":{"rendered":"https:\/\/metropoliagzm.pl\/?p=39976"},"modified":"2022-07-29T10:15:49","modified_gmt":"2022-07-29T08:15:49","slug":"przed-nami-xxiv-zabrzanskie-targi-edukacji-szkolne-prezentacje-2022","status":"publish","type":"post","link":"https:\/\/metropoliagzm.pl\/de\/2022\/04\/20\/przed-nami-xxiv-zabrzanskie-targi-edukacji-szkolne-prezentacje-2022\/","title":{"rendered":"Przed nami XXIV Zabrza\u0144skie Targi Edukacji \u201eSzkolne Prezentacje 2022\u201d"},"content":{"rendered":"<div class=\"pdf-block\"><div class=\"pdfprnt-buttons  pdfprnt-new pdfprnt-buttons-post pdfprnt-top-right\"><div class=\"jssocials-share jssocials-share-twitter\"><a target=\"_blank\" href=\"https:\/\/twitter.com\/share?url=https:\/\/metropoliagzm.pl\/de\/wp-json\/wp\/v2\/posts\/39976;text=39976\" class=\"jssocials-share-link\"><i class=\"fa fa-twitter jssocials-share-logo\"><\/i><\/a><\/div><div class=\"jssocials-share jssocials-share-facebook\"><a target=\"_blank\" href=\"https:\/\/facebook.com\/sharer\/sharer.php?u=https:\/\/metropoliagzm.pl\/de\/wp-json\/wp\/v2\/posts\/39976\" class=\"jssocials-share-link\"><i class=\"fa fa-facebook jssocials-share-logo\"><\/i><\/a><\/div><div class=\"jssocials-share jssocials-share-pinterest\"><a target=\"_blank\" href=\"https:\/\/pinterest.com\/pin\/create\/bookmarklet\/?&amp;url=https:\/\/metropoliagzm.pl\/de\/wp-json\/wp\/v2\/posts\/39976;description=39976\" class=\"jssocials-share-link\"><i class=\"fa fa-pinterest jssocials-share-logo\"><\/i><\/a><\/div><a href=\"https:\/\/metropoliagzm.pl\/de\/wp-json\/wp\/v2\/posts\/39976?print=pdf\" class=\"pdfprnt-button pdfprnt-button-pdf\" target=\"_blank\"><img decoding=\"async\" src=\"https:\/\/metropoliagzm.pl\/wp-content\/plugins\/pdf-print\/images\/pdf.png\" alt=\"image_pdf\" title=\"View PDF\" \/><\/a><a href=\"https:\/\/metropoliagzm.pl\/de\/wp-json\/wp\/v2\/posts\/39976?print=print\" class=\"pdfprnt-button pdfprnt-button-print\" target=\"_blank\"><img decoding=\"async\" src=\"https:\/\/metropoliagzm.pl\/wp-content\/plugins\/pdf-print\/images\/print.png\" alt=\"image_print\" title=\"Print Content\" \/><\/a><\/div><\/div><div class=\"post-block-pdf\"><div class=\"pdfprnt-buttons pdfprnt-buttons-post pdfprnt-top-right\"><a href=\"https:\/\/metropoliagzm.pl\/de\/wp-json\/wp\/v2\/posts\/39976?print=pdf\" class=\"pdfprnt-button pdfprnt-button-pdf\" target=\"_blank\"><img decoding=\"async\" src=\"https:\/\/metropoliagzm.pl\/wp-content\/plugins\/pdf-print\/images\/pdf.png\" alt=\"image_pdf\" title=\"View PDF\" \/><\/a><a href=\"https:\/\/metropoliagzm.pl\/de\/wp-json\/wp\/v2\/posts\/39976?print=print\" class=\"pdfprnt-button pdfprnt-button-print\" target=\"_blank\"><img decoding=\"async\" src=\"https:\/\/metropoliagzm.pl\/wp-content\/plugins\/pdf-print\/images\/print.png\" alt=\"image_print\" title=\"Print Content\" \/><\/a><\/div><p><strong>Ju\u017c w tym tygodniu w Zabrzu odb\u0119d\u0105 si\u0119 XXIV Zabrza\u0144skie Targi Edukacji \u201eSzkolne Prezentacje 2022\u201d. Impreza rozpocznie si\u0119&nbsp;o godz. 9.00&nbsp;w&nbsp;Hali Widowiskowo-Sportowej \u201ePogo\u0144\u201d w&nbsp;Zabrzu przy ul. Wolno\u015bci 406. To szansa dla wszystkich tych, kt\u00f3rzy stoj\u0105 przed wyborem nowej szko\u0142y i chc\u0105 pozna\u0107 specyfik\u0119 poszczeg\u00f3lnych plac\u00f3wek, a tak\u017ce wymagania, jakie spe\u0142nia\u0107 musz\u0105 kandydaci.<\/strong><\/p>\n<p>Targi organizuj\u0105 Miasto Zabrze oraz Centrum Kszta\u0142cenia Praktycznego i Ustawicznego w Zabrzu, a wsp\u00f3\u0142organizatorem jest Zesp\u00f3\u0142 Szk\u00f3\u0142 Spo\u017cywczych w Zabrzu oraz TV Zabrze.<\/p>\n<p>Targi maj\u0105 za zadanie umo\u017cliwienie uczniom zapoznanie si\u0119 w jednym miejscu i w tym samym czasie z jak najpe\u0142niejsz\u0105 ofert\u0105 publicznych i niepublicznych szk\u00f3\u0142 \u015brednich, stworzenie m\u0142odzie\u017cy mo\u017cliwo\u015bci osobistego kontaktu z przedstawicielami Powiatowego Urz\u0119du Pracy, Poradni Psychologiczno-Pedagogicznej, Miejskiego O\u015brodka Pomocy Rodzinie, Zabrza\u0144skiego Centrum Rozwoju Przedsi\u0119biorczo\u015bci i przedstawicieli pracodawc\u00f3w w celu zorientowania si\u0119 w p\u00f3\u017aniejszych szansach na rynku prac, umo\u017cliwienie zabrza\u0144skim publicznym szko\u0142om \u015brednim oraz szko\u0142om wy\u017cszym prezentacji swoich osi\u0105gni\u0119\u0107, oferowanych kierunk\u00f3w i typ\u00f3w kszta\u0142cenia, a tak\u017ce przedstawienia w spos\u00f3b bezpo\u015bredni zainteresowanym uczniom klas \u00f3smych szk\u00f3\u0142 podstawowych, gimnazj\u00f3w i szk\u00f3\u0142 \u015brednich informacji o \u017cyciu szko\u0142y, o jej specyfice i warunkach przyjmowania kandydat\u00f3w.<\/p>\n<div class=\"wp-block-image\">\n<figure class=\"aligncenter\"><a title=\"\" href=\"https:\/\/miastozabrze.pl\/wp-content\/uploads\/2022\/04\/Targi-edukacji.jpg\" data-rel=\"lightbox-gallery-0\" data-rl_title=\"\" data-rl_caption=\"\" data-magnific_type=\"gallery\"><img loading=\"lazy\" decoding=\"async\" class=\"wp-image-69197\" src=\"https:\/\/miastozabrze.pl\/wp-content\/uploads\/2022\/04\/Targi-edukacji.jpg\" sizes=\"auto, (max-width: 970px) 100vw, 970px\" srcset=\"https:\/\/miastozabrze.pl\/wp-content\/uploads\/2022\/04\/Targi-edukacji.jpg 970w, https:\/\/miastozabrze.pl\/wp-content\/uploads\/2022\/04\/Targi-edukacji-800x282.jpg 800w, https:\/\/miastozabrze.pl\/wp-content\/uploads\/2022\/04\/Targi-edukacji-768x271.jpg 768w, https:\/\/miastozabrze.pl\/wp-content\/uploads\/2022\/04\/Targi-edukacji-199x70.jpg 199w\" alt=\"\" width=\"970\" height=\"342\"><\/a><\/figure>\n<\/div>\n<div class=\"post-author\" style=\"font-size:13px\">Witold Tr\u00f3lka<\/div><\/div>","protected":false},"excerpt":{"rendered":"<p>Ju\u017c w tym tygodniu w Zabrzu odb\u0119d\u0105 si\u0119 XXIV Zabrza\u0144skie Targi Edukacji \u201eSzkolne Prezentacje 2022\u201d. Impreza rozpocznie si\u0119&nbsp;o godz. 9.00&nbsp;w&nbsp;Hali Widowiskowo-Sportowej \u201ePogo\u0144\u201d w&nbsp;Zabrzu przy ul. Wolno\u015bci 406. To szansa dla wszystkich tych, kt\u00f3rzy stoj\u0105 przed wyborem nowej szko\u0142y i chc\u0105 pozna\u0107 specyfik\u0119 poszczeg\u00f3lnych plac\u00f3wek, a&#8230;<\/p>","protected":false},"author":140,"featured_media":39977,"comment_status":"closed","ping_status":"closed","sticky":false,"template":"","format":"standard","meta":{"_acf_changed":false,"footnotes":""},"categories":[242,234],"tags":[565,2907],"class_list":["post-39976","post","type-post","status-publish","format-standard","has-post-thumbnail","hentry","category-mieszkancy","category-zabrze","tag-edukacja","tag-targi-edukacji"],"acf":[],"yoast_head":"<!-- This site is optimized with the Yoast SEO plugin v27.4 - https:\/\/yoast.com\/product\/yoast-seo-wordpress\/ -->\n<title>Przed nami XXIV Zabrza\u0144skie Targi Edukacji \u201eSzkolne Prezentacje 2022\u201d - Metropolia GZM<\/title>\n<meta name=\"description\" content=\"Oficjalny portal G\u00f3rno\u015bl\u0105sko-Zag\u0142\u0119biowskiej Metropolii\" \/>\n<meta name=\"robots\" content=\"index, follow, max-snippet:-1, max-image-preview:large, max-video-preview:-1\" \/>\n<link rel=\"canonical\" href=\"https:\/\/metropoliagzm.pl\/de\/2022\/04\/20\/przed-nami-xxiv-zabrzanskie-targi-edukacji-szkolne-prezentacje-2022\/\" \/>\n<meta name=\"twitter:card\" content=\"summary_large_image\" \/>\n<meta name=\"twitter:title\" content=\"Przed nami XXIV Zabrza\u0144skie Targi Edukacji \u201eSzkolne Prezentacje 2022\u201d - Metropolia GZM\" \/>\n<meta name=\"twitter:description\" content=\"Oficjalny portal G\u00f3rno\u015bl\u0105sko-Zag\u0142\u0119biowskiej Metropolii\" \/>\n<meta name=\"twitter:image\" content=\"https:\/\/metropoliagzm.pl\/wp-content\/uploads\/2022\/04\/Targi-edukacji-870x342-1.jpg\" \/>\n<meta name=\"twitter:label1\" content=\"Geschrieben von\" \/>\n\t<meta name=\"twitter:data1\" content=\"Witold Tr\u00f3lka\" \/>\n\t<meta name=\"twitter:label2\" content=\"Gesch\u00e4tzte Lesezeit\" \/>\n\t<meta name=\"twitter:data2\" content=\"2\u00a0Minuten\" \/>\n<script type=\"application\/ld+json\" class=\"yoast-schema-graph\">{\"@context\":\"https:\\\/\\\/schema.org\",\"@graph\":[{\"@type\":\"Article\",\"@id\":\"https:\\\/\\\/metropoliagzm.pl\\\/2022\\\/04\\\/20\\\/przed-nami-xxiv-zabrzanskie-targi-edukacji-szkolne-prezentacje-2022\\\/#article\",\"isPartOf\":{\"@id\":\"https:\\\/\\\/metropoliagzm.pl\\\/2022\\\/04\\\/20\\\/przed-nami-xxiv-zabrzanskie-targi-edukacji-szkolne-prezentacje-2022\\\/\"},\"author\":{\"name\":\"Witold Tr\u00f3lka\",\"@id\":\"https:\\\/\\\/metropoliagzm.pl\\\/en\\\/#\\\/schema\\\/person\\\/96e19c492916cfe1ba595fd2f60d95b8\"},\"headline\":\"Przed nami XXIV Zabrza\u0144skie Targi Edukacji \u201eSzkolne Prezentacje 2022\u201d\",\"datePublished\":\"2022-04-20T07:13:39+00:00\",\"dateModified\":\"2022-07-29T08:15:49+00:00\",\"mainEntityOfPage\":{\"@id\":\"https:\\\/\\\/metropoliagzm.pl\\\/2022\\\/04\\\/20\\\/przed-nami-xxiv-zabrzanskie-targi-edukacji-szkolne-prezentacje-2022\\\/\"},\"wordCount\":229,\"publisher\":{\"@id\":\"https:\\\/\\\/metropoliagzm.pl\\\/en\\\/#organization\"},\"image\":{\"@id\":\"https:\\\/\\\/metropoliagzm.pl\\\/2022\\\/04\\\/20\\\/przed-nami-xxiv-zabrzanskie-targi-edukacji-szkolne-prezentacje-2022\\\/#primaryimage\"},\"thumbnailUrl\":\"https:\\\/\\\/metropoliagzm.pl\\\/wp-content\\\/uploads\\\/2022\\\/04\\\/Targi-edukacji-870x342-1.jpg\",\"keywords\":[\"edukacja\",\"targi edukacji\"],\"articleSection\":[\"Mieszka\u0144cy\",\"Zabrze\"],\"inLanguage\":\"de\"},{\"@type\":\"WebPage\",\"@id\":\"https:\\\/\\\/metropoliagzm.pl\\\/2022\\\/04\\\/20\\\/przed-nami-xxiv-zabrzanskie-targi-edukacji-szkolne-prezentacje-2022\\\/\",\"url\":\"https:\\\/\\\/metropoliagzm.pl\\\/2022\\\/04\\\/20\\\/przed-nami-xxiv-zabrzanskie-targi-edukacji-szkolne-prezentacje-2022\\\/\",\"name\":\"Przed nami XXIV Zabrza\u0144skie Targi Edukacji \u201eSzkolne Prezentacje 2022\u201d - Metropolia GZM\",\"isPartOf\":{\"@id\":\"https:\\\/\\\/metropoliagzm.pl\\\/en\\\/#website\"},\"primaryImageOfPage\":{\"@id\":\"https:\\\/\\\/metropoliagzm.pl\\\/2022\\\/04\\\/20\\\/przed-nami-xxiv-zabrzanskie-targi-edukacji-szkolne-prezentacje-2022\\\/#primaryimage\"},\"image\":{\"@id\":\"https:\\\/\\\/metropoliagzm.pl\\\/2022\\\/04\\\/20\\\/przed-nami-xxiv-zabrzanskie-targi-edukacji-szkolne-prezentacje-2022\\\/#primaryimage\"},\"thumbnailUrl\":\"https:\\\/\\\/metropoliagzm.pl\\\/wp-content\\\/uploads\\\/2022\\\/04\\\/Targi-edukacji-870x342-1.jpg\",\"datePublished\":\"2022-04-20T07:13:39+00:00\",\"dateModified\":\"2022-07-29T08:15:49+00:00\",\"description\":\"Oficjalny portal G\u00f3rno\u015bl\u0105sko-Zag\u0142\u0119biowskiej Metropolii\",\"breadcrumb\":{\"@id\":\"https:\\\/\\\/metropoliagzm.pl\\\/2022\\\/04\\\/20\\\/przed-nami-xxiv-zabrzanskie-targi-edukacji-szkolne-prezentacje-2022\\\/#breadcrumb\"},\"inLanguage\":\"de\",\"potentialAction\":[{\"@type\":\"ReadAction\",\"target\":[\"https:\\\/\\\/metropoliagzm.pl\\\/2022\\\/04\\\/20\\\/przed-nami-xxiv-zabrzanskie-targi-edukacji-szkolne-prezentacje-2022\\\/\"]}]},{\"@type\":\"ImageObject\",\"inLanguage\":\"de\",\"@id\":\"https:\\\/\\\/metropoliagzm.pl\\\/2022\\\/04\\\/20\\\/przed-nami-xxiv-zabrzanskie-targi-edukacji-szkolne-prezentacje-2022\\\/#primaryimage\",\"url\":\"https:\\\/\\\/metropoliagzm.pl\\\/wp-content\\\/uploads\\\/2022\\\/04\\\/Targi-edukacji-870x342-1.jpg\",\"contentUrl\":\"https:\\\/\\\/metropoliagzm.pl\\\/wp-content\\\/uploads\\\/2022\\\/04\\\/Targi-edukacji-870x342-1.jpg\",\"width\":870,\"height\":342,\"caption\":\"Foto: UM Zzabrze\"},{\"@type\":\"BreadcrumbList\",\"@id\":\"https:\\\/\\\/metropoliagzm.pl\\\/2022\\\/04\\\/20\\\/przed-nami-xxiv-zabrzanskie-targi-edukacji-szkolne-prezentacje-2022\\\/#breadcrumb\",\"itemListElement\":[{\"@type\":\"ListItem\",\"position\":1,\"name\":\"Strona g\u0142\u00f3wna\",\"item\":\"https:\\\/\\\/metropoliagzm.pl\\\/\"},{\"@type\":\"ListItem\",\"position\":2,\"name\":\"Przed nami XXIV Zabrza\u0144skie Targi Edukacji \u201eSzkolne Prezentacje 2022\u201d\"}]},{\"@type\":\"WebSite\",\"@id\":\"https:\\\/\\\/metropoliagzm.pl\\\/en\\\/#website\",\"url\":\"https:\\\/\\\/metropoliagzm.pl\\\/en\\\/\",\"name\":\"Metropolia GZM\",\"description\":\"Oficjalny portal G\u00f3rno\u015bl\u0105sko-Zag\u0142\u0119biowskiej Metropolii\",\"publisher\":{\"@id\":\"https:\\\/\\\/metropoliagzm.pl\\\/en\\\/#organization\"},\"potentialAction\":[{\"@type\":\"SearchAction\",\"target\":{\"@type\":\"EntryPoint\",\"urlTemplate\":\"https:\\\/\\\/metropoliagzm.pl\\\/en\\\/?s={search_term_string}\"},\"query-input\":{\"@type\":\"PropertyValueSpecification\",\"valueRequired\":true,\"valueName\":\"search_term_string\"}}],\"inLanguage\":\"de\"},{\"@type\":\"Organization\",\"@id\":\"https:\\\/\\\/metropoliagzm.pl\\\/en\\\/#organization\",\"name\":\"Metropolia GZM\",\"url\":\"https:\\\/\\\/metropoliagzm.pl\\\/en\\\/\",\"logo\":{\"@type\":\"ImageObject\",\"inLanguage\":\"de\",\"@id\":\"https:\\\/\\\/metropoliagzm.pl\\\/en\\\/#\\\/schema\\\/logo\\\/image\\\/\",\"url\":\"https:\\\/\\\/metropoliagzm.pl\\\/wp-content\\\/uploads\\\/2019\\\/03\\\/Sygnet-strona-glowna.png\",\"contentUrl\":\"https:\\\/\\\/metropoliagzm.pl\\\/wp-content\\\/uploads\\\/2019\\\/03\\\/Sygnet-strona-glowna.png\",\"width\":36,\"height\":45,\"caption\":\"Metropolia GZM\"},\"image\":{\"@id\":\"https:\\\/\\\/metropoliagzm.pl\\\/en\\\/#\\\/schema\\\/logo\\\/image\\\/\"}},{\"@type\":\"Person\",\"@id\":\"https:\\\/\\\/metropoliagzm.pl\\\/en\\\/#\\\/schema\\\/person\\\/96e19c492916cfe1ba595fd2f60d95b8\",\"name\":\"Witold Tr\u00f3lka\",\"image\":{\"@type\":\"ImageObject\",\"inLanguage\":\"de\",\"@id\":\"https:\\\/\\\/secure.gravatar.com\\\/avatar\\\/71e0c635e405b4a3631033f0d6f49e682b54dcd226d647737e1040a5a480d177?s=96&d=mm&r=g\",\"url\":\"https:\\\/\\\/secure.gravatar.com\\\/avatar\\\/71e0c635e405b4a3631033f0d6f49e682b54dcd226d647737e1040a5a480d177?s=96&d=mm&r=g\",\"contentUrl\":\"https:\\\/\\\/secure.gravatar.com\\\/avatar\\\/71e0c635e405b4a3631033f0d6f49e682b54dcd226d647737e1040a5a480d177?s=96&d=mm&r=g\",\"caption\":\"Witold Tr\u00f3lka\"},\"url\":\"https:\\\/\\\/metropoliagzm.pl\\\/de\\\/author\\\/w-trolka\\\/\"}]}<\/script>\n<!-- \/ Yoast SEO plugin. -->","yoast_head_json":{"title":"Przed nami XXIV Zabrza\u0144skie Targi Edukacji \u201eSzkolne Prezentacje 2022\u201d - Metropolia GZM","description":"Oficjalny portal G\u00f3rno\u015bl\u0105sko-Zag\u0142\u0119biowskiej Metropolii","robots":{"index":"index","follow":"follow","max-snippet":"max-snippet:-1","max-image-preview":"max-image-preview:large","max-video-preview":"max-video-preview:-1"},"canonical":"https:\/\/metropoliagzm.pl\/de\/2022\/04\/20\/przed-nami-xxiv-zabrzanskie-targi-edukacji-szkolne-prezentacje-2022\/","twitter_card":"summary_large_image","twitter_title":"Przed nami XXIV Zabrza\u0144skie Targi Edukacji \u201eSzkolne Prezentacje 2022\u201d - Metropolia GZM","twitter_description":"Oficjalny portal G\u00f3rno\u015bl\u0105sko-Zag\u0142\u0119biowskiej Metropolii","twitter_image":"https:\/\/metropoliagzm.pl\/wp-content\/uploads\/2022\/04\/Targi-edukacji-870x342-1.jpg","twitter_misc":{"Geschrieben von":"Witold Tr\u00f3lka","Gesch\u00e4tzte Lesezeit":"2\u00a0Minuten"},"schema":{"@context":"https:\/\/schema.org","@graph":[{"@type":"Article","@id":"https:\/\/metropoliagzm.pl\/2022\/04\/20\/przed-nami-xxiv-zabrzanskie-targi-edukacji-szkolne-prezentacje-2022\/#article","isPartOf":{"@id":"https:\/\/metropoliagzm.pl\/2022\/04\/20\/przed-nami-xxiv-zabrzanskie-targi-edukacji-szkolne-prezentacje-2022\/"},"author":{"name":"Witold Tr\u00f3lka","@id":"https:\/\/metropoliagzm.pl\/en\/#\/schema\/person\/96e19c492916cfe1ba595fd2f60d95b8"},"headline":"Przed nami XXIV Zabrza\u0144skie Targi Edukacji \u201eSzkolne Prezentacje 2022\u201d","datePublished":"2022-04-20T07:13:39+00:00","dateModified":"2022-07-29T08:15:49+00:00","mainEntityOfPage":{"@id":"https:\/\/metropoliagzm.pl\/2022\/04\/20\/przed-nami-xxiv-zabrzanskie-targi-edukacji-szkolne-prezentacje-2022\/"},"wordCount":229,"publisher":{"@id":"https:\/\/metropoliagzm.pl\/en\/#organization"},"image":{"@id":"https:\/\/metropoliagzm.pl\/2022\/04\/20\/przed-nami-xxiv-zabrzanskie-targi-edukacji-szkolne-prezentacje-2022\/#primaryimage"},"thumbnailUrl":"https:\/\/metropoliagzm.pl\/wp-content\/uploads\/2022\/04\/Targi-edukacji-870x342-1.jpg","keywords":["edukacja","targi edukacji"],"articleSection":["Mieszka\u0144cy","Zabrze"],"inLanguage":"de"},{"@type":"WebPage","@id":"https:\/\/metropoliagzm.pl\/2022\/04\/20\/przed-nami-xxiv-zabrzanskie-targi-edukacji-szkolne-prezentacje-2022\/","url":"https:\/\/metropoliagzm.pl\/2022\/04\/20\/przed-nami-xxiv-zabrzanskie-targi-edukacji-szkolne-prezentacje-2022\/","name":"Przed nami XXIV Zabrza\u0144skie Targi Edukacji \u201eSzkolne Prezentacje 2022\u201d - Metropolia GZM","isPartOf":{"@id":"https:\/\/metropoliagzm.pl\/en\/#website"},"primaryImageOfPage":{"@id":"https:\/\/metropoliagzm.pl\/2022\/04\/20\/przed-nami-xxiv-zabrzanskie-targi-edukacji-szkolne-prezentacje-2022\/#primaryimage"},"image":{"@id":"https:\/\/metropoliagzm.pl\/2022\/04\/20\/przed-nami-xxiv-zabrzanskie-targi-edukacji-szkolne-prezentacje-2022\/#primaryimage"},"thumbnailUrl":"https:\/\/metropoliagzm.pl\/wp-content\/uploads\/2022\/04\/Targi-edukacji-870x342-1.jpg","datePublished":"2022-04-20T07:13:39+00:00","dateModified":"2022-07-29T08:15:49+00:00","description":"Oficjalny portal G\u00f3rno\u015bl\u0105sko-Zag\u0142\u0119biowskiej Metropolii","breadcrumb":{"@id":"https:\/\/metropoliagzm.pl\/2022\/04\/20\/przed-nami-xxiv-zabrzanskie-targi-edukacji-szkolne-prezentacje-2022\/#breadcrumb"},"inLanguage":"de","potentialAction":[{"@type":"ReadAction","target":["https:\/\/metropoliagzm.pl\/2022\/04\/20\/przed-nami-xxiv-zabrzanskie-targi-edukacji-szkolne-prezentacje-2022\/"]}]},{"@type":"ImageObject","inLanguage":"de","@id":"https:\/\/metropoliagzm.pl\/2022\/04\/20\/przed-nami-xxiv-zabrzanskie-targi-edukacji-szkolne-prezentacje-2022\/#primaryimage","url":"https:\/\/metropoliagzm.pl\/wp-content\/uploads\/2022\/04\/Targi-edukacji-870x342-1.jpg","contentUrl":"https:\/\/metropoliagzm.pl\/wp-content\/uploads\/2022\/04\/Targi-edukacji-870x342-1.jpg","width":870,"height":342,"caption":"Foto: UM Zzabrze"},{"@type":"BreadcrumbList","@id":"https:\/\/metropoliagzm.pl\/2022\/04\/20\/przed-nami-xxiv-zabrzanskie-targi-edukacji-szkolne-prezentacje-2022\/#breadcrumb","itemListElement":[{"@type":"ListItem","position":1,"name":"Strona g\u0142\u00f3wna","item":"https:\/\/metropoliagzm.pl\/"},{"@type":"ListItem","position":2,"name":"Przed nami XXIV Zabrza\u0144skie Targi Edukacji \u201eSzkolne Prezentacje 2022\u201d"}]},{"@type":"WebSite","@id":"https:\/\/metropoliagzm.pl\/en\/#website","url":"https:\/\/metropoliagzm.pl\/en\/","name":"Metropolia GZM","description":"Oficjalny portal G\u00f3rno\u015bl\u0105sko-Zag\u0142\u0119biowskiej Metropolii","publisher":{"@id":"https:\/\/metropoliagzm.pl\/en\/#organization"},"potentialAction":[{"@type":"SearchAction","target":{"@type":"EntryPoint","urlTemplate":"https:\/\/metropoliagzm.pl\/en\/?s={search_term_string}"},"query-input":{"@type":"PropertyValueSpecification","valueRequired":true,"valueName":"search_term_string"}}],"inLanguage":"de"},{"@type":"Organization","@id":"https:\/\/metropoliagzm.pl\/en\/#organization","name":"Metropolia GZM","url":"https:\/\/metropoliagzm.pl\/en\/","logo":{"@type":"ImageObject","inLanguage":"de","@id":"https:\/\/metropoliagzm.pl\/en\/#\/schema\/logo\/image\/","url":"https:\/\/metropoliagzm.pl\/wp-content\/uploads\/2019\/03\/Sygnet-strona-glowna.png","contentUrl":"https:\/\/metropoliagzm.pl\/wp-content\/uploads\/2019\/03\/Sygnet-strona-glowna.png","width":36,"height":45,"caption":"Metropolia GZM"},"image":{"@id":"https:\/\/metropoliagzm.pl\/en\/#\/schema\/logo\/image\/"}},{"@type":"Person","@id":"https:\/\/metropoliagzm.pl\/en\/#\/schema\/person\/96e19c492916cfe1ba595fd2f60d95b8","name":"Witold Tr\u00f3lka","image":{"@type":"ImageObject","inLanguage":"de","@id":"https:\/\/secure.gravatar.com\/avatar\/71e0c635e405b4a3631033f0d6f49e682b54dcd226d647737e1040a5a480d177?s=96&d=mm&r=g","url":"https:\/\/secure.gravatar.com\/avatar\/71e0c635e405b4a3631033f0d6f49e682b54dcd226d647737e1040a5a480d177?s=96&d=mm&r=g","contentUrl":"https:\/\/secure.gravatar.com\/avatar\/71e0c635e405b4a3631033f0d6f49e682b54dcd226d647737e1040a5a480d177?s=96&d=mm&r=g","caption":"Witold Tr\u00f3lka"},"url":"https:\/\/metropoliagzm.pl\/de\/author\/w-trolka\/"}]}},"_links":{"self":[{"href":"https:\/\/metropoliagzm.pl\/de\/wp-json\/wp\/v2\/posts\/39976","targetHints":{"allow":["GET"]}}],"collection":[{"href":"https:\/\/metropoliagzm.pl\/de\/wp-json\/wp\/v2\/posts"}],"about":[{"href":"https:\/\/metropoliagzm.pl\/de\/wp-json\/wp\/v2\/types\/post"}],"author":[{"embeddable":true,"href":"https:\/\/metropoliagzm.pl\/de\/wp-json\/wp\/v2\/users\/140"}],"replies":[{"embeddable":true,"href":"https:\/\/metropoliagzm.pl\/de\/wp-json\/wp\/v2\/comments?post=39976"}],"version-history":[{"count":4,"href":"https:\/\/metropoliagzm.pl\/de\/wp-json\/wp\/v2\/posts\/39976\/revisions"}],"predecessor-version":[{"id":41014,"href":"https:\/\/metropoliagzm.pl\/de\/wp-json\/wp\/v2\/posts\/39976\/revisions\/41014"}],"wp:featuredmedia":[{"embeddable":true,"href":"https:\/\/metropoliagzm.pl\/de\/wp-json\/wp\/v2\/media\/39977"}],"wp:attachment":[{"href":"https:\/\/metropoliagzm.pl\/de\/wp-json\/wp\/v2\/media?parent=39976"}],"wp:term":[{"taxonomy":"category","embeddable":true,"href":"https:\/\/metropoliagzm.pl\/de\/wp-json\/wp\/v2\/categories?post=39976"},{"taxonomy":"post_tag","embeddable":true,"href":"https:\/\/metropoliagzm.pl\/de\/wp-json\/wp\/v2\/tags?post=39976"}],"curies":[{"name":"wp","href":"https:\/\/api.w.org\/{rel}","templated":true}]}}