{"id":40921,"date":"2022-07-26T14:13:14","date_gmt":"2022-07-26T12:13:14","guid":{"rendered":"https:\/\/metropoliagzm.pl\/?p=40921"},"modified":"2022-07-26T14:17:15","modified_gmt":"2022-07-26T12:17:15","slug":"slaska-jesien-gitarowa-nabor","status":"publish","type":"post","link":"https:\/\/metropoliagzm.pl\/de\/2022\/07\/26\/slaska-jesien-gitarowa-nabor\/","title":{"rendered":"\u015al\u0105ska Jesie\u0144 Gitarowa \u2013 nab\u00f3r"},"content":{"rendered":"<div class=\"pdf-block\"><div class=\"pdfprnt-buttons  pdfprnt-new pdfprnt-buttons-post pdfprnt-top-right\"><div class=\"jssocials-share jssocials-share-twitter\"><a target=\"_blank\" href=\"https:\/\/twitter.com\/share?url=https:\/\/metropoliagzm.pl\/de\/wp-json\/wp\/v2\/posts\/40921;text=40921\" class=\"jssocials-share-link\"><i class=\"fa fa-twitter jssocials-share-logo\"><\/i><\/a><\/div><div class=\"jssocials-share jssocials-share-facebook\"><a target=\"_blank\" href=\"https:\/\/facebook.com\/sharer\/sharer.php?u=https:\/\/metropoliagzm.pl\/de\/wp-json\/wp\/v2\/posts\/40921\" class=\"jssocials-share-link\"><i class=\"fa fa-facebook jssocials-share-logo\"><\/i><\/a><\/div><div class=\"jssocials-share jssocials-share-pinterest\"><a target=\"_blank\" href=\"https:\/\/pinterest.com\/pin\/create\/bookmarklet\/?&amp;url=https:\/\/metropoliagzm.pl\/de\/wp-json\/wp\/v2\/posts\/40921;description=40921\" class=\"jssocials-share-link\"><i class=\"fa fa-pinterest jssocials-share-logo\"><\/i><\/a><\/div><a href=\"https:\/\/metropoliagzm.pl\/de\/wp-json\/wp\/v2\/posts\/40921?print=pdf\" class=\"pdfprnt-button pdfprnt-button-pdf\" target=\"_blank\"><img decoding=\"async\" src=\"https:\/\/metropoliagzm.pl\/wp-content\/plugins\/pdf-print\/images\/pdf.png\" alt=\"image_pdf\" title=\"View PDF\" \/><\/a><a href=\"https:\/\/metropoliagzm.pl\/de\/wp-json\/wp\/v2\/posts\/40921?print=print\" class=\"pdfprnt-button pdfprnt-button-print\" target=\"_blank\"><img decoding=\"async\" src=\"https:\/\/metropoliagzm.pl\/wp-content\/plugins\/pdf-print\/images\/print.png\" alt=\"image_print\" title=\"Print Content\" \/><\/a><\/div><\/div><div class=\"post-block-pdf\"><div class=\"pdfprnt-buttons pdfprnt-buttons-post pdfprnt-top-right\"><a href=\"https:\/\/metropoliagzm.pl\/de\/wp-json\/wp\/v2\/posts\/40921?print=pdf\" class=\"pdfprnt-button pdfprnt-button-pdf\" target=\"_blank\"><img decoding=\"async\" src=\"https:\/\/metropoliagzm.pl\/wp-content\/plugins\/pdf-print\/images\/pdf.png\" alt=\"image_pdf\" title=\"View PDF\" \/><\/a><a href=\"https:\/\/metropoliagzm.pl\/de\/wp-json\/wp\/v2\/posts\/40921?print=print\" class=\"pdfprnt-button pdfprnt-button-print\" target=\"_blank\"><img decoding=\"async\" src=\"https:\/\/metropoliagzm.pl\/wp-content\/plugins\/pdf-print\/images\/print.png\" alt=\"image_print\" title=\"Print Content\" \/><\/a><\/div><p><strong>Do 31 sierpnia trwa nab\u00f3r zg\u0142osze\u0144 do tegorocznej edycji Mi\u0119dzynarodowego Konkursu Gitarowego \u201e\u015al\u0105ska Jesie\u0144 Gitarowa\u201d, kt\u00f3rego XVIII edycja odb\u0119dzie si\u0119 w dniach 25\u201330 pa\u017adziernika 2022 roku w Tychach.<\/strong><\/p>\n<p>Mi\u0119dzynarodowy Festiwal \u201e\u015al\u0105ska Jesie\u0144 Gitarowa\u201d to jeden z najwi\u0119kszych, jeden z najstarszych, z wyj\u0105tkow\u0105 renom\u0105.<\/p>\n<p>\u2013 Gitara to uniwersalny klucz do \u015bwiata muzyki, jest popularna, kojarzona z r\u00f3\u017cnymi gatunkami i przyci\u0105ga uwag\u0119. Za pomoc\u0105 gitary mo\u017cna pokaza\u0107, jak bogaty jest \u015bwiat muzyki. Funkcjonuje w bardzo r\u00f3\u017cnych odmianach i stylach\u00a0\u2013 m\u00f3wi Marek Nosal, Dyrektor Artystyczny XVIII \u015al\u0105skiej Jesieni Gitarowej.<\/p>\n<p>G\u0142\u00f3wnym celem festiwalu jest prezentacja najbardziej warto\u015bciowych dokona\u0144 wsp\u00f3\u0142czesnej gitarystyki oraz wsp\u00f3\u0142czesnych kompozytor\u00f3w, ukazanie szerokiego spektrum gatunk\u00f3w muzyki gitarowej, zar\u00f3wno w aspekcie obsadowym, jak i stylistyczno-historycznym. A tak\u017ce promocja osi\u0105gni\u0119\u0107 najwybitniejszych polskich wykonawc\u00f3w, m\u0142odych talent\u00f3w oraz szeroko poj\u0119tej polskiej bran\u017cy muzycznej.<\/p>\n<p>Wa\u017cne daty zwi\u0105zane z tym wydarzeniem:<br \/>\n&#8211; do 31 sierpnia 2022 r. &#8211; rejestracja on-line uczestnik\u00f3w (I etap konkursu)<br \/>\n&#8211; 01-17 wrze\u015bnia 2022 r. &#8211; ocena nagra\u0144 konkursowych przez Jury (I etap konkursu)<br \/>\n-19 wrze\u015bnia 2022 r. &#8211; publikacja na stronie internetowej Konkursu listy uczestnik\u00f3w II etapu i losowanie kolejno\u015bci przes\u0142ucha\u0144<br \/>\n-25-27 pa\u017adziernika 2022 r. &#8211; przes\u0142uchania w ramach II etapu konkursu<br \/>\n-27 pa\u017adziernika 2022 &#8211; og\u0142oszenie wynik\u00f3w II etapu konkursu i losowanie kolejno\u015bci przes\u0142ucha\u0144 fina\u0142owych<br \/>\n-28-29 pa\u017adziernika 2022 r. &#8211; pr\u00f3by z orkiestr\u0105 uczestnik\u00f3w Fina\u0142u Konkursu<br \/>\n-30 pa\u017adziernika 2022 r. &#8211; przes\u0142uchania fina\u0142owe Konkursu oraz wy\u0142onienie Laureato\u0301w<br \/>\n-30 pa\u017adziernika 2022 r. &#8211; og\u0142oszenie wynik\u00f3w Konkursu, Koncert Laureat\u00f3w<\/p>\n<p>W Konkursie zostan\u0105 przyznane nast\u0119puj\u0105ce nagrody regulaminowe:<br \/>\na. I nagroda \u2013 5.000 EURO<br \/>\nb. II nagroda \u2013 2.500 EURO<br \/>\nc. III nagroda \u2013 1.000 EURO<br \/>\noraz\u00a0 inne &#8211; w tym nagrody rzeczowe, wyst\u0119py na presti\u017cowych Festiwalach w Polsce i za granic\u0105 &#8211; pe\u0142na lista dost\u0119pna na:\u00a0<a href=\"https:\/\/bit.ly\/SJG-2022-lista-nagrod-PL\">https:\/\/bit.ly\/SJG-2022-lista-nagrod-PL<\/a><\/p>\n<p>Szczeg\u00f3\u0142owy regulamin dost\u0119pny pod linkiem:\u00a0<a href=\"https:\/\/umtychy.pl\/%22https:\/\/l.facebook.com\/l.php?u\">https:\/\/bit.ly\/SJG-2022-regulamin-PL<\/a><\/p>\n<p>Formularz zg\u0142oszeniowy:\u00a0<a href=\"https:\/\/umtychy.pl\/%22https:\/\/l.facebook.com\/l.php?u\">https:\/\/bit.ly\/SJG-2022-formularz-PL<\/a><\/p>\n<p>Konkurs przeznaczony jest dla wszystkich gitarzyst\u00f3w solist\u00f3w niezale\u017cnie od wieku, wykszta\u0142cenia i kraju zamieszkania.<\/p>\n<p>W finale konkursu uczestnicy wykonuj\u0105 program z towarzyszeniem Orkiestry Kameralnej Miasta Tychy AUKSO pod dyrekcj\u0105 Marka Mosia.<\/p>\n<p>\u0179r\u00f3d\u0142o: UM Tychy<\/p>\n<div class=\"post-author\" style=\"font-size:13px\">Witold Tr\u00f3lka<\/div><\/div>","protected":false},"excerpt":{"rendered":"<p>Do 31 sierpnia trwa nab\u00f3r zg\u0142osze\u0144 do tegorocznej edycji Mi\u0119dzynarodowego Konkursu Gitarowego \u201e\u015al\u0105ska Jesie\u0144 Gitarowa\u201d, kt\u00f3rego XVIII edycja odb\u0119dzie si\u0119 w dniach 25\u201330 pa\u017adziernika 2022 roku w Tychach. Mi\u0119dzynarodowy Festiwal \u201e\u015al\u0105ska Jesie\u0144 Gitarowa\u201d to jeden z najwi\u0119kszych, jeden z najstarszych, z wyj\u0105tkow\u0105 renom\u0105. \u2013 Gitara&#8230;<\/p>","protected":false},"author":140,"featured_media":40922,"comment_status":"closed","ping_status":"closed","sticky":false,"template":"","format":"standard","meta":{"_acf_changed":false,"footnotes":""},"categories":[241,231],"tags":[1222,289,2994],"class_list":["post-40921","post","type-post","status-publish","format-standard","has-post-thumbnail","hentry","category-kultura","category-tychy","tag-festiwal","tag-muzyka","tag-slaska-jesien-gitarowa"],"acf":[],"yoast_head":"<!-- This site is optimized with the Yoast SEO plugin v27.4 - https:\/\/yoast.com\/product\/yoast-seo-wordpress\/ -->\n<title>\u015al\u0105ska Jesie\u0144 Gitarowa \u2013 nab\u00f3r - Metropolia GZM<\/title>\n<meta name=\"description\" content=\"Oficjalny portal G\u00f3rno\u015bl\u0105sko-Zag\u0142\u0119biowskiej Metropolii\" \/>\n<meta name=\"robots\" content=\"index, follow, max-snippet:-1, max-image-preview:large, max-video-preview:-1\" \/>\n<link rel=\"canonical\" href=\"https:\/\/metropoliagzm.pl\/de\/2022\/07\/26\/slaska-jesien-gitarowa-nabor\/\" \/>\n<meta name=\"twitter:card\" content=\"summary_large_image\" \/>\n<meta name=\"twitter:title\" content=\"\u015al\u0105ska Jesie\u0144 Gitarowa \u2013 nab\u00f3r - Metropolia GZM\" \/>\n<meta name=\"twitter:description\" content=\"Oficjalny portal G\u00f3rno\u015bl\u0105sko-Zag\u0142\u0119biowskiej Metropolii\" \/>\n<meta name=\"twitter:image\" content=\"https:\/\/metropoliagzm.pl\/wp-content\/uploads\/2022\/07\/original-6.jpg\" \/>\n<meta name=\"twitter:label1\" content=\"Geschrieben von\" \/>\n\t<meta name=\"twitter:data1\" content=\"Witold Tr\u00f3lka\" \/>\n\t<meta name=\"twitter:label2\" content=\"Gesch\u00e4tzte Lesezeit\" \/>\n\t<meta name=\"twitter:data2\" content=\"2\u00a0Minuten\" \/>\n<script type=\"application\/ld+json\" class=\"yoast-schema-graph\">{\"@context\":\"https:\\\/\\\/schema.org\",\"@graph\":[{\"@type\":\"Article\",\"@id\":\"https:\\\/\\\/metropoliagzm.pl\\\/2022\\\/07\\\/26\\\/slaska-jesien-gitarowa-nabor\\\/#article\",\"isPartOf\":{\"@id\":\"https:\\\/\\\/metropoliagzm.pl\\\/2022\\\/07\\\/26\\\/slaska-jesien-gitarowa-nabor\\\/\"},\"author\":{\"name\":\"Witold Tr\u00f3lka\",\"@id\":\"https:\\\/\\\/metropoliagzm.pl\\\/en\\\/#\\\/schema\\\/person\\\/96e19c492916cfe1ba595fd2f60d95b8\"},\"headline\":\"\u015al\u0105ska Jesie\u0144 Gitarowa \u2013 nab\u00f3r\",\"datePublished\":\"2022-07-26T12:13:14+00:00\",\"dateModified\":\"2022-07-26T12:17:15+00:00\",\"mainEntityOfPage\":{\"@id\":\"https:\\\/\\\/metropoliagzm.pl\\\/2022\\\/07\\\/26\\\/slaska-jesien-gitarowa-nabor\\\/\"},\"wordCount\":401,\"publisher\":{\"@id\":\"https:\\\/\\\/metropoliagzm.pl\\\/en\\\/#organization\"},\"image\":{\"@id\":\"https:\\\/\\\/metropoliagzm.pl\\\/2022\\\/07\\\/26\\\/slaska-jesien-gitarowa-nabor\\\/#primaryimage\"},\"thumbnailUrl\":\"https:\\\/\\\/metropoliagzm.pl\\\/wp-content\\\/uploads\\\/2022\\\/07\\\/original-6.jpg\",\"keywords\":[\"festiwal\",\"muzyka\",\"\u015al\u0105ska Jesie\u0144 Gitarowa\"],\"articleSection\":[\"Kultura\",\"Tychy\"],\"inLanguage\":\"de\"},{\"@type\":\"WebPage\",\"@id\":\"https:\\\/\\\/metropoliagzm.pl\\\/2022\\\/07\\\/26\\\/slaska-jesien-gitarowa-nabor\\\/\",\"url\":\"https:\\\/\\\/metropoliagzm.pl\\\/2022\\\/07\\\/26\\\/slaska-jesien-gitarowa-nabor\\\/\",\"name\":\"\u015al\u0105ska Jesie\u0144 Gitarowa \u2013 nab\u00f3r - Metropolia GZM\",\"isPartOf\":{\"@id\":\"https:\\\/\\\/metropoliagzm.pl\\\/en\\\/#website\"},\"primaryImageOfPage\":{\"@id\":\"https:\\\/\\\/metropoliagzm.pl\\\/2022\\\/07\\\/26\\\/slaska-jesien-gitarowa-nabor\\\/#primaryimage\"},\"image\":{\"@id\":\"https:\\\/\\\/metropoliagzm.pl\\\/2022\\\/07\\\/26\\\/slaska-jesien-gitarowa-nabor\\\/#primaryimage\"},\"thumbnailUrl\":\"https:\\\/\\\/metropoliagzm.pl\\\/wp-content\\\/uploads\\\/2022\\\/07\\\/original-6.jpg\",\"datePublished\":\"2022-07-26T12:13:14+00:00\",\"dateModified\":\"2022-07-26T12:17:15+00:00\",\"description\":\"Oficjalny portal G\u00f3rno\u015bl\u0105sko-Zag\u0142\u0119biowskiej Metropolii\",\"breadcrumb\":{\"@id\":\"https:\\\/\\\/metropoliagzm.pl\\\/2022\\\/07\\\/26\\\/slaska-jesien-gitarowa-nabor\\\/#breadcrumb\"},\"inLanguage\":\"de\",\"potentialAction\":[{\"@type\":\"ReadAction\",\"target\":[\"https:\\\/\\\/metropoliagzm.pl\\\/2022\\\/07\\\/26\\\/slaska-jesien-gitarowa-nabor\\\/\"]}]},{\"@type\":\"ImageObject\",\"inLanguage\":\"de\",\"@id\":\"https:\\\/\\\/metropoliagzm.pl\\\/2022\\\/07\\\/26\\\/slaska-jesien-gitarowa-nabor\\\/#primaryimage\",\"url\":\"https:\\\/\\\/metropoliagzm.pl\\\/wp-content\\\/uploads\\\/2022\\\/07\\\/original-6.jpg\",\"contentUrl\":\"https:\\\/\\\/metropoliagzm.pl\\\/wp-content\\\/uploads\\\/2022\\\/07\\\/original-6.jpg\",\"width\":800,\"height\":533,\"caption\":\"Foto: UM Tychy\"},{\"@type\":\"BreadcrumbList\",\"@id\":\"https:\\\/\\\/metropoliagzm.pl\\\/2022\\\/07\\\/26\\\/slaska-jesien-gitarowa-nabor\\\/#breadcrumb\",\"itemListElement\":[{\"@type\":\"ListItem\",\"position\":1,\"name\":\"Strona g\u0142\u00f3wna\",\"item\":\"https:\\\/\\\/metropoliagzm.pl\\\/\"},{\"@type\":\"ListItem\",\"position\":2,\"name\":\"\u015al\u0105ska Jesie\u0144 Gitarowa \u2013 nab\u00f3r\"}]},{\"@type\":\"WebSite\",\"@id\":\"https:\\\/\\\/metropoliagzm.pl\\\/en\\\/#website\",\"url\":\"https:\\\/\\\/metropoliagzm.pl\\\/en\\\/\",\"name\":\"Metropolia GZM\",\"description\":\"Oficjalny portal G\u00f3rno\u015bl\u0105sko-Zag\u0142\u0119biowskiej Metropolii\",\"publisher\":{\"@id\":\"https:\\\/\\\/metropoliagzm.pl\\\/en\\\/#organization\"},\"potentialAction\":[{\"@type\":\"SearchAction\",\"target\":{\"@type\":\"EntryPoint\",\"urlTemplate\":\"https:\\\/\\\/metropoliagzm.pl\\\/en\\\/?s={search_term_string}\"},\"query-input\":{\"@type\":\"PropertyValueSpecification\",\"valueRequired\":true,\"valueName\":\"search_term_string\"}}],\"inLanguage\":\"de\"},{\"@type\":\"Organization\",\"@id\":\"https:\\\/\\\/metropoliagzm.pl\\\/en\\\/#organization\",\"name\":\"Metropolia GZM\",\"url\":\"https:\\\/\\\/metropoliagzm.pl\\\/en\\\/\",\"logo\":{\"@type\":\"ImageObject\",\"inLanguage\":\"de\",\"@id\":\"https:\\\/\\\/metropoliagzm.pl\\\/en\\\/#\\\/schema\\\/logo\\\/image\\\/\",\"url\":\"https:\\\/\\\/metropoliagzm.pl\\\/wp-content\\\/uploads\\\/2019\\\/03\\\/Sygnet-strona-glowna.png\",\"contentUrl\":\"https:\\\/\\\/metropoliagzm.pl\\\/wp-content\\\/uploads\\\/2019\\\/03\\\/Sygnet-strona-glowna.png\",\"width\":36,\"height\":45,\"caption\":\"Metropolia GZM\"},\"image\":{\"@id\":\"https:\\\/\\\/metropoliagzm.pl\\\/en\\\/#\\\/schema\\\/logo\\\/image\\\/\"}},{\"@type\":\"Person\",\"@id\":\"https:\\\/\\\/metropoliagzm.pl\\\/en\\\/#\\\/schema\\\/person\\\/96e19c492916cfe1ba595fd2f60d95b8\",\"name\":\"Witold Tr\u00f3lka\",\"image\":{\"@type\":\"ImageObject\",\"inLanguage\":\"de\",\"@id\":\"https:\\\/\\\/secure.gravatar.com\\\/avatar\\\/71e0c635e405b4a3631033f0d6f49e682b54dcd226d647737e1040a5a480d177?s=96&d=mm&r=g\",\"url\":\"https:\\\/\\\/secure.gravatar.com\\\/avatar\\\/71e0c635e405b4a3631033f0d6f49e682b54dcd226d647737e1040a5a480d177?s=96&d=mm&r=g\",\"contentUrl\":\"https:\\\/\\\/secure.gravatar.com\\\/avatar\\\/71e0c635e405b4a3631033f0d6f49e682b54dcd226d647737e1040a5a480d177?s=96&d=mm&r=g\",\"caption\":\"Witold Tr\u00f3lka\"},\"url\":\"https:\\\/\\\/metropoliagzm.pl\\\/de\\\/author\\\/w-trolka\\\/\"}]}<\/script>\n<!-- \/ Yoast SEO plugin. -->","yoast_head_json":{"title":"\u015al\u0105ska Jesie\u0144 Gitarowa \u2013 nab\u00f3r - Metropolia GZM","description":"Oficjalny portal G\u00f3rno\u015bl\u0105sko-Zag\u0142\u0119biowskiej Metropolii","robots":{"index":"index","follow":"follow","max-snippet":"max-snippet:-1","max-image-preview":"max-image-preview:large","max-video-preview":"max-video-preview:-1"},"canonical":"https:\/\/metropoliagzm.pl\/de\/2022\/07\/26\/slaska-jesien-gitarowa-nabor\/","twitter_card":"summary_large_image","twitter_title":"\u015al\u0105ska Jesie\u0144 Gitarowa \u2013 nab\u00f3r - Metropolia GZM","twitter_description":"Oficjalny portal G\u00f3rno\u015bl\u0105sko-Zag\u0142\u0119biowskiej Metropolii","twitter_image":"https:\/\/metropoliagzm.pl\/wp-content\/uploads\/2022\/07\/original-6.jpg","twitter_misc":{"Geschrieben von":"Witold Tr\u00f3lka","Gesch\u00e4tzte Lesezeit":"2\u00a0Minuten"},"schema":{"@context":"https:\/\/schema.org","@graph":[{"@type":"Article","@id":"https:\/\/metropoliagzm.pl\/2022\/07\/26\/slaska-jesien-gitarowa-nabor\/#article","isPartOf":{"@id":"https:\/\/metropoliagzm.pl\/2022\/07\/26\/slaska-jesien-gitarowa-nabor\/"},"author":{"name":"Witold Tr\u00f3lka","@id":"https:\/\/metropoliagzm.pl\/en\/#\/schema\/person\/96e19c492916cfe1ba595fd2f60d95b8"},"headline":"\u015al\u0105ska Jesie\u0144 Gitarowa \u2013 nab\u00f3r","datePublished":"2022-07-26T12:13:14+00:00","dateModified":"2022-07-26T12:17:15+00:00","mainEntityOfPage":{"@id":"https:\/\/metropoliagzm.pl\/2022\/07\/26\/slaska-jesien-gitarowa-nabor\/"},"wordCount":401,"publisher":{"@id":"https:\/\/metropoliagzm.pl\/en\/#organization"},"image":{"@id":"https:\/\/metropoliagzm.pl\/2022\/07\/26\/slaska-jesien-gitarowa-nabor\/#primaryimage"},"thumbnailUrl":"https:\/\/metropoliagzm.pl\/wp-content\/uploads\/2022\/07\/original-6.jpg","keywords":["festiwal","muzyka","\u015al\u0105ska Jesie\u0144 Gitarowa"],"articleSection":["Kultura","Tychy"],"inLanguage":"de"},{"@type":"WebPage","@id":"https:\/\/metropoliagzm.pl\/2022\/07\/26\/slaska-jesien-gitarowa-nabor\/","url":"https:\/\/metropoliagzm.pl\/2022\/07\/26\/slaska-jesien-gitarowa-nabor\/","name":"\u015al\u0105ska Jesie\u0144 Gitarowa \u2013 nab\u00f3r - Metropolia GZM","isPartOf":{"@id":"https:\/\/metropoliagzm.pl\/en\/#website"},"primaryImageOfPage":{"@id":"https:\/\/metropoliagzm.pl\/2022\/07\/26\/slaska-jesien-gitarowa-nabor\/#primaryimage"},"image":{"@id":"https:\/\/metropoliagzm.pl\/2022\/07\/26\/slaska-jesien-gitarowa-nabor\/#primaryimage"},"thumbnailUrl":"https:\/\/metropoliagzm.pl\/wp-content\/uploads\/2022\/07\/original-6.jpg","datePublished":"2022-07-26T12:13:14+00:00","dateModified":"2022-07-26T12:17:15+00:00","description":"Oficjalny portal G\u00f3rno\u015bl\u0105sko-Zag\u0142\u0119biowskiej Metropolii","breadcrumb":{"@id":"https:\/\/metropoliagzm.pl\/2022\/07\/26\/slaska-jesien-gitarowa-nabor\/#breadcrumb"},"inLanguage":"de","potentialAction":[{"@type":"ReadAction","target":["https:\/\/metropoliagzm.pl\/2022\/07\/26\/slaska-jesien-gitarowa-nabor\/"]}]},{"@type":"ImageObject","inLanguage":"de","@id":"https:\/\/metropoliagzm.pl\/2022\/07\/26\/slaska-jesien-gitarowa-nabor\/#primaryimage","url":"https:\/\/metropoliagzm.pl\/wp-content\/uploads\/2022\/07\/original-6.jpg","contentUrl":"https:\/\/metropoliagzm.pl\/wp-content\/uploads\/2022\/07\/original-6.jpg","width":800,"height":533,"caption":"Foto: UM Tychy"},{"@type":"BreadcrumbList","@id":"https:\/\/metropoliagzm.pl\/2022\/07\/26\/slaska-jesien-gitarowa-nabor\/#breadcrumb","itemListElement":[{"@type":"ListItem","position":1,"name":"Strona g\u0142\u00f3wna","item":"https:\/\/metropoliagzm.pl\/"},{"@type":"ListItem","position":2,"name":"\u015al\u0105ska Jesie\u0144 Gitarowa \u2013 nab\u00f3r"}]},{"@type":"WebSite","@id":"https:\/\/metropoliagzm.pl\/en\/#website","url":"https:\/\/metropoliagzm.pl\/en\/","name":"Metropolia GZM","description":"Oficjalny portal G\u00f3rno\u015bl\u0105sko-Zag\u0142\u0119biowskiej Metropolii","publisher":{"@id":"https:\/\/metropoliagzm.pl\/en\/#organization"},"potentialAction":[{"@type":"SearchAction","target":{"@type":"EntryPoint","urlTemplate":"https:\/\/metropoliagzm.pl\/en\/?s={search_term_string}"},"query-input":{"@type":"PropertyValueSpecification","valueRequired":true,"valueName":"search_term_string"}}],"inLanguage":"de"},{"@type":"Organization","@id":"https:\/\/metropoliagzm.pl\/en\/#organization","name":"Metropolia GZM","url":"https:\/\/metropoliagzm.pl\/en\/","logo":{"@type":"ImageObject","inLanguage":"de","@id":"https:\/\/metropoliagzm.pl\/en\/#\/schema\/logo\/image\/","url":"https:\/\/metropoliagzm.pl\/wp-content\/uploads\/2019\/03\/Sygnet-strona-glowna.png","contentUrl":"https:\/\/metropoliagzm.pl\/wp-content\/uploads\/2019\/03\/Sygnet-strona-glowna.png","width":36,"height":45,"caption":"Metropolia GZM"},"image":{"@id":"https:\/\/metropoliagzm.pl\/en\/#\/schema\/logo\/image\/"}},{"@type":"Person","@id":"https:\/\/metropoliagzm.pl\/en\/#\/schema\/person\/96e19c492916cfe1ba595fd2f60d95b8","name":"Witold Tr\u00f3lka","image":{"@type":"ImageObject","inLanguage":"de","@id":"https:\/\/secure.gravatar.com\/avatar\/71e0c635e405b4a3631033f0d6f49e682b54dcd226d647737e1040a5a480d177?s=96&d=mm&r=g","url":"https:\/\/secure.gravatar.com\/avatar\/71e0c635e405b4a3631033f0d6f49e682b54dcd226d647737e1040a5a480d177?s=96&d=mm&r=g","contentUrl":"https:\/\/secure.gravatar.com\/avatar\/71e0c635e405b4a3631033f0d6f49e682b54dcd226d647737e1040a5a480d177?s=96&d=mm&r=g","caption":"Witold Tr\u00f3lka"},"url":"https:\/\/metropoliagzm.pl\/de\/author\/w-trolka\/"}]}},"_links":{"self":[{"href":"https:\/\/metropoliagzm.pl\/de\/wp-json\/wp\/v2\/posts\/40921","targetHints":{"allow":["GET"]}}],"collection":[{"href":"https:\/\/metropoliagzm.pl\/de\/wp-json\/wp\/v2\/posts"}],"about":[{"href":"https:\/\/metropoliagzm.pl\/de\/wp-json\/wp\/v2\/types\/post"}],"author":[{"embeddable":true,"href":"https:\/\/metropoliagzm.pl\/de\/wp-json\/wp\/v2\/users\/140"}],"replies":[{"embeddable":true,"href":"https:\/\/metropoliagzm.pl\/de\/wp-json\/wp\/v2\/comments?post=40921"}],"version-history":[{"count":3,"href":"https:\/\/metropoliagzm.pl\/de\/wp-json\/wp\/v2\/posts\/40921\/revisions"}],"predecessor-version":[{"id":40925,"href":"https:\/\/metropoliagzm.pl\/de\/wp-json\/wp\/v2\/posts\/40921\/revisions\/40925"}],"wp:featuredmedia":[{"embeddable":true,"href":"https:\/\/metropoliagzm.pl\/de\/wp-json\/wp\/v2\/media\/40922"}],"wp:attachment":[{"href":"https:\/\/metropoliagzm.pl\/de\/wp-json\/wp\/v2\/media?parent=40921"}],"wp:term":[{"taxonomy":"category","embeddable":true,"href":"https:\/\/metropoliagzm.pl\/de\/wp-json\/wp\/v2\/categories?post=40921"},{"taxonomy":"post_tag","embeddable":true,"href":"https:\/\/metropoliagzm.pl\/de\/wp-json\/wp\/v2\/tags?post=40921"}],"curies":[{"name":"wp","href":"https:\/\/api.w.org\/{rel}","templated":true}]}}