{"id":44559,"date":"2024-04-12T12:45:43","date_gmt":"2024-04-12T10:45:43","guid":{"rendered":"https:\/\/metropoliagzm.pl\/?p=44559"},"modified":"2024-04-17T09:09:00","modified_gmt":"2024-04-17T07:09:00","slug":"metropolia-stawia-na-rower-miejski","status":"publish","type":"post","link":"https:\/\/metropoliagzm.pl\/de\/2024\/04\/12\/metropolia-stawia-na-rower-miejski\/","title":{"rendered":"GZM stawia na rower"},"content":{"rendered":"<div class=\"pdf-block\"><div class=\"pdfprnt-buttons  pdfprnt-new pdfprnt-buttons-post pdfprnt-top-right\"><div class=\"jssocials-share jssocials-share-twitter\"><a target=\"_blank\" href=\"https:\/\/twitter.com\/share?url=https:\/\/metropoliagzm.pl\/de\/wp-json\/wp\/v2\/posts\/44559;text=44559\" class=\"jssocials-share-link\"><i class=\"fa fa-twitter jssocials-share-logo\"><\/i><\/a><\/div><div class=\"jssocials-share jssocials-share-facebook\"><a target=\"_blank\" href=\"https:\/\/facebook.com\/sharer\/sharer.php?u=https:\/\/metropoliagzm.pl\/de\/wp-json\/wp\/v2\/posts\/44559\" class=\"jssocials-share-link\"><i class=\"fa fa-facebook jssocials-share-logo\"><\/i><\/a><\/div><div class=\"jssocials-share jssocials-share-pinterest\"><a target=\"_blank\" href=\"https:\/\/pinterest.com\/pin\/create\/bookmarklet\/?&amp;url=https:\/\/metropoliagzm.pl\/de\/wp-json\/wp\/v2\/posts\/44559;description=44559\" class=\"jssocials-share-link\"><i class=\"fa fa-pinterest jssocials-share-logo\"><\/i><\/a><\/div><a href=\"https:\/\/metropoliagzm.pl\/de\/wp-json\/wp\/v2\/posts\/44559?print=pdf\" class=\"pdfprnt-button pdfprnt-button-pdf\" target=\"_blank\"><img decoding=\"async\" src=\"https:\/\/metropoliagzm.pl\/wp-content\/plugins\/pdf-print\/images\/pdf.png\" alt=\"image_pdf\" title=\"View PDF\" \/><\/a><a href=\"https:\/\/metropoliagzm.pl\/de\/wp-json\/wp\/v2\/posts\/44559?print=print\" class=\"pdfprnt-button pdfprnt-button-print\" target=\"_blank\"><img decoding=\"async\" src=\"https:\/\/metropoliagzm.pl\/wp-content\/plugins\/pdf-print\/images\/print.png\" alt=\"image_print\" title=\"Print Content\" \/><\/a><\/div><\/div><div class=\"post-block-pdf\"><div class=\"pdfprnt-buttons pdfprnt-buttons-post pdfprnt-top-right\"><a href=\"https:\/\/metropoliagzm.pl\/de\/wp-json\/wp\/v2\/posts\/44559?print=pdf\" class=\"pdfprnt-button pdfprnt-button-pdf\" target=\"_blank\"><img decoding=\"async\" src=\"https:\/\/metropoliagzm.pl\/wp-content\/plugins\/pdf-print\/images\/pdf.png\" alt=\"image_pdf\" title=\"View PDF\" \/><\/a><a href=\"https:\/\/metropoliagzm.pl\/de\/wp-json\/wp\/v2\/posts\/44559?print=print\" class=\"pdfprnt-button pdfprnt-button-print\" target=\"_blank\"><img decoding=\"async\" src=\"https:\/\/metropoliagzm.pl\/wp-content\/plugins\/pdf-print\/images\/print.png\" alt=\"image_print\" title=\"Print Content\" \/><\/a><\/div><p><strong>G\u00f3rno\u015bl\u0105sko-Zag\u0142\u0119biowska Metropolia jako jedyna w Polsce zbudowa\u0142a sw\u00f3j system miejskich wypo\u017cyczalni rower\u00f3w jako r\u00f3wnowa\u017cny element transportu publicznego<\/strong><\/p>\n<p>Metrorower G\u00f3rno\u015bl\u0105sko-Zag\u0142\u0119biowskiej Metropolii, czyli miasta miast, odpowiedzialnego za integracj\u0119 wymagaj\u0105cych tego element\u00f3w funkcjonowania miast i gmin \u015al\u0105ska i Zag\u0142\u0119bia \u2013 to najwi\u0119kszy w Polsce i trzeci w Europie system wypo\u017cyczalni miejskich rower\u00f3w. Na\u00a0ulicach GZM pojawi\u0142o si\u0119 ju\u017c 1860 rower\u00f3w i 267 stacji. A niebawem b\u0119dzie ich wielokrotnie wi\u0119cej.<\/p>\n<p>Nowy system jest ju\u017c dost\u0119pny dla mieszka\u0144c\u00f3w o\u015bmiu miast: Katowic, Sosnowca, Tych\u00f3w, Gliwic, Zabrza, Chorzowa, Siemianowic \u015al\u0105skich i\u00a0Czeladzi. Od 1 sierpnia \u017c\u00f3\u0142te jedno\u015blady pojawi\u0105 si\u0119 w kolejnych 24 gminach. Docelowo system obejmie 7 tysi\u0119cy rower\u00f3w i 924 stacje oraz b\u0119dzie dzia\u0142a\u0142 przez ca\u0142y rok.<\/p>\n<p><em>&#8211; G\u00f3rno\u015bl\u0105sko-Zag\u0142\u0119biowska Metropolia jest najwi\u0119ksz\u0105 metropoli\u0105 w tej cz\u0119\u015bci Europy. Jeste\u015bmy swego rodzaju miastem miast, kt\u00f3re z jednej strony pozwala miastom oraz gminom zachowywa\u0107 swoj\u0105 to\u017csamo\u015b\u0107, a przejmuje i organizuje te obszary \u017cycia miejskiego, gdzie granice wydaj\u0105 si\u0119 zb\u0119dne, czyli na przyk\u0142ad transport. Za\u0142o\u017cenia te idealnie realizuje Metrorower, kt\u00f3ry nie powinien mie\u0107 granic. Druga sprawa to pozycjonowanie roweru w systemie transportowym. W naszej koncepcji nowoczesnego miasta miast\u00a0 jest on traktowany jako r\u00f3wnorz\u0119dny element tego systemu<\/em> \u2013 m\u00f3wi Kazimierz Karolczak \u2013 przewodnicz\u0105cy zarz\u0105du GZM.<\/p>\n<h2><strong>Z autobusu na rower<\/strong><\/h2>\n<p>Metrorower jest elementem systemu Transport GZM, co jest jedynym tego typu rozwi\u0105zaniem w Polsce. Ma to sw\u00f3j wyraz symboliczny \u2013 rowery maj\u0105 t\u0119 sam\u0105 kolorystyk\u0119 i oznakowanie, co autobusy. Ma to r\u00f3wnie\u017c swoje odzwierciedlenie w taryfie \u2013 ka\u017cdy pasa\u017cer posiadaj\u0105cy bilet \u015bredniookresowy lub d\u0142ugookresowy, od biletu dziennego do 180-dniowych, mo\u017ce bezp\u0142atnie korzysta\u0107 z rower\u00f3w przez 60 minut dziennie.<\/p>\n<p>&#8211; Nie traktujemy Metroroweru jako pojazdu rekreacyjnego, chocia\u017c i w tej roli sprawdzi si\u0119 doskonale \u2013 m\u00f3wi Marcin Dworak, pe\u0142nomocnik ds. nowej mobilno\u015bci i rozwoju GZM. &#8211; <em>To element zr\u00f3wnowa\u017conego transportu miejskiego, obok poci\u0105gu, tramwaju, autobusu i trolejbusu. <\/em><em>Do pokonania odcinka pi\u0119ciu kilometr\u00f3w \u2013 bior\u0105c pod uwag\u0119 podr\u00f3\u017c od drzwi do drzwi \u2013 nie ma szybszego \u015brodka transportu ni\u017c rower. A przy korzystaniu z innych \u015brodk\u00f3w transportu, rower to \u015bwietny spos\u00f3b na pokonanie<\/em><em> \u201eostatniej mili\u201d <\/em>\u2013 dodaje Dworak.<\/p>\n<p>Mo\u017cliwo\u015b\u0107 bezp\u0142atnego korzystania z rower\u00f3w dotyczy r\u00f3wnie\u017c os\u00f3b, kt\u00f3re maj\u0105 prawo do bezp\u0142atnego korzystania z sieci Transport GZM, a wi\u0119c m\u0142odzie\u017cy do 16 roku \u017cycia i senior\u00f3w. Aby z nich korzysta\u0107, prawo to musi by\u0107 potwierdzone w\u00a0systemie Transport GZM.<\/p>\n<p>Pozostali u\u017cytkownicy za pierwsze p\u00f3\u0142 godziny jazdy p\u0142ac\u0105 z\u0142ot\u00f3wk\u0119, a za godzin\u0119 2,50 z\u0142. Wraz z d\u0142u\u017cszym czasem stawka za przejazd wzrasta. Aby nie p\u0142aci\u0107 za przejazdy jednorazowe, mo\u017cliwy jest zakup abonamentu rocznego, p\u00f3\u0142rocznego lub miesi\u0119cznego.<\/p>\n<h2><strong><img loading=\"lazy\" decoding=\"async\" class=\"alignnone size-full wp-image-44570\" src=\"https:\/\/metropoliagzm.pl\/wp-content\/uploads\/2024\/04\/DSC00554-a-scaled.jpg\" alt=\"\" width=\"2560\" height=\"1707\" srcset=\"https:\/\/metropoliagzm.pl\/wp-content\/uploads\/2024\/04\/DSC00554-a-scaled.jpg 2560w, https:\/\/metropoliagzm.pl\/wp-content\/uploads\/2024\/04\/DSC00554-a-300x200.jpg 300w, https:\/\/metropoliagzm.pl\/wp-content\/uploads\/2024\/04\/DSC00554-a-1024x683.jpg 1024w, https:\/\/metropoliagzm.pl\/wp-content\/uploads\/2024\/04\/DSC00554-a-768x512.jpg 768w, https:\/\/metropoliagzm.pl\/wp-content\/uploads\/2024\/04\/DSC00554-a-1536x1024.jpg 1536w, https:\/\/metropoliagzm.pl\/wp-content\/uploads\/2024\/04\/DSC00554-a-2048x1365.jpg 2048w, https:\/\/metropoliagzm.pl\/wp-content\/uploads\/2024\/04\/DSC00554-a-18x12.jpg 18w, https:\/\/metropoliagzm.pl\/wp-content\/uploads\/2024\/04\/DSC00554-a-585x390.jpg 585w\" sizes=\"auto, (max-width: 2560px) 100vw, 2560px\" \/>Pierwsze statystyki<\/strong><\/h2>\n<p>O tym, \u017ce mieszka\u0144cy GZM ch\u0119tnie korzystaj\u0105 z Metroroweru, \u015bwiadcz\u0105 statystyki z pierwszego miesi\u0105ca dzia\u0142ania systemu. W okresie tym rowery wypo\u017cyczono 40 tysi\u0119cy razy. Konta w systemie za\u0142o\u017cy\u0142o prawie 18 tysi\u0119cy os\u00f3b. \u015aredni czas pojedynczego przejazdu to 14 minut. Bior\u0105c pod uwag\u0119, \u017ce pierwszy miesi\u0105c dzia\u0142ania systemu obejmuje prze\u0142om lutego i marca, statystyki s\u0105 optymistyczne.<\/p>\n<h2><strong><img loading=\"lazy\" decoding=\"async\" class=\"alignnone size-full wp-image-44571\" src=\"https:\/\/metropoliagzm.pl\/wp-content\/uploads\/2024\/04\/gzm_studio_12_2024_rk_3052-scaled.jpg\" alt=\"\" width=\"2560\" height=\"1707\" srcset=\"https:\/\/metropoliagzm.pl\/wp-content\/uploads\/2024\/04\/gzm_studio_12_2024_rk_3052-scaled.jpg 2560w, https:\/\/metropoliagzm.pl\/wp-content\/uploads\/2024\/04\/gzm_studio_12_2024_rk_3052-300x200.jpg 300w, https:\/\/metropoliagzm.pl\/wp-content\/uploads\/2024\/04\/gzm_studio_12_2024_rk_3052-1024x683.jpg 1024w, https:\/\/metropoliagzm.pl\/wp-content\/uploads\/2024\/04\/gzm_studio_12_2024_rk_3052-768x512.jpg 768w, https:\/\/metropoliagzm.pl\/wp-content\/uploads\/2024\/04\/gzm_studio_12_2024_rk_3052-1536x1024.jpg 1536w, https:\/\/metropoliagzm.pl\/wp-content\/uploads\/2024\/04\/gzm_studio_12_2024_rk_3052-2048x1365.jpg 2048w, https:\/\/metropoliagzm.pl\/wp-content\/uploads\/2024\/04\/gzm_studio_12_2024_rk_3052-18x12.jpg 18w, https:\/\/metropoliagzm.pl\/wp-content\/uploads\/2024\/04\/gzm_studio_12_2024_rk_3052-585x390.jpg 585w\" sizes=\"auto, (max-width: 2560px) 100vw, 2560px\" \/>Lekki, zwinny, nowoczesny <\/strong><\/h2>\n<p>W sieci znajdziemy najnowszy model SmartBike 2.0, kt\u00f3ry jest l\u017cejszy, bardziej zwinny, dynamiczny i wygodny, ni\u017c rowery dost\u0119pne w ramach dotychczasowych system\u00f3w. To\u00a0pojazdy IV generacji, wyposa\u017cone w nadajnik GPS, dzi\u0119ki czemu nie trzeba przypina\u0107 ich do stojak\u00f3w, a system pozwala na\u00a0swobodne przemieszczanie si\u0119 pomi\u0119dzy gminami i pozostawienie roweru w innej miejscowo\u015bci.<\/p>\n<p>Rowery mo\u017cna wypo\u017cycza\u0107 z poziomu dedykowanej aplikacji Metrorower. Mo\u017cna w niej nie tylko \u0142atwo zlokalizowa\u0107 najbli\u017csz\u0105 stacj\u0119 czy rower, ale r\u00f3wnie\u017c sprawdzi\u0107 liczb\u0119 spalonych kalorii czy zmniejszony \u015blad w\u0119glowy. W przysz\u0142o\u015bci rowery b\u0119d\u0105 r\u00f3wnie\u017c dost\u0119pne w aplikacji Transport GZM, z kt\u00f3rej mieszka\u0144cy korzystaj\u0105 kupuj\u0105c bilety na autobus czy tramwaj.<\/p>\n<p>Map\u0119, instrukta\u017c oraz cennik mo\u017cna znale\u017a\u0107 tutaj: <a href=\"http:\/\/www.metrorower.transportgzm.pl\">metrorower.transportgzm.pl<\/a>.<\/p>\n<h2><strong>Z biletem miesi\u0119cznym a\u017c 5 w 1<\/strong><\/h2>\n<p>Specjalne miejsce w taryfie Transport GZM zajmuj\u0105 bilety 30-dniowe. Ka\u017cdy ich posiadacz mo\u017ce porusza\u0107 si\u0119 po wybranym obszarze nie tylko autobusem, trolejbusem lub tramwajem. Opr\u00f3cz tego, \u017ce ma do dyspozycji r\u00f3wnie\u017c Metrorower, od 1 marca tego roku mo\u017ce korzysta\u0107 r\u00f3wnie\u017c z poci\u0105g\u00f3w Kolei \u015al\u0105skich i POLREGIO.<\/p>\n<p>Nowe Metrobilety to wi\u0119ksza elastyczno\u015b\u0107 i du\u017ce u\u0142atwienie w podr\u00f3\u017cowaniu po Metropolii. Teraz wystarczy jeden bilet, z kt\u00f3rym mo\u017cemy wybiera\u0107 najszybsze dost\u0119pne po\u0142\u0105czenia i dogodne przesiadki. Pasa\u017cerowie nie musz\u0105 ju\u017c analizowa\u0107 taryf r\u00f3\u017cnych przewo\u017anik\u00f3w.<\/p>\n<p>Integracja systemu biletowego obejmie r\u00f3wnie\u017c Metrobilet 24 h, kt\u00f3ry uprawnia do nieograniczonych podr\u00f3\u017cy, w ci\u0105gu 24 godzin od skasowania, po ca\u0142ej sieci komunikacji miejskiej Transport GZM oraz na wszystkich liniach kolejowych w obszarze GZM. To wygodna opcja dla os\u00f3b, kt\u00f3re przyje\u017cd\u017caj\u0105 do GZM na 1 dzie\u0144 i chc\u0105 porusza\u0107 si\u0119 r\u00f3\u017cnymi \u015brodkami transportu, w tym rowerem.<\/p>\n<h2><strong>Velostrady <\/strong><\/h2>\n<p>Aby m\u00f3c szybko, wygodnie i bezpiecznie porusza\u0107 si\u0119 na rowerze, GZM, kt\u00f3ra ma charakter policentryczny, jest organizmem sk\u0142adaj\u0105cym si\u0119 z wielu o\u015brodk\u00f3w miejskich, s\u0105siaduj\u0105cych ze sob\u0105 w odleg\u0142o\u015bciach pozwalaj\u0105cych na przemieszczanie si\u0119 rowerem, inwestuje r\u00f3wnie\u017c w Velostrady. To szybkie drogi rowerowe, w wi\u0119kszo\u015bci odseparowane od jezdni i ruchu samochodowego, cz\u0119sto maj\u0105ce przebiega\u0107 po nieczynnych liniach kolei piaskowej.<\/p>\n<p><em>&#8211; Za\u0142o\u017cenie jest takie, aby Velostrady pe\u0142ni\u0142y przede wszystkim funkcj\u0119 transportow\u0105, a jej dope\u0142nieniem mo\u017ce by\u0107 rekreacja. Ich zadaniem jest zapewnienie mo\u017cliwo\u015bci bezpiecznego przejazdu w drodze do pracy, szko\u0142y, czy na uczelni\u0119. W ramach jednego miasta lub pomi\u0119dzy miastami<\/em> \u2013 m\u00f3wi Marcin Dworak.<\/p>\n<p>Budowa pierwszych fragment\u00f3w ju\u017c si\u0119 rozpocz\u0119\u0142a. \u0141\u0105cznie powstanie co najmniej 8 tras o d\u0142ugo\u015bci ok. 120 km.<\/p>\n<h2><strong>W stron\u0119 transportu przysz\u0142o\u015bci <\/strong><\/h2>\n<p>Realizowane przez G\u00f3rno\u015bl\u0105sko-Zag\u0142\u0119biowsk\u0105 Metropoli\u0119 inwestycje w transport rowerowy, a tak\u017ce transport kolejowy i\u00a0komunikacj\u0119 miejsk\u0105, wpisuj\u0105 si\u0119 w cele planu zr\u00f3wnowa\u017conej mobilno\u015bci miejskiej, kt\u00f3ry jest strategicznym dokumentem transportowym w GZM. Plan zak\u0142ada realizacj\u0119 dzia\u0142a\u0144, kt\u00f3re zach\u0119c\u0105 mieszka\u0144c\u00f3w do przesiadki z samochod\u00f3w na bardziej zr\u00f3wnowa\u017cone formy transportu. Efektem ma by\u0107 zmniejszenie ruchu samochodowego w miastach i gminach GZM oraz poprawa jako\u015bci \u017cycia mieszka\u0144c\u00f3w.<\/p>\n<div class=\"post-author\" style=\"font-size:13px\">Witold Tr\u00f3lka<\/div><\/div>","protected":false},"excerpt":{"rendered":"<p>G\u00f3rno\u015bl\u0105sko-Zag\u0142\u0119biowska Metropolia jako jedyna w Polsce zbudowa\u0142a sw\u00f3j system miejskich wypo\u017cyczalni rower\u00f3w jako r\u00f3wnowa\u017cny element transportu publicznego Metrorower G\u00f3rno\u015bl\u0105sko-Zag\u0142\u0119biowskiej Metropolii, czyli miasta miast, odpowiedzialnego za integracj\u0119 wymagaj\u0105cych tego element\u00f3w funkcjonowania miast i gmin \u015al\u0105ska i Zag\u0142\u0119bia \u2013 to najwi\u0119kszy w Polsce i trzeci w Europie&#8230;<\/p>","protected":false},"author":140,"featured_media":44568,"comment_status":"closed","ping_status":"closed","sticky":false,"template":"","format":"standard","meta":{"_acf_changed":false,"footnotes":""},"categories":[236,237],"tags":[3093,2952],"class_list":["post-44559","post","type-post","status-publish","format-standard","has-post-thumbnail","hentry","category-gzm","category-transport-publiczny","tag-metrorower","tag-transport-gzm"],"acf":[],"yoast_head":"<!-- This site is optimized with the Yoast SEO plugin v27.4 - https:\/\/yoast.com\/product\/yoast-seo-wordpress\/ -->\n<title>GZM stawia na rower - Metropolia GZM<\/title>\n<meta name=\"description\" content=\"Oficjalny portal G\u00f3rno\u015bl\u0105sko-Zag\u0142\u0119biowskiej Metropolii\" \/>\n<meta name=\"robots\" content=\"index, follow, max-snippet:-1, max-image-preview:large, max-video-preview:-1\" \/>\n<link rel=\"canonical\" href=\"https:\/\/metropoliagzm.pl\/de\/2024\/04\/12\/metropolia-stawia-na-rower-miejski\/\" \/>\n<meta name=\"twitter:card\" content=\"summary_large_image\" \/>\n<meta name=\"twitter:title\" content=\"GZM stawia na rower - Metropolia GZM\" \/>\n<meta name=\"twitter:description\" content=\"Oficjalny portal G\u00f3rno\u015bl\u0105sko-Zag\u0142\u0119biowskiej Metropolii\" \/>\n<meta name=\"twitter:image\" content=\"https:\/\/metropoliagzm.pl\/wp-content\/uploads\/2024\/04\/gzm_studio_12_2024_rk_2982-scaled.jpg\" \/>\n<meta name=\"twitter:label1\" content=\"Geschrieben von\" \/>\n\t<meta name=\"twitter:data1\" content=\"Witold Tr\u00f3lka\" \/>\n\t<meta name=\"twitter:label2\" content=\"Gesch\u00e4tzte Lesezeit\" \/>\n\t<meta name=\"twitter:data2\" content=\"6\u00a0Minuten\" \/>\n<script type=\"application\/ld+json\" class=\"yoast-schema-graph\">{\"@context\":\"https:\\\/\\\/schema.org\",\"@graph\":[{\"@type\":\"Article\",\"@id\":\"https:\\\/\\\/metropoliagzm.pl\\\/2024\\\/04\\\/12\\\/metropolia-stawia-na-rower-miejski\\\/#article\",\"isPartOf\":{\"@id\":\"https:\\\/\\\/metropoliagzm.pl\\\/2024\\\/04\\\/12\\\/metropolia-stawia-na-rower-miejski\\\/\"},\"author\":{\"name\":\"Witold Tr\u00f3lka\",\"@id\":\"https:\\\/\\\/metropoliagzm.pl\\\/en\\\/#\\\/schema\\\/person\\\/96e19c492916cfe1ba595fd2f60d95b8\"},\"headline\":\"GZM stawia na rower\",\"datePublished\":\"2024-04-12T10:45:43+00:00\",\"dateModified\":\"2024-04-17T07:09:00+00:00\",\"mainEntityOfPage\":{\"@id\":\"https:\\\/\\\/metropoliagzm.pl\\\/2024\\\/04\\\/12\\\/metropolia-stawia-na-rower-miejski\\\/\"},\"wordCount\":1105,\"publisher\":{\"@id\":\"https:\\\/\\\/metropoliagzm.pl\\\/en\\\/#organization\"},\"image\":{\"@id\":\"https:\\\/\\\/metropoliagzm.pl\\\/2024\\\/04\\\/12\\\/metropolia-stawia-na-rower-miejski\\\/#primaryimage\"},\"thumbnailUrl\":\"https:\\\/\\\/metropoliagzm.pl\\\/wp-content\\\/uploads\\\/2024\\\/04\\\/gzm_studio_12_2024_rk_2982-scaled.jpg\",\"keywords\":[\"Metrorower\",\"Transport GZM\"],\"articleSection\":[\"GZM\",\"Transport publiczny\"],\"inLanguage\":\"de\"},{\"@type\":\"WebPage\",\"@id\":\"https:\\\/\\\/metropoliagzm.pl\\\/2024\\\/04\\\/12\\\/metropolia-stawia-na-rower-miejski\\\/\",\"url\":\"https:\\\/\\\/metropoliagzm.pl\\\/2024\\\/04\\\/12\\\/metropolia-stawia-na-rower-miejski\\\/\",\"name\":\"GZM stawia na rower - Metropolia GZM\",\"isPartOf\":{\"@id\":\"https:\\\/\\\/metropoliagzm.pl\\\/en\\\/#website\"},\"primaryImageOfPage\":{\"@id\":\"https:\\\/\\\/metropoliagzm.pl\\\/2024\\\/04\\\/12\\\/metropolia-stawia-na-rower-miejski\\\/#primaryimage\"},\"image\":{\"@id\":\"https:\\\/\\\/metropoliagzm.pl\\\/2024\\\/04\\\/12\\\/metropolia-stawia-na-rower-miejski\\\/#primaryimage\"},\"thumbnailUrl\":\"https:\\\/\\\/metropoliagzm.pl\\\/wp-content\\\/uploads\\\/2024\\\/04\\\/gzm_studio_12_2024_rk_2982-scaled.jpg\",\"datePublished\":\"2024-04-12T10:45:43+00:00\",\"dateModified\":\"2024-04-17T07:09:00+00:00\",\"description\":\"Oficjalny portal G\u00f3rno\u015bl\u0105sko-Zag\u0142\u0119biowskiej Metropolii\",\"breadcrumb\":{\"@id\":\"https:\\\/\\\/metropoliagzm.pl\\\/2024\\\/04\\\/12\\\/metropolia-stawia-na-rower-miejski\\\/#breadcrumb\"},\"inLanguage\":\"de\",\"potentialAction\":[{\"@type\":\"ReadAction\",\"target\":[\"https:\\\/\\\/metropoliagzm.pl\\\/2024\\\/04\\\/12\\\/metropolia-stawia-na-rower-miejski\\\/\"]}]},{\"@type\":\"ImageObject\",\"inLanguage\":\"de\",\"@id\":\"https:\\\/\\\/metropoliagzm.pl\\\/2024\\\/04\\\/12\\\/metropolia-stawia-na-rower-miejski\\\/#primaryimage\",\"url\":\"https:\\\/\\\/metropoliagzm.pl\\\/wp-content\\\/uploads\\\/2024\\\/04\\\/gzm_studio_12_2024_rk_2982-scaled.jpg\",\"contentUrl\":\"https:\\\/\\\/metropoliagzm.pl\\\/wp-content\\\/uploads\\\/2024\\\/04\\\/gzm_studio_12_2024_rk_2982-scaled.jpg\",\"width\":2560,\"height\":1707},{\"@type\":\"BreadcrumbList\",\"@id\":\"https:\\\/\\\/metropoliagzm.pl\\\/2024\\\/04\\\/12\\\/metropolia-stawia-na-rower-miejski\\\/#breadcrumb\",\"itemListElement\":[{\"@type\":\"ListItem\",\"position\":1,\"name\":\"Strona g\u0142\u00f3wna\",\"item\":\"https:\\\/\\\/metropoliagzm.pl\\\/\"},{\"@type\":\"ListItem\",\"position\":2,\"name\":\"GZM stawia na rower\"}]},{\"@type\":\"WebSite\",\"@id\":\"https:\\\/\\\/metropoliagzm.pl\\\/en\\\/#website\",\"url\":\"https:\\\/\\\/metropoliagzm.pl\\\/en\\\/\",\"name\":\"Metropolia GZM\",\"description\":\"Oficjalny portal G\u00f3rno\u015bl\u0105sko-Zag\u0142\u0119biowskiej Metropolii\",\"publisher\":{\"@id\":\"https:\\\/\\\/metropoliagzm.pl\\\/en\\\/#organization\"},\"potentialAction\":[{\"@type\":\"SearchAction\",\"target\":{\"@type\":\"EntryPoint\",\"urlTemplate\":\"https:\\\/\\\/metropoliagzm.pl\\\/en\\\/?s={search_term_string}\"},\"query-input\":{\"@type\":\"PropertyValueSpecification\",\"valueRequired\":true,\"valueName\":\"search_term_string\"}}],\"inLanguage\":\"de\"},{\"@type\":\"Organization\",\"@id\":\"https:\\\/\\\/metropoliagzm.pl\\\/en\\\/#organization\",\"name\":\"Metropolia GZM\",\"url\":\"https:\\\/\\\/metropoliagzm.pl\\\/en\\\/\",\"logo\":{\"@type\":\"ImageObject\",\"inLanguage\":\"de\",\"@id\":\"https:\\\/\\\/metropoliagzm.pl\\\/en\\\/#\\\/schema\\\/logo\\\/image\\\/\",\"url\":\"https:\\\/\\\/metropoliagzm.pl\\\/wp-content\\\/uploads\\\/2019\\\/03\\\/Sygnet-strona-glowna.png\",\"contentUrl\":\"https:\\\/\\\/metropoliagzm.pl\\\/wp-content\\\/uploads\\\/2019\\\/03\\\/Sygnet-strona-glowna.png\",\"width\":36,\"height\":45,\"caption\":\"Metropolia GZM\"},\"image\":{\"@id\":\"https:\\\/\\\/metropoliagzm.pl\\\/en\\\/#\\\/schema\\\/logo\\\/image\\\/\"}},{\"@type\":\"Person\",\"@id\":\"https:\\\/\\\/metropoliagzm.pl\\\/en\\\/#\\\/schema\\\/person\\\/96e19c492916cfe1ba595fd2f60d95b8\",\"name\":\"Witold Tr\u00f3lka\",\"image\":{\"@type\":\"ImageObject\",\"inLanguage\":\"de\",\"@id\":\"https:\\\/\\\/secure.gravatar.com\\\/avatar\\\/71e0c635e405b4a3631033f0d6f49e682b54dcd226d647737e1040a5a480d177?s=96&d=mm&r=g\",\"url\":\"https:\\\/\\\/secure.gravatar.com\\\/avatar\\\/71e0c635e405b4a3631033f0d6f49e682b54dcd226d647737e1040a5a480d177?s=96&d=mm&r=g\",\"contentUrl\":\"https:\\\/\\\/secure.gravatar.com\\\/avatar\\\/71e0c635e405b4a3631033f0d6f49e682b54dcd226d647737e1040a5a480d177?s=96&d=mm&r=g\",\"caption\":\"Witold Tr\u00f3lka\"},\"url\":\"https:\\\/\\\/metropoliagzm.pl\\\/de\\\/author\\\/w-trolka\\\/\"}]}<\/script>\n<!-- \/ Yoast SEO plugin. -->","yoast_head_json":{"title":"GZM stawia na rower - Metropolia GZM","description":"Oficjalny portal G\u00f3rno\u015bl\u0105sko-Zag\u0142\u0119biowskiej Metropolii","robots":{"index":"index","follow":"follow","max-snippet":"max-snippet:-1","max-image-preview":"max-image-preview:large","max-video-preview":"max-video-preview:-1"},"canonical":"https:\/\/metropoliagzm.pl\/de\/2024\/04\/12\/metropolia-stawia-na-rower-miejski\/","twitter_card":"summary_large_image","twitter_title":"GZM stawia na rower - Metropolia GZM","twitter_description":"Oficjalny portal G\u00f3rno\u015bl\u0105sko-Zag\u0142\u0119biowskiej Metropolii","twitter_image":"https:\/\/metropoliagzm.pl\/wp-content\/uploads\/2024\/04\/gzm_studio_12_2024_rk_2982-scaled.jpg","twitter_misc":{"Geschrieben von":"Witold Tr\u00f3lka","Gesch\u00e4tzte Lesezeit":"6\u00a0Minuten"},"schema":{"@context":"https:\/\/schema.org","@graph":[{"@type":"Article","@id":"https:\/\/metropoliagzm.pl\/2024\/04\/12\/metropolia-stawia-na-rower-miejski\/#article","isPartOf":{"@id":"https:\/\/metropoliagzm.pl\/2024\/04\/12\/metropolia-stawia-na-rower-miejski\/"},"author":{"name":"Witold Tr\u00f3lka","@id":"https:\/\/metropoliagzm.pl\/en\/#\/schema\/person\/96e19c492916cfe1ba595fd2f60d95b8"},"headline":"GZM stawia na rower","datePublished":"2024-04-12T10:45:43+00:00","dateModified":"2024-04-17T07:09:00+00:00","mainEntityOfPage":{"@id":"https:\/\/metropoliagzm.pl\/2024\/04\/12\/metropolia-stawia-na-rower-miejski\/"},"wordCount":1105,"publisher":{"@id":"https:\/\/metropoliagzm.pl\/en\/#organization"},"image":{"@id":"https:\/\/metropoliagzm.pl\/2024\/04\/12\/metropolia-stawia-na-rower-miejski\/#primaryimage"},"thumbnailUrl":"https:\/\/metropoliagzm.pl\/wp-content\/uploads\/2024\/04\/gzm_studio_12_2024_rk_2982-scaled.jpg","keywords":["Metrorower","Transport GZM"],"articleSection":["GZM","Transport publiczny"],"inLanguage":"de"},{"@type":"WebPage","@id":"https:\/\/metropoliagzm.pl\/2024\/04\/12\/metropolia-stawia-na-rower-miejski\/","url":"https:\/\/metropoliagzm.pl\/2024\/04\/12\/metropolia-stawia-na-rower-miejski\/","name":"GZM stawia na rower - Metropolia GZM","isPartOf":{"@id":"https:\/\/metropoliagzm.pl\/en\/#website"},"primaryImageOfPage":{"@id":"https:\/\/metropoliagzm.pl\/2024\/04\/12\/metropolia-stawia-na-rower-miejski\/#primaryimage"},"image":{"@id":"https:\/\/metropoliagzm.pl\/2024\/04\/12\/metropolia-stawia-na-rower-miejski\/#primaryimage"},"thumbnailUrl":"https:\/\/metropoliagzm.pl\/wp-content\/uploads\/2024\/04\/gzm_studio_12_2024_rk_2982-scaled.jpg","datePublished":"2024-04-12T10:45:43+00:00","dateModified":"2024-04-17T07:09:00+00:00","description":"Oficjalny portal G\u00f3rno\u015bl\u0105sko-Zag\u0142\u0119biowskiej Metropolii","breadcrumb":{"@id":"https:\/\/metropoliagzm.pl\/2024\/04\/12\/metropolia-stawia-na-rower-miejski\/#breadcrumb"},"inLanguage":"de","potentialAction":[{"@type":"ReadAction","target":["https:\/\/metropoliagzm.pl\/2024\/04\/12\/metropolia-stawia-na-rower-miejski\/"]}]},{"@type":"ImageObject","inLanguage":"de","@id":"https:\/\/metropoliagzm.pl\/2024\/04\/12\/metropolia-stawia-na-rower-miejski\/#primaryimage","url":"https:\/\/metropoliagzm.pl\/wp-content\/uploads\/2024\/04\/gzm_studio_12_2024_rk_2982-scaled.jpg","contentUrl":"https:\/\/metropoliagzm.pl\/wp-content\/uploads\/2024\/04\/gzm_studio_12_2024_rk_2982-scaled.jpg","width":2560,"height":1707},{"@type":"BreadcrumbList","@id":"https:\/\/metropoliagzm.pl\/2024\/04\/12\/metropolia-stawia-na-rower-miejski\/#breadcrumb","itemListElement":[{"@type":"ListItem","position":1,"name":"Strona g\u0142\u00f3wna","item":"https:\/\/metropoliagzm.pl\/"},{"@type":"ListItem","position":2,"name":"GZM stawia na rower"}]},{"@type":"WebSite","@id":"https:\/\/metropoliagzm.pl\/en\/#website","url":"https:\/\/metropoliagzm.pl\/en\/","name":"Metropolia GZM","description":"Oficjalny portal G\u00f3rno\u015bl\u0105sko-Zag\u0142\u0119biowskiej Metropolii","publisher":{"@id":"https:\/\/metropoliagzm.pl\/en\/#organization"},"potentialAction":[{"@type":"SearchAction","target":{"@type":"EntryPoint","urlTemplate":"https:\/\/metropoliagzm.pl\/en\/?s={search_term_string}"},"query-input":{"@type":"PropertyValueSpecification","valueRequired":true,"valueName":"search_term_string"}}],"inLanguage":"de"},{"@type":"Organization","@id":"https:\/\/metropoliagzm.pl\/en\/#organization","name":"Metropolia GZM","url":"https:\/\/metropoliagzm.pl\/en\/","logo":{"@type":"ImageObject","inLanguage":"de","@id":"https:\/\/metropoliagzm.pl\/en\/#\/schema\/logo\/image\/","url":"https:\/\/metropoliagzm.pl\/wp-content\/uploads\/2019\/03\/Sygnet-strona-glowna.png","contentUrl":"https:\/\/metropoliagzm.pl\/wp-content\/uploads\/2019\/03\/Sygnet-strona-glowna.png","width":36,"height":45,"caption":"Metropolia GZM"},"image":{"@id":"https:\/\/metropoliagzm.pl\/en\/#\/schema\/logo\/image\/"}},{"@type":"Person","@id":"https:\/\/metropoliagzm.pl\/en\/#\/schema\/person\/96e19c492916cfe1ba595fd2f60d95b8","name":"Witold Tr\u00f3lka","image":{"@type":"ImageObject","inLanguage":"de","@id":"https:\/\/secure.gravatar.com\/avatar\/71e0c635e405b4a3631033f0d6f49e682b54dcd226d647737e1040a5a480d177?s=96&d=mm&r=g","url":"https:\/\/secure.gravatar.com\/avatar\/71e0c635e405b4a3631033f0d6f49e682b54dcd226d647737e1040a5a480d177?s=96&d=mm&r=g","contentUrl":"https:\/\/secure.gravatar.com\/avatar\/71e0c635e405b4a3631033f0d6f49e682b54dcd226d647737e1040a5a480d177?s=96&d=mm&r=g","caption":"Witold Tr\u00f3lka"},"url":"https:\/\/metropoliagzm.pl\/de\/author\/w-trolka\/"}]}},"_links":{"self":[{"href":"https:\/\/metropoliagzm.pl\/de\/wp-json\/wp\/v2\/posts\/44559","targetHints":{"allow":["GET"]}}],"collection":[{"href":"https:\/\/metropoliagzm.pl\/de\/wp-json\/wp\/v2\/posts"}],"about":[{"href":"https:\/\/metropoliagzm.pl\/de\/wp-json\/wp\/v2\/types\/post"}],"author":[{"embeddable":true,"href":"https:\/\/metropoliagzm.pl\/de\/wp-json\/wp\/v2\/users\/140"}],"replies":[{"embeddable":true,"href":"https:\/\/metropoliagzm.pl\/de\/wp-json\/wp\/v2\/comments?post=44559"}],"version-history":[{"count":9,"href":"https:\/\/metropoliagzm.pl\/de\/wp-json\/wp\/v2\/posts\/44559\/revisions"}],"predecessor-version":[{"id":44574,"href":"https:\/\/metropoliagzm.pl\/de\/wp-json\/wp\/v2\/posts\/44559\/revisions\/44574"}],"wp:featuredmedia":[{"embeddable":true,"href":"https:\/\/metropoliagzm.pl\/de\/wp-json\/wp\/v2\/media\/44568"}],"wp:attachment":[{"href":"https:\/\/metropoliagzm.pl\/de\/wp-json\/wp\/v2\/media?parent=44559"}],"wp:term":[{"taxonomy":"category","embeddable":true,"href":"https:\/\/metropoliagzm.pl\/de\/wp-json\/wp\/v2\/categories?post=44559"},{"taxonomy":"post_tag","embeddable":true,"href":"https:\/\/metropoliagzm.pl\/de\/wp-json\/wp\/v2\/tags?post=44559"}],"curies":[{"name":"wp","href":"https:\/\/api.w.org\/{rel}","templated":true}]}}