{"id":45558,"date":"2024-12-13T12:13:26","date_gmt":"2024-12-13T11:13:26","guid":{"rendered":"https:\/\/metropoliagzm.pl\/?p=45558"},"modified":"2024-12-13T12:13:28","modified_gmt":"2024-12-13T11:13:28","slug":"siemianowicki-mlody-bohater","status":"publish","type":"post","link":"https:\/\/metropoliagzm.pl\/de\/2024\/12\/13\/siemianowicki-mlody-bohater\/","title":{"rendered":"Siemianowicki M\u0142ody Bohater"},"content":{"rendered":"<div class=\"pdf-block\"><div class=\"pdfprnt-buttons  pdfprnt-new pdfprnt-buttons-post pdfprnt-top-right\"><div class=\"jssocials-share jssocials-share-twitter\"><a target=\"_blank\" href=\"https:\/\/twitter.com\/share?url=https:\/\/metropoliagzm.pl\/de\/wp-json\/wp\/v2\/posts\/45558;text=45558\" class=\"jssocials-share-link\"><i class=\"fa fa-twitter jssocials-share-logo\"><\/i><\/a><\/div><div class=\"jssocials-share jssocials-share-facebook\"><a target=\"_blank\" href=\"https:\/\/facebook.com\/sharer\/sharer.php?u=https:\/\/metropoliagzm.pl\/de\/wp-json\/wp\/v2\/posts\/45558\" class=\"jssocials-share-link\"><i class=\"fa fa-facebook jssocials-share-logo\"><\/i><\/a><\/div><div class=\"jssocials-share jssocials-share-pinterest\"><a target=\"_blank\" href=\"https:\/\/pinterest.com\/pin\/create\/bookmarklet\/?&amp;url=https:\/\/metropoliagzm.pl\/de\/wp-json\/wp\/v2\/posts\/45558;description=45558\" class=\"jssocials-share-link\"><i class=\"fa fa-pinterest jssocials-share-logo\"><\/i><\/a><\/div><a href=\"https:\/\/metropoliagzm.pl\/de\/wp-json\/wp\/v2\/posts\/45558?print=pdf\" class=\"pdfprnt-button pdfprnt-button-pdf\" target=\"_blank\"><img decoding=\"async\" src=\"https:\/\/metropoliagzm.pl\/wp-content\/plugins\/pdf-print\/images\/pdf.png\" alt=\"image_pdf\" title=\"View PDF\" \/><\/a><a href=\"https:\/\/metropoliagzm.pl\/de\/wp-json\/wp\/v2\/posts\/45558?print=print\" class=\"pdfprnt-button pdfprnt-button-print\" target=\"_blank\"><img decoding=\"async\" src=\"https:\/\/metropoliagzm.pl\/wp-content\/plugins\/pdf-print\/images\/print.png\" alt=\"image_print\" title=\"Print Content\" \/><\/a><\/div><\/div><div class=\"post-block-pdf\"><div class=\"pdfprnt-buttons pdfprnt-buttons-post pdfprnt-top-right\"><a href=\"https:\/\/metropoliagzm.pl\/de\/wp-json\/wp\/v2\/posts\/45558?print=pdf\" class=\"pdfprnt-button pdfprnt-button-pdf\" target=\"_blank\"><img decoding=\"async\" src=\"https:\/\/metropoliagzm.pl\/wp-content\/plugins\/pdf-print\/images\/pdf.png\" alt=\"image_pdf\" title=\"View PDF\" \/><\/a><a href=\"https:\/\/metropoliagzm.pl\/de\/wp-json\/wp\/v2\/posts\/45558?print=print\" class=\"pdfprnt-button pdfprnt-button-print\" target=\"_blank\"><img decoding=\"async\" src=\"https:\/\/metropoliagzm.pl\/wp-content\/plugins\/pdf-print\/images\/print.png\" alt=\"image_print\" title=\"Print Content\" \/><\/a><\/div><p><strong>Wiedzia\u0142em, \u017ce liczy si\u0119 ka\u017cda sekunda dla ratowania \u017cycia mojego taty. Dlatego nie waha\u0142em si\u0119 ani chwili \u2013 opowiada\u0142 Patryk Mitr\u0119ga podczas spotkania w ratuszu, do kt\u00f3rego przyby\u0142 na zaproszenie prezydenta Rafa\u0142a Piecha. 12-latek z Siemianowic \u015al\u0105skich ca\u0142kiem niedawno w dramatycznej sytuacji zachowa\u0142 zimn\u0105 krew, wezwa\u0142 pomoc i uratowa\u0142 \u017cycie ojcu.\u00a0<\/strong>\u2013\u00a0<strong>Takie postawy trzeba wyr\u00f3\u017cnia\u0107. To bez w\u0105tpienia nasz m\u0142ody bohater \u2013 podkre\u015bla Rafa\u0142 Piech.<\/strong><\/p>\n<p>Co dok\u0142adnie si\u0119 wydarzy\u0142o? \u2013 Tego dnia, jak zwykle, tata obudzi\u0142 nas do szko\u0142y, a nast\u0119pnie zacz\u0105\u0142 rozpala\u0107 w piecu. Wsta\u0142em, a m\u00f3j m\u0142odszy brat Mateusz zosta\u0142 jeszcze w \u0142\u00f3\u017cku. Zobaczy\u0142em nagle, \u017ce tata osun\u0105\u0142 si\u0119 na ziemi\u0119 i uderzy\u0142 g\u0142ow\u0105 w drukark\u0119. Zacz\u0105\u0142 si\u0119 dusi\u0107. M\u00f3wi\u0142em do niego, ale nie reagowa\u0142 \u2013 wspomina przera\u017caj\u0105ce chwile ch\u0142opiec.<\/p>\n<p>Gdy zobaczy\u0142, \u017ce ojciec nie reaguje, chwyci\u0142 za telefon i wykr\u0119ci\u0142 numer alarmowy 112. Na ile m\u00f3g\u0142 spokojnym g\u0142osem opisa\u0142 operatorowi 112 sytuacj\u0119 i czeka\u0142 na instrukcje. \u2013 G\u0142os po drugiej stronie s\u0142uchawki kaza\u0142 po\u0142o\u017cy\u0107 tat\u0119 w pozycji bocznej bezpiecznej. Zrobi\u0142em to i poda\u0142em numer telefonu do mamy, kt\u00f3ra by\u0142 w pracy \u2013 relacjonuje 12-latek. Operator jednocze\u015bnie wys\u0142a\u0142 tzw. formatk\u0119 zg\u0142oszeniow\u0105 do siemianowickich s\u0142u\u017cb. Pierwsi na miejsce dotarli dwaj policjanci z patrolu drogowego: sier\u017c. Szt. Marcin Kusz i st. sier\u017c. Dawid \u017bem\u0142a.<\/p>\n<p>\u2013 Po przyjechaniu na miejsce zg\u0142oszenia zastali\u015bmy dwoje ma\u0142ych dzieci i m\u0119\u017cczyzn\u0119 le\u017c\u0105cego na ziemi, kt\u00f3ry nie wykazywa\u0142 funkcji \u017cyciowych, tzn. nie reagowa\u0142 i nie oddycha\u0142. \u00a0Od razu podj\u0119li\u015bmy akcj\u0119 reanimacyjn\u0105, kolega przej\u0105\u0142 kontakt z operatorem 112, kt\u00f3ry ca\u0142y czas by\u0142 \u201ena \u0142\u0105czach\u201d. Po przyje\u017adzie karetki pogotowia reanimacj\u0119 przej\u0119li ratownicy medyczni \u2013 opowiada st. sier\u017c. Dawid \u017bem\u0142a, kt\u00f3ry podkre\u015bla jednocze\u015bnie, \u017ce przytomno\u015b\u0107 umys\u0142u ch\u0142opca uratowa\u0142o \u017cycie m\u0119\u017cczyzny. \u00a0Sk\u0105d 12-latek wiedzia\u0142, co ma robi\u0107? Okazuje si\u0119, \u017ce t\u0119 wiedz\u0119 wyni\u00f3s\u0142 z domu.<\/p>\n<p>\u2013 Od ma\u0142ego przekazuj\u0119 swoim dzieciom, \u017ce w razie podobnych przypadk\u00f3w nale\u017cy zadzwoni\u0107 pod 112, \u017ce tam uzyskaj\u0105 pomoc. Nigdy nie wiadomo, co mo\u017ce nas w \u017cyciu spotka\u0107, dlatego powtarzam dzieciom, jak si\u0119 zachowa\u0107. Jestem dumna z syna, \u017ce zapami\u0119ta\u0142 moje s\u0142owa i tak zareagowa\u0142 \u2013 nie kryje wzruszenia pani Katarzyna, mama nastolatka.<\/p>\n<p>\u2013 Takie postawy trzeba docenia\u0107 i wyr\u00f3\u017cnia\u0107. My\u015bl\u0119, \u017ce wielu doros\u0142ych w takiej sytuacji uleg\u0142oby panice nie wiedz\u0105c, co maj\u0105 robi\u0107. A ten m\u0142ody cz\u0142owiek od razu wzorowo zareagowa\u0142. To pi\u0119kny przyk\u0142ad dla nas wszystkich \u2013 wyja\u015bnia prezydent Rafa\u0142 Piech.<\/p>\n<p>W zwi\u0105zku z tym wydarzeniem prezydent zarz\u0105dzaniem ustanowi\u0142 specjalne odznaczenie Siemianowickiego M\u0142odego Bohatera. Patryk i jego brat Mateusz jako pierwsi zostali nim uhonorowani, zapisuj\u0105c si\u0119 na sta\u0142e w kartach historii miasta. Podczas spotkania, w kt\u00f3rym wzi\u0105\u0142 udzia\u0142 tak\u017ce komendant Komendy Miejskiej Policji w Siemianowicach \u015al. insp. Waldemar Wierzycki, w\u0142odarz miasta podzi\u0119kowa\u0142 tak\u017ce policjantom, kt\u00f3rym wr\u0119czy\u0142 listy gratulacyjne.<\/p>\n<figure class=\"wp-block-gallery has-nested-images columns-default is-cropped wp-block-gallery-1 is-layout-flex wp-block-gallery-is-layout-flex\">\n<figure class=\"wp-block-image size-large\"><a class=\"swipebox\" title=\"\" href=\"https:\/\/siemianowice.pl\/wp-content\/uploads\/2024\/12\/2024-12-12_Mali-Bohaterowie-u-PRP_f_0003.jpg\" data-rel=\"lightbox-gallery-0\" data-rl_title=\"\" data-rl_caption=\"\"><img loading=\"lazy\" decoding=\"async\" class=\"wp-image-53964 ls-is-cached lazyloaded\" src=\"https:\/\/siemianowice.pl\/wp-content\/uploads\/2024\/12\/2024-12-12_Mali-Bohaterowie-u-PRP_f_0003-1024x684.jpg\" alt=\"\" width=\"1024\" height=\"684\" data-id=\"53964\" data-src=\"https:\/\/siemianowice.pl\/wp-content\/uploads\/2024\/12\/2024-12-12_Mali-Bohaterowie-u-PRP_f_0003-1024x684.jpg\" data-srcset=\"https:\/\/siemianowice.pl\/wp-content\/uploads\/2024\/12\/2024-12-12_Mali-Bohaterowie-u-PRP_f_0003-1024x684.jpg 1024w, https:\/\/siemianowice.pl\/wp-content\/uploads\/2024\/12\/2024-12-12_Mali-Bohaterowie-u-PRP_f_0003-300x200.jpg 300w, https:\/\/siemianowice.pl\/wp-content\/uploads\/2024\/12\/2024-12-12_Mali-Bohaterowie-u-PRP_f_0003-150x100.jpg 150w, https:\/\/siemianowice.pl\/wp-content\/uploads\/2024\/12\/2024-12-12_Mali-Bohaterowie-u-PRP_f_0003-768x513.jpg 768w, https:\/\/siemianowice.pl\/wp-content\/uploads\/2024\/12\/2024-12-12_Mali-Bohaterowie-u-PRP_f_0003-1536x1026.jpg 1536w, https:\/\/siemianowice.pl\/wp-content\/uploads\/2024\/12\/2024-12-12_Mali-Bohaterowie-u-PRP_f_0003-2048x1368.jpg 2048w, https:\/\/siemianowice.pl\/wp-content\/uploads\/2024\/12\/2024-12-12_Mali-Bohaterowie-u-PRP_f_0003-480x320.jpg 480w, https:\/\/siemianowice.pl\/wp-content\/uploads\/2024\/12\/2024-12-12_Mali-Bohaterowie-u-PRP_f_0003-360x240.jpg 360w\" data-sizes=\"(max-width: 1024px) 100vw, 1024px\" \/><\/a><\/figure>\n<figure class=\"wp-block-image size-large\"><a class=\"swipebox\" title=\"\" href=\"https:\/\/siemianowice.pl\/wp-content\/uploads\/2024\/12\/2024-12-12_Mali-Bohaterowie-u-PRP_f_0002.jpg\" data-rel=\"lightbox-gallery-0\" data-rl_title=\"\" data-rl_caption=\"\"><img loading=\"lazy\" decoding=\"async\" class=\"wp-image-53963 lazyloaded\" src=\"https:\/\/siemianowice.pl\/wp-content\/uploads\/2024\/12\/2024-12-12_Mali-Bohaterowie-u-PRP_f_0002-1024x684.jpg\" alt=\"\" width=\"1024\" height=\"684\" data-id=\"53963\" data-src=\"https:\/\/siemianowice.pl\/wp-content\/uploads\/2024\/12\/2024-12-12_Mali-Bohaterowie-u-PRP_f_0002-1024x684.jpg\" data-srcset=\"https:\/\/siemianowice.pl\/wp-content\/uploads\/2024\/12\/2024-12-12_Mali-Bohaterowie-u-PRP_f_0002-1024x684.jpg 1024w, https:\/\/siemianowice.pl\/wp-content\/uploads\/2024\/12\/2024-12-12_Mali-Bohaterowie-u-PRP_f_0002-300x200.jpg 300w, https:\/\/siemianowice.pl\/wp-content\/uploads\/2024\/12\/2024-12-12_Mali-Bohaterowie-u-PRP_f_0002-150x100.jpg 150w, https:\/\/siemianowice.pl\/wp-content\/uploads\/2024\/12\/2024-12-12_Mali-Bohaterowie-u-PRP_f_0002-768x513.jpg 768w, https:\/\/siemianowice.pl\/wp-content\/uploads\/2024\/12\/2024-12-12_Mali-Bohaterowie-u-PRP_f_0002-1536x1026.jpg 1536w, https:\/\/siemianowice.pl\/wp-content\/uploads\/2024\/12\/2024-12-12_Mali-Bohaterowie-u-PRP_f_0002-2048x1368.jpg 2048w, https:\/\/siemianowice.pl\/wp-content\/uploads\/2024\/12\/2024-12-12_Mali-Bohaterowie-u-PRP_f_0002-480x320.jpg 480w, https:\/\/siemianowice.pl\/wp-content\/uploads\/2024\/12\/2024-12-12_Mali-Bohaterowie-u-PRP_f_0002-360x240.jpg 360w\" data-sizes=\"(max-width: 1024px) 100vw, 1024px\" \/><\/a><\/figure>\n<figure class=\"wp-block-image size-large\"><a class=\"swipebox\" title=\"\" href=\"https:\/\/siemianowice.pl\/wp-content\/uploads\/2024\/12\/2024-12-12_Mali-Bohaterowie-u-PRP_f_0001.jpg\" data-rel=\"lightbox-gallery-0\" data-rl_title=\"\" data-rl_caption=\"\"><img loading=\"lazy\" decoding=\"async\" class=\"wp-image-53962 ls-is-cached lazyloaded\" src=\"https:\/\/siemianowice.pl\/wp-content\/uploads\/2024\/12\/2024-12-12_Mali-Bohaterowie-u-PRP_f_0001-1024x684.jpg\" alt=\"\" width=\"1024\" height=\"684\" data-id=\"53962\" data-src=\"https:\/\/siemianowice.pl\/wp-content\/uploads\/2024\/12\/2024-12-12_Mali-Bohaterowie-u-PRP_f_0001-1024x684.jpg\" data-srcset=\"https:\/\/siemianowice.pl\/wp-content\/uploads\/2024\/12\/2024-12-12_Mali-Bohaterowie-u-PRP_f_0001-1024x684.jpg 1024w, https:\/\/siemianowice.pl\/wp-content\/uploads\/2024\/12\/2024-12-12_Mali-Bohaterowie-u-PRP_f_0001-300x200.jpg 300w, https:\/\/siemianowice.pl\/wp-content\/uploads\/2024\/12\/2024-12-12_Mali-Bohaterowie-u-PRP_f_0001-150x100.jpg 150w, https:\/\/siemianowice.pl\/wp-content\/uploads\/2024\/12\/2024-12-12_Mali-Bohaterowie-u-PRP_f_0001-768x513.jpg 768w, https:\/\/siemianowice.pl\/wp-content\/uploads\/2024\/12\/2024-12-12_Mali-Bohaterowie-u-PRP_f_0001-1536x1026.jpg 1536w, https:\/\/siemianowice.pl\/wp-content\/uploads\/2024\/12\/2024-12-12_Mali-Bohaterowie-u-PRP_f_0001-2048x1368.jpg 2048w, https:\/\/siemianowice.pl\/wp-content\/uploads\/2024\/12\/2024-12-12_Mali-Bohaterowie-u-PRP_f_0001-480x320.jpg 480w, https:\/\/siemianowice.pl\/wp-content\/uploads\/2024\/12\/2024-12-12_Mali-Bohaterowie-u-PRP_f_0001-360x240.jpg 360w\" data-sizes=\"(max-width: 1024px) 100vw, 1024px\" \/><\/a><\/figure>\n<figure class=\"wp-block-image size-large\"><a class=\"swipebox\" title=\"\" href=\"https:\/\/siemianowice.pl\/wp-content\/uploads\/2024\/12\/2024-12-12_Mali-Bohaterowie-u-PRP_f_0004.jpg\" data-rel=\"lightbox-gallery-0\" data-rl_title=\"\" data-rl_caption=\"\"><img loading=\"lazy\" decoding=\"async\" class=\"wp-image-53965 ls-is-cached lazyloaded\" src=\"https:\/\/siemianowice.pl\/wp-content\/uploads\/2024\/12\/2024-12-12_Mali-Bohaterowie-u-PRP_f_0004-1024x684.jpg\" alt=\"\" width=\"1024\" height=\"684\" data-id=\"53965\" data-src=\"https:\/\/siemianowice.pl\/wp-content\/uploads\/2024\/12\/2024-12-12_Mali-Bohaterowie-u-PRP_f_0004-1024x684.jpg\" data-srcset=\"https:\/\/siemianowice.pl\/wp-content\/uploads\/2024\/12\/2024-12-12_Mali-Bohaterowie-u-PRP_f_0004-1024x684.jpg 1024w, https:\/\/siemianowice.pl\/wp-content\/uploads\/2024\/12\/2024-12-12_Mali-Bohaterowie-u-PRP_f_0004-300x200.jpg 300w, https:\/\/siemianowice.pl\/wp-content\/uploads\/2024\/12\/2024-12-12_Mali-Bohaterowie-u-PRP_f_0004-150x100.jpg 150w, https:\/\/siemianowice.pl\/wp-content\/uploads\/2024\/12\/2024-12-12_Mali-Bohaterowie-u-PRP_f_0004-768x513.jpg 768w, https:\/\/siemianowice.pl\/wp-content\/uploads\/2024\/12\/2024-12-12_Mali-Bohaterowie-u-PRP_f_0004-1536x1026.jpg 1536w, https:\/\/siemianowice.pl\/wp-content\/uploads\/2024\/12\/2024-12-12_Mali-Bohaterowie-u-PRP_f_0004-2048x1368.jpg 2048w, https:\/\/siemianowice.pl\/wp-content\/uploads\/2024\/12\/2024-12-12_Mali-Bohaterowie-u-PRP_f_0004-480x320.jpg 480w, https:\/\/siemianowice.pl\/wp-content\/uploads\/2024\/12\/2024-12-12_Mali-Bohaterowie-u-PRP_f_0004-360x240.jpg 360w\" data-sizes=\"(max-width: 1024px) 100vw, 1024px\" \/><\/a><\/figure>\n<figure class=\"wp-block-image size-large\"><a class=\"swipebox\" title=\"\" href=\"https:\/\/siemianowice.pl\/wp-content\/uploads\/2024\/12\/2024-12-12_Mali-Bohaterowie-u-PRP_f_0008.jpg\" data-rel=\"lightbox-gallery-0\" data-rl_title=\"\" data-rl_caption=\"\"><img loading=\"lazy\" decoding=\"async\" class=\"wp-image-53969 ls-is-cached lazyloaded\" src=\"https:\/\/siemianowice.pl\/wp-content\/uploads\/2024\/12\/2024-12-12_Mali-Bohaterowie-u-PRP_f_0008-1024x684.jpg\" alt=\"\" width=\"1024\" height=\"684\" data-id=\"53969\" data-src=\"https:\/\/siemianowice.pl\/wp-content\/uploads\/2024\/12\/2024-12-12_Mali-Bohaterowie-u-PRP_f_0008-1024x684.jpg\" data-srcset=\"https:\/\/siemianowice.pl\/wp-content\/uploads\/2024\/12\/2024-12-12_Mali-Bohaterowie-u-PRP_f_0008-1024x684.jpg 1024w, https:\/\/siemianowice.pl\/wp-content\/uploads\/2024\/12\/2024-12-12_Mali-Bohaterowie-u-PRP_f_0008-300x200.jpg 300w, https:\/\/siemianowice.pl\/wp-content\/uploads\/2024\/12\/2024-12-12_Mali-Bohaterowie-u-PRP_f_0008-150x100.jpg 150w, https:\/\/siemianowice.pl\/wp-content\/uploads\/2024\/12\/2024-12-12_Mali-Bohaterowie-u-PRP_f_0008-768x513.jpg 768w, https:\/\/siemianowice.pl\/wp-content\/uploads\/2024\/12\/2024-12-12_Mali-Bohaterowie-u-PRP_f_0008-1536x1026.jpg 1536w, https:\/\/siemianowice.pl\/wp-content\/uploads\/2024\/12\/2024-12-12_Mali-Bohaterowie-u-PRP_f_0008-2048x1368.jpg 2048w, https:\/\/siemianowice.pl\/wp-content\/uploads\/2024\/12\/2024-12-12_Mali-Bohaterowie-u-PRP_f_0008-480x320.jpg 480w, https:\/\/siemianowice.pl\/wp-content\/uploads\/2024\/12\/2024-12-12_Mali-Bohaterowie-u-PRP_f_0008-360x240.jpg 360w\" data-sizes=\"(max-width: 1024px) 100vw, 1024px\" \/><\/a><\/figure>\n<figure class=\"wp-block-image size-large\"><a class=\"swipebox\" title=\"\" href=\"https:\/\/siemianowice.pl\/wp-content\/uploads\/2024\/12\/2024-12-12_Mali-Bohaterowie-u-PRP_f_0007.jpg\" data-rel=\"lightbox-gallery-0\" data-rl_title=\"\" data-rl_caption=\"\"><img loading=\"lazy\" decoding=\"async\" class=\"wp-image-53968 ls-is-cached lazyloaded\" src=\"https:\/\/siemianowice.pl\/wp-content\/uploads\/2024\/12\/2024-12-12_Mali-Bohaterowie-u-PRP_f_0007-1024x684.jpg\" alt=\"\" width=\"1024\" height=\"684\" data-id=\"53968\" data-src=\"https:\/\/siemianowice.pl\/wp-content\/uploads\/2024\/12\/2024-12-12_Mali-Bohaterowie-u-PRP_f_0007-1024x684.jpg\" data-srcset=\"https:\/\/siemianowice.pl\/wp-content\/uploads\/2024\/12\/2024-12-12_Mali-Bohaterowie-u-PRP_f_0007-1024x684.jpg 1024w, https:\/\/siemianowice.pl\/wp-content\/uploads\/2024\/12\/2024-12-12_Mali-Bohaterowie-u-PRP_f_0007-300x200.jpg 300w, https:\/\/siemianowice.pl\/wp-content\/uploads\/2024\/12\/2024-12-12_Mali-Bohaterowie-u-PRP_f_0007-150x100.jpg 150w, https:\/\/siemianowice.pl\/wp-content\/uploads\/2024\/12\/2024-12-12_Mali-Bohaterowie-u-PRP_f_0007-768x513.jpg 768w, https:\/\/siemianowice.pl\/wp-content\/uploads\/2024\/12\/2024-12-12_Mali-Bohaterowie-u-PRP_f_0007-1536x1026.jpg 1536w, https:\/\/siemianowice.pl\/wp-content\/uploads\/2024\/12\/2024-12-12_Mali-Bohaterowie-u-PRP_f_0007-2048x1368.jpg 2048w, https:\/\/siemianowice.pl\/wp-content\/uploads\/2024\/12\/2024-12-12_Mali-Bohaterowie-u-PRP_f_0007-480x320.jpg 480w, https:\/\/siemianowice.pl\/wp-content\/uploads\/2024\/12\/2024-12-12_Mali-Bohaterowie-u-PRP_f_0007-360x240.jpg 360w\" data-sizes=\"(max-width: 1024px) 100vw, 1024px\" \/><\/a><\/figure>\n<figure class=\"wp-block-image size-large\"><a class=\"swipebox\" title=\"\" href=\"https:\/\/siemianowice.pl\/wp-content\/uploads\/2024\/12\/2024-12-12_Mali-Bohaterowie-u-PRP_f_0005.jpg\" data-rel=\"lightbox-gallery-0\" data-rl_title=\"\" data-rl_caption=\"\"><img loading=\"lazy\" decoding=\"async\" class=\"wp-image-53966 ls-is-cached lazyloaded\" src=\"https:\/\/siemianowice.pl\/wp-content\/uploads\/2024\/12\/2024-12-12_Mali-Bohaterowie-u-PRP_f_0005-1024x684.jpg\" alt=\"\" width=\"1024\" height=\"684\" data-id=\"53966\" data-src=\"https:\/\/siemianowice.pl\/wp-content\/uploads\/2024\/12\/2024-12-12_Mali-Bohaterowie-u-PRP_f_0005-1024x684.jpg\" data-srcset=\"https:\/\/siemianowice.pl\/wp-content\/uploads\/2024\/12\/2024-12-12_Mali-Bohaterowie-u-PRP_f_0005-1024x684.jpg 1024w, https:\/\/siemianowice.pl\/wp-content\/uploads\/2024\/12\/2024-12-12_Mali-Bohaterowie-u-PRP_f_0005-300x200.jpg 300w, https:\/\/siemianowice.pl\/wp-content\/uploads\/2024\/12\/2024-12-12_Mali-Bohaterowie-u-PRP_f_0005-150x100.jpg 150w, https:\/\/siemianowice.pl\/wp-content\/uploads\/2024\/12\/2024-12-12_Mali-Bohaterowie-u-PRP_f_0005-768x513.jpg 768w, https:\/\/siemianowice.pl\/wp-content\/uploads\/2024\/12\/2024-12-12_Mali-Bohaterowie-u-PRP_f_0005-1536x1026.jpg 1536w, https:\/\/siemianowice.pl\/wp-content\/uploads\/2024\/12\/2024-12-12_Mali-Bohaterowie-u-PRP_f_0005-2048x1368.jpg 2048w, https:\/\/siemianowice.pl\/wp-content\/uploads\/2024\/12\/2024-12-12_Mali-Bohaterowie-u-PRP_f_0005-480x320.jpg 480w, https:\/\/siemianowice.pl\/wp-content\/uploads\/2024\/12\/2024-12-12_Mali-Bohaterowie-u-PRP_f_0005-360x240.jpg 360w\" data-sizes=\"(max-width: 1024px) 100vw, 1024px\" \/><\/a><\/figure>\n<figure class=\"wp-block-image size-large\"><a class=\"swipebox\" title=\"\" href=\"https:\/\/siemianowice.pl\/wp-content\/uploads\/2024\/12\/2024-12-12_Mali-Bohaterowie-u-PRP_f_0009.jpg\" data-rel=\"lightbox-gallery-0\" data-rl_title=\"\" data-rl_caption=\"\"><img loading=\"lazy\" decoding=\"async\" class=\"wp-image-53970 ls-is-cached lazyloaded\" src=\"https:\/\/siemianowice.pl\/wp-content\/uploads\/2024\/12\/2024-12-12_Mali-Bohaterowie-u-PRP_f_0009-1024x684.jpg\" alt=\"\" width=\"1024\" height=\"684\" data-id=\"53970\" data-src=\"https:\/\/siemianowice.pl\/wp-content\/uploads\/2024\/12\/2024-12-12_Mali-Bohaterowie-u-PRP_f_0009-1024x684.jpg\" data-srcset=\"https:\/\/siemianowice.pl\/wp-content\/uploads\/2024\/12\/2024-12-12_Mali-Bohaterowie-u-PRP_f_0009-1024x684.jpg 1024w, https:\/\/siemianowice.pl\/wp-content\/uploads\/2024\/12\/2024-12-12_Mali-Bohaterowie-u-PRP_f_0009-300x200.jpg 300w, https:\/\/siemianowice.pl\/wp-content\/uploads\/2024\/12\/2024-12-12_Mali-Bohaterowie-u-PRP_f_0009-150x100.jpg 150w, https:\/\/siemianowice.pl\/wp-content\/uploads\/2024\/12\/2024-12-12_Mali-Bohaterowie-u-PRP_f_0009-768x513.jpg 768w, https:\/\/siemianowice.pl\/wp-content\/uploads\/2024\/12\/2024-12-12_Mali-Bohaterowie-u-PRP_f_0009-1536x1026.jpg 1536w, https:\/\/siemianowice.pl\/wp-content\/uploads\/2024\/12\/2024-12-12_Mali-Bohaterowie-u-PRP_f_0009-2048x1368.jpg 2048w, https:\/\/siemianowice.pl\/wp-content\/uploads\/2024\/12\/2024-12-12_Mali-Bohaterowie-u-PRP_f_0009-480x320.jpg 480w, https:\/\/siemianowice.pl\/wp-content\/uploads\/2024\/12\/2024-12-12_Mali-Bohaterowie-u-PRP_f_0009-360x240.jpg 360w\" data-sizes=\"(max-width: 1024px) 100vw, 1024px\" \/><\/a><\/figure>\n<figure class=\"wp-block-image size-large\"><a class=\"swipebox\" title=\"\" href=\"https:\/\/siemianowice.pl\/wp-content\/uploads\/2024\/12\/2024-12-12_Mali-Bohaterowie-u-PRP_f_0006.jpg\" data-rel=\"lightbox-gallery-0\" data-rl_title=\"\" data-rl_caption=\"\"><img loading=\"lazy\" decoding=\"async\" class=\"wp-image-53967 ls-is-cached lazyloaded\" src=\"https:\/\/siemianowice.pl\/wp-content\/uploads\/2024\/12\/2024-12-12_Mali-Bohaterowie-u-PRP_f_0006-1024x684.jpg\" alt=\"\" width=\"1024\" height=\"684\" data-id=\"53967\" data-src=\"https:\/\/siemianowice.pl\/wp-content\/uploads\/2024\/12\/2024-12-12_Mali-Bohaterowie-u-PRP_f_0006-1024x684.jpg\" data-srcset=\"https:\/\/siemianowice.pl\/wp-content\/uploads\/2024\/12\/2024-12-12_Mali-Bohaterowie-u-PRP_f_0006-1024x684.jpg 1024w, https:\/\/siemianowice.pl\/wp-content\/uploads\/2024\/12\/2024-12-12_Mali-Bohaterowie-u-PRP_f_0006-300x200.jpg 300w, https:\/\/siemianowice.pl\/wp-content\/uploads\/2024\/12\/2024-12-12_Mali-Bohaterowie-u-PRP_f_0006-150x100.jpg 150w, https:\/\/siemianowice.pl\/wp-content\/uploads\/2024\/12\/2024-12-12_Mali-Bohaterowie-u-PRP_f_0006-768x513.jpg 768w, https:\/\/siemianowice.pl\/wp-content\/uploads\/2024\/12\/2024-12-12_Mali-Bohaterowie-u-PRP_f_0006-1536x1026.jpg 1536w, https:\/\/siemianowice.pl\/wp-content\/uploads\/2024\/12\/2024-12-12_Mali-Bohaterowie-u-PRP_f_0006-2048x1368.jpg 2048w, https:\/\/siemianowice.pl\/wp-content\/uploads\/2024\/12\/2024-12-12_Mali-Bohaterowie-u-PRP_f_0006-480x320.jpg 480w, https:\/\/siemianowice.pl\/wp-content\/uploads\/2024\/12\/2024-12-12_Mali-Bohaterowie-u-PRP_f_0006-360x240.jpg 360w\" data-sizes=\"(max-width: 1024px) 100vw, 1024px\" \/><\/a><\/figure>\n<\/figure>\n<p>&nbsp;<\/p>\n<div class=\"post-author\" style=\"font-size:13px\">Siemianowice \u015al\u0105skie<\/div><\/div>","protected":false},"excerpt":{"rendered":"<p>Wiedzia\u0142em, \u017ce liczy si\u0119 ka\u017cda sekunda dla ratowania \u017cycia mojego taty. Dlatego nie waha\u0142em si\u0119 ani chwili \u2013 opowiada\u0142 Patryk Mitr\u0119ga podczas spotkania w ratuszu, do kt\u00f3rego przyby\u0142 na zaproszenie prezydenta Rafa\u0142a Piecha. 12-latek z Siemianowic \u015al\u0105skich ca\u0142kiem niedawno w dramatycznej sytuacji zachowa\u0142 zimn\u0105 krew,&#8230;<\/p>","protected":false},"author":117,"featured_media":45561,"comment_status":"closed","ping_status":"closed","sticky":false,"template":"","format":"standard","meta":{"_acf_changed":false,"footnotes":""},"categories":[223],"tags":[],"class_list":["post-45558","post","type-post","status-publish","format-standard","has-post-thumbnail","hentry","category-siemianowice-slaskie"],"acf":[],"yoast_head":"<!-- This site is optimized with the Yoast SEO plugin v27.4 - https:\/\/yoast.com\/product\/yoast-seo-wordpress\/ -->\n<title>Siemianowicki M\u0142ody Bohater - Metropolia GZM<\/title>\n<meta name=\"description\" content=\"Oficjalny portal G\u00f3rno\u015bl\u0105sko-Zag\u0142\u0119biowskiej Metropolii\" \/>\n<meta name=\"robots\" content=\"index, follow, max-snippet:-1, max-image-preview:large, max-video-preview:-1\" \/>\n<link rel=\"canonical\" href=\"https:\/\/metropoliagzm.pl\/de\/2024\/12\/13\/siemianowicki-mlody-bohater\/\" \/>\n<meta name=\"twitter:card\" content=\"summary_large_image\" \/>\n<meta name=\"twitter:title\" content=\"Siemianowicki M\u0142ody Bohater - Metropolia GZM\" \/>\n<meta name=\"twitter:description\" content=\"Oficjalny portal G\u00f3rno\u015bl\u0105sko-Zag\u0142\u0119biowskiej Metropolii\" \/>\n<meta name=\"twitter:image\" content=\"https:\/\/metropoliagzm.pl\/wp-content\/uploads\/2024\/12\/2024-12-12_Mali-Bohaterowie-u-PRP_f_0004.jpg\" \/>\n<meta name=\"twitter:label1\" content=\"Geschrieben von\" \/>\n\t<meta name=\"twitter:data1\" content=\"Siemianowice \u015al\u0105skie\" \/>\n\t<meta name=\"twitter:label2\" content=\"Gesch\u00e4tzte Lesezeit\" \/>\n\t<meta name=\"twitter:data2\" content=\"5\u00a0Minuten\" \/>\n<script type=\"application\/ld+json\" class=\"yoast-schema-graph\">{\"@context\":\"https:\\\/\\\/schema.org\",\"@graph\":[{\"@type\":\"Article\",\"@id\":\"https:\\\/\\\/metropoliagzm.pl\\\/2024\\\/12\\\/13\\\/siemianowicki-mlody-bohater\\\/#article\",\"isPartOf\":{\"@id\":\"https:\\\/\\\/metropoliagzm.pl\\\/2024\\\/12\\\/13\\\/siemianowicki-mlody-bohater\\\/\"},\"author\":{\"name\":\"Siemianowice \u015al\u0105skie\",\"@id\":\"https:\\\/\\\/metropoliagzm.pl\\\/en\\\/#\\\/schema\\\/person\\\/b3c0139a2826fd7da39053ca5a9109c4\"},\"headline\":\"Siemianowicki M\u0142ody Bohater\",\"datePublished\":\"2024-12-13T11:13:26+00:00\",\"dateModified\":\"2024-12-13T11:13:28+00:00\",\"mainEntityOfPage\":{\"@id\":\"https:\\\/\\\/metropoliagzm.pl\\\/2024\\\/12\\\/13\\\/siemianowicki-mlody-bohater\\\/\"},\"wordCount\":516,\"publisher\":{\"@id\":\"https:\\\/\\\/metropoliagzm.pl\\\/en\\\/#organization\"},\"image\":{\"@id\":\"https:\\\/\\\/metropoliagzm.pl\\\/2024\\\/12\\\/13\\\/siemianowicki-mlody-bohater\\\/#primaryimage\"},\"thumbnailUrl\":\"https:\\\/\\\/metropoliagzm.pl\\\/wp-content\\\/uploads\\\/2024\\\/12\\\/2024-12-12_Mali-Bohaterowie-u-PRP_f_0004.jpg\",\"articleSection\":[\"Siemianowice \u015al\u0105skie\"],\"inLanguage\":\"de\"},{\"@type\":\"WebPage\",\"@id\":\"https:\\\/\\\/metropoliagzm.pl\\\/2024\\\/12\\\/13\\\/siemianowicki-mlody-bohater\\\/\",\"url\":\"https:\\\/\\\/metropoliagzm.pl\\\/2024\\\/12\\\/13\\\/siemianowicki-mlody-bohater\\\/\",\"name\":\"Siemianowicki M\u0142ody Bohater - Metropolia GZM\",\"isPartOf\":{\"@id\":\"https:\\\/\\\/metropoliagzm.pl\\\/en\\\/#website\"},\"primaryImageOfPage\":{\"@id\":\"https:\\\/\\\/metropoliagzm.pl\\\/2024\\\/12\\\/13\\\/siemianowicki-mlody-bohater\\\/#primaryimage\"},\"image\":{\"@id\":\"https:\\\/\\\/metropoliagzm.pl\\\/2024\\\/12\\\/13\\\/siemianowicki-mlody-bohater\\\/#primaryimage\"},\"thumbnailUrl\":\"https:\\\/\\\/metropoliagzm.pl\\\/wp-content\\\/uploads\\\/2024\\\/12\\\/2024-12-12_Mali-Bohaterowie-u-PRP_f_0004.jpg\",\"datePublished\":\"2024-12-13T11:13:26+00:00\",\"dateModified\":\"2024-12-13T11:13:28+00:00\",\"description\":\"Oficjalny portal G\u00f3rno\u015bl\u0105sko-Zag\u0142\u0119biowskiej Metropolii\",\"breadcrumb\":{\"@id\":\"https:\\\/\\\/metropoliagzm.pl\\\/2024\\\/12\\\/13\\\/siemianowicki-mlody-bohater\\\/#breadcrumb\"},\"inLanguage\":\"de\",\"potentialAction\":[{\"@type\":\"ReadAction\",\"target\":[\"https:\\\/\\\/metropoliagzm.pl\\\/2024\\\/12\\\/13\\\/siemianowicki-mlody-bohater\\\/\"]}]},{\"@type\":\"ImageObject\",\"inLanguage\":\"de\",\"@id\":\"https:\\\/\\\/metropoliagzm.pl\\\/2024\\\/12\\\/13\\\/siemianowicki-mlody-bohater\\\/#primaryimage\",\"url\":\"https:\\\/\\\/metropoliagzm.pl\\\/wp-content\\\/uploads\\\/2024\\\/12\\\/2024-12-12_Mali-Bohaterowie-u-PRP_f_0004.jpg\",\"contentUrl\":\"https:\\\/\\\/metropoliagzm.pl\\\/wp-content\\\/uploads\\\/2024\\\/12\\\/2024-12-12_Mali-Bohaterowie-u-PRP_f_0004.jpg\",\"width\":2500,\"height\":1670},{\"@type\":\"BreadcrumbList\",\"@id\":\"https:\\\/\\\/metropoliagzm.pl\\\/2024\\\/12\\\/13\\\/siemianowicki-mlody-bohater\\\/#breadcrumb\",\"itemListElement\":[{\"@type\":\"ListItem\",\"position\":1,\"name\":\"Strona g\u0142\u00f3wna\",\"item\":\"https:\\\/\\\/metropoliagzm.pl\\\/\"},{\"@type\":\"ListItem\",\"position\":2,\"name\":\"Siemianowicki M\u0142ody Bohater\"}]},{\"@type\":\"WebSite\",\"@id\":\"https:\\\/\\\/metropoliagzm.pl\\\/en\\\/#website\",\"url\":\"https:\\\/\\\/metropoliagzm.pl\\\/en\\\/\",\"name\":\"Metropolia GZM\",\"description\":\"Oficjalny portal G\u00f3rno\u015bl\u0105sko-Zag\u0142\u0119biowskiej Metropolii\",\"publisher\":{\"@id\":\"https:\\\/\\\/metropoliagzm.pl\\\/en\\\/#organization\"},\"potentialAction\":[{\"@type\":\"SearchAction\",\"target\":{\"@type\":\"EntryPoint\",\"urlTemplate\":\"https:\\\/\\\/metropoliagzm.pl\\\/en\\\/?s={search_term_string}\"},\"query-input\":{\"@type\":\"PropertyValueSpecification\",\"valueRequired\":true,\"valueName\":\"search_term_string\"}}],\"inLanguage\":\"de\"},{\"@type\":\"Organization\",\"@id\":\"https:\\\/\\\/metropoliagzm.pl\\\/en\\\/#organization\",\"name\":\"Metropolia GZM\",\"url\":\"https:\\\/\\\/metropoliagzm.pl\\\/en\\\/\",\"logo\":{\"@type\":\"ImageObject\",\"inLanguage\":\"de\",\"@id\":\"https:\\\/\\\/metropoliagzm.pl\\\/en\\\/#\\\/schema\\\/logo\\\/image\\\/\",\"url\":\"https:\\\/\\\/metropoliagzm.pl\\\/wp-content\\\/uploads\\\/2019\\\/03\\\/Sygnet-strona-glowna.png\",\"contentUrl\":\"https:\\\/\\\/metropoliagzm.pl\\\/wp-content\\\/uploads\\\/2019\\\/03\\\/Sygnet-strona-glowna.png\",\"width\":36,\"height\":45,\"caption\":\"Metropolia GZM\"},\"image\":{\"@id\":\"https:\\\/\\\/metropoliagzm.pl\\\/en\\\/#\\\/schema\\\/logo\\\/image\\\/\"}},{\"@type\":\"Person\",\"@id\":\"https:\\\/\\\/metropoliagzm.pl\\\/en\\\/#\\\/schema\\\/person\\\/b3c0139a2826fd7da39053ca5a9109c4\",\"name\":\"Siemianowice \u015al\u0105skie\",\"image\":{\"@type\":\"ImageObject\",\"inLanguage\":\"de\",\"@id\":\"https:\\\/\\\/secure.gravatar.com\\\/avatar\\\/1d163bb80b507ee2e2801290ab1da261395ebf3db6c7fd1e7ead0bcceaabad3e?s=96&d=mm&r=g\",\"url\":\"https:\\\/\\\/secure.gravatar.com\\\/avatar\\\/1d163bb80b507ee2e2801290ab1da261395ebf3db6c7fd1e7ead0bcceaabad3e?s=96&d=mm&r=g\",\"contentUrl\":\"https:\\\/\\\/secure.gravatar.com\\\/avatar\\\/1d163bb80b507ee2e2801290ab1da261395ebf3db6c7fd1e7ead0bcceaabad3e?s=96&d=mm&r=g\",\"caption\":\"Siemianowice \u015al\u0105skie\"},\"url\":\"https:\\\/\\\/metropoliagzm.pl\\\/de\\\/author\\\/siemianowice\\\/\"}]}<\/script>\n<!-- \/ Yoast SEO plugin. -->","yoast_head_json":{"title":"Siemianowicki M\u0142ody Bohater - Metropolia GZM","description":"Oficjalny portal G\u00f3rno\u015bl\u0105sko-Zag\u0142\u0119biowskiej Metropolii","robots":{"index":"index","follow":"follow","max-snippet":"max-snippet:-1","max-image-preview":"max-image-preview:large","max-video-preview":"max-video-preview:-1"},"canonical":"https:\/\/metropoliagzm.pl\/de\/2024\/12\/13\/siemianowicki-mlody-bohater\/","twitter_card":"summary_large_image","twitter_title":"Siemianowicki M\u0142ody Bohater - Metropolia GZM","twitter_description":"Oficjalny portal G\u00f3rno\u015bl\u0105sko-Zag\u0142\u0119biowskiej Metropolii","twitter_image":"https:\/\/metropoliagzm.pl\/wp-content\/uploads\/2024\/12\/2024-12-12_Mali-Bohaterowie-u-PRP_f_0004.jpg","twitter_misc":{"Geschrieben von":"Siemianowice \u015al\u0105skie","Gesch\u00e4tzte Lesezeit":"5\u00a0Minuten"},"schema":{"@context":"https:\/\/schema.org","@graph":[{"@type":"Article","@id":"https:\/\/metropoliagzm.pl\/2024\/12\/13\/siemianowicki-mlody-bohater\/#article","isPartOf":{"@id":"https:\/\/metropoliagzm.pl\/2024\/12\/13\/siemianowicki-mlody-bohater\/"},"author":{"name":"Siemianowice \u015al\u0105skie","@id":"https:\/\/metropoliagzm.pl\/en\/#\/schema\/person\/b3c0139a2826fd7da39053ca5a9109c4"},"headline":"Siemianowicki M\u0142ody Bohater","datePublished":"2024-12-13T11:13:26+00:00","dateModified":"2024-12-13T11:13:28+00:00","mainEntityOfPage":{"@id":"https:\/\/metropoliagzm.pl\/2024\/12\/13\/siemianowicki-mlody-bohater\/"},"wordCount":516,"publisher":{"@id":"https:\/\/metropoliagzm.pl\/en\/#organization"},"image":{"@id":"https:\/\/metropoliagzm.pl\/2024\/12\/13\/siemianowicki-mlody-bohater\/#primaryimage"},"thumbnailUrl":"https:\/\/metropoliagzm.pl\/wp-content\/uploads\/2024\/12\/2024-12-12_Mali-Bohaterowie-u-PRP_f_0004.jpg","articleSection":["Siemianowice \u015al\u0105skie"],"inLanguage":"de"},{"@type":"WebPage","@id":"https:\/\/metropoliagzm.pl\/2024\/12\/13\/siemianowicki-mlody-bohater\/","url":"https:\/\/metropoliagzm.pl\/2024\/12\/13\/siemianowicki-mlody-bohater\/","name":"Siemianowicki M\u0142ody Bohater - Metropolia GZM","isPartOf":{"@id":"https:\/\/metropoliagzm.pl\/en\/#website"},"primaryImageOfPage":{"@id":"https:\/\/metropoliagzm.pl\/2024\/12\/13\/siemianowicki-mlody-bohater\/#primaryimage"},"image":{"@id":"https:\/\/metropoliagzm.pl\/2024\/12\/13\/siemianowicki-mlody-bohater\/#primaryimage"},"thumbnailUrl":"https:\/\/metropoliagzm.pl\/wp-content\/uploads\/2024\/12\/2024-12-12_Mali-Bohaterowie-u-PRP_f_0004.jpg","datePublished":"2024-12-13T11:13:26+00:00","dateModified":"2024-12-13T11:13:28+00:00","description":"Oficjalny portal G\u00f3rno\u015bl\u0105sko-Zag\u0142\u0119biowskiej Metropolii","breadcrumb":{"@id":"https:\/\/metropoliagzm.pl\/2024\/12\/13\/siemianowicki-mlody-bohater\/#breadcrumb"},"inLanguage":"de","potentialAction":[{"@type":"ReadAction","target":["https:\/\/metropoliagzm.pl\/2024\/12\/13\/siemianowicki-mlody-bohater\/"]}]},{"@type":"ImageObject","inLanguage":"de","@id":"https:\/\/metropoliagzm.pl\/2024\/12\/13\/siemianowicki-mlody-bohater\/#primaryimage","url":"https:\/\/metropoliagzm.pl\/wp-content\/uploads\/2024\/12\/2024-12-12_Mali-Bohaterowie-u-PRP_f_0004.jpg","contentUrl":"https:\/\/metropoliagzm.pl\/wp-content\/uploads\/2024\/12\/2024-12-12_Mali-Bohaterowie-u-PRP_f_0004.jpg","width":2500,"height":1670},{"@type":"BreadcrumbList","@id":"https:\/\/metropoliagzm.pl\/2024\/12\/13\/siemianowicki-mlody-bohater\/#breadcrumb","itemListElement":[{"@type":"ListItem","position":1,"name":"Strona g\u0142\u00f3wna","item":"https:\/\/metropoliagzm.pl\/"},{"@type":"ListItem","position":2,"name":"Siemianowicki M\u0142ody Bohater"}]},{"@type":"WebSite","@id":"https:\/\/metropoliagzm.pl\/en\/#website","url":"https:\/\/metropoliagzm.pl\/en\/","name":"Metropolia GZM","description":"Oficjalny portal G\u00f3rno\u015bl\u0105sko-Zag\u0142\u0119biowskiej Metropolii","publisher":{"@id":"https:\/\/metropoliagzm.pl\/en\/#organization"},"potentialAction":[{"@type":"SearchAction","target":{"@type":"EntryPoint","urlTemplate":"https:\/\/metropoliagzm.pl\/en\/?s={search_term_string}"},"query-input":{"@type":"PropertyValueSpecification","valueRequired":true,"valueName":"search_term_string"}}],"inLanguage":"de"},{"@type":"Organization","@id":"https:\/\/metropoliagzm.pl\/en\/#organization","name":"Metropolia GZM","url":"https:\/\/metropoliagzm.pl\/en\/","logo":{"@type":"ImageObject","inLanguage":"de","@id":"https:\/\/metropoliagzm.pl\/en\/#\/schema\/logo\/image\/","url":"https:\/\/metropoliagzm.pl\/wp-content\/uploads\/2019\/03\/Sygnet-strona-glowna.png","contentUrl":"https:\/\/metropoliagzm.pl\/wp-content\/uploads\/2019\/03\/Sygnet-strona-glowna.png","width":36,"height":45,"caption":"Metropolia GZM"},"image":{"@id":"https:\/\/metropoliagzm.pl\/en\/#\/schema\/logo\/image\/"}},{"@type":"Person","@id":"https:\/\/metropoliagzm.pl\/en\/#\/schema\/person\/b3c0139a2826fd7da39053ca5a9109c4","name":"Siemianowice \u015al\u0105skie","image":{"@type":"ImageObject","inLanguage":"de","@id":"https:\/\/secure.gravatar.com\/avatar\/1d163bb80b507ee2e2801290ab1da261395ebf3db6c7fd1e7ead0bcceaabad3e?s=96&d=mm&r=g","url":"https:\/\/secure.gravatar.com\/avatar\/1d163bb80b507ee2e2801290ab1da261395ebf3db6c7fd1e7ead0bcceaabad3e?s=96&d=mm&r=g","contentUrl":"https:\/\/secure.gravatar.com\/avatar\/1d163bb80b507ee2e2801290ab1da261395ebf3db6c7fd1e7ead0bcceaabad3e?s=96&d=mm&r=g","caption":"Siemianowice \u015al\u0105skie"},"url":"https:\/\/metropoliagzm.pl\/de\/author\/siemianowice\/"}]}},"_links":{"self":[{"href":"https:\/\/metropoliagzm.pl\/de\/wp-json\/wp\/v2\/posts\/45558","targetHints":{"allow":["GET"]}}],"collection":[{"href":"https:\/\/metropoliagzm.pl\/de\/wp-json\/wp\/v2\/posts"}],"about":[{"href":"https:\/\/metropoliagzm.pl\/de\/wp-json\/wp\/v2\/types\/post"}],"author":[{"embeddable":true,"href":"https:\/\/metropoliagzm.pl\/de\/wp-json\/wp\/v2\/users\/117"}],"replies":[{"embeddable":true,"href":"https:\/\/metropoliagzm.pl\/de\/wp-json\/wp\/v2\/comments?post=45558"}],"version-history":[{"count":3,"href":"https:\/\/metropoliagzm.pl\/de\/wp-json\/wp\/v2\/posts\/45558\/revisions"}],"predecessor-version":[{"id":45563,"href":"https:\/\/metropoliagzm.pl\/de\/wp-json\/wp\/v2\/posts\/45558\/revisions\/45563"}],"wp:featuredmedia":[{"embeddable":true,"href":"https:\/\/metropoliagzm.pl\/de\/wp-json\/wp\/v2\/media\/45561"}],"wp:attachment":[{"href":"https:\/\/metropoliagzm.pl\/de\/wp-json\/wp\/v2\/media?parent=45558"}],"wp:term":[{"taxonomy":"category","embeddable":true,"href":"https:\/\/metropoliagzm.pl\/de\/wp-json\/wp\/v2\/categories?post=45558"},{"taxonomy":"post_tag","embeddable":true,"href":"https:\/\/metropoliagzm.pl\/de\/wp-json\/wp\/v2\/tags?post=45558"}],"curies":[{"name":"wp","href":"https:\/\/api.w.org\/{rel}","templated":true}]}}