{"id":46768,"date":"2025-06-13T12:39:49","date_gmt":"2025-06-13T10:39:49","guid":{"rendered":"https:\/\/metropoliagzm.pl\/?p=46768"},"modified":"2025-06-13T12:39:49","modified_gmt":"2025-06-13T10:39:49","slug":"zapraszamy-do-siemianowic-slaskich-na-mikrowycieczki-z-kierunekgzm","status":"publish","type":"post","link":"https:\/\/metropoliagzm.pl\/de\/2025\/06\/13\/zapraszamy-do-siemianowic-slaskich-na-mikrowycieczki-z-kierunekgzm\/","title":{"rendered":"Zapraszamy do Siemianowic \u015al\u0105skich na Mikrowycieczki z #KIERUNEKGZM"},"content":{"rendered":"<div class=\"pdf-block\"><div class=\"pdfprnt-buttons  pdfprnt-new pdfprnt-buttons-post pdfprnt-top-right\"><div class=\"jssocials-share jssocials-share-twitter\"><a target=\"_blank\" href=\"https:\/\/twitter.com\/share?url=https:\/\/metropoliagzm.pl\/de\/wp-json\/wp\/v2\/posts\/46768;text=46768\" class=\"jssocials-share-link\"><i class=\"fa fa-twitter jssocials-share-logo\"><\/i><\/a><\/div><div class=\"jssocials-share jssocials-share-facebook\"><a target=\"_blank\" href=\"https:\/\/facebook.com\/sharer\/sharer.php?u=https:\/\/metropoliagzm.pl\/de\/wp-json\/wp\/v2\/posts\/46768\" class=\"jssocials-share-link\"><i class=\"fa fa-facebook jssocials-share-logo\"><\/i><\/a><\/div><div class=\"jssocials-share jssocials-share-pinterest\"><a target=\"_blank\" href=\"https:\/\/pinterest.com\/pin\/create\/bookmarklet\/?&amp;url=https:\/\/metropoliagzm.pl\/de\/wp-json\/wp\/v2\/posts\/46768;description=46768\" class=\"jssocials-share-link\"><i class=\"fa fa-pinterest jssocials-share-logo\"><\/i><\/a><\/div><a href=\"https:\/\/metropoliagzm.pl\/de\/wp-json\/wp\/v2\/posts\/46768?print=pdf\" class=\"pdfprnt-button pdfprnt-button-pdf\" target=\"_blank\"><img decoding=\"async\" src=\"https:\/\/metropoliagzm.pl\/wp-content\/plugins\/pdf-print\/images\/pdf.png\" alt=\"image_pdf\" title=\"View PDF\" \/><\/a><a href=\"https:\/\/metropoliagzm.pl\/de\/wp-json\/wp\/v2\/posts\/46768?print=print\" class=\"pdfprnt-button pdfprnt-button-print\" target=\"_blank\"><img decoding=\"async\" src=\"https:\/\/metropoliagzm.pl\/wp-content\/plugins\/pdf-print\/images\/print.png\" alt=\"image_print\" title=\"Print Content\" \/><\/a><\/div><\/div><div class=\"post-block-pdf\"><div class=\"pdfprnt-buttons pdfprnt-buttons-post pdfprnt-top-right\"><a href=\"https:\/\/metropoliagzm.pl\/de\/wp-json\/wp\/v2\/posts\/46768?print=pdf\" class=\"pdfprnt-button pdfprnt-button-pdf\" target=\"_blank\"><img decoding=\"async\" src=\"https:\/\/metropoliagzm.pl\/wp-content\/plugins\/pdf-print\/images\/pdf.png\" alt=\"image_pdf\" title=\"View PDF\" \/><\/a><a href=\"https:\/\/metropoliagzm.pl\/de\/wp-json\/wp\/v2\/posts\/46768?print=print\" class=\"pdfprnt-button pdfprnt-button-print\" target=\"_blank\"><img decoding=\"async\" src=\"https:\/\/metropoliagzm.pl\/wp-content\/plugins\/pdf-print\/images\/print.png\" alt=\"image_print\" title=\"Print Content\" \/><\/a><\/div><p>Zapraszamy na kolejn\u0105 edycj\u0119 Kierunek GZM \u2013 czyli na najwi\u0119kszy w Polsce festiwal mikrowypraw, kt\u00f3ry odb\u0119dzie si\u0119 w dniach 27-29 czerwca. To niezwyk\u0142e wydarzenie, dzi\u0119ki kt\u00f3remu mo\u017cna odkry\u0107 ciekawe i mniej znane miejsca na mapie G\u00f3rno\u015bl\u0105sko-Zag\u0142\u0119biowskiej Metropolii. W tym roku do wyboru b\u0119dzie udzia\u0142 w a\u017c 194 wycieczkach i 4 wydarzeniach specjalnych, a wszystko to w 41 miastach i gminach zrzeszonych w GZM.<\/p>\n<p>W Siemianowickiej cz\u0119\u015bci wydarzenia zapraszamy na:<\/p>\n<p><strong>Muzyczne tropy Siemianowic \u015al\u0105skich \u2013 odkrywanie tajemnic dwudziestolecia mi\u0119dzywojennego<\/strong><\/p>\n<p><a href=\"https:\/\/kierunekgzm.pl\/program\/muzyczne-tropy-siemianowic-slaskich-odkrywanie-tajemnic-dwudziestolecia-miedzywojennego-muzyczne-tropy-siemianowic\/\">https:\/\/kierunekgzm.pl\/program\/muzyczne-tropy-siemianowic-slaskich-odkrywanie-tajemnic-dwudziestolecia-miedzywojennego-muzyczne-tropy-siemianowic\/<\/a><\/p>\n<p><strong>Spacerkiem w\u00a0poszukiwaniu d\u017awi\u0119k\u00f3w miasta<\/strong><\/p>\n<p><a href=\"https:\/\/kierunekgzm.pl\/program\/spacerkiem-w-poszukiwaniu-dzwiekow-dzwieki-miasta\/\">https:\/\/kierunekgzm.pl\/program\/spacerkiem-w-poszukiwaniu-dzwiekow-dzwieki-miasta\/<\/a><\/p>\n<p><strong>\u015aladami siemianowickich dinozaur\u00f3w \u2013 paleontologiczna przygoda<\/strong><\/p>\n<p><a href=\"https:\/\/kierunekgzm.pl\/program\/sladami-siemianowickich-dinozaurow-paleontologiczna-przygoda\/\">https:\/\/kierunekgzm.pl\/program\/sladami-siemianowickich-dinozaurow-paleontologiczna-przygoda\/<\/a><\/p>\n<p><strong>Szczeg\u00f3\u0142owe informacje i warunki uczestnictwa w powy\u017cszych linkach<\/strong>.<\/p>\n<p>Wycieczki dofinansowano z bud\u017cetu G\u00f3rno\u015bl\u0105sko-Zag\u0142\u0119biowskiej Metropolii.<\/p>\n<p>Do zobaczenia!<\/p>\n<p><img loading=\"lazy\" decoding=\"async\" class=\"alignnone size-large wp-image-46769\" src=\"https:\/\/metropoliagzm.pl\/wp-content\/uploads\/2025\/06\/505710204_1112588587570523_6982535523899813123_n-1024x1024.jpg\" alt=\"\" width=\"1024\" height=\"1024\" srcset=\"https:\/\/metropoliagzm.pl\/wp-content\/uploads\/2025\/06\/505710204_1112588587570523_6982535523899813123_n-1024x1024.jpg 1024w, https:\/\/metropoliagzm.pl\/wp-content\/uploads\/2025\/06\/505710204_1112588587570523_6982535523899813123_n-300x300.jpg 300w, https:\/\/metropoliagzm.pl\/wp-content\/uploads\/2025\/06\/505710204_1112588587570523_6982535523899813123_n-150x150.jpg 150w, https:\/\/metropoliagzm.pl\/wp-content\/uploads\/2025\/06\/505710204_1112588587570523_6982535523899813123_n-768x768.jpg 768w, https:\/\/metropoliagzm.pl\/wp-content\/uploads\/2025\/06\/505710204_1112588587570523_6982535523899813123_n-1536x1536.jpg 1536w, https:\/\/metropoliagzm.pl\/wp-content\/uploads\/2025\/06\/505710204_1112588587570523_6982535523899813123_n-12x12.jpg 12w, https:\/\/metropoliagzm.pl\/wp-content\/uploads\/2025\/06\/505710204_1112588587570523_6982535523899813123_n-585x585.jpg 585w, https:\/\/metropoliagzm.pl\/wp-content\/uploads\/2025\/06\/505710204_1112588587570523_6982535523899813123_n-220x220.jpg 220w, https:\/\/metropoliagzm.pl\/wp-content\/uploads\/2025\/06\/505710204_1112588587570523_6982535523899813123_n-80x80.jpg 80w, https:\/\/metropoliagzm.pl\/wp-content\/uploads\/2025\/06\/505710204_1112588587570523_6982535523899813123_n.jpg 1600w\" sizes=\"auto, (max-width: 1024px) 100vw, 1024px\" \/><\/p>\n\n\n<p>\u0179r\u00f3d\u0142o: UM Siemianowice \u015al\u0105skie<\/p>\n<div class=\"post-author\" style=\"font-size:13px\">Siemianowice \u015al\u0105skie<\/div><\/div>","protected":false},"excerpt":{"rendered":"<p>Zapraszamy na kolejn\u0105 edycj\u0119 Kierunek GZM \u2013 czyli na najwi\u0119kszy w Polsce festiwal mikrowypraw, kt\u00f3ry odb\u0119dzie si\u0119 w dniach 27-29 czerwca. To niezwyk\u0142e wydarzenie, dzi\u0119ki kt\u00f3remu mo\u017cna odkry\u0107 ciekawe i mniej znane miejsca na mapie G\u00f3rno\u015bl\u0105sko-Zag\u0142\u0119biowskiej Metropolii. W tym roku do wyboru b\u0119dzie udzia\u0142 w&#8230;<\/p>","protected":false},"author":117,"featured_media":46770,"comment_status":"closed","ping_status":"closed","sticky":false,"template":"","format":"standard","meta":{"_acf_changed":false,"footnotes":""},"categories":[223],"tags":[],"class_list":["post-46768","post","type-post","status-publish","format-standard","has-post-thumbnail","hentry","category-siemianowice-slaskie"],"acf":[],"yoast_head":"<!-- This site is optimized with the Yoast SEO plugin v27.4 - https:\/\/yoast.com\/product\/yoast-seo-wordpress\/ -->\n<title>Zapraszamy do Siemianowic \u015al\u0105skich na Mikrowycieczki z #KIERUNEKGZM - Metropolia GZM<\/title>\n<meta name=\"description\" content=\"Oficjalny portal G\u00f3rno\u015bl\u0105sko-Zag\u0142\u0119biowskiej Metropolii\" \/>\n<meta name=\"robots\" content=\"index, follow, max-snippet:-1, max-image-preview:large, max-video-preview:-1\" \/>\n<link rel=\"canonical\" href=\"https:\/\/metropoliagzm.pl\/de\/2025\/06\/13\/zapraszamy-do-siemianowic-slaskich-na-mikrowycieczki-z-kierunekgzm\/\" \/>\n<meta name=\"twitter:card\" content=\"summary_large_image\" \/>\n<meta name=\"twitter:title\" content=\"Zapraszamy do Siemianowic \u015al\u0105skich na Mikrowycieczki z #KIERUNEKGZM - Metropolia GZM\" \/>\n<meta name=\"twitter:description\" content=\"Oficjalny portal G\u00f3rno\u015bl\u0105sko-Zag\u0142\u0119biowskiej Metropolii\" \/>\n<meta name=\"twitter:image\" content=\"https:\/\/metropoliagzm.pl\/wp-content\/uploads\/2025\/06\/505710204_1112588587570523_6982535523899813123_1200x800.jpg\" \/>\n<meta name=\"twitter:label1\" content=\"Geschrieben von\" \/>\n\t<meta name=\"twitter:data1\" content=\"Siemianowice \u015al\u0105skie\" \/>\n\t<meta name=\"twitter:label2\" content=\"Gesch\u00e4tzte Lesezeit\" \/>\n\t<meta name=\"twitter:data2\" content=\"2\u00a0Minuten\" \/>\n<script type=\"application\/ld+json\" class=\"yoast-schema-graph\">{\"@context\":\"https:\\\/\\\/schema.org\",\"@graph\":[{\"@type\":\"Article\",\"@id\":\"https:\\\/\\\/metropoliagzm.pl\\\/2025\\\/06\\\/13\\\/zapraszamy-do-siemianowic-slaskich-na-mikrowycieczki-z-kierunekgzm\\\/#article\",\"isPartOf\":{\"@id\":\"https:\\\/\\\/metropoliagzm.pl\\\/2025\\\/06\\\/13\\\/zapraszamy-do-siemianowic-slaskich-na-mikrowycieczki-z-kierunekgzm\\\/\"},\"author\":{\"name\":\"Siemianowice \u015al\u0105skie\",\"@id\":\"https:\\\/\\\/metropoliagzm.pl\\\/en\\\/#\\\/schema\\\/person\\\/b3c0139a2826fd7da39053ca5a9109c4\"},\"headline\":\"Zapraszamy do Siemianowic \u015al\u0105skich na Mikrowycieczki z #KIERUNEKGZM\",\"datePublished\":\"2025-06-13T10:39:49+00:00\",\"mainEntityOfPage\":{\"@id\":\"https:\\\/\\\/metropoliagzm.pl\\\/2025\\\/06\\\/13\\\/zapraszamy-do-siemianowic-slaskich-na-mikrowycieczki-z-kierunekgzm\\\/\"},\"wordCount\":156,\"publisher\":{\"@id\":\"https:\\\/\\\/metropoliagzm.pl\\\/en\\\/#organization\"},\"image\":{\"@id\":\"https:\\\/\\\/metropoliagzm.pl\\\/2025\\\/06\\\/13\\\/zapraszamy-do-siemianowic-slaskich-na-mikrowycieczki-z-kierunekgzm\\\/#primaryimage\"},\"thumbnailUrl\":\"https:\\\/\\\/metropoliagzm.pl\\\/wp-content\\\/uploads\\\/2025\\\/06\\\/505710204_1112588587570523_6982535523899813123_1200x800.jpg\",\"articleSection\":[\"Siemianowice \u015al\u0105skie\"],\"inLanguage\":\"de\"},{\"@type\":\"WebPage\",\"@id\":\"https:\\\/\\\/metropoliagzm.pl\\\/2025\\\/06\\\/13\\\/zapraszamy-do-siemianowic-slaskich-na-mikrowycieczki-z-kierunekgzm\\\/\",\"url\":\"https:\\\/\\\/metropoliagzm.pl\\\/2025\\\/06\\\/13\\\/zapraszamy-do-siemianowic-slaskich-na-mikrowycieczki-z-kierunekgzm\\\/\",\"name\":\"Zapraszamy do Siemianowic \u015al\u0105skich na Mikrowycieczki z #KIERUNEKGZM - Metropolia GZM\",\"isPartOf\":{\"@id\":\"https:\\\/\\\/metropoliagzm.pl\\\/en\\\/#website\"},\"primaryImageOfPage\":{\"@id\":\"https:\\\/\\\/metropoliagzm.pl\\\/2025\\\/06\\\/13\\\/zapraszamy-do-siemianowic-slaskich-na-mikrowycieczki-z-kierunekgzm\\\/#primaryimage\"},\"image\":{\"@id\":\"https:\\\/\\\/metropoliagzm.pl\\\/2025\\\/06\\\/13\\\/zapraszamy-do-siemianowic-slaskich-na-mikrowycieczki-z-kierunekgzm\\\/#primaryimage\"},\"thumbnailUrl\":\"https:\\\/\\\/metropoliagzm.pl\\\/wp-content\\\/uploads\\\/2025\\\/06\\\/505710204_1112588587570523_6982535523899813123_1200x800.jpg\",\"datePublished\":\"2025-06-13T10:39:49+00:00\",\"description\":\"Oficjalny portal G\u00f3rno\u015bl\u0105sko-Zag\u0142\u0119biowskiej Metropolii\",\"breadcrumb\":{\"@id\":\"https:\\\/\\\/metropoliagzm.pl\\\/2025\\\/06\\\/13\\\/zapraszamy-do-siemianowic-slaskich-na-mikrowycieczki-z-kierunekgzm\\\/#breadcrumb\"},\"inLanguage\":\"de\",\"potentialAction\":[{\"@type\":\"ReadAction\",\"target\":[\"https:\\\/\\\/metropoliagzm.pl\\\/2025\\\/06\\\/13\\\/zapraszamy-do-siemianowic-slaskich-na-mikrowycieczki-z-kierunekgzm\\\/\"]}]},{\"@type\":\"ImageObject\",\"inLanguage\":\"de\",\"@id\":\"https:\\\/\\\/metropoliagzm.pl\\\/2025\\\/06\\\/13\\\/zapraszamy-do-siemianowic-slaskich-na-mikrowycieczki-z-kierunekgzm\\\/#primaryimage\",\"url\":\"https:\\\/\\\/metropoliagzm.pl\\\/wp-content\\\/uploads\\\/2025\\\/06\\\/505710204_1112588587570523_6982535523899813123_1200x800.jpg\",\"contentUrl\":\"https:\\\/\\\/metropoliagzm.pl\\\/wp-content\\\/uploads\\\/2025\\\/06\\\/505710204_1112588587570523_6982535523899813123_1200x800.jpg\",\"width\":2400,\"height\":1600},{\"@type\":\"BreadcrumbList\",\"@id\":\"https:\\\/\\\/metropoliagzm.pl\\\/2025\\\/06\\\/13\\\/zapraszamy-do-siemianowic-slaskich-na-mikrowycieczki-z-kierunekgzm\\\/#breadcrumb\",\"itemListElement\":[{\"@type\":\"ListItem\",\"position\":1,\"name\":\"Strona g\u0142\u00f3wna\",\"item\":\"https:\\\/\\\/metropoliagzm.pl\\\/\"},{\"@type\":\"ListItem\",\"position\":2,\"name\":\"Zapraszamy do Siemianowic \u015al\u0105skich na Mikrowycieczki z #KIERUNEKGZM\"}]},{\"@type\":\"WebSite\",\"@id\":\"https:\\\/\\\/metropoliagzm.pl\\\/en\\\/#website\",\"url\":\"https:\\\/\\\/metropoliagzm.pl\\\/en\\\/\",\"name\":\"Metropolia GZM\",\"description\":\"Oficjalny portal G\u00f3rno\u015bl\u0105sko-Zag\u0142\u0119biowskiej Metropolii\",\"publisher\":{\"@id\":\"https:\\\/\\\/metropoliagzm.pl\\\/en\\\/#organization\"},\"potentialAction\":[{\"@type\":\"SearchAction\",\"target\":{\"@type\":\"EntryPoint\",\"urlTemplate\":\"https:\\\/\\\/metropoliagzm.pl\\\/en\\\/?s={search_term_string}\"},\"query-input\":{\"@type\":\"PropertyValueSpecification\",\"valueRequired\":true,\"valueName\":\"search_term_string\"}}],\"inLanguage\":\"de\"},{\"@type\":\"Organization\",\"@id\":\"https:\\\/\\\/metropoliagzm.pl\\\/en\\\/#organization\",\"name\":\"Metropolia GZM\",\"url\":\"https:\\\/\\\/metropoliagzm.pl\\\/en\\\/\",\"logo\":{\"@type\":\"ImageObject\",\"inLanguage\":\"de\",\"@id\":\"https:\\\/\\\/metropoliagzm.pl\\\/en\\\/#\\\/schema\\\/logo\\\/image\\\/\",\"url\":\"https:\\\/\\\/metropoliagzm.pl\\\/wp-content\\\/uploads\\\/2019\\\/03\\\/Sygnet-strona-glowna.png\",\"contentUrl\":\"https:\\\/\\\/metropoliagzm.pl\\\/wp-content\\\/uploads\\\/2019\\\/03\\\/Sygnet-strona-glowna.png\",\"width\":36,\"height\":45,\"caption\":\"Metropolia GZM\"},\"image\":{\"@id\":\"https:\\\/\\\/metropoliagzm.pl\\\/en\\\/#\\\/schema\\\/logo\\\/image\\\/\"}},{\"@type\":\"Person\",\"@id\":\"https:\\\/\\\/metropoliagzm.pl\\\/en\\\/#\\\/schema\\\/person\\\/b3c0139a2826fd7da39053ca5a9109c4\",\"name\":\"Siemianowice \u015al\u0105skie\",\"image\":{\"@type\":\"ImageObject\",\"inLanguage\":\"de\",\"@id\":\"https:\\\/\\\/secure.gravatar.com\\\/avatar\\\/1d163bb80b507ee2e2801290ab1da261395ebf3db6c7fd1e7ead0bcceaabad3e?s=96&d=mm&r=g\",\"url\":\"https:\\\/\\\/secure.gravatar.com\\\/avatar\\\/1d163bb80b507ee2e2801290ab1da261395ebf3db6c7fd1e7ead0bcceaabad3e?s=96&d=mm&r=g\",\"contentUrl\":\"https:\\\/\\\/secure.gravatar.com\\\/avatar\\\/1d163bb80b507ee2e2801290ab1da261395ebf3db6c7fd1e7ead0bcceaabad3e?s=96&d=mm&r=g\",\"caption\":\"Siemianowice \u015al\u0105skie\"},\"url\":\"https:\\\/\\\/metropoliagzm.pl\\\/de\\\/author\\\/siemianowice\\\/\"}]}<\/script>\n<!-- \/ Yoast SEO plugin. -->","yoast_head_json":{"title":"Zapraszamy do Siemianowic \u015al\u0105skich na Mikrowycieczki z #KIERUNEKGZM - Metropolia GZM","description":"Oficjalny portal G\u00f3rno\u015bl\u0105sko-Zag\u0142\u0119biowskiej Metropolii","robots":{"index":"index","follow":"follow","max-snippet":"max-snippet:-1","max-image-preview":"max-image-preview:large","max-video-preview":"max-video-preview:-1"},"canonical":"https:\/\/metropoliagzm.pl\/de\/2025\/06\/13\/zapraszamy-do-siemianowic-slaskich-na-mikrowycieczki-z-kierunekgzm\/","twitter_card":"summary_large_image","twitter_title":"Zapraszamy do Siemianowic \u015al\u0105skich na Mikrowycieczki z #KIERUNEKGZM - Metropolia GZM","twitter_description":"Oficjalny portal G\u00f3rno\u015bl\u0105sko-Zag\u0142\u0119biowskiej Metropolii","twitter_image":"https:\/\/metropoliagzm.pl\/wp-content\/uploads\/2025\/06\/505710204_1112588587570523_6982535523899813123_1200x800.jpg","twitter_misc":{"Geschrieben von":"Siemianowice \u015al\u0105skie","Gesch\u00e4tzte Lesezeit":"2\u00a0Minuten"},"schema":{"@context":"https:\/\/schema.org","@graph":[{"@type":"Article","@id":"https:\/\/metropoliagzm.pl\/2025\/06\/13\/zapraszamy-do-siemianowic-slaskich-na-mikrowycieczki-z-kierunekgzm\/#article","isPartOf":{"@id":"https:\/\/metropoliagzm.pl\/2025\/06\/13\/zapraszamy-do-siemianowic-slaskich-na-mikrowycieczki-z-kierunekgzm\/"},"author":{"name":"Siemianowice \u015al\u0105skie","@id":"https:\/\/metropoliagzm.pl\/en\/#\/schema\/person\/b3c0139a2826fd7da39053ca5a9109c4"},"headline":"Zapraszamy do Siemianowic \u015al\u0105skich na Mikrowycieczki z #KIERUNEKGZM","datePublished":"2025-06-13T10:39:49+00:00","mainEntityOfPage":{"@id":"https:\/\/metropoliagzm.pl\/2025\/06\/13\/zapraszamy-do-siemianowic-slaskich-na-mikrowycieczki-z-kierunekgzm\/"},"wordCount":156,"publisher":{"@id":"https:\/\/metropoliagzm.pl\/en\/#organization"},"image":{"@id":"https:\/\/metropoliagzm.pl\/2025\/06\/13\/zapraszamy-do-siemianowic-slaskich-na-mikrowycieczki-z-kierunekgzm\/#primaryimage"},"thumbnailUrl":"https:\/\/metropoliagzm.pl\/wp-content\/uploads\/2025\/06\/505710204_1112588587570523_6982535523899813123_1200x800.jpg","articleSection":["Siemianowice \u015al\u0105skie"],"inLanguage":"de"},{"@type":"WebPage","@id":"https:\/\/metropoliagzm.pl\/2025\/06\/13\/zapraszamy-do-siemianowic-slaskich-na-mikrowycieczki-z-kierunekgzm\/","url":"https:\/\/metropoliagzm.pl\/2025\/06\/13\/zapraszamy-do-siemianowic-slaskich-na-mikrowycieczki-z-kierunekgzm\/","name":"Zapraszamy do Siemianowic \u015al\u0105skich na Mikrowycieczki z #KIERUNEKGZM - Metropolia GZM","isPartOf":{"@id":"https:\/\/metropoliagzm.pl\/en\/#website"},"primaryImageOfPage":{"@id":"https:\/\/metropoliagzm.pl\/2025\/06\/13\/zapraszamy-do-siemianowic-slaskich-na-mikrowycieczki-z-kierunekgzm\/#primaryimage"},"image":{"@id":"https:\/\/metropoliagzm.pl\/2025\/06\/13\/zapraszamy-do-siemianowic-slaskich-na-mikrowycieczki-z-kierunekgzm\/#primaryimage"},"thumbnailUrl":"https:\/\/metropoliagzm.pl\/wp-content\/uploads\/2025\/06\/505710204_1112588587570523_6982535523899813123_1200x800.jpg","datePublished":"2025-06-13T10:39:49+00:00","description":"Oficjalny portal G\u00f3rno\u015bl\u0105sko-Zag\u0142\u0119biowskiej Metropolii","breadcrumb":{"@id":"https:\/\/metropoliagzm.pl\/2025\/06\/13\/zapraszamy-do-siemianowic-slaskich-na-mikrowycieczki-z-kierunekgzm\/#breadcrumb"},"inLanguage":"de","potentialAction":[{"@type":"ReadAction","target":["https:\/\/metropoliagzm.pl\/2025\/06\/13\/zapraszamy-do-siemianowic-slaskich-na-mikrowycieczki-z-kierunekgzm\/"]}]},{"@type":"ImageObject","inLanguage":"de","@id":"https:\/\/metropoliagzm.pl\/2025\/06\/13\/zapraszamy-do-siemianowic-slaskich-na-mikrowycieczki-z-kierunekgzm\/#primaryimage","url":"https:\/\/metropoliagzm.pl\/wp-content\/uploads\/2025\/06\/505710204_1112588587570523_6982535523899813123_1200x800.jpg","contentUrl":"https:\/\/metropoliagzm.pl\/wp-content\/uploads\/2025\/06\/505710204_1112588587570523_6982535523899813123_1200x800.jpg","width":2400,"height":1600},{"@type":"BreadcrumbList","@id":"https:\/\/metropoliagzm.pl\/2025\/06\/13\/zapraszamy-do-siemianowic-slaskich-na-mikrowycieczki-z-kierunekgzm\/#breadcrumb","itemListElement":[{"@type":"ListItem","position":1,"name":"Strona g\u0142\u00f3wna","item":"https:\/\/metropoliagzm.pl\/"},{"@type":"ListItem","position":2,"name":"Zapraszamy do Siemianowic \u015al\u0105skich na Mikrowycieczki z #KIERUNEKGZM"}]},{"@type":"WebSite","@id":"https:\/\/metropoliagzm.pl\/en\/#website","url":"https:\/\/metropoliagzm.pl\/en\/","name":"Metropolia GZM","description":"Oficjalny portal G\u00f3rno\u015bl\u0105sko-Zag\u0142\u0119biowskiej Metropolii","publisher":{"@id":"https:\/\/metropoliagzm.pl\/en\/#organization"},"potentialAction":[{"@type":"SearchAction","target":{"@type":"EntryPoint","urlTemplate":"https:\/\/metropoliagzm.pl\/en\/?s={search_term_string}"},"query-input":{"@type":"PropertyValueSpecification","valueRequired":true,"valueName":"search_term_string"}}],"inLanguage":"de"},{"@type":"Organization","@id":"https:\/\/metropoliagzm.pl\/en\/#organization","name":"Metropolia GZM","url":"https:\/\/metropoliagzm.pl\/en\/","logo":{"@type":"ImageObject","inLanguage":"de","@id":"https:\/\/metropoliagzm.pl\/en\/#\/schema\/logo\/image\/","url":"https:\/\/metropoliagzm.pl\/wp-content\/uploads\/2019\/03\/Sygnet-strona-glowna.png","contentUrl":"https:\/\/metropoliagzm.pl\/wp-content\/uploads\/2019\/03\/Sygnet-strona-glowna.png","width":36,"height":45,"caption":"Metropolia GZM"},"image":{"@id":"https:\/\/metropoliagzm.pl\/en\/#\/schema\/logo\/image\/"}},{"@type":"Person","@id":"https:\/\/metropoliagzm.pl\/en\/#\/schema\/person\/b3c0139a2826fd7da39053ca5a9109c4","name":"Siemianowice \u015al\u0105skie","image":{"@type":"ImageObject","inLanguage":"de","@id":"https:\/\/secure.gravatar.com\/avatar\/1d163bb80b507ee2e2801290ab1da261395ebf3db6c7fd1e7ead0bcceaabad3e?s=96&d=mm&r=g","url":"https:\/\/secure.gravatar.com\/avatar\/1d163bb80b507ee2e2801290ab1da261395ebf3db6c7fd1e7ead0bcceaabad3e?s=96&d=mm&r=g","contentUrl":"https:\/\/secure.gravatar.com\/avatar\/1d163bb80b507ee2e2801290ab1da261395ebf3db6c7fd1e7ead0bcceaabad3e?s=96&d=mm&r=g","caption":"Siemianowice \u015al\u0105skie"},"url":"https:\/\/metropoliagzm.pl\/de\/author\/siemianowice\/"}]}},"_links":{"self":[{"href":"https:\/\/metropoliagzm.pl\/de\/wp-json\/wp\/v2\/posts\/46768","targetHints":{"allow":["GET"]}}],"collection":[{"href":"https:\/\/metropoliagzm.pl\/de\/wp-json\/wp\/v2\/posts"}],"about":[{"href":"https:\/\/metropoliagzm.pl\/de\/wp-json\/wp\/v2\/types\/post"}],"author":[{"embeddable":true,"href":"https:\/\/metropoliagzm.pl\/de\/wp-json\/wp\/v2\/users\/117"}],"replies":[{"embeddable":true,"href":"https:\/\/metropoliagzm.pl\/de\/wp-json\/wp\/v2\/comments?post=46768"}],"version-history":[{"count":3,"href":"https:\/\/metropoliagzm.pl\/de\/wp-json\/wp\/v2\/posts\/46768\/revisions"}],"predecessor-version":[{"id":46783,"href":"https:\/\/metropoliagzm.pl\/de\/wp-json\/wp\/v2\/posts\/46768\/revisions\/46783"}],"wp:featuredmedia":[{"embeddable":true,"href":"https:\/\/metropoliagzm.pl\/de\/wp-json\/wp\/v2\/media\/46770"}],"wp:attachment":[{"href":"https:\/\/metropoliagzm.pl\/de\/wp-json\/wp\/v2\/media?parent=46768"}],"wp:term":[{"taxonomy":"category","embeddable":true,"href":"https:\/\/metropoliagzm.pl\/de\/wp-json\/wp\/v2\/categories?post=46768"},{"taxonomy":"post_tag","embeddable":true,"href":"https:\/\/metropoliagzm.pl\/de\/wp-json\/wp\/v2\/tags?post=46768"}],"curies":[{"name":"wp","href":"https:\/\/api.w.org\/{rel}","templated":true}]}}