{"id":4829,"date":"2019-01-10T09:21:21","date_gmt":"2019-01-10T08:21:21","guid":{"rendered":"https:\/\/wpgzm.dev.euvic.pl\/?p=4829"},"modified":"2019-05-21T09:39:20","modified_gmt":"2019-05-21T07:39:20","slug":"nowe-parkingi-w-bieruniu-dzieki-srodkom-z-metropolii","status":"publish","type":"post","link":"https:\/\/metropoliagzm.pl\/de\/2019\/01\/10\/nowe-parkingi-w-bieruniu-dzieki-srodkom-z-metropolii\/","title":{"rendered":"Nowe parkingi w Bieruniu dzi\u0119ki \u015brodkom z Metropolii"},"content":{"rendered":"<div class=\"pdf-block\"><div class=\"pdfprnt-buttons  pdfprnt-new pdfprnt-buttons-post pdfprnt-top-right\"><div class=\"jssocials-share jssocials-share-twitter\"><a target=\"_blank\" href=\"https:\/\/twitter.com\/share?url=https:\/\/metropoliagzm.pl\/de\/wp-json\/wp\/v2\/posts\/4829;text=4829\" class=\"jssocials-share-link\"><i class=\"fa fa-twitter jssocials-share-logo\"><\/i><\/a><\/div><div class=\"jssocials-share jssocials-share-facebook\"><a target=\"_blank\" href=\"https:\/\/facebook.com\/sharer\/sharer.php?u=https:\/\/metropoliagzm.pl\/de\/wp-json\/wp\/v2\/posts\/4829\" class=\"jssocials-share-link\"><i class=\"fa fa-facebook jssocials-share-logo\"><\/i><\/a><\/div><div class=\"jssocials-share jssocials-share-pinterest\"><a target=\"_blank\" href=\"https:\/\/pinterest.com\/pin\/create\/bookmarklet\/?&amp;url=https:\/\/metropoliagzm.pl\/de\/wp-json\/wp\/v2\/posts\/4829;description=4829\" class=\"jssocials-share-link\"><i class=\"fa fa-pinterest jssocials-share-logo\"><\/i><\/a><\/div><a href=\"https:\/\/metropoliagzm.pl\/de\/wp-json\/wp\/v2\/posts\/4829?print=pdf\" class=\"pdfprnt-button pdfprnt-button-pdf\" target=\"_blank\"><img decoding=\"async\" src=\"https:\/\/metropoliagzm.pl\/wp-content\/plugins\/pdf-print\/images\/pdf.png\" alt=\"image_pdf\" title=\"View PDF\" \/><\/a><a href=\"https:\/\/metropoliagzm.pl\/de\/wp-json\/wp\/v2\/posts\/4829?print=print\" class=\"pdfprnt-button pdfprnt-button-print\" target=\"_blank\"><img decoding=\"async\" src=\"https:\/\/metropoliagzm.pl\/wp-content\/plugins\/pdf-print\/images\/print.png\" alt=\"image_print\" title=\"Print Content\" \/><\/a><\/div><\/div><div class=\"post-block-pdf\"><div class=\"pdfprnt-buttons pdfprnt-buttons-post pdfprnt-top-right\"><a href=\"https:\/\/metropoliagzm.pl\/de\/wp-json\/wp\/v2\/posts\/4829?print=pdf\" class=\"pdfprnt-button pdfprnt-button-pdf\" target=\"_blank\"><img decoding=\"async\" src=\"https:\/\/metropoliagzm.pl\/wp-content\/plugins\/pdf-print\/images\/pdf.png\" alt=\"image_pdf\" title=\"View PDF\" \/><\/a><a href=\"https:\/\/metropoliagzm.pl\/de\/wp-json\/wp\/v2\/posts\/4829?print=print\" class=\"pdfprnt-button pdfprnt-button-print\" target=\"_blank\"><img decoding=\"async\" src=\"https:\/\/metropoliagzm.pl\/wp-content\/plugins\/pdf-print\/images\/print.png\" alt=\"image_print\" title=\"Print Content\" \/><\/a><\/div>\n<p><strong>W roku 2018 w Bieruniu wybudowane zosta\u0142y dwa nowoczesne parkingi samochodowe, kt\u00f3re powsta\u0142y przy udziale \u015brodk\u00f3w pochodz\u0105cych z &nbsp;Metropolitalnego Funduszu Solidarno\u015b\u0107 G\u00f3rno\u015bl\u0105sko-Zag\u0142\u0119biowskiej Metropolii. Docelowo zaimplementowany na nich zostanie system&nbsp;\u201eRoweru metropolitalnego\u201d&nbsp;&#8211; projekt, kt\u00f3ry w bliskiej przysz\u0142o\u015bci wdro\u017cy G\u00f3rno\u015bl\u0105sko -Zag\u0142\u0119biowska Metropolia.&nbsp;<\/strong><\/p>\n\n\n\n<p>Pierwszy\nparking powsta\u0142 przy ulicy Licealnej w starobieru\u0144skiej cz\u0119\u015bci miasta. <\/p>\n\n\n\n<p>Inwestycja\nobj\u0119\u0142a:<\/p>\n\n\n\n<p>&#8211; Budow\u0119 parkingu samochodowego przy ulicy\nLicealnej<\/p>\n\n\n\n<p>&#8211; Budow\u0119 zjazdu z ulicy Licealnej<\/p>\n\n\n\n<p>&#8211; Przebudow\u0119 istniej\u0105cego zjazdu<\/p>\n\n\n\n<p>&#8211; Zainstalowanie nowoczesnego o\u015bwietlenia\nna parkingu (w technologii LED)<\/p>\n\n\n\n<p>&#8211; Remont istniej\u0105cego chodnika na d\u0142ugo\u015bci\nparkingu<\/p>\n\n\n\n<p>&#8211; Budow\u0119 element\u00f3w ma\u0142ej architektury,\nm.in.: \u0142awki, stojaki na rowery, kosze na \u015bmieci, poide\u0142ko z wod\u0105 do picia.<\/p>\n\n\n\n<p>&#8211; Prace nasadzeniowe, tj.: drzewa i ziele\u0144<\/p>\n\n\n\n<p>Inwestycja zrealizowana zosta\u0142a przez firm\u0119&nbsp;Iwa\u0144ski Mateusz MARMATOR. Jej koszt to&nbsp;873 300,00 z\u0142. <\/p>\n\n\n\n<p>Drugi parking\nwybudowany zosta\u0142 przy ulicy Granitowej w nowobierunskiej cz\u0119\u015bci miasta.<\/p>\n\n\n\n<p>Inwestycja obj\u0119\u0142a:<\/p>\n\n\n\n<p>&#8211; Budow\u0119\nparkingu samochodowego przy ulicy Granitowej<\/p>\n\n\n\n<p>&#8211; Budow\u0119\njezdni manewrowej oraz kilku chodnik\u00f3w<\/p>\n\n\n\n<p>&#8211; Zainstalowanie\nnowoczesnego o\u015bwietlenia na parkingu (w technologii LED)<\/p>\n\n\n\n<p>&#8211; Budow\u0119\nelement\u00f3w ma\u0142ej architektury, m.in.: \u0142awki, stojaki na rowery, kosze na \u015bmieci<\/p>\n\n\n\n<p>&#8211; Prace\nnasadzeniowe, tj.: drzewa i ziele\u0144&nbsp;<\/p>\n\n\n\n<p>Inwestycja realizowana jest przez firm\u0119&nbsp;Us\u0142ugi Transportowe Henryk Opitek.&nbsp;Jej koszt&nbsp;to&nbsp;419 441,37 z\u0142.&nbsp;<\/p>\n\n\n\n<p>Przypomnijmy, \u017ce miasto Bieru\u0144 otrzyma\u0142o w 2018 roku 2 miliony z\u0142otych w ramach Funduszu Solidarno\u015bci G\u00f3rno\u015bl\u0105sko-Zag\u0142\u0119biowskiej Metropolii, kt\u00f3rej jest cz\u0142onkiem. Dotacja ta przeznaczona zosta\u0142a na dwa du\u017ce projekty.<\/p>\n\n\n\n<p>W ramach pierwszego projektu, gmina zrealizowa\u0142a dwa zadania polegaj\u0105ce na budowie nowoczesnych parking\u00f3w samochodowych w bezpo\u015brednim s\u0105siedztwie kompleks\u00f3w o\u015bwiatowo \u2013 sportowych. Jeden z nich powsta\u0142 na ulicy Licealnej, w pobli\u017cu Szko\u0142y Podstawowej nr 1 oraz Liceum Og\u00f3lnokszta\u0142c\u0105cego im. Powsta\u0144c\u00f3w \u015al\u0105skich, a drugi przy ulicy Granitowej, w pobli\u017cu Powiatowego Zespo\u0142u Szk\u00f3\u0142. Na obu parkingach wdro\u017cony zostanie system \u201eRoweru Metropolitalnego\u201d, co oznacza, \u017ce usytuowane zostan\u0105 tam stacje wypo\u017cyczalni rower\u00f3w b\u0119d\u0105cej cz\u0119\u015bci\u0105 metropolitalnej sieci rowerowej.<\/p>\n\n\n\n<p>Drugi projekt zak\u0142ada natomiast budow\u0119 drugiego odcinka ulicy Strefowej oraz infrastruktury towarzysz\u0105cej niezb\u0119dnej do skomunikowania kolejnych obszar\u00f3w inwestycyjnych, znajduj\u0105cych si\u0119 na terenie Specjalnej Strefy Ekonomicznej. R\u00f3wnie\u017c na realizacj\u0119 tego zadania Bieru\u0144 otrzyma\u0142 milion z\u0142oty z Funduszu Solidarno\u015bci GZM.<\/p>\n\n\n\n<p>\n\n\u0179r\u00f3d\u0142o:www.bierun.pl \n\n<\/p>\n<div class=\"post-author\" style=\"font-size:13px\">Zbigniew Anio\u0142<\/div><\/div>","protected":false},"excerpt":{"rendered":"<p>W roku 2018 w Bieruniu wybudowane zosta\u0142y dwa nowoczesne parkingi samochodowe, kt\u00f3re powsta\u0142y przy udziale \u015brodk\u00f3w pochodz\u0105cych z &nbsp;Metropolitalnego Funduszu Solidarno\u015b\u0107 G\u00f3rno\u015bl\u0105sko-Zag\u0142\u0119biowskiej Metropolii. Docelowo zaimplementowany na nich zostanie system&nbsp;\u201eRoweru metropolitalnego\u201d&nbsp;&#8211; projekt, kt\u00f3ry w bliskiej przysz\u0142o\u015bci wdro\u017cy G\u00f3rno\u015bl\u0105sko -Zag\u0142\u0119biowska Metropolia.&nbsp; Pierwszy parking powsta\u0142 przy ulicy Licealnej&#8230;<\/p>","protected":false},"author":137,"featured_media":4833,"comment_status":"closed","ping_status":"closed","sticky":false,"template":"","format":"standard","meta":{"_acf_changed":false,"footnotes":""},"categories":[196,239],"tags":[557,491,563],"class_list":["post-4829","post","type-post","status-publish","format-standard","has-post-thumbnail","hentry","category-bierun","category-gospodarka-i-inwestycje","tag-bierun","tag-metropolitalny-fundusz-solidarnosci","tag-parkingi-bierun"],"acf":[],"yoast_head":"<!-- This site is optimized with the Yoast SEO plugin v27.4 - https:\/\/yoast.com\/product\/yoast-seo-wordpress\/ -->\n<title>Nowe parkingi w Bieruniu dzi\u0119ki \u015brodkom z Metropolii - Metropolia GZM<\/title>\n<meta name=\"description\" content=\"Oficjalny portal G\u00f3rno\u015bl\u0105sko-Zag\u0142\u0119biowskiej Metropolii\" \/>\n<meta name=\"robots\" content=\"index, follow, max-snippet:-1, max-image-preview:large, max-video-preview:-1\" \/>\n<link rel=\"canonical\" href=\"https:\/\/metropoliagzm.pl\/de\/2019\/01\/10\/nowe-parkingi-w-bieruniu-dzieki-srodkom-z-metropolii\/\" \/>\n<meta name=\"twitter:card\" content=\"summary_large_image\" \/>\n<meta name=\"twitter:title\" content=\"Nowe parkingi w Bieruniu dzi\u0119ki \u015brodkom z Metropolii - Metropolia GZM\" \/>\n<meta name=\"twitter:description\" content=\"Oficjalny portal G\u00f3rno\u015bl\u0105sko-Zag\u0142\u0119biowskiej Metropolii\" \/>\n<meta name=\"twitter:image\" content=\"https:\/\/metropoliagzm.pl\/wp-content\/uploads\/2019\/05\/Granitowa1.jpg\" \/>\n<meta name=\"twitter:label1\" content=\"Geschrieben von\" \/>\n\t<meta name=\"twitter:data1\" content=\"Zbigniew Anio\u0142\" \/>\n\t<meta name=\"twitter:label2\" content=\"Gesch\u00e4tzte Lesezeit\" \/>\n\t<meta name=\"twitter:data2\" content=\"2\u00a0Minuten\" \/>\n<script type=\"application\/ld+json\" class=\"yoast-schema-graph\">{\"@context\":\"https:\\\/\\\/schema.org\",\"@graph\":[{\"@type\":\"Article\",\"@id\":\"https:\\\/\\\/metropoliagzm.pl\\\/de\\\/2019\\\/01\\\/10\\\/nowe-parkingi-w-bieruniu-dzieki-srodkom-z-metropolii\\\/#article\",\"isPartOf\":{\"@id\":\"https:\\\/\\\/metropoliagzm.pl\\\/de\\\/2019\\\/01\\\/10\\\/nowe-parkingi-w-bieruniu-dzieki-srodkom-z-metropolii\\\/\"},\"author\":{\"name\":\"Zbigniew Anio\u0142\",\"@id\":\"https:\\\/\\\/metropoliagzm.pl\\\/en\\\/#\\\/schema\\\/person\\\/9989523a35d06ccd7af13d71b6d7eb68\"},\"headline\":\"Nowe parkingi w Bieruniu dzi\u0119ki \u015brodkom z Metropolii\",\"datePublished\":\"2019-01-10T08:21:21+00:00\",\"dateModified\":\"2019-05-21T07:39:20+00:00\",\"mainEntityOfPage\":{\"@id\":\"https:\\\/\\\/metropoliagzm.pl\\\/de\\\/2019\\\/01\\\/10\\\/nowe-parkingi-w-bieruniu-dzieki-srodkom-z-metropolii\\\/\"},\"wordCount\":433,\"publisher\":{\"@id\":\"https:\\\/\\\/metropoliagzm.pl\\\/en\\\/#organization\"},\"image\":{\"@id\":\"https:\\\/\\\/metropoliagzm.pl\\\/de\\\/2019\\\/01\\\/10\\\/nowe-parkingi-w-bieruniu-dzieki-srodkom-z-metropolii\\\/#primaryimage\"},\"thumbnailUrl\":\"https:\\\/\\\/metropoliagzm.pl\\\/wp-content\\\/uploads\\\/2019\\\/05\\\/Granitowa1.jpg\",\"keywords\":[\"Bieru\u0144\",\"Metropolitalny Fundusz Solidarno\u015bci\",\"parkingi Bieru\u0144\"],\"articleSection\":[\"Bieru\u0144\",\"Gospodarka i Inwestycje\"],\"inLanguage\":\"de\"},{\"@type\":\"WebPage\",\"@id\":\"https:\\\/\\\/metropoliagzm.pl\\\/de\\\/2019\\\/01\\\/10\\\/nowe-parkingi-w-bieruniu-dzieki-srodkom-z-metropolii\\\/\",\"url\":\"https:\\\/\\\/metropoliagzm.pl\\\/de\\\/2019\\\/01\\\/10\\\/nowe-parkingi-w-bieruniu-dzieki-srodkom-z-metropolii\\\/\",\"name\":\"Nowe parkingi w Bieruniu dzi\u0119ki \u015brodkom z Metropolii - Metropolia GZM\",\"isPartOf\":{\"@id\":\"https:\\\/\\\/metropoliagzm.pl\\\/en\\\/#website\"},\"primaryImageOfPage\":{\"@id\":\"https:\\\/\\\/metropoliagzm.pl\\\/de\\\/2019\\\/01\\\/10\\\/nowe-parkingi-w-bieruniu-dzieki-srodkom-z-metropolii\\\/#primaryimage\"},\"image\":{\"@id\":\"https:\\\/\\\/metropoliagzm.pl\\\/de\\\/2019\\\/01\\\/10\\\/nowe-parkingi-w-bieruniu-dzieki-srodkom-z-metropolii\\\/#primaryimage\"},\"thumbnailUrl\":\"https:\\\/\\\/metropoliagzm.pl\\\/wp-content\\\/uploads\\\/2019\\\/05\\\/Granitowa1.jpg\",\"datePublished\":\"2019-01-10T08:21:21+00:00\",\"dateModified\":\"2019-05-21T07:39:20+00:00\",\"description\":\"Oficjalny portal G\u00f3rno\u015bl\u0105sko-Zag\u0142\u0119biowskiej Metropolii\",\"breadcrumb\":{\"@id\":\"https:\\\/\\\/metropoliagzm.pl\\\/de\\\/2019\\\/01\\\/10\\\/nowe-parkingi-w-bieruniu-dzieki-srodkom-z-metropolii\\\/#breadcrumb\"},\"inLanguage\":\"de\",\"potentialAction\":[{\"@type\":\"ReadAction\",\"target\":[\"https:\\\/\\\/metropoliagzm.pl\\\/de\\\/2019\\\/01\\\/10\\\/nowe-parkingi-w-bieruniu-dzieki-srodkom-z-metropolii\\\/\"]}]},{\"@type\":\"ImageObject\",\"inLanguage\":\"de\",\"@id\":\"https:\\\/\\\/metropoliagzm.pl\\\/de\\\/2019\\\/01\\\/10\\\/nowe-parkingi-w-bieruniu-dzieki-srodkom-z-metropolii\\\/#primaryimage\",\"url\":\"https:\\\/\\\/metropoliagzm.pl\\\/wp-content\\\/uploads\\\/2019\\\/05\\\/Granitowa1.jpg\",\"contentUrl\":\"https:\\\/\\\/metropoliagzm.pl\\\/wp-content\\\/uploads\\\/2019\\\/05\\\/Granitowa1.jpg\",\"width\":1500,\"height\":993,\"caption\":\"Parking przy ul. Granitowej\\\/fot. UM Bieru\u0144\"},{\"@type\":\"BreadcrumbList\",\"@id\":\"https:\\\/\\\/metropoliagzm.pl\\\/de\\\/2019\\\/01\\\/10\\\/nowe-parkingi-w-bieruniu-dzieki-srodkom-z-metropolii\\\/#breadcrumb\",\"itemListElement\":[{\"@type\":\"ListItem\",\"position\":1,\"name\":\"Strona g\u0142\u00f3wna\",\"item\":\"https:\\\/\\\/metropoliagzm.pl\\\/\"},{\"@type\":\"ListItem\",\"position\":2,\"name\":\"Nowe parkingi w Bieruniu dzi\u0119ki \u015brodkom z Metropolii\"}]},{\"@type\":\"WebSite\",\"@id\":\"https:\\\/\\\/metropoliagzm.pl\\\/en\\\/#website\",\"url\":\"https:\\\/\\\/metropoliagzm.pl\\\/en\\\/\",\"name\":\"Metropolia GZM\",\"description\":\"Oficjalny portal G\u00f3rno\u015bl\u0105sko-Zag\u0142\u0119biowskiej Metropolii\",\"publisher\":{\"@id\":\"https:\\\/\\\/metropoliagzm.pl\\\/en\\\/#organization\"},\"potentialAction\":[{\"@type\":\"SearchAction\",\"target\":{\"@type\":\"EntryPoint\",\"urlTemplate\":\"https:\\\/\\\/metropoliagzm.pl\\\/en\\\/?s={search_term_string}\"},\"query-input\":{\"@type\":\"PropertyValueSpecification\",\"valueRequired\":true,\"valueName\":\"search_term_string\"}}],\"inLanguage\":\"de\"},{\"@type\":\"Organization\",\"@id\":\"https:\\\/\\\/metropoliagzm.pl\\\/en\\\/#organization\",\"name\":\"Metropolia GZM\",\"url\":\"https:\\\/\\\/metropoliagzm.pl\\\/en\\\/\",\"logo\":{\"@type\":\"ImageObject\",\"inLanguage\":\"de\",\"@id\":\"https:\\\/\\\/metropoliagzm.pl\\\/en\\\/#\\\/schema\\\/logo\\\/image\\\/\",\"url\":\"https:\\\/\\\/metropoliagzm.pl\\\/wp-content\\\/uploads\\\/2019\\\/03\\\/Sygnet-strona-glowna.png\",\"contentUrl\":\"https:\\\/\\\/metropoliagzm.pl\\\/wp-content\\\/uploads\\\/2019\\\/03\\\/Sygnet-strona-glowna.png\",\"width\":36,\"height\":45,\"caption\":\"Metropolia GZM\"},\"image\":{\"@id\":\"https:\\\/\\\/metropoliagzm.pl\\\/en\\\/#\\\/schema\\\/logo\\\/image\\\/\"}},{\"@type\":\"Person\",\"@id\":\"https:\\\/\\\/metropoliagzm.pl\\\/en\\\/#\\\/schema\\\/person\\\/9989523a35d06ccd7af13d71b6d7eb68\",\"name\":\"Zbigniew Anio\u0142\",\"image\":{\"@type\":\"ImageObject\",\"inLanguage\":\"de\",\"@id\":\"https:\\\/\\\/secure.gravatar.com\\\/avatar\\\/fb8a2c90771d8638e142bf824df5d65b3177e66998d527b1cf5a955a29b8458f?s=96&d=mm&r=g\",\"url\":\"https:\\\/\\\/secure.gravatar.com\\\/avatar\\\/fb8a2c90771d8638e142bf824df5d65b3177e66998d527b1cf5a955a29b8458f?s=96&d=mm&r=g\",\"contentUrl\":\"https:\\\/\\\/secure.gravatar.com\\\/avatar\\\/fb8a2c90771d8638e142bf824df5d65b3177e66998d527b1cf5a955a29b8458f?s=96&d=mm&r=g\",\"caption\":\"Zbigniew Anio\u0142\"},\"url\":\"https:\\\/\\\/metropoliagzm.pl\\\/de\\\/author\\\/z-aniol\\\/\"}]}<\/script>\n<!-- \/ Yoast SEO plugin. -->","yoast_head_json":{"title":"Nowe parkingi w Bieruniu dzi\u0119ki \u015brodkom z Metropolii - Metropolia GZM","description":"Oficjalny portal G\u00f3rno\u015bl\u0105sko-Zag\u0142\u0119biowskiej Metropolii","robots":{"index":"index","follow":"follow","max-snippet":"max-snippet:-1","max-image-preview":"max-image-preview:large","max-video-preview":"max-video-preview:-1"},"canonical":"https:\/\/metropoliagzm.pl\/de\/2019\/01\/10\/nowe-parkingi-w-bieruniu-dzieki-srodkom-z-metropolii\/","twitter_card":"summary_large_image","twitter_title":"Nowe parkingi w Bieruniu dzi\u0119ki \u015brodkom z Metropolii - Metropolia GZM","twitter_description":"Oficjalny portal G\u00f3rno\u015bl\u0105sko-Zag\u0142\u0119biowskiej Metropolii","twitter_image":"https:\/\/metropoliagzm.pl\/wp-content\/uploads\/2019\/05\/Granitowa1.jpg","twitter_misc":{"Geschrieben von":"Zbigniew Anio\u0142","Gesch\u00e4tzte Lesezeit":"2\u00a0Minuten"},"schema":{"@context":"https:\/\/schema.org","@graph":[{"@type":"Article","@id":"https:\/\/metropoliagzm.pl\/de\/2019\/01\/10\/nowe-parkingi-w-bieruniu-dzieki-srodkom-z-metropolii\/#article","isPartOf":{"@id":"https:\/\/metropoliagzm.pl\/de\/2019\/01\/10\/nowe-parkingi-w-bieruniu-dzieki-srodkom-z-metropolii\/"},"author":{"name":"Zbigniew Anio\u0142","@id":"https:\/\/metropoliagzm.pl\/en\/#\/schema\/person\/9989523a35d06ccd7af13d71b6d7eb68"},"headline":"Nowe parkingi w Bieruniu dzi\u0119ki \u015brodkom z Metropolii","datePublished":"2019-01-10T08:21:21+00:00","dateModified":"2019-05-21T07:39:20+00:00","mainEntityOfPage":{"@id":"https:\/\/metropoliagzm.pl\/de\/2019\/01\/10\/nowe-parkingi-w-bieruniu-dzieki-srodkom-z-metropolii\/"},"wordCount":433,"publisher":{"@id":"https:\/\/metropoliagzm.pl\/en\/#organization"},"image":{"@id":"https:\/\/metropoliagzm.pl\/de\/2019\/01\/10\/nowe-parkingi-w-bieruniu-dzieki-srodkom-z-metropolii\/#primaryimage"},"thumbnailUrl":"https:\/\/metropoliagzm.pl\/wp-content\/uploads\/2019\/05\/Granitowa1.jpg","keywords":["Bieru\u0144","Metropolitalny Fundusz Solidarno\u015bci","parkingi Bieru\u0144"],"articleSection":["Bieru\u0144","Gospodarka i Inwestycje"],"inLanguage":"de"},{"@type":"WebPage","@id":"https:\/\/metropoliagzm.pl\/de\/2019\/01\/10\/nowe-parkingi-w-bieruniu-dzieki-srodkom-z-metropolii\/","url":"https:\/\/metropoliagzm.pl\/de\/2019\/01\/10\/nowe-parkingi-w-bieruniu-dzieki-srodkom-z-metropolii\/","name":"Nowe parkingi w Bieruniu dzi\u0119ki \u015brodkom z Metropolii - Metropolia GZM","isPartOf":{"@id":"https:\/\/metropoliagzm.pl\/en\/#website"},"primaryImageOfPage":{"@id":"https:\/\/metropoliagzm.pl\/de\/2019\/01\/10\/nowe-parkingi-w-bieruniu-dzieki-srodkom-z-metropolii\/#primaryimage"},"image":{"@id":"https:\/\/metropoliagzm.pl\/de\/2019\/01\/10\/nowe-parkingi-w-bieruniu-dzieki-srodkom-z-metropolii\/#primaryimage"},"thumbnailUrl":"https:\/\/metropoliagzm.pl\/wp-content\/uploads\/2019\/05\/Granitowa1.jpg","datePublished":"2019-01-10T08:21:21+00:00","dateModified":"2019-05-21T07:39:20+00:00","description":"Oficjalny portal G\u00f3rno\u015bl\u0105sko-Zag\u0142\u0119biowskiej Metropolii","breadcrumb":{"@id":"https:\/\/metropoliagzm.pl\/de\/2019\/01\/10\/nowe-parkingi-w-bieruniu-dzieki-srodkom-z-metropolii\/#breadcrumb"},"inLanguage":"de","potentialAction":[{"@type":"ReadAction","target":["https:\/\/metropoliagzm.pl\/de\/2019\/01\/10\/nowe-parkingi-w-bieruniu-dzieki-srodkom-z-metropolii\/"]}]},{"@type":"ImageObject","inLanguage":"de","@id":"https:\/\/metropoliagzm.pl\/de\/2019\/01\/10\/nowe-parkingi-w-bieruniu-dzieki-srodkom-z-metropolii\/#primaryimage","url":"https:\/\/metropoliagzm.pl\/wp-content\/uploads\/2019\/05\/Granitowa1.jpg","contentUrl":"https:\/\/metropoliagzm.pl\/wp-content\/uploads\/2019\/05\/Granitowa1.jpg","width":1500,"height":993,"caption":"Parking przy ul. Granitowej\/fot. UM Bieru\u0144"},{"@type":"BreadcrumbList","@id":"https:\/\/metropoliagzm.pl\/de\/2019\/01\/10\/nowe-parkingi-w-bieruniu-dzieki-srodkom-z-metropolii\/#breadcrumb","itemListElement":[{"@type":"ListItem","position":1,"name":"Strona g\u0142\u00f3wna","item":"https:\/\/metropoliagzm.pl\/"},{"@type":"ListItem","position":2,"name":"Nowe parkingi w Bieruniu dzi\u0119ki \u015brodkom z Metropolii"}]},{"@type":"WebSite","@id":"https:\/\/metropoliagzm.pl\/en\/#website","url":"https:\/\/metropoliagzm.pl\/en\/","name":"Metropolia GZM","description":"Oficjalny portal G\u00f3rno\u015bl\u0105sko-Zag\u0142\u0119biowskiej Metropolii","publisher":{"@id":"https:\/\/metropoliagzm.pl\/en\/#organization"},"potentialAction":[{"@type":"SearchAction","target":{"@type":"EntryPoint","urlTemplate":"https:\/\/metropoliagzm.pl\/en\/?s={search_term_string}"},"query-input":{"@type":"PropertyValueSpecification","valueRequired":true,"valueName":"search_term_string"}}],"inLanguage":"de"},{"@type":"Organization","@id":"https:\/\/metropoliagzm.pl\/en\/#organization","name":"Metropolia GZM","url":"https:\/\/metropoliagzm.pl\/en\/","logo":{"@type":"ImageObject","inLanguage":"de","@id":"https:\/\/metropoliagzm.pl\/en\/#\/schema\/logo\/image\/","url":"https:\/\/metropoliagzm.pl\/wp-content\/uploads\/2019\/03\/Sygnet-strona-glowna.png","contentUrl":"https:\/\/metropoliagzm.pl\/wp-content\/uploads\/2019\/03\/Sygnet-strona-glowna.png","width":36,"height":45,"caption":"Metropolia GZM"},"image":{"@id":"https:\/\/metropoliagzm.pl\/en\/#\/schema\/logo\/image\/"}},{"@type":"Person","@id":"https:\/\/metropoliagzm.pl\/en\/#\/schema\/person\/9989523a35d06ccd7af13d71b6d7eb68","name":"Zbigniew Anio\u0142","image":{"@type":"ImageObject","inLanguage":"de","@id":"https:\/\/secure.gravatar.com\/avatar\/fb8a2c90771d8638e142bf824df5d65b3177e66998d527b1cf5a955a29b8458f?s=96&d=mm&r=g","url":"https:\/\/secure.gravatar.com\/avatar\/fb8a2c90771d8638e142bf824df5d65b3177e66998d527b1cf5a955a29b8458f?s=96&d=mm&r=g","contentUrl":"https:\/\/secure.gravatar.com\/avatar\/fb8a2c90771d8638e142bf824df5d65b3177e66998d527b1cf5a955a29b8458f?s=96&d=mm&r=g","caption":"Zbigniew Anio\u0142"},"url":"https:\/\/metropoliagzm.pl\/de\/author\/z-aniol\/"}]}},"_links":{"self":[{"href":"https:\/\/metropoliagzm.pl\/de\/wp-json\/wp\/v2\/posts\/4829","targetHints":{"allow":["GET"]}}],"collection":[{"href":"https:\/\/metropoliagzm.pl\/de\/wp-json\/wp\/v2\/posts"}],"about":[{"href":"https:\/\/metropoliagzm.pl\/de\/wp-json\/wp\/v2\/types\/post"}],"author":[{"embeddable":true,"href":"https:\/\/metropoliagzm.pl\/de\/wp-json\/wp\/v2\/users\/137"}],"replies":[{"embeddable":true,"href":"https:\/\/metropoliagzm.pl\/de\/wp-json\/wp\/v2\/comments?post=4829"}],"version-history":[{"count":3,"href":"https:\/\/metropoliagzm.pl\/de\/wp-json\/wp\/v2\/posts\/4829\/revisions"}],"predecessor-version":[{"id":9953,"href":"https:\/\/metropoliagzm.pl\/de\/wp-json\/wp\/v2\/posts\/4829\/revisions\/9953"}],"wp:featuredmedia":[{"embeddable":true,"href":"https:\/\/metropoliagzm.pl\/de\/wp-json\/wp\/v2\/media\/4833"}],"wp:attachment":[{"href":"https:\/\/metropoliagzm.pl\/de\/wp-json\/wp\/v2\/media?parent=4829"}],"wp:term":[{"taxonomy":"category","embeddable":true,"href":"https:\/\/metropoliagzm.pl\/de\/wp-json\/wp\/v2\/categories?post=4829"},{"taxonomy":"post_tag","embeddable":true,"href":"https:\/\/metropoliagzm.pl\/de\/wp-json\/wp\/v2\/tags?post=4829"}],"curies":[{"name":"wp","href":"https:\/\/api.w.org\/{rel}","templated":true}]}}