{"id":48300,"date":"2026-04-30T11:32:34","date_gmt":"2026-04-30T09:32:34","guid":{"rendered":"https:\/\/metropoliagzm.pl\/?p=48300"},"modified":"2026-04-30T11:36:54","modified_gmt":"2026-04-30T09:36:54","slug":"pierwsze-efekty-programu-stop-smog-w-katowicach","status":"publish","type":"post","link":"https:\/\/metropoliagzm.pl\/de\/2026\/04\/30\/pierwsze-efekty-programu-stop-smog-w-katowicach\/","title":{"rendered":"Pierwsze efekty programu STOP SMOG w Katowicach"},"content":{"rendered":"<div class=\"pdf-block\"><div class=\"pdfprnt-buttons  pdfprnt-new pdfprnt-buttons-post pdfprnt-top-right\"><div class=\"jssocials-share jssocials-share-twitter\"><a target=\"_blank\" href=\"https:\/\/twitter.com\/share?url=https:\/\/metropoliagzm.pl\/de\/wp-json\/wp\/v2\/posts\/48300;text=48300\" class=\"jssocials-share-link\"><i class=\"fa fa-twitter jssocials-share-logo\"><\/i><\/a><\/div><div class=\"jssocials-share jssocials-share-facebook\"><a target=\"_blank\" href=\"https:\/\/facebook.com\/sharer\/sharer.php?u=https:\/\/metropoliagzm.pl\/de\/wp-json\/wp\/v2\/posts\/48300\" class=\"jssocials-share-link\"><i class=\"fa fa-facebook jssocials-share-logo\"><\/i><\/a><\/div><div class=\"jssocials-share jssocials-share-pinterest\"><a target=\"_blank\" href=\"https:\/\/pinterest.com\/pin\/create\/bookmarklet\/?&amp;url=https:\/\/metropoliagzm.pl\/de\/wp-json\/wp\/v2\/posts\/48300;description=48300\" class=\"jssocials-share-link\"><i class=\"fa fa-pinterest jssocials-share-logo\"><\/i><\/a><\/div><a href=\"https:\/\/metropoliagzm.pl\/de\/wp-json\/wp\/v2\/posts\/48300?print=pdf\" class=\"pdfprnt-button pdfprnt-button-pdf\" target=\"_blank\"><img decoding=\"async\" src=\"https:\/\/metropoliagzm.pl\/wp-content\/plugins\/pdf-print\/images\/pdf.png\" alt=\"image_pdf\" title=\"View PDF\" \/><\/a><a href=\"https:\/\/metropoliagzm.pl\/de\/wp-json\/wp\/v2\/posts\/48300?print=print\" class=\"pdfprnt-button pdfprnt-button-print\" target=\"_blank\"><img decoding=\"async\" src=\"https:\/\/metropoliagzm.pl\/wp-content\/plugins\/pdf-print\/images\/print.png\" alt=\"image_print\" title=\"Print Content\" \/><\/a><\/div><\/div><div class=\"post-block-pdf\"><div class=\"pdfprnt-buttons pdfprnt-buttons-post pdfprnt-top-right\"><a href=\"https:\/\/metropoliagzm.pl\/de\/wp-json\/wp\/v2\/posts\/48300?print=pdf\" class=\"pdfprnt-button pdfprnt-button-pdf\" target=\"_blank\"><img decoding=\"async\" src=\"https:\/\/metropoliagzm.pl\/wp-content\/plugins\/pdf-print\/images\/pdf.png\" alt=\"image_pdf\" title=\"View PDF\" \/><\/a><a href=\"https:\/\/metropoliagzm.pl\/de\/wp-json\/wp\/v2\/posts\/48300?print=print\" class=\"pdfprnt-button pdfprnt-button-print\" target=\"_blank\"><img decoding=\"async\" src=\"https:\/\/metropoliagzm.pl\/wp-content\/plugins\/pdf-print\/images\/print.png\" alt=\"image_print\" title=\"Print Content\" \/><\/a><\/div><p><strong>G\u00f3rno\u015bl\u0105sko-Zag\u0142\u0119biowska Metropolia konsekwentnie realizuje dzia\u0142ania na rzecz poprawy jako\u015bci powietrza i ograniczania niskiej emisji w regionie. Jednym z\u00a0kluczowych narz\u0119dzi tych dzia\u0142a\u0144 jest udzia\u0142 GZM w rz\u0105dowym programie STOP SMOG, dzi\u0119ki kt\u00f3remu mieszka\u0144cy gmin cz\u0142onkowskich \u2013 szczeg\u00f3lnie gospodarstwa zagro\u017cone ub\u00f3stwem energetycznym \u2013 mog\u0105 skorzysta\u0107 z kompleksowego wsparcia obejmuj\u0105cego wymian\u0119 \u017ar\u00f3de\u0142 ciep\u0142a i termomodernizacj\u0119 budynk\u00f3w.<\/strong><\/p>\n<p>W Katowicach, przy wsparciu organizacyjnym, finansowym i technicznym GZM, zako\u0144czono w\u0142a\u015bnie realizacj\u0119 prac w 10 budynkach komunalnych przy ul. Le Ronda, zarz\u0105dzanych przez KZGM. Zakres inwestycji obj\u0105\u0142 m.in. wymian\u0119 stolarki okiennej i\u00a0drzwiowej, likwidacj\u0119 nieefektywnych \u017ar\u00f3de\u0142 ciep\u0142a, monta\u017c nowych \u017ar\u00f3de\u0142 gazowych, modernizacj\u0119 instalacji centralnego ogrzewania i ciep\u0142ej wody u\u017cytkowej oraz dzia\u0142ania termomodernizacyjne. \u0141\u0105czna warto\u015b\u0107 przedsi\u0119wzi\u0119cia wynios\u0142a ponad 861 tys. z\u0142, z\u00a0czego cz\u0119\u015b\u0107 wk\u0142adu w\u0142asnego zosta\u0142a pokryta dzi\u0119ki dotacji GZM.<\/p>\n<p><img loading=\"lazy\" decoding=\"async\" class=\"alignnone size-large wp-image-48304\" src=\"https:\/\/metropoliagzm.pl\/wp-content\/uploads\/2026\/04\/DSC01097a-1024x683.jpg\" alt=\"\" width=\"1024\" height=\"683\" srcset=\"https:\/\/metropoliagzm.pl\/wp-content\/uploads\/2026\/04\/DSC01097a-1024x683.jpg 1024w, https:\/\/metropoliagzm.pl\/wp-content\/uploads\/2026\/04\/DSC01097a-300x200.jpg 300w, https:\/\/metropoliagzm.pl\/wp-content\/uploads\/2026\/04\/DSC01097a-768x512.jpg 768w, https:\/\/metropoliagzm.pl\/wp-content\/uploads\/2026\/04\/DSC01097a-1536x1024.jpg 1536w, https:\/\/metropoliagzm.pl\/wp-content\/uploads\/2026\/04\/DSC01097a-2048x1365.jpg 2048w, https:\/\/metropoliagzm.pl\/wp-content\/uploads\/2026\/04\/DSC01097a-18x12.jpg 18w, https:\/\/metropoliagzm.pl\/wp-content\/uploads\/2026\/04\/DSC01097a-585x390.jpg 585w\" sizes=\"auto, (max-width: 1024px) 100vw, 1024px\" \/>\u2013 <em>Jako Metropolia konsekwentnie wspieramy nasze gminy w dzia\u0142aniach, kt\u00f3re bezpo\u015brednio przek\u0142adaj\u0105 si\u0119 na zdrowie i codzienny komfort mieszka\u0144c\u00f3w. Program STOP SMOG to realna pomoc dla os\u00f3b najbardziej nara\u017conych na ub\u00f3stwo energetyczne, ale tak\u017ce wa\u017cny element naszej szerokiej strategii poprawy jako\u015bci powietrza w ca\u0142ym regionie. Dzi\u0119ki wsp\u00f3\u0142pracy z samorz\u0105dami skutecznie ograniczamy nisk\u0105 emisj\u0119 i inwestujemy w bezpieczniejsz\u0105, zdrowsz\u0105 przysz\u0142o\u015b\u0107 mieszka\u0144c\u00f3w<\/em> \u2013 podkre\u015bla Igor \u015amieta\u0144ski, wiceprzewodnicz\u0105cy Zarz\u0105du GZM.<\/p>\n<p>R\u00f3wnolegle w Katowicach prowadzone s\u0105 tak\u017ce kolejne przedsi\u0119wzi\u0119cia obejmuj\u0105ce budynki jednorodzinne prywatnych w\u0142a\u015bcicieli. \u0141\u0105cznie program STOP SMOG obejmuje obecnie w mie\u015bcie 18 inwestycji o warto\u015bci blisko 1,73 mln z\u0142.<\/p>\n<p>\u2013 <em>To wa\u017cny moment, kt\u00f3ry udowadnia, \u017ce partnerstwo przynosi wymierne efekty. Chcia\u0142bym serdecznie podzi\u0119kowa\u0107 Metropolii za wsp\u00f3ln\u0105 realizacj\u0119 programu, dzi\u0119ki kt\u00f3remu realnie podnosimy jako\u015b\u0107 \u017cycia mieszka\u0144c\u00f3w. Termomodernizacja dziesi\u0119ciu budynk\u00f3w z zasob\u00f3w KZGM to inwestycja w komfort: zim\u0105 w mieszkaniach b\u0119dzie cieplej, latem zapanuje przyjemny ch\u0142\u00f3d, a co najwa\u017cniejsze \u2013 koszty utrzymania b\u0119d\u0105 znacznie ni\u017csze<\/em> \u2013 m\u00f3wi Jaros\u0142aw Makowski, wiceprezydent Katowic.<\/p>\n<p><img loading=\"lazy\" decoding=\"async\" class=\"alignnone size-large wp-image-48309\" src=\"https:\/\/metropoliagzm.pl\/wp-content\/uploads\/2026\/04\/DSC01126a-1-1024x683.jpg\" alt=\"\" width=\"1024\" height=\"683\" srcset=\"https:\/\/metropoliagzm.pl\/wp-content\/uploads\/2026\/04\/DSC01126a-1-1024x683.jpg 1024w, https:\/\/metropoliagzm.pl\/wp-content\/uploads\/2026\/04\/DSC01126a-1-300x200.jpg 300w, https:\/\/metropoliagzm.pl\/wp-content\/uploads\/2026\/04\/DSC01126a-1-768x512.jpg 768w, https:\/\/metropoliagzm.pl\/wp-content\/uploads\/2026\/04\/DSC01126a-1-1536x1024.jpg 1536w, https:\/\/metropoliagzm.pl\/wp-content\/uploads\/2026\/04\/DSC01126a-1-2048x1365.jpg 2048w, https:\/\/metropoliagzm.pl\/wp-content\/uploads\/2026\/04\/DSC01126a-1-18x12.jpg 18w, https:\/\/metropoliagzm.pl\/wp-content\/uploads\/2026\/04\/DSC01126a-1-585x390.jpg 585w\" sizes=\"auto, (max-width: 1024px) 100vw, 1024px\" \/>Dzia\u0142ania realizowane przez GZM wpisuj\u0105 si\u0119 w d\u0142ugofalow\u0105 strategi\u0119 poprawy jako\u015bci \u017cycia mieszka\u0144c\u00f3w Metropolii. Obejmuj\u0105 one nie tylko inwestycje w ekologiczny transport, ale r\u00f3wnie\u017c systemowe wsparcie dla gmin w modernizacji budynk\u00f3w i likwidacji wysokoemisyjnych \u017ar\u00f3de\u0142 ogrzewania \u2013 jednego z g\u0142\u00f3wnych \u017ar\u00f3de\u0142 smogu.<\/p>\n<p>W skali ca\u0142ej G\u00f3rno\u015bl\u0105sko-Zag\u0142\u0119biowskiej Metropolii program STOP SMOG realizowany jest w latach 2022\u20132026 we wsp\u00f3\u0142pracy z 9 gminami: Bieruniem, Bytomiem, D\u0105brow\u0105 G\u00f3rnicz\u0105, Giera\u0142towicami, Katowicami, Mys\u0142owicami, So\u015bnicowicami, Tychami i Zabrzem. Obejmuje 167 przedsi\u0119wzi\u0119\u0107 niskoemisyjnych o \u0142\u0105cznej warto\u015bci ponad 18,3 mln z\u0142. GZM nie tylko wspiera gminy finansowo \u2013 przekazuj\u0105c \u015brodki na wk\u0142ad w\u0142asny i\u00a0dodatkowe roboty \u2013 ale r\u00f3wnie\u017c odpowiada za doradztwo techniczne oraz koordynacj\u0119 prac budowlanych.<\/p>\n<p>Dotychczas na terenie Metropolii zako\u0144czono ju\u017c prace w 45 budynkach, a kolejne 95 inwestycji znajduje si\u0119 w trakcie realizacji. Dzi\u0119ki zmianom wprowadzonym z inicjatywy GZM w 2025 roku maksymalna warto\u015b\u0107 wsparcia dla pojedynczego przedsi\u0119wzi\u0119cia zosta\u0142a zwi\u0119kszona z 53 tys. z\u0142 do 106 tys. z\u0142, co znacz\u0105co rozszerzy\u0142o skal\u0119 mo\u017cliwego wsparcia dla mieszka\u0144c\u00f3w.<\/p>\n<p><strong><img loading=\"lazy\" decoding=\"async\" class=\"alignnone size-large wp-image-48307\" src=\"https:\/\/metropoliagzm.pl\/wp-content\/uploads\/2026\/04\/DSC00955-a-1024x683.jpg\" alt=\"\" width=\"1024\" height=\"683\" srcset=\"https:\/\/metropoliagzm.pl\/wp-content\/uploads\/2026\/04\/DSC00955-a-1024x683.jpg 1024w, https:\/\/metropoliagzm.pl\/wp-content\/uploads\/2026\/04\/DSC00955-a-300x200.jpg 300w, https:\/\/metropoliagzm.pl\/wp-content\/uploads\/2026\/04\/DSC00955-a-768x512.jpg 768w, https:\/\/metropoliagzm.pl\/wp-content\/uploads\/2026\/04\/DSC00955-a-1536x1024.jpg 1536w, https:\/\/metropoliagzm.pl\/wp-content\/uploads\/2026\/04\/DSC00955-a-2048x1365.jpg 2048w, https:\/\/metropoliagzm.pl\/wp-content\/uploads\/2026\/04\/DSC00955-a-18x12.jpg 18w, https:\/\/metropoliagzm.pl\/wp-content\/uploads\/2026\/04\/DSC00955-a-585x390.jpg 585w\" sizes=\"auto, (max-width: 1024px) 100vw, 1024px\" \/>ELENA<\/strong><\/p>\n<p>Program STOP SMOG pozostaje jednym z najwa\u017cniejszych przyk\u0142ad\u00f3w metropolitalnej wsp\u00f3\u0142pracy na rzecz zdrowia mieszka\u0144c\u00f3w, poprawy efektywno\u015bci energetycznej i\u00a0ograniczania skutk\u00f3w smogu w regionie. Dzi\u0119ki aktywnej roli GZM dzia\u0142ania antysmogowe zyskuj\u0105 wi\u0119ksz\u0105 skal\u0119, skuteczno\u015b\u0107 i dost\u0119pno\u015b\u0107 dla tych mieszka\u0144c\u00f3w, kt\u00f3rzy najbardziej potrzebuj\u0105 wsparcia.<\/p>\n<p>Dodatkowym narz\u0119dziem wspieraj\u0105cym transformacj\u0119 energetyczn\u0105 w Katowicach jest r\u00f3wnie\u017c realizowany przez GZM program ELENA, finansowany przy wsparciu Europejskiego Banku Inwestycyjnego. W jego ramach przygotowywana jest kompleksowa dokumentacja modernizacyjna dla kolejnych 4 budynk\u00f3w w Katowicach \u2013 przy ul. Wyszy\u0144skiego 15 i 18, pl. Powsta\u0144c\u00f3w 8 oraz ul. gen. Jankego 65.<\/p>\n<p>W skali ca\u0142ej Metropolii program ELENA obejmuje 15 gmin, 136 budynk\u00f3w i stanowi kolejny przyk\u0142ad skutecznego, metropolitalnego wsparcia samorz\u0105d\u00f3w w przygotowaniu du\u017cych inwestycji poprawiaj\u0105cych efektywno\u015b\u0107 energetyczn\u0105 zasob\u00f3w komunalnych.<\/p>\n<div class=\"post-author\" style=\"font-size:13px\">Micha\u0142 Nowak<\/div><\/div>","protected":false},"excerpt":{"rendered":"<p>G\u00f3rno\u015bl\u0105sko-Zag\u0142\u0119biowska Metropolia konsekwentnie realizuje dzia\u0142ania na rzecz poprawy jako\u015bci powietrza i ograniczania niskiej emisji w regionie. Jednym z\u00a0kluczowych narz\u0119dzi tych dzia\u0142a\u0144 jest udzia\u0142 GZM w rz\u0105dowym programie STOP SMOG, dzi\u0119ki kt\u00f3remu mieszka\u0144cy gmin cz\u0142onkowskich \u2013 szczeg\u00f3lnie gospodarstwa zagro\u017cone ub\u00f3stwem energetycznym \u2013 mog\u0105 skorzysta\u0107 z kompleksowego&#8230;<\/p>","protected":false},"author":134,"featured_media":48301,"comment_status":"closed","ping_status":"closed","sticky":false,"template":"","format":"standard","meta":{"_acf_changed":false,"footnotes":""},"categories":[239,236],"tags":[249,1765],"class_list":["post-48300","post","type-post","status-publish","format-standard","has-post-thumbnail","hentry","category-gospodarka-i-inwestycje","category-gzm","tag-katowice","tag-stop-smog"],"acf":[],"yoast_head":"<!-- This site is optimized with the Yoast SEO plugin v27.4 - https:\/\/yoast.com\/product\/yoast-seo-wordpress\/ -->\n<title>Pierwsze efekty programu STOP SMOG w Katowicach - Metropolia GZM<\/title>\n<meta name=\"description\" content=\"Oficjalny portal G\u00f3rno\u015bl\u0105sko-Zag\u0142\u0119biowskiej Metropolii\" \/>\n<meta name=\"robots\" content=\"index, follow, max-snippet:-1, max-image-preview:large, max-video-preview:-1\" \/>\n<link rel=\"canonical\" href=\"https:\/\/metropoliagzm.pl\/de\/2026\/04\/30\/pierwsze-efekty-programu-stop-smog-w-katowicach\/\" \/>\n<meta name=\"twitter:card\" content=\"summary_large_image\" \/>\n<meta name=\"twitter:title\" content=\"Pierwsze efekty programu STOP SMOG w Katowicach - Metropolia GZM\" \/>\n<meta name=\"twitter:description\" content=\"Oficjalny portal G\u00f3rno\u015bl\u0105sko-Zag\u0142\u0119biowskiej Metropolii\" \/>\n<meta name=\"twitter:image\" content=\"https:\/\/metropoliagzm.pl\/wp-content\/uploads\/2026\/04\/DSC00985-a-scaled.jpg\" \/>\n<meta name=\"twitter:label1\" content=\"Geschrieben von\" \/>\n\t<meta name=\"twitter:data1\" content=\"Micha\u0142 Nowak\" \/>\n\t<meta name=\"twitter:label2\" content=\"Gesch\u00e4tzte Lesezeit\" \/>\n\t<meta name=\"twitter:data2\" content=\"5\u00a0Minuten\" \/>\n<script type=\"application\/ld+json\" class=\"yoast-schema-graph\">{\"@context\":\"https:\\\/\\\/schema.org\",\"@graph\":[{\"@type\":\"Article\",\"@id\":\"https:\\\/\\\/metropoliagzm.pl\\\/2026\\\/04\\\/30\\\/pierwsze-efekty-programu-stop-smog-w-katowicach\\\/#article\",\"isPartOf\":{\"@id\":\"https:\\\/\\\/metropoliagzm.pl\\\/2026\\\/04\\\/30\\\/pierwsze-efekty-programu-stop-smog-w-katowicach\\\/\"},\"author\":{\"name\":\"Micha\u0142 Nowak\",\"@id\":\"https:\\\/\\\/metropoliagzm.pl\\\/en\\\/#\\\/schema\\\/person\\\/9e7660ba27bc92881ef16c6fc34ae962\"},\"headline\":\"Pierwsze efekty programu STOP SMOG w Katowicach\",\"datePublished\":\"2026-04-30T09:32:34+00:00\",\"dateModified\":\"2026-04-30T09:36:54+00:00\",\"mainEntityOfPage\":{\"@id\":\"https:\\\/\\\/metropoliagzm.pl\\\/2026\\\/04\\\/30\\\/pierwsze-efekty-programu-stop-smog-w-katowicach\\\/\"},\"wordCount\":693,\"publisher\":{\"@id\":\"https:\\\/\\\/metropoliagzm.pl\\\/en\\\/#organization\"},\"image\":{\"@id\":\"https:\\\/\\\/metropoliagzm.pl\\\/2026\\\/04\\\/30\\\/pierwsze-efekty-programu-stop-smog-w-katowicach\\\/#primaryimage\"},\"thumbnailUrl\":\"https:\\\/\\\/metropoliagzm.pl\\\/wp-content\\\/uploads\\\/2026\\\/04\\\/DSC00985-a-scaled.jpg\",\"keywords\":[\"Katowice\",\"stop smog\"],\"articleSection\":[\"Gospodarka i Inwestycje\",\"GZM\"],\"inLanguage\":\"de\"},{\"@type\":\"WebPage\",\"@id\":\"https:\\\/\\\/metropoliagzm.pl\\\/2026\\\/04\\\/30\\\/pierwsze-efekty-programu-stop-smog-w-katowicach\\\/\",\"url\":\"https:\\\/\\\/metropoliagzm.pl\\\/2026\\\/04\\\/30\\\/pierwsze-efekty-programu-stop-smog-w-katowicach\\\/\",\"name\":\"Pierwsze efekty programu STOP SMOG w Katowicach - Metropolia GZM\",\"isPartOf\":{\"@id\":\"https:\\\/\\\/metropoliagzm.pl\\\/en\\\/#website\"},\"primaryImageOfPage\":{\"@id\":\"https:\\\/\\\/metropoliagzm.pl\\\/2026\\\/04\\\/30\\\/pierwsze-efekty-programu-stop-smog-w-katowicach\\\/#primaryimage\"},\"image\":{\"@id\":\"https:\\\/\\\/metropoliagzm.pl\\\/2026\\\/04\\\/30\\\/pierwsze-efekty-programu-stop-smog-w-katowicach\\\/#primaryimage\"},\"thumbnailUrl\":\"https:\\\/\\\/metropoliagzm.pl\\\/wp-content\\\/uploads\\\/2026\\\/04\\\/DSC00985-a-scaled.jpg\",\"datePublished\":\"2026-04-30T09:32:34+00:00\",\"dateModified\":\"2026-04-30T09:36:54+00:00\",\"description\":\"Oficjalny portal G\u00f3rno\u015bl\u0105sko-Zag\u0142\u0119biowskiej Metropolii\",\"breadcrumb\":{\"@id\":\"https:\\\/\\\/metropoliagzm.pl\\\/2026\\\/04\\\/30\\\/pierwsze-efekty-programu-stop-smog-w-katowicach\\\/#breadcrumb\"},\"inLanguage\":\"de\",\"potentialAction\":[{\"@type\":\"ReadAction\",\"target\":[\"https:\\\/\\\/metropoliagzm.pl\\\/2026\\\/04\\\/30\\\/pierwsze-efekty-programu-stop-smog-w-katowicach\\\/\"]}]},{\"@type\":\"ImageObject\",\"inLanguage\":\"de\",\"@id\":\"https:\\\/\\\/metropoliagzm.pl\\\/2026\\\/04\\\/30\\\/pierwsze-efekty-programu-stop-smog-w-katowicach\\\/#primaryimage\",\"url\":\"https:\\\/\\\/metropoliagzm.pl\\\/wp-content\\\/uploads\\\/2026\\\/04\\\/DSC00985-a-scaled.jpg\",\"contentUrl\":\"https:\\\/\\\/metropoliagzm.pl\\\/wp-content\\\/uploads\\\/2026\\\/04\\\/DSC00985-a-scaled.jpg\",\"width\":2560,\"height\":1707,\"caption\":\"Fot. GZM\"},{\"@type\":\"BreadcrumbList\",\"@id\":\"https:\\\/\\\/metropoliagzm.pl\\\/2026\\\/04\\\/30\\\/pierwsze-efekty-programu-stop-smog-w-katowicach\\\/#breadcrumb\",\"itemListElement\":[{\"@type\":\"ListItem\",\"position\":1,\"name\":\"Strona g\u0142\u00f3wna\",\"item\":\"https:\\\/\\\/metropoliagzm.pl\\\/\"},{\"@type\":\"ListItem\",\"position\":2,\"name\":\"Pierwsze efekty programu STOP SMOG w Katowicach\"}]},{\"@type\":\"WebSite\",\"@id\":\"https:\\\/\\\/metropoliagzm.pl\\\/en\\\/#website\",\"url\":\"https:\\\/\\\/metropoliagzm.pl\\\/en\\\/\",\"name\":\"Metropolia GZM\",\"description\":\"Oficjalny portal G\u00f3rno\u015bl\u0105sko-Zag\u0142\u0119biowskiej Metropolii\",\"publisher\":{\"@id\":\"https:\\\/\\\/metropoliagzm.pl\\\/en\\\/#organization\"},\"potentialAction\":[{\"@type\":\"SearchAction\",\"target\":{\"@type\":\"EntryPoint\",\"urlTemplate\":\"https:\\\/\\\/metropoliagzm.pl\\\/en\\\/?s={search_term_string}\"},\"query-input\":{\"@type\":\"PropertyValueSpecification\",\"valueRequired\":true,\"valueName\":\"search_term_string\"}}],\"inLanguage\":\"de\"},{\"@type\":\"Organization\",\"@id\":\"https:\\\/\\\/metropoliagzm.pl\\\/en\\\/#organization\",\"name\":\"Metropolia GZM\",\"url\":\"https:\\\/\\\/metropoliagzm.pl\\\/en\\\/\",\"logo\":{\"@type\":\"ImageObject\",\"inLanguage\":\"de\",\"@id\":\"https:\\\/\\\/metropoliagzm.pl\\\/en\\\/#\\\/schema\\\/logo\\\/image\\\/\",\"url\":\"https:\\\/\\\/metropoliagzm.pl\\\/wp-content\\\/uploads\\\/2019\\\/03\\\/Sygnet-strona-glowna.png\",\"contentUrl\":\"https:\\\/\\\/metropoliagzm.pl\\\/wp-content\\\/uploads\\\/2019\\\/03\\\/Sygnet-strona-glowna.png\",\"width\":36,\"height\":45,\"caption\":\"Metropolia GZM\"},\"image\":{\"@id\":\"https:\\\/\\\/metropoliagzm.pl\\\/en\\\/#\\\/schema\\\/logo\\\/image\\\/\"}},{\"@type\":\"Person\",\"@id\":\"https:\\\/\\\/metropoliagzm.pl\\\/en\\\/#\\\/schema\\\/person\\\/9e7660ba27bc92881ef16c6fc34ae962\",\"name\":\"Micha\u0142 Nowak\",\"image\":{\"@type\":\"ImageObject\",\"inLanguage\":\"de\",\"@id\":\"https:\\\/\\\/secure.gravatar.com\\\/avatar\\\/2d51f070ccac4989b201dc1a42c3a6d46ff007fc5e569ff280535ab8e8122a59?s=96&d=mm&r=g\",\"url\":\"https:\\\/\\\/secure.gravatar.com\\\/avatar\\\/2d51f070ccac4989b201dc1a42c3a6d46ff007fc5e569ff280535ab8e8122a59?s=96&d=mm&r=g\",\"contentUrl\":\"https:\\\/\\\/secure.gravatar.com\\\/avatar\\\/2d51f070ccac4989b201dc1a42c3a6d46ff007fc5e569ff280535ab8e8122a59?s=96&d=mm&r=g\",\"caption\":\"Micha\u0142 Nowak\"},\"url\":\"https:\\\/\\\/metropoliagzm.pl\\\/de\\\/author\\\/michal-nowak\\\/\"}]}<\/script>\n<!-- \/ Yoast SEO plugin. -->","yoast_head_json":{"title":"Pierwsze efekty programu STOP SMOG w Katowicach - Metropolia GZM","description":"Oficjalny portal G\u00f3rno\u015bl\u0105sko-Zag\u0142\u0119biowskiej Metropolii","robots":{"index":"index","follow":"follow","max-snippet":"max-snippet:-1","max-image-preview":"max-image-preview:large","max-video-preview":"max-video-preview:-1"},"canonical":"https:\/\/metropoliagzm.pl\/de\/2026\/04\/30\/pierwsze-efekty-programu-stop-smog-w-katowicach\/","twitter_card":"summary_large_image","twitter_title":"Pierwsze efekty programu STOP SMOG w Katowicach - Metropolia GZM","twitter_description":"Oficjalny portal G\u00f3rno\u015bl\u0105sko-Zag\u0142\u0119biowskiej Metropolii","twitter_image":"https:\/\/metropoliagzm.pl\/wp-content\/uploads\/2026\/04\/DSC00985-a-scaled.jpg","twitter_misc":{"Geschrieben von":"Micha\u0142 Nowak","Gesch\u00e4tzte Lesezeit":"5\u00a0Minuten"},"schema":{"@context":"https:\/\/schema.org","@graph":[{"@type":"Article","@id":"https:\/\/metropoliagzm.pl\/2026\/04\/30\/pierwsze-efekty-programu-stop-smog-w-katowicach\/#article","isPartOf":{"@id":"https:\/\/metropoliagzm.pl\/2026\/04\/30\/pierwsze-efekty-programu-stop-smog-w-katowicach\/"},"author":{"name":"Micha\u0142 Nowak","@id":"https:\/\/metropoliagzm.pl\/en\/#\/schema\/person\/9e7660ba27bc92881ef16c6fc34ae962"},"headline":"Pierwsze efekty programu STOP SMOG w Katowicach","datePublished":"2026-04-30T09:32:34+00:00","dateModified":"2026-04-30T09:36:54+00:00","mainEntityOfPage":{"@id":"https:\/\/metropoliagzm.pl\/2026\/04\/30\/pierwsze-efekty-programu-stop-smog-w-katowicach\/"},"wordCount":693,"publisher":{"@id":"https:\/\/metropoliagzm.pl\/en\/#organization"},"image":{"@id":"https:\/\/metropoliagzm.pl\/2026\/04\/30\/pierwsze-efekty-programu-stop-smog-w-katowicach\/#primaryimage"},"thumbnailUrl":"https:\/\/metropoliagzm.pl\/wp-content\/uploads\/2026\/04\/DSC00985-a-scaled.jpg","keywords":["Katowice","stop smog"],"articleSection":["Gospodarka i Inwestycje","GZM"],"inLanguage":"de"},{"@type":"WebPage","@id":"https:\/\/metropoliagzm.pl\/2026\/04\/30\/pierwsze-efekty-programu-stop-smog-w-katowicach\/","url":"https:\/\/metropoliagzm.pl\/2026\/04\/30\/pierwsze-efekty-programu-stop-smog-w-katowicach\/","name":"Pierwsze efekty programu STOP SMOG w Katowicach - Metropolia GZM","isPartOf":{"@id":"https:\/\/metropoliagzm.pl\/en\/#website"},"primaryImageOfPage":{"@id":"https:\/\/metropoliagzm.pl\/2026\/04\/30\/pierwsze-efekty-programu-stop-smog-w-katowicach\/#primaryimage"},"image":{"@id":"https:\/\/metropoliagzm.pl\/2026\/04\/30\/pierwsze-efekty-programu-stop-smog-w-katowicach\/#primaryimage"},"thumbnailUrl":"https:\/\/metropoliagzm.pl\/wp-content\/uploads\/2026\/04\/DSC00985-a-scaled.jpg","datePublished":"2026-04-30T09:32:34+00:00","dateModified":"2026-04-30T09:36:54+00:00","description":"Oficjalny portal G\u00f3rno\u015bl\u0105sko-Zag\u0142\u0119biowskiej Metropolii","breadcrumb":{"@id":"https:\/\/metropoliagzm.pl\/2026\/04\/30\/pierwsze-efekty-programu-stop-smog-w-katowicach\/#breadcrumb"},"inLanguage":"de","potentialAction":[{"@type":"ReadAction","target":["https:\/\/metropoliagzm.pl\/2026\/04\/30\/pierwsze-efekty-programu-stop-smog-w-katowicach\/"]}]},{"@type":"ImageObject","inLanguage":"de","@id":"https:\/\/metropoliagzm.pl\/2026\/04\/30\/pierwsze-efekty-programu-stop-smog-w-katowicach\/#primaryimage","url":"https:\/\/metropoliagzm.pl\/wp-content\/uploads\/2026\/04\/DSC00985-a-scaled.jpg","contentUrl":"https:\/\/metropoliagzm.pl\/wp-content\/uploads\/2026\/04\/DSC00985-a-scaled.jpg","width":2560,"height":1707,"caption":"Fot. GZM"},{"@type":"BreadcrumbList","@id":"https:\/\/metropoliagzm.pl\/2026\/04\/30\/pierwsze-efekty-programu-stop-smog-w-katowicach\/#breadcrumb","itemListElement":[{"@type":"ListItem","position":1,"name":"Strona g\u0142\u00f3wna","item":"https:\/\/metropoliagzm.pl\/"},{"@type":"ListItem","position":2,"name":"Pierwsze efekty programu STOP SMOG w Katowicach"}]},{"@type":"WebSite","@id":"https:\/\/metropoliagzm.pl\/en\/#website","url":"https:\/\/metropoliagzm.pl\/en\/","name":"Metropolia GZM","description":"Oficjalny portal G\u00f3rno\u015bl\u0105sko-Zag\u0142\u0119biowskiej Metropolii","publisher":{"@id":"https:\/\/metropoliagzm.pl\/en\/#organization"},"potentialAction":[{"@type":"SearchAction","target":{"@type":"EntryPoint","urlTemplate":"https:\/\/metropoliagzm.pl\/en\/?s={search_term_string}"},"query-input":{"@type":"PropertyValueSpecification","valueRequired":true,"valueName":"search_term_string"}}],"inLanguage":"de"},{"@type":"Organization","@id":"https:\/\/metropoliagzm.pl\/en\/#organization","name":"Metropolia GZM","url":"https:\/\/metropoliagzm.pl\/en\/","logo":{"@type":"ImageObject","inLanguage":"de","@id":"https:\/\/metropoliagzm.pl\/en\/#\/schema\/logo\/image\/","url":"https:\/\/metropoliagzm.pl\/wp-content\/uploads\/2019\/03\/Sygnet-strona-glowna.png","contentUrl":"https:\/\/metropoliagzm.pl\/wp-content\/uploads\/2019\/03\/Sygnet-strona-glowna.png","width":36,"height":45,"caption":"Metropolia GZM"},"image":{"@id":"https:\/\/metropoliagzm.pl\/en\/#\/schema\/logo\/image\/"}},{"@type":"Person","@id":"https:\/\/metropoliagzm.pl\/en\/#\/schema\/person\/9e7660ba27bc92881ef16c6fc34ae962","name":"Micha\u0142 Nowak","image":{"@type":"ImageObject","inLanguage":"de","@id":"https:\/\/secure.gravatar.com\/avatar\/2d51f070ccac4989b201dc1a42c3a6d46ff007fc5e569ff280535ab8e8122a59?s=96&d=mm&r=g","url":"https:\/\/secure.gravatar.com\/avatar\/2d51f070ccac4989b201dc1a42c3a6d46ff007fc5e569ff280535ab8e8122a59?s=96&d=mm&r=g","contentUrl":"https:\/\/secure.gravatar.com\/avatar\/2d51f070ccac4989b201dc1a42c3a6d46ff007fc5e569ff280535ab8e8122a59?s=96&d=mm&r=g","caption":"Micha\u0142 Nowak"},"url":"https:\/\/metropoliagzm.pl\/de\/author\/michal-nowak\/"}]}},"_links":{"self":[{"href":"https:\/\/metropoliagzm.pl\/de\/wp-json\/wp\/v2\/posts\/48300","targetHints":{"allow":["GET"]}}],"collection":[{"href":"https:\/\/metropoliagzm.pl\/de\/wp-json\/wp\/v2\/posts"}],"about":[{"href":"https:\/\/metropoliagzm.pl\/de\/wp-json\/wp\/v2\/types\/post"}],"author":[{"embeddable":true,"href":"https:\/\/metropoliagzm.pl\/de\/wp-json\/wp\/v2\/users\/134"}],"replies":[{"embeddable":true,"href":"https:\/\/metropoliagzm.pl\/de\/wp-json\/wp\/v2\/comments?post=48300"}],"version-history":[{"count":4,"href":"https:\/\/metropoliagzm.pl\/de\/wp-json\/wp\/v2\/posts\/48300\/revisions"}],"predecessor-version":[{"id":48310,"href":"https:\/\/metropoliagzm.pl\/de\/wp-json\/wp\/v2\/posts\/48300\/revisions\/48310"}],"wp:featuredmedia":[{"embeddable":true,"href":"https:\/\/metropoliagzm.pl\/de\/wp-json\/wp\/v2\/media\/48301"}],"wp:attachment":[{"href":"https:\/\/metropoliagzm.pl\/de\/wp-json\/wp\/v2\/media?parent=48300"}],"wp:term":[{"taxonomy":"category","embeddable":true,"href":"https:\/\/metropoliagzm.pl\/de\/wp-json\/wp\/v2\/categories?post=48300"},{"taxonomy":"post_tag","embeddable":true,"href":"https:\/\/metropoliagzm.pl\/de\/wp-json\/wp\/v2\/tags?post=48300"}],"curies":[{"name":"wp","href":"https:\/\/api.w.org\/{rel}","templated":true}]}}