{"id":5696,"date":"2019-05-08T10:24:07","date_gmt":"2019-05-08T08:24:07","guid":{"rendered":"https:\/\/wpgzm.dev.euvic.pl\/?p=5696"},"modified":"2019-09-06T16:09:34","modified_gmt":"2019-09-06T14:09:34","slug":"ogloszono-konkurs-zostan-prezydentem-myslowic","status":"publish","type":"post","link":"https:\/\/metropoliagzm.pl\/de\/2019\/05\/08\/ogloszono-konkurs-zostan-prezydentem-myslowic\/","title":{"rendered":"Og\u0142oszono konkurs \u201eZosta\u0144 Prezydentem Mys\u0142owic\u201d"},"content":{"rendered":"<div class=\"pdf-block\"><div class=\"pdfprnt-buttons  pdfprnt-new pdfprnt-buttons-post pdfprnt-top-right\"><div class=\"jssocials-share jssocials-share-twitter\"><a target=\"_blank\" href=\"https:\/\/twitter.com\/share?url=https:\/\/metropoliagzm.pl\/de\/wp-json\/wp\/v2\/posts\/5696;text=5696\" class=\"jssocials-share-link\"><i class=\"fa fa-twitter jssocials-share-logo\"><\/i><\/a><\/div><div class=\"jssocials-share jssocials-share-facebook\"><a target=\"_blank\" href=\"https:\/\/facebook.com\/sharer\/sharer.php?u=https:\/\/metropoliagzm.pl\/de\/wp-json\/wp\/v2\/posts\/5696\" class=\"jssocials-share-link\"><i class=\"fa fa-facebook jssocials-share-logo\"><\/i><\/a><\/div><div class=\"jssocials-share jssocials-share-pinterest\"><a target=\"_blank\" href=\"https:\/\/pinterest.com\/pin\/create\/bookmarklet\/?&amp;url=https:\/\/metropoliagzm.pl\/de\/wp-json\/wp\/v2\/posts\/5696;description=5696\" class=\"jssocials-share-link\"><i class=\"fa fa-pinterest jssocials-share-logo\"><\/i><\/a><\/div><a href=\"https:\/\/metropoliagzm.pl\/de\/wp-json\/wp\/v2\/posts\/5696?print=pdf\" class=\"pdfprnt-button pdfprnt-button-pdf\" target=\"_blank\"><img decoding=\"async\" src=\"https:\/\/metropoliagzm.pl\/wp-content\/plugins\/pdf-print\/images\/pdf.png\" alt=\"image_pdf\" title=\"View PDF\" \/><\/a><a href=\"https:\/\/metropoliagzm.pl\/de\/wp-json\/wp\/v2\/posts\/5696?print=print\" class=\"pdfprnt-button pdfprnt-button-print\" target=\"_blank\"><img decoding=\"async\" src=\"https:\/\/metropoliagzm.pl\/wp-content\/plugins\/pdf-print\/images\/print.png\" alt=\"image_print\" title=\"Print Content\" \/><\/a><\/div><\/div><div class=\"post-block-pdf\"><div class=\"pdfprnt-buttons pdfprnt-buttons-post pdfprnt-top-right\"><a href=\"https:\/\/metropoliagzm.pl\/de\/wp-json\/wp\/v2\/posts\/5696?print=pdf\" class=\"pdfprnt-button pdfprnt-button-pdf\" target=\"_blank\"><img decoding=\"async\" src=\"https:\/\/metropoliagzm.pl\/wp-content\/plugins\/pdf-print\/images\/pdf.png\" alt=\"image_pdf\" title=\"View PDF\" \/><\/a><a href=\"https:\/\/metropoliagzm.pl\/de\/wp-json\/wp\/v2\/posts\/5696?print=print\" class=\"pdfprnt-button pdfprnt-button-print\" target=\"_blank\"><img decoding=\"async\" src=\"https:\/\/metropoliagzm.pl\/wp-content\/plugins\/pdf-print\/images\/print.png\" alt=\"image_print\" title=\"Print Content\" \/><\/a><\/div>\n<p><strong>Z okazji zbli\u017caj\u0105cego si\u0119 Dnia Dziecka oraz uczczenia 100 rocznicy wybuchu pierwszego powstania \u015bl\u0105skiego Urz\u0105d Miasta Mys\u0142owice og\u0142osi\u0142 konkurs \u201eZosta\u0144 Prezydentem Mys\u0142owic\u201d, kt\u00f3rego tematem b\u0119dzie reporta\u017c z powstania \u015bl\u0105skiego. Konkurs zorganizowano, przy wsp\u00f3\u0142pracy M\u0142odzie\u017cowej Rady Miasta Mys\u0142owice oraz Muzeum Miasta Mys\u0142owice.<\/strong><\/p>\n\n\n\n<p>Aby \u201eZosta\u0107 Prezydentem Mys\u0142owic\u201d, i pe\u0142ni\u0107 funkcj\u0119 M\u0142odzie\u017cowego Prezydenta Miasta Mys\u0142owice przez jeden dzie\u0144 31 maja 2019 r., wystarczy przygotowa\u0107 maszynopis, wydruk komputerowy, artyku\u0142 w gazecie lub dokumentacj\u0119 zdj\u0119ciow\u0105, w wersji papierowej na temat \u201eKurier Powsta\u0144czy \u2013 reporta\u017c z powstania \u015bl\u0105skiego\u201d. Prace mog\u0105 zg\u0142asza\u0107 do 27 maja br. uczniowie si\u00f3dmych i \u00f3smych klas szk\u00f3\u0142 podstawowych, trzecich klas oddzia\u0142\u00f3w gimnazjalnych w szko\u0142ach podstawowych, trzecich klas oddzia\u0142\u00f3w gimnazjalnych w&nbsp;Zespole Szk\u00f3\u0142 Og\u00f3lnokszta\u0142c\u0105cych oraz uczniowie szk\u00f3\u0142 ponadpodstawowych ucz\u0105cych si\u0119 w jednostkach o\u015bwiatowych na terenie miasta Mys\u0142owice i mieszkaj\u0105cych na terenie miasta Mys\u0142owice. Spo\u015br\u00f3d prac nades\u0142anych na adres pocztowy Kancelarii Prezydenta Miasta Urz\u0119du Miasta Mys\u0142owice, Powsta\u0144c\u00f3w 1 jury wy\u0142oni zwyci\u0119zc\u0119.<\/p>\n\n\n\n<p>Zadaniem uczestnika konkursu jest wcielenie si\u0119 w fikcyjnego powsta\u0144czego korespondenta i opisanie wydarze\u0144 historycznych oczami m\u0142odego dziennikarza, jako \u015bwiadka powsta\u0144czych dzia\u0142a\u0144. Fabularyzowan\u0105 relacj\u0119 z prawdziwych wydarze\u0144 wzbogaci\u0107 mo\u017cna w\u0142asn\u0105 inwencj\u0105, wywiadami z&nbsp;powsta\u0144cami wprost z pola walki i osadzi\u0107 je w prawdziwej przestrzeni miasta. Dodatkowo zadaniem uczestnika konkursu b\u0119dzie odnalezienie historycznych miejsc z powstania na dzisiejszej mapie Mys\u0142owic, by nast\u0119pnie przenosz\u0105c si\u0119 do tera\u017aniejszo\u015bci &#8211; jako wsp\u00f3\u0142czesny dziennikarz tropi\u0105cy \u015blady i pozosta\u0142o\u015bci tragicznej historii miasta, nawi\u0105za\u0107 do wcze\u015bniej stworzonego reporta\u017cu.<\/p>\n\n\n\n<p>Patronat Honorowy nad konkursem obj\u0119li: Dariusz W\u00f3jtowicz \u2013 Prezydent Miasta Mys\u0142owice oraz Tomasz Papaj \u2013 Przewodnicz\u0105cy Rady Miasta Mys\u0142owice.<\/p>\n\n\n\n<figure class=\"wp-block-image\"><img loading=\"lazy\" decoding=\"async\" width=\"745\" height=\"1024\" src=\"https:\/\/metropoliagzm.pl\/wp-content\/uploads\/2019\/05\/zostan_prezydentem_myslowic_a3-745x1024.jpg\" alt=\"\" class=\"wp-image-5701\" srcset=\"https:\/\/metropoliagzm.pl\/wp-content\/uploads\/2019\/05\/zostan_prezydentem_myslowic_a3-745x1024.jpg 745w, https:\/\/metropoliagzm.pl\/wp-content\/uploads\/2019\/05\/zostan_prezydentem_myslowic_a3-218x300.jpg 218w, https:\/\/metropoliagzm.pl\/wp-content\/uploads\/2019\/05\/zostan_prezydentem_myslowic_a3-768x1055.jpg 768w, https:\/\/metropoliagzm.pl\/wp-content\/uploads\/2019\/05\/zostan_prezydentem_myslowic_a3-585x804.jpg 585w\" sizes=\"auto, (max-width: 745px) 100vw, 745px\" \/><\/figure>\n\n\n\n<p>\u0179r\u00f3d\u0142o: www.myslowice.pl.<\/p>\n<div class=\"post-author\" style=\"font-size:13px\">Zbigniew Anio\u0142<\/div><\/div>","protected":false},"excerpt":{"rendered":"<p>Z okazji zbli\u017caj\u0105cego si\u0119 Dnia Dziecka oraz uczczenia 100 rocznicy wybuchu pierwszego powstania \u015bl\u0105skiego Urz\u0105d Miasta Mys\u0142owice og\u0142osi\u0142 konkurs \u201eZosta\u0144 Prezydentem Mys\u0142owic\u201d, kt\u00f3rego tematem b\u0119dzie reporta\u017c z powstania \u015bl\u0105skiego. Konkurs zorganizowano, przy wsp\u00f3\u0142pracy M\u0142odzie\u017cowej Rady Miasta Mys\u0142owice oraz Muzeum Miasta Mys\u0142owice. Aby \u201eZosta\u0107 Prezydentem Mys\u0142owic\u201d,&#8230;<\/p>","protected":false},"author":137,"featured_media":5699,"comment_status":"closed","ping_status":"closed","sticky":false,"template":"","format":"standard","meta":{"_acf_changed":false,"footnotes":""},"categories":[214],"tags":[402,655,401],"class_list":["post-5696","post","type-post","status-publish","format-standard","has-post-thumbnail","hentry","category-myslowice","tag-dariusz-wojtowicz","tag-konkurs-zostan-prezydentem-myslowic","tag-myslowice"],"acf":[],"yoast_head":"<!-- This site is optimized with the Yoast SEO plugin v27.4 - https:\/\/yoast.com\/product\/yoast-seo-wordpress\/ -->\n<title>Og\u0142oszono konkurs \u201eZosta\u0144 Prezydentem Mys\u0142owic\u201d - Metropolia GZM<\/title>\n<meta name=\"description\" content=\"Oficjalny portal G\u00f3rno\u015bl\u0105sko-Zag\u0142\u0119biowskiej Metropolii\" \/>\n<meta name=\"robots\" content=\"index, follow, max-snippet:-1, max-image-preview:large, max-video-preview:-1\" \/>\n<link rel=\"canonical\" href=\"https:\/\/metropoliagzm.pl\/de\/2019\/05\/08\/ogloszono-konkurs-zostan-prezydentem-myslowic\/\" \/>\n<meta name=\"twitter:card\" content=\"summary_large_image\" \/>\n<meta name=\"twitter:title\" content=\"Og\u0142oszono konkurs \u201eZosta\u0144 Prezydentem Mys\u0142owic\u201d - Metropolia GZM\" \/>\n<meta name=\"twitter:description\" content=\"Oficjalny portal G\u00f3rno\u015bl\u0105sko-Zag\u0142\u0119biowskiej Metropolii\" \/>\n<meta name=\"twitter:image\" content=\"https:\/\/metropoliagzm.pl\/wp-content\/uploads\/2019\/05\/konkurs-mys\u0142owice.png\" \/>\n<meta name=\"twitter:label1\" content=\"Geschrieben von\" \/>\n\t<meta name=\"twitter:data1\" content=\"Zbigniew Anio\u0142\" \/>\n\t<meta name=\"twitter:label2\" content=\"Gesch\u00e4tzte Lesezeit\" \/>\n\t<meta name=\"twitter:data2\" content=\"2\u00a0Minuten\" \/>\n<script type=\"application\/ld+json\" class=\"yoast-schema-graph\">{\"@context\":\"https:\\\/\\\/schema.org\",\"@graph\":[{\"@type\":\"Article\",\"@id\":\"https:\\\/\\\/metropoliagzm.pl\\\/en\\\/2019\\\/05\\\/08\\\/ogloszono-konkurs-zostan-prezydentem-myslowic\\\/#article\",\"isPartOf\":{\"@id\":\"https:\\\/\\\/metropoliagzm.pl\\\/en\\\/2019\\\/05\\\/08\\\/ogloszono-konkurs-zostan-prezydentem-myslowic\\\/\"},\"author\":{\"name\":\"Zbigniew Anio\u0142\",\"@id\":\"https:\\\/\\\/metropoliagzm.pl\\\/en\\\/#\\\/schema\\\/person\\\/9989523a35d06ccd7af13d71b6d7eb68\"},\"headline\":\"Og\u0142oszono konkurs \u201eZosta\u0144 Prezydentem Mys\u0142owic\u201d\",\"datePublished\":\"2019-05-08T08:24:07+00:00\",\"dateModified\":\"2019-09-06T14:09:34+00:00\",\"mainEntityOfPage\":{\"@id\":\"https:\\\/\\\/metropoliagzm.pl\\\/en\\\/2019\\\/05\\\/08\\\/ogloszono-konkurs-zostan-prezydentem-myslowic\\\/\"},\"wordCount\":323,\"publisher\":{\"@id\":\"https:\\\/\\\/metropoliagzm.pl\\\/en\\\/#organization\"},\"image\":{\"@id\":\"https:\\\/\\\/metropoliagzm.pl\\\/en\\\/2019\\\/05\\\/08\\\/ogloszono-konkurs-zostan-prezydentem-myslowic\\\/#primaryimage\"},\"thumbnailUrl\":\"https:\\\/\\\/metropoliagzm.pl\\\/wp-content\\\/uploads\\\/2019\\\/05\\\/konkurs-mys\u0142owice.png\",\"keywords\":[\"Dariusz W\u00f3jtowicz\",\"konkurs Zosta\u0144 Prezydentem Mys\u0142owic\",\"Mys\u0142owice\"],\"articleSection\":[\"Mys\u0142owice\"],\"inLanguage\":\"de\"},{\"@type\":\"WebPage\",\"@id\":\"https:\\\/\\\/metropoliagzm.pl\\\/en\\\/2019\\\/05\\\/08\\\/ogloszono-konkurs-zostan-prezydentem-myslowic\\\/\",\"url\":\"https:\\\/\\\/metropoliagzm.pl\\\/en\\\/2019\\\/05\\\/08\\\/ogloszono-konkurs-zostan-prezydentem-myslowic\\\/\",\"name\":\"Og\u0142oszono konkurs \u201eZosta\u0144 Prezydentem Mys\u0142owic\u201d - Metropolia GZM\",\"isPartOf\":{\"@id\":\"https:\\\/\\\/metropoliagzm.pl\\\/en\\\/#website\"},\"primaryImageOfPage\":{\"@id\":\"https:\\\/\\\/metropoliagzm.pl\\\/en\\\/2019\\\/05\\\/08\\\/ogloszono-konkurs-zostan-prezydentem-myslowic\\\/#primaryimage\"},\"image\":{\"@id\":\"https:\\\/\\\/metropoliagzm.pl\\\/en\\\/2019\\\/05\\\/08\\\/ogloszono-konkurs-zostan-prezydentem-myslowic\\\/#primaryimage\"},\"thumbnailUrl\":\"https:\\\/\\\/metropoliagzm.pl\\\/wp-content\\\/uploads\\\/2019\\\/05\\\/konkurs-mys\u0142owice.png\",\"datePublished\":\"2019-05-08T08:24:07+00:00\",\"dateModified\":\"2019-09-06T14:09:34+00:00\",\"description\":\"Oficjalny portal G\u00f3rno\u015bl\u0105sko-Zag\u0142\u0119biowskiej Metropolii\",\"breadcrumb\":{\"@id\":\"https:\\\/\\\/metropoliagzm.pl\\\/en\\\/2019\\\/05\\\/08\\\/ogloszono-konkurs-zostan-prezydentem-myslowic\\\/#breadcrumb\"},\"inLanguage\":\"de\",\"potentialAction\":[{\"@type\":\"ReadAction\",\"target\":[\"https:\\\/\\\/metropoliagzm.pl\\\/en\\\/2019\\\/05\\\/08\\\/ogloszono-konkurs-zostan-prezydentem-myslowic\\\/\"]}]},{\"@type\":\"ImageObject\",\"inLanguage\":\"de\",\"@id\":\"https:\\\/\\\/metropoliagzm.pl\\\/en\\\/2019\\\/05\\\/08\\\/ogloszono-konkurs-zostan-prezydentem-myslowic\\\/#primaryimage\",\"url\":\"https:\\\/\\\/metropoliagzm.pl\\\/wp-content\\\/uploads\\\/2019\\\/05\\\/konkurs-mys\u0142owice.png\",\"contentUrl\":\"https:\\\/\\\/metropoliagzm.pl\\\/wp-content\\\/uploads\\\/2019\\\/05\\\/konkurs-mys\u0142owice.png\",\"width\":617,\"height\":231,\"caption\":\"Ka\u017cdy mo\u017ce poczu\u0107 si\u0119 jak prezydent Mys\u0142owic\\\/fot. UM Mys\u0142owice\"},{\"@type\":\"BreadcrumbList\",\"@id\":\"https:\\\/\\\/metropoliagzm.pl\\\/en\\\/2019\\\/05\\\/08\\\/ogloszono-konkurs-zostan-prezydentem-myslowic\\\/#breadcrumb\",\"itemListElement\":[{\"@type\":\"ListItem\",\"position\":1,\"name\":\"Strona g\u0142\u00f3wna\",\"item\":\"https:\\\/\\\/metropoliagzm.pl\\\/\"},{\"@type\":\"ListItem\",\"position\":2,\"name\":\"Og\u0142oszono konkurs \u201eZosta\u0144 Prezydentem Mys\u0142owic\u201d\"}]},{\"@type\":\"WebSite\",\"@id\":\"https:\\\/\\\/metropoliagzm.pl\\\/en\\\/#website\",\"url\":\"https:\\\/\\\/metropoliagzm.pl\\\/en\\\/\",\"name\":\"Metropolia GZM\",\"description\":\"Oficjalny portal G\u00f3rno\u015bl\u0105sko-Zag\u0142\u0119biowskiej Metropolii\",\"publisher\":{\"@id\":\"https:\\\/\\\/metropoliagzm.pl\\\/en\\\/#organization\"},\"potentialAction\":[{\"@type\":\"SearchAction\",\"target\":{\"@type\":\"EntryPoint\",\"urlTemplate\":\"https:\\\/\\\/metropoliagzm.pl\\\/en\\\/?s={search_term_string}\"},\"query-input\":{\"@type\":\"PropertyValueSpecification\",\"valueRequired\":true,\"valueName\":\"search_term_string\"}}],\"inLanguage\":\"de\"},{\"@type\":\"Organization\",\"@id\":\"https:\\\/\\\/metropoliagzm.pl\\\/en\\\/#organization\",\"name\":\"Metropolia GZM\",\"url\":\"https:\\\/\\\/metropoliagzm.pl\\\/en\\\/\",\"logo\":{\"@type\":\"ImageObject\",\"inLanguage\":\"de\",\"@id\":\"https:\\\/\\\/metropoliagzm.pl\\\/en\\\/#\\\/schema\\\/logo\\\/image\\\/\",\"url\":\"https:\\\/\\\/metropoliagzm.pl\\\/wp-content\\\/uploads\\\/2019\\\/03\\\/Sygnet-strona-glowna.png\",\"contentUrl\":\"https:\\\/\\\/metropoliagzm.pl\\\/wp-content\\\/uploads\\\/2019\\\/03\\\/Sygnet-strona-glowna.png\",\"width\":36,\"height\":45,\"caption\":\"Metropolia GZM\"},\"image\":{\"@id\":\"https:\\\/\\\/metropoliagzm.pl\\\/en\\\/#\\\/schema\\\/logo\\\/image\\\/\"}},{\"@type\":\"Person\",\"@id\":\"https:\\\/\\\/metropoliagzm.pl\\\/en\\\/#\\\/schema\\\/person\\\/9989523a35d06ccd7af13d71b6d7eb68\",\"name\":\"Zbigniew Anio\u0142\",\"image\":{\"@type\":\"ImageObject\",\"inLanguage\":\"de\",\"@id\":\"https:\\\/\\\/secure.gravatar.com\\\/avatar\\\/fb8a2c90771d8638e142bf824df5d65b3177e66998d527b1cf5a955a29b8458f?s=96&d=mm&r=g\",\"url\":\"https:\\\/\\\/secure.gravatar.com\\\/avatar\\\/fb8a2c90771d8638e142bf824df5d65b3177e66998d527b1cf5a955a29b8458f?s=96&d=mm&r=g\",\"contentUrl\":\"https:\\\/\\\/secure.gravatar.com\\\/avatar\\\/fb8a2c90771d8638e142bf824df5d65b3177e66998d527b1cf5a955a29b8458f?s=96&d=mm&r=g\",\"caption\":\"Zbigniew Anio\u0142\"},\"url\":\"https:\\\/\\\/metropoliagzm.pl\\\/de\\\/author\\\/z-aniol\\\/\"}]}<\/script>\n<!-- \/ Yoast SEO plugin. -->","yoast_head_json":{"title":"Og\u0142oszono konkurs \u201eZosta\u0144 Prezydentem Mys\u0142owic\u201d - Metropolia GZM","description":"Oficjalny portal G\u00f3rno\u015bl\u0105sko-Zag\u0142\u0119biowskiej Metropolii","robots":{"index":"index","follow":"follow","max-snippet":"max-snippet:-1","max-image-preview":"max-image-preview:large","max-video-preview":"max-video-preview:-1"},"canonical":"https:\/\/metropoliagzm.pl\/de\/2019\/05\/08\/ogloszono-konkurs-zostan-prezydentem-myslowic\/","twitter_card":"summary_large_image","twitter_title":"Og\u0142oszono konkurs \u201eZosta\u0144 Prezydentem Mys\u0142owic\u201d - Metropolia GZM","twitter_description":"Oficjalny portal G\u00f3rno\u015bl\u0105sko-Zag\u0142\u0119biowskiej Metropolii","twitter_image":"https:\/\/metropoliagzm.pl\/wp-content\/uploads\/2019\/05\/konkurs-mys\u0142owice.png","twitter_misc":{"Geschrieben von":"Zbigniew Anio\u0142","Gesch\u00e4tzte Lesezeit":"2\u00a0Minuten"},"schema":{"@context":"https:\/\/schema.org","@graph":[{"@type":"Article","@id":"https:\/\/metropoliagzm.pl\/en\/2019\/05\/08\/ogloszono-konkurs-zostan-prezydentem-myslowic\/#article","isPartOf":{"@id":"https:\/\/metropoliagzm.pl\/en\/2019\/05\/08\/ogloszono-konkurs-zostan-prezydentem-myslowic\/"},"author":{"name":"Zbigniew Anio\u0142","@id":"https:\/\/metropoliagzm.pl\/en\/#\/schema\/person\/9989523a35d06ccd7af13d71b6d7eb68"},"headline":"Og\u0142oszono konkurs \u201eZosta\u0144 Prezydentem Mys\u0142owic\u201d","datePublished":"2019-05-08T08:24:07+00:00","dateModified":"2019-09-06T14:09:34+00:00","mainEntityOfPage":{"@id":"https:\/\/metropoliagzm.pl\/en\/2019\/05\/08\/ogloszono-konkurs-zostan-prezydentem-myslowic\/"},"wordCount":323,"publisher":{"@id":"https:\/\/metropoliagzm.pl\/en\/#organization"},"image":{"@id":"https:\/\/metropoliagzm.pl\/en\/2019\/05\/08\/ogloszono-konkurs-zostan-prezydentem-myslowic\/#primaryimage"},"thumbnailUrl":"https:\/\/metropoliagzm.pl\/wp-content\/uploads\/2019\/05\/konkurs-mys\u0142owice.png","keywords":["Dariusz W\u00f3jtowicz","konkurs Zosta\u0144 Prezydentem Mys\u0142owic","Mys\u0142owice"],"articleSection":["Mys\u0142owice"],"inLanguage":"de"},{"@type":"WebPage","@id":"https:\/\/metropoliagzm.pl\/en\/2019\/05\/08\/ogloszono-konkurs-zostan-prezydentem-myslowic\/","url":"https:\/\/metropoliagzm.pl\/en\/2019\/05\/08\/ogloszono-konkurs-zostan-prezydentem-myslowic\/","name":"Og\u0142oszono konkurs \u201eZosta\u0144 Prezydentem Mys\u0142owic\u201d - Metropolia GZM","isPartOf":{"@id":"https:\/\/metropoliagzm.pl\/en\/#website"},"primaryImageOfPage":{"@id":"https:\/\/metropoliagzm.pl\/en\/2019\/05\/08\/ogloszono-konkurs-zostan-prezydentem-myslowic\/#primaryimage"},"image":{"@id":"https:\/\/metropoliagzm.pl\/en\/2019\/05\/08\/ogloszono-konkurs-zostan-prezydentem-myslowic\/#primaryimage"},"thumbnailUrl":"https:\/\/metropoliagzm.pl\/wp-content\/uploads\/2019\/05\/konkurs-mys\u0142owice.png","datePublished":"2019-05-08T08:24:07+00:00","dateModified":"2019-09-06T14:09:34+00:00","description":"Oficjalny portal G\u00f3rno\u015bl\u0105sko-Zag\u0142\u0119biowskiej Metropolii","breadcrumb":{"@id":"https:\/\/metropoliagzm.pl\/en\/2019\/05\/08\/ogloszono-konkurs-zostan-prezydentem-myslowic\/#breadcrumb"},"inLanguage":"de","potentialAction":[{"@type":"ReadAction","target":["https:\/\/metropoliagzm.pl\/en\/2019\/05\/08\/ogloszono-konkurs-zostan-prezydentem-myslowic\/"]}]},{"@type":"ImageObject","inLanguage":"de","@id":"https:\/\/metropoliagzm.pl\/en\/2019\/05\/08\/ogloszono-konkurs-zostan-prezydentem-myslowic\/#primaryimage","url":"https:\/\/metropoliagzm.pl\/wp-content\/uploads\/2019\/05\/konkurs-mys\u0142owice.png","contentUrl":"https:\/\/metropoliagzm.pl\/wp-content\/uploads\/2019\/05\/konkurs-mys\u0142owice.png","width":617,"height":231,"caption":"Ka\u017cdy mo\u017ce poczu\u0107 si\u0119 jak prezydent Mys\u0142owic\/fot. UM Mys\u0142owice"},{"@type":"BreadcrumbList","@id":"https:\/\/metropoliagzm.pl\/en\/2019\/05\/08\/ogloszono-konkurs-zostan-prezydentem-myslowic\/#breadcrumb","itemListElement":[{"@type":"ListItem","position":1,"name":"Strona g\u0142\u00f3wna","item":"https:\/\/metropoliagzm.pl\/"},{"@type":"ListItem","position":2,"name":"Og\u0142oszono konkurs \u201eZosta\u0144 Prezydentem Mys\u0142owic\u201d"}]},{"@type":"WebSite","@id":"https:\/\/metropoliagzm.pl\/en\/#website","url":"https:\/\/metropoliagzm.pl\/en\/","name":"Metropolia GZM","description":"Oficjalny portal G\u00f3rno\u015bl\u0105sko-Zag\u0142\u0119biowskiej Metropolii","publisher":{"@id":"https:\/\/metropoliagzm.pl\/en\/#organization"},"potentialAction":[{"@type":"SearchAction","target":{"@type":"EntryPoint","urlTemplate":"https:\/\/metropoliagzm.pl\/en\/?s={search_term_string}"},"query-input":{"@type":"PropertyValueSpecification","valueRequired":true,"valueName":"search_term_string"}}],"inLanguage":"de"},{"@type":"Organization","@id":"https:\/\/metropoliagzm.pl\/en\/#organization","name":"Metropolia GZM","url":"https:\/\/metropoliagzm.pl\/en\/","logo":{"@type":"ImageObject","inLanguage":"de","@id":"https:\/\/metropoliagzm.pl\/en\/#\/schema\/logo\/image\/","url":"https:\/\/metropoliagzm.pl\/wp-content\/uploads\/2019\/03\/Sygnet-strona-glowna.png","contentUrl":"https:\/\/metropoliagzm.pl\/wp-content\/uploads\/2019\/03\/Sygnet-strona-glowna.png","width":36,"height":45,"caption":"Metropolia GZM"},"image":{"@id":"https:\/\/metropoliagzm.pl\/en\/#\/schema\/logo\/image\/"}},{"@type":"Person","@id":"https:\/\/metropoliagzm.pl\/en\/#\/schema\/person\/9989523a35d06ccd7af13d71b6d7eb68","name":"Zbigniew Anio\u0142","image":{"@type":"ImageObject","inLanguage":"de","@id":"https:\/\/secure.gravatar.com\/avatar\/fb8a2c90771d8638e142bf824df5d65b3177e66998d527b1cf5a955a29b8458f?s=96&d=mm&r=g","url":"https:\/\/secure.gravatar.com\/avatar\/fb8a2c90771d8638e142bf824df5d65b3177e66998d527b1cf5a955a29b8458f?s=96&d=mm&r=g","contentUrl":"https:\/\/secure.gravatar.com\/avatar\/fb8a2c90771d8638e142bf824df5d65b3177e66998d527b1cf5a955a29b8458f?s=96&d=mm&r=g","caption":"Zbigniew Anio\u0142"},"url":"https:\/\/metropoliagzm.pl\/de\/author\/z-aniol\/"}]}},"_links":{"self":[{"href":"https:\/\/metropoliagzm.pl\/de\/wp-json\/wp\/v2\/posts\/5696","targetHints":{"allow":["GET"]}}],"collection":[{"href":"https:\/\/metropoliagzm.pl\/de\/wp-json\/wp\/v2\/posts"}],"about":[{"href":"https:\/\/metropoliagzm.pl\/de\/wp-json\/wp\/v2\/types\/post"}],"author":[{"embeddable":true,"href":"https:\/\/metropoliagzm.pl\/de\/wp-json\/wp\/v2\/users\/137"}],"replies":[{"embeddable":true,"href":"https:\/\/metropoliagzm.pl\/de\/wp-json\/wp\/v2\/comments?post=5696"}],"version-history":[{"count":2,"href":"https:\/\/metropoliagzm.pl\/de\/wp-json\/wp\/v2\/posts\/5696\/revisions"}],"predecessor-version":[{"id":5704,"href":"https:\/\/metropoliagzm.pl\/de\/wp-json\/wp\/v2\/posts\/5696\/revisions\/5704"}],"wp:featuredmedia":[{"embeddable":true,"href":"https:\/\/metropoliagzm.pl\/de\/wp-json\/wp\/v2\/media\/5699"}],"wp:attachment":[{"href":"https:\/\/metropoliagzm.pl\/de\/wp-json\/wp\/v2\/media?parent=5696"}],"wp:term":[{"taxonomy":"category","embeddable":true,"href":"https:\/\/metropoliagzm.pl\/de\/wp-json\/wp\/v2\/categories?post=5696"},{"taxonomy":"post_tag","embeddable":true,"href":"https:\/\/metropoliagzm.pl\/de\/wp-json\/wp\/v2\/tags?post=5696"}],"curies":[{"name":"wp","href":"https:\/\/api.w.org\/{rel}","templated":true}]}}