{"id":11024,"date":"2019-07-19T11:27:09","date_gmt":"2019-07-19T09:27:09","guid":{"rendered":"https:\/\/wpgzm.dev.euvic.pl\/?p=11024"},"modified":"2019-08-12T11:33:24","modified_gmt":"2019-08-12T09:33:24","slug":"chorzow-ma-rozwiazanie-problemu-spornej-dzialki","status":"publish","type":"post","link":"https:\/\/metropoliagzm.pl\/en\/2019\/07\/19\/chorzow-ma-rozwiazanie-problemu-spornej-dzialki\/","title":{"rendered":"Chorz\u00f3w ma rozwi\u0105zanie problemu spornej dzia\u0142ki"},"content":{"rendered":"<div class=\"pdf-block\"><div class=\"pdfprnt-buttons  pdfprnt-new pdfprnt-buttons-post pdfprnt-top-right\"><div class=\"jssocials-share jssocials-share-twitter\"><a target=\"_blank\" href=\"https:\/\/twitter.com\/share?url=https:\/\/metropoliagzm.pl\/en\/wp-json\/wp\/v2\/posts\/11024;text=11024\" class=\"jssocials-share-link\"><i class=\"fa fa-twitter jssocials-share-logo\"><\/i><\/a><\/div><div class=\"jssocials-share jssocials-share-facebook\"><a target=\"_blank\" href=\"https:\/\/facebook.com\/sharer\/sharer.php?u=https:\/\/metropoliagzm.pl\/en\/wp-json\/wp\/v2\/posts\/11024\" class=\"jssocials-share-link\"><i class=\"fa fa-facebook jssocials-share-logo\"><\/i><\/a><\/div><div class=\"jssocials-share jssocials-share-pinterest\"><a target=\"_blank\" href=\"https:\/\/pinterest.com\/pin\/create\/bookmarklet\/?&amp;url=https:\/\/metropoliagzm.pl\/en\/wp-json\/wp\/v2\/posts\/11024;description=11024\" class=\"jssocials-share-link\"><i class=\"fa fa-pinterest jssocials-share-logo\"><\/i><\/a><\/div><a href=\"https:\/\/metropoliagzm.pl\/en\/wp-json\/wp\/v2\/posts\/11024?print=pdf\" class=\"pdfprnt-button pdfprnt-button-pdf\" target=\"_blank\"><img decoding=\"async\" src=\"https:\/\/metropoliagzm.pl\/wp-content\/plugins\/pdf-print\/images\/pdf.png\" alt=\"image_pdf\" title=\"View PDF\" \/><\/a><a href=\"https:\/\/metropoliagzm.pl\/en\/wp-json\/wp\/v2\/posts\/11024?print=print\" class=\"pdfprnt-button pdfprnt-button-print\" target=\"_blank\"><img decoding=\"async\" src=\"https:\/\/metropoliagzm.pl\/wp-content\/plugins\/pdf-print\/images\/print.png\" alt=\"image_print\" title=\"Print Content\" \/><\/a><\/div><\/div><div class=\"post-block-pdf\"><div class=\"pdfprnt-buttons pdfprnt-buttons-post pdfprnt-top-right\"><a href=\"https:\/\/metropoliagzm.pl\/en\/wp-json\/wp\/v2\/posts\/11024?print=pdf\" class=\"pdfprnt-button pdfprnt-button-pdf\" target=\"_blank\"><img decoding=\"async\" src=\"https:\/\/metropoliagzm.pl\/wp-content\/plugins\/pdf-print\/images\/pdf.png\" alt=\"image_pdf\" title=\"View PDF\" \/><\/a><a href=\"https:\/\/metropoliagzm.pl\/en\/wp-json\/wp\/v2\/posts\/11024?print=print\" class=\"pdfprnt-button pdfprnt-button-print\" target=\"_blank\"><img decoding=\"async\" src=\"https:\/\/metropoliagzm.pl\/wp-content\/plugins\/pdf-print\/images\/print.png\" alt=\"image_print\" title=\"Print Content\" \/><\/a><\/div>\n<p><strong>1,8 mln z\u0142otych na zakup dzia\u0142ki i zasadzenie 10 tysi\u0119cy drzew w Chorzowie \u2013 to propozycja Prezydenta Miasta Andrzeja Kotali, kt\u00f3r\u0105 przedstawi\u0142 19 lipca na briefingu prasowym przed Urz\u0119dem Miasta. <\/strong><\/p>\n\n\n\n<p>&#8211; Chorz\u00f3w k\u0142adzie na st\u00f3\u0142 konkretne pieni\u0105dze: 1 800 000 z\u0142. Mam nadziej\u0119, \u017ce te \u015brodki przekonaj\u0105 Pana Marsza\u0142ka do odkupienia terenu od sp\u00f3\u0142ki Green Park Silesia i w\u0142\u0105czenia go w granice parku. Tak jak informowali\u015bmy w zesz\u0142ym tygodniu: to jedyny scenariusz, kt\u00f3ry uchroni drzewa przed wycink\u0105 \u2013 wyja\u015bni\u0142 prezydent Chorzowa Andrzej Kotala. <\/p>\n\n\n\n<p>Sk\u0105d kwota prawie dw\u00f3ch milion\u00f3w z\u0142otych? To \u015brodki, kt\u00f3re trafi\u0142y do Urz\u0119du Miasta ze sprzeda\u017cy dzia\u0142ki. <\/p>\n\n\n\n<p>&#8211; Przypominam, \u017ce teren nigdy nie nale\u017ca\u0142 do miasta, dzia\u0142ka by\u0142a w\u0142asno\u015bci\u0105 Skarbu Pa\u0144stwa. Moj\u0105 rol\u0105 by\u0142o jedynie wykonanie decyzji wojewody \u2013 podkre\u015bla prezydent.<\/p>\n\n\n\n<p> Zgodnie z prawem zdecydowana wi\u0119kszo\u015b\u0107 \u015brodk\u00f3w z tego typu transakcji trafia do Skarbu Pa\u0144stwa \u2013 75% kwoty uzyskanej w przetargu. Pozosta\u0142a cz\u0119\u015b\u0107 (25%) zasila bud\u017cet miasta. To w\u0142a\u015bnie t\u0119 cz\u0119\u015b\u0107, czyli 1 800 000 z\u0142 Chorz\u00f3w jest gotowy przekaza\u0107 Marsza\u0142kowi, je\u015bli Zarz\u0105d Wojew\u00f3dztwa podejmie decyzj\u0119 o zakupie dzia\u0142ki i przy\u0142\u0105czeniu jej do parku.<\/p>\n\n\n\n<p> \u2013 Prosz\u0119, \u017ceby pan Marsza\u0142ek ponownie rozwa\u017cy\u0142 chorzowsk\u0105 propozycj\u0119. Wierz\u0119, \u017ce zale\u017cy mu na ochronie otuliny Parku \u015al\u0105skiego \u2013 dodaje prezydent Chorzowa.\u00a0<\/p>\n\n\n\n<p>Dodatkowo prezydent Chorzowa zapowiedzia\u0142 zasadzenie 10 tysi\u0119cy nowych drzew na terenie miasta jeszcze do ko\u0144ca obecnej kadencji. <\/p>\n\n\n\n<p>\u2013 S\u0142yszymy wyra\u017any g\u0142os mieszka\u0144c\u00f3w, kt\u00f3rzy chc\u0105, aby w mie\u015bcie by\u0142o wi\u0119cej zieleni \u2013 zaznacza prezydent Chorzowa. <\/p>\n\n\n\n<p>&#8211; Zdajemy sobie r\u00f3wnie\u017c spraw\u0119 z tego jak wa\u017cne jest dbanie o czyste powietrze. Ju\u017c teraz termomodernizujemy budynki, wymieniamy kot\u0142y, przyszed\u0142 czas na wi\u0119ksz\u0105 liczb\u0119 nasadze\u0144 \u2013 wyja\u015bnia prezydent Andrzej Kotala.\u00a0<\/p>\n\n\n\n<p>Podczas konferencji prezydent miasta zwr\u00f3ci\u0142 te\u017c uwag\u0119 na niepokoj\u0105ce dzia\u0142ania niekt\u00f3rych polityk\u00f3w. <\/p>\n\n\n\n<p>&#8211; Doskonale wida\u0107, \u017ce sprawa dzia\u0142ki przy MTK sta\u0142a si\u0119 dla wielu idealnym pretekstem do realizowania swoich politycznych cel\u00f3w. Przed kamerami i mikrofonami bardzo ch\u0119tnie staj\u0105: prezydent Katowic i jego radni. Mam powody, aby twierdzi\u0107, \u017ce zamiast rozwi\u0105za\u0144 szukaj\u0105 oni sensacji i medialnej wrzawy, kt\u00f3ra w przysz\u0142o\u015bci ma usprawiedliwi\u0107 zakusy Katowic na chorzowski park. Nie b\u0119dzie mojej zgody na odebranie parku chorzowianom \u2013 podkre\u015bli\u0142 stanowczo prezydent Andrzej Kotala.<\/p>\n\n\n\n<p>W spotkaniu Okr\u0105g\u0142ego Sto\u0142u ws. Parku \u015al\u0105skiego, kt\u00f3re odb\u0119dzie si\u0119 dzisiaj w Urz\u0119dzie Marsza\u0142kowskim we\u017amie udzia\u0142 pani wiceprezydent Mariola Roleder, kt\u00f3ra w Urz\u0119dzie Miasta w Chorzowie nadzoruje m.in. Wydzia\u0142 Geodezji, Wydzia\u0142 Zarz\u0105dzania Nieruchomo\u015bciami i Wydzia\u0142 Architektury, Budownictwa i Gospodarki Przestrzennej.\u00a0<\/p>\n\n\n\n<p>\u0179r\u00f3d\u0142o: www.chorzow.eu.<\/p>\n<div class=\"post-author\" style=\"font-size:13px\">Zbigniew Anio\u0142<\/div><\/div>","protected":false},"excerpt":{"rendered":"<p>1,8 mln z\u0142otych na zakup dzia\u0142ki i zasadzenie 10 tysi\u0119cy drzew w Chorzowie \u2013 to propozycja Prezydenta Miasta Andrzeja Kotali, kt\u00f3r\u0105 przedstawi\u0142 19 lipca na briefingu prasowym przed Urz\u0119dem Miasta. &#8211; Chorz\u00f3w k\u0142adzie na st\u00f3\u0142 konkretne pieni\u0105dze: 1 800 000 z\u0142. Mam nadziej\u0119, \u017ce te&#8230;<\/p>","protected":false},"author":137,"featured_media":11028,"comment_status":"closed","ping_status":"closed","sticky":false,"template":"","format":"standard","meta":{"_acf_changed":false,"footnotes":""},"categories":[201,239],"tags":[598,298],"class_list":["post-11024","post","type-post","status-publish","format-standard","has-post-thumbnail","hentry","category-chorzow","category-gospodarka-i-inwestycje","tag-andrzej-kotala","tag-chorzow"],"acf":[],"yoast_head":"<!-- This site is optimized with the Yoast SEO plugin v27.4 - https:\/\/yoast.com\/product\/yoast-seo-wordpress\/ -->\n<title>Chorz\u00f3w ma rozwi\u0105zanie problemu spornej dzia\u0142ki - Metropolia GZM<\/title>\n<meta name=\"description\" content=\"Oficjalny portal G\u00f3rno\u015bl\u0105sko-Zag\u0142\u0119biowskiej Metropolii\" \/>\n<meta name=\"robots\" content=\"index, follow, max-snippet:-1, max-image-preview:large, max-video-preview:-1\" \/>\n<link rel=\"canonical\" href=\"https:\/\/metropoliagzm.pl\/en\/2019\/07\/19\/chorzow-ma-rozwiazanie-problemu-spornej-dzialki\/\" \/>\n<meta name=\"twitter:card\" content=\"summary_large_image\" \/>\n<meta name=\"twitter:title\" content=\"Chorz\u00f3w ma rozwi\u0105zanie problemu spornej dzia\u0142ki - Metropolia GZM\" \/>\n<meta name=\"twitter:description\" content=\"Oficjalny portal G\u00f3rno\u015bl\u0105sko-Zag\u0142\u0119biowskiej Metropolii\" \/>\n<meta name=\"twitter:image\" content=\"https:\/\/metropoliagzm.pl\/wp-content\/uploads\/2019\/08\/Chorz\u00f3w.jpg\" \/>\n<meta name=\"twitter:label1\" content=\"Written by\" \/>\n\t<meta name=\"twitter:data1\" content=\"Zbigniew Anio\u0142\" \/>\n\t<meta name=\"twitter:label2\" content=\"Estimated reading time\" \/>\n\t<meta name=\"twitter:data2\" content=\"2 minutes\" \/>\n<script type=\"application\/ld+json\" class=\"yoast-schema-graph\">{\"@context\":\"https:\\\/\\\/schema.org\",\"@graph\":[{\"@type\":\"Article\",\"@id\":\"https:\\\/\\\/metropoliagzm.pl\\\/de\\\/2019\\\/07\\\/19\\\/chorzow-ma-rozwiazanie-problemu-spornej-dzialki\\\/#article\",\"isPartOf\":{\"@id\":\"https:\\\/\\\/metropoliagzm.pl\\\/de\\\/2019\\\/07\\\/19\\\/chorzow-ma-rozwiazanie-problemu-spornej-dzialki\\\/\"},\"author\":{\"name\":\"Zbigniew Anio\u0142\",\"@id\":\"https:\\\/\\\/metropoliagzm.pl\\\/en\\\/#\\\/schema\\\/person\\\/9989523a35d06ccd7af13d71b6d7eb68\"},\"headline\":\"Chorz\u00f3w ma rozwi\u0105zanie problemu spornej dzia\u0142ki\",\"datePublished\":\"2019-07-19T09:27:09+00:00\",\"dateModified\":\"2019-08-12T09:33:24+00:00\",\"mainEntityOfPage\":{\"@id\":\"https:\\\/\\\/metropoliagzm.pl\\\/de\\\/2019\\\/07\\\/19\\\/chorzow-ma-rozwiazanie-problemu-spornej-dzialki\\\/\"},\"wordCount\":471,\"publisher\":{\"@id\":\"https:\\\/\\\/metropoliagzm.pl\\\/en\\\/#organization\"},\"image\":{\"@id\":\"https:\\\/\\\/metropoliagzm.pl\\\/de\\\/2019\\\/07\\\/19\\\/chorzow-ma-rozwiazanie-problemu-spornej-dzialki\\\/#primaryimage\"},\"thumbnailUrl\":\"https:\\\/\\\/metropoliagzm.pl\\\/wp-content\\\/uploads\\\/2019\\\/08\\\/Chorz\u00f3w.jpg\",\"keywords\":[\"Andrzej Kotala\",\"chorzow\"],\"articleSection\":[\"Chorz\u00f3w\",\"Gospodarka i Inwestycje\"],\"inLanguage\":\"en-GB\"},{\"@type\":\"WebPage\",\"@id\":\"https:\\\/\\\/metropoliagzm.pl\\\/de\\\/2019\\\/07\\\/19\\\/chorzow-ma-rozwiazanie-problemu-spornej-dzialki\\\/\",\"url\":\"https:\\\/\\\/metropoliagzm.pl\\\/de\\\/2019\\\/07\\\/19\\\/chorzow-ma-rozwiazanie-problemu-spornej-dzialki\\\/\",\"name\":\"Chorz\u00f3w ma rozwi\u0105zanie problemu spornej dzia\u0142ki - Metropolia GZM\",\"isPartOf\":{\"@id\":\"https:\\\/\\\/metropoliagzm.pl\\\/en\\\/#website\"},\"primaryImageOfPage\":{\"@id\":\"https:\\\/\\\/metropoliagzm.pl\\\/de\\\/2019\\\/07\\\/19\\\/chorzow-ma-rozwiazanie-problemu-spornej-dzialki\\\/#primaryimage\"},\"image\":{\"@id\":\"https:\\\/\\\/metropoliagzm.pl\\\/de\\\/2019\\\/07\\\/19\\\/chorzow-ma-rozwiazanie-problemu-spornej-dzialki\\\/#primaryimage\"},\"thumbnailUrl\":\"https:\\\/\\\/metropoliagzm.pl\\\/wp-content\\\/uploads\\\/2019\\\/08\\\/Chorz\u00f3w.jpg\",\"datePublished\":\"2019-07-19T09:27:09+00:00\",\"dateModified\":\"2019-08-12T09:33:24+00:00\",\"description\":\"Oficjalny portal G\u00f3rno\u015bl\u0105sko-Zag\u0142\u0119biowskiej Metropolii\",\"breadcrumb\":{\"@id\":\"https:\\\/\\\/metropoliagzm.pl\\\/de\\\/2019\\\/07\\\/19\\\/chorzow-ma-rozwiazanie-problemu-spornej-dzialki\\\/#breadcrumb\"},\"inLanguage\":\"en-GB\",\"potentialAction\":[{\"@type\":\"ReadAction\",\"target\":[\"https:\\\/\\\/metropoliagzm.pl\\\/de\\\/2019\\\/07\\\/19\\\/chorzow-ma-rozwiazanie-problemu-spornej-dzialki\\\/\"]}]},{\"@type\":\"ImageObject\",\"inLanguage\":\"en-GB\",\"@id\":\"https:\\\/\\\/metropoliagzm.pl\\\/de\\\/2019\\\/07\\\/19\\\/chorzow-ma-rozwiazanie-problemu-spornej-dzialki\\\/#primaryimage\",\"url\":\"https:\\\/\\\/metropoliagzm.pl\\\/wp-content\\\/uploads\\\/2019\\\/08\\\/Chorz\u00f3w.jpg\",\"contentUrl\":\"https:\\\/\\\/metropoliagzm.pl\\\/wp-content\\\/uploads\\\/2019\\\/08\\\/Chorz\u00f3w.jpg\",\"width\":1024,\"height\":768,\"caption\":\"Chorz\u00f3w ma pomys\u0142 na rozwi\u0105zanie problemu spornej dzia\u0142ki\\\/fot. UM Chorz\u00f3w\"},{\"@type\":\"BreadcrumbList\",\"@id\":\"https:\\\/\\\/metropoliagzm.pl\\\/de\\\/2019\\\/07\\\/19\\\/chorzow-ma-rozwiazanie-problemu-spornej-dzialki\\\/#breadcrumb\",\"itemListElement\":[{\"@type\":\"ListItem\",\"position\":1,\"name\":\"Strona g\u0142\u00f3wna\",\"item\":\"https:\\\/\\\/metropoliagzm.pl\\\/\"},{\"@type\":\"ListItem\",\"position\":2,\"name\":\"Chorz\u00f3w ma rozwi\u0105zanie problemu spornej dzia\u0142ki\"}]},{\"@type\":\"WebSite\",\"@id\":\"https:\\\/\\\/metropoliagzm.pl\\\/en\\\/#website\",\"url\":\"https:\\\/\\\/metropoliagzm.pl\\\/en\\\/\",\"name\":\"Metropolia GZM\",\"description\":\"Oficjalny portal G\u00f3rno\u015bl\u0105sko-Zag\u0142\u0119biowskiej Metropolii\",\"publisher\":{\"@id\":\"https:\\\/\\\/metropoliagzm.pl\\\/en\\\/#organization\"},\"potentialAction\":[{\"@type\":\"SearchAction\",\"target\":{\"@type\":\"EntryPoint\",\"urlTemplate\":\"https:\\\/\\\/metropoliagzm.pl\\\/en\\\/?s={search_term_string}\"},\"query-input\":{\"@type\":\"PropertyValueSpecification\",\"valueRequired\":true,\"valueName\":\"search_term_string\"}}],\"inLanguage\":\"en-GB\"},{\"@type\":\"Organization\",\"@id\":\"https:\\\/\\\/metropoliagzm.pl\\\/en\\\/#organization\",\"name\":\"Metropolia GZM\",\"url\":\"https:\\\/\\\/metropoliagzm.pl\\\/en\\\/\",\"logo\":{\"@type\":\"ImageObject\",\"inLanguage\":\"en-GB\",\"@id\":\"https:\\\/\\\/metropoliagzm.pl\\\/en\\\/#\\\/schema\\\/logo\\\/image\\\/\",\"url\":\"https:\\\/\\\/metropoliagzm.pl\\\/wp-content\\\/uploads\\\/2019\\\/03\\\/Sygnet-strona-glowna.png\",\"contentUrl\":\"https:\\\/\\\/metropoliagzm.pl\\\/wp-content\\\/uploads\\\/2019\\\/03\\\/Sygnet-strona-glowna.png\",\"width\":36,\"height\":45,\"caption\":\"Metropolia GZM\"},\"image\":{\"@id\":\"https:\\\/\\\/metropoliagzm.pl\\\/en\\\/#\\\/schema\\\/logo\\\/image\\\/\"}},{\"@type\":\"Person\",\"@id\":\"https:\\\/\\\/metropoliagzm.pl\\\/en\\\/#\\\/schema\\\/person\\\/9989523a35d06ccd7af13d71b6d7eb68\",\"name\":\"Zbigniew Anio\u0142\",\"image\":{\"@type\":\"ImageObject\",\"inLanguage\":\"en-GB\",\"@id\":\"https:\\\/\\\/secure.gravatar.com\\\/avatar\\\/fb8a2c90771d8638e142bf824df5d65b3177e66998d527b1cf5a955a29b8458f?s=96&d=mm&r=g\",\"url\":\"https:\\\/\\\/secure.gravatar.com\\\/avatar\\\/fb8a2c90771d8638e142bf824df5d65b3177e66998d527b1cf5a955a29b8458f?s=96&d=mm&r=g\",\"contentUrl\":\"https:\\\/\\\/secure.gravatar.com\\\/avatar\\\/fb8a2c90771d8638e142bf824df5d65b3177e66998d527b1cf5a955a29b8458f?s=96&d=mm&r=g\",\"caption\":\"Zbigniew Anio\u0142\"},\"url\":\"https:\\\/\\\/metropoliagzm.pl\\\/en\\\/author\\\/z-aniol\\\/\"}]}<\/script>\n<!-- \/ Yoast SEO plugin. -->","yoast_head_json":{"title":"Chorz\u00f3w ma rozwi\u0105zanie problemu spornej dzia\u0142ki - Metropolia GZM","description":"Oficjalny portal G\u00f3rno\u015bl\u0105sko-Zag\u0142\u0119biowskiej Metropolii","robots":{"index":"index","follow":"follow","max-snippet":"max-snippet:-1","max-image-preview":"max-image-preview:large","max-video-preview":"max-video-preview:-1"},"canonical":"https:\/\/metropoliagzm.pl\/en\/2019\/07\/19\/chorzow-ma-rozwiazanie-problemu-spornej-dzialki\/","twitter_card":"summary_large_image","twitter_title":"Chorz\u00f3w ma rozwi\u0105zanie problemu spornej dzia\u0142ki - Metropolia GZM","twitter_description":"Oficjalny portal G\u00f3rno\u015bl\u0105sko-Zag\u0142\u0119biowskiej Metropolii","twitter_image":"https:\/\/metropoliagzm.pl\/wp-content\/uploads\/2019\/08\/Chorz\u00f3w.jpg","twitter_misc":{"Written by":"Zbigniew Anio\u0142","Estimated reading time":"2 minutes"},"schema":{"@context":"https:\/\/schema.org","@graph":[{"@type":"Article","@id":"https:\/\/metropoliagzm.pl\/de\/2019\/07\/19\/chorzow-ma-rozwiazanie-problemu-spornej-dzialki\/#article","isPartOf":{"@id":"https:\/\/metropoliagzm.pl\/de\/2019\/07\/19\/chorzow-ma-rozwiazanie-problemu-spornej-dzialki\/"},"author":{"name":"Zbigniew Anio\u0142","@id":"https:\/\/metropoliagzm.pl\/en\/#\/schema\/person\/9989523a35d06ccd7af13d71b6d7eb68"},"headline":"Chorz\u00f3w ma rozwi\u0105zanie problemu spornej dzia\u0142ki","datePublished":"2019-07-19T09:27:09+00:00","dateModified":"2019-08-12T09:33:24+00:00","mainEntityOfPage":{"@id":"https:\/\/metropoliagzm.pl\/de\/2019\/07\/19\/chorzow-ma-rozwiazanie-problemu-spornej-dzialki\/"},"wordCount":471,"publisher":{"@id":"https:\/\/metropoliagzm.pl\/en\/#organization"},"image":{"@id":"https:\/\/metropoliagzm.pl\/de\/2019\/07\/19\/chorzow-ma-rozwiazanie-problemu-spornej-dzialki\/#primaryimage"},"thumbnailUrl":"https:\/\/metropoliagzm.pl\/wp-content\/uploads\/2019\/08\/Chorz\u00f3w.jpg","keywords":["Andrzej Kotala","chorzow"],"articleSection":["Chorz\u00f3w","Gospodarka i Inwestycje"],"inLanguage":"en-GB"},{"@type":"WebPage","@id":"https:\/\/metropoliagzm.pl\/de\/2019\/07\/19\/chorzow-ma-rozwiazanie-problemu-spornej-dzialki\/","url":"https:\/\/metropoliagzm.pl\/de\/2019\/07\/19\/chorzow-ma-rozwiazanie-problemu-spornej-dzialki\/","name":"Chorz\u00f3w ma rozwi\u0105zanie problemu spornej dzia\u0142ki - Metropolia GZM","isPartOf":{"@id":"https:\/\/metropoliagzm.pl\/en\/#website"},"primaryImageOfPage":{"@id":"https:\/\/metropoliagzm.pl\/de\/2019\/07\/19\/chorzow-ma-rozwiazanie-problemu-spornej-dzialki\/#primaryimage"},"image":{"@id":"https:\/\/metropoliagzm.pl\/de\/2019\/07\/19\/chorzow-ma-rozwiazanie-problemu-spornej-dzialki\/#primaryimage"},"thumbnailUrl":"https:\/\/metropoliagzm.pl\/wp-content\/uploads\/2019\/08\/Chorz\u00f3w.jpg","datePublished":"2019-07-19T09:27:09+00:00","dateModified":"2019-08-12T09:33:24+00:00","description":"Oficjalny portal G\u00f3rno\u015bl\u0105sko-Zag\u0142\u0119biowskiej Metropolii","breadcrumb":{"@id":"https:\/\/metropoliagzm.pl\/de\/2019\/07\/19\/chorzow-ma-rozwiazanie-problemu-spornej-dzialki\/#breadcrumb"},"inLanguage":"en-GB","potentialAction":[{"@type":"ReadAction","target":["https:\/\/metropoliagzm.pl\/de\/2019\/07\/19\/chorzow-ma-rozwiazanie-problemu-spornej-dzialki\/"]}]},{"@type":"ImageObject","inLanguage":"en-GB","@id":"https:\/\/metropoliagzm.pl\/de\/2019\/07\/19\/chorzow-ma-rozwiazanie-problemu-spornej-dzialki\/#primaryimage","url":"https:\/\/metropoliagzm.pl\/wp-content\/uploads\/2019\/08\/Chorz\u00f3w.jpg","contentUrl":"https:\/\/metropoliagzm.pl\/wp-content\/uploads\/2019\/08\/Chorz\u00f3w.jpg","width":1024,"height":768,"caption":"Chorz\u00f3w ma pomys\u0142 na rozwi\u0105zanie problemu spornej dzia\u0142ki\/fot. UM Chorz\u00f3w"},{"@type":"BreadcrumbList","@id":"https:\/\/metropoliagzm.pl\/de\/2019\/07\/19\/chorzow-ma-rozwiazanie-problemu-spornej-dzialki\/#breadcrumb","itemListElement":[{"@type":"ListItem","position":1,"name":"Strona g\u0142\u00f3wna","item":"https:\/\/metropoliagzm.pl\/"},{"@type":"ListItem","position":2,"name":"Chorz\u00f3w ma rozwi\u0105zanie problemu spornej dzia\u0142ki"}]},{"@type":"WebSite","@id":"https:\/\/metropoliagzm.pl\/en\/#website","url":"https:\/\/metropoliagzm.pl\/en\/","name":"Metropolia GZM","description":"Oficjalny portal G\u00f3rno\u015bl\u0105sko-Zag\u0142\u0119biowskiej Metropolii","publisher":{"@id":"https:\/\/metropoliagzm.pl\/en\/#organization"},"potentialAction":[{"@type":"SearchAction","target":{"@type":"EntryPoint","urlTemplate":"https:\/\/metropoliagzm.pl\/en\/?s={search_term_string}"},"query-input":{"@type":"PropertyValueSpecification","valueRequired":true,"valueName":"search_term_string"}}],"inLanguage":"en-GB"},{"@type":"Organization","@id":"https:\/\/metropoliagzm.pl\/en\/#organization","name":"Metropolia GZM","url":"https:\/\/metropoliagzm.pl\/en\/","logo":{"@type":"ImageObject","inLanguage":"en-GB","@id":"https:\/\/metropoliagzm.pl\/en\/#\/schema\/logo\/image\/","url":"https:\/\/metropoliagzm.pl\/wp-content\/uploads\/2019\/03\/Sygnet-strona-glowna.png","contentUrl":"https:\/\/metropoliagzm.pl\/wp-content\/uploads\/2019\/03\/Sygnet-strona-glowna.png","width":36,"height":45,"caption":"Metropolia GZM"},"image":{"@id":"https:\/\/metropoliagzm.pl\/en\/#\/schema\/logo\/image\/"}},{"@type":"Person","@id":"https:\/\/metropoliagzm.pl\/en\/#\/schema\/person\/9989523a35d06ccd7af13d71b6d7eb68","name":"Zbigniew Anio\u0142","image":{"@type":"ImageObject","inLanguage":"en-GB","@id":"https:\/\/secure.gravatar.com\/avatar\/fb8a2c90771d8638e142bf824df5d65b3177e66998d527b1cf5a955a29b8458f?s=96&d=mm&r=g","url":"https:\/\/secure.gravatar.com\/avatar\/fb8a2c90771d8638e142bf824df5d65b3177e66998d527b1cf5a955a29b8458f?s=96&d=mm&r=g","contentUrl":"https:\/\/secure.gravatar.com\/avatar\/fb8a2c90771d8638e142bf824df5d65b3177e66998d527b1cf5a955a29b8458f?s=96&d=mm&r=g","caption":"Zbigniew Anio\u0142"},"url":"https:\/\/metropoliagzm.pl\/en\/author\/z-aniol\/"}]}},"_links":{"self":[{"href":"https:\/\/metropoliagzm.pl\/en\/wp-json\/wp\/v2\/posts\/11024","targetHints":{"allow":["GET"]}}],"collection":[{"href":"https:\/\/metropoliagzm.pl\/en\/wp-json\/wp\/v2\/posts"}],"about":[{"href":"https:\/\/metropoliagzm.pl\/en\/wp-json\/wp\/v2\/types\/post"}],"author":[{"embeddable":true,"href":"https:\/\/metropoliagzm.pl\/en\/wp-json\/wp\/v2\/users\/137"}],"replies":[{"embeddable":true,"href":"https:\/\/metropoliagzm.pl\/en\/wp-json\/wp\/v2\/comments?post=11024"}],"version-history":[{"count":1,"href":"https:\/\/metropoliagzm.pl\/en\/wp-json\/wp\/v2\/posts\/11024\/revisions"}],"predecessor-version":[{"id":11030,"href":"https:\/\/metropoliagzm.pl\/en\/wp-json\/wp\/v2\/posts\/11024\/revisions\/11030"}],"wp:featuredmedia":[{"embeddable":true,"href":"https:\/\/metropoliagzm.pl\/en\/wp-json\/wp\/v2\/media\/11028"}],"wp:attachment":[{"href":"https:\/\/metropoliagzm.pl\/en\/wp-json\/wp\/v2\/media?parent=11024"}],"wp:term":[{"taxonomy":"category","embeddable":true,"href":"https:\/\/metropoliagzm.pl\/en\/wp-json\/wp\/v2\/categories?post=11024"},{"taxonomy":"post_tag","embeddable":true,"href":"https:\/\/metropoliagzm.pl\/en\/wp-json\/wp\/v2\/tags?post=11024"}],"curies":[{"name":"wp","href":"https:\/\/api.w.org\/{rel}","templated":true}]}}