{"id":11388,"date":"2019-07-25T13:59:43","date_gmt":"2019-07-25T11:59:43","guid":{"rendered":"https:\/\/wpgzm.dev.euvic.pl\/?p=11388"},"modified":"2019-09-04T17:10:35","modified_gmt":"2019-09-04T15:10:35","slug":"zmiana-logo-miasta-pyskowice","status":"publish","type":"post","link":"https:\/\/metropoliagzm.pl\/en\/2019\/07\/25\/zmiana-logo-miasta-pyskowice\/","title":{"rendered":"Od\u015bwie\u017cone logo miasta. Zwr\u00f3cone do siebie twarze nawi\u0105zuj\u0105 do herbu"},"content":{"rendered":"<div class=\"pdf-block\"><div class=\"pdfprnt-buttons  pdfprnt-new pdfprnt-buttons-post pdfprnt-top-right\"><div class=\"jssocials-share jssocials-share-twitter\"><a target=\"_blank\" href=\"https:\/\/twitter.com\/share?url=https:\/\/metropoliagzm.pl\/en\/wp-json\/wp\/v2\/posts\/11388;text=11388\" class=\"jssocials-share-link\"><i class=\"fa fa-twitter jssocials-share-logo\"><\/i><\/a><\/div><div class=\"jssocials-share jssocials-share-facebook\"><a target=\"_blank\" href=\"https:\/\/facebook.com\/sharer\/sharer.php?u=https:\/\/metropoliagzm.pl\/en\/wp-json\/wp\/v2\/posts\/11388\" class=\"jssocials-share-link\"><i class=\"fa fa-facebook jssocials-share-logo\"><\/i><\/a><\/div><div class=\"jssocials-share jssocials-share-pinterest\"><a target=\"_blank\" href=\"https:\/\/pinterest.com\/pin\/create\/bookmarklet\/?&amp;url=https:\/\/metropoliagzm.pl\/en\/wp-json\/wp\/v2\/posts\/11388;description=11388\" class=\"jssocials-share-link\"><i class=\"fa fa-pinterest jssocials-share-logo\"><\/i><\/a><\/div><a href=\"https:\/\/metropoliagzm.pl\/en\/wp-json\/wp\/v2\/posts\/11388?print=pdf\" class=\"pdfprnt-button pdfprnt-button-pdf\" target=\"_blank\"><img decoding=\"async\" src=\"https:\/\/metropoliagzm.pl\/wp-content\/plugins\/pdf-print\/images\/pdf.png\" alt=\"image_pdf\" title=\"View PDF\" \/><\/a><a href=\"https:\/\/metropoliagzm.pl\/en\/wp-json\/wp\/v2\/posts\/11388?print=print\" class=\"pdfprnt-button pdfprnt-button-print\" target=\"_blank\"><img decoding=\"async\" src=\"https:\/\/metropoliagzm.pl\/wp-content\/plugins\/pdf-print\/images\/print.png\" alt=\"image_print\" title=\"Print Content\" \/><\/a><\/div><\/div><div class=\"post-block-pdf\"><div class=\"pdfprnt-buttons pdfprnt-buttons-post pdfprnt-top-right\"><a href=\"https:\/\/metropoliagzm.pl\/en\/wp-json\/wp\/v2\/posts\/11388?print=pdf\" class=\"pdfprnt-button pdfprnt-button-pdf\" target=\"_blank\"><img decoding=\"async\" src=\"https:\/\/metropoliagzm.pl\/wp-content\/plugins\/pdf-print\/images\/pdf.png\" alt=\"image_pdf\" title=\"View PDF\" \/><\/a><a href=\"https:\/\/metropoliagzm.pl\/en\/wp-json\/wp\/v2\/posts\/11388?print=print\" class=\"pdfprnt-button pdfprnt-button-print\" target=\"_blank\"><img decoding=\"async\" src=\"https:\/\/metropoliagzm.pl\/wp-content\/plugins\/pdf-print\/images\/print.png\" alt=\"image_print\" title=\"Print Content\" \/><\/a><\/div>\n<p><strong>Pyskowice, tak jak wi\u0119kszo\u015b\u0107 miast i instytucji, posiada swoje&nbsp;logo, czyli graficzny znak identyfikacyjny i promocyjny. Pierwotny projekt powsta\u0142 w 2009 r. i przedstawia dwie zwr\u00f3cone do siebie twarze, obdarzaj\u0105ce si\u0119 nawzajem u\u015bmiechem.<\/strong><\/p>\n\n\n\n<p>W zwi\u0105zku z podj\u0119tymi dzia\u0142aniami zmierzaj\u0105cymi do opracowania sp\u00f3jnej identyfikacji wizualnej Urz\u0119du Miejskiego i przeprowadzeniu w tym celu analizy marki, dostrze\u017cono potrzeb\u0119&nbsp;<strong>od\u015bwie\u017cenia logo<\/strong>. Uproszczeniu ulega\u0142a zar\u00f3wno sygnatura, kt\u00f3ra w formie dw\u00f3ch zwr\u00f3conych do siebie twarzy, nawi\u0105zuje do herbu Pyskowic, jak i czcionka w nazwie \u201ePYSKOWICE&#8221;. Szczeg\u00f3\u0142owe informacje dotycz\u0105ce logo miasta Pyskowice dostepne s\u0105 w zak\u0142adce:<a rel=\"noreferrer noopener\" href=\"https:\/\/www.pyskowice.pl\/prezentacja-gminy\/herb.html\" target=\"_blank\">&nbsp;<em>Prezentacja Gminy\/Herb i logo<\/em><\/a><\/p>\n\n\n\n<figure class=\"wp-block-image\"><img loading=\"lazy\" decoding=\"async\" width=\"297\" height=\"94\" src=\"https:\/\/metropoliagzm.pl\/wp-content\/uploads\/2019\/08\/zmiana-logo-pyskowice.jpg\" alt=\"\" class=\"wp-image-11392\"\/><\/figure>\n\n\n\n<p><strong>Kto mo\u017ce u\u017cywa\u0107 loga (podmioty uprawnione):<\/strong><br>&#8211; organy Gminy Pyskowice, czyli Burmistrz Miasta i Rada Miejska;<br>&#8211; Urz\u0105d Miejski w Pyskowicach;<br>&#8211; jednostki organizacyjne Gminy Pyskowice;<br>&#8211; radni Rady Miejskiej w Pyskowicach w sprawach zwi\u0105zanych z wykonywaniem mandatu.<br><br><strong>Inne podmioty:<\/strong><br>Inne podmioty mog\u0105 u\u017cywa\u0107 loga po wcze\u015bniejszym uzyskaniu zgody Burmistrza Miasta Pyskowice, na podstawie wniosku zawieraj\u0105cego opis i okoliczno\u015bci wykorzystania loga. Wydanie zgody jest nieodp\u0142atne. Wydaje si\u0119 j\u0105 na czas okre\u015blony, jednak nie d\u0142u\u017cej ni\u017c na rok. Po up\u0142ywie tego okresu, nale\u017cy wyst\u0105pi\u0107 o ponown\u0105 zgod\u0119 na u\u017cycie loga. W przypadku z\u0142amania warunk\u00f3w, na podstawie kt\u00f3rych zgoda zosta\u0142a udzielona Burmistrz Miasta Pyskowice mo\u017ce cofn\u0105\u0107 przyznan\u0105 zgod\u0119.<\/p>\n\n\n\n<p>\u0179r\u00f3d\u0142o: www.pyskowice.pl.<\/p>\n<div class=\"post-author\" style=\"font-size:13px\">Zbigniew Anio\u0142<\/div><\/div>","protected":false},"excerpt":{"rendered":"<p>Pyskowice, tak jak wi\u0119kszo\u015b\u0107 miast i instytucji, posiada swoje&nbsp;logo, czyli graficzny znak identyfikacyjny i promocyjny. Pierwotny projekt powsta\u0142 w 2009 r. i przedstawia dwie zwr\u00f3cone do siebie twarze, obdarzaj\u0105ce si\u0119 nawzajem u\u015bmiechem. W zwi\u0105zku z podj\u0119tymi dzia\u0142aniami zmierzaj\u0105cymi do opracowania sp\u00f3jnej identyfikacji wizualnej Urz\u0119du Miejskiego&#8230;<\/p>","protected":false},"author":137,"featured_media":11389,"comment_status":"closed","ping_status":"closed","sticky":false,"template":"","format":"standard","meta":{"_acf_changed":false,"footnotes":""},"categories":[219],"tags":[981,573],"class_list":["post-11388","post","type-post","status-publish","format-standard","has-post-thumbnail","hentry","category-pyskowice","tag-logo-miasta-pyskowice","tag-pyskowice"],"acf":[],"yoast_head":"<!-- This site is optimized with the Yoast SEO plugin v27.4 - https:\/\/yoast.com\/product\/yoast-seo-wordpress\/ -->\n<title>Od\u015bwie\u017cone logo miasta. Zwr\u00f3cone do siebie twarze nawi\u0105zuj\u0105 do herbu - Metropolia GZM<\/title>\n<meta name=\"description\" content=\"Oficjalny portal G\u00f3rno\u015bl\u0105sko-Zag\u0142\u0119biowskiej Metropolii\" \/>\n<meta name=\"robots\" content=\"index, follow, max-snippet:-1, max-image-preview:large, max-video-preview:-1\" \/>\n<link rel=\"canonical\" href=\"https:\/\/metropoliagzm.pl\/en\/2019\/07\/25\/zmiana-logo-miasta-pyskowice\/\" \/>\n<meta name=\"twitter:card\" content=\"summary_large_image\" \/>\n<meta name=\"twitter:title\" content=\"Od\u015bwie\u017cone logo miasta. Zwr\u00f3cone do siebie twarze nawi\u0105zuj\u0105 do herbu - Metropolia GZM\" \/>\n<meta name=\"twitter:description\" content=\"Oficjalny portal G\u00f3rno\u015bl\u0105sko-Zag\u0142\u0119biowskiej Metropolii\" \/>\n<meta name=\"twitter:image\" content=\"https:\/\/metropoliagzm.pl\/wp-content\/uploads\/2019\/08\/pyskowice-logo.jpg\" \/>\n<meta name=\"twitter:label1\" content=\"Written by\" \/>\n\t<meta name=\"twitter:data1\" content=\"Zbigniew Anio\u0142\" \/>\n\t<meta name=\"twitter:label2\" content=\"Estimated reading time\" \/>\n\t<meta name=\"twitter:data2\" content=\"1 minute\" \/>\n<script type=\"application\/ld+json\" class=\"yoast-schema-graph\">{\"@context\":\"https:\\\/\\\/schema.org\",\"@graph\":[{\"@type\":\"Article\",\"@id\":\"https:\\\/\\\/metropoliagzm.pl\\\/de\\\/2019\\\/07\\\/25\\\/zmiana-logo-miasta-pyskowice\\\/#article\",\"isPartOf\":{\"@id\":\"https:\\\/\\\/metropoliagzm.pl\\\/de\\\/2019\\\/07\\\/25\\\/zmiana-logo-miasta-pyskowice\\\/\"},\"author\":{\"name\":\"Zbigniew Anio\u0142\",\"@id\":\"https:\\\/\\\/metropoliagzm.pl\\\/en\\\/#\\\/schema\\\/person\\\/9989523a35d06ccd7af13d71b6d7eb68\"},\"headline\":\"Od\u015bwie\u017cone logo miasta. Zwr\u00f3cone do siebie twarze nawi\u0105zuj\u0105 do herbu\",\"datePublished\":\"2019-07-25T11:59:43+00:00\",\"dateModified\":\"2019-09-04T15:10:35+00:00\",\"mainEntityOfPage\":{\"@id\":\"https:\\\/\\\/metropoliagzm.pl\\\/de\\\/2019\\\/07\\\/25\\\/zmiana-logo-miasta-pyskowice\\\/\"},\"wordCount\":265,\"publisher\":{\"@id\":\"https:\\\/\\\/metropoliagzm.pl\\\/en\\\/#organization\"},\"image\":{\"@id\":\"https:\\\/\\\/metropoliagzm.pl\\\/de\\\/2019\\\/07\\\/25\\\/zmiana-logo-miasta-pyskowice\\\/#primaryimage\"},\"thumbnailUrl\":\"https:\\\/\\\/metropoliagzm.pl\\\/wp-content\\\/uploads\\\/2019\\\/08\\\/pyskowice-logo.jpg\",\"keywords\":[\"logo miasta Pyskowice\",\"Pyskowice\"],\"articleSection\":[\"Pyskowice\"],\"inLanguage\":\"en-GB\"},{\"@type\":\"WebPage\",\"@id\":\"https:\\\/\\\/metropoliagzm.pl\\\/de\\\/2019\\\/07\\\/25\\\/zmiana-logo-miasta-pyskowice\\\/\",\"url\":\"https:\\\/\\\/metropoliagzm.pl\\\/de\\\/2019\\\/07\\\/25\\\/zmiana-logo-miasta-pyskowice\\\/\",\"name\":\"Od\u015bwie\u017cone logo miasta. Zwr\u00f3cone do siebie twarze nawi\u0105zuj\u0105 do herbu - Metropolia GZM\",\"isPartOf\":{\"@id\":\"https:\\\/\\\/metropoliagzm.pl\\\/en\\\/#website\"},\"primaryImageOfPage\":{\"@id\":\"https:\\\/\\\/metropoliagzm.pl\\\/de\\\/2019\\\/07\\\/25\\\/zmiana-logo-miasta-pyskowice\\\/#primaryimage\"},\"image\":{\"@id\":\"https:\\\/\\\/metropoliagzm.pl\\\/de\\\/2019\\\/07\\\/25\\\/zmiana-logo-miasta-pyskowice\\\/#primaryimage\"},\"thumbnailUrl\":\"https:\\\/\\\/metropoliagzm.pl\\\/wp-content\\\/uploads\\\/2019\\\/08\\\/pyskowice-logo.jpg\",\"datePublished\":\"2019-07-25T11:59:43+00:00\",\"dateModified\":\"2019-09-04T15:10:35+00:00\",\"description\":\"Oficjalny portal G\u00f3rno\u015bl\u0105sko-Zag\u0142\u0119biowskiej Metropolii\",\"breadcrumb\":{\"@id\":\"https:\\\/\\\/metropoliagzm.pl\\\/de\\\/2019\\\/07\\\/25\\\/zmiana-logo-miasta-pyskowice\\\/#breadcrumb\"},\"inLanguage\":\"en-GB\",\"potentialAction\":[{\"@type\":\"ReadAction\",\"target\":[\"https:\\\/\\\/metropoliagzm.pl\\\/de\\\/2019\\\/07\\\/25\\\/zmiana-logo-miasta-pyskowice\\\/\"]}]},{\"@type\":\"ImageObject\",\"inLanguage\":\"en-GB\",\"@id\":\"https:\\\/\\\/metropoliagzm.pl\\\/de\\\/2019\\\/07\\\/25\\\/zmiana-logo-miasta-pyskowice\\\/#primaryimage\",\"url\":\"https:\\\/\\\/metropoliagzm.pl\\\/wp-content\\\/uploads\\\/2019\\\/08\\\/pyskowice-logo.jpg\",\"contentUrl\":\"https:\\\/\\\/metropoliagzm.pl\\\/wp-content\\\/uploads\\\/2019\\\/08\\\/pyskowice-logo.jpg\",\"width\":960,\"height\":960,\"caption\":\"fot. UM Pyskowice\"},{\"@type\":\"BreadcrumbList\",\"@id\":\"https:\\\/\\\/metropoliagzm.pl\\\/de\\\/2019\\\/07\\\/25\\\/zmiana-logo-miasta-pyskowice\\\/#breadcrumb\",\"itemListElement\":[{\"@type\":\"ListItem\",\"position\":1,\"name\":\"Strona g\u0142\u00f3wna\",\"item\":\"https:\\\/\\\/metropoliagzm.pl\\\/\"},{\"@type\":\"ListItem\",\"position\":2,\"name\":\"Od\u015bwie\u017cone logo miasta. Zwr\u00f3cone do siebie twarze nawi\u0105zuj\u0105 do herbu\"}]},{\"@type\":\"WebSite\",\"@id\":\"https:\\\/\\\/metropoliagzm.pl\\\/en\\\/#website\",\"url\":\"https:\\\/\\\/metropoliagzm.pl\\\/en\\\/\",\"name\":\"Metropolia GZM\",\"description\":\"Oficjalny portal G\u00f3rno\u015bl\u0105sko-Zag\u0142\u0119biowskiej Metropolii\",\"publisher\":{\"@id\":\"https:\\\/\\\/metropoliagzm.pl\\\/en\\\/#organization\"},\"potentialAction\":[{\"@type\":\"SearchAction\",\"target\":{\"@type\":\"EntryPoint\",\"urlTemplate\":\"https:\\\/\\\/metropoliagzm.pl\\\/en\\\/?s={search_term_string}\"},\"query-input\":{\"@type\":\"PropertyValueSpecification\",\"valueRequired\":true,\"valueName\":\"search_term_string\"}}],\"inLanguage\":\"en-GB\"},{\"@type\":\"Organization\",\"@id\":\"https:\\\/\\\/metropoliagzm.pl\\\/en\\\/#organization\",\"name\":\"Metropolia GZM\",\"url\":\"https:\\\/\\\/metropoliagzm.pl\\\/en\\\/\",\"logo\":{\"@type\":\"ImageObject\",\"inLanguage\":\"en-GB\",\"@id\":\"https:\\\/\\\/metropoliagzm.pl\\\/en\\\/#\\\/schema\\\/logo\\\/image\\\/\",\"url\":\"https:\\\/\\\/metropoliagzm.pl\\\/wp-content\\\/uploads\\\/2019\\\/03\\\/Sygnet-strona-glowna.png\",\"contentUrl\":\"https:\\\/\\\/metropoliagzm.pl\\\/wp-content\\\/uploads\\\/2019\\\/03\\\/Sygnet-strona-glowna.png\",\"width\":36,\"height\":45,\"caption\":\"Metropolia GZM\"},\"image\":{\"@id\":\"https:\\\/\\\/metropoliagzm.pl\\\/en\\\/#\\\/schema\\\/logo\\\/image\\\/\"}},{\"@type\":\"Person\",\"@id\":\"https:\\\/\\\/metropoliagzm.pl\\\/en\\\/#\\\/schema\\\/person\\\/9989523a35d06ccd7af13d71b6d7eb68\",\"name\":\"Zbigniew Anio\u0142\",\"image\":{\"@type\":\"ImageObject\",\"inLanguage\":\"en-GB\",\"@id\":\"https:\\\/\\\/secure.gravatar.com\\\/avatar\\\/fb8a2c90771d8638e142bf824df5d65b3177e66998d527b1cf5a955a29b8458f?s=96&d=mm&r=g\",\"url\":\"https:\\\/\\\/secure.gravatar.com\\\/avatar\\\/fb8a2c90771d8638e142bf824df5d65b3177e66998d527b1cf5a955a29b8458f?s=96&d=mm&r=g\",\"contentUrl\":\"https:\\\/\\\/secure.gravatar.com\\\/avatar\\\/fb8a2c90771d8638e142bf824df5d65b3177e66998d527b1cf5a955a29b8458f?s=96&d=mm&r=g\",\"caption\":\"Zbigniew Anio\u0142\"},\"url\":\"https:\\\/\\\/metropoliagzm.pl\\\/en\\\/author\\\/z-aniol\\\/\"}]}<\/script>\n<!-- \/ Yoast SEO plugin. -->","yoast_head_json":{"title":"Od\u015bwie\u017cone logo miasta. Zwr\u00f3cone do siebie twarze nawi\u0105zuj\u0105 do herbu - Metropolia GZM","description":"Oficjalny portal G\u00f3rno\u015bl\u0105sko-Zag\u0142\u0119biowskiej Metropolii","robots":{"index":"index","follow":"follow","max-snippet":"max-snippet:-1","max-image-preview":"max-image-preview:large","max-video-preview":"max-video-preview:-1"},"canonical":"https:\/\/metropoliagzm.pl\/en\/2019\/07\/25\/zmiana-logo-miasta-pyskowice\/","twitter_card":"summary_large_image","twitter_title":"Od\u015bwie\u017cone logo miasta. Zwr\u00f3cone do siebie twarze nawi\u0105zuj\u0105 do herbu - Metropolia GZM","twitter_description":"Oficjalny portal G\u00f3rno\u015bl\u0105sko-Zag\u0142\u0119biowskiej Metropolii","twitter_image":"https:\/\/metropoliagzm.pl\/wp-content\/uploads\/2019\/08\/pyskowice-logo.jpg","twitter_misc":{"Written by":"Zbigniew Anio\u0142","Estimated reading time":"1 minute"},"schema":{"@context":"https:\/\/schema.org","@graph":[{"@type":"Article","@id":"https:\/\/metropoliagzm.pl\/de\/2019\/07\/25\/zmiana-logo-miasta-pyskowice\/#article","isPartOf":{"@id":"https:\/\/metropoliagzm.pl\/de\/2019\/07\/25\/zmiana-logo-miasta-pyskowice\/"},"author":{"name":"Zbigniew Anio\u0142","@id":"https:\/\/metropoliagzm.pl\/en\/#\/schema\/person\/9989523a35d06ccd7af13d71b6d7eb68"},"headline":"Od\u015bwie\u017cone logo miasta. Zwr\u00f3cone do siebie twarze nawi\u0105zuj\u0105 do herbu","datePublished":"2019-07-25T11:59:43+00:00","dateModified":"2019-09-04T15:10:35+00:00","mainEntityOfPage":{"@id":"https:\/\/metropoliagzm.pl\/de\/2019\/07\/25\/zmiana-logo-miasta-pyskowice\/"},"wordCount":265,"publisher":{"@id":"https:\/\/metropoliagzm.pl\/en\/#organization"},"image":{"@id":"https:\/\/metropoliagzm.pl\/de\/2019\/07\/25\/zmiana-logo-miasta-pyskowice\/#primaryimage"},"thumbnailUrl":"https:\/\/metropoliagzm.pl\/wp-content\/uploads\/2019\/08\/pyskowice-logo.jpg","keywords":["logo miasta Pyskowice","Pyskowice"],"articleSection":["Pyskowice"],"inLanguage":"en-GB"},{"@type":"WebPage","@id":"https:\/\/metropoliagzm.pl\/de\/2019\/07\/25\/zmiana-logo-miasta-pyskowice\/","url":"https:\/\/metropoliagzm.pl\/de\/2019\/07\/25\/zmiana-logo-miasta-pyskowice\/","name":"Od\u015bwie\u017cone logo miasta. Zwr\u00f3cone do siebie twarze nawi\u0105zuj\u0105 do herbu - Metropolia GZM","isPartOf":{"@id":"https:\/\/metropoliagzm.pl\/en\/#website"},"primaryImageOfPage":{"@id":"https:\/\/metropoliagzm.pl\/de\/2019\/07\/25\/zmiana-logo-miasta-pyskowice\/#primaryimage"},"image":{"@id":"https:\/\/metropoliagzm.pl\/de\/2019\/07\/25\/zmiana-logo-miasta-pyskowice\/#primaryimage"},"thumbnailUrl":"https:\/\/metropoliagzm.pl\/wp-content\/uploads\/2019\/08\/pyskowice-logo.jpg","datePublished":"2019-07-25T11:59:43+00:00","dateModified":"2019-09-04T15:10:35+00:00","description":"Oficjalny portal G\u00f3rno\u015bl\u0105sko-Zag\u0142\u0119biowskiej Metropolii","breadcrumb":{"@id":"https:\/\/metropoliagzm.pl\/de\/2019\/07\/25\/zmiana-logo-miasta-pyskowice\/#breadcrumb"},"inLanguage":"en-GB","potentialAction":[{"@type":"ReadAction","target":["https:\/\/metropoliagzm.pl\/de\/2019\/07\/25\/zmiana-logo-miasta-pyskowice\/"]}]},{"@type":"ImageObject","inLanguage":"en-GB","@id":"https:\/\/metropoliagzm.pl\/de\/2019\/07\/25\/zmiana-logo-miasta-pyskowice\/#primaryimage","url":"https:\/\/metropoliagzm.pl\/wp-content\/uploads\/2019\/08\/pyskowice-logo.jpg","contentUrl":"https:\/\/metropoliagzm.pl\/wp-content\/uploads\/2019\/08\/pyskowice-logo.jpg","width":960,"height":960,"caption":"fot. UM Pyskowice"},{"@type":"BreadcrumbList","@id":"https:\/\/metropoliagzm.pl\/de\/2019\/07\/25\/zmiana-logo-miasta-pyskowice\/#breadcrumb","itemListElement":[{"@type":"ListItem","position":1,"name":"Strona g\u0142\u00f3wna","item":"https:\/\/metropoliagzm.pl\/"},{"@type":"ListItem","position":2,"name":"Od\u015bwie\u017cone logo miasta. Zwr\u00f3cone do siebie twarze nawi\u0105zuj\u0105 do herbu"}]},{"@type":"WebSite","@id":"https:\/\/metropoliagzm.pl\/en\/#website","url":"https:\/\/metropoliagzm.pl\/en\/","name":"Metropolia GZM","description":"Oficjalny portal G\u00f3rno\u015bl\u0105sko-Zag\u0142\u0119biowskiej Metropolii","publisher":{"@id":"https:\/\/metropoliagzm.pl\/en\/#organization"},"potentialAction":[{"@type":"SearchAction","target":{"@type":"EntryPoint","urlTemplate":"https:\/\/metropoliagzm.pl\/en\/?s={search_term_string}"},"query-input":{"@type":"PropertyValueSpecification","valueRequired":true,"valueName":"search_term_string"}}],"inLanguage":"en-GB"},{"@type":"Organization","@id":"https:\/\/metropoliagzm.pl\/en\/#organization","name":"Metropolia GZM","url":"https:\/\/metropoliagzm.pl\/en\/","logo":{"@type":"ImageObject","inLanguage":"en-GB","@id":"https:\/\/metropoliagzm.pl\/en\/#\/schema\/logo\/image\/","url":"https:\/\/metropoliagzm.pl\/wp-content\/uploads\/2019\/03\/Sygnet-strona-glowna.png","contentUrl":"https:\/\/metropoliagzm.pl\/wp-content\/uploads\/2019\/03\/Sygnet-strona-glowna.png","width":36,"height":45,"caption":"Metropolia GZM"},"image":{"@id":"https:\/\/metropoliagzm.pl\/en\/#\/schema\/logo\/image\/"}},{"@type":"Person","@id":"https:\/\/metropoliagzm.pl\/en\/#\/schema\/person\/9989523a35d06ccd7af13d71b6d7eb68","name":"Zbigniew Anio\u0142","image":{"@type":"ImageObject","inLanguage":"en-GB","@id":"https:\/\/secure.gravatar.com\/avatar\/fb8a2c90771d8638e142bf824df5d65b3177e66998d527b1cf5a955a29b8458f?s=96&d=mm&r=g","url":"https:\/\/secure.gravatar.com\/avatar\/fb8a2c90771d8638e142bf824df5d65b3177e66998d527b1cf5a955a29b8458f?s=96&d=mm&r=g","contentUrl":"https:\/\/secure.gravatar.com\/avatar\/fb8a2c90771d8638e142bf824df5d65b3177e66998d527b1cf5a955a29b8458f?s=96&d=mm&r=g","caption":"Zbigniew Anio\u0142"},"url":"https:\/\/metropoliagzm.pl\/en\/author\/z-aniol\/"}]}},"_links":{"self":[{"href":"https:\/\/metropoliagzm.pl\/en\/wp-json\/wp\/v2\/posts\/11388","targetHints":{"allow":["GET"]}}],"collection":[{"href":"https:\/\/metropoliagzm.pl\/en\/wp-json\/wp\/v2\/posts"}],"about":[{"href":"https:\/\/metropoliagzm.pl\/en\/wp-json\/wp\/v2\/types\/post"}],"author":[{"embeddable":true,"href":"https:\/\/metropoliagzm.pl\/en\/wp-json\/wp\/v2\/users\/137"}],"replies":[{"embeddable":true,"href":"https:\/\/metropoliagzm.pl\/en\/wp-json\/wp\/v2\/comments?post=11388"}],"version-history":[{"count":3,"href":"https:\/\/metropoliagzm.pl\/en\/wp-json\/wp\/v2\/posts\/11388\/revisions"}],"predecessor-version":[{"id":12600,"href":"https:\/\/metropoliagzm.pl\/en\/wp-json\/wp\/v2\/posts\/11388\/revisions\/12600"}],"wp:featuredmedia":[{"embeddable":true,"href":"https:\/\/metropoliagzm.pl\/en\/wp-json\/wp\/v2\/media\/11389"}],"wp:attachment":[{"href":"https:\/\/metropoliagzm.pl\/en\/wp-json\/wp\/v2\/media?parent=11388"}],"wp:term":[{"taxonomy":"category","embeddable":true,"href":"https:\/\/metropoliagzm.pl\/en\/wp-json\/wp\/v2\/categories?post=11388"},{"taxonomy":"post_tag","embeddable":true,"href":"https:\/\/metropoliagzm.pl\/en\/wp-json\/wp\/v2\/tags?post=11388"}],"curies":[{"name":"wp","href":"https:\/\/api.w.org\/{rel}","templated":true}]}}