{"id":13826,"date":"2019-09-19T13:01:49","date_gmt":"2019-09-19T11:01:49","guid":{"rendered":"https:\/\/wpgzm.dev.euvic.pl\/?p=13826"},"modified":"2019-09-23T09:43:55","modified_gmt":"2019-09-23T07:43:55","slug":"bedzinskie-przedszkolaki-otrzymaly-list-od-krolowej-anglii","status":"publish","type":"post","link":"https:\/\/metropoliagzm.pl\/en\/2019\/09\/19\/bedzinskie-przedszkolaki-otrzymaly-list-od-krolowej-anglii\/","title":{"rendered":"B\u0119dzi\u0144skie przedszkolaki otrzyma\u0142y list od Kr\u00f3lowej Anglii!"},"content":{"rendered":"<div class=\"pdf-block\"><div class=\"pdfprnt-buttons  pdfprnt-new pdfprnt-buttons-post pdfprnt-top-right\"><div class=\"jssocials-share jssocials-share-twitter\"><a target=\"_blank\" href=\"https:\/\/twitter.com\/share?url=https:\/\/metropoliagzm.pl\/en\/wp-json\/wp\/v2\/posts\/13826;text=13826\" class=\"jssocials-share-link\"><i class=\"fa fa-twitter jssocials-share-logo\"><\/i><\/a><\/div><div class=\"jssocials-share jssocials-share-facebook\"><a target=\"_blank\" href=\"https:\/\/facebook.com\/sharer\/sharer.php?u=https:\/\/metropoliagzm.pl\/en\/wp-json\/wp\/v2\/posts\/13826\" class=\"jssocials-share-link\"><i class=\"fa fa-facebook jssocials-share-logo\"><\/i><\/a><\/div><div class=\"jssocials-share jssocials-share-pinterest\"><a target=\"_blank\" href=\"https:\/\/pinterest.com\/pin\/create\/bookmarklet\/?&amp;url=https:\/\/metropoliagzm.pl\/en\/wp-json\/wp\/v2\/posts\/13826;description=13826\" class=\"jssocials-share-link\"><i class=\"fa fa-pinterest jssocials-share-logo\"><\/i><\/a><\/div><a href=\"https:\/\/metropoliagzm.pl\/en\/wp-json\/wp\/v2\/posts\/13826?print=pdf\" class=\"pdfprnt-button pdfprnt-button-pdf\" target=\"_blank\"><img decoding=\"async\" src=\"https:\/\/metropoliagzm.pl\/wp-content\/plugins\/pdf-print\/images\/pdf.png\" alt=\"image_pdf\" title=\"View PDF\" \/><\/a><a href=\"https:\/\/metropoliagzm.pl\/en\/wp-json\/wp\/v2\/posts\/13826?print=print\" class=\"pdfprnt-button pdfprnt-button-print\" target=\"_blank\"><img decoding=\"async\" src=\"https:\/\/metropoliagzm.pl\/wp-content\/plugins\/pdf-print\/images\/print.png\" alt=\"image_print\" title=\"Print Content\" \/><\/a><\/div><\/div><div class=\"post-block-pdf\"><div class=\"pdfprnt-buttons pdfprnt-buttons-post pdfprnt-top-right\"><a href=\"https:\/\/metropoliagzm.pl\/en\/wp-json\/wp\/v2\/posts\/13826?print=pdf\" class=\"pdfprnt-button pdfprnt-button-pdf\" target=\"_blank\"><img decoding=\"async\" src=\"https:\/\/metropoliagzm.pl\/wp-content\/plugins\/pdf-print\/images\/pdf.png\" alt=\"image_pdf\" title=\"View PDF\" \/><\/a><a href=\"https:\/\/metropoliagzm.pl\/en\/wp-json\/wp\/v2\/posts\/13826?print=print\" class=\"pdfprnt-button pdfprnt-button-print\" target=\"_blank\"><img decoding=\"async\" src=\"https:\/\/metropoliagzm.pl\/wp-content\/plugins\/pdf-print\/images\/print.png\" alt=\"image_print\" title=\"Print Content\" \/><\/a><\/div>\n<h3 class=\"wp-block-heading\"><strong>W Przedszkolu Miejskim nr 13 w B\u0119dzinie mia\u0142o miejsce szczeg\u00f3lne wydarzenie. Dzieci z grupy Krasnoludki w ramach Tygodnia Brytyjskiego  postanowi\u0142y uczci\u0107 93 urodziny Kr\u00f3lowej Anglii \u2013 El\u017cbiety II.<\/strong><\/h3>\n\n\n\n<p><strong>Przedszkolaki z pomoc\u0105 nauczycieli wykona\u0142y prezent urodzinowy oraz  zredagowa\u0142y \u017cyczenia, kt\u00f3re zosta\u0142y wys\u0142ane do szacownej jubilatki.<\/strong><\/p>\n\n\n\n<p>Ku ich zaskoczeniu wkr\u00f3tce nadesz\u0142a odpowied\u017a z pa\u0142acu Buckingham.<\/p>\n\n\n\n<p>Monarchini podzi\u0119kowa\u0142a za \u017cyczenia i przepi\u0119knie wykonany album.<\/p>\n\n\n\n<p>Serdecznie pozdrowi\u0142a wszystkich wychowank\u00f3w i personel Przedszkola Miejskiego nr 13 im. Juliana Tuwima w B\u0119dzinie.<\/p>\n\n\n\n<p>Rado\u015b\u0107 naszych przedszkolak\u00f3w nie mia\u0142a ko\u0144ca\u2026<\/p>\n\n\n\n<ul class=\"wp-block-gallery columns-1 is-cropped wp-block-gallery-1 is-layout-flex wp-block-gallery-is-layout-flex\"><li class=\"blocks-gallery-item\"><figure><img loading=\"lazy\" decoding=\"async\" width=\"768\" height=\"1024\" src=\"https:\/\/metropoliagzm.pl\/wp-content\/uploads\/2019\/09\/IMG_20190522_112930-1-768x1024.jpg\" alt=\"Dwie dziewczynki wykonuj\u0105ce kartk\u0119 urodzinow\u0105\" data-id=\"13829\" data-link=\"https:\/\/metropoliagzm.pl\/?attachment_id=13829\" class=\"wp-image-13829\" srcset=\"https:\/\/metropoliagzm.pl\/wp-content\/uploads\/2019\/09\/IMG_20190522_112930-1-768x1024.jpg 768w, https:\/\/metropoliagzm.pl\/wp-content\/uploads\/2019\/09\/IMG_20190522_112930-1-225x300.jpg 225w, https:\/\/metropoliagzm.pl\/wp-content\/uploads\/2019\/09\/IMG_20190522_112930-1-110x147.jpg 110w, https:\/\/metropoliagzm.pl\/wp-content\/uploads\/2019\/09\/IMG_20190522_112930-1-585x780.jpg 585w\" sizes=\"auto, (max-width: 768px) 100vw, 768px\" \/><\/figure><\/li><\/ul>\n\n\n\n<ul class=\"wp-block-gallery columns-0 is-cropped wp-block-gallery-2 is-layout-flex wp-block-gallery-is-layout-flex\"><\/ul>\n<div class=\"post-author\" style=\"font-size:13px\">bedzin<\/div><\/div>","protected":false},"excerpt":{"rendered":"<p>W Przedszkolu Miejskim nr 13 w B\u0119dzinie mia\u0142o miejsce szczeg\u00f3lne wydarzenie. Dzieci z grupy Krasnoludki w ramach Tygodnia Brytyjskiego postanowi\u0142y uczci\u0107 93 urodziny Kr\u00f3lowej Anglii \u2013 El\u017cbiety II. Przedszkolaki z pomoc\u0105 nauczycieli wykona\u0142y prezent urodzinowy oraz zredagowa\u0142y \u017cyczenia, kt\u00f3re zosta\u0142y wys\u0142ane do szacownej jubilatki. Ku&#8230;<\/p>","protected":false},"author":89,"featured_media":13828,"comment_status":"closed","ping_status":"closed","sticky":false,"template":"","format":"standard","meta":{"_acf_changed":false,"footnotes":""},"categories":[195],"tags":[565,659,1322],"class_list":["post-13826","post","type-post","status-publish","format-standard","has-post-thumbnail","hentry","category-bedzin","tag-edukacja","tag-przedszkole","tag-zagranica"],"acf":[],"yoast_head":"<!-- This site is optimized with the Yoast SEO plugin v27.4 - https:\/\/yoast.com\/product\/yoast-seo-wordpress\/ -->\n<title>B\u0119dzi\u0144skie przedszkolaki otrzyma\u0142y list od Kr\u00f3lowej Anglii! - Metropolia GZM<\/title>\n<meta name=\"description\" content=\"Oficjalny portal G\u00f3rno\u015bl\u0105sko-Zag\u0142\u0119biowskiej Metropolii\" \/>\n<meta name=\"robots\" content=\"index, follow, max-snippet:-1, max-image-preview:large, max-video-preview:-1\" \/>\n<link rel=\"canonical\" href=\"https:\/\/metropoliagzm.pl\/en\/2019\/09\/19\/bedzinskie-przedszkolaki-otrzymaly-list-od-krolowej-anglii\/\" \/>\n<meta name=\"twitter:card\" content=\"summary_large_image\" \/>\n<meta name=\"twitter:title\" content=\"B\u0119dzi\u0144skie przedszkolaki otrzyma\u0142y list od Kr\u00f3lowej Anglii! - Metropolia GZM\" \/>\n<meta name=\"twitter:description\" content=\"Oficjalny portal G\u00f3rno\u015bl\u0105sko-Zag\u0142\u0119biowskiej Metropolii\" \/>\n<meta name=\"twitter:image\" content=\"https:\/\/metropoliagzm.pl\/wp-content\/uploads\/2019\/09\/przedszkolaki.jpg\" \/>\n<meta name=\"twitter:label1\" content=\"Written by\" \/>\n\t<meta name=\"twitter:data1\" content=\"bedzin\" \/>\n\t<meta name=\"twitter:label2\" content=\"Estimated reading time\" \/>\n\t<meta name=\"twitter:data2\" content=\"1 minute\" \/>\n<script type=\"application\/ld+json\" class=\"yoast-schema-graph\">{\"@context\":\"https:\\\/\\\/schema.org\",\"@graph\":[{\"@type\":\"Article\",\"@id\":\"https:\\\/\\\/metropoliagzm.pl\\\/en\\\/2019\\\/09\\\/19\\\/bedzinskie-przedszkolaki-otrzymaly-list-od-krolowej-anglii\\\/#article\",\"isPartOf\":{\"@id\":\"https:\\\/\\\/metropoliagzm.pl\\\/en\\\/2019\\\/09\\\/19\\\/bedzinskie-przedszkolaki-otrzymaly-list-od-krolowej-anglii\\\/\"},\"author\":{\"name\":\"bedzin\",\"@id\":\"https:\\\/\\\/metropoliagzm.pl\\\/en\\\/#\\\/schema\\\/person\\\/599062022efc27bc163c01eab0f580f4\"},\"headline\":\"B\u0119dzi\u0144skie przedszkolaki otrzyma\u0142y list od Kr\u00f3lowej Anglii!\",\"datePublished\":\"2019-09-19T11:01:49+00:00\",\"dateModified\":\"2019-09-23T07:43:55+00:00\",\"mainEntityOfPage\":{\"@id\":\"https:\\\/\\\/metropoliagzm.pl\\\/en\\\/2019\\\/09\\\/19\\\/bedzinskie-przedszkolaki-otrzymaly-list-od-krolowej-anglii\\\/\"},\"wordCount\":112,\"publisher\":{\"@id\":\"https:\\\/\\\/metropoliagzm.pl\\\/en\\\/#organization\"},\"image\":{\"@id\":\"https:\\\/\\\/metropoliagzm.pl\\\/en\\\/2019\\\/09\\\/19\\\/bedzinskie-przedszkolaki-otrzymaly-list-od-krolowej-anglii\\\/#primaryimage\"},\"thumbnailUrl\":\"https:\\\/\\\/metropoliagzm.pl\\\/wp-content\\\/uploads\\\/2019\\\/09\\\/przedszkolaki.jpg\",\"keywords\":[\"edukacja\",\"przedszkole\",\"zagranica\"],\"articleSection\":[\"B\u0119dzin\"],\"inLanguage\":\"en-GB\"},{\"@type\":\"WebPage\",\"@id\":\"https:\\\/\\\/metropoliagzm.pl\\\/en\\\/2019\\\/09\\\/19\\\/bedzinskie-przedszkolaki-otrzymaly-list-od-krolowej-anglii\\\/\",\"url\":\"https:\\\/\\\/metropoliagzm.pl\\\/en\\\/2019\\\/09\\\/19\\\/bedzinskie-przedszkolaki-otrzymaly-list-od-krolowej-anglii\\\/\",\"name\":\"B\u0119dzi\u0144skie przedszkolaki otrzyma\u0142y list od Kr\u00f3lowej Anglii! - Metropolia GZM\",\"isPartOf\":{\"@id\":\"https:\\\/\\\/metropoliagzm.pl\\\/en\\\/#website\"},\"primaryImageOfPage\":{\"@id\":\"https:\\\/\\\/metropoliagzm.pl\\\/en\\\/2019\\\/09\\\/19\\\/bedzinskie-przedszkolaki-otrzymaly-list-od-krolowej-anglii\\\/#primaryimage\"},\"image\":{\"@id\":\"https:\\\/\\\/metropoliagzm.pl\\\/en\\\/2019\\\/09\\\/19\\\/bedzinskie-przedszkolaki-otrzymaly-list-od-krolowej-anglii\\\/#primaryimage\"},\"thumbnailUrl\":\"https:\\\/\\\/metropoliagzm.pl\\\/wp-content\\\/uploads\\\/2019\\\/09\\\/przedszkolaki.jpg\",\"datePublished\":\"2019-09-19T11:01:49+00:00\",\"dateModified\":\"2019-09-23T07:43:55+00:00\",\"description\":\"Oficjalny portal G\u00f3rno\u015bl\u0105sko-Zag\u0142\u0119biowskiej Metropolii\",\"breadcrumb\":{\"@id\":\"https:\\\/\\\/metropoliagzm.pl\\\/en\\\/2019\\\/09\\\/19\\\/bedzinskie-przedszkolaki-otrzymaly-list-od-krolowej-anglii\\\/#breadcrumb\"},\"inLanguage\":\"en-GB\",\"potentialAction\":[{\"@type\":\"ReadAction\",\"target\":[\"https:\\\/\\\/metropoliagzm.pl\\\/en\\\/2019\\\/09\\\/19\\\/bedzinskie-przedszkolaki-otrzymaly-list-od-krolowej-anglii\\\/\"]}]},{\"@type\":\"ImageObject\",\"inLanguage\":\"en-GB\",\"@id\":\"https:\\\/\\\/metropoliagzm.pl\\\/en\\\/2019\\\/09\\\/19\\\/bedzinskie-przedszkolaki-otrzymaly-list-od-krolowej-anglii\\\/#primaryimage\",\"url\":\"https:\\\/\\\/metropoliagzm.pl\\\/wp-content\\\/uploads\\\/2019\\\/09\\\/przedszkolaki.jpg\",\"contentUrl\":\"https:\\\/\\\/metropoliagzm.pl\\\/wp-content\\\/uploads\\\/2019\\\/09\\\/przedszkolaki.jpg\",\"width\":4608,\"height\":3456,\"caption\":\"Zdj\u0119cie grupowe przedszkolak\u00f3w\"},{\"@type\":\"BreadcrumbList\",\"@id\":\"https:\\\/\\\/metropoliagzm.pl\\\/en\\\/2019\\\/09\\\/19\\\/bedzinskie-przedszkolaki-otrzymaly-list-od-krolowej-anglii\\\/#breadcrumb\",\"itemListElement\":[{\"@type\":\"ListItem\",\"position\":1,\"name\":\"Strona g\u0142\u00f3wna\",\"item\":\"https:\\\/\\\/metropoliagzm.pl\\\/\"},{\"@type\":\"ListItem\",\"position\":2,\"name\":\"B\u0119dzi\u0144skie przedszkolaki otrzyma\u0142y list od Kr\u00f3lowej Anglii!\"}]},{\"@type\":\"WebSite\",\"@id\":\"https:\\\/\\\/metropoliagzm.pl\\\/en\\\/#website\",\"url\":\"https:\\\/\\\/metropoliagzm.pl\\\/en\\\/\",\"name\":\"Metropolia GZM\",\"description\":\"Oficjalny portal G\u00f3rno\u015bl\u0105sko-Zag\u0142\u0119biowskiej Metropolii\",\"publisher\":{\"@id\":\"https:\\\/\\\/metropoliagzm.pl\\\/en\\\/#organization\"},\"potentialAction\":[{\"@type\":\"SearchAction\",\"target\":{\"@type\":\"EntryPoint\",\"urlTemplate\":\"https:\\\/\\\/metropoliagzm.pl\\\/en\\\/?s={search_term_string}\"},\"query-input\":{\"@type\":\"PropertyValueSpecification\",\"valueRequired\":true,\"valueName\":\"search_term_string\"}}],\"inLanguage\":\"en-GB\"},{\"@type\":\"Organization\",\"@id\":\"https:\\\/\\\/metropoliagzm.pl\\\/en\\\/#organization\",\"name\":\"Metropolia GZM\",\"url\":\"https:\\\/\\\/metropoliagzm.pl\\\/en\\\/\",\"logo\":{\"@type\":\"ImageObject\",\"inLanguage\":\"en-GB\",\"@id\":\"https:\\\/\\\/metropoliagzm.pl\\\/en\\\/#\\\/schema\\\/logo\\\/image\\\/\",\"url\":\"https:\\\/\\\/metropoliagzm.pl\\\/wp-content\\\/uploads\\\/2019\\\/03\\\/Sygnet-strona-glowna.png\",\"contentUrl\":\"https:\\\/\\\/metropoliagzm.pl\\\/wp-content\\\/uploads\\\/2019\\\/03\\\/Sygnet-strona-glowna.png\",\"width\":36,\"height\":45,\"caption\":\"Metropolia GZM\"},\"image\":{\"@id\":\"https:\\\/\\\/metropoliagzm.pl\\\/en\\\/#\\\/schema\\\/logo\\\/image\\\/\"}},{\"@type\":\"Person\",\"@id\":\"https:\\\/\\\/metropoliagzm.pl\\\/en\\\/#\\\/schema\\\/person\\\/599062022efc27bc163c01eab0f580f4\",\"name\":\"bedzin\",\"image\":{\"@type\":\"ImageObject\",\"inLanguage\":\"en-GB\",\"@id\":\"https:\\\/\\\/secure.gravatar.com\\\/avatar\\\/75c082b0163b502467aeea82d3bdeee648c5fc0d2e30b7d36c9b159884482fe2?s=96&d=mm&r=g\",\"url\":\"https:\\\/\\\/secure.gravatar.com\\\/avatar\\\/75c082b0163b502467aeea82d3bdeee648c5fc0d2e30b7d36c9b159884482fe2?s=96&d=mm&r=g\",\"contentUrl\":\"https:\\\/\\\/secure.gravatar.com\\\/avatar\\\/75c082b0163b502467aeea82d3bdeee648c5fc0d2e30b7d36c9b159884482fe2?s=96&d=mm&r=g\",\"caption\":\"bedzin\"},\"sameAs\":[\"http:\\\/\\\/www.bedzin.pl\"],\"url\":\"https:\\\/\\\/metropoliagzm.pl\\\/en\\\/author\\\/bedzin\\\/\"}]}<\/script>\n<!-- \/ Yoast SEO plugin. -->","yoast_head_json":{"title":"B\u0119dzi\u0144skie przedszkolaki otrzyma\u0142y list od Kr\u00f3lowej Anglii! - Metropolia GZM","description":"Oficjalny portal G\u00f3rno\u015bl\u0105sko-Zag\u0142\u0119biowskiej Metropolii","robots":{"index":"index","follow":"follow","max-snippet":"max-snippet:-1","max-image-preview":"max-image-preview:large","max-video-preview":"max-video-preview:-1"},"canonical":"https:\/\/metropoliagzm.pl\/en\/2019\/09\/19\/bedzinskie-przedszkolaki-otrzymaly-list-od-krolowej-anglii\/","twitter_card":"summary_large_image","twitter_title":"B\u0119dzi\u0144skie przedszkolaki otrzyma\u0142y list od Kr\u00f3lowej Anglii! - Metropolia GZM","twitter_description":"Oficjalny portal G\u00f3rno\u015bl\u0105sko-Zag\u0142\u0119biowskiej Metropolii","twitter_image":"https:\/\/metropoliagzm.pl\/wp-content\/uploads\/2019\/09\/przedszkolaki.jpg","twitter_misc":{"Written by":"bedzin","Estimated reading time":"1 minute"},"schema":{"@context":"https:\/\/schema.org","@graph":[{"@type":"Article","@id":"https:\/\/metropoliagzm.pl\/en\/2019\/09\/19\/bedzinskie-przedszkolaki-otrzymaly-list-od-krolowej-anglii\/#article","isPartOf":{"@id":"https:\/\/metropoliagzm.pl\/en\/2019\/09\/19\/bedzinskie-przedszkolaki-otrzymaly-list-od-krolowej-anglii\/"},"author":{"name":"bedzin","@id":"https:\/\/metropoliagzm.pl\/en\/#\/schema\/person\/599062022efc27bc163c01eab0f580f4"},"headline":"B\u0119dzi\u0144skie przedszkolaki otrzyma\u0142y list od Kr\u00f3lowej Anglii!","datePublished":"2019-09-19T11:01:49+00:00","dateModified":"2019-09-23T07:43:55+00:00","mainEntityOfPage":{"@id":"https:\/\/metropoliagzm.pl\/en\/2019\/09\/19\/bedzinskie-przedszkolaki-otrzymaly-list-od-krolowej-anglii\/"},"wordCount":112,"publisher":{"@id":"https:\/\/metropoliagzm.pl\/en\/#organization"},"image":{"@id":"https:\/\/metropoliagzm.pl\/en\/2019\/09\/19\/bedzinskie-przedszkolaki-otrzymaly-list-od-krolowej-anglii\/#primaryimage"},"thumbnailUrl":"https:\/\/metropoliagzm.pl\/wp-content\/uploads\/2019\/09\/przedszkolaki.jpg","keywords":["edukacja","przedszkole","zagranica"],"articleSection":["B\u0119dzin"],"inLanguage":"en-GB"},{"@type":"WebPage","@id":"https:\/\/metropoliagzm.pl\/en\/2019\/09\/19\/bedzinskie-przedszkolaki-otrzymaly-list-od-krolowej-anglii\/","url":"https:\/\/metropoliagzm.pl\/en\/2019\/09\/19\/bedzinskie-przedszkolaki-otrzymaly-list-od-krolowej-anglii\/","name":"B\u0119dzi\u0144skie przedszkolaki otrzyma\u0142y list od Kr\u00f3lowej Anglii! - Metropolia GZM","isPartOf":{"@id":"https:\/\/metropoliagzm.pl\/en\/#website"},"primaryImageOfPage":{"@id":"https:\/\/metropoliagzm.pl\/en\/2019\/09\/19\/bedzinskie-przedszkolaki-otrzymaly-list-od-krolowej-anglii\/#primaryimage"},"image":{"@id":"https:\/\/metropoliagzm.pl\/en\/2019\/09\/19\/bedzinskie-przedszkolaki-otrzymaly-list-od-krolowej-anglii\/#primaryimage"},"thumbnailUrl":"https:\/\/metropoliagzm.pl\/wp-content\/uploads\/2019\/09\/przedszkolaki.jpg","datePublished":"2019-09-19T11:01:49+00:00","dateModified":"2019-09-23T07:43:55+00:00","description":"Oficjalny portal G\u00f3rno\u015bl\u0105sko-Zag\u0142\u0119biowskiej Metropolii","breadcrumb":{"@id":"https:\/\/metropoliagzm.pl\/en\/2019\/09\/19\/bedzinskie-przedszkolaki-otrzymaly-list-od-krolowej-anglii\/#breadcrumb"},"inLanguage":"en-GB","potentialAction":[{"@type":"ReadAction","target":["https:\/\/metropoliagzm.pl\/en\/2019\/09\/19\/bedzinskie-przedszkolaki-otrzymaly-list-od-krolowej-anglii\/"]}]},{"@type":"ImageObject","inLanguage":"en-GB","@id":"https:\/\/metropoliagzm.pl\/en\/2019\/09\/19\/bedzinskie-przedszkolaki-otrzymaly-list-od-krolowej-anglii\/#primaryimage","url":"https:\/\/metropoliagzm.pl\/wp-content\/uploads\/2019\/09\/przedszkolaki.jpg","contentUrl":"https:\/\/metropoliagzm.pl\/wp-content\/uploads\/2019\/09\/przedszkolaki.jpg","width":4608,"height":3456,"caption":"Zdj\u0119cie grupowe przedszkolak\u00f3w"},{"@type":"BreadcrumbList","@id":"https:\/\/metropoliagzm.pl\/en\/2019\/09\/19\/bedzinskie-przedszkolaki-otrzymaly-list-od-krolowej-anglii\/#breadcrumb","itemListElement":[{"@type":"ListItem","position":1,"name":"Strona g\u0142\u00f3wna","item":"https:\/\/metropoliagzm.pl\/"},{"@type":"ListItem","position":2,"name":"B\u0119dzi\u0144skie przedszkolaki otrzyma\u0142y list od Kr\u00f3lowej Anglii!"}]},{"@type":"WebSite","@id":"https:\/\/metropoliagzm.pl\/en\/#website","url":"https:\/\/metropoliagzm.pl\/en\/","name":"Metropolia GZM","description":"Oficjalny portal G\u00f3rno\u015bl\u0105sko-Zag\u0142\u0119biowskiej Metropolii","publisher":{"@id":"https:\/\/metropoliagzm.pl\/en\/#organization"},"potentialAction":[{"@type":"SearchAction","target":{"@type":"EntryPoint","urlTemplate":"https:\/\/metropoliagzm.pl\/en\/?s={search_term_string}"},"query-input":{"@type":"PropertyValueSpecification","valueRequired":true,"valueName":"search_term_string"}}],"inLanguage":"en-GB"},{"@type":"Organization","@id":"https:\/\/metropoliagzm.pl\/en\/#organization","name":"Metropolia GZM","url":"https:\/\/metropoliagzm.pl\/en\/","logo":{"@type":"ImageObject","inLanguage":"en-GB","@id":"https:\/\/metropoliagzm.pl\/en\/#\/schema\/logo\/image\/","url":"https:\/\/metropoliagzm.pl\/wp-content\/uploads\/2019\/03\/Sygnet-strona-glowna.png","contentUrl":"https:\/\/metropoliagzm.pl\/wp-content\/uploads\/2019\/03\/Sygnet-strona-glowna.png","width":36,"height":45,"caption":"Metropolia GZM"},"image":{"@id":"https:\/\/metropoliagzm.pl\/en\/#\/schema\/logo\/image\/"}},{"@type":"Person","@id":"https:\/\/metropoliagzm.pl\/en\/#\/schema\/person\/599062022efc27bc163c01eab0f580f4","name":"bedzin","image":{"@type":"ImageObject","inLanguage":"en-GB","@id":"https:\/\/secure.gravatar.com\/avatar\/75c082b0163b502467aeea82d3bdeee648c5fc0d2e30b7d36c9b159884482fe2?s=96&d=mm&r=g","url":"https:\/\/secure.gravatar.com\/avatar\/75c082b0163b502467aeea82d3bdeee648c5fc0d2e30b7d36c9b159884482fe2?s=96&d=mm&r=g","contentUrl":"https:\/\/secure.gravatar.com\/avatar\/75c082b0163b502467aeea82d3bdeee648c5fc0d2e30b7d36c9b159884482fe2?s=96&d=mm&r=g","caption":"bedzin"},"sameAs":["http:\/\/www.bedzin.pl"],"url":"https:\/\/metropoliagzm.pl\/en\/author\/bedzin\/"}]}},"_links":{"self":[{"href":"https:\/\/metropoliagzm.pl\/en\/wp-json\/wp\/v2\/posts\/13826","targetHints":{"allow":["GET"]}}],"collection":[{"href":"https:\/\/metropoliagzm.pl\/en\/wp-json\/wp\/v2\/posts"}],"about":[{"href":"https:\/\/metropoliagzm.pl\/en\/wp-json\/wp\/v2\/types\/post"}],"author":[{"embeddable":true,"href":"https:\/\/metropoliagzm.pl\/en\/wp-json\/wp\/v2\/users\/89"}],"replies":[{"embeddable":true,"href":"https:\/\/metropoliagzm.pl\/en\/wp-json\/wp\/v2\/comments?post=13826"}],"version-history":[{"count":3,"href":"https:\/\/metropoliagzm.pl\/en\/wp-json\/wp\/v2\/posts\/13826\/revisions"}],"predecessor-version":[{"id":13846,"href":"https:\/\/metropoliagzm.pl\/en\/wp-json\/wp\/v2\/posts\/13826\/revisions\/13846"}],"wp:featuredmedia":[{"embeddable":true,"href":"https:\/\/metropoliagzm.pl\/en\/wp-json\/wp\/v2\/media\/13828"}],"wp:attachment":[{"href":"https:\/\/metropoliagzm.pl\/en\/wp-json\/wp\/v2\/media?parent=13826"}],"wp:term":[{"taxonomy":"category","embeddable":true,"href":"https:\/\/metropoliagzm.pl\/en\/wp-json\/wp\/v2\/categories?post=13826"},{"taxonomy":"post_tag","embeddable":true,"href":"https:\/\/metropoliagzm.pl\/en\/wp-json\/wp\/v2\/tags?post=13826"}],"curies":[{"name":"wp","href":"https:\/\/api.w.org\/{rel}","templated":true}]}}