{"id":14123,"date":"2019-09-26T13:59:31","date_gmt":"2019-09-26T11:59:31","guid":{"rendered":"https:\/\/wpgzm.dev.euvic.pl\/?p=14123"},"modified":"2019-09-26T13:59:31","modified_gmt":"2019-09-26T11:59:31","slug":"czarnoksieznik-z-krainy-oz","status":"publish","type":"post","link":"https:\/\/metropoliagzm.pl\/en\/2019\/09\/26\/czarnoksieznik-z-krainy-oz\/","title":{"rendered":"Czarnoksi\u0119\u017cnik z krainy Oz"},"content":{"rendered":"<div class=\"pdf-block\"><div class=\"pdfprnt-buttons  pdfprnt-new pdfprnt-buttons-post pdfprnt-top-right\"><div class=\"jssocials-share jssocials-share-twitter\"><a target=\"_blank\" href=\"https:\/\/twitter.com\/share?url=https:\/\/metropoliagzm.pl\/en\/wp-json\/wp\/v2\/posts\/14123;text=14123\" class=\"jssocials-share-link\"><i class=\"fa fa-twitter jssocials-share-logo\"><\/i><\/a><\/div><div class=\"jssocials-share jssocials-share-facebook\"><a target=\"_blank\" href=\"https:\/\/facebook.com\/sharer\/sharer.php?u=https:\/\/metropoliagzm.pl\/en\/wp-json\/wp\/v2\/posts\/14123\" class=\"jssocials-share-link\"><i class=\"fa fa-facebook jssocials-share-logo\"><\/i><\/a><\/div><div class=\"jssocials-share jssocials-share-pinterest\"><a target=\"_blank\" href=\"https:\/\/pinterest.com\/pin\/create\/bookmarklet\/?&amp;url=https:\/\/metropoliagzm.pl\/en\/wp-json\/wp\/v2\/posts\/14123;description=14123\" class=\"jssocials-share-link\"><i class=\"fa fa-pinterest jssocials-share-logo\"><\/i><\/a><\/div><a href=\"https:\/\/metropoliagzm.pl\/en\/wp-json\/wp\/v2\/posts\/14123?print=pdf\" class=\"pdfprnt-button pdfprnt-button-pdf\" target=\"_blank\"><img decoding=\"async\" src=\"https:\/\/metropoliagzm.pl\/wp-content\/plugins\/pdf-print\/images\/pdf.png\" alt=\"image_pdf\" title=\"View PDF\" \/><\/a><a href=\"https:\/\/metropoliagzm.pl\/en\/wp-json\/wp\/v2\/posts\/14123?print=print\" class=\"pdfprnt-button pdfprnt-button-print\" target=\"_blank\"><img decoding=\"async\" src=\"https:\/\/metropoliagzm.pl\/wp-content\/plugins\/pdf-print\/images\/print.png\" alt=\"image_print\" title=\"Print Content\" \/><\/a><\/div><\/div><div class=\"post-block-pdf\"><div class=\"pdfprnt-buttons pdfprnt-buttons-post pdfprnt-top-right\"><a href=\"https:\/\/metropoliagzm.pl\/en\/wp-json\/wp\/v2\/posts\/14123?print=pdf\" class=\"pdfprnt-button pdfprnt-button-pdf\" target=\"_blank\"><img decoding=\"async\" src=\"https:\/\/metropoliagzm.pl\/wp-content\/plugins\/pdf-print\/images\/pdf.png\" alt=\"image_pdf\" title=\"View PDF\" \/><\/a><a href=\"https:\/\/metropoliagzm.pl\/en\/wp-json\/wp\/v2\/posts\/14123?print=print\" class=\"pdfprnt-button pdfprnt-button-print\" target=\"_blank\"><img decoding=\"async\" src=\"https:\/\/metropoliagzm.pl\/wp-content\/plugins\/pdf-print\/images\/print.png\" alt=\"image_print\" title=\"Print Content\" \/><\/a><\/div>\n<p><strong>W \u015brod\u0119, 2 pa\u017adziernika o godz. 17.00 w Domu Kultury w Rudzie \u015al\u0105skiej Bielszowicach odb\u0119dzie si\u0119 wyj\u0105tkowy spektakl. \u201eCzarnoksi\u0119\u017cnika z krainy Oz\u201d zaprezentuje grupa Jadesta, kt\u00f3r\u0105 tworz\u0105 m.in. urz\u0119dnicy rudzkiego magistratu. Bilety w cenie 10 z\u0142otych mo\u017cna naby\u0107 w siedzibie DK,  a doch\u00f3d zostanie przeznaczony na dzia\u0142ania dedykowane dzieciom i m\u0142odzie\u017cy.<\/strong><\/p>\n\n\n\n<p>&#8211; Spektakl odtwarza przygody Dorotki oraz jej przyjaci\u00f3\u0142 w \u015bwiecie czarnoksi\u0119\u017cnika z krainy Oz \u2013 m\u00f3wi S\u0142awomir \u017burawski z grupy Jadesta. \u2013 Jest to swoista opowie\u015b\u0107 o przyja\u017ani, mi\u0142o\u015bci, pokonywaniu w\u0142asnych s\u0142abo\u015bci i d\u0105\u017ceniu do celu. Jestem przekonany, \u017ce ta historia zaintryguje nie tylko dzieci \u2013 dodaje.<\/p>\n\n\n\n<p>Scenariusz napisa\u0142a Teresa Jonas, kt\u00f3ra r\u00f3wnie\u017c wyre\u017cyserowa\u0142a przedstawienie. Warto podkre\u015bli\u0107, \u017ce w spektaklu prezentowane s\u0105 piosenki autorstwa cz\u0142onk\u00f3w grupy. Wykorzystano r\u00f3wnie\u017c elementy audiowizualne. Premiera odby\u0142a si\u0119 w maju tego roku i spotka\u0142a si\u0119 z ciep\u0142ym przyj\u0119ciem publiczno\u015bci.<\/p>\n\n\n\n<p>Grupa Jadesta powsta\u0142a w ubieg\u0142ym roku i dzia\u0142a pod kierownictwem Teresy Jonas. Tworz\u0105 j\u0105: Anna Boruta, Justyna Jajszczok, Daniel Nowok, El\u017cbieta Wierzbicka, S\u0142awomir \u017burawski, Teresa Jonas oraz Agnieszka Tetkowska, kt\u00f3ra gra g\u0142\u00f3wn\u0105 rol\u0119. Ostatnio do grupy do\u0142\u0105czy\u0142a Iwona Kaczmarek.<\/p>\n\n\n\n<p>\u2013 Przygotowany przez nas spektakl to nowa ods\u0142ona naszych dzia\u0142a\u0144 artystycznych, kt\u00f3re przedstawili\u015bmy szerszej publiczno\u015bci podczas koncertu charytatywnego \u2013 m\u00f3wi Anna Boruta.  W przedstawieniu wyst\u0119puj\u0105 r\u00f3wnie\u017c aktorzy Teatru \u201eMoklandia\u201d oraz Agata \u017burawska z Teatru \u201eSzarada\u201d.<\/p>\n\n\n\n<p>Przygotowujemy ju\u017c kolejne projekty teatralne, m.in. klechd\u0119 domow\u0105 o \u015bl\u0105skim skarbniku \u201e\u017babi pacho\u0142\u201d, kt\u00f3ra jest inscenizacj\u0105 opowie\u015bci Kornelii Dobkiewiczowej o tym samym tytule oraz musicalow\u0105 wersj\u0119 \u201eDon Kichota\u201d \u2013 m\u00f3wi Agnieszka Tetkowska.<\/p>\n\n\n\n<p>\u201eCzarnoksi\u0119\u017cnik z krainy Oz\u201d to powie\u015b\u0107 dla dzieci, kt\u00f3r\u0105 napisa\u0142 Lyman Frank Baum. Opowiada o mieszkaj\u0105cej na ameryka\u0144skiej prerii dziewczynce, kt\u00f3ra nie ma rodzic\u00f3w i mieszka u wujostwa. Po tym, jak dom zostaje porwany przez tornado, Dorotka musi pokona\u0107 dalek\u0105 drog\u0119, by wr\u00f3ci\u0107 do domu. Po raz pierwszy zosta\u0142a wydana w 1900 roku, a ju\u017c dwa lata p\u00f3\u017aniej zosta\u0142a przedstawiona na scenie. By\u0142a wielokrotnie ekranizowana. Pierwsze polskie wydanie ksi\u0105\u017cki ukaza\u0142o si\u0119 w 1961 roku.<\/p>\n<div class=\"post-author\" style=\"font-size:13px\">ruda<\/div><\/div>","protected":false},"excerpt":{"rendered":"<p>W \u015brod\u0119, 2 pa\u017adziernika o godz. 17.00 w Domu Kultury w Rudzie \u015al\u0105skiej Bielszowicach odb\u0119dzie si\u0119 wyj\u0105tkowy spektakl. \u201eCzarnoksi\u0119\u017cnika z krainy Oz\u201d zaprezentuje grupa Jadesta, kt\u00f3r\u0105 tworz\u0105 m.in. urz\u0119dnicy rudzkiego magistratu. Bilety w cenie 10 z\u0142otych mo\u017cna naby\u0107 w siedzibie DK, a doch\u00f3d zostanie przeznaczony&#8230;<\/p>","protected":false},"author":115,"featured_media":14124,"comment_status":"closed","ping_status":"closed","sticky":false,"template":"","format":"standard","meta":{"_acf_changed":false,"footnotes":""},"categories":[241,221],"tags":[1420,1419,1418,1416,1415,1417],"class_list":["post-14123","post","type-post","status-publish","format-standard","has-post-thumbnail","hentry","category-kultura","category-ruda-slaska","tag-dom-kultury-bielszowice","tag-dom-kultury-ruda-slaska","tag-grupa-jadesta","tag-przedstawienie","tag-spektakl","tag-teatr-moklandia"],"acf":[],"yoast_head":"<!-- This site is optimized with the Yoast SEO plugin v27.4 - https:\/\/yoast.com\/product\/yoast-seo-wordpress\/ -->\n<title>Czarnoksi\u0119\u017cnik z krainy Oz - Metropolia GZM<\/title>\n<meta name=\"description\" content=\"Oficjalny portal G\u00f3rno\u015bl\u0105sko-Zag\u0142\u0119biowskiej Metropolii\" \/>\n<meta name=\"robots\" content=\"index, follow, max-snippet:-1, max-image-preview:large, max-video-preview:-1\" \/>\n<link rel=\"canonical\" href=\"https:\/\/metropoliagzm.pl\/en\/2019\/09\/26\/czarnoksieznik-z-krainy-oz\/\" \/>\n<meta name=\"twitter:card\" content=\"summary_large_image\" \/>\n<meta name=\"twitter:title\" content=\"Czarnoksi\u0119\u017cnik z krainy Oz - Metropolia GZM\" \/>\n<meta name=\"twitter:description\" content=\"Oficjalny portal G\u00f3rno\u015bl\u0105sko-Zag\u0142\u0119biowskiej Metropolii\" \/>\n<meta name=\"twitter:image\" content=\"https:\/\/metropoliagzm.pl\/wp-content\/uploads\/2019\/09\/jadesta_oz.jpg\" \/>\n<meta name=\"twitter:label1\" content=\"Written by\" \/>\n\t<meta name=\"twitter:data1\" content=\"ruda\" \/>\n\t<meta name=\"twitter:label2\" content=\"Estimated reading time\" \/>\n\t<meta name=\"twitter:data2\" content=\"2 minutes\" \/>\n<script type=\"application\/ld+json\" class=\"yoast-schema-graph\">{\"@context\":\"https:\\\/\\\/schema.org\",\"@graph\":[{\"@type\":\"Article\",\"@id\":\"https:\\\/\\\/metropoliagzm.pl\\\/2019\\\/09\\\/26\\\/czarnoksieznik-z-krainy-oz\\\/#article\",\"isPartOf\":{\"@id\":\"https:\\\/\\\/metropoliagzm.pl\\\/2019\\\/09\\\/26\\\/czarnoksieznik-z-krainy-oz\\\/\"},\"author\":{\"name\":\"ruda\",\"@id\":\"https:\\\/\\\/metropoliagzm.pl\\\/en\\\/#\\\/schema\\\/person\\\/54bd62a238d9b544d0e5f308c928abc1\"},\"headline\":\"Czarnoksi\u0119\u017cnik z krainy Oz\",\"datePublished\":\"2019-09-26T11:59:31+00:00\",\"mainEntityOfPage\":{\"@id\":\"https:\\\/\\\/metropoliagzm.pl\\\/2019\\\/09\\\/26\\\/czarnoksieznik-z-krainy-oz\\\/\"},\"wordCount\":382,\"publisher\":{\"@id\":\"https:\\\/\\\/metropoliagzm.pl\\\/en\\\/#organization\"},\"image\":{\"@id\":\"https:\\\/\\\/metropoliagzm.pl\\\/2019\\\/09\\\/26\\\/czarnoksieznik-z-krainy-oz\\\/#primaryimage\"},\"thumbnailUrl\":\"https:\\\/\\\/metropoliagzm.pl\\\/wp-content\\\/uploads\\\/2019\\\/09\\\/jadesta_oz.jpg\",\"keywords\":[\"dom kultury bielszowice\",\"dom kultury ruda \u015bl\u0105ska\",\"grupa jadesta\",\"przedstawienie\",\"spektakl\",\"teatr moklandia\"],\"articleSection\":[\"Kultura\",\"Ruda \u015al\u0105ska\"],\"inLanguage\":\"en-GB\"},{\"@type\":\"WebPage\",\"@id\":\"https:\\\/\\\/metropoliagzm.pl\\\/2019\\\/09\\\/26\\\/czarnoksieznik-z-krainy-oz\\\/\",\"url\":\"https:\\\/\\\/metropoliagzm.pl\\\/2019\\\/09\\\/26\\\/czarnoksieznik-z-krainy-oz\\\/\",\"name\":\"Czarnoksi\u0119\u017cnik z krainy Oz - Metropolia GZM\",\"isPartOf\":{\"@id\":\"https:\\\/\\\/metropoliagzm.pl\\\/en\\\/#website\"},\"primaryImageOfPage\":{\"@id\":\"https:\\\/\\\/metropoliagzm.pl\\\/2019\\\/09\\\/26\\\/czarnoksieznik-z-krainy-oz\\\/#primaryimage\"},\"image\":{\"@id\":\"https:\\\/\\\/metropoliagzm.pl\\\/2019\\\/09\\\/26\\\/czarnoksieznik-z-krainy-oz\\\/#primaryimage\"},\"thumbnailUrl\":\"https:\\\/\\\/metropoliagzm.pl\\\/wp-content\\\/uploads\\\/2019\\\/09\\\/jadesta_oz.jpg\",\"datePublished\":\"2019-09-26T11:59:31+00:00\",\"description\":\"Oficjalny portal G\u00f3rno\u015bl\u0105sko-Zag\u0142\u0119biowskiej Metropolii\",\"breadcrumb\":{\"@id\":\"https:\\\/\\\/metropoliagzm.pl\\\/2019\\\/09\\\/26\\\/czarnoksieznik-z-krainy-oz\\\/#breadcrumb\"},\"inLanguage\":\"en-GB\",\"potentialAction\":[{\"@type\":\"ReadAction\",\"target\":[\"https:\\\/\\\/metropoliagzm.pl\\\/2019\\\/09\\\/26\\\/czarnoksieznik-z-krainy-oz\\\/\"]}]},{\"@type\":\"ImageObject\",\"inLanguage\":\"en-GB\",\"@id\":\"https:\\\/\\\/metropoliagzm.pl\\\/2019\\\/09\\\/26\\\/czarnoksieznik-z-krainy-oz\\\/#primaryimage\",\"url\":\"https:\\\/\\\/metropoliagzm.pl\\\/wp-content\\\/uploads\\\/2019\\\/09\\\/jadesta_oz.jpg\",\"contentUrl\":\"https:\\\/\\\/metropoliagzm.pl\\\/wp-content\\\/uploads\\\/2019\\\/09\\\/jadesta_oz.jpg\",\"width\":743,\"height\":588},{\"@type\":\"BreadcrumbList\",\"@id\":\"https:\\\/\\\/metropoliagzm.pl\\\/2019\\\/09\\\/26\\\/czarnoksieznik-z-krainy-oz\\\/#breadcrumb\",\"itemListElement\":[{\"@type\":\"ListItem\",\"position\":1,\"name\":\"Strona g\u0142\u00f3wna\",\"item\":\"https:\\\/\\\/metropoliagzm.pl\\\/\"},{\"@type\":\"ListItem\",\"position\":2,\"name\":\"Czarnoksi\u0119\u017cnik z krainy Oz\"}]},{\"@type\":\"WebSite\",\"@id\":\"https:\\\/\\\/metropoliagzm.pl\\\/en\\\/#website\",\"url\":\"https:\\\/\\\/metropoliagzm.pl\\\/en\\\/\",\"name\":\"Metropolia GZM\",\"description\":\"Oficjalny portal G\u00f3rno\u015bl\u0105sko-Zag\u0142\u0119biowskiej Metropolii\",\"publisher\":{\"@id\":\"https:\\\/\\\/metropoliagzm.pl\\\/en\\\/#organization\"},\"potentialAction\":[{\"@type\":\"SearchAction\",\"target\":{\"@type\":\"EntryPoint\",\"urlTemplate\":\"https:\\\/\\\/metropoliagzm.pl\\\/en\\\/?s={search_term_string}\"},\"query-input\":{\"@type\":\"PropertyValueSpecification\",\"valueRequired\":true,\"valueName\":\"search_term_string\"}}],\"inLanguage\":\"en-GB\"},{\"@type\":\"Organization\",\"@id\":\"https:\\\/\\\/metropoliagzm.pl\\\/en\\\/#organization\",\"name\":\"Metropolia GZM\",\"url\":\"https:\\\/\\\/metropoliagzm.pl\\\/en\\\/\",\"logo\":{\"@type\":\"ImageObject\",\"inLanguage\":\"en-GB\",\"@id\":\"https:\\\/\\\/metropoliagzm.pl\\\/en\\\/#\\\/schema\\\/logo\\\/image\\\/\",\"url\":\"https:\\\/\\\/metropoliagzm.pl\\\/wp-content\\\/uploads\\\/2019\\\/03\\\/Sygnet-strona-glowna.png\",\"contentUrl\":\"https:\\\/\\\/metropoliagzm.pl\\\/wp-content\\\/uploads\\\/2019\\\/03\\\/Sygnet-strona-glowna.png\",\"width\":36,\"height\":45,\"caption\":\"Metropolia GZM\"},\"image\":{\"@id\":\"https:\\\/\\\/metropoliagzm.pl\\\/en\\\/#\\\/schema\\\/logo\\\/image\\\/\"}},{\"@type\":\"Person\",\"@id\":\"https:\\\/\\\/metropoliagzm.pl\\\/en\\\/#\\\/schema\\\/person\\\/54bd62a238d9b544d0e5f308c928abc1\",\"name\":\"ruda\",\"image\":{\"@type\":\"ImageObject\",\"inLanguage\":\"en-GB\",\"@id\":\"https:\\\/\\\/secure.gravatar.com\\\/avatar\\\/11317ec1a22a71c085f2eac0bccd2ba2a780ece529b50d7d1daca74c2260fcc8?s=96&d=mm&r=g\",\"url\":\"https:\\\/\\\/secure.gravatar.com\\\/avatar\\\/11317ec1a22a71c085f2eac0bccd2ba2a780ece529b50d7d1daca74c2260fcc8?s=96&d=mm&r=g\",\"contentUrl\":\"https:\\\/\\\/secure.gravatar.com\\\/avatar\\\/11317ec1a22a71c085f2eac0bccd2ba2a780ece529b50d7d1daca74c2260fcc8?s=96&d=mm&r=g\",\"caption\":\"ruda\"},\"sameAs\":[\"http:\\\/\\\/www.rudaslaska.pl\"],\"url\":\"https:\\\/\\\/metropoliagzm.pl\\\/en\\\/author\\\/ruda\\\/\"}]}<\/script>\n<!-- \/ Yoast SEO plugin. -->","yoast_head_json":{"title":"Czarnoksi\u0119\u017cnik z krainy Oz - Metropolia GZM","description":"Oficjalny portal G\u00f3rno\u015bl\u0105sko-Zag\u0142\u0119biowskiej Metropolii","robots":{"index":"index","follow":"follow","max-snippet":"max-snippet:-1","max-image-preview":"max-image-preview:large","max-video-preview":"max-video-preview:-1"},"canonical":"https:\/\/metropoliagzm.pl\/en\/2019\/09\/26\/czarnoksieznik-z-krainy-oz\/","twitter_card":"summary_large_image","twitter_title":"Czarnoksi\u0119\u017cnik z krainy Oz - Metropolia GZM","twitter_description":"Oficjalny portal G\u00f3rno\u015bl\u0105sko-Zag\u0142\u0119biowskiej Metropolii","twitter_image":"https:\/\/metropoliagzm.pl\/wp-content\/uploads\/2019\/09\/jadesta_oz.jpg","twitter_misc":{"Written by":"ruda","Estimated reading time":"2 minutes"},"schema":{"@context":"https:\/\/schema.org","@graph":[{"@type":"Article","@id":"https:\/\/metropoliagzm.pl\/2019\/09\/26\/czarnoksieznik-z-krainy-oz\/#article","isPartOf":{"@id":"https:\/\/metropoliagzm.pl\/2019\/09\/26\/czarnoksieznik-z-krainy-oz\/"},"author":{"name":"ruda","@id":"https:\/\/metropoliagzm.pl\/en\/#\/schema\/person\/54bd62a238d9b544d0e5f308c928abc1"},"headline":"Czarnoksi\u0119\u017cnik z krainy Oz","datePublished":"2019-09-26T11:59:31+00:00","mainEntityOfPage":{"@id":"https:\/\/metropoliagzm.pl\/2019\/09\/26\/czarnoksieznik-z-krainy-oz\/"},"wordCount":382,"publisher":{"@id":"https:\/\/metropoliagzm.pl\/en\/#organization"},"image":{"@id":"https:\/\/metropoliagzm.pl\/2019\/09\/26\/czarnoksieznik-z-krainy-oz\/#primaryimage"},"thumbnailUrl":"https:\/\/metropoliagzm.pl\/wp-content\/uploads\/2019\/09\/jadesta_oz.jpg","keywords":["dom kultury bielszowice","dom kultury ruda \u015bl\u0105ska","grupa jadesta","przedstawienie","spektakl","teatr moklandia"],"articleSection":["Kultura","Ruda \u015al\u0105ska"],"inLanguage":"en-GB"},{"@type":"WebPage","@id":"https:\/\/metropoliagzm.pl\/2019\/09\/26\/czarnoksieznik-z-krainy-oz\/","url":"https:\/\/metropoliagzm.pl\/2019\/09\/26\/czarnoksieznik-z-krainy-oz\/","name":"Czarnoksi\u0119\u017cnik z krainy Oz - Metropolia GZM","isPartOf":{"@id":"https:\/\/metropoliagzm.pl\/en\/#website"},"primaryImageOfPage":{"@id":"https:\/\/metropoliagzm.pl\/2019\/09\/26\/czarnoksieznik-z-krainy-oz\/#primaryimage"},"image":{"@id":"https:\/\/metropoliagzm.pl\/2019\/09\/26\/czarnoksieznik-z-krainy-oz\/#primaryimage"},"thumbnailUrl":"https:\/\/metropoliagzm.pl\/wp-content\/uploads\/2019\/09\/jadesta_oz.jpg","datePublished":"2019-09-26T11:59:31+00:00","description":"Oficjalny portal G\u00f3rno\u015bl\u0105sko-Zag\u0142\u0119biowskiej Metropolii","breadcrumb":{"@id":"https:\/\/metropoliagzm.pl\/2019\/09\/26\/czarnoksieznik-z-krainy-oz\/#breadcrumb"},"inLanguage":"en-GB","potentialAction":[{"@type":"ReadAction","target":["https:\/\/metropoliagzm.pl\/2019\/09\/26\/czarnoksieznik-z-krainy-oz\/"]}]},{"@type":"ImageObject","inLanguage":"en-GB","@id":"https:\/\/metropoliagzm.pl\/2019\/09\/26\/czarnoksieznik-z-krainy-oz\/#primaryimage","url":"https:\/\/metropoliagzm.pl\/wp-content\/uploads\/2019\/09\/jadesta_oz.jpg","contentUrl":"https:\/\/metropoliagzm.pl\/wp-content\/uploads\/2019\/09\/jadesta_oz.jpg","width":743,"height":588},{"@type":"BreadcrumbList","@id":"https:\/\/metropoliagzm.pl\/2019\/09\/26\/czarnoksieznik-z-krainy-oz\/#breadcrumb","itemListElement":[{"@type":"ListItem","position":1,"name":"Strona g\u0142\u00f3wna","item":"https:\/\/metropoliagzm.pl\/"},{"@type":"ListItem","position":2,"name":"Czarnoksi\u0119\u017cnik z krainy Oz"}]},{"@type":"WebSite","@id":"https:\/\/metropoliagzm.pl\/en\/#website","url":"https:\/\/metropoliagzm.pl\/en\/","name":"Metropolia GZM","description":"Oficjalny portal G\u00f3rno\u015bl\u0105sko-Zag\u0142\u0119biowskiej Metropolii","publisher":{"@id":"https:\/\/metropoliagzm.pl\/en\/#organization"},"potentialAction":[{"@type":"SearchAction","target":{"@type":"EntryPoint","urlTemplate":"https:\/\/metropoliagzm.pl\/en\/?s={search_term_string}"},"query-input":{"@type":"PropertyValueSpecification","valueRequired":true,"valueName":"search_term_string"}}],"inLanguage":"en-GB"},{"@type":"Organization","@id":"https:\/\/metropoliagzm.pl\/en\/#organization","name":"Metropolia GZM","url":"https:\/\/metropoliagzm.pl\/en\/","logo":{"@type":"ImageObject","inLanguage":"en-GB","@id":"https:\/\/metropoliagzm.pl\/en\/#\/schema\/logo\/image\/","url":"https:\/\/metropoliagzm.pl\/wp-content\/uploads\/2019\/03\/Sygnet-strona-glowna.png","contentUrl":"https:\/\/metropoliagzm.pl\/wp-content\/uploads\/2019\/03\/Sygnet-strona-glowna.png","width":36,"height":45,"caption":"Metropolia GZM"},"image":{"@id":"https:\/\/metropoliagzm.pl\/en\/#\/schema\/logo\/image\/"}},{"@type":"Person","@id":"https:\/\/metropoliagzm.pl\/en\/#\/schema\/person\/54bd62a238d9b544d0e5f308c928abc1","name":"ruda","image":{"@type":"ImageObject","inLanguage":"en-GB","@id":"https:\/\/secure.gravatar.com\/avatar\/11317ec1a22a71c085f2eac0bccd2ba2a780ece529b50d7d1daca74c2260fcc8?s=96&d=mm&r=g","url":"https:\/\/secure.gravatar.com\/avatar\/11317ec1a22a71c085f2eac0bccd2ba2a780ece529b50d7d1daca74c2260fcc8?s=96&d=mm&r=g","contentUrl":"https:\/\/secure.gravatar.com\/avatar\/11317ec1a22a71c085f2eac0bccd2ba2a780ece529b50d7d1daca74c2260fcc8?s=96&d=mm&r=g","caption":"ruda"},"sameAs":["http:\/\/www.rudaslaska.pl"],"url":"https:\/\/metropoliagzm.pl\/en\/author\/ruda\/"}]}},"_links":{"self":[{"href":"https:\/\/metropoliagzm.pl\/en\/wp-json\/wp\/v2\/posts\/14123","targetHints":{"allow":["GET"]}}],"collection":[{"href":"https:\/\/metropoliagzm.pl\/en\/wp-json\/wp\/v2\/posts"}],"about":[{"href":"https:\/\/metropoliagzm.pl\/en\/wp-json\/wp\/v2\/types\/post"}],"author":[{"embeddable":true,"href":"https:\/\/metropoliagzm.pl\/en\/wp-json\/wp\/v2\/users\/115"}],"replies":[{"embeddable":true,"href":"https:\/\/metropoliagzm.pl\/en\/wp-json\/wp\/v2\/comments?post=14123"}],"version-history":[{"count":1,"href":"https:\/\/metropoliagzm.pl\/en\/wp-json\/wp\/v2\/posts\/14123\/revisions"}],"predecessor-version":[{"id":14125,"href":"https:\/\/metropoliagzm.pl\/en\/wp-json\/wp\/v2\/posts\/14123\/revisions\/14125"}],"wp:featuredmedia":[{"embeddable":true,"href":"https:\/\/metropoliagzm.pl\/en\/wp-json\/wp\/v2\/media\/14124"}],"wp:attachment":[{"href":"https:\/\/metropoliagzm.pl\/en\/wp-json\/wp\/v2\/media?parent=14123"}],"wp:term":[{"taxonomy":"category","embeddable":true,"href":"https:\/\/metropoliagzm.pl\/en\/wp-json\/wp\/v2\/categories?post=14123"},{"taxonomy":"post_tag","embeddable":true,"href":"https:\/\/metropoliagzm.pl\/en\/wp-json\/wp\/v2\/tags?post=14123"}],"curies":[{"name":"wp","href":"https:\/\/api.w.org\/{rel}","templated":true}]}}