{"id":14569,"date":"2019-10-04T08:22:39","date_gmt":"2019-10-04T06:22:39","guid":{"rendered":"https:\/\/metropoliagzm.pl\/?p=14569"},"modified":"2019-10-04T08:22:40","modified_gmt":"2019-10-04T06:22:40","slug":"kulturalnie-jesienia","status":"publish","type":"post","link":"https:\/\/metropoliagzm.pl\/en\/2019\/10\/04\/kulturalnie-jesienia\/","title":{"rendered":"Kulturalnie jesieni\u0105"},"content":{"rendered":"<div class=\"pdf-block\"><div class=\"pdfprnt-buttons  pdfprnt-new pdfprnt-buttons-post pdfprnt-top-right\"><div class=\"jssocials-share jssocials-share-twitter\"><a target=\"_blank\" href=\"https:\/\/twitter.com\/share?url=https:\/\/metropoliagzm.pl\/en\/wp-json\/wp\/v2\/posts\/14569;text=14569\" class=\"jssocials-share-link\"><i class=\"fa fa-twitter jssocials-share-logo\"><\/i><\/a><\/div><div class=\"jssocials-share jssocials-share-facebook\"><a target=\"_blank\" href=\"https:\/\/facebook.com\/sharer\/sharer.php?u=https:\/\/metropoliagzm.pl\/en\/wp-json\/wp\/v2\/posts\/14569\" class=\"jssocials-share-link\"><i class=\"fa fa-facebook jssocials-share-logo\"><\/i><\/a><\/div><div class=\"jssocials-share jssocials-share-pinterest\"><a target=\"_blank\" href=\"https:\/\/pinterest.com\/pin\/create\/bookmarklet\/?&amp;url=https:\/\/metropoliagzm.pl\/en\/wp-json\/wp\/v2\/posts\/14569;description=14569\" class=\"jssocials-share-link\"><i class=\"fa fa-pinterest jssocials-share-logo\"><\/i><\/a><\/div><a href=\"https:\/\/metropoliagzm.pl\/en\/wp-json\/wp\/v2\/posts\/14569?print=pdf\" class=\"pdfprnt-button pdfprnt-button-pdf\" target=\"_blank\"><img decoding=\"async\" src=\"https:\/\/metropoliagzm.pl\/wp-content\/plugins\/pdf-print\/images\/pdf.png\" alt=\"image_pdf\" title=\"View PDF\" \/><\/a><a href=\"https:\/\/metropoliagzm.pl\/en\/wp-json\/wp\/v2\/posts\/14569?print=print\" class=\"pdfprnt-button pdfprnt-button-print\" target=\"_blank\"><img decoding=\"async\" src=\"https:\/\/metropoliagzm.pl\/wp-content\/plugins\/pdf-print\/images\/print.png\" alt=\"image_print\" title=\"Print Content\" \/><\/a><\/div><\/div><div class=\"post-block-pdf\"><div class=\"pdfprnt-buttons pdfprnt-buttons-post pdfprnt-top-right\"><a href=\"https:\/\/metropoliagzm.pl\/en\/wp-json\/wp\/v2\/posts\/14569?print=pdf\" class=\"pdfprnt-button pdfprnt-button-pdf\" target=\"_blank\"><img decoding=\"async\" src=\"https:\/\/metropoliagzm.pl\/wp-content\/plugins\/pdf-print\/images\/pdf.png\" alt=\"image_pdf\" title=\"View PDF\" \/><\/a><a href=\"https:\/\/metropoliagzm.pl\/en\/wp-json\/wp\/v2\/posts\/14569?print=print\" class=\"pdfprnt-button pdfprnt-button-print\" target=\"_blank\"><img decoding=\"async\" src=\"https:\/\/metropoliagzm.pl\/wp-content\/plugins\/pdf-print\/images\/print.png\" alt=\"image_print\" title=\"Print Content\" \/><\/a><\/div>\n<p>Rudzka Jesie\u0144 Kulturalna 2019 zbli\u017ca si\u0119 wielkimi krokami, a wraz z ni\u0105 moc atrakcji, z kt\u00f3rych b\u0119dzie mo\u017cna skorzysta\u0107 od pa\u017adziernika do grudnia. Spektakle, koncerty i warsztaty \u2013 to tylko niekt\u00f3re propozycje przygotowane przez rudzkie instytucje kultury z my\u015bl\u0105 o mieszka\u0144cach miasta.<\/p>\n\n\n\n<p>Tegoroczne wydarzenie zostanie zainaugurowane w sobot\u0119 (5 pa\u017adziernika) o godz. 18.00 w Miejskim Centrum Kultury im. H. Bisty premier\u0105 spektaklu \u201eGita Story\u201d w re\u017cyserii znanego aktora Zbigniewa Stryja.<\/p>\n\n\n\n<p>&#8211; W tym roku nasza Ruda \u015al\u0105ska \u015bwi\u0119tuje swoje 60. urodziny. W\u0142a\u015bnie z tej okazji powsta\u0142 niezwyk\u0142y spektakl \u201eGita Story\u201d, kt\u00f3rym rozpoczniemy tegoroczn\u0105 Rudzk\u0105 Jesie\u0144 Kulturaln\u0105. Jest to komedia, kt\u00f3ra rozgrywa si\u0119 w latach 50. i 60. ubieg\u0142ego stulecia, czyli w\u0142a\u015bnie w okresie ogromnie wa\u017cnym dla naszego miasta \u2013 zaznacza Gra\u017cyna Dziedzic, prezydent Rudy \u015al\u0105skiej. &#8211; W tamtym czasie miasto zmienia\u0142o si\u0119, rozwija\u0142o i kszta\u0142towa\u0142a si\u0119 jego obecna struktura, a wszystko dzi\u0119ki ludziom \u017cyj\u0105cym w tamtych latach, naszym mieszka\u0144com \u2013 dodaje.<\/p>\n\n\n\n<p>I w\u0142a\u015bnie takich zwyk\u0142ych ludzi, bohater\u00f3w tamtych czas\u00f3w, b\u0119dziemy mogli zobaczy\u0107 w przedstawieniu \u201eGita Story\u201d.  \u2013  To opowie\u015b\u0107 blisko cz\u0142owieka, bo jest o mi\u0142o\u015bci, przyja\u017ani, m\u0105dro\u015bci, o pewnych animozjach i k\u0142opotach. Przy tym opowie\u015b\u0107 bardzo muzyczna \u2013 m\u00f3wi  Zbigniew Stryj, re\u017cyser spektaklu. &#8211; Celowo umiejscowi\u0142em  akcj\u0119 tej sztuki na prze\u0142omie lat 50. i 60. Po pierwsze, \u017ceby odda\u0107 ho\u0142d czasowi, kt\u00f3ry ju\u017c min\u0105\u0142. A po drugie, \u017ceby si\u0119 przyjrze\u0107 specyfice tamtego okresu. Tamte warto\u015bci, pewne drogowskazy, kt\u00f3rymi kierowali si\u0119 ludzie,  zakorzeni\u0142y si\u0119 w tamtym czasie tak  mocno, \u017ce trzeba je przypomnie\u0107. Poza tym, cie\u0144 tamtych czas\u00f3w pozosta\u0142 w przedmiotach, dlatego postanowili\u015bmy je zebra\u0107 i wykorzysta\u0107 w spektaklu. To taki  rodzaj sentymentalnej podr\u00f3\u017cy i powrotu do dawnych lat \u2013 dodaje.<\/p>\n\n\n\n<p>Warto doda\u0107, \u017ce podczas spektaklu nie zabraknie muzyki i polsko\u2013\u015bl\u0105skich dialog\u00f3w i piosenek, a wszystko to podane z du\u017c\u0105 dawka dobrego humoru. \u2013 Ma to by\u0107 przede wszystkim spektakl bardzo zabawny i ciep\u0142y. \u015apiewogra, a wi\u0119c publiczno\u015b\u0107 b\u0119dzie mia\u0142a okazj\u0119 pozna\u0107 tak\u017ce wokalne wcielenia graj\u0105cych w nim aktor\u00f3w. Ca\u0142o\u015b\u0107 utrzymana b\u0119dzie w  konwencji komediowej, zatem dobra zabawa jest gwarantowana \u2013 m\u00f3wi Katarzyna Furmaniuk, dyrektor Miejskiego Centrum Kultury im. H. Bisty w Rudzie \u015al\u0105skiej.<\/p>\n\n\n\n<p>Rudzka Jesie\u0144 Kulturalna potrwa od pa\u017adziernika do grudnia. A w jej programie znajdzie si\u0119 wiele pozycji skierowanych do doros\u0142ych oraz dzieci.<\/p>\n\n\n\n<p>&#8211; Program tegorocznej Rudzkiej Jesieni Kulturalnej jest bardzo r\u00f3\u017cnorodny, dlatego mam nadziej\u0119, \u017ce ka\u017cdy znajdzie w nim cos dla siebie, zar\u00f3wno ci starsi, jak i ci m\u0142odsi. Bardzo bym chcia\u0142a, \u017ceby w tym roku z propozycji przygotowanych przez rudzkie instytucje skorzysta\u0142o jak najwi\u0119cej mieszka\u0144c\u00f3w \u2013 podkre\u015bla Anna Krzysteczko, wiceprezydent Rudy \u015al\u0105skiej. \u2013 Dla mnie udzia\u0142 w tym wydarzeniu jest niezwykle wa\u017cny, poniewa\u017c wsp\u00f3lnie mo\u017cemy prze\u017cywa\u0107 te uczucia i emocje, kt\u00f3re wywo\u0142uje w nas sztuka i przy okazji zintegrowa\u0107 si\u0119 \u2013 dodaje.<\/p>\n\n\n\n<p>Ciekawym wydarzeniem b\u0119dzie z pewno\u015bci\u0105 24. gala wr\u0119czenia nagr\u00f3d \u201eHanysy\u201d, kt\u00f3ra odb\u0119dzie si\u0119 11 listopada br. Podczas tej imprezy nagradzani s\u0105 przedstawiciele \u015bwiata sportu, dziennikarstwa, medycyny, kultury, nauki, sztuki, przemys\u0142u i biznesu, a tak\u017ce instytucje takie jak teatry, opery, fundacje, centra kultury czy media. Niew\u0105tpliwymi atutami tego wydarzenia s\u0105 wyst\u0119py artystyczne. Poprowadzi je Grzegorz Poloczek.<\/p>\n\n\n\n<p>Podczas tegorocznej edycji Rudzkiej Jesieni Kulturalnej nie zabraknie te\u017c tanecznych i operowych wra\u017ce\u0144. Mi\u0142o\u015bnicy tego gatunku b\u0119d\u0105 mieli okazj\u0119 uczestniczy\u0107 w koncercie, podczas kt\u00f3rego w Miejskim Centrum Kultury im. H. Bisty wys\u0142uchaj\u0105 najpi\u0119kniejszych arii z \u201eWeso\u0142ej Wd\u00f3wki\u201d i innych klasyk\u00f3w gatunku, a w Domu Kultury Bielszowice b\u0119d\u0105 mogli podziwia\u0107 \u201eJezioro \u0141ab\u0119dzie\u201d w wykonaniu Imperial Lviv Balet oraz koncertu operetkowego \u201eSplecione d\u0142onie i my\u201d \u2013 czyli najwi\u0119kszych standard\u00f3w muzyki ameryka\u0144skiej, s\u0142ynnych pie\u015bni neapolita\u0144skich, najpi\u0119kniejszych utwor\u00f3w musicalowych i operetkowych oraz utwor\u00f3w rozrywkowych. W Domu Kultury w Bielszowicach nie zabraknie tak\u017ce wyst\u0119pu Kabaretu Moralnego Niepokoju, debaty \u201eRuda \u015al\u0105ska jest kobiet\u0105\u201d oraz  koncertu z okazji 100-lecia istnienia Orkiestry D\u0119tej KWK \u2018Bielszowice\u201d.<\/p>\n\n\n\n<p>W organizacj\u0119 Rudzkiej Jesieni Kulturalnej w\u0142\u0105czy\u0142a si\u0119 tak\u017ce Miejska Biblioteka Publiczna w Rudzie \u015al\u0105skiej, kt\u00f3ra zaprasza m.in. na Fest literacki \u201eKakauSzale\u201d oraz Fina\u0142 Regionalnego Konkursu  Poetyckiego po \u015blonsku Im. Ks. N. Bonczyka.<\/p>\n\n\n\n<p>Z kolei kinomaniacy b\u0119d\u0105 mieli okazj\u0119, \u017ceby odwiedzi\u0107  Kino \u201ePatria\u201d i obejrze\u0107 interesuj\u0105ce produkcje oraz wzi\u0105\u0107 udzia\u0142 w dyskusjach filmowych podczas spotka\u0144 w ramach Dyskusyjnego Klubu Filmowego KaFe In-nI. Mo\u017cliwo\u015b\u0107 obejrzenia film\u00f3w o tematyce g\u00f3rskiej nadarzy si\u0119 natomiast w listopadzie w Miejskim Centrum Kultury im. H.Bisty podczas czternastej ju\u017c edycji Spotka\u0144 G\u00f3rskich \u201eLawiny\u201d, na kt\u00f3r\u0105 zaprasza Stowarzyszenie Inicjatyw Niebanalnych In-nI. Nie zabraknie te\u017c wielu spotka\u0144 literackich i muzycznych w pubie Druid w Nowym Bytomiu.<\/p>\n\n\n\n<p>Rudzka Jesie\u0144 Kulturalna organizowana jest od 1991 roku. W jej ramach na rudzkich scenach pojawi\u0142o si\u0119 wiele gwiazd, teatr\u00f3w, prelegent\u00f3w czy kabaret\u00f3w. Szczeg\u00f3\u0142owy program Rudzkiej Jesieni Kulturalnej znajduje si\u0119 na stronie www.rudaslaska.pl oraz na stronach organizator\u00f3w.<\/p>\n\n\n\n<p>Szczeg\u00f3\u0142owy program Rudzkiej Jesieni Kulturalnej znajduje si\u0119 na stronie www.rudaslaska.pl oraz na stronach organizator\u00f3w.<\/p>\n<div class=\"post-author\" style=\"font-size:13px\">ruda<\/div><\/div>","protected":false},"excerpt":{"rendered":"<p>Rudzka Jesie\u0144 Kulturalna 2019 zbli\u017ca si\u0119 wielkimi krokami, a wraz z ni\u0105 moc atrakcji, z kt\u00f3rych b\u0119dzie mo\u017cna skorzysta\u0107 od pa\u017adziernika do grudnia. Spektakle, koncerty i warsztaty \u2013 to tylko niekt\u00f3re propozycje przygotowane przez rudzkie instytucje kultury z my\u015bl\u0105 o mieszka\u0144cach miasta. Tegoroczne wydarzenie zostanie&#8230;<\/p>","protected":false},"author":115,"featured_media":14571,"comment_status":"closed","ping_status":"closed","sticky":false,"template":"","format":"standard","meta":{"_acf_changed":false,"footnotes":""},"categories":[241,221],"tags":[290,1416,1471,1415],"class_list":["post-14569","post","type-post","status-publish","format-standard","has-post-thumbnail","hentry","category-kultura","category-ruda-slaska","tag-koncert","tag-przedstawienie","tag-rudzka-jesien-kulturalna","tag-spektakl"],"acf":[],"yoast_head":"<!-- This site is optimized with the Yoast SEO plugin v27.4 - https:\/\/yoast.com\/product\/yoast-seo-wordpress\/ -->\n<title>Kulturalnie jesieni\u0105 - Metropolia GZM<\/title>\n<meta name=\"description\" content=\"Oficjalny portal G\u00f3rno\u015bl\u0105sko-Zag\u0142\u0119biowskiej Metropolii\" \/>\n<meta name=\"robots\" content=\"index, follow, max-snippet:-1, max-image-preview:large, max-video-preview:-1\" \/>\n<link rel=\"canonical\" href=\"https:\/\/metropoliagzm.pl\/en\/2019\/10\/04\/kulturalnie-jesienia\/\" \/>\n<meta name=\"twitter:card\" content=\"summary_large_image\" \/>\n<meta name=\"twitter:title\" content=\"Kulturalnie jesieni\u0105 - Metropolia GZM\" \/>\n<meta name=\"twitter:description\" content=\"Oficjalny portal G\u00f3rno\u015bl\u0105sko-Zag\u0142\u0119biowskiej Metropolii\" \/>\n<meta name=\"twitter:image\" content=\"https:\/\/metropoliagzm.pl\/wp-content\/uploads\/2019\/10\/RJK.jpg\" \/>\n<meta name=\"twitter:label1\" content=\"Written by\" \/>\n\t<meta name=\"twitter:data1\" content=\"ruda\" \/>\n\t<meta name=\"twitter:label2\" content=\"Estimated reading time\" \/>\n\t<meta name=\"twitter:data2\" content=\"4 minutes\" \/>\n<script type=\"application\/ld+json\" class=\"yoast-schema-graph\">{\"@context\":\"https:\\\/\\\/schema.org\",\"@graph\":[{\"@type\":\"Article\",\"@id\":\"https:\\\/\\\/metropoliagzm.pl\\\/2019\\\/10\\\/04\\\/kulturalnie-jesienia\\\/#article\",\"isPartOf\":{\"@id\":\"https:\\\/\\\/metropoliagzm.pl\\\/2019\\\/10\\\/04\\\/kulturalnie-jesienia\\\/\"},\"author\":{\"name\":\"ruda\",\"@id\":\"https:\\\/\\\/metropoliagzm.pl\\\/en\\\/#\\\/schema\\\/person\\\/54bd62a238d9b544d0e5f308c928abc1\"},\"headline\":\"Kulturalnie jesieni\u0105\",\"datePublished\":\"2019-10-04T06:22:39+00:00\",\"dateModified\":\"2019-10-04T06:22:40+00:00\",\"mainEntityOfPage\":{\"@id\":\"https:\\\/\\\/metropoliagzm.pl\\\/2019\\\/10\\\/04\\\/kulturalnie-jesienia\\\/\"},\"wordCount\":892,\"publisher\":{\"@id\":\"https:\\\/\\\/metropoliagzm.pl\\\/en\\\/#organization\"},\"image\":{\"@id\":\"https:\\\/\\\/metropoliagzm.pl\\\/2019\\\/10\\\/04\\\/kulturalnie-jesienia\\\/#primaryimage\"},\"thumbnailUrl\":\"https:\\\/\\\/metropoliagzm.pl\\\/wp-content\\\/uploads\\\/2019\\\/10\\\/RJK.jpg\",\"keywords\":[\"koncert\",\"przedstawienie\",\"rudzka jesie\u0144 kulturalna\",\"spektakl\"],\"articleSection\":[\"Kultura\",\"Ruda \u015al\u0105ska\"],\"inLanguage\":\"en-GB\"},{\"@type\":\"WebPage\",\"@id\":\"https:\\\/\\\/metropoliagzm.pl\\\/2019\\\/10\\\/04\\\/kulturalnie-jesienia\\\/\",\"url\":\"https:\\\/\\\/metropoliagzm.pl\\\/2019\\\/10\\\/04\\\/kulturalnie-jesienia\\\/\",\"name\":\"Kulturalnie jesieni\u0105 - Metropolia GZM\",\"isPartOf\":{\"@id\":\"https:\\\/\\\/metropoliagzm.pl\\\/en\\\/#website\"},\"primaryImageOfPage\":{\"@id\":\"https:\\\/\\\/metropoliagzm.pl\\\/2019\\\/10\\\/04\\\/kulturalnie-jesienia\\\/#primaryimage\"},\"image\":{\"@id\":\"https:\\\/\\\/metropoliagzm.pl\\\/2019\\\/10\\\/04\\\/kulturalnie-jesienia\\\/#primaryimage\"},\"thumbnailUrl\":\"https:\\\/\\\/metropoliagzm.pl\\\/wp-content\\\/uploads\\\/2019\\\/10\\\/RJK.jpg\",\"datePublished\":\"2019-10-04T06:22:39+00:00\",\"dateModified\":\"2019-10-04T06:22:40+00:00\",\"description\":\"Oficjalny portal G\u00f3rno\u015bl\u0105sko-Zag\u0142\u0119biowskiej Metropolii\",\"breadcrumb\":{\"@id\":\"https:\\\/\\\/metropoliagzm.pl\\\/2019\\\/10\\\/04\\\/kulturalnie-jesienia\\\/#breadcrumb\"},\"inLanguage\":\"en-GB\",\"potentialAction\":[{\"@type\":\"ReadAction\",\"target\":[\"https:\\\/\\\/metropoliagzm.pl\\\/2019\\\/10\\\/04\\\/kulturalnie-jesienia\\\/\"]}]},{\"@type\":\"ImageObject\",\"inLanguage\":\"en-GB\",\"@id\":\"https:\\\/\\\/metropoliagzm.pl\\\/2019\\\/10\\\/04\\\/kulturalnie-jesienia\\\/#primaryimage\",\"url\":\"https:\\\/\\\/metropoliagzm.pl\\\/wp-content\\\/uploads\\\/2019\\\/10\\\/RJK.jpg\",\"contentUrl\":\"https:\\\/\\\/metropoliagzm.pl\\\/wp-content\\\/uploads\\\/2019\\\/10\\\/RJK.jpg\",\"width\":1023,\"height\":740},{\"@type\":\"BreadcrumbList\",\"@id\":\"https:\\\/\\\/metropoliagzm.pl\\\/2019\\\/10\\\/04\\\/kulturalnie-jesienia\\\/#breadcrumb\",\"itemListElement\":[{\"@type\":\"ListItem\",\"position\":1,\"name\":\"Strona g\u0142\u00f3wna\",\"item\":\"https:\\\/\\\/metropoliagzm.pl\\\/\"},{\"@type\":\"ListItem\",\"position\":2,\"name\":\"Kulturalnie jesieni\u0105\"}]},{\"@type\":\"WebSite\",\"@id\":\"https:\\\/\\\/metropoliagzm.pl\\\/en\\\/#website\",\"url\":\"https:\\\/\\\/metropoliagzm.pl\\\/en\\\/\",\"name\":\"Metropolia GZM\",\"description\":\"Oficjalny portal G\u00f3rno\u015bl\u0105sko-Zag\u0142\u0119biowskiej Metropolii\",\"publisher\":{\"@id\":\"https:\\\/\\\/metropoliagzm.pl\\\/en\\\/#organization\"},\"potentialAction\":[{\"@type\":\"SearchAction\",\"target\":{\"@type\":\"EntryPoint\",\"urlTemplate\":\"https:\\\/\\\/metropoliagzm.pl\\\/en\\\/?s={search_term_string}\"},\"query-input\":{\"@type\":\"PropertyValueSpecification\",\"valueRequired\":true,\"valueName\":\"search_term_string\"}}],\"inLanguage\":\"en-GB\"},{\"@type\":\"Organization\",\"@id\":\"https:\\\/\\\/metropoliagzm.pl\\\/en\\\/#organization\",\"name\":\"Metropolia GZM\",\"url\":\"https:\\\/\\\/metropoliagzm.pl\\\/en\\\/\",\"logo\":{\"@type\":\"ImageObject\",\"inLanguage\":\"en-GB\",\"@id\":\"https:\\\/\\\/metropoliagzm.pl\\\/en\\\/#\\\/schema\\\/logo\\\/image\\\/\",\"url\":\"https:\\\/\\\/metropoliagzm.pl\\\/wp-content\\\/uploads\\\/2019\\\/03\\\/Sygnet-strona-glowna.png\",\"contentUrl\":\"https:\\\/\\\/metropoliagzm.pl\\\/wp-content\\\/uploads\\\/2019\\\/03\\\/Sygnet-strona-glowna.png\",\"width\":36,\"height\":45,\"caption\":\"Metropolia GZM\"},\"image\":{\"@id\":\"https:\\\/\\\/metropoliagzm.pl\\\/en\\\/#\\\/schema\\\/logo\\\/image\\\/\"}},{\"@type\":\"Person\",\"@id\":\"https:\\\/\\\/metropoliagzm.pl\\\/en\\\/#\\\/schema\\\/person\\\/54bd62a238d9b544d0e5f308c928abc1\",\"name\":\"ruda\",\"image\":{\"@type\":\"ImageObject\",\"inLanguage\":\"en-GB\",\"@id\":\"https:\\\/\\\/secure.gravatar.com\\\/avatar\\\/11317ec1a22a71c085f2eac0bccd2ba2a780ece529b50d7d1daca74c2260fcc8?s=96&d=mm&r=g\",\"url\":\"https:\\\/\\\/secure.gravatar.com\\\/avatar\\\/11317ec1a22a71c085f2eac0bccd2ba2a780ece529b50d7d1daca74c2260fcc8?s=96&d=mm&r=g\",\"contentUrl\":\"https:\\\/\\\/secure.gravatar.com\\\/avatar\\\/11317ec1a22a71c085f2eac0bccd2ba2a780ece529b50d7d1daca74c2260fcc8?s=96&d=mm&r=g\",\"caption\":\"ruda\"},\"sameAs\":[\"http:\\\/\\\/www.rudaslaska.pl\"],\"url\":\"https:\\\/\\\/metropoliagzm.pl\\\/en\\\/author\\\/ruda\\\/\"}]}<\/script>\n<!-- \/ Yoast SEO plugin. -->","yoast_head_json":{"title":"Kulturalnie jesieni\u0105 - Metropolia GZM","description":"Oficjalny portal G\u00f3rno\u015bl\u0105sko-Zag\u0142\u0119biowskiej Metropolii","robots":{"index":"index","follow":"follow","max-snippet":"max-snippet:-1","max-image-preview":"max-image-preview:large","max-video-preview":"max-video-preview:-1"},"canonical":"https:\/\/metropoliagzm.pl\/en\/2019\/10\/04\/kulturalnie-jesienia\/","twitter_card":"summary_large_image","twitter_title":"Kulturalnie jesieni\u0105 - Metropolia GZM","twitter_description":"Oficjalny portal G\u00f3rno\u015bl\u0105sko-Zag\u0142\u0119biowskiej Metropolii","twitter_image":"https:\/\/metropoliagzm.pl\/wp-content\/uploads\/2019\/10\/RJK.jpg","twitter_misc":{"Written by":"ruda","Estimated reading time":"4 minutes"},"schema":{"@context":"https:\/\/schema.org","@graph":[{"@type":"Article","@id":"https:\/\/metropoliagzm.pl\/2019\/10\/04\/kulturalnie-jesienia\/#article","isPartOf":{"@id":"https:\/\/metropoliagzm.pl\/2019\/10\/04\/kulturalnie-jesienia\/"},"author":{"name":"ruda","@id":"https:\/\/metropoliagzm.pl\/en\/#\/schema\/person\/54bd62a238d9b544d0e5f308c928abc1"},"headline":"Kulturalnie jesieni\u0105","datePublished":"2019-10-04T06:22:39+00:00","dateModified":"2019-10-04T06:22:40+00:00","mainEntityOfPage":{"@id":"https:\/\/metropoliagzm.pl\/2019\/10\/04\/kulturalnie-jesienia\/"},"wordCount":892,"publisher":{"@id":"https:\/\/metropoliagzm.pl\/en\/#organization"},"image":{"@id":"https:\/\/metropoliagzm.pl\/2019\/10\/04\/kulturalnie-jesienia\/#primaryimage"},"thumbnailUrl":"https:\/\/metropoliagzm.pl\/wp-content\/uploads\/2019\/10\/RJK.jpg","keywords":["koncert","przedstawienie","rudzka jesie\u0144 kulturalna","spektakl"],"articleSection":["Kultura","Ruda \u015al\u0105ska"],"inLanguage":"en-GB"},{"@type":"WebPage","@id":"https:\/\/metropoliagzm.pl\/2019\/10\/04\/kulturalnie-jesienia\/","url":"https:\/\/metropoliagzm.pl\/2019\/10\/04\/kulturalnie-jesienia\/","name":"Kulturalnie jesieni\u0105 - Metropolia GZM","isPartOf":{"@id":"https:\/\/metropoliagzm.pl\/en\/#website"},"primaryImageOfPage":{"@id":"https:\/\/metropoliagzm.pl\/2019\/10\/04\/kulturalnie-jesienia\/#primaryimage"},"image":{"@id":"https:\/\/metropoliagzm.pl\/2019\/10\/04\/kulturalnie-jesienia\/#primaryimage"},"thumbnailUrl":"https:\/\/metropoliagzm.pl\/wp-content\/uploads\/2019\/10\/RJK.jpg","datePublished":"2019-10-04T06:22:39+00:00","dateModified":"2019-10-04T06:22:40+00:00","description":"Oficjalny portal G\u00f3rno\u015bl\u0105sko-Zag\u0142\u0119biowskiej Metropolii","breadcrumb":{"@id":"https:\/\/metropoliagzm.pl\/2019\/10\/04\/kulturalnie-jesienia\/#breadcrumb"},"inLanguage":"en-GB","potentialAction":[{"@type":"ReadAction","target":["https:\/\/metropoliagzm.pl\/2019\/10\/04\/kulturalnie-jesienia\/"]}]},{"@type":"ImageObject","inLanguage":"en-GB","@id":"https:\/\/metropoliagzm.pl\/2019\/10\/04\/kulturalnie-jesienia\/#primaryimage","url":"https:\/\/metropoliagzm.pl\/wp-content\/uploads\/2019\/10\/RJK.jpg","contentUrl":"https:\/\/metropoliagzm.pl\/wp-content\/uploads\/2019\/10\/RJK.jpg","width":1023,"height":740},{"@type":"BreadcrumbList","@id":"https:\/\/metropoliagzm.pl\/2019\/10\/04\/kulturalnie-jesienia\/#breadcrumb","itemListElement":[{"@type":"ListItem","position":1,"name":"Strona g\u0142\u00f3wna","item":"https:\/\/metropoliagzm.pl\/"},{"@type":"ListItem","position":2,"name":"Kulturalnie jesieni\u0105"}]},{"@type":"WebSite","@id":"https:\/\/metropoliagzm.pl\/en\/#website","url":"https:\/\/metropoliagzm.pl\/en\/","name":"Metropolia GZM","description":"Oficjalny portal G\u00f3rno\u015bl\u0105sko-Zag\u0142\u0119biowskiej Metropolii","publisher":{"@id":"https:\/\/metropoliagzm.pl\/en\/#organization"},"potentialAction":[{"@type":"SearchAction","target":{"@type":"EntryPoint","urlTemplate":"https:\/\/metropoliagzm.pl\/en\/?s={search_term_string}"},"query-input":{"@type":"PropertyValueSpecification","valueRequired":true,"valueName":"search_term_string"}}],"inLanguage":"en-GB"},{"@type":"Organization","@id":"https:\/\/metropoliagzm.pl\/en\/#organization","name":"Metropolia GZM","url":"https:\/\/metropoliagzm.pl\/en\/","logo":{"@type":"ImageObject","inLanguage":"en-GB","@id":"https:\/\/metropoliagzm.pl\/en\/#\/schema\/logo\/image\/","url":"https:\/\/metropoliagzm.pl\/wp-content\/uploads\/2019\/03\/Sygnet-strona-glowna.png","contentUrl":"https:\/\/metropoliagzm.pl\/wp-content\/uploads\/2019\/03\/Sygnet-strona-glowna.png","width":36,"height":45,"caption":"Metropolia GZM"},"image":{"@id":"https:\/\/metropoliagzm.pl\/en\/#\/schema\/logo\/image\/"}},{"@type":"Person","@id":"https:\/\/metropoliagzm.pl\/en\/#\/schema\/person\/54bd62a238d9b544d0e5f308c928abc1","name":"ruda","image":{"@type":"ImageObject","inLanguage":"en-GB","@id":"https:\/\/secure.gravatar.com\/avatar\/11317ec1a22a71c085f2eac0bccd2ba2a780ece529b50d7d1daca74c2260fcc8?s=96&d=mm&r=g","url":"https:\/\/secure.gravatar.com\/avatar\/11317ec1a22a71c085f2eac0bccd2ba2a780ece529b50d7d1daca74c2260fcc8?s=96&d=mm&r=g","contentUrl":"https:\/\/secure.gravatar.com\/avatar\/11317ec1a22a71c085f2eac0bccd2ba2a780ece529b50d7d1daca74c2260fcc8?s=96&d=mm&r=g","caption":"ruda"},"sameAs":["http:\/\/www.rudaslaska.pl"],"url":"https:\/\/metropoliagzm.pl\/en\/author\/ruda\/"}]}},"_links":{"self":[{"href":"https:\/\/metropoliagzm.pl\/en\/wp-json\/wp\/v2\/posts\/14569","targetHints":{"allow":["GET"]}}],"collection":[{"href":"https:\/\/metropoliagzm.pl\/en\/wp-json\/wp\/v2\/posts"}],"about":[{"href":"https:\/\/metropoliagzm.pl\/en\/wp-json\/wp\/v2\/types\/post"}],"author":[{"embeddable":true,"href":"https:\/\/metropoliagzm.pl\/en\/wp-json\/wp\/v2\/users\/115"}],"replies":[{"embeddable":true,"href":"https:\/\/metropoliagzm.pl\/en\/wp-json\/wp\/v2\/comments?post=14569"}],"version-history":[{"count":1,"href":"https:\/\/metropoliagzm.pl\/en\/wp-json\/wp\/v2\/posts\/14569\/revisions"}],"predecessor-version":[{"id":14572,"href":"https:\/\/metropoliagzm.pl\/en\/wp-json\/wp\/v2\/posts\/14569\/revisions\/14572"}],"wp:featuredmedia":[{"embeddable":true,"href":"https:\/\/metropoliagzm.pl\/en\/wp-json\/wp\/v2\/media\/14571"}],"wp:attachment":[{"href":"https:\/\/metropoliagzm.pl\/en\/wp-json\/wp\/v2\/media?parent=14569"}],"wp:term":[{"taxonomy":"category","embeddable":true,"href":"https:\/\/metropoliagzm.pl\/en\/wp-json\/wp\/v2\/categories?post=14569"},{"taxonomy":"post_tag","embeddable":true,"href":"https:\/\/metropoliagzm.pl\/en\/wp-json\/wp\/v2\/tags?post=14569"}],"curies":[{"name":"wp","href":"https:\/\/api.w.org\/{rel}","templated":true}]}}