{"id":14661,"date":"2019-10-04T13:03:52","date_gmt":"2019-10-04T11:03:52","guid":{"rendered":"https:\/\/metropoliagzm.pl\/?p=14661"},"modified":"2019-10-04T13:04:39","modified_gmt":"2019-10-04T11:04:39","slug":"nowa-karetka-dla-bytomia","status":"publish","type":"post","link":"https:\/\/metropoliagzm.pl\/en\/2019\/10\/04\/nowa-karetka-dla-bytomia\/","title":{"rendered":"Nowa karetka dla Bytomia"},"content":{"rendered":"<div class=\"pdf-block\"><div class=\"pdfprnt-buttons  pdfprnt-new pdfprnt-buttons-post pdfprnt-top-right\"><div class=\"jssocials-share jssocials-share-twitter\"><a target=\"_blank\" href=\"https:\/\/twitter.com\/share?url=https:\/\/metropoliagzm.pl\/en\/wp-json\/wp\/v2\/posts\/14661;text=14661\" class=\"jssocials-share-link\"><i class=\"fa fa-twitter jssocials-share-logo\"><\/i><\/a><\/div><div class=\"jssocials-share jssocials-share-facebook\"><a target=\"_blank\" href=\"https:\/\/facebook.com\/sharer\/sharer.php?u=https:\/\/metropoliagzm.pl\/en\/wp-json\/wp\/v2\/posts\/14661\" class=\"jssocials-share-link\"><i class=\"fa fa-facebook jssocials-share-logo\"><\/i><\/a><\/div><div class=\"jssocials-share jssocials-share-pinterest\"><a target=\"_blank\" href=\"https:\/\/pinterest.com\/pin\/create\/bookmarklet\/?&amp;url=https:\/\/metropoliagzm.pl\/en\/wp-json\/wp\/v2\/posts\/14661;description=14661\" class=\"jssocials-share-link\"><i class=\"fa fa-pinterest jssocials-share-logo\"><\/i><\/a><\/div><a href=\"https:\/\/metropoliagzm.pl\/en\/wp-json\/wp\/v2\/posts\/14661?print=pdf\" class=\"pdfprnt-button pdfprnt-button-pdf\" target=\"_blank\"><img decoding=\"async\" src=\"https:\/\/metropoliagzm.pl\/wp-content\/plugins\/pdf-print\/images\/pdf.png\" alt=\"image_pdf\" title=\"View PDF\" \/><\/a><a href=\"https:\/\/metropoliagzm.pl\/en\/wp-json\/wp\/v2\/posts\/14661?print=print\" class=\"pdfprnt-button pdfprnt-button-print\" target=\"_blank\"><img decoding=\"async\" src=\"https:\/\/metropoliagzm.pl\/wp-content\/plugins\/pdf-print\/images\/print.png\" alt=\"image_print\" title=\"Print Content\" \/><\/a><\/div><\/div><div class=\"post-block-pdf\"><div class=\"pdfprnt-buttons pdfprnt-buttons-post pdfprnt-top-right\"><a href=\"https:\/\/metropoliagzm.pl\/en\/wp-json\/wp\/v2\/posts\/14661?print=pdf\" class=\"pdfprnt-button pdfprnt-button-pdf\" target=\"_blank\"><img decoding=\"async\" src=\"https:\/\/metropoliagzm.pl\/wp-content\/plugins\/pdf-print\/images\/pdf.png\" alt=\"image_pdf\" title=\"View PDF\" \/><\/a><a href=\"https:\/\/metropoliagzm.pl\/en\/wp-json\/wp\/v2\/posts\/14661?print=print\" class=\"pdfprnt-button pdfprnt-button-print\" target=\"_blank\"><img decoding=\"async\" src=\"https:\/\/metropoliagzm.pl\/wp-content\/plugins\/pdf-print\/images\/print.png\" alt=\"image_print\" title=\"Print Content\" \/><\/a><\/div>\n<p><strong>400 tys. z\u0142 na zakup nowej karetki wraz z wyposa\u017ceniem przekaza\u0142  Wojew\u00f3dzkiemu Pogotowiu Ratunkowemu w Katowicach wiceminister zdrowia  Maciej Mi\u0142kowski. Pojazd przeznaczony b\u0119dzie do obs\u0142ugi mieszka\u0144c\u00f3w  Bytomia.<\/strong><\/p>\n\n\n\n<p>Dotacja pochodzi z og\u00f3lnopolskiego \u201eProgramu wymiany ambulans\u00f3w\u201d, \ndzi\u0119ki kt\u00f3remu do stacji pogotowia ratunkowego w ca\u0142ym kraju do ko\u0144ca \npa\u017adziernika trafi 200 nowoczesnych karetek. Do dyspozycji bytomskiego \noddzia\u0142u Wojew\u00f3dzkiego Pogotowia Ratunkowego s\u0105 4 pojazdy ratunkowe. \nNajstarsza ma ju\u017c 6 lat i ponad 300 km przebiegu. Po wymianie na nowsz\u0105 \nstanie si\u0119 ambulansem rezerwowym.<\/p>\n\n\n\n<p>W nowym poje\u017adzie ratownicy b\u0119d\u0105 mieli nowocze\u015bniejsze wyposa\u017cenie, m.in. defibrylatory i krzese\u0142ko kardiologiczne.<\/p>\n\n\n\n<p>Jak podaje ministerstwo zdrowia: ambulanse medyczne wyje\u017cd\u017caj\u0105 do  pacjent\u00f3w bardzo cz\u0119sto \u2013 w sumie oko\u0142o 3,2 mln razy rocznie, co daje  \u015brednio prawie 6 wyjazd\u00f3w na jedn\u0105 karetk\u0119 w ci\u0105gu doby. S\u0105 one  &nbsp;niejednokrotnie realizowane w warunkach ekstremalnych b\u0105d\u017a w trudno  dost\u0119pnym terenie. Przez to karetki ulegaj\u0105 uszkodzeniom i szybkiemu  zu\u017cyciu. Przyjmuje si\u0119, \u017ce zasadna jest ich wymiana ju\u017c po 5 latach  u\u017cytkowania. Polskim pacjentom do tej pory s\u0142u\u017cy\u0142y nawet  kilkunastoletnie karetki. Co trzeci ambulans w Polsce ma 6 lat lub  wi\u0119cej. Po zako\u0144czeniu wymiany w ramach programu, \u015bredni wiek pojazdu  funkcjonuj\u0105cego w systemie spadnie o 30 miesi\u0119cy.&nbsp; Z &#8222;Programu wymiany ambulans\u00f3w&#8221; skorzystaj\u0105 mieszka\u0144cy wszystkich  wojew\u00f3dztw \u2013 nowoczesne ambulanse trafi\u0105 do stacji ratownictwa  medycznego w ca\u0142ej Polsce. Kwota dofinansowania to 400 tys. z\u0142 na  karetk\u0119, co pozwoli na zakup nowoczesnych pojazd\u00f3w przystosowanych do  funkcjonowania w systemie ratownictwa medycznego. Bud\u017cet programu w 2019  roku wyniesie prawie 80 mln z\u0142. <\/p>\n<div class=\"post-author\" style=\"font-size:13px\">bytom<\/div><\/div>","protected":false},"excerpt":{"rendered":"<p>400 tys. z\u0142 na zakup nowej karetki wraz z wyposa\u017ceniem przekaza\u0142 Wojew\u00f3dzkiemu Pogotowiu Ratunkowemu w Katowicach wiceminister zdrowia Maciej Mi\u0142kowski. Pojazd przeznaczony b\u0119dzie do obs\u0142ugi mieszka\u0144c\u00f3w Bytomia. Dotacja pochodzi z og\u00f3lnopolskiego \u201eProgramu wymiany ambulans\u00f3w\u201d, dzi\u0119ki kt\u00f3remu do stacji pogotowia ratunkowego w ca\u0142ym kraju do ko\u0144ca&#8230;<\/p>","protected":false},"author":93,"featured_media":14662,"comment_status":"closed","ping_status":"closed","sticky":false,"template":"","format":"standard","meta":{"_acf_changed":false,"footnotes":""},"categories":[199,242],"tags":[1492,1491,312],"class_list":["post-14661","post","type-post","status-publish","format-standard","has-post-thumbnail","hentry","category-bytom","category-mieszkancy","tag-karetki-pogotowia","tag-wojewodzkie-pogotowie-ratunkowe","tag-zdrowie"],"acf":[],"yoast_head":"<!-- This site is optimized with the Yoast SEO plugin v27.4 - https:\/\/yoast.com\/product\/yoast-seo-wordpress\/ -->\n<title>Nowa karetka dla Bytomia - Metropolia GZM<\/title>\n<meta name=\"description\" content=\"Oficjalny portal G\u00f3rno\u015bl\u0105sko-Zag\u0142\u0119biowskiej Metropolii\" \/>\n<meta name=\"robots\" content=\"index, follow, max-snippet:-1, max-image-preview:large, max-video-preview:-1\" \/>\n<link rel=\"canonical\" href=\"https:\/\/metropoliagzm.pl\/en\/2019\/10\/04\/nowa-karetka-dla-bytomia\/\" \/>\n<meta name=\"twitter:card\" content=\"summary_large_image\" \/>\n<meta name=\"twitter:title\" content=\"Nowa karetka dla Bytomia - Metropolia GZM\" \/>\n<meta name=\"twitter:description\" content=\"Oficjalny portal G\u00f3rno\u015bl\u0105sko-Zag\u0142\u0119biowskiej Metropolii\" \/>\n<meta name=\"twitter:image\" content=\"https:\/\/metropoliagzm.pl\/wp-content\/uploads\/2019\/10\/20191004_104644.jpg\" \/>\n<meta name=\"twitter:label1\" content=\"Written by\" \/>\n\t<meta name=\"twitter:data1\" content=\"bytom\" \/>\n\t<meta name=\"twitter:label2\" content=\"Estimated reading time\" \/>\n\t<meta name=\"twitter:data2\" content=\"1 minute\" \/>\n<script type=\"application\/ld+json\" class=\"yoast-schema-graph\">{\"@context\":\"https:\\\/\\\/schema.org\",\"@graph\":[{\"@type\":\"Article\",\"@id\":\"https:\\\/\\\/metropoliagzm.pl\\\/en\\\/2019\\\/10\\\/04\\\/nowa-karetka-dla-bytomia\\\/#article\",\"isPartOf\":{\"@id\":\"https:\\\/\\\/metropoliagzm.pl\\\/en\\\/2019\\\/10\\\/04\\\/nowa-karetka-dla-bytomia\\\/\"},\"author\":{\"name\":\"bytom\",\"@id\":\"https:\\\/\\\/metropoliagzm.pl\\\/en\\\/#\\\/schema\\\/person\\\/c9fceb6849d7a26f4ec678e1590cc9f4\"},\"headline\":\"Nowa karetka dla Bytomia\",\"datePublished\":\"2019-10-04T11:03:52+00:00\",\"dateModified\":\"2019-10-04T11:04:39+00:00\",\"mainEntityOfPage\":{\"@id\":\"https:\\\/\\\/metropoliagzm.pl\\\/en\\\/2019\\\/10\\\/04\\\/nowa-karetka-dla-bytomia\\\/\"},\"wordCount\":277,\"publisher\":{\"@id\":\"https:\\\/\\\/metropoliagzm.pl\\\/en\\\/#organization\"},\"image\":{\"@id\":\"https:\\\/\\\/metropoliagzm.pl\\\/en\\\/2019\\\/10\\\/04\\\/nowa-karetka-dla-bytomia\\\/#primaryimage\"},\"thumbnailUrl\":\"https:\\\/\\\/metropoliagzm.pl\\\/wp-content\\\/uploads\\\/2019\\\/10\\\/20191004_104644.jpg\",\"keywords\":[\"karetki pogotowia\",\"Wojew\u00f3dzkie Pogotowie Ratunkowe\",\"zdrowie\"],\"articleSection\":[\"Bytom\",\"Mieszka\u0144cy\"],\"inLanguage\":\"en-GB\"},{\"@type\":\"WebPage\",\"@id\":\"https:\\\/\\\/metropoliagzm.pl\\\/en\\\/2019\\\/10\\\/04\\\/nowa-karetka-dla-bytomia\\\/\",\"url\":\"https:\\\/\\\/metropoliagzm.pl\\\/en\\\/2019\\\/10\\\/04\\\/nowa-karetka-dla-bytomia\\\/\",\"name\":\"Nowa karetka dla Bytomia - Metropolia GZM\",\"isPartOf\":{\"@id\":\"https:\\\/\\\/metropoliagzm.pl\\\/en\\\/#website\"},\"primaryImageOfPage\":{\"@id\":\"https:\\\/\\\/metropoliagzm.pl\\\/en\\\/2019\\\/10\\\/04\\\/nowa-karetka-dla-bytomia\\\/#primaryimage\"},\"image\":{\"@id\":\"https:\\\/\\\/metropoliagzm.pl\\\/en\\\/2019\\\/10\\\/04\\\/nowa-karetka-dla-bytomia\\\/#primaryimage\"},\"thumbnailUrl\":\"https:\\\/\\\/metropoliagzm.pl\\\/wp-content\\\/uploads\\\/2019\\\/10\\\/20191004_104644.jpg\",\"datePublished\":\"2019-10-04T11:03:52+00:00\",\"dateModified\":\"2019-10-04T11:04:39+00:00\",\"description\":\"Oficjalny portal G\u00f3rno\u015bl\u0105sko-Zag\u0142\u0119biowskiej Metropolii\",\"breadcrumb\":{\"@id\":\"https:\\\/\\\/metropoliagzm.pl\\\/en\\\/2019\\\/10\\\/04\\\/nowa-karetka-dla-bytomia\\\/#breadcrumb\"},\"inLanguage\":\"en-GB\",\"potentialAction\":[{\"@type\":\"ReadAction\",\"target\":[\"https:\\\/\\\/metropoliagzm.pl\\\/en\\\/2019\\\/10\\\/04\\\/nowa-karetka-dla-bytomia\\\/\"]}]},{\"@type\":\"ImageObject\",\"inLanguage\":\"en-GB\",\"@id\":\"https:\\\/\\\/metropoliagzm.pl\\\/en\\\/2019\\\/10\\\/04\\\/nowa-karetka-dla-bytomia\\\/#primaryimage\",\"url\":\"https:\\\/\\\/metropoliagzm.pl\\\/wp-content\\\/uploads\\\/2019\\\/10\\\/20191004_104644.jpg\",\"contentUrl\":\"https:\\\/\\\/metropoliagzm.pl\\\/wp-content\\\/uploads\\\/2019\\\/10\\\/20191004_104644.jpg\",\"width\":2016,\"height\":980,\"caption\":\"Uroczysto\u015b\u0107 przekazania czeku na zakup karetki pogotowia\"},{\"@type\":\"BreadcrumbList\",\"@id\":\"https:\\\/\\\/metropoliagzm.pl\\\/en\\\/2019\\\/10\\\/04\\\/nowa-karetka-dla-bytomia\\\/#breadcrumb\",\"itemListElement\":[{\"@type\":\"ListItem\",\"position\":1,\"name\":\"Strona g\u0142\u00f3wna\",\"item\":\"https:\\\/\\\/metropoliagzm.pl\\\/\"},{\"@type\":\"ListItem\",\"position\":2,\"name\":\"Nowa karetka dla Bytomia\"}]},{\"@type\":\"WebSite\",\"@id\":\"https:\\\/\\\/metropoliagzm.pl\\\/en\\\/#website\",\"url\":\"https:\\\/\\\/metropoliagzm.pl\\\/en\\\/\",\"name\":\"Metropolia GZM\",\"description\":\"Oficjalny portal G\u00f3rno\u015bl\u0105sko-Zag\u0142\u0119biowskiej Metropolii\",\"publisher\":{\"@id\":\"https:\\\/\\\/metropoliagzm.pl\\\/en\\\/#organization\"},\"potentialAction\":[{\"@type\":\"SearchAction\",\"target\":{\"@type\":\"EntryPoint\",\"urlTemplate\":\"https:\\\/\\\/metropoliagzm.pl\\\/en\\\/?s={search_term_string}\"},\"query-input\":{\"@type\":\"PropertyValueSpecification\",\"valueRequired\":true,\"valueName\":\"search_term_string\"}}],\"inLanguage\":\"en-GB\"},{\"@type\":\"Organization\",\"@id\":\"https:\\\/\\\/metropoliagzm.pl\\\/en\\\/#organization\",\"name\":\"Metropolia GZM\",\"url\":\"https:\\\/\\\/metropoliagzm.pl\\\/en\\\/\",\"logo\":{\"@type\":\"ImageObject\",\"inLanguage\":\"en-GB\",\"@id\":\"https:\\\/\\\/metropoliagzm.pl\\\/en\\\/#\\\/schema\\\/logo\\\/image\\\/\",\"url\":\"https:\\\/\\\/metropoliagzm.pl\\\/wp-content\\\/uploads\\\/2019\\\/03\\\/Sygnet-strona-glowna.png\",\"contentUrl\":\"https:\\\/\\\/metropoliagzm.pl\\\/wp-content\\\/uploads\\\/2019\\\/03\\\/Sygnet-strona-glowna.png\",\"width\":36,\"height\":45,\"caption\":\"Metropolia GZM\"},\"image\":{\"@id\":\"https:\\\/\\\/metropoliagzm.pl\\\/en\\\/#\\\/schema\\\/logo\\\/image\\\/\"}},{\"@type\":\"Person\",\"@id\":\"https:\\\/\\\/metropoliagzm.pl\\\/en\\\/#\\\/schema\\\/person\\\/c9fceb6849d7a26f4ec678e1590cc9f4\",\"name\":\"bytom\",\"image\":{\"@type\":\"ImageObject\",\"inLanguage\":\"en-GB\",\"@id\":\"https:\\\/\\\/secure.gravatar.com\\\/avatar\\\/92ed18b52d4dcdb074e77cc049a0ab0f6740c086f465fee21a0615bf41b9be66?s=96&d=mm&r=g\",\"url\":\"https:\\\/\\\/secure.gravatar.com\\\/avatar\\\/92ed18b52d4dcdb074e77cc049a0ab0f6740c086f465fee21a0615bf41b9be66?s=96&d=mm&r=g\",\"contentUrl\":\"https:\\\/\\\/secure.gravatar.com\\\/avatar\\\/92ed18b52d4dcdb074e77cc049a0ab0f6740c086f465fee21a0615bf41b9be66?s=96&d=mm&r=g\",\"caption\":\"bytom\"},\"description\":\"Iwona Wronka, Biuro Prasowe UM w Bytomiu\",\"url\":\"https:\\\/\\\/metropoliagzm.pl\\\/en\\\/author\\\/bytom\\\/\"}]}<\/script>\n<!-- \/ Yoast SEO plugin. -->","yoast_head_json":{"title":"Nowa karetka dla Bytomia - Metropolia GZM","description":"Oficjalny portal G\u00f3rno\u015bl\u0105sko-Zag\u0142\u0119biowskiej Metropolii","robots":{"index":"index","follow":"follow","max-snippet":"max-snippet:-1","max-image-preview":"max-image-preview:large","max-video-preview":"max-video-preview:-1"},"canonical":"https:\/\/metropoliagzm.pl\/en\/2019\/10\/04\/nowa-karetka-dla-bytomia\/","twitter_card":"summary_large_image","twitter_title":"Nowa karetka dla Bytomia - Metropolia GZM","twitter_description":"Oficjalny portal G\u00f3rno\u015bl\u0105sko-Zag\u0142\u0119biowskiej Metropolii","twitter_image":"https:\/\/metropoliagzm.pl\/wp-content\/uploads\/2019\/10\/20191004_104644.jpg","twitter_misc":{"Written by":"bytom","Estimated reading time":"1 minute"},"schema":{"@context":"https:\/\/schema.org","@graph":[{"@type":"Article","@id":"https:\/\/metropoliagzm.pl\/en\/2019\/10\/04\/nowa-karetka-dla-bytomia\/#article","isPartOf":{"@id":"https:\/\/metropoliagzm.pl\/en\/2019\/10\/04\/nowa-karetka-dla-bytomia\/"},"author":{"name":"bytom","@id":"https:\/\/metropoliagzm.pl\/en\/#\/schema\/person\/c9fceb6849d7a26f4ec678e1590cc9f4"},"headline":"Nowa karetka dla Bytomia","datePublished":"2019-10-04T11:03:52+00:00","dateModified":"2019-10-04T11:04:39+00:00","mainEntityOfPage":{"@id":"https:\/\/metropoliagzm.pl\/en\/2019\/10\/04\/nowa-karetka-dla-bytomia\/"},"wordCount":277,"publisher":{"@id":"https:\/\/metropoliagzm.pl\/en\/#organization"},"image":{"@id":"https:\/\/metropoliagzm.pl\/en\/2019\/10\/04\/nowa-karetka-dla-bytomia\/#primaryimage"},"thumbnailUrl":"https:\/\/metropoliagzm.pl\/wp-content\/uploads\/2019\/10\/20191004_104644.jpg","keywords":["karetki pogotowia","Wojew\u00f3dzkie Pogotowie Ratunkowe","zdrowie"],"articleSection":["Bytom","Mieszka\u0144cy"],"inLanguage":"en-GB"},{"@type":"WebPage","@id":"https:\/\/metropoliagzm.pl\/en\/2019\/10\/04\/nowa-karetka-dla-bytomia\/","url":"https:\/\/metropoliagzm.pl\/en\/2019\/10\/04\/nowa-karetka-dla-bytomia\/","name":"Nowa karetka dla Bytomia - Metropolia GZM","isPartOf":{"@id":"https:\/\/metropoliagzm.pl\/en\/#website"},"primaryImageOfPage":{"@id":"https:\/\/metropoliagzm.pl\/en\/2019\/10\/04\/nowa-karetka-dla-bytomia\/#primaryimage"},"image":{"@id":"https:\/\/metropoliagzm.pl\/en\/2019\/10\/04\/nowa-karetka-dla-bytomia\/#primaryimage"},"thumbnailUrl":"https:\/\/metropoliagzm.pl\/wp-content\/uploads\/2019\/10\/20191004_104644.jpg","datePublished":"2019-10-04T11:03:52+00:00","dateModified":"2019-10-04T11:04:39+00:00","description":"Oficjalny portal G\u00f3rno\u015bl\u0105sko-Zag\u0142\u0119biowskiej Metropolii","breadcrumb":{"@id":"https:\/\/metropoliagzm.pl\/en\/2019\/10\/04\/nowa-karetka-dla-bytomia\/#breadcrumb"},"inLanguage":"en-GB","potentialAction":[{"@type":"ReadAction","target":["https:\/\/metropoliagzm.pl\/en\/2019\/10\/04\/nowa-karetka-dla-bytomia\/"]}]},{"@type":"ImageObject","inLanguage":"en-GB","@id":"https:\/\/metropoliagzm.pl\/en\/2019\/10\/04\/nowa-karetka-dla-bytomia\/#primaryimage","url":"https:\/\/metropoliagzm.pl\/wp-content\/uploads\/2019\/10\/20191004_104644.jpg","contentUrl":"https:\/\/metropoliagzm.pl\/wp-content\/uploads\/2019\/10\/20191004_104644.jpg","width":2016,"height":980,"caption":"Uroczysto\u015b\u0107 przekazania czeku na zakup karetki pogotowia"},{"@type":"BreadcrumbList","@id":"https:\/\/metropoliagzm.pl\/en\/2019\/10\/04\/nowa-karetka-dla-bytomia\/#breadcrumb","itemListElement":[{"@type":"ListItem","position":1,"name":"Strona g\u0142\u00f3wna","item":"https:\/\/metropoliagzm.pl\/"},{"@type":"ListItem","position":2,"name":"Nowa karetka dla Bytomia"}]},{"@type":"WebSite","@id":"https:\/\/metropoliagzm.pl\/en\/#website","url":"https:\/\/metropoliagzm.pl\/en\/","name":"Metropolia GZM","description":"Oficjalny portal G\u00f3rno\u015bl\u0105sko-Zag\u0142\u0119biowskiej Metropolii","publisher":{"@id":"https:\/\/metropoliagzm.pl\/en\/#organization"},"potentialAction":[{"@type":"SearchAction","target":{"@type":"EntryPoint","urlTemplate":"https:\/\/metropoliagzm.pl\/en\/?s={search_term_string}"},"query-input":{"@type":"PropertyValueSpecification","valueRequired":true,"valueName":"search_term_string"}}],"inLanguage":"en-GB"},{"@type":"Organization","@id":"https:\/\/metropoliagzm.pl\/en\/#organization","name":"Metropolia GZM","url":"https:\/\/metropoliagzm.pl\/en\/","logo":{"@type":"ImageObject","inLanguage":"en-GB","@id":"https:\/\/metropoliagzm.pl\/en\/#\/schema\/logo\/image\/","url":"https:\/\/metropoliagzm.pl\/wp-content\/uploads\/2019\/03\/Sygnet-strona-glowna.png","contentUrl":"https:\/\/metropoliagzm.pl\/wp-content\/uploads\/2019\/03\/Sygnet-strona-glowna.png","width":36,"height":45,"caption":"Metropolia GZM"},"image":{"@id":"https:\/\/metropoliagzm.pl\/en\/#\/schema\/logo\/image\/"}},{"@type":"Person","@id":"https:\/\/metropoliagzm.pl\/en\/#\/schema\/person\/c9fceb6849d7a26f4ec678e1590cc9f4","name":"bytom","image":{"@type":"ImageObject","inLanguage":"en-GB","@id":"https:\/\/secure.gravatar.com\/avatar\/92ed18b52d4dcdb074e77cc049a0ab0f6740c086f465fee21a0615bf41b9be66?s=96&d=mm&r=g","url":"https:\/\/secure.gravatar.com\/avatar\/92ed18b52d4dcdb074e77cc049a0ab0f6740c086f465fee21a0615bf41b9be66?s=96&d=mm&r=g","contentUrl":"https:\/\/secure.gravatar.com\/avatar\/92ed18b52d4dcdb074e77cc049a0ab0f6740c086f465fee21a0615bf41b9be66?s=96&d=mm&r=g","caption":"bytom"},"description":"Iwona Wronka, Biuro Prasowe UM w Bytomiu","url":"https:\/\/metropoliagzm.pl\/en\/author\/bytom\/"}]}},"_links":{"self":[{"href":"https:\/\/metropoliagzm.pl\/en\/wp-json\/wp\/v2\/posts\/14661","targetHints":{"allow":["GET"]}}],"collection":[{"href":"https:\/\/metropoliagzm.pl\/en\/wp-json\/wp\/v2\/posts"}],"about":[{"href":"https:\/\/metropoliagzm.pl\/en\/wp-json\/wp\/v2\/types\/post"}],"author":[{"embeddable":true,"href":"https:\/\/metropoliagzm.pl\/en\/wp-json\/wp\/v2\/users\/93"}],"replies":[{"embeddable":true,"href":"https:\/\/metropoliagzm.pl\/en\/wp-json\/wp\/v2\/comments?post=14661"}],"version-history":[{"count":3,"href":"https:\/\/metropoliagzm.pl\/en\/wp-json\/wp\/v2\/posts\/14661\/revisions"}],"predecessor-version":[{"id":14678,"href":"https:\/\/metropoliagzm.pl\/en\/wp-json\/wp\/v2\/posts\/14661\/revisions\/14678"}],"wp:featuredmedia":[{"embeddable":true,"href":"https:\/\/metropoliagzm.pl\/en\/wp-json\/wp\/v2\/media\/14662"}],"wp:attachment":[{"href":"https:\/\/metropoliagzm.pl\/en\/wp-json\/wp\/v2\/media?parent=14661"}],"wp:term":[{"taxonomy":"category","embeddable":true,"href":"https:\/\/metropoliagzm.pl\/en\/wp-json\/wp\/v2\/categories?post=14661"},{"taxonomy":"post_tag","embeddable":true,"href":"https:\/\/metropoliagzm.pl\/en\/wp-json\/wp\/v2\/tags?post=14661"}],"curies":[{"name":"wp","href":"https:\/\/api.w.org\/{rel}","templated":true}]}}