{"id":19913,"date":"2020-03-10T11:37:28","date_gmt":"2020-03-10T10:37:28","guid":{"rendered":"https:\/\/metropoliagzm.pl\/?p=19913"},"modified":"2020-03-10T11:37:28","modified_gmt":"2020-03-10T10:37:28","slug":"konsultacje-spoleczne-z-mieszkancami-wizja-centrow-wyr-i-gostyni-za-10-lat","status":"publish","type":"post","link":"https:\/\/metropoliagzm.pl\/en\/2020\/03\/10\/konsultacje-spoleczne-z-mieszkancami-wizja-centrow-wyr-i-gostyni-za-10-lat\/","title":{"rendered":"Konsultacje spo\u0142eczne z mieszka\u0144cami &#8211; wizja centr\u00f3w Wyr i Gostyni za 10 lat"},"content":{"rendered":"<div class=\"pdf-block\"><div class=\"pdfprnt-buttons  pdfprnt-new pdfprnt-buttons-post pdfprnt-top-right\"><div class=\"jssocials-share jssocials-share-twitter\"><a target=\"_blank\" href=\"https:\/\/twitter.com\/share?url=https:\/\/metropoliagzm.pl\/en\/wp-json\/wp\/v2\/posts\/19913;text=19913\" class=\"jssocials-share-link\"><i class=\"fa fa-twitter jssocials-share-logo\"><\/i><\/a><\/div><div class=\"jssocials-share jssocials-share-facebook\"><a target=\"_blank\" href=\"https:\/\/facebook.com\/sharer\/sharer.php?u=https:\/\/metropoliagzm.pl\/en\/wp-json\/wp\/v2\/posts\/19913\" class=\"jssocials-share-link\"><i class=\"fa fa-facebook jssocials-share-logo\"><\/i><\/a><\/div><div class=\"jssocials-share jssocials-share-pinterest\"><a target=\"_blank\" href=\"https:\/\/pinterest.com\/pin\/create\/bookmarklet\/?&amp;url=https:\/\/metropoliagzm.pl\/en\/wp-json\/wp\/v2\/posts\/19913;description=19913\" class=\"jssocials-share-link\"><i class=\"fa fa-pinterest jssocials-share-logo\"><\/i><\/a><\/div><a href=\"https:\/\/metropoliagzm.pl\/en\/wp-json\/wp\/v2\/posts\/19913?print=pdf\" class=\"pdfprnt-button pdfprnt-button-pdf\" target=\"_blank\"><img decoding=\"async\" src=\"https:\/\/metropoliagzm.pl\/wp-content\/plugins\/pdf-print\/images\/pdf.png\" alt=\"image_pdf\" title=\"View PDF\" \/><\/a><a href=\"https:\/\/metropoliagzm.pl\/en\/wp-json\/wp\/v2\/posts\/19913?print=print\" class=\"pdfprnt-button pdfprnt-button-print\" target=\"_blank\"><img decoding=\"async\" src=\"https:\/\/metropoliagzm.pl\/wp-content\/plugins\/pdf-print\/images\/print.png\" alt=\"image_print\" title=\"Print Content\" \/><\/a><\/div><\/div><div class=\"post-block-pdf\"><div class=\"pdfprnt-buttons pdfprnt-buttons-post pdfprnt-top-right\"><a href=\"https:\/\/metropoliagzm.pl\/en\/wp-json\/wp\/v2\/posts\/19913?print=pdf\" class=\"pdfprnt-button pdfprnt-button-pdf\" target=\"_blank\"><img decoding=\"async\" src=\"https:\/\/metropoliagzm.pl\/wp-content\/plugins\/pdf-print\/images\/pdf.png\" alt=\"image_pdf\" title=\"View PDF\" \/><\/a><a href=\"https:\/\/metropoliagzm.pl\/en\/wp-json\/wp\/v2\/posts\/19913?print=print\" class=\"pdfprnt-button pdfprnt-button-print\" target=\"_blank\"><img decoding=\"async\" src=\"https:\/\/metropoliagzm.pl\/wp-content\/plugins\/pdf-print\/images\/print.png\" alt=\"image_print\" title=\"Print Content\" \/><\/a><\/div>\n<p><strong>Kolejne spotkania konsultacyjne wspomagaj\u0105ce procedur\u0119 sporz\u0105dzenia plan\u00f3w zagospodarowania przestrzennego w Gminie Wyry, odby\u0142y si\u0119 4 marca w Domu Kultury w Gostyni oraz 5 marca w Szkole Podstawowej w Wyrach. Tym razem, tematem warsztat\u00f3w by\u0142y centra naszych miejscowo\u015bci.<\/strong><\/p>\n\n\n\n<p>Na pocz\u0105tek, Anna Poloczek, ekspert ds. planowania przestrzennego przedstawi\u0142a kr\u00f3tk\u0105 prezentacj\u0119 oraz opowiedzia\u0142a o tym, czym w og\u00f3le jest miejscowy plan zagospodarowania przestrzennego. Mieszka\u0144cy dowiedzieli si\u0119, \u017ce jest on aktem prawa miejscowego, kt\u00f3ry obowi\u0105zuje wy\u0142\u0105cznie na obszarze dzia\u0142ania Rady Gminy. Jego postanowienia s\u0105 wi\u0105\u017c\u0105ce dla ka\u017cdego, oznacza to, \u017ce ka\u017cda decyzja administracyjna (np. pozwolenie na budow\u0119) dotycz\u0105ca terenu obj\u0119tego planem musi by\u0107 zgodna z jego postanowieniami. Plan przyjmowany jest w formie uchwa\u0142y, kt\u00f3ra sk\u0142ada si\u0119 z dw\u00f3ch cz\u0119\u015bci: tekstowej (zawiera szczeg\u00f3\u0142y, kt\u00f3re nie znalaz\u0142y si\u0119 na rysunku, np. informacje o dopuszczalnej wysoko\u015bci budynk\u00f3w, wska\u017anik zabudowy, wska\u017anik powierzchni biologicznie czynnej, czy zasady podzia\u0142u nieruchomo\u015bci) i rysunkowej (graficzne przedstawienie przeznaczenia nieruchomo\u015bci, czy granica nieprzekraczalnej linii zabudowy).<\/p>\n\n\n\n<p>Aby umo\u017cliwi\u0107 mieszka\u0144com prawid\u0142owe odczytanie planu, ekspertka szczeg\u00f3\u0142owo obja\u015bni\u0142a umieszczone na rysunku symbole i kolory oraz om\u00f3wi\u0142a, co plan zawiera, czyli: jakie jest przeznaczenie terenu, jakie s\u0105 zasady gospodarowania na konkretnych terenach, jaka jest maksymalna powierzchnia zabudowy na dzia\u0142ce budowlanej, ile wynosi minimalny udzia\u0142 powierzchni biologicznie czynnej na dzia\u0142ce budowlanej, jakie s\u0105 zasady ochrony przyrody, dziedzictwa kulturowego (zabytk\u00f3w) i d\u00f3br kultury wsp\u00f3\u0142czesnej (pomnik\u00f3w, czy miejsc pami\u0119ci), jakie s\u0105 wymagania dotycz\u0105ce kszta\u0142towania przestrzeni publicznych, jakie s\u0105 wytyczne dotycz\u0105ce kszta\u0142towania zabudowy i zagospodarowania terenu (tzn. jakie mog\u0105 by\u0107 gabaryty budynk\u00f3w na wyznaczonym terenie), w jaki spos\u00f3b mog\u0105 by\u0107 zagospodarowane tereny o szczeg\u00f3lnej ochronie lub np. tereny nara\u017cone na ryzyko osuni\u0119cia ziemi, na jakich zasadach mo\u017cna \u0142\u0105czy\u0107 i dzieli\u0107 nieruchomo\u015bci obj\u0119te planem miejscowym, gdzie obowi\u0105zuje zakaz zabudowy, a gdzie s\u0105 znaczne ograniczenia, jak b\u0119dzie modernizowana, b\u0105d\u017a rozbudowana infrastruktura techniczna i systemy komunikacji (czyli m.in. kt\u00f3r\u0119dy b\u0119d\u0105 prowadzone nowe drogi). Dla u\u0142atwienia zrozumienia procedury tworzenia planu, na konkretnym przyk\u0142adzie ekspertka przedstawi\u0142a schemat budowania planu.<\/p>\n\n\n\n<p>Mieszka\u0144cy otrzymali tak\u017ce informacje, w jakim celu nale\u017cy sprawdza\u0107 miejscowe plany. B\u0119dzie im to potrzebne np. przy zamiarze zakupu dzia\u0142ki, przy budowie domu jednorodzinnego, czy przy zakupie nieruchomo\u015bci w celu uruchomienia w\u0142asnej dzia\u0142alno\u015bci gospodarczej.Dowiedzieli si\u0119 tak\u017ce, \u017ce miejscowy plan zagospodarowania przestrzennego musi by\u0107 zgodny ze Studium uwarunkowa\u0144 i kierunk\u00f3w zagospodarowania przestrzennego.<\/p>\n\n\n\n<p>Zanim rozpocz\u0105\u0142 si\u0119 kolejny etap spotkania, g\u0142os zabra\u0142 jeden z mieszka\u0144c\u00f3w Gostyni. Poruszy\u0142 on aspekt drogi, kt\u00f3ra zosta\u0142a w 2019 roku zamieszczona w Studium wbrew opinii mieszka\u0144c\u00f3w. Temat nie zosta\u0142 podczas spotkania rozwini\u0119ty, poniewa\u017c jego zakres nie obejmowa\u0142 kwestii centrum miejscowo\u015bci Gosty\u0144.<\/p>\n\n\n\n<p>Nast\u0119pnie, rozpocz\u0105\u0142 si\u0119 ju\u017c w\u0142a\u015bciwy punkt spotkania \u2013 prezentacja Leszka Kuli, projektanta plan\u00f3w zagospodarowania, dotycz\u0105ca charakterystyki przestrzeni centrum. Projektant nowych miejscowych plan\u00f3w zagospodarowania przestrzennego zaznaczy\u0142, \u017ce to mieszka\u0144cy, bior\u0105c udzia\u0142 w konsultacjach, czy sk\u0142adaj\u0105c wnioski do planu, decyduj\u0105 o wygl\u0105dzie planu i swojej przysz\u0142o\u015bci. Temu etapowi spotkania towarzyszy\u0142a prezentacja multimedialna przedstawiaj\u0105ca fotografie centrum Gostyni.<\/p>\n\n\n\n<p>Leszek Kula przypomnia\u0142 mieszka\u0144com, \u017ce Gmina Wyry posiada Studium uwarunkowa\u0144 i kierunk\u00f3w zagospodarowania przestrzennego, kt\u00f3rego wytyczne stanowi\u0105 ograniczenia dla planu miejscowego, poniewa\u017c jego nowy projekt musi by\u0107 ca\u0142kowicie zgodny z uchwalonym Studium.<\/p>\n\n\n\n<p>Projektant dokona\u0142 charakterystyki gminy, jako przestrzeni spokojnej, nieposiadaj\u0105cej przemys\u0142u ci\u0119\u017ckiego. Zwr\u00f3ci\u0142 uwag\u0119, i\u017c \u017cyj\u0105cy tu ludzie, doje\u017cd\u017caj\u0105 zazwyczaj do miejsca pracy poza gmin\u0119, na zewn\u0105trz. Dla tworzonego planu jest to cenna uwaga, poniewa\u017c stanowi to informacj\u0119, \u017ce w centrum Gostyni potrzebna jest dogodna i zintegrowana infrastruktura komunikacyjna, gwarantuj\u0105ca mieszka\u0144com wygodne dotarcie do centrum miejscowo\u015bci, czy pieszo, czy rowerem, a dalej zmiana \u015brodka transportu na komunikacj\u0119 miejsk\u0105. Ekspert podkre\u015bli\u0142, \u017ce celem konsultacji jest pozyskanie od mieszka\u0144c\u00f3w informacji, czego oczekuj\u0105 i jakie s\u0105 ich potrzeby je\u015bli chodzi o centrum Gostyni.<\/p>\n\n\n\n<p>Jeden z mieszka\u0144c\u00f3w przys\u0142uchuj\u0105cych si\u0119 prezentacji zada\u0142 pytanie, jak wygl\u0105da w praktyce proces uchwalania miejscowych plan\u00f3w zagospodarowania przestrzennego. Projektant przedstawi\u0142 proces powstawania planu nast\u0119puj\u0105co: podj\u0119cie przez Rad\u0119 Gminy Wyry uchwa\u0142 o przyst\u0105pieniu do sporz\u0105dzenia planu, zbieranie wniosk\u00f3w do planu przez co najmniej 21 dni od dnia og\u0142oszenia \u2013 konsultacje spo\u0142eczne (spotkania otwarte, warsztaty konsultacyjne, ankieta), analiza wniosk\u00f3w, opracowanie projekt\u00f3w plan\u00f3w, opiniowanie i uzgadnianie projekt\u00f3w przez w\u0142a\u015bciwe organy i instytucje (zaopiniowanie, czy plan nie ma wad prawnych przez oko\u0142o 40 instytucji \u2013 m. in. Wojewod\u0119 \u015al\u0105skiego, Marsza\u0142ka Wojew\u00f3dztwa, czy te\u017c gminy o\u015bcienne), wprowadzenie zmian wynikaj\u0105cych z opinii i uzgodnie\u0144, wy\u0142o\u017cenie do publicznego wgl\u0105du przez co najmniej 21 dni i przeprowadzenie w tym czasie dyskusji publicznych, mo\u017cliwo\u015b\u0107 sk\u0142adania uwag do projekt\u00f3w plan\u00f3w przez co najmniej 14 dni od zako\u0144czenia okresu wy\u0142o\u017cenia projekt\u00f3w do publicznego wgl\u0105du, wprowadzenie zmian wynikaj\u0105cych z uwzgl\u0119dnionych uwag, przedstawienie Radzie Gminy Wyry projekt\u00f3w plan\u00f3w do uchwalenia wraz z list\u0105 nieuwzgl\u0119dnionych uwag, kt\u00f3re ponownie zostan\u0105 przez ni\u0105 rozpatrzone i ostatecznie, uchwalenie przez Rad\u0119 Gminy Wyry miejscowych plan\u00f3w zagospodarowania miejscowo\u015bci Wyry oraz Gosty\u0144.<\/p>\n\n\n\n<p>Projektant dokona\u0142 charakterystyki gminy, jako przestrzeni spokojnej, nieposiadaj\u0105cej przemys\u0142u ci\u0119\u017ckiego. Zwr\u00f3ci\u0142 uwag\u0119, i\u017c \u017cyj\u0105cy tu ludzie, doje\u017cd\u017caj\u0105 zazwyczaj do miejsca pracy poza gmin\u0119, na zewn\u0105trz. Dla tworzonego planu jest to cenna uwaga, poniewa\u017c stanowi to informacj\u0119, \u017ce w centrum naszych miejscowo\u015bci potrzebna jest dogodna i zintegrowana infrastruktura komunikacyjna, gwarantuj\u0105ca mieszka\u0144com wygodne dotarcie do centrum miejscowo\u015bci, czy pieszo, czy rowerem, a dalej zmiana \u015brodka transportu na komunikacj\u0119 miejsk\u0105. Ekspert podkre\u015bli\u0142, \u017ce celem konsultacji jest pozyskanie od mieszka\u0144c\u00f3w informacji, czego oczekuj\u0105 i jakie s\u0105 ich potrzeby je\u015bli chodzi o centrum Gostyni oraz Wyr.<\/p>\n\n\n\n<p>Podczas konsultacji w Gostyni rozwin\u0119\u0142a si\u0119 dyskusja nad pytaniem jednej z mieszkanek Gostyni, dotycz\u0105cym stanowiska Gminy Wyry w zwi\u0105zku z planami dyrektora \u0142aziskiej kopalni, zwi\u0105zanymi z wydobyciem w\u0119gla na terenie Gostyni.<\/p>\n\n\n\n<p>T\u0119 pal\u0105c\u0105 w ostatnim czasie kwesti\u0119 szczeg\u00f3\u0142owo om\u00f3wi\u0142a W\u00f3jt Gminy, Barbara Praso\u0142. Poinformowa\u0142a ona mieszka\u0144c\u00f3w, \u017ce w obowi\u0105zuj\u0105cym wci\u0105\u017c miejscowym planie zagospodarowania przestrzennego, nie ma umiejscowionego obszaru g\u00f3rniczego na terenie Gostyni. W\u00f3jt odnios\u0142a si\u0119 do historii gminy i tego, \u017ce jedynie na terenie miejscowo\u015bci Wyry by\u0142a kiedy\u015b eksploatacja g\u00f3rnicza i tam te\u017c jest ona zawarta w planie.<\/p>\n\n\n\n<p>Pytanie mieszkanki odnosi\u0142o si\u0119 tak\u017ce do lutowej Sesji Rady Gminy Wyry i o\u015bwiadczenia obecnego na niej Dyrektora Kopalni Boles\u0142aw \u015amia\u0142y w \u0141aziskach G\u00f3rnych kt\u00f3ry przedstawi\u0142 swoje plany, co do dalszego utrzymania kopalni i plan\u00f3w wydobycia w\u0119gla na terenie Gostyni.<\/p>\n\n\n\n<p>W\u00f3jt potwierdzi\u0142a, \u017ce w obowi\u0105zuj\u0105cym Studium jest potwierdzone istnienie pok\u0142ad\u00f3w w\u0119gla pod Gostyni\u0105. Jednak o mo\u017cliwo\u015bci eksploatowania tych pok\u0142ad\u00f3w decyduje minister, kt\u00f3ry wydaje koncesj\u0119 na utworzenie obszaru g\u00f3rniczego. Czy dojdzie do wydania koncesji na chwil\u0119 obecn\u0105 nie wiadomo. Polska Grupa G\u00f3rnicza b\u0119dzie si\u0119 o to stara\u0142a, jednak w tym momencie Gmina Wyry nie posiada \u017cadnych dokument\u00f3w to potwierdzaj\u0105cych. W\u00f3jt poinformowa\u0142a zebranych mieszka\u0144c\u00f3w, \u017ce je\u017celi wp\u0142ynie pismo, \u017ce procedura starania si\u0119 o koncesj\u0119 si\u0119 rozpoczyna, gmina na pewno skonsultuje si\u0119 z mieszka\u0144cami. Przestawi\u0142a tak\u017ce swoje stanowisko co do plan\u00f3w eksploatacji. <em>Na pewno b\u0119dziemy broni\u0107 tego, \u017ceby tej dzia\u0142alno\u015bci na terenie Gostyni nie by\u0142o. Ze wzgl\u0119d\u00f3w finansowych jest to bardzo kosztowna inwestycja. Maj\u0105c na wzgl\u0119dzie kwestie finansowe, a tak\u017ce ochron\u0119 klimatu i \u015brodowiska, raczej d\u0105\u017cy si\u0119 do tego, \u017ceby wygasza\u0107 kopalnie, a nie je rozbudowywa\u0107 <\/em>\u2013 powiedzia\u0142a.Podkre\u015bli\u0142a tak\u017ce, \u017ce na pewno odb\u0119dzie si\u0119 spotkaniez dyrektorem kopalni, je\u017celi tylko pojawi si\u0119 pismo informuj\u0105ce o rozpocz\u0119ciu starania si\u0119 kopalni o koncesj\u0119.<\/p>\n\n\n\n<p>Z kolei w Wyrach, jeden z mieszka\u0144c\u00f3w zada\u0142 pytanie, jakie mo\u017cliwo\u015bci ma Gmina Wyry je\u015bli chodzi o mo\u017cliwo\u015b\u0107 zablokowania ogromnej inwestycji \u2013 budowy autostrady A4 bis, kt\u00f3rej jeden z wariant\u00f3w zak\u0142ada przebieg przez fragment miejscowo\u015bci Wyry.<\/p>\n\n\n\n<p>Anna Poloczek zabra\u0142a g\u0142os w tej sprawie i wyt\u0142umaczy\u0142a, \u017ce gmina nie mo\u017ce zablokowa\u0107 tej inwestycji bez uzasadnionych argument\u00f3w i przyczyn, poniewa\u017c jest to inwestycja celu publicznego. Natomiast mo\u017cliwy jest dialog spo\u0142eczny i konsultacja z gmin\u0105 oraz mieszka\u0144cami wariant\u00f3w przebiegu trasy. Plan zagospodarowania oraz Studium nie wp\u0142ywa na ustalenie przebiegu trasy. W tym przypadku dzia\u0142a tzw. Specustawa.<\/p>\n\n\n\n<p>W dalszej cz\u0119\u015bci spotkania, uczestnicy spotkania w Gostyni mieli za zadanie pochyli\u0107 si\u0119 nad map\u0105 oraz makiet\u0105 centrum swojej miejscowo\u015bci i zaznaczy\u0107 miejsca, kt\u00f3re ich zdaniem s\u0105 plusem tej przestrzeni, czym\u015b co si\u0119 sprawdza i co dobrze funkcjonuje, a kt\u00f3re miejsca zdecydowanie s\u0105 niekorzystnym jej elementem. Po kilkuminutowej dyskusji i wsp\u00f3lnej pracy, mieszka\u0144cy doszli do nast\u0119puj\u0105cych wniosk\u00f3w:<\/p>\n\n\n\n<p>&#8211; najwa\u017cniejsze miejsca u\u017cytku publicznego, takie jak dom kultury, o\u015brodek zdrowia, gminne przedszkole, apteka oraz r\u00f3\u017cne sklepy znajduj\u0105 si\u0119 w jednym miejscu, co bardzo u\u0142atwia korzystanie z przestrzeni i sprzyja wygodzie mieszka\u0144c\u00f3w,<\/p>\n\n\n\n<p>&#8211; w centrum znajduje si\u0119 budka z lodami, co jest doskona\u0142ym miejscem do letniej integracji zar\u00f3wno dzieci, jak i doros\u0142ych mieszka\u0144c\u00f3w gminy,<\/p>\n\n\n\n<p>&#8211; wyremontowane zosta\u0142y niedawno zar\u00f3wno gminne przedszkole, jak i \u015bwietlica \u015brodowiskowa, w planie jest tak\u017ce termomodernizacja domu kultury, co bardzo podnosi nie tylko estetyk\u0119 przestrzeni centrum, ale tak\u017ce wp\u0142ywa na wygod\u0119 i jako\u015b\u0107 korzystania z tych miejsc w szczeg\u00f3lno\u015bci przez osoby z utrudnionym dost\u0119pem do miejsc publicznych, np. osoby niepe\u0142nosprawne.<\/p>\n\n\n\n<p>Zdecydowanie wi\u0119cej kwestii uznano za minusy. By\u0142y to m. in.:<\/p>\n\n\n\n<p>&#8211; brak chodnika po prawej stronie ul. Rybnickiej od skrzy\u017cowania z ul. Pszczy\u0144sk\u0105 do ko\u015bcio\u0142a pw. \u015awi\u0119tych Aposto\u0142\u00f3w Piotra i Paw\u0142a,<\/p>\n\n\n\n<p>&#8211; brak poczty w Gostyni,<\/p>\n\n\n\n<p>&#8211; brak wystarczaj\u0105cej ilo\u015bci miejsc parkingowych w centrum Gostyni,<\/p>\n\n\n\n<p>&#8211; niebezpieczny wyjazd z parkingu przy domu kultury i gminnym przedszkolu,<\/p>\n\n\n\n<p>&#8211; niezagospodarowana przestrze\u0144 przed przedszkolem,<\/p>\n\n\n\n<p>&#8211; brak zagospodarowania zieleni\u0105 i niewykorzystanie potencja\u0142u teren\u00f3w za Zagrod\u0105 \u015al\u0105sk\u0105, wzd\u0142u\u017c rowu, b\u0119d\u0105cego jednym z dop\u0142yw\u00f3w rzeki Gostynki,<\/p>\n\n\n\n<p>&#8211; korkowanie si\u0119 wyjazdu z ul. Rybnickiej na ul. Pszczy\u0144sk\u0105, \u017ale zagospodarowana przestrze\u0144 skrzy\u017cowania.<\/p>\n\n\n\n<p>Nast\u0119pnie moderator Agnieszka Czachowska zaproponowa\u0142a uczestnikom warsztat\u00f3w kr\u00f3tkie \u0107wiczenie, polegaj\u0105ce na wyobra\u017ceniu sobie przestrzeni centrum Gostyni za 10 lat. Mieszka\u0144cy mieli zwr\u00f3ci\u0107 uwag\u0119 przede wszystkim na to, co chcieliby za\u0142atwi\u0107, gdzie usi\u0105\u015b\u0107 w tej przestrzeni, czy teren jest zielony, przyjazny, czy napotykaj\u0105 jakie\u015b przeszkody itd.<\/p>\n\n\n\n<p>Kolejno, o om\u00f3wienie cech dobrej przestrzeni poproszony zosta\u0142 Micha\u0142 Stangel, kt\u00f3ry podkre\u015bli\u0142, \u017ce dobra przestrze\u0144 publiczna powinna zaspokaja\u0107 potrzeby mieszka\u0144c\u00f3w. Przestrze\u0144 powinna tworzy\u0107 obszar spo\u0142ecznej integracji oraz miejsce realizacji potrzeb materialnych i niematerialnych. Zwr\u00f3ci\u0142 on uwag\u0119 w szczeg\u00f3lno\u015bci na: estetyk\u0119 przestrzeni, bezpiecze\u0144stwo jej u\u017cytkownik\u00f3w, funkcjonalno\u015b\u0107 jej element\u00f3w, ale tak\u017ce elementy zieleni i dost\u0119pu do wody.<\/p>\n\n\n\n<p>Mieszka\u0144cy przyst\u0105pili do kolejnej pracy grupowej, polegaj\u0105cej na umieszczeniu na mapie swoich pomys\u0142\u00f3w na przeorganizowanie centrum, wprowadzenie nowych funkcji miejsc ju\u017c istniej\u0105cych, a tak\u017ce na dodanie do przestrzeni centrum nowych element\u00f3w. Zaproponowali oni nast\u0119puj\u0105ce zmiany:<\/p>\n\n\n\n<p>&#8211; zagospodarowanie teren\u00f3w zielonych za istniej\u0105cymi budynkami \u2013 domem kultury, a tak\u017ce gminnym przedszkolem \u2013 zwi\u0119kszenie liczby miejsc parkingowych, lecz nie w formie betonowych puzzli, tylko parking\u00f3w \u201ezielonych\u201d, po\u0142\u0105czenie zielonego parkingu za centrum zdrowia z Zagrod\u0105 \u015al\u0105sk\u0105 za domem kultury, uwzgl\u0119dnienie na terenie parking\u00f3w r\u00f3wnie\u017c potrzeb rowerzyst\u00f3w (stojaki rowerowe),<\/p>\n\n\n\n<p>&#8211; stworzenie skate parku,<\/p>\n\n\n\n<p>&#8211; przebudowa istniej\u0105cego przystanku autobusowego i utworzenie nowoczesnego miejsca, \u0142\u0105cz\u0105cego kilka funkcji \u2013 miejsca, gdzie mo\u017cna usi\u0105\u015b\u0107 i np. napi\u0107 si\u0119 kawy oraz odpocz\u0105\u0107 w\u015br\u00f3d zieleni (ogr\u00f3d wodny),<\/p>\n\n\n\n<p>&#8211; utworzenie chodnika wzd\u0142u\u017c ul. Pszczy\u0144skiej od wysoko\u015bci ul. Tyskiej, w kierunku Wyr, a\u017c do sklep\u00f3w (\u201eMasorz\u201d),<\/p>\n\n\n\n<p>&#8211; utworzenie ronda na skrzy\u017cowaniu ulic Pszczy\u0144skiej oraz Rybnickiej,<\/p>\n\n\n\n<p>&#8211; zwi\u0119kszenie bezpiecze\u0144stwa dla pieszych w rejonie skrzy\u017cowania ul. Pszczy\u0144skiej oraz Rybnickiej \u2013 wprowadzenie luster, \u015bwiate\u0142 lub oddalenie przej\u015b\u0107 od skrzy\u017cowania,<\/p>\n\n\n\n<p>&#8211; usprawnienie wyjazdu z gminnego przedszkola, a tak\u017ce poprawa bezpiecze\u0144stwa w tym rejonie \u2013 likwidacja parkingu wzd\u0142u\u017c domu kultury, zamiast tego utworzenie wyjazdu jednokierunkowego z pasem w\u0142\u0105czaj\u0105cym do ruchu,<\/p>\n\n\n\n<p>&#8211; utworzenie ogrod\u00f3w wodnych, w celu poprawy estetyki centrum, ale r\u00f3wnie\u017c powstania miejsca wypoczynkowego dla mieszka\u0144c\u00f3w,<\/p>\n\n\n\n<p>&#8211; utworzenie za gminnym przedszkolem k\u0142adki nad rowem \u2013 dop\u0142ywem Gostynki,<\/p>\n\n\n\n<p>&#8211; utworzenie bulwar\u00f3w, wzd\u0142u\u017c dop\u0142ywu Gostynki (od ul. Brze\u017anej \u2013 po\u0142\u0105czenie jej z ul. Pszczy\u0144sk\u0105), jako miejsca rekreacji dla mieszka\u0144c\u00f3w, rodzin, spacerowicz\u00f3w, a tak\u017ce dla przyjezdnych biegaczy, czy rowerzyst\u00f3w \u2013 po\u0142\u0105czenie bulwar\u00f3w z Zagrod\u0105 \u015al\u0105sk\u0105 i przedszkolem,<\/p>\n\n\n\n<p>&#8211; utworzenie wieczork\u00f3w tanecznych w domu kultury,<\/p>\n\n\n\n<p>&#8211; utworzenie wiaty przystankowej z funkcj\u0105 informacyjn\u0105,<\/p>\n\n\n\n<p>&#8211; zamiast ogrodu deszczowego utworzenie fontanny, do kt\u00f3rej zasilania u\u017cyta by\u0142aby woda opadowa.<\/p>\n\n\n\n<p>R\u00f3wnie gor\u0105ca dyskusja mia\u0142a miejsce podczas konsultacji w Wyrach. W\u015br\u00f3d wad przestrzeni centrum Wyr uczestnicy spotkania uznali: g\u0142\u00f3wn\u0105 i ruchliw\u0105 drog\u0119 przecinaj\u0105c\u0105 teren, niezmodernizowane budynki \u2013 m. in. tzw. \u201estare przedszkole\u201d, stare, odstraszaj\u0105ce ogrodzenia, ma\u0142o miejsc parkingowych bezpo\u015brednio pod przychodni\u0105, brak miejsc parkingowych w porze niedzielnych mszy \u015bwi\u0119tych w okolicach ko\u015bcio\u0142a, samochody \u0142ami\u0105ce przepisy ruchy drogowego, stoj\u0105ce w\u00f3wczas w miejscach niedozwolonych.<\/p>\n\n\n\n<p>W koncepcjach obu grup pojawi\u0142o si\u0119 wyburzenie budynku po dawnym domu kultury. W jego miejsce, zaproponowano utworzenie zielonego skweru spe\u0142niaj\u0105cego funkcj\u0119 zar\u00f3wno wypoczynkow\u0105, jak i kulturaln\u0105. Powstanie du\u017co wolnej przestrzeni, kt\u00f3ra spowoduje, \u017ce centrum Wyr stanie si\u0119 bardziej otwarte i przyjazne. W tym miejscu m\u00f3g\u0142by r\u00f3wnie\u017c powsta\u0107 tzw. teren ma\u0142ej rekreacji \u2013 park z si\u0142owni\u0105 zewn\u0119trzn\u0105 oraz placem zabaw (przeniesionym spod obecnego tzw. \u201estarego przedszkola\u201d).<\/p>\n\n\n\n<p>Druga z grup zaproponowa\u0142a z kolei utworzenie w miejscu po domu kultury mniejszego, funkcjonalnego, nowoczesnego budynku, kt\u00f3re tak\u017ce spe\u0142nia\u0142by funkcje kulturalne.<\/p>\n\n\n\n<p>Mieszka\u0144cy zwr\u00f3cili te\u017c uwag\u0119 na brak miejsca lokalu gastronomicznego w centrum Wyr i zaproponowali utworzenie restauracji.<\/p>\n\n\n\n<p>Jedna z grup zaproponowa\u0142a likwidacj\u0119 p\u0142otu i utworzenie parku\/miejsca odpoczynku na terenie obecnego ko\u015bcielnego placu, a tak\u017ce utworzenie zielonego parkingu na terenie obecnego parkingu pod przedszkolem.<\/p>\n\n\n\n<p>Do pomys\u0142\u00f3w uczestnik\u00f3w spotkania odnios\u0142a si\u0119 W\u00f3jt Barbara Praso\u0142, kt\u00f3ra podzi\u0119kowa\u0142a mieszka\u0144com za propozycje i poinformowa\u0142a, \u017ce przede wszystkim wa\u017cne jest dla niej ich spojrzenie na kwesti\u0119 przysz\u0142o\u015bci budynku po dawnym domu kultury, poniewa\u017c jedn\u0105 z najrozs\u0105dniejszych opcji na razie wydaje si\u0119 jego wyburzenie i wybudowanie nowego nowoczesnego obiektu. Przypomnia\u0142a ona tak\u017ce histori\u0119 tego obiektu i zapewni\u0142a, \u017ce Gmina Wyry b\u0119dzie chcia\u0142a utrzyma\u0107 funkcj\u0119 kulturaln\u0105 tej przestrzeni.<\/p>\n\n\n\n<p>Konsultacje odby\u0142y si\u0119 w ramach projektu \u201eNowa jako\u015b\u0107 konsultacji spo\u0142ecznych w planowaniu przestrzennym\u201d, realizowanego w ramach Programu Operacyjnego Wiedza Edukacja Rozw\u00f3j 2014-2020 wsp\u00f3\u0142finansowanego ze \u015brodk\u00f3w Europejskiego Funduszu Spo\u0142ecznego.<\/p>\n\n\n\n<p>\u0179r\u00f3d\u0142o: UG Wyry<\/p>\n<div class=\"post-author\" style=\"font-size:13px\">Witold Tr\u00f3lka<\/div><\/div>","protected":false},"excerpt":{"rendered":"<p>Kolejne spotkania konsultacyjne wspomagaj\u0105ce procedur\u0119 sporz\u0105dzenia plan\u00f3w zagospodarowania przestrzennego w Gminie Wyry, odby\u0142y si\u0119 4 marca w Domu Kultury w Gostyni oraz 5 marca w Szkole Podstawowej w Wyrach. Tym razem, tematem warsztat\u00f3w by\u0142y centra naszych miejscowo\u015bci. Na pocz\u0105tek, Anna Poloczek, ekspert ds. planowania przestrzennego&#8230;<\/p>","protected":false},"author":140,"featured_media":19914,"comment_status":"closed","ping_status":"closed","sticky":false,"template":"","format":"standard","meta":{"_acf_changed":false,"footnotes":""},"categories":[239,233],"tags":[1966],"class_list":["post-19913","post","type-post","status-publish","format-standard","has-post-thumbnail","hentry","category-gospodarka-i-inwestycje","category-wyry","tag-strategia-rozwoju"],"acf":[],"yoast_head":"<!-- This site is optimized with the Yoast SEO plugin v27.4 - https:\/\/yoast.com\/product\/yoast-seo-wordpress\/ -->\n<title>Konsultacje spo\u0142eczne z mieszka\u0144cami - wizja centr\u00f3w Wyr i Gostyni za 10 lat - Metropolia GZM<\/title>\n<meta name=\"description\" content=\"Oficjalny portal G\u00f3rno\u015bl\u0105sko-Zag\u0142\u0119biowskiej Metropolii\" \/>\n<meta name=\"robots\" content=\"index, follow, max-snippet:-1, max-image-preview:large, max-video-preview:-1\" \/>\n<link rel=\"canonical\" href=\"https:\/\/metropoliagzm.pl\/en\/2020\/03\/10\/konsultacje-spoleczne-z-mieszkancami-wizja-centrow-wyr-i-gostyni-za-10-lat\/\" \/>\n<meta name=\"twitter:card\" content=\"summary_large_image\" \/>\n<meta name=\"twitter:title\" content=\"Konsultacje spo\u0142eczne z mieszka\u0144cami - wizja centr\u00f3w Wyr i Gostyni za 10 lat - Metropolia GZM\" \/>\n<meta name=\"twitter:description\" content=\"Oficjalny portal G\u00f3rno\u015bl\u0105sko-Zag\u0142\u0119biowskiej Metropolii\" \/>\n<meta name=\"twitter:image\" content=\"https:\/\/metropoliagzm.pl\/wp-content\/uploads\/2020\/03\/wyrrry.jpg\" \/>\n<meta name=\"twitter:label1\" content=\"Written by\" \/>\n\t<meta name=\"twitter:data1\" content=\"Witold Tr\u00f3lka\" \/>\n\t<meta name=\"twitter:label2\" content=\"Estimated reading time\" \/>\n\t<meta name=\"twitter:data2\" content=\"13 minutes\" \/>\n<script type=\"application\/ld+json\" class=\"yoast-schema-graph\">{\"@context\":\"https:\\\/\\\/schema.org\",\"@graph\":[{\"@type\":\"Article\",\"@id\":\"https:\\\/\\\/metropoliagzm.pl\\\/2020\\\/03\\\/10\\\/konsultacje-spoleczne-z-mieszkancami-wizja-centrow-wyr-i-gostyni-za-10-lat\\\/#article\",\"isPartOf\":{\"@id\":\"https:\\\/\\\/metropoliagzm.pl\\\/2020\\\/03\\\/10\\\/konsultacje-spoleczne-z-mieszkancami-wizja-centrow-wyr-i-gostyni-za-10-lat\\\/\"},\"author\":{\"name\":\"Witold Tr\u00f3lka\",\"@id\":\"https:\\\/\\\/metropoliagzm.pl\\\/en\\\/#\\\/schema\\\/person\\\/96e19c492916cfe1ba595fd2f60d95b8\"},\"headline\":\"Konsultacje spo\u0142eczne z mieszka\u0144cami &#8211; wizja centr\u00f3w Wyr i Gostyni za 10 lat\",\"datePublished\":\"2020-03-10T10:37:28+00:00\",\"mainEntityOfPage\":{\"@id\":\"https:\\\/\\\/metropoliagzm.pl\\\/2020\\\/03\\\/10\\\/konsultacje-spoleczne-z-mieszkancami-wizja-centrow-wyr-i-gostyni-za-10-lat\\\/\"},\"wordCount\":2632,\"publisher\":{\"@id\":\"https:\\\/\\\/metropoliagzm.pl\\\/en\\\/#organization\"},\"image\":{\"@id\":\"https:\\\/\\\/metropoliagzm.pl\\\/2020\\\/03\\\/10\\\/konsultacje-spoleczne-z-mieszkancami-wizja-centrow-wyr-i-gostyni-za-10-lat\\\/#primaryimage\"},\"thumbnailUrl\":\"https:\\\/\\\/metropoliagzm.pl\\\/wp-content\\\/uploads\\\/2020\\\/03\\\/wyrrry.jpg\",\"keywords\":[\"strategia rozwoju\"],\"articleSection\":[\"Gospodarka i Inwestycje\",\"Wyry\"],\"inLanguage\":\"en-GB\"},{\"@type\":\"WebPage\",\"@id\":\"https:\\\/\\\/metropoliagzm.pl\\\/2020\\\/03\\\/10\\\/konsultacje-spoleczne-z-mieszkancami-wizja-centrow-wyr-i-gostyni-za-10-lat\\\/\",\"url\":\"https:\\\/\\\/metropoliagzm.pl\\\/2020\\\/03\\\/10\\\/konsultacje-spoleczne-z-mieszkancami-wizja-centrow-wyr-i-gostyni-za-10-lat\\\/\",\"name\":\"Konsultacje spo\u0142eczne z mieszka\u0144cami - wizja centr\u00f3w Wyr i Gostyni za 10 lat - Metropolia GZM\",\"isPartOf\":{\"@id\":\"https:\\\/\\\/metropoliagzm.pl\\\/en\\\/#website\"},\"primaryImageOfPage\":{\"@id\":\"https:\\\/\\\/metropoliagzm.pl\\\/2020\\\/03\\\/10\\\/konsultacje-spoleczne-z-mieszkancami-wizja-centrow-wyr-i-gostyni-za-10-lat\\\/#primaryimage\"},\"image\":{\"@id\":\"https:\\\/\\\/metropoliagzm.pl\\\/2020\\\/03\\\/10\\\/konsultacje-spoleczne-z-mieszkancami-wizja-centrow-wyr-i-gostyni-za-10-lat\\\/#primaryimage\"},\"thumbnailUrl\":\"https:\\\/\\\/metropoliagzm.pl\\\/wp-content\\\/uploads\\\/2020\\\/03\\\/wyrrry.jpg\",\"datePublished\":\"2020-03-10T10:37:28+00:00\",\"description\":\"Oficjalny portal G\u00f3rno\u015bl\u0105sko-Zag\u0142\u0119biowskiej Metropolii\",\"breadcrumb\":{\"@id\":\"https:\\\/\\\/metropoliagzm.pl\\\/2020\\\/03\\\/10\\\/konsultacje-spoleczne-z-mieszkancami-wizja-centrow-wyr-i-gostyni-za-10-lat\\\/#breadcrumb\"},\"inLanguage\":\"en-GB\",\"potentialAction\":[{\"@type\":\"ReadAction\",\"target\":[\"https:\\\/\\\/metropoliagzm.pl\\\/2020\\\/03\\\/10\\\/konsultacje-spoleczne-z-mieszkancami-wizja-centrow-wyr-i-gostyni-za-10-lat\\\/\"]}]},{\"@type\":\"ImageObject\",\"inLanguage\":\"en-GB\",\"@id\":\"https:\\\/\\\/metropoliagzm.pl\\\/2020\\\/03\\\/10\\\/konsultacje-spoleczne-z-mieszkancami-wizja-centrow-wyr-i-gostyni-za-10-lat\\\/#primaryimage\",\"url\":\"https:\\\/\\\/metropoliagzm.pl\\\/wp-content\\\/uploads\\\/2020\\\/03\\\/wyrrry.jpg\",\"contentUrl\":\"https:\\\/\\\/metropoliagzm.pl\\\/wp-content\\\/uploads\\\/2020\\\/03\\\/wyrrry.jpg\",\"width\":1600,\"height\":1066,\"caption\":\"Foto: UM Wyry\"},{\"@type\":\"BreadcrumbList\",\"@id\":\"https:\\\/\\\/metropoliagzm.pl\\\/2020\\\/03\\\/10\\\/konsultacje-spoleczne-z-mieszkancami-wizja-centrow-wyr-i-gostyni-za-10-lat\\\/#breadcrumb\",\"itemListElement\":[{\"@type\":\"ListItem\",\"position\":1,\"name\":\"Strona g\u0142\u00f3wna\",\"item\":\"https:\\\/\\\/metropoliagzm.pl\\\/\"},{\"@type\":\"ListItem\",\"position\":2,\"name\":\"Konsultacje spo\u0142eczne z mieszka\u0144cami &#8211; wizja centr\u00f3w Wyr i Gostyni za 10 lat\"}]},{\"@type\":\"WebSite\",\"@id\":\"https:\\\/\\\/metropoliagzm.pl\\\/en\\\/#website\",\"url\":\"https:\\\/\\\/metropoliagzm.pl\\\/en\\\/\",\"name\":\"Metropolia GZM\",\"description\":\"Oficjalny portal G\u00f3rno\u015bl\u0105sko-Zag\u0142\u0119biowskiej Metropolii\",\"publisher\":{\"@id\":\"https:\\\/\\\/metropoliagzm.pl\\\/en\\\/#organization\"},\"potentialAction\":[{\"@type\":\"SearchAction\",\"target\":{\"@type\":\"EntryPoint\",\"urlTemplate\":\"https:\\\/\\\/metropoliagzm.pl\\\/en\\\/?s={search_term_string}\"},\"query-input\":{\"@type\":\"PropertyValueSpecification\",\"valueRequired\":true,\"valueName\":\"search_term_string\"}}],\"inLanguage\":\"en-GB\"},{\"@type\":\"Organization\",\"@id\":\"https:\\\/\\\/metropoliagzm.pl\\\/en\\\/#organization\",\"name\":\"Metropolia GZM\",\"url\":\"https:\\\/\\\/metropoliagzm.pl\\\/en\\\/\",\"logo\":{\"@type\":\"ImageObject\",\"inLanguage\":\"en-GB\",\"@id\":\"https:\\\/\\\/metropoliagzm.pl\\\/en\\\/#\\\/schema\\\/logo\\\/image\\\/\",\"url\":\"https:\\\/\\\/metropoliagzm.pl\\\/wp-content\\\/uploads\\\/2019\\\/03\\\/Sygnet-strona-glowna.png\",\"contentUrl\":\"https:\\\/\\\/metropoliagzm.pl\\\/wp-content\\\/uploads\\\/2019\\\/03\\\/Sygnet-strona-glowna.png\",\"width\":36,\"height\":45,\"caption\":\"Metropolia GZM\"},\"image\":{\"@id\":\"https:\\\/\\\/metropoliagzm.pl\\\/en\\\/#\\\/schema\\\/logo\\\/image\\\/\"}},{\"@type\":\"Person\",\"@id\":\"https:\\\/\\\/metropoliagzm.pl\\\/en\\\/#\\\/schema\\\/person\\\/96e19c492916cfe1ba595fd2f60d95b8\",\"name\":\"Witold Tr\u00f3lka\",\"image\":{\"@type\":\"ImageObject\",\"inLanguage\":\"en-GB\",\"@id\":\"https:\\\/\\\/secure.gravatar.com\\\/avatar\\\/71e0c635e405b4a3631033f0d6f49e682b54dcd226d647737e1040a5a480d177?s=96&d=mm&r=g\",\"url\":\"https:\\\/\\\/secure.gravatar.com\\\/avatar\\\/71e0c635e405b4a3631033f0d6f49e682b54dcd226d647737e1040a5a480d177?s=96&d=mm&r=g\",\"contentUrl\":\"https:\\\/\\\/secure.gravatar.com\\\/avatar\\\/71e0c635e405b4a3631033f0d6f49e682b54dcd226d647737e1040a5a480d177?s=96&d=mm&r=g\",\"caption\":\"Witold Tr\u00f3lka\"},\"url\":\"https:\\\/\\\/metropoliagzm.pl\\\/en\\\/author\\\/w-trolka\\\/\"}]}<\/script>\n<!-- \/ Yoast SEO plugin. -->","yoast_head_json":{"title":"Konsultacje spo\u0142eczne z mieszka\u0144cami - wizja centr\u00f3w Wyr i Gostyni za 10 lat - Metropolia GZM","description":"Oficjalny portal G\u00f3rno\u015bl\u0105sko-Zag\u0142\u0119biowskiej Metropolii","robots":{"index":"index","follow":"follow","max-snippet":"max-snippet:-1","max-image-preview":"max-image-preview:large","max-video-preview":"max-video-preview:-1"},"canonical":"https:\/\/metropoliagzm.pl\/en\/2020\/03\/10\/konsultacje-spoleczne-z-mieszkancami-wizja-centrow-wyr-i-gostyni-za-10-lat\/","twitter_card":"summary_large_image","twitter_title":"Konsultacje spo\u0142eczne z mieszka\u0144cami - wizja centr\u00f3w Wyr i Gostyni za 10 lat - Metropolia GZM","twitter_description":"Oficjalny portal G\u00f3rno\u015bl\u0105sko-Zag\u0142\u0119biowskiej Metropolii","twitter_image":"https:\/\/metropoliagzm.pl\/wp-content\/uploads\/2020\/03\/wyrrry.jpg","twitter_misc":{"Written by":"Witold Tr\u00f3lka","Estimated reading time":"13 minutes"},"schema":{"@context":"https:\/\/schema.org","@graph":[{"@type":"Article","@id":"https:\/\/metropoliagzm.pl\/2020\/03\/10\/konsultacje-spoleczne-z-mieszkancami-wizja-centrow-wyr-i-gostyni-za-10-lat\/#article","isPartOf":{"@id":"https:\/\/metropoliagzm.pl\/2020\/03\/10\/konsultacje-spoleczne-z-mieszkancami-wizja-centrow-wyr-i-gostyni-za-10-lat\/"},"author":{"name":"Witold Tr\u00f3lka","@id":"https:\/\/metropoliagzm.pl\/en\/#\/schema\/person\/96e19c492916cfe1ba595fd2f60d95b8"},"headline":"Konsultacje spo\u0142eczne z mieszka\u0144cami &#8211; wizja centr\u00f3w Wyr i Gostyni za 10 lat","datePublished":"2020-03-10T10:37:28+00:00","mainEntityOfPage":{"@id":"https:\/\/metropoliagzm.pl\/2020\/03\/10\/konsultacje-spoleczne-z-mieszkancami-wizja-centrow-wyr-i-gostyni-za-10-lat\/"},"wordCount":2632,"publisher":{"@id":"https:\/\/metropoliagzm.pl\/en\/#organization"},"image":{"@id":"https:\/\/metropoliagzm.pl\/2020\/03\/10\/konsultacje-spoleczne-z-mieszkancami-wizja-centrow-wyr-i-gostyni-za-10-lat\/#primaryimage"},"thumbnailUrl":"https:\/\/metropoliagzm.pl\/wp-content\/uploads\/2020\/03\/wyrrry.jpg","keywords":["strategia rozwoju"],"articleSection":["Gospodarka i Inwestycje","Wyry"],"inLanguage":"en-GB"},{"@type":"WebPage","@id":"https:\/\/metropoliagzm.pl\/2020\/03\/10\/konsultacje-spoleczne-z-mieszkancami-wizja-centrow-wyr-i-gostyni-za-10-lat\/","url":"https:\/\/metropoliagzm.pl\/2020\/03\/10\/konsultacje-spoleczne-z-mieszkancami-wizja-centrow-wyr-i-gostyni-za-10-lat\/","name":"Konsultacje spo\u0142eczne z mieszka\u0144cami - wizja centr\u00f3w Wyr i Gostyni za 10 lat - Metropolia GZM","isPartOf":{"@id":"https:\/\/metropoliagzm.pl\/en\/#website"},"primaryImageOfPage":{"@id":"https:\/\/metropoliagzm.pl\/2020\/03\/10\/konsultacje-spoleczne-z-mieszkancami-wizja-centrow-wyr-i-gostyni-za-10-lat\/#primaryimage"},"image":{"@id":"https:\/\/metropoliagzm.pl\/2020\/03\/10\/konsultacje-spoleczne-z-mieszkancami-wizja-centrow-wyr-i-gostyni-za-10-lat\/#primaryimage"},"thumbnailUrl":"https:\/\/metropoliagzm.pl\/wp-content\/uploads\/2020\/03\/wyrrry.jpg","datePublished":"2020-03-10T10:37:28+00:00","description":"Oficjalny portal G\u00f3rno\u015bl\u0105sko-Zag\u0142\u0119biowskiej Metropolii","breadcrumb":{"@id":"https:\/\/metropoliagzm.pl\/2020\/03\/10\/konsultacje-spoleczne-z-mieszkancami-wizja-centrow-wyr-i-gostyni-za-10-lat\/#breadcrumb"},"inLanguage":"en-GB","potentialAction":[{"@type":"ReadAction","target":["https:\/\/metropoliagzm.pl\/2020\/03\/10\/konsultacje-spoleczne-z-mieszkancami-wizja-centrow-wyr-i-gostyni-za-10-lat\/"]}]},{"@type":"ImageObject","inLanguage":"en-GB","@id":"https:\/\/metropoliagzm.pl\/2020\/03\/10\/konsultacje-spoleczne-z-mieszkancami-wizja-centrow-wyr-i-gostyni-za-10-lat\/#primaryimage","url":"https:\/\/metropoliagzm.pl\/wp-content\/uploads\/2020\/03\/wyrrry.jpg","contentUrl":"https:\/\/metropoliagzm.pl\/wp-content\/uploads\/2020\/03\/wyrrry.jpg","width":1600,"height":1066,"caption":"Foto: UM Wyry"},{"@type":"BreadcrumbList","@id":"https:\/\/metropoliagzm.pl\/2020\/03\/10\/konsultacje-spoleczne-z-mieszkancami-wizja-centrow-wyr-i-gostyni-za-10-lat\/#breadcrumb","itemListElement":[{"@type":"ListItem","position":1,"name":"Strona g\u0142\u00f3wna","item":"https:\/\/metropoliagzm.pl\/"},{"@type":"ListItem","position":2,"name":"Konsultacje spo\u0142eczne z mieszka\u0144cami &#8211; wizja centr\u00f3w Wyr i Gostyni za 10 lat"}]},{"@type":"WebSite","@id":"https:\/\/metropoliagzm.pl\/en\/#website","url":"https:\/\/metropoliagzm.pl\/en\/","name":"Metropolia GZM","description":"Oficjalny portal G\u00f3rno\u015bl\u0105sko-Zag\u0142\u0119biowskiej Metropolii","publisher":{"@id":"https:\/\/metropoliagzm.pl\/en\/#organization"},"potentialAction":[{"@type":"SearchAction","target":{"@type":"EntryPoint","urlTemplate":"https:\/\/metropoliagzm.pl\/en\/?s={search_term_string}"},"query-input":{"@type":"PropertyValueSpecification","valueRequired":true,"valueName":"search_term_string"}}],"inLanguage":"en-GB"},{"@type":"Organization","@id":"https:\/\/metropoliagzm.pl\/en\/#organization","name":"Metropolia GZM","url":"https:\/\/metropoliagzm.pl\/en\/","logo":{"@type":"ImageObject","inLanguage":"en-GB","@id":"https:\/\/metropoliagzm.pl\/en\/#\/schema\/logo\/image\/","url":"https:\/\/metropoliagzm.pl\/wp-content\/uploads\/2019\/03\/Sygnet-strona-glowna.png","contentUrl":"https:\/\/metropoliagzm.pl\/wp-content\/uploads\/2019\/03\/Sygnet-strona-glowna.png","width":36,"height":45,"caption":"Metropolia GZM"},"image":{"@id":"https:\/\/metropoliagzm.pl\/en\/#\/schema\/logo\/image\/"}},{"@type":"Person","@id":"https:\/\/metropoliagzm.pl\/en\/#\/schema\/person\/96e19c492916cfe1ba595fd2f60d95b8","name":"Witold Tr\u00f3lka","image":{"@type":"ImageObject","inLanguage":"en-GB","@id":"https:\/\/secure.gravatar.com\/avatar\/71e0c635e405b4a3631033f0d6f49e682b54dcd226d647737e1040a5a480d177?s=96&d=mm&r=g","url":"https:\/\/secure.gravatar.com\/avatar\/71e0c635e405b4a3631033f0d6f49e682b54dcd226d647737e1040a5a480d177?s=96&d=mm&r=g","contentUrl":"https:\/\/secure.gravatar.com\/avatar\/71e0c635e405b4a3631033f0d6f49e682b54dcd226d647737e1040a5a480d177?s=96&d=mm&r=g","caption":"Witold Tr\u00f3lka"},"url":"https:\/\/metropoliagzm.pl\/en\/author\/w-trolka\/"}]}},"_links":{"self":[{"href":"https:\/\/metropoliagzm.pl\/en\/wp-json\/wp\/v2\/posts\/19913","targetHints":{"allow":["GET"]}}],"collection":[{"href":"https:\/\/metropoliagzm.pl\/en\/wp-json\/wp\/v2\/posts"}],"about":[{"href":"https:\/\/metropoliagzm.pl\/en\/wp-json\/wp\/v2\/types\/post"}],"author":[{"embeddable":true,"href":"https:\/\/metropoliagzm.pl\/en\/wp-json\/wp\/v2\/users\/140"}],"replies":[{"embeddable":true,"href":"https:\/\/metropoliagzm.pl\/en\/wp-json\/wp\/v2\/comments?post=19913"}],"version-history":[{"count":1,"href":"https:\/\/metropoliagzm.pl\/en\/wp-json\/wp\/v2\/posts\/19913\/revisions"}],"predecessor-version":[{"id":19915,"href":"https:\/\/metropoliagzm.pl\/en\/wp-json\/wp\/v2\/posts\/19913\/revisions\/19915"}],"wp:featuredmedia":[{"embeddable":true,"href":"https:\/\/metropoliagzm.pl\/en\/wp-json\/wp\/v2\/media\/19914"}],"wp:attachment":[{"href":"https:\/\/metropoliagzm.pl\/en\/wp-json\/wp\/v2\/media?parent=19913"}],"wp:term":[{"taxonomy":"category","embeddable":true,"href":"https:\/\/metropoliagzm.pl\/en\/wp-json\/wp\/v2\/categories?post=19913"},{"taxonomy":"post_tag","embeddable":true,"href":"https:\/\/metropoliagzm.pl\/en\/wp-json\/wp\/v2\/tags?post=19913"}],"curies":[{"name":"wp","href":"https:\/\/api.w.org\/{rel}","templated":true}]}}