{"id":19955,"date":"2020-02-24T10:08:00","date_gmt":"2020-02-24T09:08:00","guid":{"rendered":"https:\/\/metropoliagzm.pl\/?p=19955"},"modified":"2020-03-11T10:22:34","modified_gmt":"2020-03-11T09:22:34","slug":"nowa-uchwala-lokalowa-szczelniejszy-system-wieksze-szanse-na-mieszkanie","status":"publish","type":"post","link":"https:\/\/metropoliagzm.pl\/en\/2020\/02\/24\/nowa-uchwala-lokalowa-szczelniejszy-system-wieksze-szanse-na-mieszkanie\/","title":{"rendered":"Nowa uchwa\u0142a lokalowa &#8211; szczelniejszy system, wi\u0119ksze szanse na mieszkanie"},"content":{"rendered":"<div class=\"pdf-block\"><div class=\"pdfprnt-buttons  pdfprnt-new pdfprnt-buttons-post pdfprnt-top-right\"><div class=\"jssocials-share jssocials-share-twitter\"><a target=\"_blank\" href=\"https:\/\/twitter.com\/share?url=https:\/\/metropoliagzm.pl\/en\/wp-json\/wp\/v2\/posts\/19955;text=19955\" class=\"jssocials-share-link\"><i class=\"fa fa-twitter jssocials-share-logo\"><\/i><\/a><\/div><div class=\"jssocials-share jssocials-share-facebook\"><a target=\"_blank\" href=\"https:\/\/facebook.com\/sharer\/sharer.php?u=https:\/\/metropoliagzm.pl\/en\/wp-json\/wp\/v2\/posts\/19955\" class=\"jssocials-share-link\"><i class=\"fa fa-facebook jssocials-share-logo\"><\/i><\/a><\/div><div class=\"jssocials-share jssocials-share-pinterest\"><a target=\"_blank\" href=\"https:\/\/pinterest.com\/pin\/create\/bookmarklet\/?&amp;url=https:\/\/metropoliagzm.pl\/en\/wp-json\/wp\/v2\/posts\/19955;description=19955\" class=\"jssocials-share-link\"><i class=\"fa fa-pinterest jssocials-share-logo\"><\/i><\/a><\/div><a href=\"https:\/\/metropoliagzm.pl\/en\/wp-json\/wp\/v2\/posts\/19955?print=pdf\" class=\"pdfprnt-button pdfprnt-button-pdf\" target=\"_blank\"><img decoding=\"async\" src=\"https:\/\/metropoliagzm.pl\/wp-content\/plugins\/pdf-print\/images\/pdf.png\" alt=\"image_pdf\" title=\"View PDF\" \/><\/a><a href=\"https:\/\/metropoliagzm.pl\/en\/wp-json\/wp\/v2\/posts\/19955?print=print\" class=\"pdfprnt-button pdfprnt-button-print\" target=\"_blank\"><img decoding=\"async\" src=\"https:\/\/metropoliagzm.pl\/wp-content\/plugins\/pdf-print\/images\/print.png\" alt=\"image_print\" title=\"Print Content\" \/><\/a><\/div><\/div><div class=\"post-block-pdf\"><div class=\"pdfprnt-buttons pdfprnt-buttons-post pdfprnt-top-right\"><a href=\"https:\/\/metropoliagzm.pl\/en\/wp-json\/wp\/v2\/posts\/19955?print=pdf\" class=\"pdfprnt-button pdfprnt-button-pdf\" target=\"_blank\"><img decoding=\"async\" src=\"https:\/\/metropoliagzm.pl\/wp-content\/plugins\/pdf-print\/images\/pdf.png\" alt=\"image_pdf\" title=\"View PDF\" \/><\/a><a href=\"https:\/\/metropoliagzm.pl\/en\/wp-json\/wp\/v2\/posts\/19955?print=print\" class=\"pdfprnt-button pdfprnt-button-print\" target=\"_blank\"><img decoding=\"async\" src=\"https:\/\/metropoliagzm.pl\/wp-content\/plugins\/pdf-print\/images\/print.png\" alt=\"image_print\" title=\"Print Content\" \/><\/a><\/div>\n<p><strong>Wprowadzenie kryteri\u00f3w dochodowych dla  os\u00f3b ubiegaj\u0105cych si\u0119 o lokal do remontu na w\u0142asny koszt, u\u0142atwienia  dla os\u00f3b z niepe\u0142nosprawno\u015bci\u0105, a tak\u017ce nowe zasady przyznawania  mieszka\u0144 poza kolejno\u015bci\u0105 &#8211; takie zmiany wprowadza uchwa\u0142a Rady Miejskiej w Bytomiu w sprawie zasad wynajmowania  mieszka\u0144 komunalnych wchodz\u0105cych w sk\u0142ad mieszkaniowego zasobu gminy.&nbsp; <\/strong><\/p>\n\n\n\n<p><br>Radni wi\u0119kszo\u015bci\u0105 g\u0142os\u00f3w przyj\u0119li te\u017c uchwa\u0142\u0119 w sprawie  przyj\u0119cia Wieloletniego programu gospodarowania mieszkaniowym zasobem  gminy Bytom na lata 2020 \u2013 2026, czyli zbi\u00f3r dzia\u0142a\u0144, kt\u00f3re mog\u0105  przyczyni\u0107 si\u0119 do zwi\u0119kszenia efektywno\u015bci gospodarowania bytomskimi  zasobami mieszkaniowymi.<br><br>Trzeba podkre\u015bli\u0107, \u017ce nowe  regulacje w tematach zwi\u0105zanych z polityk\u0105 mieszkaniow\u0105 wynikaj\u0105 nie  tylko ze zmian ustawy o ochronie praw lokator\u00f3w, mieszkaniowym zasobie  gminy i o zmianie Kodeksu cywilnego, ale te\u017c by\u0142y podyktowane  oczekiwaniami bytomian &#8211; m\u00f3wi\u0142 prezydent Mariusz Wo\u0142osz.&nbsp; Konieczne  by\u0142o te\u017c&nbsp; dostosowanie zapis\u00f3w uchwa\u0142y do wynik\u00f3w  kontroli, jak\u0105 w  ubieg\u0142ym roku przeprowadzili\u015bmy w Bytomskich  Mieszkaniach, a kt\u00f3ra  ujawni\u0142a szereg nieprawid\u0142owo\u015bci. To wa\u017cna  uchwa\u0142a, dzi\u0119ki kt\u00f3rej mamy  szans\u0119 poprawi\u0107 ten obszar funkcjonowania  miasta &#8211; m\u00f3wi prezydent. <\/p>\n\n\n\n<p><strong><br> Kryteria dochodowe <\/strong><\/p>\n\n\n\n<p><br> Wprowadzono kryteria dochodowe dla  os\u00f3b ubiegaj\u0105cych si\u0119 o lokal do remontu na koszt w\u0142asny. Obowi\u0105zek taki  wynika z faktu, i\u017c ustawa wprowadzi\u0142a konieczno\u015b\u0107 cyklicznej  weryfikacji (nie cz\u0119\u015bciej ni\u017c co 2,5 roku) wysoko\u015bci dochod\u00f3w wszystkich  najemc\u00f3w, kt\u00f3rzy zawarli umowy najmu po dniu 21 kwietnia 2019 r.  Najemcy, kt\u00f3rych doch\u00f3d w trakcie weryfikacji przekroczy kryteria  okre\u015blone w uchwale b\u0119d\u0105 mieli naliczon\u0105 stawk\u0119 czynszu w podwy\u017cszonej  wysoko\u015bci.&nbsp; <br> Jednocze\u015bnie wszystkie osoby ubiegaj\u0105ce si\u0119 o&nbsp; najem lokalu z zasob\u00f3w  gminy, b\u0119d\u0105 musia\u0142y udokumentowa\u0107 swoj\u0105 sytuacj\u0119 finansow\u0105, sk\u0142adaj\u0105c  deklaracj\u0119 o wysoko\u015bci dochod\u00f3w cz\u0142onk\u00f3w gospodarstwa domowego w okresie  ostatnich trzech miesi\u0119cy, a tak\u017ce o\u015bwiadczenie o stanie maj\u0105tkowym  cz\u0142onk\u00f3w gospodarstwa domowego oraz &#8211; na \u017c\u0105danie gminy &#8211; o\u015bwiadczenie o  nieposiadaniu tytu\u0142u prawnego do innego lokalu po\u0142o\u017conego w tej samej  lub pobliskiej miejscowo\u015bci. <\/p>\n\n\n\n<p><br><strong>U\u0142atwienia dla os\u00f3b z niepe\u0142nosprawno\u015bci\u0105 <\/strong> <\/p>\n\n\n\n<p>Po nowelizacji ustawy wprowadzono  warunki, jakie musi spe\u0142nia\u0107 lokal wskazywany dla os\u00f3b  niepe\u0142nosprawnych. Co wa\u017cne lokal taki musi uwzgl\u0119dnia\u0107 potrzeby  najemc\u00f3w wynikaj\u0105ce z rodzaju niepe\u0142nosprawno\u015bci, z jakim si\u0119 borykaj\u0105.  Ponadto wprowadzono obowi\u0105zek wskazania w danym roku co najmniej m.in.  pi\u0119ciu lokali dla os\u00f3b posiadaj\u0105cych znaczny stopie\u0144 niepe\u0142nosprawno\u015bci  albo wychowuj\u0105cych dziecko niepe\u0142nosprawne lub sprawuj\u0105cych faktyczn\u0105  opiek\u0119 prawn\u0105 nad osob\u0105 ze znacznym stopniem niepe\u0142nosprawno\u015bci. <strong><br><\/strong><\/p>\n\n\n\n<p><strong> Pierwsze\u0144stwo dla os\u00f3b dotkni\u0119tych przemoc\u0105 <\/strong> <\/p>\n\n\n\n<p>Nowe zapisy m\u00f3wi\u0105 o tym, \u017ce  pierwsze\u0144stwo zawarcia umowy najmu socjalnego lokalu maj\u0105 osoby o  niskich dochodach, dotkni\u0119te przemoc\u0105 w rodzinie, kt\u00f3re korzystaj\u0105 ze  wsparcia o\u015brodka do spraw przeciwdzia\u0142ania przemocy w rodzinie i  uzyska\u0142y jego pozytywn\u0105 opini\u0119. <br><\/p>\n\n\n\n<p><strong>Ni\u017cszy czynsz za remont lokalu<\/strong> <\/p>\n\n\n\n<p>Utrzymano zasad\u0119, zgodnie z kt\u00f3r\u0105  osoba zainteresowana mo\u017ce ubiega\u0107 si\u0119 o przyznanie lokalu wymagaj\u0105cego  przeprowadzenia remontu na koszt w\u0142asny przysz\u0142ego najemcy. Dodatkowo  jednak wprowadzono mo\u017cliwo\u015b\u0107 uzyskania lokalu&nbsp; tego typu na szczeg\u00f3lnie  atrakcyjnych warunkach. Je\u015bli lokal wymagaj\u0105cy wykonania remontu  zostanie przeznaczony do najmu w tym trybie, przysz\u0142y najemca w okresie  remontu lokalu b\u0119dzie wnosi\u0107 op\u0142at\u0119 eksploatacyjn\u0105 w obni\u017conej  wysoko\u015bci. Ponadto z uwagi na poniesione koszty na remont lokalu,&nbsp; po  zako\u0144czeniu umowy o remont i zawarciu umowy najmu lokalu, czynsz najmu  zostanie odpowiednio obni\u017cony. <\/p>\n\n\n\n<p><strong><br> Komisja Mieszkaniowa do poprawy <\/strong><\/p>\n\n\n\n<p>Wprowadzono ca\u0142kowicie nowe zasady w  zakresie trybu przyznawania lokali poza kolejno\u015bci\u0105 oraz zasad dzia\u0142ania  Komisji Mieszkaniowej &#8211; dostosowano zapisy uchwa\u0142y do wynik\u00f3w kontroli  przeprowadzonej w 2019 r. w Bytomskich Mieszkaniach, obejmuj\u0105cej m.in.  prawid\u0142owo\u015b\u0107 przyznawania lokali do zasiedlenia, lokali w najmie  socjalnym, lokali do remontu. W szczeg\u00f3lno\u015bci wykluczono mo\u017cliwo\u015b\u0107  przyznawania w tym trybie lokalu w spos\u00f3b ca\u0142kowicie dowolny i  uznaniowy, bez potwierdzenia przez wnioskodawc\u0119 jego trudnej sytuacji  zdrowotnej, rodzinnej lub mieszkaniowej. <\/p>\n\n\n\n<p>\u0179r\u00f3d\u0142o: UM Bytom<\/p>\n<div class=\"post-author\" style=\"font-size:13px\">bytom<\/div><\/div>","protected":false},"excerpt":{"rendered":"<p>Wprowadzenie kryteri\u00f3w dochodowych dla os\u00f3b ubiegaj\u0105cych si\u0119 o lokal do remontu na w\u0142asny koszt, u\u0142atwienia dla os\u00f3b z niepe\u0142nosprawno\u015bci\u0105, a tak\u017ce nowe zasady przyznawania mieszka\u0144 poza kolejno\u015bci\u0105 &#8211; takie zmiany wprowadza uchwa\u0142a Rady Miejskiej w Bytomiu w sprawie zasad wynajmowania mieszka\u0144 komunalnych wchodz\u0105cych w sk\u0142ad&#8230;<\/p>","protected":false},"author":93,"featured_media":19956,"comment_status":"closed","ping_status":"closed","sticky":false,"template":"","format":"standard","meta":{"_acf_changed":false,"footnotes":""},"categories":[199,242],"tags":[1375],"class_list":["post-19955","post","type-post","status-publish","format-standard","has-post-thumbnail","hentry","category-bytom","category-mieszkancy","tag-mieszkania"],"acf":[],"yoast_head":"<!-- This site is optimized with the Yoast SEO plugin v27.4 - https:\/\/yoast.com\/product\/yoast-seo-wordpress\/ -->\n<title>Nowa uchwa\u0142a lokalowa - szczelniejszy system, wi\u0119ksze szanse na mieszkanie - Metropolia GZM<\/title>\n<meta name=\"description\" content=\"Oficjalny portal G\u00f3rno\u015bl\u0105sko-Zag\u0142\u0119biowskiej Metropolii\" \/>\n<meta name=\"robots\" content=\"index, follow, max-snippet:-1, max-image-preview:large, max-video-preview:-1\" \/>\n<link rel=\"canonical\" href=\"https:\/\/metropoliagzm.pl\/en\/2020\/02\/24\/nowa-uchwala-lokalowa-szczelniejszy-system-wieksze-szanse-na-mieszkanie\/\" \/>\n<meta name=\"twitter:card\" content=\"summary_large_image\" \/>\n<meta name=\"twitter:title\" content=\"Nowa uchwa\u0142a lokalowa - szczelniejszy system, wi\u0119ksze szanse na mieszkanie - Metropolia GZM\" \/>\n<meta name=\"twitter:description\" content=\"Oficjalny portal G\u00f3rno\u015bl\u0105sko-Zag\u0142\u0119biowskiej Metropolii\" \/>\n<meta name=\"twitter:image\" content=\"https:\/\/metropoliagzm.pl\/wp-content\/uploads\/2020\/03\/lokalowa.jpg\" \/>\n<meta name=\"twitter:label1\" content=\"Written by\" \/>\n\t<meta name=\"twitter:data1\" content=\"bytom\" \/>\n\t<meta name=\"twitter:label2\" content=\"Estimated reading time\" \/>\n\t<meta name=\"twitter:data2\" content=\"4 minutes\" \/>\n<script type=\"application\/ld+json\" class=\"yoast-schema-graph\">{\"@context\":\"https:\\\/\\\/schema.org\",\"@graph\":[{\"@type\":\"Article\",\"@id\":\"https:\\\/\\\/metropoliagzm.pl\\\/de\\\/2020\\\/02\\\/24\\\/nowa-uchwala-lokalowa-szczelniejszy-system-wieksze-szanse-na-mieszkanie\\\/#article\",\"isPartOf\":{\"@id\":\"https:\\\/\\\/metropoliagzm.pl\\\/de\\\/2020\\\/02\\\/24\\\/nowa-uchwala-lokalowa-szczelniejszy-system-wieksze-szanse-na-mieszkanie\\\/\"},\"author\":{\"name\":\"bytom\",\"@id\":\"https:\\\/\\\/metropoliagzm.pl\\\/en\\\/#\\\/schema\\\/person\\\/c9fceb6849d7a26f4ec678e1590cc9f4\"},\"headline\":\"Nowa uchwa\u0142a lokalowa &#8211; szczelniejszy system, wi\u0119ksze szanse na mieszkanie\",\"datePublished\":\"2020-02-24T09:08:00+00:00\",\"dateModified\":\"2020-03-11T09:22:34+00:00\",\"mainEntityOfPage\":{\"@id\":\"https:\\\/\\\/metropoliagzm.pl\\\/de\\\/2020\\\/02\\\/24\\\/nowa-uchwala-lokalowa-szczelniejszy-system-wieksze-szanse-na-mieszkanie\\\/\"},\"wordCount\":721,\"publisher\":{\"@id\":\"https:\\\/\\\/metropoliagzm.pl\\\/en\\\/#organization\"},\"image\":{\"@id\":\"https:\\\/\\\/metropoliagzm.pl\\\/de\\\/2020\\\/02\\\/24\\\/nowa-uchwala-lokalowa-szczelniejszy-system-wieksze-szanse-na-mieszkanie\\\/#primaryimage\"},\"thumbnailUrl\":\"https:\\\/\\\/metropoliagzm.pl\\\/wp-content\\\/uploads\\\/2020\\\/03\\\/lokalowa.jpg\",\"keywords\":[\"mieszkania\"],\"articleSection\":[\"Bytom\",\"Mieszka\u0144cy\"],\"inLanguage\":\"en-GB\"},{\"@type\":\"WebPage\",\"@id\":\"https:\\\/\\\/metropoliagzm.pl\\\/de\\\/2020\\\/02\\\/24\\\/nowa-uchwala-lokalowa-szczelniejszy-system-wieksze-szanse-na-mieszkanie\\\/\",\"url\":\"https:\\\/\\\/metropoliagzm.pl\\\/de\\\/2020\\\/02\\\/24\\\/nowa-uchwala-lokalowa-szczelniejszy-system-wieksze-szanse-na-mieszkanie\\\/\",\"name\":\"Nowa uchwa\u0142a lokalowa - szczelniejszy system, wi\u0119ksze szanse na mieszkanie - Metropolia GZM\",\"isPartOf\":{\"@id\":\"https:\\\/\\\/metropoliagzm.pl\\\/en\\\/#website\"},\"primaryImageOfPage\":{\"@id\":\"https:\\\/\\\/metropoliagzm.pl\\\/de\\\/2020\\\/02\\\/24\\\/nowa-uchwala-lokalowa-szczelniejszy-system-wieksze-szanse-na-mieszkanie\\\/#primaryimage\"},\"image\":{\"@id\":\"https:\\\/\\\/metropoliagzm.pl\\\/de\\\/2020\\\/02\\\/24\\\/nowa-uchwala-lokalowa-szczelniejszy-system-wieksze-szanse-na-mieszkanie\\\/#primaryimage\"},\"thumbnailUrl\":\"https:\\\/\\\/metropoliagzm.pl\\\/wp-content\\\/uploads\\\/2020\\\/03\\\/lokalowa.jpg\",\"datePublished\":\"2020-02-24T09:08:00+00:00\",\"dateModified\":\"2020-03-11T09:22:34+00:00\",\"description\":\"Oficjalny portal G\u00f3rno\u015bl\u0105sko-Zag\u0142\u0119biowskiej Metropolii\",\"breadcrumb\":{\"@id\":\"https:\\\/\\\/metropoliagzm.pl\\\/de\\\/2020\\\/02\\\/24\\\/nowa-uchwala-lokalowa-szczelniejszy-system-wieksze-szanse-na-mieszkanie\\\/#breadcrumb\"},\"inLanguage\":\"en-GB\",\"potentialAction\":[{\"@type\":\"ReadAction\",\"target\":[\"https:\\\/\\\/metropoliagzm.pl\\\/de\\\/2020\\\/02\\\/24\\\/nowa-uchwala-lokalowa-szczelniejszy-system-wieksze-szanse-na-mieszkanie\\\/\"]}]},{\"@type\":\"ImageObject\",\"inLanguage\":\"en-GB\",\"@id\":\"https:\\\/\\\/metropoliagzm.pl\\\/de\\\/2020\\\/02\\\/24\\\/nowa-uchwala-lokalowa-szczelniejszy-system-wieksze-szanse-na-mieszkanie\\\/#primaryimage\",\"url\":\"https:\\\/\\\/metropoliagzm.pl\\\/wp-content\\\/uploads\\\/2020\\\/03\\\/lokalowa.jpg\",\"contentUrl\":\"https:\\\/\\\/metropoliagzm.pl\\\/wp-content\\\/uploads\\\/2020\\\/03\\\/lokalowa.jpg\",\"width\":1000,\"height\":688},{\"@type\":\"BreadcrumbList\",\"@id\":\"https:\\\/\\\/metropoliagzm.pl\\\/de\\\/2020\\\/02\\\/24\\\/nowa-uchwala-lokalowa-szczelniejszy-system-wieksze-szanse-na-mieszkanie\\\/#breadcrumb\",\"itemListElement\":[{\"@type\":\"ListItem\",\"position\":1,\"name\":\"Strona g\u0142\u00f3wna\",\"item\":\"https:\\\/\\\/metropoliagzm.pl\\\/\"},{\"@type\":\"ListItem\",\"position\":2,\"name\":\"Nowa uchwa\u0142a lokalowa &#8211; szczelniejszy system, wi\u0119ksze szanse na mieszkanie\"}]},{\"@type\":\"WebSite\",\"@id\":\"https:\\\/\\\/metropoliagzm.pl\\\/en\\\/#website\",\"url\":\"https:\\\/\\\/metropoliagzm.pl\\\/en\\\/\",\"name\":\"Metropolia GZM\",\"description\":\"Oficjalny portal G\u00f3rno\u015bl\u0105sko-Zag\u0142\u0119biowskiej Metropolii\",\"publisher\":{\"@id\":\"https:\\\/\\\/metropoliagzm.pl\\\/en\\\/#organization\"},\"potentialAction\":[{\"@type\":\"SearchAction\",\"target\":{\"@type\":\"EntryPoint\",\"urlTemplate\":\"https:\\\/\\\/metropoliagzm.pl\\\/en\\\/?s={search_term_string}\"},\"query-input\":{\"@type\":\"PropertyValueSpecification\",\"valueRequired\":true,\"valueName\":\"search_term_string\"}}],\"inLanguage\":\"en-GB\"},{\"@type\":\"Organization\",\"@id\":\"https:\\\/\\\/metropoliagzm.pl\\\/en\\\/#organization\",\"name\":\"Metropolia GZM\",\"url\":\"https:\\\/\\\/metropoliagzm.pl\\\/en\\\/\",\"logo\":{\"@type\":\"ImageObject\",\"inLanguage\":\"en-GB\",\"@id\":\"https:\\\/\\\/metropoliagzm.pl\\\/en\\\/#\\\/schema\\\/logo\\\/image\\\/\",\"url\":\"https:\\\/\\\/metropoliagzm.pl\\\/wp-content\\\/uploads\\\/2019\\\/03\\\/Sygnet-strona-glowna.png\",\"contentUrl\":\"https:\\\/\\\/metropoliagzm.pl\\\/wp-content\\\/uploads\\\/2019\\\/03\\\/Sygnet-strona-glowna.png\",\"width\":36,\"height\":45,\"caption\":\"Metropolia GZM\"},\"image\":{\"@id\":\"https:\\\/\\\/metropoliagzm.pl\\\/en\\\/#\\\/schema\\\/logo\\\/image\\\/\"}},{\"@type\":\"Person\",\"@id\":\"https:\\\/\\\/metropoliagzm.pl\\\/en\\\/#\\\/schema\\\/person\\\/c9fceb6849d7a26f4ec678e1590cc9f4\",\"name\":\"bytom\",\"image\":{\"@type\":\"ImageObject\",\"inLanguage\":\"en-GB\",\"@id\":\"https:\\\/\\\/secure.gravatar.com\\\/avatar\\\/92ed18b52d4dcdb074e77cc049a0ab0f6740c086f465fee21a0615bf41b9be66?s=96&d=mm&r=g\",\"url\":\"https:\\\/\\\/secure.gravatar.com\\\/avatar\\\/92ed18b52d4dcdb074e77cc049a0ab0f6740c086f465fee21a0615bf41b9be66?s=96&d=mm&r=g\",\"contentUrl\":\"https:\\\/\\\/secure.gravatar.com\\\/avatar\\\/92ed18b52d4dcdb074e77cc049a0ab0f6740c086f465fee21a0615bf41b9be66?s=96&d=mm&r=g\",\"caption\":\"bytom\"},\"description\":\"Iwona Wronka, Biuro Prasowe UM w Bytomiu\",\"url\":\"https:\\\/\\\/metropoliagzm.pl\\\/en\\\/author\\\/bytom\\\/\"}]}<\/script>\n<!-- \/ Yoast SEO plugin. -->","yoast_head_json":{"title":"Nowa uchwa\u0142a lokalowa - szczelniejszy system, wi\u0119ksze szanse na mieszkanie - Metropolia GZM","description":"Oficjalny portal G\u00f3rno\u015bl\u0105sko-Zag\u0142\u0119biowskiej Metropolii","robots":{"index":"index","follow":"follow","max-snippet":"max-snippet:-1","max-image-preview":"max-image-preview:large","max-video-preview":"max-video-preview:-1"},"canonical":"https:\/\/metropoliagzm.pl\/en\/2020\/02\/24\/nowa-uchwala-lokalowa-szczelniejszy-system-wieksze-szanse-na-mieszkanie\/","twitter_card":"summary_large_image","twitter_title":"Nowa uchwa\u0142a lokalowa - szczelniejszy system, wi\u0119ksze szanse na mieszkanie - Metropolia GZM","twitter_description":"Oficjalny portal G\u00f3rno\u015bl\u0105sko-Zag\u0142\u0119biowskiej Metropolii","twitter_image":"https:\/\/metropoliagzm.pl\/wp-content\/uploads\/2020\/03\/lokalowa.jpg","twitter_misc":{"Written by":"bytom","Estimated reading time":"4 minutes"},"schema":{"@context":"https:\/\/schema.org","@graph":[{"@type":"Article","@id":"https:\/\/metropoliagzm.pl\/de\/2020\/02\/24\/nowa-uchwala-lokalowa-szczelniejszy-system-wieksze-szanse-na-mieszkanie\/#article","isPartOf":{"@id":"https:\/\/metropoliagzm.pl\/de\/2020\/02\/24\/nowa-uchwala-lokalowa-szczelniejszy-system-wieksze-szanse-na-mieszkanie\/"},"author":{"name":"bytom","@id":"https:\/\/metropoliagzm.pl\/en\/#\/schema\/person\/c9fceb6849d7a26f4ec678e1590cc9f4"},"headline":"Nowa uchwa\u0142a lokalowa &#8211; szczelniejszy system, wi\u0119ksze szanse na mieszkanie","datePublished":"2020-02-24T09:08:00+00:00","dateModified":"2020-03-11T09:22:34+00:00","mainEntityOfPage":{"@id":"https:\/\/metropoliagzm.pl\/de\/2020\/02\/24\/nowa-uchwala-lokalowa-szczelniejszy-system-wieksze-szanse-na-mieszkanie\/"},"wordCount":721,"publisher":{"@id":"https:\/\/metropoliagzm.pl\/en\/#organization"},"image":{"@id":"https:\/\/metropoliagzm.pl\/de\/2020\/02\/24\/nowa-uchwala-lokalowa-szczelniejszy-system-wieksze-szanse-na-mieszkanie\/#primaryimage"},"thumbnailUrl":"https:\/\/metropoliagzm.pl\/wp-content\/uploads\/2020\/03\/lokalowa.jpg","keywords":["mieszkania"],"articleSection":["Bytom","Mieszka\u0144cy"],"inLanguage":"en-GB"},{"@type":"WebPage","@id":"https:\/\/metropoliagzm.pl\/de\/2020\/02\/24\/nowa-uchwala-lokalowa-szczelniejszy-system-wieksze-szanse-na-mieszkanie\/","url":"https:\/\/metropoliagzm.pl\/de\/2020\/02\/24\/nowa-uchwala-lokalowa-szczelniejszy-system-wieksze-szanse-na-mieszkanie\/","name":"Nowa uchwa\u0142a lokalowa - szczelniejszy system, wi\u0119ksze szanse na mieszkanie - Metropolia GZM","isPartOf":{"@id":"https:\/\/metropoliagzm.pl\/en\/#website"},"primaryImageOfPage":{"@id":"https:\/\/metropoliagzm.pl\/de\/2020\/02\/24\/nowa-uchwala-lokalowa-szczelniejszy-system-wieksze-szanse-na-mieszkanie\/#primaryimage"},"image":{"@id":"https:\/\/metropoliagzm.pl\/de\/2020\/02\/24\/nowa-uchwala-lokalowa-szczelniejszy-system-wieksze-szanse-na-mieszkanie\/#primaryimage"},"thumbnailUrl":"https:\/\/metropoliagzm.pl\/wp-content\/uploads\/2020\/03\/lokalowa.jpg","datePublished":"2020-02-24T09:08:00+00:00","dateModified":"2020-03-11T09:22:34+00:00","description":"Oficjalny portal G\u00f3rno\u015bl\u0105sko-Zag\u0142\u0119biowskiej Metropolii","breadcrumb":{"@id":"https:\/\/metropoliagzm.pl\/de\/2020\/02\/24\/nowa-uchwala-lokalowa-szczelniejszy-system-wieksze-szanse-na-mieszkanie\/#breadcrumb"},"inLanguage":"en-GB","potentialAction":[{"@type":"ReadAction","target":["https:\/\/metropoliagzm.pl\/de\/2020\/02\/24\/nowa-uchwala-lokalowa-szczelniejszy-system-wieksze-szanse-na-mieszkanie\/"]}]},{"@type":"ImageObject","inLanguage":"en-GB","@id":"https:\/\/metropoliagzm.pl\/de\/2020\/02\/24\/nowa-uchwala-lokalowa-szczelniejszy-system-wieksze-szanse-na-mieszkanie\/#primaryimage","url":"https:\/\/metropoliagzm.pl\/wp-content\/uploads\/2020\/03\/lokalowa.jpg","contentUrl":"https:\/\/metropoliagzm.pl\/wp-content\/uploads\/2020\/03\/lokalowa.jpg","width":1000,"height":688},{"@type":"BreadcrumbList","@id":"https:\/\/metropoliagzm.pl\/de\/2020\/02\/24\/nowa-uchwala-lokalowa-szczelniejszy-system-wieksze-szanse-na-mieszkanie\/#breadcrumb","itemListElement":[{"@type":"ListItem","position":1,"name":"Strona g\u0142\u00f3wna","item":"https:\/\/metropoliagzm.pl\/"},{"@type":"ListItem","position":2,"name":"Nowa uchwa\u0142a lokalowa &#8211; szczelniejszy system, wi\u0119ksze szanse na mieszkanie"}]},{"@type":"WebSite","@id":"https:\/\/metropoliagzm.pl\/en\/#website","url":"https:\/\/metropoliagzm.pl\/en\/","name":"Metropolia GZM","description":"Oficjalny portal G\u00f3rno\u015bl\u0105sko-Zag\u0142\u0119biowskiej Metropolii","publisher":{"@id":"https:\/\/metropoliagzm.pl\/en\/#organization"},"potentialAction":[{"@type":"SearchAction","target":{"@type":"EntryPoint","urlTemplate":"https:\/\/metropoliagzm.pl\/en\/?s={search_term_string}"},"query-input":{"@type":"PropertyValueSpecification","valueRequired":true,"valueName":"search_term_string"}}],"inLanguage":"en-GB"},{"@type":"Organization","@id":"https:\/\/metropoliagzm.pl\/en\/#organization","name":"Metropolia GZM","url":"https:\/\/metropoliagzm.pl\/en\/","logo":{"@type":"ImageObject","inLanguage":"en-GB","@id":"https:\/\/metropoliagzm.pl\/en\/#\/schema\/logo\/image\/","url":"https:\/\/metropoliagzm.pl\/wp-content\/uploads\/2019\/03\/Sygnet-strona-glowna.png","contentUrl":"https:\/\/metropoliagzm.pl\/wp-content\/uploads\/2019\/03\/Sygnet-strona-glowna.png","width":36,"height":45,"caption":"Metropolia GZM"},"image":{"@id":"https:\/\/metropoliagzm.pl\/en\/#\/schema\/logo\/image\/"}},{"@type":"Person","@id":"https:\/\/metropoliagzm.pl\/en\/#\/schema\/person\/c9fceb6849d7a26f4ec678e1590cc9f4","name":"bytom","image":{"@type":"ImageObject","inLanguage":"en-GB","@id":"https:\/\/secure.gravatar.com\/avatar\/92ed18b52d4dcdb074e77cc049a0ab0f6740c086f465fee21a0615bf41b9be66?s=96&d=mm&r=g","url":"https:\/\/secure.gravatar.com\/avatar\/92ed18b52d4dcdb074e77cc049a0ab0f6740c086f465fee21a0615bf41b9be66?s=96&d=mm&r=g","contentUrl":"https:\/\/secure.gravatar.com\/avatar\/92ed18b52d4dcdb074e77cc049a0ab0f6740c086f465fee21a0615bf41b9be66?s=96&d=mm&r=g","caption":"bytom"},"description":"Iwona Wronka, Biuro Prasowe UM w Bytomiu","url":"https:\/\/metropoliagzm.pl\/en\/author\/bytom\/"}]}},"_links":{"self":[{"href":"https:\/\/metropoliagzm.pl\/en\/wp-json\/wp\/v2\/posts\/19955","targetHints":{"allow":["GET"]}}],"collection":[{"href":"https:\/\/metropoliagzm.pl\/en\/wp-json\/wp\/v2\/posts"}],"about":[{"href":"https:\/\/metropoliagzm.pl\/en\/wp-json\/wp\/v2\/types\/post"}],"author":[{"embeddable":true,"href":"https:\/\/metropoliagzm.pl\/en\/wp-json\/wp\/v2\/users\/93"}],"replies":[{"embeddable":true,"href":"https:\/\/metropoliagzm.pl\/en\/wp-json\/wp\/v2\/comments?post=19955"}],"version-history":[{"count":3,"href":"https:\/\/metropoliagzm.pl\/en\/wp-json\/wp\/v2\/posts\/19955\/revisions"}],"predecessor-version":[{"id":19978,"href":"https:\/\/metropoliagzm.pl\/en\/wp-json\/wp\/v2\/posts\/19955\/revisions\/19978"}],"wp:featuredmedia":[{"embeddable":true,"href":"https:\/\/metropoliagzm.pl\/en\/wp-json\/wp\/v2\/media\/19956"}],"wp:attachment":[{"href":"https:\/\/metropoliagzm.pl\/en\/wp-json\/wp\/v2\/media?parent=19955"}],"wp:term":[{"taxonomy":"category","embeddable":true,"href":"https:\/\/metropoliagzm.pl\/en\/wp-json\/wp\/v2\/categories?post=19955"},{"taxonomy":"post_tag","embeddable":true,"href":"https:\/\/metropoliagzm.pl\/en\/wp-json\/wp\/v2\/tags?post=19955"}],"curies":[{"name":"wp","href":"https:\/\/api.w.org\/{rel}","templated":true}]}}