{"id":20964,"date":"2020-03-25T09:37:04","date_gmt":"2020-03-25T08:37:04","guid":{"rendered":"https:\/\/metropoliagzm.pl\/?p=20964"},"modified":"2020-03-25T09:37:49","modified_gmt":"2020-03-25T08:37:49","slug":"ograniczenie-niskiej-emisji-w-indywidualnych-gospodarstwach-domowych-w-bedzinie","status":"publish","type":"post","link":"https:\/\/metropoliagzm.pl\/en\/2020\/03\/25\/ograniczenie-niskiej-emisji-w-indywidualnych-gospodarstwach-domowych-w-bedzinie\/","title":{"rendered":"Ograniczenie niskiej emisji w indywidualnych gospodarstwach domowych w B\u0119dzinie"},"content":{"rendered":"<div class=\"pdf-block\"><div class=\"pdfprnt-buttons  pdfprnt-new pdfprnt-buttons-post pdfprnt-top-right\"><div class=\"jssocials-share jssocials-share-twitter\"><a target=\"_blank\" href=\"https:\/\/twitter.com\/share?url=https:\/\/metropoliagzm.pl\/en\/wp-json\/wp\/v2\/posts\/20964;text=20964\" class=\"jssocials-share-link\"><i class=\"fa fa-twitter jssocials-share-logo\"><\/i><\/a><\/div><div class=\"jssocials-share jssocials-share-facebook\"><a target=\"_blank\" href=\"https:\/\/facebook.com\/sharer\/sharer.php?u=https:\/\/metropoliagzm.pl\/en\/wp-json\/wp\/v2\/posts\/20964\" class=\"jssocials-share-link\"><i class=\"fa fa-facebook jssocials-share-logo\"><\/i><\/a><\/div><div class=\"jssocials-share jssocials-share-pinterest\"><a target=\"_blank\" href=\"https:\/\/pinterest.com\/pin\/create\/bookmarklet\/?&amp;url=https:\/\/metropoliagzm.pl\/en\/wp-json\/wp\/v2\/posts\/20964;description=20964\" class=\"jssocials-share-link\"><i class=\"fa fa-pinterest jssocials-share-logo\"><\/i><\/a><\/div><a href=\"https:\/\/metropoliagzm.pl\/en\/wp-json\/wp\/v2\/posts\/20964?print=pdf\" class=\"pdfprnt-button pdfprnt-button-pdf\" target=\"_blank\"><img decoding=\"async\" src=\"https:\/\/metropoliagzm.pl\/wp-content\/plugins\/pdf-print\/images\/pdf.png\" alt=\"image_pdf\" title=\"View PDF\" \/><\/a><a href=\"https:\/\/metropoliagzm.pl\/en\/wp-json\/wp\/v2\/posts\/20964?print=print\" class=\"pdfprnt-button pdfprnt-button-print\" target=\"_blank\"><img decoding=\"async\" src=\"https:\/\/metropoliagzm.pl\/wp-content\/plugins\/pdf-print\/images\/print.png\" alt=\"image_print\" title=\"Print Content\" \/><\/a><\/div><\/div><div class=\"post-block-pdf\"><div class=\"pdfprnt-buttons pdfprnt-buttons-post pdfprnt-top-right\"><a href=\"https:\/\/metropoliagzm.pl\/en\/wp-json\/wp\/v2\/posts\/20964?print=pdf\" class=\"pdfprnt-button pdfprnt-button-pdf\" target=\"_blank\"><img decoding=\"async\" src=\"https:\/\/metropoliagzm.pl\/wp-content\/plugins\/pdf-print\/images\/pdf.png\" alt=\"image_pdf\" title=\"View PDF\" \/><\/a><a href=\"https:\/\/metropoliagzm.pl\/en\/wp-json\/wp\/v2\/posts\/20964?print=print\" class=\"pdfprnt-button pdfprnt-button-print\" target=\"_blank\"><img decoding=\"async\" src=\"https:\/\/metropoliagzm.pl\/wp-content\/plugins\/pdf-print\/images\/print.png\" alt=\"image_print\" title=\"Print Content\" \/><\/a><\/div>\n<p><strong>W&nbsp;&nbsp;zwi\u0105zku z og\u0142oszeniem w Polsce stanu zagro\u017cenia epidemicznego&nbsp;zaplanowane spotkania informacyjne w sprawie projektu&nbsp;pn.: \u201eOgraniczanie niskiej emisji w indywidualnych gospodarstwach domowych na terenie B\u0119dzina\u201d&nbsp;nie odb\u0119d\u0105 si\u0119 w zaplanowanych terminach. Uprzejmie prosimy&nbsp;&nbsp;o zapoznanie si\u0119 prezentacj\u0105 na temat planowanego przez Miasto B\u0119dzin projektu, a ewentualne pytania prosimy kierowa\u0107 na adres:&nbsp;<a href=\"mailto:ekogranty@um.bedzin.pl\">ekogranty@um.bedzin.pl&nbsp;<\/a>&nbsp;<\/strong><\/p>\n\n\n\n<hr class=\"wp-block-separator\"\/>\n\n\n\n<p>W zwi\u0105zku z og\u0142oszonym naborem wniosk\u00f3w w ramach RPO WSL na lata 2014-2020, Dzia\u0142anie 4.3 Efektywno\u015b\u0107 energetyczna i odnawialne \u017ar\u00f3d\u0142a energii w infrastrukturze publicznej i mieszkaniowej, Poddzia\u0142anie 4.3.1 Efektywno\u015b\u0107 energetyczna i odnawialne \u017ar\u00f3d\u0142a energii w infrastrukturze publicznej i mieszkaniowej \u2013 ZIT, Miasto B\u0119dzin zamierza aplikowa\u0107 w ramach naboru RPO WSL 2014-2020 o \u015brodki na projekt pn.: \u201eOgraniczanie niskiej emisji w indywidualnych gospodarstwach domowych na terenie B\u0119dzina\u201d<\/p>\n\n\n\n<p>Mieszka\u0144cy B\u0119dzina b\u0119d\u0105 mogli skorzysta\u0107 z mo\u017cliwo\u015bci wymiany \u017ar\u00f3d\u0142a ciep\u0142a w indywidualnych gospodarstwach domowych wraz z elementami systemu grzewczego oraz OZE (panele fotowoltaiczne lub kolektory s\u0142oneczne).<\/p>\n\n\n\n<p>UWAGA: W ramach projektu nie ma mo\u017cliwo\u015bci skorzystania z dotacji wy\u0142\u0105cznie do monta\u017cu instalacji OZE.<\/p>\n\n\n\n<p>Projekt b\u0119dzie realizowany w formule grantowej tzn. refundacji poniesionych wydatk\u00f3w kwalifikowanych.<\/p>\n\n\n\n<figure class=\"wp-block-image\"><img decoding=\"async\" src=\"http:\/\/www.bedzin.pl\/uploads\/pub\/pages\/page_1111\/text_images\/Zrzut%20ekranu%202020-03-17%20o%2013.30.25.png\" alt=\"Ekogranty\"\/><\/figure>\n\n\n\n<p>Mo\u017cliwe jest wsparcie budynk\u00f3w, w kt\u00f3rych wraz z wymian\u0105 \u017ar\u00f3d\u0142a ciep\u0142a przeprowadzona zostanie termomodernizacja lub budynk\u00f3w, w kt\u00f3rych termomodernizacja zosta\u0142a ju\u017c wykonana.<\/p>\n\n\n\n<p>Za wykonan\u0105 termomodernizacj\u0119 uwa\u017cane jest osi\u0105gni\u0119cie poziomu zapotrzebowania na nieodnawialn\u0105 energi\u0119 pierwotn\u0105 na potrzeby ogrzewania, wentylacji oraz przygotowania ciep\u0142ej wody u\u017cytkowej okre\u015blone w audycie energetycznym wyra\u017cone wska\u017anikiem EPH+W (wyliczone przed wymian\u0105\/modernizacj\u0105 kot\u0142a) dla budynk\u00f3w mieszkalnych jednorodzinnych na poziomie EPH+Wi.<\/p>\n\n\n\n<p><strong>Projektem zostanie obj\u0119tych 100 nieruchomo\u015bci spe\u0142niaj\u0105cych warunki udzia\u0142u w projekcie.<\/strong><\/p>\n\n\n\n<figure class=\"wp-block-image\"><img decoding=\"async\" src=\"http:\/\/www.bedzin.pl\/uploads\/pub\/pages\/page_1111\/text_images\/niska%20emisja%20plakat.jpg\" alt=\"Plakat informuj\u0105cy o dofinansowaniach na tle pejza\u017cu miejskiego\"\/><\/figure>\n\n\n\n<p>W przypadku budynk\u00f3w zabytkowych\/historycznych (obj\u0119tych ochron\u0105 konserwatora zabytk\u00f3w), w kt\u00f3rych z uwagi na ograniczenia konserwatorskie nie by\u0142o mo\u017cliwo\u015bci przeprowadzenia pe\u0142nego zakresu termomodernizacji, wymiana \u017ar\u00f3d\u0142a ciep\u0142a na \u017ar\u00f3d\u0142o opalane paliwem gazowym lub biomas\u0105 jest mo\u017cliwe w obiektach, w kt\u00f3rych zrealizowany jest przynajmniej minimalny zakres termomodernizacji: wymiana okien na podw\u00f3jne\/potr\u00f3jne (dwuszybowe\/trzyszybowe), ocieplenie dachu oraz wewn\u0119trzna wentylacja z odzyskiem ciep\u0142a (wszystkie trzy elementy s\u0105 wymagane). Ww. przegrody zewn\u0119trzne powinny spe\u0142nia\u0107 wymagania dotycz\u0105ce izolacyjno\u015bci cieplnej obowi\u0105zuj\u0105ce przynajmniej dla roku 2014, zgodne z za\u0142\u0105cznikiem do rozporz\u0105dzenia Ministra Transportu, Budownictwa i Gospodarki Morskiej z dnia 5 lipca 2013 r. zmieniaj\u0105cego rozporz\u0105dzenie w sprawie warunk\u00f3w technicznych, jakim powinny odpowiada\u0107 budynki i ich usytuowanie. (Dz. U. 2013 poz. 926).<\/p>\n\n\n\n<p>\u0179r\u00f3d\u0142o: UM B\u0119dzin<\/p>\n<div class=\"post-author\" style=\"font-size:13px\">Witold Tr\u00f3lka<\/div><\/div>","protected":false},"excerpt":{"rendered":"<p>W&nbsp;&nbsp;zwi\u0105zku z og\u0142oszeniem w Polsce stanu zagro\u017cenia epidemicznego&nbsp;zaplanowane spotkania informacyjne w sprawie projektu&nbsp;pn.: \u201eOgraniczanie niskiej emisji w indywidualnych gospodarstwach domowych na terenie B\u0119dzina\u201d&nbsp;nie odb\u0119d\u0105 si\u0119 w zaplanowanych terminach. Uprzejmie prosimy&nbsp;&nbsp;o zapoznanie si\u0119 prezentacj\u0105 na temat planowanego przez Miasto B\u0119dzin projektu, a ewentualne pytania prosimy kierowa\u0107&#8230;<\/p>","protected":false},"author":140,"featured_media":20968,"comment_status":"closed","ping_status":"closed","sticky":false,"template":"","format":"standard","meta":{"_acf_changed":false,"footnotes":""},"categories":[195,239,1926],"tags":[456,257],"class_list":["post-20964","post","type-post","status-publish","format-standard","has-post-thumbnail","hentry","category-bedzin","category-gospodarka-i-inwestycje","category-koronawirus","tag-fundusze-ue","tag-niska-emisja"],"acf":[],"yoast_head":"<!-- This site is optimized with the Yoast SEO plugin v27.4 - https:\/\/yoast.com\/product\/yoast-seo-wordpress\/ -->\n<title>Ograniczenie niskiej emisji w indywidualnych gospodarstwach domowych w B\u0119dzinie - Metropolia GZM<\/title>\n<meta name=\"description\" content=\"Oficjalny portal G\u00f3rno\u015bl\u0105sko-Zag\u0142\u0119biowskiej Metropolii\" \/>\n<meta name=\"robots\" content=\"index, follow, max-snippet:-1, max-image-preview:large, max-video-preview:-1\" \/>\n<link rel=\"canonical\" href=\"https:\/\/metropoliagzm.pl\/en\/2020\/03\/25\/ograniczenie-niskiej-emisji-w-indywidualnych-gospodarstwach-domowych-w-bedzinie\/\" \/>\n<meta name=\"twitter:card\" content=\"summary_large_image\" \/>\n<meta name=\"twitter:title\" content=\"Ograniczenie niskiej emisji w indywidualnych gospodarstwach domowych w B\u0119dzinie - Metropolia GZM\" \/>\n<meta name=\"twitter:description\" content=\"Oficjalny portal G\u00f3rno\u015bl\u0105sko-Zag\u0142\u0119biowskiej Metropolii\" \/>\n<meta name=\"twitter:image\" content=\"https:\/\/metropoliagzm.pl\/wp-content\/uploads\/2020\/03\/photovoltaic-1898930_1280.jpg\" \/>\n<meta name=\"twitter:label1\" content=\"Written by\" \/>\n\t<meta name=\"twitter:data1\" content=\"Witold Tr\u00f3lka\" \/>\n\t<meta name=\"twitter:label2\" content=\"Estimated reading time\" \/>\n\t<meta name=\"twitter:data2\" content=\"2 minutes\" \/>\n<script type=\"application\/ld+json\" class=\"yoast-schema-graph\">{\"@context\":\"https:\\\/\\\/schema.org\",\"@graph\":[{\"@type\":\"Article\",\"@id\":\"https:\\\/\\\/metropoliagzm.pl\\\/2020\\\/03\\\/25\\\/ograniczenie-niskiej-emisji-w-indywidualnych-gospodarstwach-domowych-w-bedzinie\\\/#article\",\"isPartOf\":{\"@id\":\"https:\\\/\\\/metropoliagzm.pl\\\/2020\\\/03\\\/25\\\/ograniczenie-niskiej-emisji-w-indywidualnych-gospodarstwach-domowych-w-bedzinie\\\/\"},\"author\":{\"name\":\"Witold Tr\u00f3lka\",\"@id\":\"https:\\\/\\\/metropoliagzm.pl\\\/en\\\/#\\\/schema\\\/person\\\/96e19c492916cfe1ba595fd2f60d95b8\"},\"headline\":\"Ograniczenie niskiej emisji w indywidualnych gospodarstwach domowych w B\u0119dzinie\",\"datePublished\":\"2020-03-25T08:37:04+00:00\",\"dateModified\":\"2020-03-25T08:37:49+00:00\",\"mainEntityOfPage\":{\"@id\":\"https:\\\/\\\/metropoliagzm.pl\\\/2020\\\/03\\\/25\\\/ograniczenie-niskiej-emisji-w-indywidualnych-gospodarstwach-domowych-w-bedzinie\\\/\"},\"wordCount\":465,\"publisher\":{\"@id\":\"https:\\\/\\\/metropoliagzm.pl\\\/en\\\/#organization\"},\"image\":{\"@id\":\"https:\\\/\\\/metropoliagzm.pl\\\/2020\\\/03\\\/25\\\/ograniczenie-niskiej-emisji-w-indywidualnych-gospodarstwach-domowych-w-bedzinie\\\/#primaryimage\"},\"thumbnailUrl\":\"https:\\\/\\\/metropoliagzm.pl\\\/wp-content\\\/uploads\\\/2020\\\/03\\\/photovoltaic-1898930_1280.jpg\",\"keywords\":[\"Fundusze UE\",\"niska emisja\"],\"articleSection\":[\"B\u0119dzin\",\"Gospodarka i Inwestycje\",\"Koronawirus\"],\"inLanguage\":\"en-GB\"},{\"@type\":\"WebPage\",\"@id\":\"https:\\\/\\\/metropoliagzm.pl\\\/2020\\\/03\\\/25\\\/ograniczenie-niskiej-emisji-w-indywidualnych-gospodarstwach-domowych-w-bedzinie\\\/\",\"url\":\"https:\\\/\\\/metropoliagzm.pl\\\/2020\\\/03\\\/25\\\/ograniczenie-niskiej-emisji-w-indywidualnych-gospodarstwach-domowych-w-bedzinie\\\/\",\"name\":\"Ograniczenie niskiej emisji w indywidualnych gospodarstwach domowych w B\u0119dzinie - Metropolia GZM\",\"isPartOf\":{\"@id\":\"https:\\\/\\\/metropoliagzm.pl\\\/en\\\/#website\"},\"primaryImageOfPage\":{\"@id\":\"https:\\\/\\\/metropoliagzm.pl\\\/2020\\\/03\\\/25\\\/ograniczenie-niskiej-emisji-w-indywidualnych-gospodarstwach-domowych-w-bedzinie\\\/#primaryimage\"},\"image\":{\"@id\":\"https:\\\/\\\/metropoliagzm.pl\\\/2020\\\/03\\\/25\\\/ograniczenie-niskiej-emisji-w-indywidualnych-gospodarstwach-domowych-w-bedzinie\\\/#primaryimage\"},\"thumbnailUrl\":\"https:\\\/\\\/metropoliagzm.pl\\\/wp-content\\\/uploads\\\/2020\\\/03\\\/photovoltaic-1898930_1280.jpg\",\"datePublished\":\"2020-03-25T08:37:04+00:00\",\"dateModified\":\"2020-03-25T08:37:49+00:00\",\"description\":\"Oficjalny portal G\u00f3rno\u015bl\u0105sko-Zag\u0142\u0119biowskiej Metropolii\",\"breadcrumb\":{\"@id\":\"https:\\\/\\\/metropoliagzm.pl\\\/2020\\\/03\\\/25\\\/ograniczenie-niskiej-emisji-w-indywidualnych-gospodarstwach-domowych-w-bedzinie\\\/#breadcrumb\"},\"inLanguage\":\"en-GB\",\"potentialAction\":[{\"@type\":\"ReadAction\",\"target\":[\"https:\\\/\\\/metropoliagzm.pl\\\/2020\\\/03\\\/25\\\/ograniczenie-niskiej-emisji-w-indywidualnych-gospodarstwach-domowych-w-bedzinie\\\/\"]}]},{\"@type\":\"ImageObject\",\"inLanguage\":\"en-GB\",\"@id\":\"https:\\\/\\\/metropoliagzm.pl\\\/2020\\\/03\\\/25\\\/ograniczenie-niskiej-emisji-w-indywidualnych-gospodarstwach-domowych-w-bedzinie\\\/#primaryimage\",\"url\":\"https:\\\/\\\/metropoliagzm.pl\\\/wp-content\\\/uploads\\\/2020\\\/03\\\/photovoltaic-1898930_1280.jpg\",\"contentUrl\":\"https:\\\/\\\/metropoliagzm.pl\\\/wp-content\\\/uploads\\\/2020\\\/03\\\/photovoltaic-1898930_1280.jpg\",\"width\":1280,\"height\":720,\"caption\":\"www.pixabay.com\"},{\"@type\":\"BreadcrumbList\",\"@id\":\"https:\\\/\\\/metropoliagzm.pl\\\/2020\\\/03\\\/25\\\/ograniczenie-niskiej-emisji-w-indywidualnych-gospodarstwach-domowych-w-bedzinie\\\/#breadcrumb\",\"itemListElement\":[{\"@type\":\"ListItem\",\"position\":1,\"name\":\"Strona g\u0142\u00f3wna\",\"item\":\"https:\\\/\\\/metropoliagzm.pl\\\/\"},{\"@type\":\"ListItem\",\"position\":2,\"name\":\"Ograniczenie niskiej emisji w indywidualnych gospodarstwach domowych w B\u0119dzinie\"}]},{\"@type\":\"WebSite\",\"@id\":\"https:\\\/\\\/metropoliagzm.pl\\\/en\\\/#website\",\"url\":\"https:\\\/\\\/metropoliagzm.pl\\\/en\\\/\",\"name\":\"Metropolia GZM\",\"description\":\"Oficjalny portal G\u00f3rno\u015bl\u0105sko-Zag\u0142\u0119biowskiej Metropolii\",\"publisher\":{\"@id\":\"https:\\\/\\\/metropoliagzm.pl\\\/en\\\/#organization\"},\"potentialAction\":[{\"@type\":\"SearchAction\",\"target\":{\"@type\":\"EntryPoint\",\"urlTemplate\":\"https:\\\/\\\/metropoliagzm.pl\\\/en\\\/?s={search_term_string}\"},\"query-input\":{\"@type\":\"PropertyValueSpecification\",\"valueRequired\":true,\"valueName\":\"search_term_string\"}}],\"inLanguage\":\"en-GB\"},{\"@type\":\"Organization\",\"@id\":\"https:\\\/\\\/metropoliagzm.pl\\\/en\\\/#organization\",\"name\":\"Metropolia GZM\",\"url\":\"https:\\\/\\\/metropoliagzm.pl\\\/en\\\/\",\"logo\":{\"@type\":\"ImageObject\",\"inLanguage\":\"en-GB\",\"@id\":\"https:\\\/\\\/metropoliagzm.pl\\\/en\\\/#\\\/schema\\\/logo\\\/image\\\/\",\"url\":\"https:\\\/\\\/metropoliagzm.pl\\\/wp-content\\\/uploads\\\/2019\\\/03\\\/Sygnet-strona-glowna.png\",\"contentUrl\":\"https:\\\/\\\/metropoliagzm.pl\\\/wp-content\\\/uploads\\\/2019\\\/03\\\/Sygnet-strona-glowna.png\",\"width\":36,\"height\":45,\"caption\":\"Metropolia GZM\"},\"image\":{\"@id\":\"https:\\\/\\\/metropoliagzm.pl\\\/en\\\/#\\\/schema\\\/logo\\\/image\\\/\"}},{\"@type\":\"Person\",\"@id\":\"https:\\\/\\\/metropoliagzm.pl\\\/en\\\/#\\\/schema\\\/person\\\/96e19c492916cfe1ba595fd2f60d95b8\",\"name\":\"Witold Tr\u00f3lka\",\"image\":{\"@type\":\"ImageObject\",\"inLanguage\":\"en-GB\",\"@id\":\"https:\\\/\\\/secure.gravatar.com\\\/avatar\\\/71e0c635e405b4a3631033f0d6f49e682b54dcd226d647737e1040a5a480d177?s=96&d=mm&r=g\",\"url\":\"https:\\\/\\\/secure.gravatar.com\\\/avatar\\\/71e0c635e405b4a3631033f0d6f49e682b54dcd226d647737e1040a5a480d177?s=96&d=mm&r=g\",\"contentUrl\":\"https:\\\/\\\/secure.gravatar.com\\\/avatar\\\/71e0c635e405b4a3631033f0d6f49e682b54dcd226d647737e1040a5a480d177?s=96&d=mm&r=g\",\"caption\":\"Witold Tr\u00f3lka\"},\"url\":\"https:\\\/\\\/metropoliagzm.pl\\\/en\\\/author\\\/w-trolka\\\/\"}]}<\/script>\n<!-- \/ Yoast SEO plugin. -->","yoast_head_json":{"title":"Ograniczenie niskiej emisji w indywidualnych gospodarstwach domowych w B\u0119dzinie - Metropolia GZM","description":"Oficjalny portal G\u00f3rno\u015bl\u0105sko-Zag\u0142\u0119biowskiej Metropolii","robots":{"index":"index","follow":"follow","max-snippet":"max-snippet:-1","max-image-preview":"max-image-preview:large","max-video-preview":"max-video-preview:-1"},"canonical":"https:\/\/metropoliagzm.pl\/en\/2020\/03\/25\/ograniczenie-niskiej-emisji-w-indywidualnych-gospodarstwach-domowych-w-bedzinie\/","twitter_card":"summary_large_image","twitter_title":"Ograniczenie niskiej emisji w indywidualnych gospodarstwach domowych w B\u0119dzinie - Metropolia GZM","twitter_description":"Oficjalny portal G\u00f3rno\u015bl\u0105sko-Zag\u0142\u0119biowskiej Metropolii","twitter_image":"https:\/\/metropoliagzm.pl\/wp-content\/uploads\/2020\/03\/photovoltaic-1898930_1280.jpg","twitter_misc":{"Written by":"Witold Tr\u00f3lka","Estimated reading time":"2 minutes"},"schema":{"@context":"https:\/\/schema.org","@graph":[{"@type":"Article","@id":"https:\/\/metropoliagzm.pl\/2020\/03\/25\/ograniczenie-niskiej-emisji-w-indywidualnych-gospodarstwach-domowych-w-bedzinie\/#article","isPartOf":{"@id":"https:\/\/metropoliagzm.pl\/2020\/03\/25\/ograniczenie-niskiej-emisji-w-indywidualnych-gospodarstwach-domowych-w-bedzinie\/"},"author":{"name":"Witold Tr\u00f3lka","@id":"https:\/\/metropoliagzm.pl\/en\/#\/schema\/person\/96e19c492916cfe1ba595fd2f60d95b8"},"headline":"Ograniczenie niskiej emisji w indywidualnych gospodarstwach domowych w B\u0119dzinie","datePublished":"2020-03-25T08:37:04+00:00","dateModified":"2020-03-25T08:37:49+00:00","mainEntityOfPage":{"@id":"https:\/\/metropoliagzm.pl\/2020\/03\/25\/ograniczenie-niskiej-emisji-w-indywidualnych-gospodarstwach-domowych-w-bedzinie\/"},"wordCount":465,"publisher":{"@id":"https:\/\/metropoliagzm.pl\/en\/#organization"},"image":{"@id":"https:\/\/metropoliagzm.pl\/2020\/03\/25\/ograniczenie-niskiej-emisji-w-indywidualnych-gospodarstwach-domowych-w-bedzinie\/#primaryimage"},"thumbnailUrl":"https:\/\/metropoliagzm.pl\/wp-content\/uploads\/2020\/03\/photovoltaic-1898930_1280.jpg","keywords":["Fundusze UE","niska emisja"],"articleSection":["B\u0119dzin","Gospodarka i Inwestycje","Koronawirus"],"inLanguage":"en-GB"},{"@type":"WebPage","@id":"https:\/\/metropoliagzm.pl\/2020\/03\/25\/ograniczenie-niskiej-emisji-w-indywidualnych-gospodarstwach-domowych-w-bedzinie\/","url":"https:\/\/metropoliagzm.pl\/2020\/03\/25\/ograniczenie-niskiej-emisji-w-indywidualnych-gospodarstwach-domowych-w-bedzinie\/","name":"Ograniczenie niskiej emisji w indywidualnych gospodarstwach domowych w B\u0119dzinie - Metropolia GZM","isPartOf":{"@id":"https:\/\/metropoliagzm.pl\/en\/#website"},"primaryImageOfPage":{"@id":"https:\/\/metropoliagzm.pl\/2020\/03\/25\/ograniczenie-niskiej-emisji-w-indywidualnych-gospodarstwach-domowych-w-bedzinie\/#primaryimage"},"image":{"@id":"https:\/\/metropoliagzm.pl\/2020\/03\/25\/ograniczenie-niskiej-emisji-w-indywidualnych-gospodarstwach-domowych-w-bedzinie\/#primaryimage"},"thumbnailUrl":"https:\/\/metropoliagzm.pl\/wp-content\/uploads\/2020\/03\/photovoltaic-1898930_1280.jpg","datePublished":"2020-03-25T08:37:04+00:00","dateModified":"2020-03-25T08:37:49+00:00","description":"Oficjalny portal G\u00f3rno\u015bl\u0105sko-Zag\u0142\u0119biowskiej Metropolii","breadcrumb":{"@id":"https:\/\/metropoliagzm.pl\/2020\/03\/25\/ograniczenie-niskiej-emisji-w-indywidualnych-gospodarstwach-domowych-w-bedzinie\/#breadcrumb"},"inLanguage":"en-GB","potentialAction":[{"@type":"ReadAction","target":["https:\/\/metropoliagzm.pl\/2020\/03\/25\/ograniczenie-niskiej-emisji-w-indywidualnych-gospodarstwach-domowych-w-bedzinie\/"]}]},{"@type":"ImageObject","inLanguage":"en-GB","@id":"https:\/\/metropoliagzm.pl\/2020\/03\/25\/ograniczenie-niskiej-emisji-w-indywidualnych-gospodarstwach-domowych-w-bedzinie\/#primaryimage","url":"https:\/\/metropoliagzm.pl\/wp-content\/uploads\/2020\/03\/photovoltaic-1898930_1280.jpg","contentUrl":"https:\/\/metropoliagzm.pl\/wp-content\/uploads\/2020\/03\/photovoltaic-1898930_1280.jpg","width":1280,"height":720,"caption":"www.pixabay.com"},{"@type":"BreadcrumbList","@id":"https:\/\/metropoliagzm.pl\/2020\/03\/25\/ograniczenie-niskiej-emisji-w-indywidualnych-gospodarstwach-domowych-w-bedzinie\/#breadcrumb","itemListElement":[{"@type":"ListItem","position":1,"name":"Strona g\u0142\u00f3wna","item":"https:\/\/metropoliagzm.pl\/"},{"@type":"ListItem","position":2,"name":"Ograniczenie niskiej emisji w indywidualnych gospodarstwach domowych w B\u0119dzinie"}]},{"@type":"WebSite","@id":"https:\/\/metropoliagzm.pl\/en\/#website","url":"https:\/\/metropoliagzm.pl\/en\/","name":"Metropolia GZM","description":"Oficjalny portal G\u00f3rno\u015bl\u0105sko-Zag\u0142\u0119biowskiej Metropolii","publisher":{"@id":"https:\/\/metropoliagzm.pl\/en\/#organization"},"potentialAction":[{"@type":"SearchAction","target":{"@type":"EntryPoint","urlTemplate":"https:\/\/metropoliagzm.pl\/en\/?s={search_term_string}"},"query-input":{"@type":"PropertyValueSpecification","valueRequired":true,"valueName":"search_term_string"}}],"inLanguage":"en-GB"},{"@type":"Organization","@id":"https:\/\/metropoliagzm.pl\/en\/#organization","name":"Metropolia GZM","url":"https:\/\/metropoliagzm.pl\/en\/","logo":{"@type":"ImageObject","inLanguage":"en-GB","@id":"https:\/\/metropoliagzm.pl\/en\/#\/schema\/logo\/image\/","url":"https:\/\/metropoliagzm.pl\/wp-content\/uploads\/2019\/03\/Sygnet-strona-glowna.png","contentUrl":"https:\/\/metropoliagzm.pl\/wp-content\/uploads\/2019\/03\/Sygnet-strona-glowna.png","width":36,"height":45,"caption":"Metropolia GZM"},"image":{"@id":"https:\/\/metropoliagzm.pl\/en\/#\/schema\/logo\/image\/"}},{"@type":"Person","@id":"https:\/\/metropoliagzm.pl\/en\/#\/schema\/person\/96e19c492916cfe1ba595fd2f60d95b8","name":"Witold Tr\u00f3lka","image":{"@type":"ImageObject","inLanguage":"en-GB","@id":"https:\/\/secure.gravatar.com\/avatar\/71e0c635e405b4a3631033f0d6f49e682b54dcd226d647737e1040a5a480d177?s=96&d=mm&r=g","url":"https:\/\/secure.gravatar.com\/avatar\/71e0c635e405b4a3631033f0d6f49e682b54dcd226d647737e1040a5a480d177?s=96&d=mm&r=g","contentUrl":"https:\/\/secure.gravatar.com\/avatar\/71e0c635e405b4a3631033f0d6f49e682b54dcd226d647737e1040a5a480d177?s=96&d=mm&r=g","caption":"Witold Tr\u00f3lka"},"url":"https:\/\/metropoliagzm.pl\/en\/author\/w-trolka\/"}]}},"_links":{"self":[{"href":"https:\/\/metropoliagzm.pl\/en\/wp-json\/wp\/v2\/posts\/20964","targetHints":{"allow":["GET"]}}],"collection":[{"href":"https:\/\/metropoliagzm.pl\/en\/wp-json\/wp\/v2\/posts"}],"about":[{"href":"https:\/\/metropoliagzm.pl\/en\/wp-json\/wp\/v2\/types\/post"}],"author":[{"embeddable":true,"href":"https:\/\/metropoliagzm.pl\/en\/wp-json\/wp\/v2\/users\/140"}],"replies":[{"embeddable":true,"href":"https:\/\/metropoliagzm.pl\/en\/wp-json\/wp\/v2\/comments?post=20964"}],"version-history":[{"count":2,"href":"https:\/\/metropoliagzm.pl\/en\/wp-json\/wp\/v2\/posts\/20964\/revisions"}],"predecessor-version":[{"id":20967,"href":"https:\/\/metropoliagzm.pl\/en\/wp-json\/wp\/v2\/posts\/20964\/revisions\/20967"}],"wp:featuredmedia":[{"embeddable":true,"href":"https:\/\/metropoliagzm.pl\/en\/wp-json\/wp\/v2\/media\/20968"}],"wp:attachment":[{"href":"https:\/\/metropoliagzm.pl\/en\/wp-json\/wp\/v2\/media?parent=20964"}],"wp:term":[{"taxonomy":"category","embeddable":true,"href":"https:\/\/metropoliagzm.pl\/en\/wp-json\/wp\/v2\/categories?post=20964"},{"taxonomy":"post_tag","embeddable":true,"href":"https:\/\/metropoliagzm.pl\/en\/wp-json\/wp\/v2\/tags?post=20964"}],"curies":[{"name":"wp","href":"https:\/\/api.w.org\/{rel}","templated":true}]}}