{"id":21875,"date":"2020-04-07T08:56:16","date_gmt":"2020-04-07T06:56:16","guid":{"rendered":"https:\/\/metropoliagzm.pl\/?p=21875"},"modified":"2020-04-07T08:56:17","modified_gmt":"2020-04-07T06:56:17","slug":"inkubator-na-trudne-czasy","status":"publish","type":"post","link":"https:\/\/metropoliagzm.pl\/en\/2020\/04\/07\/inkubator-na-trudne-czasy\/","title":{"rendered":"Inkubator na trudne czasy"},"content":{"rendered":"<div class=\"pdf-block\"><div class=\"pdfprnt-buttons  pdfprnt-new pdfprnt-buttons-post pdfprnt-top-right\"><div class=\"jssocials-share jssocials-share-twitter\"><a target=\"_blank\" href=\"https:\/\/twitter.com\/share?url=https:\/\/metropoliagzm.pl\/en\/wp-json\/wp\/v2\/posts\/21875;text=21875\" class=\"jssocials-share-link\"><i class=\"fa fa-twitter jssocials-share-logo\"><\/i><\/a><\/div><div class=\"jssocials-share jssocials-share-facebook\"><a target=\"_blank\" href=\"https:\/\/facebook.com\/sharer\/sharer.php?u=https:\/\/metropoliagzm.pl\/en\/wp-json\/wp\/v2\/posts\/21875\" class=\"jssocials-share-link\"><i class=\"fa fa-facebook jssocials-share-logo\"><\/i><\/a><\/div><div class=\"jssocials-share jssocials-share-pinterest\"><a target=\"_blank\" href=\"https:\/\/pinterest.com\/pin\/create\/bookmarklet\/?&amp;url=https:\/\/metropoliagzm.pl\/en\/wp-json\/wp\/v2\/posts\/21875;description=21875\" class=\"jssocials-share-link\"><i class=\"fa fa-pinterest jssocials-share-logo\"><\/i><\/a><\/div><a href=\"https:\/\/metropoliagzm.pl\/en\/wp-json\/wp\/v2\/posts\/21875?print=pdf\" class=\"pdfprnt-button pdfprnt-button-pdf\" target=\"_blank\"><img decoding=\"async\" src=\"https:\/\/metropoliagzm.pl\/wp-content\/plugins\/pdf-print\/images\/pdf.png\" alt=\"image_pdf\" title=\"View PDF\" \/><\/a><a href=\"https:\/\/metropoliagzm.pl\/en\/wp-json\/wp\/v2\/posts\/21875?print=print\" class=\"pdfprnt-button pdfprnt-button-print\" target=\"_blank\"><img decoding=\"async\" src=\"https:\/\/metropoliagzm.pl\/wp-content\/plugins\/pdf-print\/images\/print.png\" alt=\"image_print\" title=\"Print Content\" \/><\/a><\/div><\/div><div class=\"post-block-pdf\"><div class=\"pdfprnt-buttons pdfprnt-buttons-post pdfprnt-top-right\"><a href=\"https:\/\/metropoliagzm.pl\/en\/wp-json\/wp\/v2\/posts\/21875?print=pdf\" class=\"pdfprnt-button pdfprnt-button-pdf\" target=\"_blank\"><img decoding=\"async\" src=\"https:\/\/metropoliagzm.pl\/wp-content\/plugins\/pdf-print\/images\/pdf.png\" alt=\"image_pdf\" title=\"View PDF\" \/><\/a><a href=\"https:\/\/metropoliagzm.pl\/en\/wp-json\/wp\/v2\/posts\/21875?print=print\" class=\"pdfprnt-button pdfprnt-button-print\" target=\"_blank\"><img decoding=\"async\" src=\"https:\/\/metropoliagzm.pl\/wp-content\/plugins\/pdf-print\/images\/print.png\" alt=\"image_print\" title=\"Print Content\" \/><\/a><\/div>\n<p><strong>Prowadz\u0105cy dzia\u0142alno\u015b\u0107 gospodarcz\u0105 w D\u0105browie G\u00f3rniczej mog\u0105 korzysta\u0107 z bezp\u0142atnych porad D\u0105browskiego Inkubatora Przedsi\u0119biorczo\u015bci.<\/strong><\/p>\n\n\n\n<p>Na przedsi\u0119biorc\u00f3w, kt\u00f3rzy ze wzgl\u0119du na epidemi\u0119 koronawirusa znale\u017ali si\u0119 w trudnej sytuacji, <strong>czeka m.in. wsparcie przygotowane przez d\u0105browski samorz\u0105d, a tak\u017ce rz\u0105dowe propozycje<\/strong>, czyli pakiet ustaw &nbsp;zawieraj\u0105cych regulacje, kt\u00f3re maj\u0105 przeciwdzia\u0142a\u0107 gospodarczym skutkom epidemii.<\/p>\n\n\n\n<p>W D\u0105browskim Inkubatorze Przedsi\u0119biorczo\u015bci mo\u017cna m.in. dowiedzie\u0107 si\u0119, jakie <a rel=\"noreferrer noopener\" href=\"https:\/\/www.dabrowa-gornicza.pl\/aktualnosci\/miasto-wychodzi-naprzeciw-przedsiebiorcom\/\" target=\"_blank\"><strong>wsparcie przygotowa\u0142o miasto<\/strong><\/a> i jakie rozwi\u0105zania zawarte s\u0105 w tzw. <a rel=\"noreferrer noopener\" href=\"https:\/\/www.dabrowa-gornicza.pl\/aktualnosci\/tarcza-antykryzysowa-weszla-w-zycie\/\" target=\"_blank\"><strong>tarczy antykryzysowej<\/strong>.<\/a> Porady dotycz\u0105 te\u017c tego, <strong>jak dzia\u0142a\u0107\u00a0 w obecnej sytuacji<\/strong>. Bezp\u0142atne konsultacje prowadzone s\u0105 <strong>zdalnie.<\/strong><\/p>\n\n\n\n<p>Infolinia D\u0105browskiego Inkubatora Przedsi\u0119biorczo\u015bci dla mikro, ma\u0142ych i \u015brednich przedsi\u0119biorstw \u2013<strong> 533 322&nbsp;578 czynna w godzinach:<\/strong>poniedzia\u0142ek 15-19<br>\nwtorek 8-13<br>\n\u015broda 8-13<br>\nczwartek 15-19<br>\npi\u0105tek 8-10<br>\ne-mail: <a href=\"mailto:biuro@inkubator-dabrowa.pl\" target=\"_blank\" rel=\"noreferrer noopener\">biuro@inkubator-dabrowa.pl<\/a><\/p>\n\n\n\n<p>Warto przypomnie\u0107, \u017ce <strong>opr\u00f3cz bie\u017c\u0105cego doradztwa, D\u0105browski Inkubator Przedsi\u0119biorczo\u015bci<\/strong> na kwiecie\u0144 przygotowa\u0142 <strong>kolejn\u0105 seri\u0119 tematycznych porad<\/strong>.<\/p>\n\n\n\n<p>W kwietniu, podobnie jak w poprzednich miesi\u0105cach, mo\u017cna skorzysta\u0107 z <strong>bezp\u0142atnych<\/strong> konsultacji dotycz\u0105cych <strong>marketingu, biznesu, ksi\u0119gowo\u015bci, prawa i sprzeda\u017cy.<\/strong> Zapisy<strong><a href=\"https:\/\/app.evenea.pl\/event\/dip-kwiecien20\/?fbclid=IwAR1fKVQiyVMZl5M4G8ZBiLWG6GX2OjSm0TMqkF-YcDR7IzxOddPRiHp9DWs\"> online<\/a><\/strong>, liczba miejsc ograniczona.<\/p>\n\n\n\n<p>***<br>\nD\u0105browski Inkubator Przedsi\u0119biorczo\u015bci mie\u015bcie si\u0119 <strong>przy ul. 3-go Maja 22 w D\u0105browie G\u00f3rniczej.<\/strong> Zapewniania <strong>kompleksowe i bezp\u0142atne wsparcie<\/strong>, zar\u00f3wno dla os\u00f3b planuj\u0105cych rozpocz\u0119cie przygody z biznesem, jak i w\u0142a\u015bcicieli firm z kr\u00f3tkim sta\u017cem.<\/p>\n\n\n\n<p><strong>W DIP mo\u017cna m.in. skorzysta\u0107 z konsultacji i porad.<\/strong> W jego siedzibie do dyspozycji s\u0105 <strong>miejsca do pracy<\/strong>, czyli tzw. przestrze\u0144 coworkingowa. Cykliczne spotkania to z kolei <strong>okazja do wymiany do\u015bwiadcze\u0144 i nawi\u0105zywania kontakt\u00f3w<\/strong> z innymi przedsi\u0119biorcami.<\/p>\n\n\n\n<p><strong>DIP dzia\u0142a od lipca 2018 r., powsta\u0142 z inicjatywy miasta oraz organizacji z naszego regionu<\/strong>,\n m.in. Stowarzyszenia Przedsi\u0119biorcy z Wyboru oraz Akademickich \nInkubator\u00f3w Przedsi\u0119biorczo\u015bci. W partnerstwie z Urz\u0119dem Miejskim \nzrealizowa\u0142 programy <strong>\u201eLokal na start\u201d i \u201eModel biznesowy dla D\u0105browy\u201d. <\/strong>Informacje o jego bie\u017c\u0105cej dzia\u0142alno\u015bci na stronie <strong><a href=\"https:\/\/www.inkubator-dabrowa.pl\/\" target=\"_blank\" rel=\"noreferrer noopener\">www.inkubator-dabrowa.pl<\/a> <\/strong><\/p>\n\n\n\n<p><strong>D\u0105browski Inkubator Przedsi\u0119biorczo\u015bci<\/strong> cieszy si\u0119 powodzeniem w\u015br\u00f3d os\u00f3b, kt\u00f3re korzystaj\u0105 z jego us\u0142ug, ale jest te\u017c dostrzegany na zewn\u0105trz. Niedawno zosta\u0142 <strong>doceniony w og\u00f3lnopolskim konkursie \u201eInnowacyjny Samorz\u0105d\u201d.<\/strong> <strong><a rel=\"noreferrer noopener\" href=\"https:\/\/www.dabrowa-gornicza.pl\/aktualnosci\/dabrowski-inkubator-przedsiebiorczosci-wyrozniony\/\" target=\"_blank\">Czytaj wi\u0119cej.<\/a><\/strong><\/p>\n\n\n\n<p>\u0179r\u00f3d\u0142o: UM D\u0105browa G\u00f3rnicza <\/p>\n<div class=\"post-author\" style=\"font-size:13px\">dabrowa<\/div><\/div>","protected":false},"excerpt":{"rendered":"<p>Prowadz\u0105cy dzia\u0142alno\u015b\u0107 gospodarcz\u0105 w D\u0105browie G\u00f3rniczej mog\u0105 korzysta\u0107 z bezp\u0142atnych porad D\u0105browskiego Inkubatora Przedsi\u0119biorczo\u015bci. Na przedsi\u0119biorc\u00f3w, kt\u00f3rzy ze wzgl\u0119du na epidemi\u0119 koronawirusa znale\u017ali si\u0119 w trudnej sytuacji, czeka m.in. wsparcie przygotowane przez d\u0105browski samorz\u0105d, a tak\u017ce rz\u0105dowe propozycje, czyli pakiet ustaw &nbsp;zawieraj\u0105cych regulacje, kt\u00f3re maj\u0105&#8230;<\/p>","protected":false},"author":97,"featured_media":21876,"comment_status":"closed","ping_status":"closed","sticky":false,"template":"","format":"standard","meta":{"_acf_changed":false,"footnotes":""},"categories":[203,1926,242],"tags":[],"class_list":["post-21875","post","type-post","status-publish","format-standard","has-post-thumbnail","hentry","category-dabrowa-gornicza","category-koronawirus","category-mieszkancy"],"acf":[],"yoast_head":"<!-- This site is optimized with the Yoast SEO plugin v27.4 - https:\/\/yoast.com\/product\/yoast-seo-wordpress\/ -->\n<title>Inkubator na trudne czasy - Metropolia GZM<\/title>\n<meta name=\"description\" content=\"Oficjalny portal G\u00f3rno\u015bl\u0105sko-Zag\u0142\u0119biowskiej Metropolii\" \/>\n<meta name=\"robots\" content=\"index, follow, max-snippet:-1, max-image-preview:large, max-video-preview:-1\" \/>\n<link rel=\"canonical\" href=\"https:\/\/metropoliagzm.pl\/en\/2020\/04\/07\/inkubator-na-trudne-czasy\/\" \/>\n<meta name=\"twitter:card\" content=\"summary_large_image\" \/>\n<meta name=\"twitter:title\" content=\"Inkubator na trudne czasy - Metropolia GZM\" \/>\n<meta name=\"twitter:description\" content=\"Oficjalny portal G\u00f3rno\u015bl\u0105sko-Zag\u0142\u0119biowskiej Metropolii\" \/>\n<meta name=\"twitter:image\" content=\"https:\/\/metropoliagzm.pl\/wp-content\/uploads\/2020\/04\/kwiecie\u0144-z-biznesem-1.jpg\" \/>\n<meta name=\"twitter:label1\" content=\"Written by\" \/>\n\t<meta name=\"twitter:data1\" content=\"dabrowa\" \/>\n\t<meta name=\"twitter:label2\" content=\"Estimated reading time\" \/>\n\t<meta name=\"twitter:data2\" content=\"2 minutes\" \/>\n<script type=\"application\/ld+json\" class=\"yoast-schema-graph\">{\"@context\":\"https:\\\/\\\/schema.org\",\"@graph\":[{\"@type\":\"Article\",\"@id\":\"https:\\\/\\\/metropoliagzm.pl\\\/2020\\\/04\\\/07\\\/inkubator-na-trudne-czasy\\\/#article\",\"isPartOf\":{\"@id\":\"https:\\\/\\\/metropoliagzm.pl\\\/2020\\\/04\\\/07\\\/inkubator-na-trudne-czasy\\\/\"},\"author\":{\"name\":\"dabrowa\",\"@id\":\"https:\\\/\\\/metropoliagzm.pl\\\/en\\\/#\\\/schema\\\/person\\\/1cd816c9743df855511bb0a2854862dc\"},\"headline\":\"Inkubator na trudne czasy\",\"datePublished\":\"2020-04-07T06:56:16+00:00\",\"dateModified\":\"2020-04-07T06:56:17+00:00\",\"mainEntityOfPage\":{\"@id\":\"https:\\\/\\\/metropoliagzm.pl\\\/2020\\\/04\\\/07\\\/inkubator-na-trudne-czasy\\\/\"},\"wordCount\":404,\"publisher\":{\"@id\":\"https:\\\/\\\/metropoliagzm.pl\\\/en\\\/#organization\"},\"image\":{\"@id\":\"https:\\\/\\\/metropoliagzm.pl\\\/2020\\\/04\\\/07\\\/inkubator-na-trudne-czasy\\\/#primaryimage\"},\"thumbnailUrl\":\"https:\\\/\\\/metropoliagzm.pl\\\/wp-content\\\/uploads\\\/2020\\\/04\\\/kwiecie\u0144-z-biznesem-1.jpg\",\"articleSection\":[\"D\u0105browa G\u00f3rnicza\",\"Koronawirus\",\"Mieszka\u0144cy\"],\"inLanguage\":\"en-GB\"},{\"@type\":\"WebPage\",\"@id\":\"https:\\\/\\\/metropoliagzm.pl\\\/2020\\\/04\\\/07\\\/inkubator-na-trudne-czasy\\\/\",\"url\":\"https:\\\/\\\/metropoliagzm.pl\\\/2020\\\/04\\\/07\\\/inkubator-na-trudne-czasy\\\/\",\"name\":\"Inkubator na trudne czasy - Metropolia GZM\",\"isPartOf\":{\"@id\":\"https:\\\/\\\/metropoliagzm.pl\\\/en\\\/#website\"},\"primaryImageOfPage\":{\"@id\":\"https:\\\/\\\/metropoliagzm.pl\\\/2020\\\/04\\\/07\\\/inkubator-na-trudne-czasy\\\/#primaryimage\"},\"image\":{\"@id\":\"https:\\\/\\\/metropoliagzm.pl\\\/2020\\\/04\\\/07\\\/inkubator-na-trudne-czasy\\\/#primaryimage\"},\"thumbnailUrl\":\"https:\\\/\\\/metropoliagzm.pl\\\/wp-content\\\/uploads\\\/2020\\\/04\\\/kwiecie\u0144-z-biznesem-1.jpg\",\"datePublished\":\"2020-04-07T06:56:16+00:00\",\"dateModified\":\"2020-04-07T06:56:17+00:00\",\"description\":\"Oficjalny portal G\u00f3rno\u015bl\u0105sko-Zag\u0142\u0119biowskiej Metropolii\",\"breadcrumb\":{\"@id\":\"https:\\\/\\\/metropoliagzm.pl\\\/2020\\\/04\\\/07\\\/inkubator-na-trudne-czasy\\\/#breadcrumb\"},\"inLanguage\":\"en-GB\",\"potentialAction\":[{\"@type\":\"ReadAction\",\"target\":[\"https:\\\/\\\/metropoliagzm.pl\\\/2020\\\/04\\\/07\\\/inkubator-na-trudne-czasy\\\/\"]}]},{\"@type\":\"ImageObject\",\"inLanguage\":\"en-GB\",\"@id\":\"https:\\\/\\\/metropoliagzm.pl\\\/2020\\\/04\\\/07\\\/inkubator-na-trudne-czasy\\\/#primaryimage\",\"url\":\"https:\\\/\\\/metropoliagzm.pl\\\/wp-content\\\/uploads\\\/2020\\\/04\\\/kwiecie\u0144-z-biznesem-1.jpg\",\"contentUrl\":\"https:\\\/\\\/metropoliagzm.pl\\\/wp-content\\\/uploads\\\/2020\\\/04\\\/kwiecie\u0144-z-biznesem-1.jpg\",\"width\":1600,\"height\":1067,\"caption\":\"\u0179r\u00f3d\u0142o: dabrowa-gornicza.pl\"},{\"@type\":\"BreadcrumbList\",\"@id\":\"https:\\\/\\\/metropoliagzm.pl\\\/2020\\\/04\\\/07\\\/inkubator-na-trudne-czasy\\\/#breadcrumb\",\"itemListElement\":[{\"@type\":\"ListItem\",\"position\":1,\"name\":\"Strona g\u0142\u00f3wna\",\"item\":\"https:\\\/\\\/metropoliagzm.pl\\\/\"},{\"@type\":\"ListItem\",\"position\":2,\"name\":\"Inkubator na trudne czasy\"}]},{\"@type\":\"WebSite\",\"@id\":\"https:\\\/\\\/metropoliagzm.pl\\\/en\\\/#website\",\"url\":\"https:\\\/\\\/metropoliagzm.pl\\\/en\\\/\",\"name\":\"Metropolia GZM\",\"description\":\"Oficjalny portal G\u00f3rno\u015bl\u0105sko-Zag\u0142\u0119biowskiej Metropolii\",\"publisher\":{\"@id\":\"https:\\\/\\\/metropoliagzm.pl\\\/en\\\/#organization\"},\"potentialAction\":[{\"@type\":\"SearchAction\",\"target\":{\"@type\":\"EntryPoint\",\"urlTemplate\":\"https:\\\/\\\/metropoliagzm.pl\\\/en\\\/?s={search_term_string}\"},\"query-input\":{\"@type\":\"PropertyValueSpecification\",\"valueRequired\":true,\"valueName\":\"search_term_string\"}}],\"inLanguage\":\"en-GB\"},{\"@type\":\"Organization\",\"@id\":\"https:\\\/\\\/metropoliagzm.pl\\\/en\\\/#organization\",\"name\":\"Metropolia GZM\",\"url\":\"https:\\\/\\\/metropoliagzm.pl\\\/en\\\/\",\"logo\":{\"@type\":\"ImageObject\",\"inLanguage\":\"en-GB\",\"@id\":\"https:\\\/\\\/metropoliagzm.pl\\\/en\\\/#\\\/schema\\\/logo\\\/image\\\/\",\"url\":\"https:\\\/\\\/metropoliagzm.pl\\\/wp-content\\\/uploads\\\/2019\\\/03\\\/Sygnet-strona-glowna.png\",\"contentUrl\":\"https:\\\/\\\/metropoliagzm.pl\\\/wp-content\\\/uploads\\\/2019\\\/03\\\/Sygnet-strona-glowna.png\",\"width\":36,\"height\":45,\"caption\":\"Metropolia GZM\"},\"image\":{\"@id\":\"https:\\\/\\\/metropoliagzm.pl\\\/en\\\/#\\\/schema\\\/logo\\\/image\\\/\"}},{\"@type\":\"Person\",\"@id\":\"https:\\\/\\\/metropoliagzm.pl\\\/en\\\/#\\\/schema\\\/person\\\/1cd816c9743df855511bb0a2854862dc\",\"name\":\"dabrowa\",\"image\":{\"@type\":\"ImageObject\",\"inLanguage\":\"en-GB\",\"@id\":\"https:\\\/\\\/secure.gravatar.com\\\/avatar\\\/d58457fea4961c0aad07feb161f078591399365d64069fd5aa53d8f4a4e11f5f?s=96&d=mm&r=g\",\"url\":\"https:\\\/\\\/secure.gravatar.com\\\/avatar\\\/d58457fea4961c0aad07feb161f078591399365d64069fd5aa53d8f4a4e11f5f?s=96&d=mm&r=g\",\"contentUrl\":\"https:\\\/\\\/secure.gravatar.com\\\/avatar\\\/d58457fea4961c0aad07feb161f078591399365d64069fd5aa53d8f4a4e11f5f?s=96&d=mm&r=g\",\"caption\":\"dabrowa\"},\"sameAs\":[\"http:\\\/\\\/dabrowa-gornicza.pl\",\"https:\\\/\\\/www.facebook.com\\\/MiastoDabrowaGornicza\"],\"url\":\"https:\\\/\\\/metropoliagzm.pl\\\/en\\\/author\\\/dabrowa\\\/\"}]}<\/script>\n<!-- \/ Yoast SEO plugin. -->","yoast_head_json":{"title":"Inkubator na trudne czasy - Metropolia GZM","description":"Oficjalny portal G\u00f3rno\u015bl\u0105sko-Zag\u0142\u0119biowskiej Metropolii","robots":{"index":"index","follow":"follow","max-snippet":"max-snippet:-1","max-image-preview":"max-image-preview:large","max-video-preview":"max-video-preview:-1"},"canonical":"https:\/\/metropoliagzm.pl\/en\/2020\/04\/07\/inkubator-na-trudne-czasy\/","twitter_card":"summary_large_image","twitter_title":"Inkubator na trudne czasy - Metropolia GZM","twitter_description":"Oficjalny portal G\u00f3rno\u015bl\u0105sko-Zag\u0142\u0119biowskiej Metropolii","twitter_image":"https:\/\/metropoliagzm.pl\/wp-content\/uploads\/2020\/04\/kwiecie\u0144-z-biznesem-1.jpg","twitter_misc":{"Written by":"dabrowa","Estimated reading time":"2 minutes"},"schema":{"@context":"https:\/\/schema.org","@graph":[{"@type":"Article","@id":"https:\/\/metropoliagzm.pl\/2020\/04\/07\/inkubator-na-trudne-czasy\/#article","isPartOf":{"@id":"https:\/\/metropoliagzm.pl\/2020\/04\/07\/inkubator-na-trudne-czasy\/"},"author":{"name":"dabrowa","@id":"https:\/\/metropoliagzm.pl\/en\/#\/schema\/person\/1cd816c9743df855511bb0a2854862dc"},"headline":"Inkubator na trudne czasy","datePublished":"2020-04-07T06:56:16+00:00","dateModified":"2020-04-07T06:56:17+00:00","mainEntityOfPage":{"@id":"https:\/\/metropoliagzm.pl\/2020\/04\/07\/inkubator-na-trudne-czasy\/"},"wordCount":404,"publisher":{"@id":"https:\/\/metropoliagzm.pl\/en\/#organization"},"image":{"@id":"https:\/\/metropoliagzm.pl\/2020\/04\/07\/inkubator-na-trudne-czasy\/#primaryimage"},"thumbnailUrl":"https:\/\/metropoliagzm.pl\/wp-content\/uploads\/2020\/04\/kwiecie\u0144-z-biznesem-1.jpg","articleSection":["D\u0105browa G\u00f3rnicza","Koronawirus","Mieszka\u0144cy"],"inLanguage":"en-GB"},{"@type":"WebPage","@id":"https:\/\/metropoliagzm.pl\/2020\/04\/07\/inkubator-na-trudne-czasy\/","url":"https:\/\/metropoliagzm.pl\/2020\/04\/07\/inkubator-na-trudne-czasy\/","name":"Inkubator na trudne czasy - Metropolia GZM","isPartOf":{"@id":"https:\/\/metropoliagzm.pl\/en\/#website"},"primaryImageOfPage":{"@id":"https:\/\/metropoliagzm.pl\/2020\/04\/07\/inkubator-na-trudne-czasy\/#primaryimage"},"image":{"@id":"https:\/\/metropoliagzm.pl\/2020\/04\/07\/inkubator-na-trudne-czasy\/#primaryimage"},"thumbnailUrl":"https:\/\/metropoliagzm.pl\/wp-content\/uploads\/2020\/04\/kwiecie\u0144-z-biznesem-1.jpg","datePublished":"2020-04-07T06:56:16+00:00","dateModified":"2020-04-07T06:56:17+00:00","description":"Oficjalny portal G\u00f3rno\u015bl\u0105sko-Zag\u0142\u0119biowskiej Metropolii","breadcrumb":{"@id":"https:\/\/metropoliagzm.pl\/2020\/04\/07\/inkubator-na-trudne-czasy\/#breadcrumb"},"inLanguage":"en-GB","potentialAction":[{"@type":"ReadAction","target":["https:\/\/metropoliagzm.pl\/2020\/04\/07\/inkubator-na-trudne-czasy\/"]}]},{"@type":"ImageObject","inLanguage":"en-GB","@id":"https:\/\/metropoliagzm.pl\/2020\/04\/07\/inkubator-na-trudne-czasy\/#primaryimage","url":"https:\/\/metropoliagzm.pl\/wp-content\/uploads\/2020\/04\/kwiecie\u0144-z-biznesem-1.jpg","contentUrl":"https:\/\/metropoliagzm.pl\/wp-content\/uploads\/2020\/04\/kwiecie\u0144-z-biznesem-1.jpg","width":1600,"height":1067,"caption":"\u0179r\u00f3d\u0142o: dabrowa-gornicza.pl"},{"@type":"BreadcrumbList","@id":"https:\/\/metropoliagzm.pl\/2020\/04\/07\/inkubator-na-trudne-czasy\/#breadcrumb","itemListElement":[{"@type":"ListItem","position":1,"name":"Strona g\u0142\u00f3wna","item":"https:\/\/metropoliagzm.pl\/"},{"@type":"ListItem","position":2,"name":"Inkubator na trudne czasy"}]},{"@type":"WebSite","@id":"https:\/\/metropoliagzm.pl\/en\/#website","url":"https:\/\/metropoliagzm.pl\/en\/","name":"Metropolia GZM","description":"Oficjalny portal G\u00f3rno\u015bl\u0105sko-Zag\u0142\u0119biowskiej Metropolii","publisher":{"@id":"https:\/\/metropoliagzm.pl\/en\/#organization"},"potentialAction":[{"@type":"SearchAction","target":{"@type":"EntryPoint","urlTemplate":"https:\/\/metropoliagzm.pl\/en\/?s={search_term_string}"},"query-input":{"@type":"PropertyValueSpecification","valueRequired":true,"valueName":"search_term_string"}}],"inLanguage":"en-GB"},{"@type":"Organization","@id":"https:\/\/metropoliagzm.pl\/en\/#organization","name":"Metropolia GZM","url":"https:\/\/metropoliagzm.pl\/en\/","logo":{"@type":"ImageObject","inLanguage":"en-GB","@id":"https:\/\/metropoliagzm.pl\/en\/#\/schema\/logo\/image\/","url":"https:\/\/metropoliagzm.pl\/wp-content\/uploads\/2019\/03\/Sygnet-strona-glowna.png","contentUrl":"https:\/\/metropoliagzm.pl\/wp-content\/uploads\/2019\/03\/Sygnet-strona-glowna.png","width":36,"height":45,"caption":"Metropolia GZM"},"image":{"@id":"https:\/\/metropoliagzm.pl\/en\/#\/schema\/logo\/image\/"}},{"@type":"Person","@id":"https:\/\/metropoliagzm.pl\/en\/#\/schema\/person\/1cd816c9743df855511bb0a2854862dc","name":"dabrowa","image":{"@type":"ImageObject","inLanguage":"en-GB","@id":"https:\/\/secure.gravatar.com\/avatar\/d58457fea4961c0aad07feb161f078591399365d64069fd5aa53d8f4a4e11f5f?s=96&d=mm&r=g","url":"https:\/\/secure.gravatar.com\/avatar\/d58457fea4961c0aad07feb161f078591399365d64069fd5aa53d8f4a4e11f5f?s=96&d=mm&r=g","contentUrl":"https:\/\/secure.gravatar.com\/avatar\/d58457fea4961c0aad07feb161f078591399365d64069fd5aa53d8f4a4e11f5f?s=96&d=mm&r=g","caption":"dabrowa"},"sameAs":["http:\/\/dabrowa-gornicza.pl","https:\/\/www.facebook.com\/MiastoDabrowaGornicza"],"url":"https:\/\/metropoliagzm.pl\/en\/author\/dabrowa\/"}]}},"_links":{"self":[{"href":"https:\/\/metropoliagzm.pl\/en\/wp-json\/wp\/v2\/posts\/21875","targetHints":{"allow":["GET"]}}],"collection":[{"href":"https:\/\/metropoliagzm.pl\/en\/wp-json\/wp\/v2\/posts"}],"about":[{"href":"https:\/\/metropoliagzm.pl\/en\/wp-json\/wp\/v2\/types\/post"}],"author":[{"embeddable":true,"href":"https:\/\/metropoliagzm.pl\/en\/wp-json\/wp\/v2\/users\/97"}],"replies":[{"embeddable":true,"href":"https:\/\/metropoliagzm.pl\/en\/wp-json\/wp\/v2\/comments?post=21875"}],"version-history":[{"count":2,"href":"https:\/\/metropoliagzm.pl\/en\/wp-json\/wp\/v2\/posts\/21875\/revisions"}],"predecessor-version":[{"id":21896,"href":"https:\/\/metropoliagzm.pl\/en\/wp-json\/wp\/v2\/posts\/21875\/revisions\/21896"}],"wp:featuredmedia":[{"embeddable":true,"href":"https:\/\/metropoliagzm.pl\/en\/wp-json\/wp\/v2\/media\/21876"}],"wp:attachment":[{"href":"https:\/\/metropoliagzm.pl\/en\/wp-json\/wp\/v2\/media?parent=21875"}],"wp:term":[{"taxonomy":"category","embeddable":true,"href":"https:\/\/metropoliagzm.pl\/en\/wp-json\/wp\/v2\/categories?post=21875"},{"taxonomy":"post_tag","embeddable":true,"href":"https:\/\/metropoliagzm.pl\/en\/wp-json\/wp\/v2\/tags?post=21875"}],"curies":[{"name":"wp","href":"https:\/\/api.w.org\/{rel}","templated":true}]}}