{"id":24258,"date":"2020-05-20T09:44:33","date_gmt":"2020-05-20T07:44:33","guid":{"rendered":"https:\/\/metropoliagzm.pl\/?p=24258"},"modified":"2020-05-20T09:44:34","modified_gmt":"2020-05-20T07:44:34","slug":"premia-dla-mlodego-rolnika","status":"publish","type":"post","link":"https:\/\/metropoliagzm.pl\/en\/2020\/05\/20\/premia-dla-mlodego-rolnika\/","title":{"rendered":"Premia dla m\u0142odego rolnika"},"content":{"rendered":"<div class=\"pdf-block\"><div class=\"pdfprnt-buttons  pdfprnt-new pdfprnt-buttons-post pdfprnt-top-right\"><div class=\"jssocials-share jssocials-share-twitter\"><a target=\"_blank\" href=\"https:\/\/twitter.com\/share?url=https:\/\/metropoliagzm.pl\/en\/wp-json\/wp\/v2\/posts\/24258;text=24258\" class=\"jssocials-share-link\"><i class=\"fa fa-twitter jssocials-share-logo\"><\/i><\/a><\/div><div class=\"jssocials-share jssocials-share-facebook\"><a target=\"_blank\" href=\"https:\/\/facebook.com\/sharer\/sharer.php?u=https:\/\/metropoliagzm.pl\/en\/wp-json\/wp\/v2\/posts\/24258\" class=\"jssocials-share-link\"><i class=\"fa fa-facebook jssocials-share-logo\"><\/i><\/a><\/div><div class=\"jssocials-share jssocials-share-pinterest\"><a target=\"_blank\" href=\"https:\/\/pinterest.com\/pin\/create\/bookmarklet\/?&amp;url=https:\/\/metropoliagzm.pl\/en\/wp-json\/wp\/v2\/posts\/24258;description=24258\" class=\"jssocials-share-link\"><i class=\"fa fa-pinterest jssocials-share-logo\"><\/i><\/a><\/div><a href=\"https:\/\/metropoliagzm.pl\/en\/wp-json\/wp\/v2\/posts\/24258?print=pdf\" class=\"pdfprnt-button pdfprnt-button-pdf\" target=\"_blank\"><img decoding=\"async\" src=\"https:\/\/metropoliagzm.pl\/wp-content\/plugins\/pdf-print\/images\/pdf.png\" alt=\"image_pdf\" title=\"View PDF\" \/><\/a><a href=\"https:\/\/metropoliagzm.pl\/en\/wp-json\/wp\/v2\/posts\/24258?print=print\" class=\"pdfprnt-button pdfprnt-button-print\" target=\"_blank\"><img decoding=\"async\" src=\"https:\/\/metropoliagzm.pl\/wp-content\/plugins\/pdf-print\/images\/print.png\" alt=\"image_print\" title=\"Print Content\" \/><\/a><\/div><\/div><div class=\"post-block-pdf\"><div class=\"pdfprnt-buttons pdfprnt-buttons-post pdfprnt-top-right\"><a href=\"https:\/\/metropoliagzm.pl\/en\/wp-json\/wp\/v2\/posts\/24258?print=pdf\" class=\"pdfprnt-button pdfprnt-button-pdf\" target=\"_blank\"><img decoding=\"async\" src=\"https:\/\/metropoliagzm.pl\/wp-content\/plugins\/pdf-print\/images\/pdf.png\" alt=\"image_pdf\" title=\"View PDF\" \/><\/a><a href=\"https:\/\/metropoliagzm.pl\/en\/wp-json\/wp\/v2\/posts\/24258?print=print\" class=\"pdfprnt-button pdfprnt-button-print\" target=\"_blank\"><img decoding=\"async\" src=\"https:\/\/metropoliagzm.pl\/wp-content\/plugins\/pdf-print\/images\/print.png\" alt=\"image_print\" title=\"Print Content\" \/><\/a><\/div>\n<p><strong>Od \u015brody 3 czerwca do 1 sierpnia 2020 r. m\u0142odzi rolnicy b\u0119d\u0105 mogli sk\u0142ada\u0107 w ARiMR wnioski o przyznanie premii na rozpocz\u0119cie samodzielnego gospodarowania. Pomoc finansowana jest z bud\u017cetu PROW 2014-2020.<\/strong><\/p>\n\n\n\n<p> O \u201ePremi\u0119 dla m\u0142odych rolnik\u00f3w\u201d mo\u017ce ubiega\u0107 si\u0119 osoba, kt\u00f3ra w dniu z\u0142o\u017cenia wniosku ma nie wi\u0119cej ni\u017c 40 lat i posiada odpowiednie kwalifikacje zawodowe. Je\u017celi ich nie ma, powinna uzupe\u0142ni\u0107 je w ci\u0105gu 36 miesi\u0119cy od dnia dor\u0119czenia decyzji o przyznaniu pomocy. Musi te\u017c posiada\u0107 gospodarstwo rolne o powierzchni co najmniej 1 ha i rozpocz\u0105\u0107 prowadzenie w nim dzia\u0142alno\u015bci rolniczej nie wcze\u015bniej ni\u017c 24 miesi\u0105ce przed dniem z\u0142o\u017cenia wniosku o przyznanie pomocy.<br><\/p>\n\n\n\n<p>Jednym z warunk\u00f3w przyznania 150 tys. z\u0142. premii jest <strong>utworzenie gospodarstwa rolnego o wielko\u015bci ekonomicznej nie mniejszej ni\u017c 13 tys. euro i nie wi\u0119kszej ni\u017c 150 tys. euro<\/strong>. Kolejny wym\u00f3g dotyczy powierzchni u\u017cytk\u00f3w rolnych w gospodarstwie. Musi by\u0107 ona co najmniej r\u00f3wna \u015bredniej krajowej, a w wojew\u00f3dztwach, w kt\u00f3rych \u015brednia powierzchni gospodarstw jest ni\u017csza ni\u017c krajowa &#8211; gospodarstwo musi mie\u0107 wielko\u015b\u0107 \u015bredniej wojew\u00f3dzkiej. Natomiast maksymalna powierzchnia nie mo\u017ce by\u0107 wi\u0119ksza ni\u017c 300 ha.<br><\/p>\n\n\n\n<p>Z\u0142o\u017cone przez m\u0142odych rolnik\u00f3w wnioski zostan\u0105 poddane ocenie punktowej. Suma uzyskanych punkt\u00f3w (co najmniej 8) b\u0119dzie decydowa\u0142a o kolejno\u015bci przys\u0142ugiwania pomocy dla wojew\u00f3dztwa mazowieckiego oraz \u0142\u0105cznie dla pozosta\u0142ych wojew\u00f3dztw.<br><\/p>\n\n\n\n<p><strong>Premia w wysoko\u015bci 150 tys. z\u0142 b\u0119dzie wyp\u0142acana w dw\u00f3ch ratach<\/strong>:<br><\/p>\n\n\n\n<ul class=\"wp-block-list\"><li>\n\t\tI &#8211; w wysoko\u015bci 120 tys. z\u0142 &#8211; na wniosek o p\u0142atno\u015b\u0107 pierwszej raty z\u0142o\u017cony po spe\u0142nieniu przez m\u0142odego rolnika warunk\u00f3w, z zastrze\u017ceniem kt\u00f3rych zosta\u0142a wydana decyzja o przyznaniu pomocy, w terminie 9 miesi\u0119cy od dnia dor\u0119czenia tej decyzji;<\/li><li>\n\t\tII &#8211; w wysoko\u015bci 30 tys. z\u0142 &#8211; na wniosek o p\u0142atno\u015b\u0107 drugiej raty z\u0142o\u017cony po realizacji biznesplanu.<\/li><\/ul>\n\n\n\n<p> Zgodnie z przepisami rolnik musi przeznaczy\u0107 ca\u0142\u0105 kwot\u0119 premii na inwestycje dotycz\u0105ce dzia\u0142alno\u015bci rolniczej lub przygotowania do sprzeda\u017cy produkt\u00f3w rolnych wytwarzanych w swoim gospodarstwie. Wa\u017cne jest, \u017ce <strong>co najmniej 70 proc. tej kwoty musi zosta\u0107 wydane na inwestycje w \u015brodki trwa\u0142e.<\/strong><\/p>\n\n\n\n<p><br> Dotacji nie mo\u017ce przeznaczy\u0107 na ch\u00f3w drobiu (z wyj\u0105tkiem produkcji ekologicznej), prowadzenie plantacji ro\u015blin wieloletnich na cele energetyczne oraz prowadzenie niekt\u00f3rych dzia\u0142\u00f3w specjalnych produkcji rolnej.<\/p>\n\n\n\n<p><br><strong>Wnioski b\u0119d\u0105 przyjmowa\u0142y oddzia\u0142y regionalne ARiMR<\/strong>. W czasie trwania na terenie kraju stanu epidemii ARiMR zach\u0119ca, by przekazywa\u0107 w nast\u0119puj\u0105cy spos\u00f3b: w formie dokumentu elektronicznego na elektroniczn\u0105 skrzynk\u0119 podawcz\u0105, za po\u015brednictwem platformy ePUAP lub przesy\u0142k\u0105 rejestrowan\u0105 nadan\u0105 w plac\u00f3wce Poczt\u0105 Polskiej. Dokumenty mo\u017cna r\u00f3wnie\u017c dostarczy\u0107 do specjalnych wrzutni, kt\u00f3re ustawione s\u0105 w plac\u00f3wkach terenowych Agencji lub osobi\u015bcie. <\/p>\n\n\n\n<p>\u0179r\u00f3d\u0142o: UM So\u015bnicowice<\/p>\n<div class=\"post-author\" style=\"font-size:13px\">Witold Tr\u00f3lka<\/div><\/div>","protected":false},"excerpt":{"rendered":"<p>Od \u015brody 3 czerwca do 1 sierpnia 2020 r. m\u0142odzi rolnicy b\u0119d\u0105 mogli sk\u0142ada\u0107 w ARiMR wnioski o przyznanie premii na rozpocz\u0119cie samodzielnego gospodarowania. Pomoc finansowana jest z bud\u017cetu PROW 2014-2020. O \u201ePremi\u0119 dla m\u0142odych rolnik\u00f3w\u201d mo\u017ce ubiega\u0107 si\u0119 osoba, kt\u00f3ra w dniu z\u0142o\u017cenia wniosku&#8230;<\/p>","protected":false},"author":140,"featured_media":24260,"comment_status":"closed","ping_status":"closed","sticky":false,"template":"","format":"standard","meta":{"_acf_changed":false,"footnotes":""},"categories":[239,227],"tags":[],"class_list":["post-24258","post","type-post","status-publish","format-standard","has-post-thumbnail","hentry","category-gospodarka-i-inwestycje","category-sosnicowice"],"acf":[],"yoast_head":"<!-- This site is optimized with the Yoast SEO plugin v27.4 - https:\/\/yoast.com\/product\/yoast-seo-wordpress\/ -->\n<title>Premia dla m\u0142odego rolnika - Metropolia GZM<\/title>\n<meta name=\"description\" content=\"Oficjalny portal G\u00f3rno\u015bl\u0105sko-Zag\u0142\u0119biowskiej Metropolii\" \/>\n<meta name=\"robots\" content=\"index, follow, max-snippet:-1, max-image-preview:large, max-video-preview:-1\" \/>\n<link rel=\"canonical\" href=\"http:\/\/metropoliagzm.pl\/en\/2020\/05\/20\/premia-dla-mlodego-rolnika\/\" \/>\n<meta name=\"twitter:card\" content=\"summary_large_image\" \/>\n<meta name=\"twitter:title\" content=\"Premia dla m\u0142odego rolnika - Metropolia GZM\" \/>\n<meta name=\"twitter:description\" content=\"Oficjalny portal G\u00f3rno\u015bl\u0105sko-Zag\u0142\u0119biowskiej Metropolii\" \/>\n<meta name=\"twitter:image\" content=\"https:\/\/metropoliagzm.pl\/wp-content\/uploads\/2020\/05\/field-of-rapeseeds-4910374_1280.jpg\" \/>\n<meta name=\"twitter:label1\" content=\"Written by\" \/>\n\t<meta name=\"twitter:data1\" content=\"Witold Tr\u00f3lka\" \/>\n\t<meta name=\"twitter:label2\" content=\"Estimated reading time\" \/>\n\t<meta name=\"twitter:data2\" content=\"2 minutes\" \/>\n<script type=\"application\/ld+json\" class=\"yoast-schema-graph\">{\"@context\":\"https:\\\/\\\/schema.org\",\"@graph\":[{\"@type\":\"Article\",\"@id\":\"http:\\\/\\\/metropoliagzm.pl\\\/de\\\/2020\\\/05\\\/20\\\/premia-dla-mlodego-rolnika\\\/#article\",\"isPartOf\":{\"@id\":\"http:\\\/\\\/metropoliagzm.pl\\\/de\\\/2020\\\/05\\\/20\\\/premia-dla-mlodego-rolnika\\\/\"},\"author\":{\"name\":\"Witold Tr\u00f3lka\",\"@id\":\"https:\\\/\\\/metropoliagzm.pl\\\/en\\\/#\\\/schema\\\/person\\\/96e19c492916cfe1ba595fd2f60d95b8\"},\"headline\":\"Premia dla m\u0142odego rolnika\",\"datePublished\":\"2020-05-20T07:44:33+00:00\",\"dateModified\":\"2020-05-20T07:44:34+00:00\",\"mainEntityOfPage\":{\"@id\":\"http:\\\/\\\/metropoliagzm.pl\\\/de\\\/2020\\\/05\\\/20\\\/premia-dla-mlodego-rolnika\\\/\"},\"wordCount\":487,\"publisher\":{\"@id\":\"https:\\\/\\\/metropoliagzm.pl\\\/en\\\/#organization\"},\"image\":{\"@id\":\"http:\\\/\\\/metropoliagzm.pl\\\/de\\\/2020\\\/05\\\/20\\\/premia-dla-mlodego-rolnika\\\/#primaryimage\"},\"thumbnailUrl\":\"https:\\\/\\\/metropoliagzm.pl\\\/wp-content\\\/uploads\\\/2020\\\/05\\\/field-of-rapeseeds-4910374_1280.jpg\",\"articleSection\":[\"Gospodarka i Inwestycje\",\"So\u015bnicowice\"],\"inLanguage\":\"en-GB\"},{\"@type\":\"WebPage\",\"@id\":\"http:\\\/\\\/metropoliagzm.pl\\\/de\\\/2020\\\/05\\\/20\\\/premia-dla-mlodego-rolnika\\\/\",\"url\":\"http:\\\/\\\/metropoliagzm.pl\\\/de\\\/2020\\\/05\\\/20\\\/premia-dla-mlodego-rolnika\\\/\",\"name\":\"Premia dla m\u0142odego rolnika - Metropolia GZM\",\"isPartOf\":{\"@id\":\"https:\\\/\\\/metropoliagzm.pl\\\/en\\\/#website\"},\"primaryImageOfPage\":{\"@id\":\"http:\\\/\\\/metropoliagzm.pl\\\/de\\\/2020\\\/05\\\/20\\\/premia-dla-mlodego-rolnika\\\/#primaryimage\"},\"image\":{\"@id\":\"http:\\\/\\\/metropoliagzm.pl\\\/de\\\/2020\\\/05\\\/20\\\/premia-dla-mlodego-rolnika\\\/#primaryimage\"},\"thumbnailUrl\":\"https:\\\/\\\/metropoliagzm.pl\\\/wp-content\\\/uploads\\\/2020\\\/05\\\/field-of-rapeseeds-4910374_1280.jpg\",\"datePublished\":\"2020-05-20T07:44:33+00:00\",\"dateModified\":\"2020-05-20T07:44:34+00:00\",\"description\":\"Oficjalny portal G\u00f3rno\u015bl\u0105sko-Zag\u0142\u0119biowskiej Metropolii\",\"breadcrumb\":{\"@id\":\"http:\\\/\\\/metropoliagzm.pl\\\/de\\\/2020\\\/05\\\/20\\\/premia-dla-mlodego-rolnika\\\/#breadcrumb\"},\"inLanguage\":\"en-GB\",\"potentialAction\":[{\"@type\":\"ReadAction\",\"target\":[\"http:\\\/\\\/metropoliagzm.pl\\\/de\\\/2020\\\/05\\\/20\\\/premia-dla-mlodego-rolnika\\\/\"]}]},{\"@type\":\"ImageObject\",\"inLanguage\":\"en-GB\",\"@id\":\"http:\\\/\\\/metropoliagzm.pl\\\/de\\\/2020\\\/05\\\/20\\\/premia-dla-mlodego-rolnika\\\/#primaryimage\",\"url\":\"https:\\\/\\\/metropoliagzm.pl\\\/wp-content\\\/uploads\\\/2020\\\/05\\\/field-of-rapeseeds-4910374_1280.jpg\",\"contentUrl\":\"https:\\\/\\\/metropoliagzm.pl\\\/wp-content\\\/uploads\\\/2020\\\/05\\\/field-of-rapeseeds-4910374_1280.jpg\",\"width\":1280,\"height\":731,\"caption\":\"www.pixabay.com\"},{\"@type\":\"BreadcrumbList\",\"@id\":\"http:\\\/\\\/metropoliagzm.pl\\\/de\\\/2020\\\/05\\\/20\\\/premia-dla-mlodego-rolnika\\\/#breadcrumb\",\"itemListElement\":[{\"@type\":\"ListItem\",\"position\":1,\"name\":\"Strona g\u0142\u00f3wna\",\"item\":\"https:\\\/\\\/metropoliagzm.pl\\\/\"},{\"@type\":\"ListItem\",\"position\":2,\"name\":\"Premia dla m\u0142odego rolnika\"}]},{\"@type\":\"WebSite\",\"@id\":\"https:\\\/\\\/metropoliagzm.pl\\\/en\\\/#website\",\"url\":\"https:\\\/\\\/metropoliagzm.pl\\\/en\\\/\",\"name\":\"Metropolia GZM\",\"description\":\"Oficjalny portal G\u00f3rno\u015bl\u0105sko-Zag\u0142\u0119biowskiej Metropolii\",\"publisher\":{\"@id\":\"https:\\\/\\\/metropoliagzm.pl\\\/en\\\/#organization\"},\"potentialAction\":[{\"@type\":\"SearchAction\",\"target\":{\"@type\":\"EntryPoint\",\"urlTemplate\":\"https:\\\/\\\/metropoliagzm.pl\\\/en\\\/?s={search_term_string}\"},\"query-input\":{\"@type\":\"PropertyValueSpecification\",\"valueRequired\":true,\"valueName\":\"search_term_string\"}}],\"inLanguage\":\"en-GB\"},{\"@type\":\"Organization\",\"@id\":\"https:\\\/\\\/metropoliagzm.pl\\\/en\\\/#organization\",\"name\":\"Metropolia GZM\",\"url\":\"https:\\\/\\\/metropoliagzm.pl\\\/en\\\/\",\"logo\":{\"@type\":\"ImageObject\",\"inLanguage\":\"en-GB\",\"@id\":\"https:\\\/\\\/metropoliagzm.pl\\\/en\\\/#\\\/schema\\\/logo\\\/image\\\/\",\"url\":\"https:\\\/\\\/metropoliagzm.pl\\\/wp-content\\\/uploads\\\/2019\\\/03\\\/Sygnet-strona-glowna.png\",\"contentUrl\":\"https:\\\/\\\/metropoliagzm.pl\\\/wp-content\\\/uploads\\\/2019\\\/03\\\/Sygnet-strona-glowna.png\",\"width\":36,\"height\":45,\"caption\":\"Metropolia GZM\"},\"image\":{\"@id\":\"https:\\\/\\\/metropoliagzm.pl\\\/en\\\/#\\\/schema\\\/logo\\\/image\\\/\"}},{\"@type\":\"Person\",\"@id\":\"https:\\\/\\\/metropoliagzm.pl\\\/en\\\/#\\\/schema\\\/person\\\/96e19c492916cfe1ba595fd2f60d95b8\",\"name\":\"Witold Tr\u00f3lka\",\"image\":{\"@type\":\"ImageObject\",\"inLanguage\":\"en-GB\",\"@id\":\"https:\\\/\\\/secure.gravatar.com\\\/avatar\\\/71e0c635e405b4a3631033f0d6f49e682b54dcd226d647737e1040a5a480d177?s=96&d=mm&r=g\",\"url\":\"https:\\\/\\\/secure.gravatar.com\\\/avatar\\\/71e0c635e405b4a3631033f0d6f49e682b54dcd226d647737e1040a5a480d177?s=96&d=mm&r=g\",\"contentUrl\":\"https:\\\/\\\/secure.gravatar.com\\\/avatar\\\/71e0c635e405b4a3631033f0d6f49e682b54dcd226d647737e1040a5a480d177?s=96&d=mm&r=g\",\"caption\":\"Witold Tr\u00f3lka\"},\"url\":\"https:\\\/\\\/metropoliagzm.pl\\\/en\\\/author\\\/w-trolka\\\/\"}]}<\/script>\n<!-- \/ Yoast SEO plugin. -->","yoast_head_json":{"title":"Premia dla m\u0142odego rolnika - Metropolia GZM","description":"Oficjalny portal G\u00f3rno\u015bl\u0105sko-Zag\u0142\u0119biowskiej Metropolii","robots":{"index":"index","follow":"follow","max-snippet":"max-snippet:-1","max-image-preview":"max-image-preview:large","max-video-preview":"max-video-preview:-1"},"canonical":"http:\/\/metropoliagzm.pl\/en\/2020\/05\/20\/premia-dla-mlodego-rolnika\/","twitter_card":"summary_large_image","twitter_title":"Premia dla m\u0142odego rolnika - Metropolia GZM","twitter_description":"Oficjalny portal G\u00f3rno\u015bl\u0105sko-Zag\u0142\u0119biowskiej Metropolii","twitter_image":"https:\/\/metropoliagzm.pl\/wp-content\/uploads\/2020\/05\/field-of-rapeseeds-4910374_1280.jpg","twitter_misc":{"Written by":"Witold Tr\u00f3lka","Estimated reading time":"2 minutes"},"schema":{"@context":"https:\/\/schema.org","@graph":[{"@type":"Article","@id":"http:\/\/metropoliagzm.pl\/de\/2020\/05\/20\/premia-dla-mlodego-rolnika\/#article","isPartOf":{"@id":"http:\/\/metropoliagzm.pl\/de\/2020\/05\/20\/premia-dla-mlodego-rolnika\/"},"author":{"name":"Witold Tr\u00f3lka","@id":"https:\/\/metropoliagzm.pl\/en\/#\/schema\/person\/96e19c492916cfe1ba595fd2f60d95b8"},"headline":"Premia dla m\u0142odego rolnika","datePublished":"2020-05-20T07:44:33+00:00","dateModified":"2020-05-20T07:44:34+00:00","mainEntityOfPage":{"@id":"http:\/\/metropoliagzm.pl\/de\/2020\/05\/20\/premia-dla-mlodego-rolnika\/"},"wordCount":487,"publisher":{"@id":"https:\/\/metropoliagzm.pl\/en\/#organization"},"image":{"@id":"http:\/\/metropoliagzm.pl\/de\/2020\/05\/20\/premia-dla-mlodego-rolnika\/#primaryimage"},"thumbnailUrl":"https:\/\/metropoliagzm.pl\/wp-content\/uploads\/2020\/05\/field-of-rapeseeds-4910374_1280.jpg","articleSection":["Gospodarka i Inwestycje","So\u015bnicowice"],"inLanguage":"en-GB"},{"@type":"WebPage","@id":"http:\/\/metropoliagzm.pl\/de\/2020\/05\/20\/premia-dla-mlodego-rolnika\/","url":"http:\/\/metropoliagzm.pl\/de\/2020\/05\/20\/premia-dla-mlodego-rolnika\/","name":"Premia dla m\u0142odego rolnika - Metropolia GZM","isPartOf":{"@id":"https:\/\/metropoliagzm.pl\/en\/#website"},"primaryImageOfPage":{"@id":"http:\/\/metropoliagzm.pl\/de\/2020\/05\/20\/premia-dla-mlodego-rolnika\/#primaryimage"},"image":{"@id":"http:\/\/metropoliagzm.pl\/de\/2020\/05\/20\/premia-dla-mlodego-rolnika\/#primaryimage"},"thumbnailUrl":"https:\/\/metropoliagzm.pl\/wp-content\/uploads\/2020\/05\/field-of-rapeseeds-4910374_1280.jpg","datePublished":"2020-05-20T07:44:33+00:00","dateModified":"2020-05-20T07:44:34+00:00","description":"Oficjalny portal G\u00f3rno\u015bl\u0105sko-Zag\u0142\u0119biowskiej Metropolii","breadcrumb":{"@id":"http:\/\/metropoliagzm.pl\/de\/2020\/05\/20\/premia-dla-mlodego-rolnika\/#breadcrumb"},"inLanguage":"en-GB","potentialAction":[{"@type":"ReadAction","target":["http:\/\/metropoliagzm.pl\/de\/2020\/05\/20\/premia-dla-mlodego-rolnika\/"]}]},{"@type":"ImageObject","inLanguage":"en-GB","@id":"http:\/\/metropoliagzm.pl\/de\/2020\/05\/20\/premia-dla-mlodego-rolnika\/#primaryimage","url":"https:\/\/metropoliagzm.pl\/wp-content\/uploads\/2020\/05\/field-of-rapeseeds-4910374_1280.jpg","contentUrl":"https:\/\/metropoliagzm.pl\/wp-content\/uploads\/2020\/05\/field-of-rapeseeds-4910374_1280.jpg","width":1280,"height":731,"caption":"www.pixabay.com"},{"@type":"BreadcrumbList","@id":"http:\/\/metropoliagzm.pl\/de\/2020\/05\/20\/premia-dla-mlodego-rolnika\/#breadcrumb","itemListElement":[{"@type":"ListItem","position":1,"name":"Strona g\u0142\u00f3wna","item":"https:\/\/metropoliagzm.pl\/"},{"@type":"ListItem","position":2,"name":"Premia dla m\u0142odego rolnika"}]},{"@type":"WebSite","@id":"https:\/\/metropoliagzm.pl\/en\/#website","url":"https:\/\/metropoliagzm.pl\/en\/","name":"Metropolia GZM","description":"Oficjalny portal G\u00f3rno\u015bl\u0105sko-Zag\u0142\u0119biowskiej Metropolii","publisher":{"@id":"https:\/\/metropoliagzm.pl\/en\/#organization"},"potentialAction":[{"@type":"SearchAction","target":{"@type":"EntryPoint","urlTemplate":"https:\/\/metropoliagzm.pl\/en\/?s={search_term_string}"},"query-input":{"@type":"PropertyValueSpecification","valueRequired":true,"valueName":"search_term_string"}}],"inLanguage":"en-GB"},{"@type":"Organization","@id":"https:\/\/metropoliagzm.pl\/en\/#organization","name":"Metropolia GZM","url":"https:\/\/metropoliagzm.pl\/en\/","logo":{"@type":"ImageObject","inLanguage":"en-GB","@id":"https:\/\/metropoliagzm.pl\/en\/#\/schema\/logo\/image\/","url":"https:\/\/metropoliagzm.pl\/wp-content\/uploads\/2019\/03\/Sygnet-strona-glowna.png","contentUrl":"https:\/\/metropoliagzm.pl\/wp-content\/uploads\/2019\/03\/Sygnet-strona-glowna.png","width":36,"height":45,"caption":"Metropolia GZM"},"image":{"@id":"https:\/\/metropoliagzm.pl\/en\/#\/schema\/logo\/image\/"}},{"@type":"Person","@id":"https:\/\/metropoliagzm.pl\/en\/#\/schema\/person\/96e19c492916cfe1ba595fd2f60d95b8","name":"Witold Tr\u00f3lka","image":{"@type":"ImageObject","inLanguage":"en-GB","@id":"https:\/\/secure.gravatar.com\/avatar\/71e0c635e405b4a3631033f0d6f49e682b54dcd226d647737e1040a5a480d177?s=96&d=mm&r=g","url":"https:\/\/secure.gravatar.com\/avatar\/71e0c635e405b4a3631033f0d6f49e682b54dcd226d647737e1040a5a480d177?s=96&d=mm&r=g","contentUrl":"https:\/\/secure.gravatar.com\/avatar\/71e0c635e405b4a3631033f0d6f49e682b54dcd226d647737e1040a5a480d177?s=96&d=mm&r=g","caption":"Witold Tr\u00f3lka"},"url":"https:\/\/metropoliagzm.pl\/en\/author\/w-trolka\/"}]}},"_links":{"self":[{"href":"https:\/\/metropoliagzm.pl\/en\/wp-json\/wp\/v2\/posts\/24258","targetHints":{"allow":["GET"]}}],"collection":[{"href":"https:\/\/metropoliagzm.pl\/en\/wp-json\/wp\/v2\/posts"}],"about":[{"href":"https:\/\/metropoliagzm.pl\/en\/wp-json\/wp\/v2\/types\/post"}],"author":[{"embeddable":true,"href":"https:\/\/metropoliagzm.pl\/en\/wp-json\/wp\/v2\/users\/140"}],"replies":[{"embeddable":true,"href":"https:\/\/metropoliagzm.pl\/en\/wp-json\/wp\/v2\/comments?post=24258"}],"version-history":[{"count":1,"href":"https:\/\/metropoliagzm.pl\/en\/wp-json\/wp\/v2\/posts\/24258\/revisions"}],"predecessor-version":[{"id":24261,"href":"https:\/\/metropoliagzm.pl\/en\/wp-json\/wp\/v2\/posts\/24258\/revisions\/24261"}],"wp:featuredmedia":[{"embeddable":true,"href":"https:\/\/metropoliagzm.pl\/en\/wp-json\/wp\/v2\/media\/24260"}],"wp:attachment":[{"href":"https:\/\/metropoliagzm.pl\/en\/wp-json\/wp\/v2\/media?parent=24258"}],"wp:term":[{"taxonomy":"category","embeddable":true,"href":"https:\/\/metropoliagzm.pl\/en\/wp-json\/wp\/v2\/categories?post=24258"},{"taxonomy":"post_tag","embeddable":true,"href":"https:\/\/metropoliagzm.pl\/en\/wp-json\/wp\/v2\/tags?post=24258"}],"curies":[{"name":"wp","href":"https:\/\/api.w.org\/{rel}","templated":true}]}}