{"id":24327,"date":"2020-05-21T12:01:21","date_gmt":"2020-05-21T10:01:21","guid":{"rendered":"https:\/\/metropoliagzm.pl\/?p=24327"},"modified":"2020-05-21T12:01:22","modified_gmt":"2020-05-21T10:01:22","slug":"europejskie-dni-dziedzictwa-we-wrzesniu-ponownie-w-swietochlowicach","status":"publish","type":"post","link":"https:\/\/metropoliagzm.pl\/en\/2020\/05\/21\/europejskie-dni-dziedzictwa-we-wrzesniu-ponownie-w-swietochlowicach\/","title":{"rendered":"Europejskie Dni Dziedzictwa we wrze\u015bniu ponownie w \u015awi\u0119toch\u0142owicach"},"content":{"rendered":"<div class=\"pdf-block\"><div class=\"pdfprnt-buttons  pdfprnt-new pdfprnt-buttons-post pdfprnt-top-right\"><div class=\"jssocials-share jssocials-share-twitter\"><a target=\"_blank\" href=\"https:\/\/twitter.com\/share?url=https:\/\/metropoliagzm.pl\/en\/wp-json\/wp\/v2\/posts\/24327;text=24327\" class=\"jssocials-share-link\"><i class=\"fa fa-twitter jssocials-share-logo\"><\/i><\/a><\/div><div class=\"jssocials-share jssocials-share-facebook\"><a target=\"_blank\" href=\"https:\/\/facebook.com\/sharer\/sharer.php?u=https:\/\/metropoliagzm.pl\/en\/wp-json\/wp\/v2\/posts\/24327\" class=\"jssocials-share-link\"><i class=\"fa fa-facebook jssocials-share-logo\"><\/i><\/a><\/div><div class=\"jssocials-share jssocials-share-pinterest\"><a target=\"_blank\" href=\"https:\/\/pinterest.com\/pin\/create\/bookmarklet\/?&amp;url=https:\/\/metropoliagzm.pl\/en\/wp-json\/wp\/v2\/posts\/24327;description=24327\" class=\"jssocials-share-link\"><i class=\"fa fa-pinterest jssocials-share-logo\"><\/i><\/a><\/div><a href=\"https:\/\/metropoliagzm.pl\/en\/wp-json\/wp\/v2\/posts\/24327?print=pdf\" class=\"pdfprnt-button pdfprnt-button-pdf\" target=\"_blank\"><img decoding=\"async\" src=\"https:\/\/metropoliagzm.pl\/wp-content\/plugins\/pdf-print\/images\/pdf.png\" alt=\"image_pdf\" title=\"View PDF\" \/><\/a><a href=\"https:\/\/metropoliagzm.pl\/en\/wp-json\/wp\/v2\/posts\/24327?print=print\" class=\"pdfprnt-button pdfprnt-button-print\" target=\"_blank\"><img decoding=\"async\" src=\"https:\/\/metropoliagzm.pl\/wp-content\/plugins\/pdf-print\/images\/print.png\" alt=\"image_print\" title=\"Print Content\" \/><\/a><\/div><\/div><div class=\"post-block-pdf\"><div class=\"pdfprnt-buttons pdfprnt-buttons-post pdfprnt-top-right\"><a href=\"https:\/\/metropoliagzm.pl\/en\/wp-json\/wp\/v2\/posts\/24327?print=pdf\" class=\"pdfprnt-button pdfprnt-button-pdf\" target=\"_blank\"><img decoding=\"async\" src=\"https:\/\/metropoliagzm.pl\/wp-content\/plugins\/pdf-print\/images\/pdf.png\" alt=\"image_pdf\" title=\"View PDF\" \/><\/a><a href=\"https:\/\/metropoliagzm.pl\/en\/wp-json\/wp\/v2\/posts\/24327?print=print\" class=\"pdfprnt-button pdfprnt-button-print\" target=\"_blank\"><img decoding=\"async\" src=\"https:\/\/metropoliagzm.pl\/wp-content\/plugins\/pdf-print\/images\/print.png\" alt=\"image_print\" title=\"Print Content\" \/><\/a><\/div>\n<p><strong>W tym roku temat Europejskich Dni Dziedzictwa brzmi \u201eMoja droga\u201d. Nasze miejskie wydarzenia b\u0119d\u0105 uj\u0119te w cykl pn. \u201eWszystkie moje drogi prowadz\u0105 przez Lipiny\u201d.<\/strong><\/p>\n\n\n\n<p>\u201eMoja Droga\u201d to has\u0142o bardzo wieloznaczne, odnosi si\u0119 nie tylko do trasy jak\u0105 przebywamy w&nbsp;czasie lub przestrzeni, ale cz\u0119sto jest tak\u017ce okre\u015bleniem ukochanej przez nas osoby, wybranki, wyra\u017caj\u0105cym nasz szacunek, mi\u0142o\u015b\u0107 i oddanie. Przyjmuj\u0105c tak\u0105 interpretacj\u0119 has\u0142a b\u0119dziemy chcieli promowa\u0107 postawy patriotyczne, przypominaj\u0105c losy tych bohater\u00f3w naszej historii, kt\u00f3rzy swoim \u017cyciem udowodnili swoje ogromne oddanie Ojczy\u017anie.<\/p>\n\n\n\n<p>W \u015awi\u0119toch\u0142owicach przygotowane zosta\u0142y trzy wydarzenia skupiaj\u0105ce si\u0119 na dzielnicy Lipiny. 12 wrze\u015bnia zaprosimy wszystkich ch\u0119tnych na spacer historyczny po dzielnicy Lipiny, kt\u00f3ry poprowadz\u0105 dzieci i m\u0142odzie\u017c w strojach \u015bl\u0105skich. Tydzie\u0144 p\u00f3\u017aniej, bo 19 wrze\u015bnia odb\u0119dzie si\u0119 gra miejska. Wydarzenie to b\u0119dzie z jednej strony okazj\u0105 do wykazania si\u0119 wiedz\u0105 o historii Lipin, ale tak\u017ce \u015awi\u0119toch\u0142owic i regionu, a z drugiej strony sposobno\u015bci\u0105 do poznania nowych wiadomo\u015bci i ciekawostek zwi\u0105zanych z Lipinami i najbli\u017csz\u0105 okolic\u0105.<\/p>\n\n\n\n<p>W czerwcu 2020 r. zostanie og\u0142oszony konkurs dla dzieci na opracowanie kr\u00f3tkiej informacji o historii wybranego miejsca lub obiektu. Materia\u0142 zostanie zebrany, opracowany i uj\u0119ty w form\u0119 prezentacji zawieraj\u0105cej teksty, zdj\u0119cia i ilustracje przygotowane przez dzieci, za\u015b prezentacja zostanie opublikowana na stronie internetowej miasta.<\/p>\n\n\n\n<p>Tak\u017ce Muzeum Powsta\u0144 \u015al\u0105skich przygotowa\u0142o wydarzenia e ramach tegorocznych EDD: &#8222;Bytom na trasie do Niepodleg\u0142ej \u2013 happening historyczny w 100-lecie powo\u0142ania Polskiego Komisariatu Plebiscytowego w Bytomiu&#8221;,&nbsp;panel dyskusyjny \u201e\u015al\u0105sk \u2013 droga do Niepodleg\u0142ej\u201d oraz&nbsp;maraton filmowy \u2013 prezentacja 31 odcink\u00f3w Filmowej Encyklopedii Powsta\u0144 \u015al\u0105skich oraz spotkanie z tw\u00f3rcami i bohaterami encyklopedii.<\/p>\n\n\n\n<p>Ju\u017c dzi\u015b zapraszamy wszystkich na obchody Europejskich Dni Dziedzictwa w \u015awi\u0119toch\u0142owicach.<\/p>\n\n\n\n<p>\u0179r\u00f3d\u0142o: UM \u015awi\u0119toch\u0142owice<\/p>\n<div class=\"post-author\" style=\"font-size:13px\">Witold Tr\u00f3lka<\/div><\/div>","protected":false},"excerpt":{"rendered":"<p>W tym roku temat Europejskich Dni Dziedzictwa brzmi \u201eMoja droga\u201d. Nasze miejskie wydarzenia b\u0119d\u0105 uj\u0119te w cykl pn. \u201eWszystkie moje drogi prowadz\u0105 przez Lipiny\u201d. \u201eMoja Droga\u201d to has\u0142o bardzo wieloznaczne, odnosi si\u0119 nie tylko do trasy jak\u0105 przebywamy w&nbsp;czasie lub przestrzeni, ale cz\u0119sto jest tak\u017ce&#8230;<\/p>","protected":false},"author":140,"featured_media":24328,"comment_status":"closed","ping_status":"closed","sticky":false,"template":"","format":"standard","meta":{"_acf_changed":false,"footnotes":""},"categories":[241,229],"tags":[1382,1116],"class_list":["post-24327","post","type-post","status-publish","format-standard","has-post-thumbnail","hentry","category-kultura","category-swietochlowice","tag-europejskie-dni-dziedzictwa","tag-historia"],"acf":[],"yoast_head":"<!-- This site is optimized with the Yoast SEO plugin v27.4 - https:\/\/yoast.com\/product\/yoast-seo-wordpress\/ -->\n<title>Europejskie Dni Dziedzictwa we wrze\u015bniu ponownie w \u015awi\u0119toch\u0142owicach - Metropolia GZM<\/title>\n<meta name=\"description\" content=\"Oficjalny portal G\u00f3rno\u015bl\u0105sko-Zag\u0142\u0119biowskiej Metropolii\" \/>\n<meta name=\"robots\" content=\"index, follow, max-snippet:-1, max-image-preview:large, max-video-preview:-1\" \/>\n<link rel=\"canonical\" href=\"http:\/\/metropoliagzm.pl\/en\/2020\/05\/21\/europejskie-dni-dziedzictwa-we-wrzesniu-ponownie-w-swietochlowicach\/\" \/>\n<meta name=\"twitter:card\" content=\"summary_large_image\" \/>\n<meta name=\"twitter:title\" content=\"Europejskie Dni Dziedzictwa we wrze\u015bniu ponownie w \u015awi\u0119toch\u0142owicach - Metropolia GZM\" \/>\n<meta name=\"twitter:description\" content=\"Oficjalny portal G\u00f3rno\u015bl\u0105sko-Zag\u0142\u0119biowskiej Metropolii\" \/>\n<meta name=\"twitter:image\" content=\"https:\/\/metropoliagzm.pl\/wp-content\/uploads\/2020\/05\/lipiny-spacer-2020-1300x867-1.jpg\" \/>\n<meta name=\"twitter:label1\" content=\"Written by\" \/>\n\t<meta name=\"twitter:data1\" content=\"Witold Tr\u00f3lka\" \/>\n\t<meta name=\"twitter:label2\" content=\"Estimated reading time\" \/>\n\t<meta name=\"twitter:data2\" content=\"2 minutes\" \/>\n<script type=\"application\/ld+json\" class=\"yoast-schema-graph\">{\"@context\":\"https:\\\/\\\/schema.org\",\"@graph\":[{\"@type\":\"Article\",\"@id\":\"http:\\\/\\\/metropoliagzm.pl\\\/en\\\/2020\\\/05\\\/21\\\/europejskie-dni-dziedzictwa-we-wrzesniu-ponownie-w-swietochlowicach\\\/#article\",\"isPartOf\":{\"@id\":\"http:\\\/\\\/metropoliagzm.pl\\\/en\\\/2020\\\/05\\\/21\\\/europejskie-dni-dziedzictwa-we-wrzesniu-ponownie-w-swietochlowicach\\\/\"},\"author\":{\"name\":\"Witold Tr\u00f3lka\",\"@id\":\"https:\\\/\\\/metropoliagzm.pl\\\/en\\\/#\\\/schema\\\/person\\\/96e19c492916cfe1ba595fd2f60d95b8\"},\"headline\":\"Europejskie Dni Dziedzictwa we wrze\u015bniu ponownie w \u015awi\u0119toch\u0142owicach\",\"datePublished\":\"2020-05-21T10:01:21+00:00\",\"dateModified\":\"2020-05-21T10:01:22+00:00\",\"mainEntityOfPage\":{\"@id\":\"http:\\\/\\\/metropoliagzm.pl\\\/en\\\/2020\\\/05\\\/21\\\/europejskie-dni-dziedzictwa-we-wrzesniu-ponownie-w-swietochlowicach\\\/\"},\"wordCount\":329,\"publisher\":{\"@id\":\"https:\\\/\\\/metropoliagzm.pl\\\/en\\\/#organization\"},\"image\":{\"@id\":\"http:\\\/\\\/metropoliagzm.pl\\\/en\\\/2020\\\/05\\\/21\\\/europejskie-dni-dziedzictwa-we-wrzesniu-ponownie-w-swietochlowicach\\\/#primaryimage\"},\"thumbnailUrl\":\"https:\\\/\\\/metropoliagzm.pl\\\/wp-content\\\/uploads\\\/2020\\\/05\\\/lipiny-spacer-2020-1300x867-1.jpg\",\"keywords\":[\"Europejskie Dni Dziedzictwa\",\"historia\"],\"articleSection\":[\"Kultura\",\"\u015awi\u0119toch\u0142owice\"],\"inLanguage\":\"en-GB\"},{\"@type\":\"WebPage\",\"@id\":\"http:\\\/\\\/metropoliagzm.pl\\\/en\\\/2020\\\/05\\\/21\\\/europejskie-dni-dziedzictwa-we-wrzesniu-ponownie-w-swietochlowicach\\\/\",\"url\":\"http:\\\/\\\/metropoliagzm.pl\\\/en\\\/2020\\\/05\\\/21\\\/europejskie-dni-dziedzictwa-we-wrzesniu-ponownie-w-swietochlowicach\\\/\",\"name\":\"Europejskie Dni Dziedzictwa we wrze\u015bniu ponownie w \u015awi\u0119toch\u0142owicach - Metropolia GZM\",\"isPartOf\":{\"@id\":\"https:\\\/\\\/metropoliagzm.pl\\\/en\\\/#website\"},\"primaryImageOfPage\":{\"@id\":\"http:\\\/\\\/metropoliagzm.pl\\\/en\\\/2020\\\/05\\\/21\\\/europejskie-dni-dziedzictwa-we-wrzesniu-ponownie-w-swietochlowicach\\\/#primaryimage\"},\"image\":{\"@id\":\"http:\\\/\\\/metropoliagzm.pl\\\/en\\\/2020\\\/05\\\/21\\\/europejskie-dni-dziedzictwa-we-wrzesniu-ponownie-w-swietochlowicach\\\/#primaryimage\"},\"thumbnailUrl\":\"https:\\\/\\\/metropoliagzm.pl\\\/wp-content\\\/uploads\\\/2020\\\/05\\\/lipiny-spacer-2020-1300x867-1.jpg\",\"datePublished\":\"2020-05-21T10:01:21+00:00\",\"dateModified\":\"2020-05-21T10:01:22+00:00\",\"description\":\"Oficjalny portal G\u00f3rno\u015bl\u0105sko-Zag\u0142\u0119biowskiej Metropolii\",\"breadcrumb\":{\"@id\":\"http:\\\/\\\/metropoliagzm.pl\\\/en\\\/2020\\\/05\\\/21\\\/europejskie-dni-dziedzictwa-we-wrzesniu-ponownie-w-swietochlowicach\\\/#breadcrumb\"},\"inLanguage\":\"en-GB\",\"potentialAction\":[{\"@type\":\"ReadAction\",\"target\":[\"http:\\\/\\\/metropoliagzm.pl\\\/en\\\/2020\\\/05\\\/21\\\/europejskie-dni-dziedzictwa-we-wrzesniu-ponownie-w-swietochlowicach\\\/\"]}]},{\"@type\":\"ImageObject\",\"inLanguage\":\"en-GB\",\"@id\":\"http:\\\/\\\/metropoliagzm.pl\\\/en\\\/2020\\\/05\\\/21\\\/europejskie-dni-dziedzictwa-we-wrzesniu-ponownie-w-swietochlowicach\\\/#primaryimage\",\"url\":\"https:\\\/\\\/metropoliagzm.pl\\\/wp-content\\\/uploads\\\/2020\\\/05\\\/lipiny-spacer-2020-1300x867-1.jpg\",\"contentUrl\":\"https:\\\/\\\/metropoliagzm.pl\\\/wp-content\\\/uploads\\\/2020\\\/05\\\/lipiny-spacer-2020-1300x867-1.jpg\",\"width\":1300,\"height\":867,\"caption\":\"Foto: UM \u015awi\u0119toch\u0142owice\"},{\"@type\":\"BreadcrumbList\",\"@id\":\"http:\\\/\\\/metropoliagzm.pl\\\/en\\\/2020\\\/05\\\/21\\\/europejskie-dni-dziedzictwa-we-wrzesniu-ponownie-w-swietochlowicach\\\/#breadcrumb\",\"itemListElement\":[{\"@type\":\"ListItem\",\"position\":1,\"name\":\"Strona g\u0142\u00f3wna\",\"item\":\"https:\\\/\\\/metropoliagzm.pl\\\/\"},{\"@type\":\"ListItem\",\"position\":2,\"name\":\"Europejskie Dni Dziedzictwa we wrze\u015bniu ponownie w \u015awi\u0119toch\u0142owicach\"}]},{\"@type\":\"WebSite\",\"@id\":\"https:\\\/\\\/metropoliagzm.pl\\\/en\\\/#website\",\"url\":\"https:\\\/\\\/metropoliagzm.pl\\\/en\\\/\",\"name\":\"Metropolia GZM\",\"description\":\"Oficjalny portal G\u00f3rno\u015bl\u0105sko-Zag\u0142\u0119biowskiej Metropolii\",\"publisher\":{\"@id\":\"https:\\\/\\\/metropoliagzm.pl\\\/en\\\/#organization\"},\"potentialAction\":[{\"@type\":\"SearchAction\",\"target\":{\"@type\":\"EntryPoint\",\"urlTemplate\":\"https:\\\/\\\/metropoliagzm.pl\\\/en\\\/?s={search_term_string}\"},\"query-input\":{\"@type\":\"PropertyValueSpecification\",\"valueRequired\":true,\"valueName\":\"search_term_string\"}}],\"inLanguage\":\"en-GB\"},{\"@type\":\"Organization\",\"@id\":\"https:\\\/\\\/metropoliagzm.pl\\\/en\\\/#organization\",\"name\":\"Metropolia GZM\",\"url\":\"https:\\\/\\\/metropoliagzm.pl\\\/en\\\/\",\"logo\":{\"@type\":\"ImageObject\",\"inLanguage\":\"en-GB\",\"@id\":\"https:\\\/\\\/metropoliagzm.pl\\\/en\\\/#\\\/schema\\\/logo\\\/image\\\/\",\"url\":\"https:\\\/\\\/metropoliagzm.pl\\\/wp-content\\\/uploads\\\/2019\\\/03\\\/Sygnet-strona-glowna.png\",\"contentUrl\":\"https:\\\/\\\/metropoliagzm.pl\\\/wp-content\\\/uploads\\\/2019\\\/03\\\/Sygnet-strona-glowna.png\",\"width\":36,\"height\":45,\"caption\":\"Metropolia GZM\"},\"image\":{\"@id\":\"https:\\\/\\\/metropoliagzm.pl\\\/en\\\/#\\\/schema\\\/logo\\\/image\\\/\"}},{\"@type\":\"Person\",\"@id\":\"https:\\\/\\\/metropoliagzm.pl\\\/en\\\/#\\\/schema\\\/person\\\/96e19c492916cfe1ba595fd2f60d95b8\",\"name\":\"Witold Tr\u00f3lka\",\"image\":{\"@type\":\"ImageObject\",\"inLanguage\":\"en-GB\",\"@id\":\"https:\\\/\\\/secure.gravatar.com\\\/avatar\\\/71e0c635e405b4a3631033f0d6f49e682b54dcd226d647737e1040a5a480d177?s=96&d=mm&r=g\",\"url\":\"https:\\\/\\\/secure.gravatar.com\\\/avatar\\\/71e0c635e405b4a3631033f0d6f49e682b54dcd226d647737e1040a5a480d177?s=96&d=mm&r=g\",\"contentUrl\":\"https:\\\/\\\/secure.gravatar.com\\\/avatar\\\/71e0c635e405b4a3631033f0d6f49e682b54dcd226d647737e1040a5a480d177?s=96&d=mm&r=g\",\"caption\":\"Witold Tr\u00f3lka\"},\"url\":\"https:\\\/\\\/metropoliagzm.pl\\\/en\\\/author\\\/w-trolka\\\/\"}]}<\/script>\n<!-- \/ Yoast SEO plugin. -->","yoast_head_json":{"title":"Europejskie Dni Dziedzictwa we wrze\u015bniu ponownie w \u015awi\u0119toch\u0142owicach - Metropolia GZM","description":"Oficjalny portal G\u00f3rno\u015bl\u0105sko-Zag\u0142\u0119biowskiej Metropolii","robots":{"index":"index","follow":"follow","max-snippet":"max-snippet:-1","max-image-preview":"max-image-preview:large","max-video-preview":"max-video-preview:-1"},"canonical":"http:\/\/metropoliagzm.pl\/en\/2020\/05\/21\/europejskie-dni-dziedzictwa-we-wrzesniu-ponownie-w-swietochlowicach\/","twitter_card":"summary_large_image","twitter_title":"Europejskie Dni Dziedzictwa we wrze\u015bniu ponownie w \u015awi\u0119toch\u0142owicach - Metropolia GZM","twitter_description":"Oficjalny portal G\u00f3rno\u015bl\u0105sko-Zag\u0142\u0119biowskiej Metropolii","twitter_image":"https:\/\/metropoliagzm.pl\/wp-content\/uploads\/2020\/05\/lipiny-spacer-2020-1300x867-1.jpg","twitter_misc":{"Written by":"Witold Tr\u00f3lka","Estimated reading time":"2 minutes"},"schema":{"@context":"https:\/\/schema.org","@graph":[{"@type":"Article","@id":"http:\/\/metropoliagzm.pl\/en\/2020\/05\/21\/europejskie-dni-dziedzictwa-we-wrzesniu-ponownie-w-swietochlowicach\/#article","isPartOf":{"@id":"http:\/\/metropoliagzm.pl\/en\/2020\/05\/21\/europejskie-dni-dziedzictwa-we-wrzesniu-ponownie-w-swietochlowicach\/"},"author":{"name":"Witold Tr\u00f3lka","@id":"https:\/\/metropoliagzm.pl\/en\/#\/schema\/person\/96e19c492916cfe1ba595fd2f60d95b8"},"headline":"Europejskie Dni Dziedzictwa we wrze\u015bniu ponownie w \u015awi\u0119toch\u0142owicach","datePublished":"2020-05-21T10:01:21+00:00","dateModified":"2020-05-21T10:01:22+00:00","mainEntityOfPage":{"@id":"http:\/\/metropoliagzm.pl\/en\/2020\/05\/21\/europejskie-dni-dziedzictwa-we-wrzesniu-ponownie-w-swietochlowicach\/"},"wordCount":329,"publisher":{"@id":"https:\/\/metropoliagzm.pl\/en\/#organization"},"image":{"@id":"http:\/\/metropoliagzm.pl\/en\/2020\/05\/21\/europejskie-dni-dziedzictwa-we-wrzesniu-ponownie-w-swietochlowicach\/#primaryimage"},"thumbnailUrl":"https:\/\/metropoliagzm.pl\/wp-content\/uploads\/2020\/05\/lipiny-spacer-2020-1300x867-1.jpg","keywords":["Europejskie Dni Dziedzictwa","historia"],"articleSection":["Kultura","\u015awi\u0119toch\u0142owice"],"inLanguage":"en-GB"},{"@type":"WebPage","@id":"http:\/\/metropoliagzm.pl\/en\/2020\/05\/21\/europejskie-dni-dziedzictwa-we-wrzesniu-ponownie-w-swietochlowicach\/","url":"http:\/\/metropoliagzm.pl\/en\/2020\/05\/21\/europejskie-dni-dziedzictwa-we-wrzesniu-ponownie-w-swietochlowicach\/","name":"Europejskie Dni Dziedzictwa we wrze\u015bniu ponownie w \u015awi\u0119toch\u0142owicach - Metropolia GZM","isPartOf":{"@id":"https:\/\/metropoliagzm.pl\/en\/#website"},"primaryImageOfPage":{"@id":"http:\/\/metropoliagzm.pl\/en\/2020\/05\/21\/europejskie-dni-dziedzictwa-we-wrzesniu-ponownie-w-swietochlowicach\/#primaryimage"},"image":{"@id":"http:\/\/metropoliagzm.pl\/en\/2020\/05\/21\/europejskie-dni-dziedzictwa-we-wrzesniu-ponownie-w-swietochlowicach\/#primaryimage"},"thumbnailUrl":"https:\/\/metropoliagzm.pl\/wp-content\/uploads\/2020\/05\/lipiny-spacer-2020-1300x867-1.jpg","datePublished":"2020-05-21T10:01:21+00:00","dateModified":"2020-05-21T10:01:22+00:00","description":"Oficjalny portal G\u00f3rno\u015bl\u0105sko-Zag\u0142\u0119biowskiej Metropolii","breadcrumb":{"@id":"http:\/\/metropoliagzm.pl\/en\/2020\/05\/21\/europejskie-dni-dziedzictwa-we-wrzesniu-ponownie-w-swietochlowicach\/#breadcrumb"},"inLanguage":"en-GB","potentialAction":[{"@type":"ReadAction","target":["http:\/\/metropoliagzm.pl\/en\/2020\/05\/21\/europejskie-dni-dziedzictwa-we-wrzesniu-ponownie-w-swietochlowicach\/"]}]},{"@type":"ImageObject","inLanguage":"en-GB","@id":"http:\/\/metropoliagzm.pl\/en\/2020\/05\/21\/europejskie-dni-dziedzictwa-we-wrzesniu-ponownie-w-swietochlowicach\/#primaryimage","url":"https:\/\/metropoliagzm.pl\/wp-content\/uploads\/2020\/05\/lipiny-spacer-2020-1300x867-1.jpg","contentUrl":"https:\/\/metropoliagzm.pl\/wp-content\/uploads\/2020\/05\/lipiny-spacer-2020-1300x867-1.jpg","width":1300,"height":867,"caption":"Foto: UM \u015awi\u0119toch\u0142owice"},{"@type":"BreadcrumbList","@id":"http:\/\/metropoliagzm.pl\/en\/2020\/05\/21\/europejskie-dni-dziedzictwa-we-wrzesniu-ponownie-w-swietochlowicach\/#breadcrumb","itemListElement":[{"@type":"ListItem","position":1,"name":"Strona g\u0142\u00f3wna","item":"https:\/\/metropoliagzm.pl\/"},{"@type":"ListItem","position":2,"name":"Europejskie Dni Dziedzictwa we wrze\u015bniu ponownie w \u015awi\u0119toch\u0142owicach"}]},{"@type":"WebSite","@id":"https:\/\/metropoliagzm.pl\/en\/#website","url":"https:\/\/metropoliagzm.pl\/en\/","name":"Metropolia GZM","description":"Oficjalny portal G\u00f3rno\u015bl\u0105sko-Zag\u0142\u0119biowskiej Metropolii","publisher":{"@id":"https:\/\/metropoliagzm.pl\/en\/#organization"},"potentialAction":[{"@type":"SearchAction","target":{"@type":"EntryPoint","urlTemplate":"https:\/\/metropoliagzm.pl\/en\/?s={search_term_string}"},"query-input":{"@type":"PropertyValueSpecification","valueRequired":true,"valueName":"search_term_string"}}],"inLanguage":"en-GB"},{"@type":"Organization","@id":"https:\/\/metropoliagzm.pl\/en\/#organization","name":"Metropolia GZM","url":"https:\/\/metropoliagzm.pl\/en\/","logo":{"@type":"ImageObject","inLanguage":"en-GB","@id":"https:\/\/metropoliagzm.pl\/en\/#\/schema\/logo\/image\/","url":"https:\/\/metropoliagzm.pl\/wp-content\/uploads\/2019\/03\/Sygnet-strona-glowna.png","contentUrl":"https:\/\/metropoliagzm.pl\/wp-content\/uploads\/2019\/03\/Sygnet-strona-glowna.png","width":36,"height":45,"caption":"Metropolia GZM"},"image":{"@id":"https:\/\/metropoliagzm.pl\/en\/#\/schema\/logo\/image\/"}},{"@type":"Person","@id":"https:\/\/metropoliagzm.pl\/en\/#\/schema\/person\/96e19c492916cfe1ba595fd2f60d95b8","name":"Witold Tr\u00f3lka","image":{"@type":"ImageObject","inLanguage":"en-GB","@id":"https:\/\/secure.gravatar.com\/avatar\/71e0c635e405b4a3631033f0d6f49e682b54dcd226d647737e1040a5a480d177?s=96&d=mm&r=g","url":"https:\/\/secure.gravatar.com\/avatar\/71e0c635e405b4a3631033f0d6f49e682b54dcd226d647737e1040a5a480d177?s=96&d=mm&r=g","contentUrl":"https:\/\/secure.gravatar.com\/avatar\/71e0c635e405b4a3631033f0d6f49e682b54dcd226d647737e1040a5a480d177?s=96&d=mm&r=g","caption":"Witold Tr\u00f3lka"},"url":"https:\/\/metropoliagzm.pl\/en\/author\/w-trolka\/"}]}},"_links":{"self":[{"href":"https:\/\/metropoliagzm.pl\/en\/wp-json\/wp\/v2\/posts\/24327","targetHints":{"allow":["GET"]}}],"collection":[{"href":"https:\/\/metropoliagzm.pl\/en\/wp-json\/wp\/v2\/posts"}],"about":[{"href":"https:\/\/metropoliagzm.pl\/en\/wp-json\/wp\/v2\/types\/post"}],"author":[{"embeddable":true,"href":"https:\/\/metropoliagzm.pl\/en\/wp-json\/wp\/v2\/users\/140"}],"replies":[{"embeddable":true,"href":"https:\/\/metropoliagzm.pl\/en\/wp-json\/wp\/v2\/comments?post=24327"}],"version-history":[{"count":1,"href":"https:\/\/metropoliagzm.pl\/en\/wp-json\/wp\/v2\/posts\/24327\/revisions"}],"predecessor-version":[{"id":24329,"href":"https:\/\/metropoliagzm.pl\/en\/wp-json\/wp\/v2\/posts\/24327\/revisions\/24329"}],"wp:featuredmedia":[{"embeddable":true,"href":"https:\/\/metropoliagzm.pl\/en\/wp-json\/wp\/v2\/media\/24328"}],"wp:attachment":[{"href":"https:\/\/metropoliagzm.pl\/en\/wp-json\/wp\/v2\/media?parent=24327"}],"wp:term":[{"taxonomy":"category","embeddable":true,"href":"https:\/\/metropoliagzm.pl\/en\/wp-json\/wp\/v2\/categories?post=24327"},{"taxonomy":"post_tag","embeddable":true,"href":"https:\/\/metropoliagzm.pl\/en\/wp-json\/wp\/v2\/tags?post=24327"}],"curies":[{"name":"wp","href":"https:\/\/api.w.org\/{rel}","templated":true}]}}