{"id":24341,"date":"2020-05-21T14:13:42","date_gmt":"2020-05-21T12:13:42","guid":{"rendered":"https:\/\/metropoliagzm.pl\/?p=24341"},"modified":"2020-05-21T14:13:43","modified_gmt":"2020-05-21T12:13:43","slug":"dzieci-i-mlodziez-otrzymaja-specjalistyczna-pomoc-psychologiczna","status":"publish","type":"post","link":"https:\/\/metropoliagzm.pl\/en\/2020\/05\/21\/dzieci-i-mlodziez-otrzymaja-specjalistyczna-pomoc-psychologiczna\/","title":{"rendered":"Dzieci i m\u0142odzie\u017c otrzymaj\u0105 specjalistyczn\u0105 pomoc psychologiczn\u0105"},"content":{"rendered":"<div class=\"pdf-block\"><div class=\"pdfprnt-buttons  pdfprnt-new pdfprnt-buttons-post pdfprnt-top-right\"><div class=\"jssocials-share jssocials-share-twitter\"><a target=\"_blank\" href=\"https:\/\/twitter.com\/share?url=https:\/\/metropoliagzm.pl\/en\/wp-json\/wp\/v2\/posts\/24341;text=24341\" class=\"jssocials-share-link\"><i class=\"fa fa-twitter jssocials-share-logo\"><\/i><\/a><\/div><div class=\"jssocials-share jssocials-share-facebook\"><a target=\"_blank\" href=\"https:\/\/facebook.com\/sharer\/sharer.php?u=https:\/\/metropoliagzm.pl\/en\/wp-json\/wp\/v2\/posts\/24341\" class=\"jssocials-share-link\"><i class=\"fa fa-facebook jssocials-share-logo\"><\/i><\/a><\/div><div class=\"jssocials-share jssocials-share-pinterest\"><a target=\"_blank\" href=\"https:\/\/pinterest.com\/pin\/create\/bookmarklet\/?&amp;url=https:\/\/metropoliagzm.pl\/en\/wp-json\/wp\/v2\/posts\/24341;description=24341\" class=\"jssocials-share-link\"><i class=\"fa fa-pinterest jssocials-share-logo\"><\/i><\/a><\/div><a href=\"https:\/\/metropoliagzm.pl\/en\/wp-json\/wp\/v2\/posts\/24341?print=pdf\" class=\"pdfprnt-button pdfprnt-button-pdf\" target=\"_blank\"><img decoding=\"async\" src=\"https:\/\/metropoliagzm.pl\/wp-content\/plugins\/pdf-print\/images\/pdf.png\" alt=\"image_pdf\" title=\"View PDF\" \/><\/a><a href=\"https:\/\/metropoliagzm.pl\/en\/wp-json\/wp\/v2\/posts\/24341?print=print\" class=\"pdfprnt-button pdfprnt-button-print\" target=\"_blank\"><img decoding=\"async\" src=\"https:\/\/metropoliagzm.pl\/wp-content\/plugins\/pdf-print\/images\/print.png\" alt=\"image_print\" title=\"Print Content\" \/><\/a><\/div><\/div><div class=\"post-block-pdf\"><div class=\"pdfprnt-buttons pdfprnt-buttons-post pdfprnt-top-right\"><a href=\"https:\/\/metropoliagzm.pl\/en\/wp-json\/wp\/v2\/posts\/24341?print=pdf\" class=\"pdfprnt-button pdfprnt-button-pdf\" target=\"_blank\"><img decoding=\"async\" src=\"https:\/\/metropoliagzm.pl\/wp-content\/plugins\/pdf-print\/images\/pdf.png\" alt=\"image_pdf\" title=\"View PDF\" \/><\/a><a href=\"https:\/\/metropoliagzm.pl\/en\/wp-json\/wp\/v2\/posts\/24341?print=print\" class=\"pdfprnt-button pdfprnt-button-print\" target=\"_blank\"><img decoding=\"async\" src=\"https:\/\/metropoliagzm.pl\/wp-content\/plugins\/pdf-print\/images\/print.png\" alt=\"image_print\" title=\"Print Content\" \/><\/a><\/div>\n<p><strong><em>Jako jedyna w Bytomiu przychodnia b\u0119dziemy realizowa\u0107 ministerialny program ochrony zdrowia psychicznego dzieci i m\u0142odzie\u017cy. To szansa dla wielu m\u0142odych os\u00f3b, kt\u00f3re potrzebuj\u0105 porad psychologa, psychoterapeuty oraz pomocy terapeut\u00f3w \u015brodowiskowych<\/em>\u00a0\u2013 m\u00f3wi Adam Ciesi\u00f3\u0142ka, wiceprezes Przychodni Lekarskiej Szombierki w Bytomiu, kt\u00f3ra otrzyma\u0142a \u015brodki z Narodowego Funduszu Zdrowia na realizacj\u0119 programu.<\/strong><\/p>\n\n\n\n<p>Z pocz\u0105tkiem kwietnia Ministerstwo Zdrowia uruchomi\u0142o nowy model ochrony zdrowia psychicznego dzieci i m\u0142odzie\u017cy polegaj\u0105cy na trzypoziomowym systemie opieki. Pierwszy z nich przewiduje pomoc O\u015brodk\u00f3w \u015arodowiskowych Opieki Psychologicznej i Psychoterapeutycznej dla dzieci i m\u0142odzie\u017cy, w kt\u00f3rych porad i pomocy udzielaj\u0105 zatrudnieni tam psychologowie, psychoterapeuci oraz terapeuci \u015brodowiskowi. To w\u0142a\u015bnie na ten model ochrony zdrowia psychicznego dzieci i m\u0142odzie\u017cy \u015brodki z ministerstwa pozyska\u0142a Przychodnia Lekarska Szombierki. Warto podkre\u015bli\u0107, \u017ce bytomska plac\u00f3wka b\u0119dzie realizowa\u0107 rz\u0105dowy program jako jedyna w naszym mie\u015bcie, a wszystkie porady b\u0119d\u0105 udzielanie bezp\u0142atnie.<\/p>\n\n\n\n<p><em>Nasi specjali\u015bci b\u0119d\u0105 pomaga\u0107 nie tylko dzieciom oraz m\u0142odzie\u017cy szkolnej do uko\u0144czenia 21. roku \u017cycia, ale r\u00f3wnie\u017c rodzinom i opiekunom prawnym<\/em>&nbsp;\u2013 m\u00f3wi Adam Ciesi\u00f3\u0142ka z Przychodni Lekarskiej Szombierki.&nbsp;<em>Wszystkie porady udzielane b\u0119d\u0105 bezp\u0142atnie, a co najwa\u017cniejsze nie jest konieczne skierowanie od lekarza, aby skorzysta\u0107 z porady specjalisty<\/em>&nbsp;\u2013 dodaje Adam Ciesi\u00f3\u0142ka.<\/p>\n\n\n\n<p>O\u015brodek w Bytomiu b\u0119dzie wspiera\u0142 pacjent\u00f3w w zakresie pierwszych zaburze\u0144 zdrowia psychicznego, g\u0142\u00f3wnie zaburze\u0144 emocjonalnych oraz zaburze\u0144 zachowania, bez konieczno\u015bci hospitalizacji czy interwencji lekarskiej, a specjali\u015bci b\u0119d\u0105 wsp\u00f3\u0142pracowa\u0107 mi\u0119dzy innymi z plac\u00f3wkami o\u015bwiatowymi i opieki spo\u0142ecznej.<\/p>\n\n\n\n<p>O\u015brodek Opieki Psychologicznej i Psychoterapeutycznej dla dzieci i m\u0142odzie\u017cy znajduje si\u0119 na terenie Przychodni Lekarskiej Szombierki przy ul. Orzegowskiej 52a w Bytomiu-Szombierkach. Osoby potrzebuj\u0105ce pomocy mog\u0105 si\u0119 kontaktowa\u0107 telefonicznie pod numerami: 32 281 97 94, 32 810 11 76 oraz 32 810 11 75 lub mailowo:&nbsp;<a href=\"mailto:przychodniaszombierkikontakt@interia.pl\">przychodniaszombierkikontakt@interia.pl<\/a>&nbsp;lub&nbsp;<a href=\"mailto:biuro@przychodniaszombierki.pl\">biuro@przychodniaszombierki.pl<\/a><\/p>\n\n\n\n<p>Wi\u0119cej szczeg\u00f3\u0142\u00f3w dotycz\u0105cych oferowanej pomocy O\u015brodka \u015arodowiskowej Opieki Psychologicznej i Psychoterapeutycznej dla dzieci i m\u0142odzie\u017cy w Bytomiu-Szombierkach dost\u0119pnych jest\u00a0<strong><a href=\"https:\/\/www.bytom.pl\/plik\/10664,zalacznik-do-pisma-pdf\">TUTAJ<\/a><\/strong>.<\/p>\n\n\n\n<figure class=\"wp-block-image\"><img decoding=\"async\" src=\"https:\/\/www.bytom.pl\/userfiles\/galeria\/p1e8r1pf641br62j3gpl1fmrs6m3.jpg\" alt=\"Plakat poradnia psych dzieci.jpg\"\/><\/figure>\n\n\n\n<p>\u0179r\u00f3d\u0142o: UM Bytom <\/p>\n<div class=\"post-author\" style=\"font-size:13px\">Micha\u0142 Nowak<\/div><\/div>","protected":false},"excerpt":{"rendered":"<p>Jako jedyna w Bytomiu przychodnia b\u0119dziemy realizowa\u0107 ministerialny program ochrony zdrowia psychicznego dzieci i m\u0142odzie\u017cy. To szansa dla wielu m\u0142odych os\u00f3b, kt\u00f3re potrzebuj\u0105 porad psychologa, psychoterapeuty oraz pomocy terapeut\u00f3w \u015brodowiskowych\u00a0\u2013 m\u00f3wi Adam Ciesi\u00f3\u0142ka, wiceprezes Przychodni Lekarskiej Szombierki w Bytomiu, kt\u00f3ra otrzyma\u0142a \u015brodki z Narodowego Funduszu&#8230;<\/p>","protected":false},"author":134,"featured_media":24342,"comment_status":"closed","ping_status":"closed","sticky":false,"template":"","format":"standard","meta":{"_acf_changed":false,"footnotes":""},"categories":[199,242],"tags":[452],"class_list":["post-24341","post","type-post","status-publish","format-standard","has-post-thumbnail","hentry","category-bytom","category-mieszkancy","tag-bytom"],"acf":[],"yoast_head":"<!-- This site is optimized with the Yoast SEO plugin v27.4 - https:\/\/yoast.com\/product\/yoast-seo-wordpress\/ -->\n<title>Dzieci i m\u0142odzie\u017c otrzymaj\u0105 specjalistyczn\u0105 pomoc psychologiczn\u0105 - Metropolia GZM<\/title>\n<meta name=\"description\" content=\"Oficjalny portal G\u00f3rno\u015bl\u0105sko-Zag\u0142\u0119biowskiej Metropolii\" \/>\n<meta name=\"robots\" content=\"index, follow, max-snippet:-1, max-image-preview:large, max-video-preview:-1\" \/>\n<link rel=\"canonical\" href=\"https:\/\/metropoliagzm.pl\/en\/2020\/05\/21\/dzieci-i-mlodziez-otrzymaja-specjalistyczna-pomoc-psychologiczna\/\" \/>\n<meta name=\"twitter:card\" content=\"summary_large_image\" \/>\n<meta name=\"twitter:title\" content=\"Dzieci i m\u0142odzie\u017c otrzymaj\u0105 specjalistyczn\u0105 pomoc psychologiczn\u0105 - Metropolia GZM\" \/>\n<meta name=\"twitter:description\" content=\"Oficjalny portal G\u00f3rno\u015bl\u0105sko-Zag\u0142\u0119biowskiej Metropolii\" \/>\n<meta name=\"twitter:image\" content=\"https:\/\/metropoliagzm.pl\/wp-content\/uploads\/2020\/05\/p1e8r1dvk6oon1vnj11mi1rqaja33.jpg\" \/>\n<meta name=\"twitter:label1\" content=\"Written by\" \/>\n\t<meta name=\"twitter:data1\" content=\"Micha\u0142 Nowak\" \/>\n\t<meta name=\"twitter:label2\" content=\"Estimated reading time\" \/>\n\t<meta name=\"twitter:data2\" content=\"2 minutes\" \/>\n<script type=\"application\/ld+json\" class=\"yoast-schema-graph\">{\"@context\":\"https:\\\/\\\/schema.org\",\"@graph\":[{\"@type\":\"Article\",\"@id\":\"https:\\\/\\\/metropoliagzm.pl\\\/2020\\\/05\\\/21\\\/dzieci-i-mlodziez-otrzymaja-specjalistyczna-pomoc-psychologiczna\\\/#article\",\"isPartOf\":{\"@id\":\"https:\\\/\\\/metropoliagzm.pl\\\/2020\\\/05\\\/21\\\/dzieci-i-mlodziez-otrzymaja-specjalistyczna-pomoc-psychologiczna\\\/\"},\"author\":{\"name\":\"Micha\u0142 Nowak\",\"@id\":\"https:\\\/\\\/metropoliagzm.pl\\\/en\\\/#\\\/schema\\\/person\\\/9e7660ba27bc92881ef16c6fc34ae962\"},\"headline\":\"Dzieci i m\u0142odzie\u017c otrzymaj\u0105 specjalistyczn\u0105 pomoc psychologiczn\u0105\",\"datePublished\":\"2020-05-21T12:13:42+00:00\",\"dateModified\":\"2020-05-21T12:13:43+00:00\",\"mainEntityOfPage\":{\"@id\":\"https:\\\/\\\/metropoliagzm.pl\\\/2020\\\/05\\\/21\\\/dzieci-i-mlodziez-otrzymaja-specjalistyczna-pomoc-psychologiczna\\\/\"},\"wordCount\":367,\"publisher\":{\"@id\":\"https:\\\/\\\/metropoliagzm.pl\\\/en\\\/#organization\"},\"image\":{\"@id\":\"https:\\\/\\\/metropoliagzm.pl\\\/2020\\\/05\\\/21\\\/dzieci-i-mlodziez-otrzymaja-specjalistyczna-pomoc-psychologiczna\\\/#primaryimage\"},\"thumbnailUrl\":\"https:\\\/\\\/metropoliagzm.pl\\\/wp-content\\\/uploads\\\/2020\\\/05\\\/p1e8r1dvk6oon1vnj11mi1rqaja33.jpg\",\"keywords\":[\"bytom\"],\"articleSection\":[\"Bytom\",\"Mieszka\u0144cy\"],\"inLanguage\":\"en-GB\"},{\"@type\":\"WebPage\",\"@id\":\"https:\\\/\\\/metropoliagzm.pl\\\/2020\\\/05\\\/21\\\/dzieci-i-mlodziez-otrzymaja-specjalistyczna-pomoc-psychologiczna\\\/\",\"url\":\"https:\\\/\\\/metropoliagzm.pl\\\/2020\\\/05\\\/21\\\/dzieci-i-mlodziez-otrzymaja-specjalistyczna-pomoc-psychologiczna\\\/\",\"name\":\"Dzieci i m\u0142odzie\u017c otrzymaj\u0105 specjalistyczn\u0105 pomoc psychologiczn\u0105 - Metropolia GZM\",\"isPartOf\":{\"@id\":\"https:\\\/\\\/metropoliagzm.pl\\\/en\\\/#website\"},\"primaryImageOfPage\":{\"@id\":\"https:\\\/\\\/metropoliagzm.pl\\\/2020\\\/05\\\/21\\\/dzieci-i-mlodziez-otrzymaja-specjalistyczna-pomoc-psychologiczna\\\/#primaryimage\"},\"image\":{\"@id\":\"https:\\\/\\\/metropoliagzm.pl\\\/2020\\\/05\\\/21\\\/dzieci-i-mlodziez-otrzymaja-specjalistyczna-pomoc-psychologiczna\\\/#primaryimage\"},\"thumbnailUrl\":\"https:\\\/\\\/metropoliagzm.pl\\\/wp-content\\\/uploads\\\/2020\\\/05\\\/p1e8r1dvk6oon1vnj11mi1rqaja33.jpg\",\"datePublished\":\"2020-05-21T12:13:42+00:00\",\"dateModified\":\"2020-05-21T12:13:43+00:00\",\"description\":\"Oficjalny portal G\u00f3rno\u015bl\u0105sko-Zag\u0142\u0119biowskiej Metropolii\",\"breadcrumb\":{\"@id\":\"https:\\\/\\\/metropoliagzm.pl\\\/2020\\\/05\\\/21\\\/dzieci-i-mlodziez-otrzymaja-specjalistyczna-pomoc-psychologiczna\\\/#breadcrumb\"},\"inLanguage\":\"en-GB\",\"potentialAction\":[{\"@type\":\"ReadAction\",\"target\":[\"https:\\\/\\\/metropoliagzm.pl\\\/2020\\\/05\\\/21\\\/dzieci-i-mlodziez-otrzymaja-specjalistyczna-pomoc-psychologiczna\\\/\"]}]},{\"@type\":\"ImageObject\",\"inLanguage\":\"en-GB\",\"@id\":\"https:\\\/\\\/metropoliagzm.pl\\\/2020\\\/05\\\/21\\\/dzieci-i-mlodziez-otrzymaja-specjalistyczna-pomoc-psychologiczna\\\/#primaryimage\",\"url\":\"https:\\\/\\\/metropoliagzm.pl\\\/wp-content\\\/uploads\\\/2020\\\/05\\\/p1e8r1dvk6oon1vnj11mi1rqaja33.jpg\",\"contentUrl\":\"https:\\\/\\\/metropoliagzm.pl\\\/wp-content\\\/uploads\\\/2020\\\/05\\\/p1e8r1dvk6oon1vnj11mi1rqaja33.jpg\",\"width\":1000,\"height\":561,\"caption\":\"Fot. Przychodnia Lekarska Szombierki\"},{\"@type\":\"BreadcrumbList\",\"@id\":\"https:\\\/\\\/metropoliagzm.pl\\\/2020\\\/05\\\/21\\\/dzieci-i-mlodziez-otrzymaja-specjalistyczna-pomoc-psychologiczna\\\/#breadcrumb\",\"itemListElement\":[{\"@type\":\"ListItem\",\"position\":1,\"name\":\"Strona g\u0142\u00f3wna\",\"item\":\"https:\\\/\\\/metropoliagzm.pl\\\/\"},{\"@type\":\"ListItem\",\"position\":2,\"name\":\"Dzieci i m\u0142odzie\u017c otrzymaj\u0105 specjalistyczn\u0105 pomoc psychologiczn\u0105\"}]},{\"@type\":\"WebSite\",\"@id\":\"https:\\\/\\\/metropoliagzm.pl\\\/en\\\/#website\",\"url\":\"https:\\\/\\\/metropoliagzm.pl\\\/en\\\/\",\"name\":\"Metropolia GZM\",\"description\":\"Oficjalny portal G\u00f3rno\u015bl\u0105sko-Zag\u0142\u0119biowskiej Metropolii\",\"publisher\":{\"@id\":\"https:\\\/\\\/metropoliagzm.pl\\\/en\\\/#organization\"},\"potentialAction\":[{\"@type\":\"SearchAction\",\"target\":{\"@type\":\"EntryPoint\",\"urlTemplate\":\"https:\\\/\\\/metropoliagzm.pl\\\/en\\\/?s={search_term_string}\"},\"query-input\":{\"@type\":\"PropertyValueSpecification\",\"valueRequired\":true,\"valueName\":\"search_term_string\"}}],\"inLanguage\":\"en-GB\"},{\"@type\":\"Organization\",\"@id\":\"https:\\\/\\\/metropoliagzm.pl\\\/en\\\/#organization\",\"name\":\"Metropolia GZM\",\"url\":\"https:\\\/\\\/metropoliagzm.pl\\\/en\\\/\",\"logo\":{\"@type\":\"ImageObject\",\"inLanguage\":\"en-GB\",\"@id\":\"https:\\\/\\\/metropoliagzm.pl\\\/en\\\/#\\\/schema\\\/logo\\\/image\\\/\",\"url\":\"https:\\\/\\\/metropoliagzm.pl\\\/wp-content\\\/uploads\\\/2019\\\/03\\\/Sygnet-strona-glowna.png\",\"contentUrl\":\"https:\\\/\\\/metropoliagzm.pl\\\/wp-content\\\/uploads\\\/2019\\\/03\\\/Sygnet-strona-glowna.png\",\"width\":36,\"height\":45,\"caption\":\"Metropolia GZM\"},\"image\":{\"@id\":\"https:\\\/\\\/metropoliagzm.pl\\\/en\\\/#\\\/schema\\\/logo\\\/image\\\/\"}},{\"@type\":\"Person\",\"@id\":\"https:\\\/\\\/metropoliagzm.pl\\\/en\\\/#\\\/schema\\\/person\\\/9e7660ba27bc92881ef16c6fc34ae962\",\"name\":\"Micha\u0142 Nowak\",\"image\":{\"@type\":\"ImageObject\",\"inLanguage\":\"en-GB\",\"@id\":\"https:\\\/\\\/secure.gravatar.com\\\/avatar\\\/2d51f070ccac4989b201dc1a42c3a6d46ff007fc5e569ff280535ab8e8122a59?s=96&d=mm&r=g\",\"url\":\"https:\\\/\\\/secure.gravatar.com\\\/avatar\\\/2d51f070ccac4989b201dc1a42c3a6d46ff007fc5e569ff280535ab8e8122a59?s=96&d=mm&r=g\",\"contentUrl\":\"https:\\\/\\\/secure.gravatar.com\\\/avatar\\\/2d51f070ccac4989b201dc1a42c3a6d46ff007fc5e569ff280535ab8e8122a59?s=96&d=mm&r=g\",\"caption\":\"Micha\u0142 Nowak\"},\"url\":\"https:\\\/\\\/metropoliagzm.pl\\\/en\\\/author\\\/michal-nowak\\\/\"}]}<\/script>\n<!-- \/ Yoast SEO plugin. -->","yoast_head_json":{"title":"Dzieci i m\u0142odzie\u017c otrzymaj\u0105 specjalistyczn\u0105 pomoc psychologiczn\u0105 - Metropolia GZM","description":"Oficjalny portal G\u00f3rno\u015bl\u0105sko-Zag\u0142\u0119biowskiej Metropolii","robots":{"index":"index","follow":"follow","max-snippet":"max-snippet:-1","max-image-preview":"max-image-preview:large","max-video-preview":"max-video-preview:-1"},"canonical":"https:\/\/metropoliagzm.pl\/en\/2020\/05\/21\/dzieci-i-mlodziez-otrzymaja-specjalistyczna-pomoc-psychologiczna\/","twitter_card":"summary_large_image","twitter_title":"Dzieci i m\u0142odzie\u017c otrzymaj\u0105 specjalistyczn\u0105 pomoc psychologiczn\u0105 - Metropolia GZM","twitter_description":"Oficjalny portal G\u00f3rno\u015bl\u0105sko-Zag\u0142\u0119biowskiej Metropolii","twitter_image":"https:\/\/metropoliagzm.pl\/wp-content\/uploads\/2020\/05\/p1e8r1dvk6oon1vnj11mi1rqaja33.jpg","twitter_misc":{"Written by":"Micha\u0142 Nowak","Estimated reading time":"2 minutes"},"schema":{"@context":"https:\/\/schema.org","@graph":[{"@type":"Article","@id":"https:\/\/metropoliagzm.pl\/2020\/05\/21\/dzieci-i-mlodziez-otrzymaja-specjalistyczna-pomoc-psychologiczna\/#article","isPartOf":{"@id":"https:\/\/metropoliagzm.pl\/2020\/05\/21\/dzieci-i-mlodziez-otrzymaja-specjalistyczna-pomoc-psychologiczna\/"},"author":{"name":"Micha\u0142 Nowak","@id":"https:\/\/metropoliagzm.pl\/en\/#\/schema\/person\/9e7660ba27bc92881ef16c6fc34ae962"},"headline":"Dzieci i m\u0142odzie\u017c otrzymaj\u0105 specjalistyczn\u0105 pomoc psychologiczn\u0105","datePublished":"2020-05-21T12:13:42+00:00","dateModified":"2020-05-21T12:13:43+00:00","mainEntityOfPage":{"@id":"https:\/\/metropoliagzm.pl\/2020\/05\/21\/dzieci-i-mlodziez-otrzymaja-specjalistyczna-pomoc-psychologiczna\/"},"wordCount":367,"publisher":{"@id":"https:\/\/metropoliagzm.pl\/en\/#organization"},"image":{"@id":"https:\/\/metropoliagzm.pl\/2020\/05\/21\/dzieci-i-mlodziez-otrzymaja-specjalistyczna-pomoc-psychologiczna\/#primaryimage"},"thumbnailUrl":"https:\/\/metropoliagzm.pl\/wp-content\/uploads\/2020\/05\/p1e8r1dvk6oon1vnj11mi1rqaja33.jpg","keywords":["bytom"],"articleSection":["Bytom","Mieszka\u0144cy"],"inLanguage":"en-GB"},{"@type":"WebPage","@id":"https:\/\/metropoliagzm.pl\/2020\/05\/21\/dzieci-i-mlodziez-otrzymaja-specjalistyczna-pomoc-psychologiczna\/","url":"https:\/\/metropoliagzm.pl\/2020\/05\/21\/dzieci-i-mlodziez-otrzymaja-specjalistyczna-pomoc-psychologiczna\/","name":"Dzieci i m\u0142odzie\u017c otrzymaj\u0105 specjalistyczn\u0105 pomoc psychologiczn\u0105 - Metropolia GZM","isPartOf":{"@id":"https:\/\/metropoliagzm.pl\/en\/#website"},"primaryImageOfPage":{"@id":"https:\/\/metropoliagzm.pl\/2020\/05\/21\/dzieci-i-mlodziez-otrzymaja-specjalistyczna-pomoc-psychologiczna\/#primaryimage"},"image":{"@id":"https:\/\/metropoliagzm.pl\/2020\/05\/21\/dzieci-i-mlodziez-otrzymaja-specjalistyczna-pomoc-psychologiczna\/#primaryimage"},"thumbnailUrl":"https:\/\/metropoliagzm.pl\/wp-content\/uploads\/2020\/05\/p1e8r1dvk6oon1vnj11mi1rqaja33.jpg","datePublished":"2020-05-21T12:13:42+00:00","dateModified":"2020-05-21T12:13:43+00:00","description":"Oficjalny portal G\u00f3rno\u015bl\u0105sko-Zag\u0142\u0119biowskiej Metropolii","breadcrumb":{"@id":"https:\/\/metropoliagzm.pl\/2020\/05\/21\/dzieci-i-mlodziez-otrzymaja-specjalistyczna-pomoc-psychologiczna\/#breadcrumb"},"inLanguage":"en-GB","potentialAction":[{"@type":"ReadAction","target":["https:\/\/metropoliagzm.pl\/2020\/05\/21\/dzieci-i-mlodziez-otrzymaja-specjalistyczna-pomoc-psychologiczna\/"]}]},{"@type":"ImageObject","inLanguage":"en-GB","@id":"https:\/\/metropoliagzm.pl\/2020\/05\/21\/dzieci-i-mlodziez-otrzymaja-specjalistyczna-pomoc-psychologiczna\/#primaryimage","url":"https:\/\/metropoliagzm.pl\/wp-content\/uploads\/2020\/05\/p1e8r1dvk6oon1vnj11mi1rqaja33.jpg","contentUrl":"https:\/\/metropoliagzm.pl\/wp-content\/uploads\/2020\/05\/p1e8r1dvk6oon1vnj11mi1rqaja33.jpg","width":1000,"height":561,"caption":"Fot. Przychodnia Lekarska Szombierki"},{"@type":"BreadcrumbList","@id":"https:\/\/metropoliagzm.pl\/2020\/05\/21\/dzieci-i-mlodziez-otrzymaja-specjalistyczna-pomoc-psychologiczna\/#breadcrumb","itemListElement":[{"@type":"ListItem","position":1,"name":"Strona g\u0142\u00f3wna","item":"https:\/\/metropoliagzm.pl\/"},{"@type":"ListItem","position":2,"name":"Dzieci i m\u0142odzie\u017c otrzymaj\u0105 specjalistyczn\u0105 pomoc psychologiczn\u0105"}]},{"@type":"WebSite","@id":"https:\/\/metropoliagzm.pl\/en\/#website","url":"https:\/\/metropoliagzm.pl\/en\/","name":"Metropolia GZM","description":"Oficjalny portal G\u00f3rno\u015bl\u0105sko-Zag\u0142\u0119biowskiej Metropolii","publisher":{"@id":"https:\/\/metropoliagzm.pl\/en\/#organization"},"potentialAction":[{"@type":"SearchAction","target":{"@type":"EntryPoint","urlTemplate":"https:\/\/metropoliagzm.pl\/en\/?s={search_term_string}"},"query-input":{"@type":"PropertyValueSpecification","valueRequired":true,"valueName":"search_term_string"}}],"inLanguage":"en-GB"},{"@type":"Organization","@id":"https:\/\/metropoliagzm.pl\/en\/#organization","name":"Metropolia GZM","url":"https:\/\/metropoliagzm.pl\/en\/","logo":{"@type":"ImageObject","inLanguage":"en-GB","@id":"https:\/\/metropoliagzm.pl\/en\/#\/schema\/logo\/image\/","url":"https:\/\/metropoliagzm.pl\/wp-content\/uploads\/2019\/03\/Sygnet-strona-glowna.png","contentUrl":"https:\/\/metropoliagzm.pl\/wp-content\/uploads\/2019\/03\/Sygnet-strona-glowna.png","width":36,"height":45,"caption":"Metropolia GZM"},"image":{"@id":"https:\/\/metropoliagzm.pl\/en\/#\/schema\/logo\/image\/"}},{"@type":"Person","@id":"https:\/\/metropoliagzm.pl\/en\/#\/schema\/person\/9e7660ba27bc92881ef16c6fc34ae962","name":"Micha\u0142 Nowak","image":{"@type":"ImageObject","inLanguage":"en-GB","@id":"https:\/\/secure.gravatar.com\/avatar\/2d51f070ccac4989b201dc1a42c3a6d46ff007fc5e569ff280535ab8e8122a59?s=96&d=mm&r=g","url":"https:\/\/secure.gravatar.com\/avatar\/2d51f070ccac4989b201dc1a42c3a6d46ff007fc5e569ff280535ab8e8122a59?s=96&d=mm&r=g","contentUrl":"https:\/\/secure.gravatar.com\/avatar\/2d51f070ccac4989b201dc1a42c3a6d46ff007fc5e569ff280535ab8e8122a59?s=96&d=mm&r=g","caption":"Micha\u0142 Nowak"},"url":"https:\/\/metropoliagzm.pl\/en\/author\/michal-nowak\/"}]}},"_links":{"self":[{"href":"https:\/\/metropoliagzm.pl\/en\/wp-json\/wp\/v2\/posts\/24341","targetHints":{"allow":["GET"]}}],"collection":[{"href":"https:\/\/metropoliagzm.pl\/en\/wp-json\/wp\/v2\/posts"}],"about":[{"href":"https:\/\/metropoliagzm.pl\/en\/wp-json\/wp\/v2\/types\/post"}],"author":[{"embeddable":true,"href":"https:\/\/metropoliagzm.pl\/en\/wp-json\/wp\/v2\/users\/134"}],"replies":[{"embeddable":true,"href":"https:\/\/metropoliagzm.pl\/en\/wp-json\/wp\/v2\/comments?post=24341"}],"version-history":[{"count":1,"href":"https:\/\/metropoliagzm.pl\/en\/wp-json\/wp\/v2\/posts\/24341\/revisions"}],"predecessor-version":[{"id":24343,"href":"https:\/\/metropoliagzm.pl\/en\/wp-json\/wp\/v2\/posts\/24341\/revisions\/24343"}],"wp:featuredmedia":[{"embeddable":true,"href":"https:\/\/metropoliagzm.pl\/en\/wp-json\/wp\/v2\/media\/24342"}],"wp:attachment":[{"href":"https:\/\/metropoliagzm.pl\/en\/wp-json\/wp\/v2\/media?parent=24341"}],"wp:term":[{"taxonomy":"category","embeddable":true,"href":"https:\/\/metropoliagzm.pl\/en\/wp-json\/wp\/v2\/categories?post=24341"},{"taxonomy":"post_tag","embeddable":true,"href":"https:\/\/metropoliagzm.pl\/en\/wp-json\/wp\/v2\/tags?post=24341"}],"curies":[{"name":"wp","href":"https:\/\/api.w.org\/{rel}","templated":true}]}}