{"id":26498,"date":"2020-07-09T10:35:20","date_gmt":"2020-07-09T08:35:20","guid":{"rendered":"https:\/\/metropoliagzm.pl\/?p=26498"},"modified":"2020-07-09T10:35:21","modified_gmt":"2020-07-09T08:35:21","slug":"w-niedziele-12-lipca-wybieramy-prezydenta-rp","status":"publish","type":"post","link":"https:\/\/metropoliagzm.pl\/en\/2020\/07\/09\/w-niedziele-12-lipca-wybieramy-prezydenta-rp\/","title":{"rendered":"W niedziel\u0119, 12 lipca wybieramy Prezydenta RP"},"content":{"rendered":"<div class=\"pdf-block\"><div class=\"pdfprnt-buttons  pdfprnt-new pdfprnt-buttons-post pdfprnt-top-right\"><div class=\"jssocials-share jssocials-share-twitter\"><a target=\"_blank\" href=\"https:\/\/twitter.com\/share?url=https:\/\/metropoliagzm.pl\/en\/wp-json\/wp\/v2\/posts\/26498;text=26498\" class=\"jssocials-share-link\"><i class=\"fa fa-twitter jssocials-share-logo\"><\/i><\/a><\/div><div class=\"jssocials-share jssocials-share-facebook\"><a target=\"_blank\" href=\"https:\/\/facebook.com\/sharer\/sharer.php?u=https:\/\/metropoliagzm.pl\/en\/wp-json\/wp\/v2\/posts\/26498\" class=\"jssocials-share-link\"><i class=\"fa fa-facebook jssocials-share-logo\"><\/i><\/a><\/div><div class=\"jssocials-share jssocials-share-pinterest\"><a target=\"_blank\" href=\"https:\/\/pinterest.com\/pin\/create\/bookmarklet\/?&amp;url=https:\/\/metropoliagzm.pl\/en\/wp-json\/wp\/v2\/posts\/26498;description=26498\" class=\"jssocials-share-link\"><i class=\"fa fa-pinterest jssocials-share-logo\"><\/i><\/a><\/div><a href=\"https:\/\/metropoliagzm.pl\/en\/wp-json\/wp\/v2\/posts\/26498?print=pdf\" class=\"pdfprnt-button pdfprnt-button-pdf\" target=\"_blank\"><img decoding=\"async\" src=\"https:\/\/metropoliagzm.pl\/wp-content\/plugins\/pdf-print\/images\/pdf.png\" alt=\"image_pdf\" title=\"View PDF\" \/><\/a><a href=\"https:\/\/metropoliagzm.pl\/en\/wp-json\/wp\/v2\/posts\/26498?print=print\" class=\"pdfprnt-button pdfprnt-button-print\" target=\"_blank\"><img decoding=\"async\" src=\"https:\/\/metropoliagzm.pl\/wp-content\/plugins\/pdf-print\/images\/print.png\" alt=\"image_print\" title=\"Print Content\" \/><\/a><\/div><\/div><div class=\"post-block-pdf\"><div class=\"pdfprnt-buttons pdfprnt-buttons-post pdfprnt-top-right\"><a href=\"https:\/\/metropoliagzm.pl\/en\/wp-json\/wp\/v2\/posts\/26498?print=pdf\" class=\"pdfprnt-button pdfprnt-button-pdf\" target=\"_blank\"><img decoding=\"async\" src=\"https:\/\/metropoliagzm.pl\/wp-content\/plugins\/pdf-print\/images\/pdf.png\" alt=\"image_pdf\" title=\"View PDF\" \/><\/a><a href=\"https:\/\/metropoliagzm.pl\/en\/wp-json\/wp\/v2\/posts\/26498?print=print\" class=\"pdfprnt-button pdfprnt-button-print\" target=\"_blank\"><img decoding=\"async\" src=\"https:\/\/metropoliagzm.pl\/wp-content\/plugins\/pdf-print\/images\/print.png\" alt=\"image_print\" title=\"Print Content\" \/><\/a><\/div>\n<p>Przypominamy wa\u017cne informacje i terminy dotycz\u0105ce II tury g\u0142osowania:<\/p>\n\n\n\n<ul class=\"wp-block-list\"><li>Osoby przebywaj\u0105ce na kwarantannie maj\u0105 czas na zg\u0142oszenie g\u0142osowania korespondencyjnego <strong>do 7 lipca<\/strong>, obj\u0119ci kwarantann\u0105 po 7 lipca, <strong>mog\u0105 si\u0119 zg\u0142osi\u0107 do 10 lipca<\/strong>.<\/li><li>Wyborcy, kt\u00f3rzy z\u0142o\u017cyli wniosek o g\u0142osowanie korespondencyjne przed I tur\u0105 wybor\u00f3w, nie mog\u0105 go wycofa\u0107 i zg\u0142osi\u0107 si\u0119 w II turze do g\u0142osowania \u201etradycyjnego\u201d. Wype\u0142niony pakiet zawieraj\u0105cy kart\u0119 do g\u0142osowania i o\u015bwiadczenie o osobistym i tajnym oddaniu g\u0142osu mo\u017cna wys\u0142a\u0107 poczt\u0105 lub przynie\u015b\u0107 go do siedziby urz\u0119du do dnia <strong>10 lipca<\/strong>. Pakiet mo\u017cna r\u00f3wnie\u017c w dniu g\u0142osowania<strong> (12 lipca)<\/strong> przynie\u015b\u0107 do lokalu wyborczego i przekaza\u0107 go komisji.<\/li><li>Mo\u017cna dopisa\u0107 si\u0119 do spisu wyborc\u00f3w w miejscu, gdzie 12 lipca b\u0119dzie si\u0119 przebywa\u0107. Na dopisanie si\u0119 do spisu wyborc\u00f3w jest czas do <strong>7 lipca<\/strong>.<\/li><li>Osoby, kt\u00f3re odebra\u0142y przed I tur\u0105 za\u015bwiadczenie o prawie do g\u0142osowania poza miejscem zamieszkania, otrzyma\u0142y 2 za\u015bwiadczenia \u2013 na I i II tur\u0119. Z za\u015bwiadczeniem mo\u017cna g\u0142osowa\u0107 w ka\u017cdej komisji \u2013 r\u00f3wnie\u017c w swojej \u201emacierzystej\u201d.<\/li><li><strong>Do 10 lipca<\/strong> mo\u017cna odebra\u0107 w urz\u0119dzie za\u015bwiadczenie o prawie do g\u0142osowania w II turze.<\/li><\/ul>\n\n\n\n<p>\u0179r\u00f3d\u0142o: UM D\u0105browa G\u00f3rnicza<\/p>\n\n\n\n<p><\/p>\n<div class=\"post-author\" style=\"font-size:13px\">dabrowa<\/div><\/div>","protected":false},"excerpt":{"rendered":"<p>Przypominamy wa\u017cne informacje i terminy dotycz\u0105ce II tury g\u0142osowania: Osoby przebywaj\u0105ce na kwarantannie maj\u0105 czas na zg\u0142oszenie g\u0142osowania korespondencyjnego do 7 lipca, obj\u0119ci kwarantann\u0105 po 7 lipca, mog\u0105 si\u0119 zg\u0142osi\u0107 do 10 lipca. Wyborcy, kt\u00f3rzy z\u0142o\u017cyli wniosek o g\u0142osowanie korespondencyjne przed I tur\u0105 wybor\u00f3w, nie&#8230;<\/p>","protected":false},"author":97,"featured_media":26499,"comment_status":"closed","ping_status":"closed","sticky":false,"template":"","format":"standard","meta":{"_acf_changed":false,"footnotes":""},"categories":[203,242],"tags":[2023],"class_list":["post-26498","post","type-post","status-publish","format-standard","has-post-thumbnail","hentry","category-dabrowa-gornicza","category-mieszkancy","tag-wybory-na-prezydenta-rp"],"acf":[],"yoast_head":"<!-- This site is optimized with the Yoast SEO plugin v27.4 - https:\/\/yoast.com\/product\/yoast-seo-wordpress\/ -->\n<title>W niedziel\u0119, 12 lipca wybieramy Prezydenta RP - Metropolia GZM<\/title>\n<meta name=\"description\" content=\"Oficjalny portal G\u00f3rno\u015bl\u0105sko-Zag\u0142\u0119biowskiej Metropolii\" \/>\n<meta name=\"robots\" content=\"index, follow, max-snippet:-1, max-image-preview:large, max-video-preview:-1\" \/>\n<link rel=\"canonical\" href=\"https:\/\/metropoliagzm.pl\/en\/2020\/07\/09\/w-niedziele-12-lipca-wybieramy-prezydenta-rp\/\" \/>\n<meta name=\"twitter:card\" content=\"summary_large_image\" \/>\n<meta name=\"twitter:title\" content=\"W niedziel\u0119, 12 lipca wybieramy Prezydenta RP - Metropolia GZM\" \/>\n<meta name=\"twitter:description\" content=\"Oficjalny portal G\u00f3rno\u015bl\u0105sko-Zag\u0142\u0119biowskiej Metropolii\" \/>\n<meta name=\"twitter:image\" content=\"https:\/\/metropoliagzm.pl\/wp-content\/uploads\/2020\/07\/voting-4748918-960-720.png\" \/>\n<meta name=\"twitter:label1\" content=\"Written by\" \/>\n\t<meta name=\"twitter:data1\" content=\"dabrowa\" \/>\n\t<meta name=\"twitter:label2\" content=\"Estimated reading time\" \/>\n\t<meta name=\"twitter:data2\" content=\"1 minute\" \/>\n<script type=\"application\/ld+json\" class=\"yoast-schema-graph\">{\"@context\":\"https:\\\/\\\/schema.org\",\"@graph\":[{\"@type\":\"Article\",\"@id\":\"https:\\\/\\\/metropoliagzm.pl\\\/2020\\\/07\\\/09\\\/w-niedziele-12-lipca-wybieramy-prezydenta-rp\\\/#article\",\"isPartOf\":{\"@id\":\"https:\\\/\\\/metropoliagzm.pl\\\/2020\\\/07\\\/09\\\/w-niedziele-12-lipca-wybieramy-prezydenta-rp\\\/\"},\"author\":{\"name\":\"dabrowa\",\"@id\":\"https:\\\/\\\/metropoliagzm.pl\\\/en\\\/#\\\/schema\\\/person\\\/1cd816c9743df855511bb0a2854862dc\"},\"headline\":\"W niedziel\u0119, 12 lipca wybieramy Prezydenta RP\",\"datePublished\":\"2020-07-09T08:35:20+00:00\",\"dateModified\":\"2020-07-09T08:35:21+00:00\",\"mainEntityOfPage\":{\"@id\":\"https:\\\/\\\/metropoliagzm.pl\\\/2020\\\/07\\\/09\\\/w-niedziele-12-lipca-wybieramy-prezydenta-rp\\\/\"},\"wordCount\":223,\"publisher\":{\"@id\":\"https:\\\/\\\/metropoliagzm.pl\\\/en\\\/#organization\"},\"image\":{\"@id\":\"https:\\\/\\\/metropoliagzm.pl\\\/2020\\\/07\\\/09\\\/w-niedziele-12-lipca-wybieramy-prezydenta-rp\\\/#primaryimage\"},\"thumbnailUrl\":\"https:\\\/\\\/metropoliagzm.pl\\\/wp-content\\\/uploads\\\/2020\\\/07\\\/voting-4748918-960-720.png\",\"keywords\":[\"wybory na Prezydenta RP\"],\"articleSection\":[\"D\u0105browa G\u00f3rnicza\",\"Mieszka\u0144cy\"],\"inLanguage\":\"en-GB\"},{\"@type\":\"WebPage\",\"@id\":\"https:\\\/\\\/metropoliagzm.pl\\\/2020\\\/07\\\/09\\\/w-niedziele-12-lipca-wybieramy-prezydenta-rp\\\/\",\"url\":\"https:\\\/\\\/metropoliagzm.pl\\\/2020\\\/07\\\/09\\\/w-niedziele-12-lipca-wybieramy-prezydenta-rp\\\/\",\"name\":\"W niedziel\u0119, 12 lipca wybieramy Prezydenta RP - Metropolia GZM\",\"isPartOf\":{\"@id\":\"https:\\\/\\\/metropoliagzm.pl\\\/en\\\/#website\"},\"primaryImageOfPage\":{\"@id\":\"https:\\\/\\\/metropoliagzm.pl\\\/2020\\\/07\\\/09\\\/w-niedziele-12-lipca-wybieramy-prezydenta-rp\\\/#primaryimage\"},\"image\":{\"@id\":\"https:\\\/\\\/metropoliagzm.pl\\\/2020\\\/07\\\/09\\\/w-niedziele-12-lipca-wybieramy-prezydenta-rp\\\/#primaryimage\"},\"thumbnailUrl\":\"https:\\\/\\\/metropoliagzm.pl\\\/wp-content\\\/uploads\\\/2020\\\/07\\\/voting-4748918-960-720.png\",\"datePublished\":\"2020-07-09T08:35:20+00:00\",\"dateModified\":\"2020-07-09T08:35:21+00:00\",\"description\":\"Oficjalny portal G\u00f3rno\u015bl\u0105sko-Zag\u0142\u0119biowskiej Metropolii\",\"breadcrumb\":{\"@id\":\"https:\\\/\\\/metropoliagzm.pl\\\/2020\\\/07\\\/09\\\/w-niedziele-12-lipca-wybieramy-prezydenta-rp\\\/#breadcrumb\"},\"inLanguage\":\"en-GB\",\"potentialAction\":[{\"@type\":\"ReadAction\",\"target\":[\"https:\\\/\\\/metropoliagzm.pl\\\/2020\\\/07\\\/09\\\/w-niedziele-12-lipca-wybieramy-prezydenta-rp\\\/\"]}]},{\"@type\":\"ImageObject\",\"inLanguage\":\"en-GB\",\"@id\":\"https:\\\/\\\/metropoliagzm.pl\\\/2020\\\/07\\\/09\\\/w-niedziele-12-lipca-wybieramy-prezydenta-rp\\\/#primaryimage\",\"url\":\"https:\\\/\\\/metropoliagzm.pl\\\/wp-content\\\/uploads\\\/2020\\\/07\\\/voting-4748918-960-720.png\",\"contentUrl\":\"https:\\\/\\\/metropoliagzm.pl\\\/wp-content\\\/uploads\\\/2020\\\/07\\\/voting-4748918-960-720.png\",\"width\":960,\"height\":633},{\"@type\":\"BreadcrumbList\",\"@id\":\"https:\\\/\\\/metropoliagzm.pl\\\/2020\\\/07\\\/09\\\/w-niedziele-12-lipca-wybieramy-prezydenta-rp\\\/#breadcrumb\",\"itemListElement\":[{\"@type\":\"ListItem\",\"position\":1,\"name\":\"Strona g\u0142\u00f3wna\",\"item\":\"https:\\\/\\\/metropoliagzm.pl\\\/\"},{\"@type\":\"ListItem\",\"position\":2,\"name\":\"W niedziel\u0119, 12 lipca wybieramy Prezydenta RP\"}]},{\"@type\":\"WebSite\",\"@id\":\"https:\\\/\\\/metropoliagzm.pl\\\/en\\\/#website\",\"url\":\"https:\\\/\\\/metropoliagzm.pl\\\/en\\\/\",\"name\":\"Metropolia GZM\",\"description\":\"Oficjalny portal G\u00f3rno\u015bl\u0105sko-Zag\u0142\u0119biowskiej Metropolii\",\"publisher\":{\"@id\":\"https:\\\/\\\/metropoliagzm.pl\\\/en\\\/#organization\"},\"potentialAction\":[{\"@type\":\"SearchAction\",\"target\":{\"@type\":\"EntryPoint\",\"urlTemplate\":\"https:\\\/\\\/metropoliagzm.pl\\\/en\\\/?s={search_term_string}\"},\"query-input\":{\"@type\":\"PropertyValueSpecification\",\"valueRequired\":true,\"valueName\":\"search_term_string\"}}],\"inLanguage\":\"en-GB\"},{\"@type\":\"Organization\",\"@id\":\"https:\\\/\\\/metropoliagzm.pl\\\/en\\\/#organization\",\"name\":\"Metropolia GZM\",\"url\":\"https:\\\/\\\/metropoliagzm.pl\\\/en\\\/\",\"logo\":{\"@type\":\"ImageObject\",\"inLanguage\":\"en-GB\",\"@id\":\"https:\\\/\\\/metropoliagzm.pl\\\/en\\\/#\\\/schema\\\/logo\\\/image\\\/\",\"url\":\"https:\\\/\\\/metropoliagzm.pl\\\/wp-content\\\/uploads\\\/2019\\\/03\\\/Sygnet-strona-glowna.png\",\"contentUrl\":\"https:\\\/\\\/metropoliagzm.pl\\\/wp-content\\\/uploads\\\/2019\\\/03\\\/Sygnet-strona-glowna.png\",\"width\":36,\"height\":45,\"caption\":\"Metropolia GZM\"},\"image\":{\"@id\":\"https:\\\/\\\/metropoliagzm.pl\\\/en\\\/#\\\/schema\\\/logo\\\/image\\\/\"}},{\"@type\":\"Person\",\"@id\":\"https:\\\/\\\/metropoliagzm.pl\\\/en\\\/#\\\/schema\\\/person\\\/1cd816c9743df855511bb0a2854862dc\",\"name\":\"dabrowa\",\"image\":{\"@type\":\"ImageObject\",\"inLanguage\":\"en-GB\",\"@id\":\"https:\\\/\\\/secure.gravatar.com\\\/avatar\\\/d58457fea4961c0aad07feb161f078591399365d64069fd5aa53d8f4a4e11f5f?s=96&d=mm&r=g\",\"url\":\"https:\\\/\\\/secure.gravatar.com\\\/avatar\\\/d58457fea4961c0aad07feb161f078591399365d64069fd5aa53d8f4a4e11f5f?s=96&d=mm&r=g\",\"contentUrl\":\"https:\\\/\\\/secure.gravatar.com\\\/avatar\\\/d58457fea4961c0aad07feb161f078591399365d64069fd5aa53d8f4a4e11f5f?s=96&d=mm&r=g\",\"caption\":\"dabrowa\"},\"sameAs\":[\"http:\\\/\\\/dabrowa-gornicza.pl\",\"https:\\\/\\\/www.facebook.com\\\/MiastoDabrowaGornicza\"],\"url\":\"https:\\\/\\\/metropoliagzm.pl\\\/en\\\/author\\\/dabrowa\\\/\"}]}<\/script>\n<!-- \/ Yoast SEO plugin. -->","yoast_head_json":{"title":"W niedziel\u0119, 12 lipca wybieramy Prezydenta RP - Metropolia GZM","description":"Oficjalny portal G\u00f3rno\u015bl\u0105sko-Zag\u0142\u0119biowskiej Metropolii","robots":{"index":"index","follow":"follow","max-snippet":"max-snippet:-1","max-image-preview":"max-image-preview:large","max-video-preview":"max-video-preview:-1"},"canonical":"https:\/\/metropoliagzm.pl\/en\/2020\/07\/09\/w-niedziele-12-lipca-wybieramy-prezydenta-rp\/","twitter_card":"summary_large_image","twitter_title":"W niedziel\u0119, 12 lipca wybieramy Prezydenta RP - Metropolia GZM","twitter_description":"Oficjalny portal G\u00f3rno\u015bl\u0105sko-Zag\u0142\u0119biowskiej Metropolii","twitter_image":"https:\/\/metropoliagzm.pl\/wp-content\/uploads\/2020\/07\/voting-4748918-960-720.png","twitter_misc":{"Written by":"dabrowa","Estimated reading time":"1 minute"},"schema":{"@context":"https:\/\/schema.org","@graph":[{"@type":"Article","@id":"https:\/\/metropoliagzm.pl\/2020\/07\/09\/w-niedziele-12-lipca-wybieramy-prezydenta-rp\/#article","isPartOf":{"@id":"https:\/\/metropoliagzm.pl\/2020\/07\/09\/w-niedziele-12-lipca-wybieramy-prezydenta-rp\/"},"author":{"name":"dabrowa","@id":"https:\/\/metropoliagzm.pl\/en\/#\/schema\/person\/1cd816c9743df855511bb0a2854862dc"},"headline":"W niedziel\u0119, 12 lipca wybieramy Prezydenta RP","datePublished":"2020-07-09T08:35:20+00:00","dateModified":"2020-07-09T08:35:21+00:00","mainEntityOfPage":{"@id":"https:\/\/metropoliagzm.pl\/2020\/07\/09\/w-niedziele-12-lipca-wybieramy-prezydenta-rp\/"},"wordCount":223,"publisher":{"@id":"https:\/\/metropoliagzm.pl\/en\/#organization"},"image":{"@id":"https:\/\/metropoliagzm.pl\/2020\/07\/09\/w-niedziele-12-lipca-wybieramy-prezydenta-rp\/#primaryimage"},"thumbnailUrl":"https:\/\/metropoliagzm.pl\/wp-content\/uploads\/2020\/07\/voting-4748918-960-720.png","keywords":["wybory na Prezydenta RP"],"articleSection":["D\u0105browa G\u00f3rnicza","Mieszka\u0144cy"],"inLanguage":"en-GB"},{"@type":"WebPage","@id":"https:\/\/metropoliagzm.pl\/2020\/07\/09\/w-niedziele-12-lipca-wybieramy-prezydenta-rp\/","url":"https:\/\/metropoliagzm.pl\/2020\/07\/09\/w-niedziele-12-lipca-wybieramy-prezydenta-rp\/","name":"W niedziel\u0119, 12 lipca wybieramy Prezydenta RP - Metropolia GZM","isPartOf":{"@id":"https:\/\/metropoliagzm.pl\/en\/#website"},"primaryImageOfPage":{"@id":"https:\/\/metropoliagzm.pl\/2020\/07\/09\/w-niedziele-12-lipca-wybieramy-prezydenta-rp\/#primaryimage"},"image":{"@id":"https:\/\/metropoliagzm.pl\/2020\/07\/09\/w-niedziele-12-lipca-wybieramy-prezydenta-rp\/#primaryimage"},"thumbnailUrl":"https:\/\/metropoliagzm.pl\/wp-content\/uploads\/2020\/07\/voting-4748918-960-720.png","datePublished":"2020-07-09T08:35:20+00:00","dateModified":"2020-07-09T08:35:21+00:00","description":"Oficjalny portal G\u00f3rno\u015bl\u0105sko-Zag\u0142\u0119biowskiej Metropolii","breadcrumb":{"@id":"https:\/\/metropoliagzm.pl\/2020\/07\/09\/w-niedziele-12-lipca-wybieramy-prezydenta-rp\/#breadcrumb"},"inLanguage":"en-GB","potentialAction":[{"@type":"ReadAction","target":["https:\/\/metropoliagzm.pl\/2020\/07\/09\/w-niedziele-12-lipca-wybieramy-prezydenta-rp\/"]}]},{"@type":"ImageObject","inLanguage":"en-GB","@id":"https:\/\/metropoliagzm.pl\/2020\/07\/09\/w-niedziele-12-lipca-wybieramy-prezydenta-rp\/#primaryimage","url":"https:\/\/metropoliagzm.pl\/wp-content\/uploads\/2020\/07\/voting-4748918-960-720.png","contentUrl":"https:\/\/metropoliagzm.pl\/wp-content\/uploads\/2020\/07\/voting-4748918-960-720.png","width":960,"height":633},{"@type":"BreadcrumbList","@id":"https:\/\/metropoliagzm.pl\/2020\/07\/09\/w-niedziele-12-lipca-wybieramy-prezydenta-rp\/#breadcrumb","itemListElement":[{"@type":"ListItem","position":1,"name":"Strona g\u0142\u00f3wna","item":"https:\/\/metropoliagzm.pl\/"},{"@type":"ListItem","position":2,"name":"W niedziel\u0119, 12 lipca wybieramy Prezydenta RP"}]},{"@type":"WebSite","@id":"https:\/\/metropoliagzm.pl\/en\/#website","url":"https:\/\/metropoliagzm.pl\/en\/","name":"Metropolia GZM","description":"Oficjalny portal G\u00f3rno\u015bl\u0105sko-Zag\u0142\u0119biowskiej Metropolii","publisher":{"@id":"https:\/\/metropoliagzm.pl\/en\/#organization"},"potentialAction":[{"@type":"SearchAction","target":{"@type":"EntryPoint","urlTemplate":"https:\/\/metropoliagzm.pl\/en\/?s={search_term_string}"},"query-input":{"@type":"PropertyValueSpecification","valueRequired":true,"valueName":"search_term_string"}}],"inLanguage":"en-GB"},{"@type":"Organization","@id":"https:\/\/metropoliagzm.pl\/en\/#organization","name":"Metropolia GZM","url":"https:\/\/metropoliagzm.pl\/en\/","logo":{"@type":"ImageObject","inLanguage":"en-GB","@id":"https:\/\/metropoliagzm.pl\/en\/#\/schema\/logo\/image\/","url":"https:\/\/metropoliagzm.pl\/wp-content\/uploads\/2019\/03\/Sygnet-strona-glowna.png","contentUrl":"https:\/\/metropoliagzm.pl\/wp-content\/uploads\/2019\/03\/Sygnet-strona-glowna.png","width":36,"height":45,"caption":"Metropolia GZM"},"image":{"@id":"https:\/\/metropoliagzm.pl\/en\/#\/schema\/logo\/image\/"}},{"@type":"Person","@id":"https:\/\/metropoliagzm.pl\/en\/#\/schema\/person\/1cd816c9743df855511bb0a2854862dc","name":"dabrowa","image":{"@type":"ImageObject","inLanguage":"en-GB","@id":"https:\/\/secure.gravatar.com\/avatar\/d58457fea4961c0aad07feb161f078591399365d64069fd5aa53d8f4a4e11f5f?s=96&d=mm&r=g","url":"https:\/\/secure.gravatar.com\/avatar\/d58457fea4961c0aad07feb161f078591399365d64069fd5aa53d8f4a4e11f5f?s=96&d=mm&r=g","contentUrl":"https:\/\/secure.gravatar.com\/avatar\/d58457fea4961c0aad07feb161f078591399365d64069fd5aa53d8f4a4e11f5f?s=96&d=mm&r=g","caption":"dabrowa"},"sameAs":["http:\/\/dabrowa-gornicza.pl","https:\/\/www.facebook.com\/MiastoDabrowaGornicza"],"url":"https:\/\/metropoliagzm.pl\/en\/author\/dabrowa\/"}]}},"_links":{"self":[{"href":"https:\/\/metropoliagzm.pl\/en\/wp-json\/wp\/v2\/posts\/26498","targetHints":{"allow":["GET"]}}],"collection":[{"href":"https:\/\/metropoliagzm.pl\/en\/wp-json\/wp\/v2\/posts"}],"about":[{"href":"https:\/\/metropoliagzm.pl\/en\/wp-json\/wp\/v2\/types\/post"}],"author":[{"embeddable":true,"href":"https:\/\/metropoliagzm.pl\/en\/wp-json\/wp\/v2\/users\/97"}],"replies":[{"embeddable":true,"href":"https:\/\/metropoliagzm.pl\/en\/wp-json\/wp\/v2\/comments?post=26498"}],"version-history":[{"count":2,"href":"https:\/\/metropoliagzm.pl\/en\/wp-json\/wp\/v2\/posts\/26498\/revisions"}],"predecessor-version":[{"id":26541,"href":"https:\/\/metropoliagzm.pl\/en\/wp-json\/wp\/v2\/posts\/26498\/revisions\/26541"}],"wp:featuredmedia":[{"embeddable":true,"href":"https:\/\/metropoliagzm.pl\/en\/wp-json\/wp\/v2\/media\/26499"}],"wp:attachment":[{"href":"https:\/\/metropoliagzm.pl\/en\/wp-json\/wp\/v2\/media?parent=26498"}],"wp:term":[{"taxonomy":"category","embeddable":true,"href":"https:\/\/metropoliagzm.pl\/en\/wp-json\/wp\/v2\/categories?post=26498"},{"taxonomy":"post_tag","embeddable":true,"href":"https:\/\/metropoliagzm.pl\/en\/wp-json\/wp\/v2\/tags?post=26498"}],"curies":[{"name":"wp","href":"https:\/\/api.w.org\/{rel}","templated":true}]}}