{"id":27304,"date":"2020-07-29T11:14:28","date_gmt":"2020-07-29T09:14:28","guid":{"rendered":"https:\/\/metropoliagzm.pl\/?p=27304"},"modified":"2020-07-29T11:14:29","modified_gmt":"2020-07-29T09:14:29","slug":"oswiadczenie-wladz-rudy-slaskiej","status":"publish","type":"post","link":"https:\/\/metropoliagzm.pl\/en\/2020\/07\/29\/oswiadczenie-wladz-rudy-slaskiej\/","title":{"rendered":"O\u015bwiadczenie w\u0142adz Rudy \u015al\u0105skiej"},"content":{"rendered":"<div class=\"pdf-block\"><div class=\"pdfprnt-buttons  pdfprnt-new pdfprnt-buttons-post pdfprnt-top-right\"><div class=\"jssocials-share jssocials-share-twitter\"><a target=\"_blank\" href=\"https:\/\/twitter.com\/share?url=https:\/\/metropoliagzm.pl\/en\/wp-json\/wp\/v2\/posts\/27304;text=27304\" class=\"jssocials-share-link\"><i class=\"fa fa-twitter jssocials-share-logo\"><\/i><\/a><\/div><div class=\"jssocials-share jssocials-share-facebook\"><a target=\"_blank\" href=\"https:\/\/facebook.com\/sharer\/sharer.php?u=https:\/\/metropoliagzm.pl\/en\/wp-json\/wp\/v2\/posts\/27304\" class=\"jssocials-share-link\"><i class=\"fa fa-facebook jssocials-share-logo\"><\/i><\/a><\/div><div class=\"jssocials-share jssocials-share-pinterest\"><a target=\"_blank\" href=\"https:\/\/pinterest.com\/pin\/create\/bookmarklet\/?&amp;url=https:\/\/metropoliagzm.pl\/en\/wp-json\/wp\/v2\/posts\/27304;description=27304\" class=\"jssocials-share-link\"><i class=\"fa fa-pinterest jssocials-share-logo\"><\/i><\/a><\/div><a href=\"https:\/\/metropoliagzm.pl\/en\/wp-json\/wp\/v2\/posts\/27304?print=pdf\" class=\"pdfprnt-button pdfprnt-button-pdf\" target=\"_blank\"><img decoding=\"async\" src=\"https:\/\/metropoliagzm.pl\/wp-content\/plugins\/pdf-print\/images\/pdf.png\" alt=\"image_pdf\" title=\"View PDF\" \/><\/a><a href=\"https:\/\/metropoliagzm.pl\/en\/wp-json\/wp\/v2\/posts\/27304?print=print\" class=\"pdfprnt-button pdfprnt-button-print\" target=\"_blank\"><img decoding=\"async\" src=\"https:\/\/metropoliagzm.pl\/wp-content\/plugins\/pdf-print\/images\/print.png\" alt=\"image_print\" title=\"Print Content\" \/><\/a><\/div><\/div><div class=\"post-block-pdf\"><div class=\"pdfprnt-buttons pdfprnt-buttons-post pdfprnt-top-right\"><a href=\"https:\/\/metropoliagzm.pl\/en\/wp-json\/wp\/v2\/posts\/27304?print=pdf\" class=\"pdfprnt-button pdfprnt-button-pdf\" target=\"_blank\"><img decoding=\"async\" src=\"https:\/\/metropoliagzm.pl\/wp-content\/plugins\/pdf-print\/images\/pdf.png\" alt=\"image_pdf\" title=\"View PDF\" \/><\/a><a href=\"https:\/\/metropoliagzm.pl\/en\/wp-json\/wp\/v2\/posts\/27304?print=print\" class=\"pdfprnt-button pdfprnt-button-print\" target=\"_blank\"><img decoding=\"async\" src=\"https:\/\/metropoliagzm.pl\/wp-content\/plugins\/pdf-print\/images\/print.png\" alt=\"image_print\" title=\"Print Content\" \/><\/a><\/div>\n<p><strong>W ostatnich latach przedstawiciele rz\u0105du razem z\u00a0prezydentem wielokrotnie zapewniali, \u017ce polskie g\u00f3rnictwo jeszcze przez wiele lat b\u0119dzie filarem naszej gospodarki. \u015awie\u017co mamy w\u00a0pami\u0119ci wypowied\u017a prezydenta Andrzeja Dudy, kt\u00f3ry podczas jednej z\u00a0Barb\u00f3rek powiedzia\u0142, \u017ce dop\u00f3ki on b\u0119dzie sprawowa\u0142 ten urz\u0105d, nie pozwoli, by ktokolwiek \u201ezamordowa\u0142\u201d polskie g\u00f3rnictwo. Dlatego z\u00a0wielkim zaskoczeniem przyj\u0119li\u015bmy informacj\u0119 o\u00a0planie ca\u0142kowitego zamkni\u0119cia KWK Ruda i\u00a0Wujek. Wielu g\u00f3rnik\u00f3w oraz cz\u0142onk\u00f3w ich rodzin czuje si\u0119 dzi\u015b oszukanych. My, w\u0142adze samorz\u0105dowe Rudy \u015al\u0105skiej, r\u00f3wnie\u017c tak si\u0119 czujemy, zw\u0142aszcza, \u017ce dowiedzieli\u015bmy si\u0119 o\u00a0tym z\u00a0doniesie\u0144 medialnych, a\u00a0rozmowy w\u00a0tej sprawie tocz\u0105 si\u0119 za zamkni\u0119tymi drzwiami, bez udzia\u0142u strony samorz\u0105dowej.<\/strong><\/p>\n\n\n\n<p>Dzi\u015b trudno sobie wyobrazi\u0107, jakie konsekwencje dla miasta b\u0119dzie mie\u0107 decyzja o&nbsp; zamkni\u0119ciu kopalni. Niew\u0105tpliwie odczujemy to bardzo bole\u015bnie. Z&nbsp;jednej strony mniejsze dochody bud\u017cetu miasta, a&nbsp;z&nbsp;drugiej pi\u0119trz\u0105ce si\u0119 problemy spo\u0142eczne zwi\u0105zane ze zwolnieniami g\u00f3rnik\u00f3w sprawi\u0105, \u017ce b\u0119d\u0105 nas czeka\u0107 bardzo trudne miesi\u0105ce. Trzeba pami\u0119ta\u0107 o&nbsp;tym, \u017ce dla wielu g\u00f3rnik\u00f3w \u201egruba\u201d jest ca\u0142ym ich \u015bwiatem. Trudno b\u0119dzie im si\u0119 odnale\u017a\u0107 w&nbsp;nowej rzeczywisto\u015bci. Proponowane im odprawy nie rozwi\u0105\u017c\u0105 ich problem\u00f3w. Byli\u015bmy tego \u015bwiadkami pod koniec lat 90-tych ubieg\u0142ego stulecia.<\/p>\n\n\n\n<p>Podobnie, jak strona spo\u0142eczna uwa\u017camy, \u017ce nie mo\u017cna podejmowa\u0107 decyzji o\u00a0likwidacji dw\u00f3ch kopal\u0144 bez opracowania programu transformacji ca\u0142ego regionu. Oczekujemy, \u017ce do rozm\u00f3w w\u00a0tej sprawie, opr\u00f3cz zwi\u0105zk\u00f3w zawodowych dzia\u0142aj\u0105cych w\u00a0Polskiej Grupie G\u00f3rniczej, zostan\u0105 r\u00f3wnie\u017c zaproszone samorz\u0105dy, kt\u00f3re w\u00a0du\u017cym stopniu b\u0119d\u0105 musia\u0142y poradzi\u0107 sobie ze spo\u0142ecznymi skutkami restrukturyzacji najwi\u0119kszej sp\u00f3\u0142ki g\u00f3rniczej w\u00a0Unii Europejskiej.<\/p>\n\n\n\n<p>\u0179r\u00f3d\u0142o: UM Ruda \u015al\u0105ska<\/p>\n<div class=\"post-author\" style=\"font-size:13px\">Witold Tr\u00f3lka<\/div><\/div>","protected":false},"excerpt":{"rendered":"<p>W ostatnich latach przedstawiciele rz\u0105du razem z\u00a0prezydentem wielokrotnie zapewniali, \u017ce polskie g\u00f3rnictwo jeszcze przez wiele lat b\u0119dzie filarem naszej gospodarki. \u015awie\u017co mamy w\u00a0pami\u0119ci wypowied\u017a prezydenta Andrzeja Dudy, kt\u00f3ry podczas jednej z\u00a0Barb\u00f3rek powiedzia\u0142, \u017ce dop\u00f3ki on b\u0119dzie sprawowa\u0142 ten urz\u0105d, nie pozwoli, by ktokolwiek \u201ezamordowa\u0142\u201d polskie&#8230;<\/p>","protected":false},"author":140,"featured_media":27305,"comment_status":"closed","ping_status":"closed","sticky":false,"template":"","format":"standard","meta":{"_acf_changed":false,"footnotes":""},"categories":[239,221],"tags":[1286,661],"class_list":["post-27304","post","type-post","status-publish","format-standard","has-post-thumbnail","hentry","category-gospodarka-i-inwestycje","category-ruda-slaska","tag-gornictwo","tag-rynek-pracy"],"acf":[],"yoast_head":"<!-- This site is optimized with the Yoast SEO plugin v27.4 - https:\/\/yoast.com\/product\/yoast-seo-wordpress\/ -->\n<title>O\u015bwiadczenie w\u0142adz Rudy \u015al\u0105skiej - Metropolia GZM<\/title>\n<meta name=\"description\" content=\"Oficjalny portal G\u00f3rno\u015bl\u0105sko-Zag\u0142\u0119biowskiej Metropolii\" \/>\n<meta name=\"robots\" content=\"index, follow, max-snippet:-1, max-image-preview:large, max-video-preview:-1\" \/>\n<link rel=\"canonical\" href=\"https:\/\/metropoliagzm.pl\/en\/2020\/07\/29\/oswiadczenie-wladz-rudy-slaskiej\/\" \/>\n<meta name=\"twitter:card\" content=\"summary_large_image\" \/>\n<meta name=\"twitter:title\" content=\"O\u015bwiadczenie w\u0142adz Rudy \u015al\u0105skiej - Metropolia GZM\" \/>\n<meta name=\"twitter:description\" content=\"Oficjalny portal G\u00f3rno\u015bl\u0105sko-Zag\u0142\u0119biowskiej Metropolii\" \/>\n<meta name=\"twitter:image\" content=\"https:\/\/metropoliagzm.pl\/wp-content\/uploads\/2020\/07\/gruba-3.jpg\" \/>\n<meta name=\"twitter:label1\" content=\"Written by\" \/>\n\t<meta name=\"twitter:data1\" content=\"Witold Tr\u00f3lka\" \/>\n\t<meta name=\"twitter:label2\" content=\"Estimated reading time\" \/>\n\t<meta name=\"twitter:data2\" content=\"2 minutes\" \/>\n<script type=\"application\/ld+json\" class=\"yoast-schema-graph\">{\"@context\":\"https:\\\/\\\/schema.org\",\"@graph\":[{\"@type\":\"Article\",\"@id\":\"https:\\\/\\\/metropoliagzm.pl\\\/en\\\/2020\\\/07\\\/29\\\/oswiadczenie-wladz-rudy-slaskiej\\\/#article\",\"isPartOf\":{\"@id\":\"https:\\\/\\\/metropoliagzm.pl\\\/en\\\/2020\\\/07\\\/29\\\/oswiadczenie-wladz-rudy-slaskiej\\\/\"},\"author\":{\"name\":\"Witold Tr\u00f3lka\",\"@id\":\"https:\\\/\\\/metropoliagzm.pl\\\/en\\\/#\\\/schema\\\/person\\\/96e19c492916cfe1ba595fd2f60d95b8\"},\"headline\":\"O\u015bwiadczenie w\u0142adz Rudy \u015al\u0105skiej\",\"datePublished\":\"2020-07-29T09:14:28+00:00\",\"dateModified\":\"2020-07-29T09:14:29+00:00\",\"mainEntityOfPage\":{\"@id\":\"https:\\\/\\\/metropoliagzm.pl\\\/en\\\/2020\\\/07\\\/29\\\/oswiadczenie-wladz-rudy-slaskiej\\\/\"},\"wordCount\":336,\"publisher\":{\"@id\":\"https:\\\/\\\/metropoliagzm.pl\\\/en\\\/#organization\"},\"image\":{\"@id\":\"https:\\\/\\\/metropoliagzm.pl\\\/en\\\/2020\\\/07\\\/29\\\/oswiadczenie-wladz-rudy-slaskiej\\\/#primaryimage\"},\"thumbnailUrl\":\"https:\\\/\\\/metropoliagzm.pl\\\/wp-content\\\/uploads\\\/2020\\\/07\\\/gruba-3.jpg\",\"keywords\":[\"g\u00f3rnictwo\",\"Rynek pracy\"],\"articleSection\":[\"Gospodarka i Inwestycje\",\"Ruda \u015al\u0105ska\"],\"inLanguage\":\"en-GB\"},{\"@type\":\"WebPage\",\"@id\":\"https:\\\/\\\/metropoliagzm.pl\\\/en\\\/2020\\\/07\\\/29\\\/oswiadczenie-wladz-rudy-slaskiej\\\/\",\"url\":\"https:\\\/\\\/metropoliagzm.pl\\\/en\\\/2020\\\/07\\\/29\\\/oswiadczenie-wladz-rudy-slaskiej\\\/\",\"name\":\"O\u015bwiadczenie w\u0142adz Rudy \u015al\u0105skiej - Metropolia GZM\",\"isPartOf\":{\"@id\":\"https:\\\/\\\/metropoliagzm.pl\\\/en\\\/#website\"},\"primaryImageOfPage\":{\"@id\":\"https:\\\/\\\/metropoliagzm.pl\\\/en\\\/2020\\\/07\\\/29\\\/oswiadczenie-wladz-rudy-slaskiej\\\/#primaryimage\"},\"image\":{\"@id\":\"https:\\\/\\\/metropoliagzm.pl\\\/en\\\/2020\\\/07\\\/29\\\/oswiadczenie-wladz-rudy-slaskiej\\\/#primaryimage\"},\"thumbnailUrl\":\"https:\\\/\\\/metropoliagzm.pl\\\/wp-content\\\/uploads\\\/2020\\\/07\\\/gruba-3.jpg\",\"datePublished\":\"2020-07-29T09:14:28+00:00\",\"dateModified\":\"2020-07-29T09:14:29+00:00\",\"description\":\"Oficjalny portal G\u00f3rno\u015bl\u0105sko-Zag\u0142\u0119biowskiej Metropolii\",\"breadcrumb\":{\"@id\":\"https:\\\/\\\/metropoliagzm.pl\\\/en\\\/2020\\\/07\\\/29\\\/oswiadczenie-wladz-rudy-slaskiej\\\/#breadcrumb\"},\"inLanguage\":\"en-GB\",\"potentialAction\":[{\"@type\":\"ReadAction\",\"target\":[\"https:\\\/\\\/metropoliagzm.pl\\\/en\\\/2020\\\/07\\\/29\\\/oswiadczenie-wladz-rudy-slaskiej\\\/\"]}]},{\"@type\":\"ImageObject\",\"inLanguage\":\"en-GB\",\"@id\":\"https:\\\/\\\/metropoliagzm.pl\\\/en\\\/2020\\\/07\\\/29\\\/oswiadczenie-wladz-rudy-slaskiej\\\/#primaryimage\",\"url\":\"https:\\\/\\\/metropoliagzm.pl\\\/wp-content\\\/uploads\\\/2020\\\/07\\\/gruba-3.jpg\",\"contentUrl\":\"https:\\\/\\\/metropoliagzm.pl\\\/wp-content\\\/uploads\\\/2020\\\/07\\\/gruba-3.jpg\",\"width\":1200,\"height\":726,\"caption\":\"Foto: Metropolia GZM\"},{\"@type\":\"BreadcrumbList\",\"@id\":\"https:\\\/\\\/metropoliagzm.pl\\\/en\\\/2020\\\/07\\\/29\\\/oswiadczenie-wladz-rudy-slaskiej\\\/#breadcrumb\",\"itemListElement\":[{\"@type\":\"ListItem\",\"position\":1,\"name\":\"Strona g\u0142\u00f3wna\",\"item\":\"https:\\\/\\\/metropoliagzm.pl\\\/\"},{\"@type\":\"ListItem\",\"position\":2,\"name\":\"O\u015bwiadczenie w\u0142adz Rudy \u015al\u0105skiej\"}]},{\"@type\":\"WebSite\",\"@id\":\"https:\\\/\\\/metropoliagzm.pl\\\/en\\\/#website\",\"url\":\"https:\\\/\\\/metropoliagzm.pl\\\/en\\\/\",\"name\":\"Metropolia GZM\",\"description\":\"Oficjalny portal G\u00f3rno\u015bl\u0105sko-Zag\u0142\u0119biowskiej Metropolii\",\"publisher\":{\"@id\":\"https:\\\/\\\/metropoliagzm.pl\\\/en\\\/#organization\"},\"potentialAction\":[{\"@type\":\"SearchAction\",\"target\":{\"@type\":\"EntryPoint\",\"urlTemplate\":\"https:\\\/\\\/metropoliagzm.pl\\\/en\\\/?s={search_term_string}\"},\"query-input\":{\"@type\":\"PropertyValueSpecification\",\"valueRequired\":true,\"valueName\":\"search_term_string\"}}],\"inLanguage\":\"en-GB\"},{\"@type\":\"Organization\",\"@id\":\"https:\\\/\\\/metropoliagzm.pl\\\/en\\\/#organization\",\"name\":\"Metropolia GZM\",\"url\":\"https:\\\/\\\/metropoliagzm.pl\\\/en\\\/\",\"logo\":{\"@type\":\"ImageObject\",\"inLanguage\":\"en-GB\",\"@id\":\"https:\\\/\\\/metropoliagzm.pl\\\/en\\\/#\\\/schema\\\/logo\\\/image\\\/\",\"url\":\"https:\\\/\\\/metropoliagzm.pl\\\/wp-content\\\/uploads\\\/2019\\\/03\\\/Sygnet-strona-glowna.png\",\"contentUrl\":\"https:\\\/\\\/metropoliagzm.pl\\\/wp-content\\\/uploads\\\/2019\\\/03\\\/Sygnet-strona-glowna.png\",\"width\":36,\"height\":45,\"caption\":\"Metropolia GZM\"},\"image\":{\"@id\":\"https:\\\/\\\/metropoliagzm.pl\\\/en\\\/#\\\/schema\\\/logo\\\/image\\\/\"}},{\"@type\":\"Person\",\"@id\":\"https:\\\/\\\/metropoliagzm.pl\\\/en\\\/#\\\/schema\\\/person\\\/96e19c492916cfe1ba595fd2f60d95b8\",\"name\":\"Witold Tr\u00f3lka\",\"image\":{\"@type\":\"ImageObject\",\"inLanguage\":\"en-GB\",\"@id\":\"https:\\\/\\\/secure.gravatar.com\\\/avatar\\\/71e0c635e405b4a3631033f0d6f49e682b54dcd226d647737e1040a5a480d177?s=96&d=mm&r=g\",\"url\":\"https:\\\/\\\/secure.gravatar.com\\\/avatar\\\/71e0c635e405b4a3631033f0d6f49e682b54dcd226d647737e1040a5a480d177?s=96&d=mm&r=g\",\"contentUrl\":\"https:\\\/\\\/secure.gravatar.com\\\/avatar\\\/71e0c635e405b4a3631033f0d6f49e682b54dcd226d647737e1040a5a480d177?s=96&d=mm&r=g\",\"caption\":\"Witold Tr\u00f3lka\"},\"url\":\"https:\\\/\\\/metropoliagzm.pl\\\/en\\\/author\\\/w-trolka\\\/\"}]}<\/script>\n<!-- \/ Yoast SEO plugin. -->","yoast_head_json":{"title":"O\u015bwiadczenie w\u0142adz Rudy \u015al\u0105skiej - Metropolia GZM","description":"Oficjalny portal G\u00f3rno\u015bl\u0105sko-Zag\u0142\u0119biowskiej Metropolii","robots":{"index":"index","follow":"follow","max-snippet":"max-snippet:-1","max-image-preview":"max-image-preview:large","max-video-preview":"max-video-preview:-1"},"canonical":"https:\/\/metropoliagzm.pl\/en\/2020\/07\/29\/oswiadczenie-wladz-rudy-slaskiej\/","twitter_card":"summary_large_image","twitter_title":"O\u015bwiadczenie w\u0142adz Rudy \u015al\u0105skiej - Metropolia GZM","twitter_description":"Oficjalny portal G\u00f3rno\u015bl\u0105sko-Zag\u0142\u0119biowskiej Metropolii","twitter_image":"https:\/\/metropoliagzm.pl\/wp-content\/uploads\/2020\/07\/gruba-3.jpg","twitter_misc":{"Written by":"Witold Tr\u00f3lka","Estimated reading time":"2 minutes"},"schema":{"@context":"https:\/\/schema.org","@graph":[{"@type":"Article","@id":"https:\/\/metropoliagzm.pl\/en\/2020\/07\/29\/oswiadczenie-wladz-rudy-slaskiej\/#article","isPartOf":{"@id":"https:\/\/metropoliagzm.pl\/en\/2020\/07\/29\/oswiadczenie-wladz-rudy-slaskiej\/"},"author":{"name":"Witold Tr\u00f3lka","@id":"https:\/\/metropoliagzm.pl\/en\/#\/schema\/person\/96e19c492916cfe1ba595fd2f60d95b8"},"headline":"O\u015bwiadczenie w\u0142adz Rudy \u015al\u0105skiej","datePublished":"2020-07-29T09:14:28+00:00","dateModified":"2020-07-29T09:14:29+00:00","mainEntityOfPage":{"@id":"https:\/\/metropoliagzm.pl\/en\/2020\/07\/29\/oswiadczenie-wladz-rudy-slaskiej\/"},"wordCount":336,"publisher":{"@id":"https:\/\/metropoliagzm.pl\/en\/#organization"},"image":{"@id":"https:\/\/metropoliagzm.pl\/en\/2020\/07\/29\/oswiadczenie-wladz-rudy-slaskiej\/#primaryimage"},"thumbnailUrl":"https:\/\/metropoliagzm.pl\/wp-content\/uploads\/2020\/07\/gruba-3.jpg","keywords":["g\u00f3rnictwo","Rynek pracy"],"articleSection":["Gospodarka i Inwestycje","Ruda \u015al\u0105ska"],"inLanguage":"en-GB"},{"@type":"WebPage","@id":"https:\/\/metropoliagzm.pl\/en\/2020\/07\/29\/oswiadczenie-wladz-rudy-slaskiej\/","url":"https:\/\/metropoliagzm.pl\/en\/2020\/07\/29\/oswiadczenie-wladz-rudy-slaskiej\/","name":"O\u015bwiadczenie w\u0142adz Rudy \u015al\u0105skiej - Metropolia GZM","isPartOf":{"@id":"https:\/\/metropoliagzm.pl\/en\/#website"},"primaryImageOfPage":{"@id":"https:\/\/metropoliagzm.pl\/en\/2020\/07\/29\/oswiadczenie-wladz-rudy-slaskiej\/#primaryimage"},"image":{"@id":"https:\/\/metropoliagzm.pl\/en\/2020\/07\/29\/oswiadczenie-wladz-rudy-slaskiej\/#primaryimage"},"thumbnailUrl":"https:\/\/metropoliagzm.pl\/wp-content\/uploads\/2020\/07\/gruba-3.jpg","datePublished":"2020-07-29T09:14:28+00:00","dateModified":"2020-07-29T09:14:29+00:00","description":"Oficjalny portal G\u00f3rno\u015bl\u0105sko-Zag\u0142\u0119biowskiej Metropolii","breadcrumb":{"@id":"https:\/\/metropoliagzm.pl\/en\/2020\/07\/29\/oswiadczenie-wladz-rudy-slaskiej\/#breadcrumb"},"inLanguage":"en-GB","potentialAction":[{"@type":"ReadAction","target":["https:\/\/metropoliagzm.pl\/en\/2020\/07\/29\/oswiadczenie-wladz-rudy-slaskiej\/"]}]},{"@type":"ImageObject","inLanguage":"en-GB","@id":"https:\/\/metropoliagzm.pl\/en\/2020\/07\/29\/oswiadczenie-wladz-rudy-slaskiej\/#primaryimage","url":"https:\/\/metropoliagzm.pl\/wp-content\/uploads\/2020\/07\/gruba-3.jpg","contentUrl":"https:\/\/metropoliagzm.pl\/wp-content\/uploads\/2020\/07\/gruba-3.jpg","width":1200,"height":726,"caption":"Foto: Metropolia GZM"},{"@type":"BreadcrumbList","@id":"https:\/\/metropoliagzm.pl\/en\/2020\/07\/29\/oswiadczenie-wladz-rudy-slaskiej\/#breadcrumb","itemListElement":[{"@type":"ListItem","position":1,"name":"Strona g\u0142\u00f3wna","item":"https:\/\/metropoliagzm.pl\/"},{"@type":"ListItem","position":2,"name":"O\u015bwiadczenie w\u0142adz Rudy \u015al\u0105skiej"}]},{"@type":"WebSite","@id":"https:\/\/metropoliagzm.pl\/en\/#website","url":"https:\/\/metropoliagzm.pl\/en\/","name":"Metropolia GZM","description":"Oficjalny portal G\u00f3rno\u015bl\u0105sko-Zag\u0142\u0119biowskiej Metropolii","publisher":{"@id":"https:\/\/metropoliagzm.pl\/en\/#organization"},"potentialAction":[{"@type":"SearchAction","target":{"@type":"EntryPoint","urlTemplate":"https:\/\/metropoliagzm.pl\/en\/?s={search_term_string}"},"query-input":{"@type":"PropertyValueSpecification","valueRequired":true,"valueName":"search_term_string"}}],"inLanguage":"en-GB"},{"@type":"Organization","@id":"https:\/\/metropoliagzm.pl\/en\/#organization","name":"Metropolia GZM","url":"https:\/\/metropoliagzm.pl\/en\/","logo":{"@type":"ImageObject","inLanguage":"en-GB","@id":"https:\/\/metropoliagzm.pl\/en\/#\/schema\/logo\/image\/","url":"https:\/\/metropoliagzm.pl\/wp-content\/uploads\/2019\/03\/Sygnet-strona-glowna.png","contentUrl":"https:\/\/metropoliagzm.pl\/wp-content\/uploads\/2019\/03\/Sygnet-strona-glowna.png","width":36,"height":45,"caption":"Metropolia GZM"},"image":{"@id":"https:\/\/metropoliagzm.pl\/en\/#\/schema\/logo\/image\/"}},{"@type":"Person","@id":"https:\/\/metropoliagzm.pl\/en\/#\/schema\/person\/96e19c492916cfe1ba595fd2f60d95b8","name":"Witold Tr\u00f3lka","image":{"@type":"ImageObject","inLanguage":"en-GB","@id":"https:\/\/secure.gravatar.com\/avatar\/71e0c635e405b4a3631033f0d6f49e682b54dcd226d647737e1040a5a480d177?s=96&d=mm&r=g","url":"https:\/\/secure.gravatar.com\/avatar\/71e0c635e405b4a3631033f0d6f49e682b54dcd226d647737e1040a5a480d177?s=96&d=mm&r=g","contentUrl":"https:\/\/secure.gravatar.com\/avatar\/71e0c635e405b4a3631033f0d6f49e682b54dcd226d647737e1040a5a480d177?s=96&d=mm&r=g","caption":"Witold Tr\u00f3lka"},"url":"https:\/\/metropoliagzm.pl\/en\/author\/w-trolka\/"}]}},"_links":{"self":[{"href":"https:\/\/metropoliagzm.pl\/en\/wp-json\/wp\/v2\/posts\/27304","targetHints":{"allow":["GET"]}}],"collection":[{"href":"https:\/\/metropoliagzm.pl\/en\/wp-json\/wp\/v2\/posts"}],"about":[{"href":"https:\/\/metropoliagzm.pl\/en\/wp-json\/wp\/v2\/types\/post"}],"author":[{"embeddable":true,"href":"https:\/\/metropoliagzm.pl\/en\/wp-json\/wp\/v2\/users\/140"}],"replies":[{"embeddable":true,"href":"https:\/\/metropoliagzm.pl\/en\/wp-json\/wp\/v2\/comments?post=27304"}],"version-history":[{"count":1,"href":"https:\/\/metropoliagzm.pl\/en\/wp-json\/wp\/v2\/posts\/27304\/revisions"}],"predecessor-version":[{"id":27306,"href":"https:\/\/metropoliagzm.pl\/en\/wp-json\/wp\/v2\/posts\/27304\/revisions\/27306"}],"wp:featuredmedia":[{"embeddable":true,"href":"https:\/\/metropoliagzm.pl\/en\/wp-json\/wp\/v2\/media\/27305"}],"wp:attachment":[{"href":"https:\/\/metropoliagzm.pl\/en\/wp-json\/wp\/v2\/media?parent=27304"}],"wp:term":[{"taxonomy":"category","embeddable":true,"href":"https:\/\/metropoliagzm.pl\/en\/wp-json\/wp\/v2\/categories?post=27304"},{"taxonomy":"post_tag","embeddable":true,"href":"https:\/\/metropoliagzm.pl\/en\/wp-json\/wp\/v2\/tags?post=27304"}],"curies":[{"name":"wp","href":"https:\/\/api.w.org\/{rel}","templated":true}]}}