{"id":27445,"date":"2020-07-31T14:45:27","date_gmt":"2020-07-31T12:45:27","guid":{"rendered":"https:\/\/metropoliagzm.pl\/?p=27445"},"modified":"2020-07-31T14:45:27","modified_gmt":"2020-07-31T12:45:27","slug":"6-sierpnia-tour-de-pologne-zawita-do-zabrza","status":"publish","type":"post","link":"https:\/\/metropoliagzm.pl\/en\/2020\/07\/31\/6-sierpnia-tour-de-pologne-zawita-do-zabrza\/","title":{"rendered":"6 sierpnia &#8211; Tour de Pologne zawita do Zabrza!"},"content":{"rendered":"<div class=\"pdf-block\"><div class=\"pdfprnt-buttons  pdfprnt-new pdfprnt-buttons-post pdfprnt-top-right\"><div class=\"jssocials-share jssocials-share-twitter\"><a target=\"_blank\" href=\"https:\/\/twitter.com\/share?url=https:\/\/metropoliagzm.pl\/en\/wp-json\/wp\/v2\/posts\/27445;text=27445\" class=\"jssocials-share-link\"><i class=\"fa fa-twitter jssocials-share-logo\"><\/i><\/a><\/div><div class=\"jssocials-share jssocials-share-facebook\"><a target=\"_blank\" href=\"https:\/\/facebook.com\/sharer\/sharer.php?u=https:\/\/metropoliagzm.pl\/en\/wp-json\/wp\/v2\/posts\/27445\" class=\"jssocials-share-link\"><i class=\"fa fa-facebook jssocials-share-logo\"><\/i><\/a><\/div><div class=\"jssocials-share jssocials-share-pinterest\"><a target=\"_blank\" href=\"https:\/\/pinterest.com\/pin\/create\/bookmarklet\/?&amp;url=https:\/\/metropoliagzm.pl\/en\/wp-json\/wp\/v2\/posts\/27445;description=27445\" class=\"jssocials-share-link\"><i class=\"fa fa-pinterest jssocials-share-logo\"><\/i><\/a><\/div><a href=\"https:\/\/metropoliagzm.pl\/en\/wp-json\/wp\/v2\/posts\/27445?print=pdf\" class=\"pdfprnt-button pdfprnt-button-pdf\" target=\"_blank\"><img decoding=\"async\" src=\"https:\/\/metropoliagzm.pl\/wp-content\/plugins\/pdf-print\/images\/pdf.png\" alt=\"image_pdf\" title=\"View PDF\" \/><\/a><a href=\"https:\/\/metropoliagzm.pl\/en\/wp-json\/wp\/v2\/posts\/27445?print=print\" class=\"pdfprnt-button pdfprnt-button-print\" target=\"_blank\"><img decoding=\"async\" src=\"https:\/\/metropoliagzm.pl\/wp-content\/plugins\/pdf-print\/images\/print.png\" alt=\"image_print\" title=\"Print Content\" \/><\/a><\/div><\/div><div class=\"post-block-pdf\"><div class=\"pdfprnt-buttons pdfprnt-buttons-post pdfprnt-top-right\"><a href=\"https:\/\/metropoliagzm.pl\/en\/wp-json\/wp\/v2\/posts\/27445?print=pdf\" class=\"pdfprnt-button pdfprnt-button-pdf\" target=\"_blank\"><img decoding=\"async\" src=\"https:\/\/metropoliagzm.pl\/wp-content\/plugins\/pdf-print\/images\/pdf.png\" alt=\"image_pdf\" title=\"View PDF\" \/><\/a><a href=\"https:\/\/metropoliagzm.pl\/en\/wp-json\/wp\/v2\/posts\/27445?print=print\" class=\"pdfprnt-button pdfprnt-button-print\" target=\"_blank\"><img decoding=\"async\" src=\"https:\/\/metropoliagzm.pl\/wp-content\/plugins\/pdf-print\/images\/print.png\" alt=\"image_print\" title=\"Print Content\" \/><\/a><\/div>\n<p><strong>Ju\u017c po raz czwarty przez Zabrze poprowadzi trasa wy\u015bcigu Tour de Pologne. Wyznaczon\u0105 ulicami Zabrza p\u0119tl\u0119 o d\u0142ugo\u015bci 6,1 km uczestnicy tegorocznej edycji pokonaj\u0105 trzykrotnie. Najlepsi kolarze \u015bwiata pojawi\u0105 si\u0119 w Zabrzu 6 sierpnia. Tego dnia rozgrywany b\u0119dzie prowadz\u0105cy z Opola do Zabrza drugi etap rywalizacji, podczas kt\u00f3rego kolarze b\u0119d\u0105 mieli do pokonania 151,5 km.<\/strong><\/p>\n\n\n\n<p>Drugi etap to szybki, ale trudny technicznie odcinek, na kt\u00f3rym o zwyci\u0119stwo powinni walczy\u0107 sprinterzy. Na trasie znajduje si\u0119 jeden bardzo wymagaj\u0105cy podjazd \u2013 G\u00f3ra \u015awi\u0119tej Anny, gdzie znajduje si\u0119 Premia G\u00f3rska II kategorii. Nast\u0119pnie kolarze powalcz\u0105 na dw\u00f3ch Lotnych Premiach LOTTO \u2013 Strzelce Opolskie oraz Ujazd i zawitaj\u0105 do Zabrza. Tam b\u0119d\u0105 mieli do pokonania trzy rundy po sze\u015b\u0107 kilometr\u00f3w, a finisz znajdzie si\u0119 tradycyjnie przy Arenie Zabrze.<\/p>\n\n\n\n<p>&#8211; Mamy wyj\u0105tkowe czasy, ale i nasz wy\u015bcig b\u0119dzie wyj\u0105tkowy. Chcemy stworzy\u0107 imprez\u0119, na kt\u00f3r\u0105 b\u0119d\u0105 zwr\u00f3cone oczy ca\u0142ego \u015bwiata. Poka\u017cemy, \u017ce mo\u017cna, \u017ce warto, a sport znowu da ca\u0142emu \u015bwiatu pi\u0119kny sygna\u0142 do dzia\u0142ania \u2013 m\u00f3wi dyrektor generalny Tour de Pologne Czes\u0142aw Lang<\/p>\n\n\n\n<p>Tour de Pologne to jedna z najbardziej presti\u017cowych mi\u0119dzynarodowych imprez sportowych w Polsce. Od 2011 r. zaliczany jest do UCI World Tour, czyli cyklu najwa\u017cniejszych zawod\u00f3w \u015bwiata w kolarstwie szosowym. Co roku zawodnik\u00f3w ogl\u0105da na trasie ok. 3,5 mln kibic\u00f3w, a transmisja telewizyjna dociera do ponad stu kraj\u00f3w na ca\u0142ym \u015bwiecie.<\/p>\n\n\n\n<p>&#8211; Tour de Pologne to prawdziwe \u015bwi\u0119to mi\u0142o\u015bnik\u00f3w kolarstwa, kt\u00f3rych w naszym mie\u015bcie nie brakuje \u2013 stwierdza prezydent Zabrza Ma\u0142gorzata Ma\u0144ka-Szulik. \u2013 Obok prze\u017cywania sportowych emocji doroczny udzia\u0142 w zawodach ugruntowuje wizerunek miasta jako pr\u0119\u017cnego o\u015brodka sportu, ale tak\u017ce medycyny, kultury, turystyki industrialnej i innowacyjnej gospodarki. W czasie Tour de Pologne zabrzanie rokrocznie udowadniaj\u0105, \u017ce potrafi\u0105 stworzy\u0107 wspania\u0142\u0105 atmosfer\u0119 i \u017cywio\u0142owym dopingiem wesprze\u0107 sportowe zmagania kolarzy. Sport jest ogromnym atutem Zabrza, wp\u0142ywa na integracj\u0119 mieszka\u0144c\u00f3w, umacnia wi\u0119zi w spo\u0142eczno\u015bciach lokalnych i aktywizuje ludzi po\u0142\u0105czonych wsp\u00f3ln\u0105 pasj\u0105. W tym wyj\u0105tkowym roku mieszka\u0144cy Zabrza r\u00f3wnie\u017c b\u0119d\u0105 sercem z zawodnikami wy\u015bcigu.<\/p>\n\n\n\n<p>Trasa przejazdu kolarzy przez Zabrze:<br>W Zabrzu uczestnicy wy\u015bcigu trzykrotnie pokonaj\u0105 rund\u0119 o d\u0142ugo\u015bci 6,1 km. Peleton od ronda Sybirak\u00f3w pojedzie ulic\u0105 de Gaulle\u2019a, skr\u0119ci w lewo w Roosevelta, na niewielkim rondzie w ci\u0105gu ulicy Roosevelta pojedzie w lewo, w kierunku Drogowej Trasy \u015arednicowej, kt\u00f3r\u0105 dojedzie z powrotem do ronda Sybirak\u00f3w, by ponownie zjecha\u0107 w d\u00f3\u0142. Zdaniem organizator\u00f3w, ko\u0144c\u00f3wka b\u0119dzie bardzo spektakularna, a ponad kilometr prostej do mety zapewni pi\u0119kny sportowy spektakl. \u00a0<\/p>\n\n\n\n<p>\u0179r\u00f3d\u0142o: UM Zabrze<\/p>\n<div class=\"post-author\" style=\"font-size:13px\">Witold Tr\u00f3lka<\/div><\/div>","protected":false},"excerpt":{"rendered":"<p>Ju\u017c po raz czwarty przez Zabrze poprowadzi trasa wy\u015bcigu Tour de Pologne. Wyznaczon\u0105 ulicami Zabrza p\u0119tl\u0119 o d\u0142ugo\u015bci 6,1 km uczestnicy tegorocznej edycji pokonaj\u0105 trzykrotnie. Najlepsi kolarze \u015bwiata pojawi\u0105 si\u0119 w Zabrzu 6 sierpnia. Tego dnia rozgrywany b\u0119dzie prowadz\u0105cy z Opola do Zabrza drugi etap&#8230;<\/p>","protected":false},"author":140,"featured_media":27446,"comment_status":"closed","ping_status":"closed","sticky":false,"template":"","format":"standard","meta":{"_acf_changed":false,"footnotes":""},"categories":[240,234],"tags":[481],"class_list":["post-27445","post","type-post","status-publish","format-standard","has-post-thumbnail","hentry","category-turystyka-rekreacja","category-zabrze","tag-tour-de-pologne"],"acf":[],"yoast_head":"<!-- This site is optimized with the Yoast SEO plugin v27.4 - https:\/\/yoast.com\/product\/yoast-seo-wordpress\/ -->\n<title>6 sierpnia - Tour de Pologne zawita do Zabrza! - Metropolia GZM<\/title>\n<meta name=\"description\" content=\"Oficjalny portal G\u00f3rno\u015bl\u0105sko-Zag\u0142\u0119biowskiej Metropolii\" \/>\n<meta name=\"robots\" content=\"index, follow, max-snippet:-1, max-image-preview:large, max-video-preview:-1\" \/>\n<link rel=\"canonical\" href=\"http:\/\/metropoliagzm.pl\/en\/2020\/07\/31\/6-sierpnia-tour-de-pologne-zawita-do-zabrza\/\" \/>\n<meta name=\"twitter:card\" content=\"summary_large_image\" \/>\n<meta name=\"twitter:title\" content=\"6 sierpnia - Tour de Pologne zawita do Zabrza! - Metropolia GZM\" \/>\n<meta name=\"twitter:description\" content=\"Oficjalny portal G\u00f3rno\u015bl\u0105sko-Zag\u0142\u0119biowskiej Metropolii\" \/>\n<meta name=\"twitter:image\" content=\"https:\/\/metropoliagzm.pl\/wp-content\/uploads\/2020\/07\/tour-4.jpg\" \/>\n<meta name=\"twitter:label1\" content=\"Written by\" \/>\n\t<meta name=\"twitter:data1\" content=\"Witold Tr\u00f3lka\" \/>\n\t<meta name=\"twitter:label2\" content=\"Estimated reading time\" \/>\n\t<meta name=\"twitter:data2\" content=\"2 minutes\" \/>\n<script type=\"application\/ld+json\" class=\"yoast-schema-graph\">{\"@context\":\"https:\\\/\\\/schema.org\",\"@graph\":[{\"@type\":\"Article\",\"@id\":\"http:\\\/\\\/metropoliagzm.pl\\\/en\\\/2020\\\/07\\\/31\\\/6-sierpnia-tour-de-pologne-zawita-do-zabrza\\\/#article\",\"isPartOf\":{\"@id\":\"http:\\\/\\\/metropoliagzm.pl\\\/en\\\/2020\\\/07\\\/31\\\/6-sierpnia-tour-de-pologne-zawita-do-zabrza\\\/\"},\"author\":{\"name\":\"Witold Tr\u00f3lka\",\"@id\":\"https:\\\/\\\/metropoliagzm.pl\\\/en\\\/#\\\/schema\\\/person\\\/96e19c492916cfe1ba595fd2f60d95b8\"},\"headline\":\"6 sierpnia &#8211; Tour de Pologne zawita do Zabrza!\",\"datePublished\":\"2020-07-31T12:45:27+00:00\",\"mainEntityOfPage\":{\"@id\":\"http:\\\/\\\/metropoliagzm.pl\\\/en\\\/2020\\\/07\\\/31\\\/6-sierpnia-tour-de-pologne-zawita-do-zabrza\\\/\"},\"wordCount\":473,\"publisher\":{\"@id\":\"https:\\\/\\\/metropoliagzm.pl\\\/en\\\/#organization\"},\"image\":{\"@id\":\"http:\\\/\\\/metropoliagzm.pl\\\/en\\\/2020\\\/07\\\/31\\\/6-sierpnia-tour-de-pologne-zawita-do-zabrza\\\/#primaryimage\"},\"thumbnailUrl\":\"https:\\\/\\\/metropoliagzm.pl\\\/wp-content\\\/uploads\\\/2020\\\/07\\\/tour-4.jpg\",\"keywords\":[\"Tour de Pologne\"],\"articleSection\":[\"Turystyka i Rekreacja\",\"Zabrze\"],\"inLanguage\":\"en-GB\"},{\"@type\":\"WebPage\",\"@id\":\"http:\\\/\\\/metropoliagzm.pl\\\/en\\\/2020\\\/07\\\/31\\\/6-sierpnia-tour-de-pologne-zawita-do-zabrza\\\/\",\"url\":\"http:\\\/\\\/metropoliagzm.pl\\\/en\\\/2020\\\/07\\\/31\\\/6-sierpnia-tour-de-pologne-zawita-do-zabrza\\\/\",\"name\":\"6 sierpnia - Tour de Pologne zawita do Zabrza! - Metropolia GZM\",\"isPartOf\":{\"@id\":\"https:\\\/\\\/metropoliagzm.pl\\\/en\\\/#website\"},\"primaryImageOfPage\":{\"@id\":\"http:\\\/\\\/metropoliagzm.pl\\\/en\\\/2020\\\/07\\\/31\\\/6-sierpnia-tour-de-pologne-zawita-do-zabrza\\\/#primaryimage\"},\"image\":{\"@id\":\"http:\\\/\\\/metropoliagzm.pl\\\/en\\\/2020\\\/07\\\/31\\\/6-sierpnia-tour-de-pologne-zawita-do-zabrza\\\/#primaryimage\"},\"thumbnailUrl\":\"https:\\\/\\\/metropoliagzm.pl\\\/wp-content\\\/uploads\\\/2020\\\/07\\\/tour-4.jpg\",\"datePublished\":\"2020-07-31T12:45:27+00:00\",\"description\":\"Oficjalny portal G\u00f3rno\u015bl\u0105sko-Zag\u0142\u0119biowskiej Metropolii\",\"breadcrumb\":{\"@id\":\"http:\\\/\\\/metropoliagzm.pl\\\/en\\\/2020\\\/07\\\/31\\\/6-sierpnia-tour-de-pologne-zawita-do-zabrza\\\/#breadcrumb\"},\"inLanguage\":\"en-GB\",\"potentialAction\":[{\"@type\":\"ReadAction\",\"target\":[\"http:\\\/\\\/metropoliagzm.pl\\\/en\\\/2020\\\/07\\\/31\\\/6-sierpnia-tour-de-pologne-zawita-do-zabrza\\\/\"]}]},{\"@type\":\"ImageObject\",\"inLanguage\":\"en-GB\",\"@id\":\"http:\\\/\\\/metropoliagzm.pl\\\/en\\\/2020\\\/07\\\/31\\\/6-sierpnia-tour-de-pologne-zawita-do-zabrza\\\/#primaryimage\",\"url\":\"https:\\\/\\\/metropoliagzm.pl\\\/wp-content\\\/uploads\\\/2020\\\/07\\\/tour-4.jpg\",\"contentUrl\":\"https:\\\/\\\/metropoliagzm.pl\\\/wp-content\\\/uploads\\\/2020\\\/07\\\/tour-4.jpg\",\"width\":1200,\"height\":800,\"caption\":\"Foto: Metropolia GZM\\\/ Witold Tr\u00f3lka\"},{\"@type\":\"BreadcrumbList\",\"@id\":\"http:\\\/\\\/metropoliagzm.pl\\\/en\\\/2020\\\/07\\\/31\\\/6-sierpnia-tour-de-pologne-zawita-do-zabrza\\\/#breadcrumb\",\"itemListElement\":[{\"@type\":\"ListItem\",\"position\":1,\"name\":\"Strona g\u0142\u00f3wna\",\"item\":\"https:\\\/\\\/metropoliagzm.pl\\\/\"},{\"@type\":\"ListItem\",\"position\":2,\"name\":\"6 sierpnia &#8211; Tour de Pologne zawita do Zabrza!\"}]},{\"@type\":\"WebSite\",\"@id\":\"https:\\\/\\\/metropoliagzm.pl\\\/en\\\/#website\",\"url\":\"https:\\\/\\\/metropoliagzm.pl\\\/en\\\/\",\"name\":\"Metropolia GZM\",\"description\":\"Oficjalny portal G\u00f3rno\u015bl\u0105sko-Zag\u0142\u0119biowskiej Metropolii\",\"publisher\":{\"@id\":\"https:\\\/\\\/metropoliagzm.pl\\\/en\\\/#organization\"},\"potentialAction\":[{\"@type\":\"SearchAction\",\"target\":{\"@type\":\"EntryPoint\",\"urlTemplate\":\"https:\\\/\\\/metropoliagzm.pl\\\/en\\\/?s={search_term_string}\"},\"query-input\":{\"@type\":\"PropertyValueSpecification\",\"valueRequired\":true,\"valueName\":\"search_term_string\"}}],\"inLanguage\":\"en-GB\"},{\"@type\":\"Organization\",\"@id\":\"https:\\\/\\\/metropoliagzm.pl\\\/en\\\/#organization\",\"name\":\"Metropolia GZM\",\"url\":\"https:\\\/\\\/metropoliagzm.pl\\\/en\\\/\",\"logo\":{\"@type\":\"ImageObject\",\"inLanguage\":\"en-GB\",\"@id\":\"https:\\\/\\\/metropoliagzm.pl\\\/en\\\/#\\\/schema\\\/logo\\\/image\\\/\",\"url\":\"https:\\\/\\\/metropoliagzm.pl\\\/wp-content\\\/uploads\\\/2019\\\/03\\\/Sygnet-strona-glowna.png\",\"contentUrl\":\"https:\\\/\\\/metropoliagzm.pl\\\/wp-content\\\/uploads\\\/2019\\\/03\\\/Sygnet-strona-glowna.png\",\"width\":36,\"height\":45,\"caption\":\"Metropolia GZM\"},\"image\":{\"@id\":\"https:\\\/\\\/metropoliagzm.pl\\\/en\\\/#\\\/schema\\\/logo\\\/image\\\/\"}},{\"@type\":\"Person\",\"@id\":\"https:\\\/\\\/metropoliagzm.pl\\\/en\\\/#\\\/schema\\\/person\\\/96e19c492916cfe1ba595fd2f60d95b8\",\"name\":\"Witold Tr\u00f3lka\",\"image\":{\"@type\":\"ImageObject\",\"inLanguage\":\"en-GB\",\"@id\":\"https:\\\/\\\/secure.gravatar.com\\\/avatar\\\/71e0c635e405b4a3631033f0d6f49e682b54dcd226d647737e1040a5a480d177?s=96&d=mm&r=g\",\"url\":\"https:\\\/\\\/secure.gravatar.com\\\/avatar\\\/71e0c635e405b4a3631033f0d6f49e682b54dcd226d647737e1040a5a480d177?s=96&d=mm&r=g\",\"contentUrl\":\"https:\\\/\\\/secure.gravatar.com\\\/avatar\\\/71e0c635e405b4a3631033f0d6f49e682b54dcd226d647737e1040a5a480d177?s=96&d=mm&r=g\",\"caption\":\"Witold Tr\u00f3lka\"},\"url\":\"https:\\\/\\\/metropoliagzm.pl\\\/en\\\/author\\\/w-trolka\\\/\"}]}<\/script>\n<!-- \/ Yoast SEO plugin. -->","yoast_head_json":{"title":"6 sierpnia - Tour de Pologne zawita do Zabrza! - Metropolia GZM","description":"Oficjalny portal G\u00f3rno\u015bl\u0105sko-Zag\u0142\u0119biowskiej Metropolii","robots":{"index":"index","follow":"follow","max-snippet":"max-snippet:-1","max-image-preview":"max-image-preview:large","max-video-preview":"max-video-preview:-1"},"canonical":"http:\/\/metropoliagzm.pl\/en\/2020\/07\/31\/6-sierpnia-tour-de-pologne-zawita-do-zabrza\/","twitter_card":"summary_large_image","twitter_title":"6 sierpnia - Tour de Pologne zawita do Zabrza! - Metropolia GZM","twitter_description":"Oficjalny portal G\u00f3rno\u015bl\u0105sko-Zag\u0142\u0119biowskiej Metropolii","twitter_image":"https:\/\/metropoliagzm.pl\/wp-content\/uploads\/2020\/07\/tour-4.jpg","twitter_misc":{"Written by":"Witold Tr\u00f3lka","Estimated reading time":"2 minutes"},"schema":{"@context":"https:\/\/schema.org","@graph":[{"@type":"Article","@id":"http:\/\/metropoliagzm.pl\/en\/2020\/07\/31\/6-sierpnia-tour-de-pologne-zawita-do-zabrza\/#article","isPartOf":{"@id":"http:\/\/metropoliagzm.pl\/en\/2020\/07\/31\/6-sierpnia-tour-de-pologne-zawita-do-zabrza\/"},"author":{"name":"Witold Tr\u00f3lka","@id":"https:\/\/metropoliagzm.pl\/en\/#\/schema\/person\/96e19c492916cfe1ba595fd2f60d95b8"},"headline":"6 sierpnia &#8211; Tour de Pologne zawita do Zabrza!","datePublished":"2020-07-31T12:45:27+00:00","mainEntityOfPage":{"@id":"http:\/\/metropoliagzm.pl\/en\/2020\/07\/31\/6-sierpnia-tour-de-pologne-zawita-do-zabrza\/"},"wordCount":473,"publisher":{"@id":"https:\/\/metropoliagzm.pl\/en\/#organization"},"image":{"@id":"http:\/\/metropoliagzm.pl\/en\/2020\/07\/31\/6-sierpnia-tour-de-pologne-zawita-do-zabrza\/#primaryimage"},"thumbnailUrl":"https:\/\/metropoliagzm.pl\/wp-content\/uploads\/2020\/07\/tour-4.jpg","keywords":["Tour de Pologne"],"articleSection":["Turystyka i Rekreacja","Zabrze"],"inLanguage":"en-GB"},{"@type":"WebPage","@id":"http:\/\/metropoliagzm.pl\/en\/2020\/07\/31\/6-sierpnia-tour-de-pologne-zawita-do-zabrza\/","url":"http:\/\/metropoliagzm.pl\/en\/2020\/07\/31\/6-sierpnia-tour-de-pologne-zawita-do-zabrza\/","name":"6 sierpnia - Tour de Pologne zawita do Zabrza! - Metropolia GZM","isPartOf":{"@id":"https:\/\/metropoliagzm.pl\/en\/#website"},"primaryImageOfPage":{"@id":"http:\/\/metropoliagzm.pl\/en\/2020\/07\/31\/6-sierpnia-tour-de-pologne-zawita-do-zabrza\/#primaryimage"},"image":{"@id":"http:\/\/metropoliagzm.pl\/en\/2020\/07\/31\/6-sierpnia-tour-de-pologne-zawita-do-zabrza\/#primaryimage"},"thumbnailUrl":"https:\/\/metropoliagzm.pl\/wp-content\/uploads\/2020\/07\/tour-4.jpg","datePublished":"2020-07-31T12:45:27+00:00","description":"Oficjalny portal G\u00f3rno\u015bl\u0105sko-Zag\u0142\u0119biowskiej Metropolii","breadcrumb":{"@id":"http:\/\/metropoliagzm.pl\/en\/2020\/07\/31\/6-sierpnia-tour-de-pologne-zawita-do-zabrza\/#breadcrumb"},"inLanguage":"en-GB","potentialAction":[{"@type":"ReadAction","target":["http:\/\/metropoliagzm.pl\/en\/2020\/07\/31\/6-sierpnia-tour-de-pologne-zawita-do-zabrza\/"]}]},{"@type":"ImageObject","inLanguage":"en-GB","@id":"http:\/\/metropoliagzm.pl\/en\/2020\/07\/31\/6-sierpnia-tour-de-pologne-zawita-do-zabrza\/#primaryimage","url":"https:\/\/metropoliagzm.pl\/wp-content\/uploads\/2020\/07\/tour-4.jpg","contentUrl":"https:\/\/metropoliagzm.pl\/wp-content\/uploads\/2020\/07\/tour-4.jpg","width":1200,"height":800,"caption":"Foto: Metropolia GZM\/ Witold Tr\u00f3lka"},{"@type":"BreadcrumbList","@id":"http:\/\/metropoliagzm.pl\/en\/2020\/07\/31\/6-sierpnia-tour-de-pologne-zawita-do-zabrza\/#breadcrumb","itemListElement":[{"@type":"ListItem","position":1,"name":"Strona g\u0142\u00f3wna","item":"https:\/\/metropoliagzm.pl\/"},{"@type":"ListItem","position":2,"name":"6 sierpnia &#8211; Tour de Pologne zawita do Zabrza!"}]},{"@type":"WebSite","@id":"https:\/\/metropoliagzm.pl\/en\/#website","url":"https:\/\/metropoliagzm.pl\/en\/","name":"Metropolia GZM","description":"Oficjalny portal G\u00f3rno\u015bl\u0105sko-Zag\u0142\u0119biowskiej Metropolii","publisher":{"@id":"https:\/\/metropoliagzm.pl\/en\/#organization"},"potentialAction":[{"@type":"SearchAction","target":{"@type":"EntryPoint","urlTemplate":"https:\/\/metropoliagzm.pl\/en\/?s={search_term_string}"},"query-input":{"@type":"PropertyValueSpecification","valueRequired":true,"valueName":"search_term_string"}}],"inLanguage":"en-GB"},{"@type":"Organization","@id":"https:\/\/metropoliagzm.pl\/en\/#organization","name":"Metropolia GZM","url":"https:\/\/metropoliagzm.pl\/en\/","logo":{"@type":"ImageObject","inLanguage":"en-GB","@id":"https:\/\/metropoliagzm.pl\/en\/#\/schema\/logo\/image\/","url":"https:\/\/metropoliagzm.pl\/wp-content\/uploads\/2019\/03\/Sygnet-strona-glowna.png","contentUrl":"https:\/\/metropoliagzm.pl\/wp-content\/uploads\/2019\/03\/Sygnet-strona-glowna.png","width":36,"height":45,"caption":"Metropolia GZM"},"image":{"@id":"https:\/\/metropoliagzm.pl\/en\/#\/schema\/logo\/image\/"}},{"@type":"Person","@id":"https:\/\/metropoliagzm.pl\/en\/#\/schema\/person\/96e19c492916cfe1ba595fd2f60d95b8","name":"Witold Tr\u00f3lka","image":{"@type":"ImageObject","inLanguage":"en-GB","@id":"https:\/\/secure.gravatar.com\/avatar\/71e0c635e405b4a3631033f0d6f49e682b54dcd226d647737e1040a5a480d177?s=96&d=mm&r=g","url":"https:\/\/secure.gravatar.com\/avatar\/71e0c635e405b4a3631033f0d6f49e682b54dcd226d647737e1040a5a480d177?s=96&d=mm&r=g","contentUrl":"https:\/\/secure.gravatar.com\/avatar\/71e0c635e405b4a3631033f0d6f49e682b54dcd226d647737e1040a5a480d177?s=96&d=mm&r=g","caption":"Witold Tr\u00f3lka"},"url":"https:\/\/metropoliagzm.pl\/en\/author\/w-trolka\/"}]}},"_links":{"self":[{"href":"https:\/\/metropoliagzm.pl\/en\/wp-json\/wp\/v2\/posts\/27445","targetHints":{"allow":["GET"]}}],"collection":[{"href":"https:\/\/metropoliagzm.pl\/en\/wp-json\/wp\/v2\/posts"}],"about":[{"href":"https:\/\/metropoliagzm.pl\/en\/wp-json\/wp\/v2\/types\/post"}],"author":[{"embeddable":true,"href":"https:\/\/metropoliagzm.pl\/en\/wp-json\/wp\/v2\/users\/140"}],"replies":[{"embeddable":true,"href":"https:\/\/metropoliagzm.pl\/en\/wp-json\/wp\/v2\/comments?post=27445"}],"version-history":[{"count":1,"href":"https:\/\/metropoliagzm.pl\/en\/wp-json\/wp\/v2\/posts\/27445\/revisions"}],"predecessor-version":[{"id":27447,"href":"https:\/\/metropoliagzm.pl\/en\/wp-json\/wp\/v2\/posts\/27445\/revisions\/27447"}],"wp:featuredmedia":[{"embeddable":true,"href":"https:\/\/metropoliagzm.pl\/en\/wp-json\/wp\/v2\/media\/27446"}],"wp:attachment":[{"href":"https:\/\/metropoliagzm.pl\/en\/wp-json\/wp\/v2\/media?parent=27445"}],"wp:term":[{"taxonomy":"category","embeddable":true,"href":"https:\/\/metropoliagzm.pl\/en\/wp-json\/wp\/v2\/categories?post=27445"},{"taxonomy":"post_tag","embeddable":true,"href":"https:\/\/metropoliagzm.pl\/en\/wp-json\/wp\/v2\/tags?post=27445"}],"curies":[{"name":"wp","href":"https:\/\/api.w.org\/{rel}","templated":true}]}}