{"id":27476,"date":"2020-08-03T12:25:49","date_gmt":"2020-08-03T10:25:49","guid":{"rendered":"https:\/\/metropoliagzm.pl\/?p=27476"},"modified":"2020-08-03T12:25:50","modified_gmt":"2020-08-03T10:25:50","slug":"mieszkania-gotowe-mozna-sie-wprowadzac","status":"publish","type":"post","link":"https:\/\/metropoliagzm.pl\/en\/2020\/08\/03\/mieszkania-gotowe-mozna-sie-wprowadzac\/","title":{"rendered":"Mieszkania gotowe, mo\u017cna si\u0119 wprowadza\u0107"},"content":{"rendered":"<div class=\"pdf-block\"><div class=\"pdfprnt-buttons  pdfprnt-new pdfprnt-buttons-post pdfprnt-top-right\"><div class=\"jssocials-share jssocials-share-twitter\"><a target=\"_blank\" href=\"https:\/\/twitter.com\/share?url=https:\/\/metropoliagzm.pl\/en\/wp-json\/wp\/v2\/posts\/27476;text=27476\" class=\"jssocials-share-link\"><i class=\"fa fa-twitter jssocials-share-logo\"><\/i><\/a><\/div><div class=\"jssocials-share jssocials-share-facebook\"><a target=\"_blank\" href=\"https:\/\/facebook.com\/sharer\/sharer.php?u=https:\/\/metropoliagzm.pl\/en\/wp-json\/wp\/v2\/posts\/27476\" class=\"jssocials-share-link\"><i class=\"fa fa-facebook jssocials-share-logo\"><\/i><\/a><\/div><div class=\"jssocials-share jssocials-share-pinterest\"><a target=\"_blank\" href=\"https:\/\/pinterest.com\/pin\/create\/bookmarklet\/?&amp;url=https:\/\/metropoliagzm.pl\/en\/wp-json\/wp\/v2\/posts\/27476;description=27476\" class=\"jssocials-share-link\"><i class=\"fa fa-pinterest jssocials-share-logo\"><\/i><\/a><\/div><a href=\"https:\/\/metropoliagzm.pl\/en\/wp-json\/wp\/v2\/posts\/27476?print=pdf\" class=\"pdfprnt-button pdfprnt-button-pdf\" target=\"_blank\"><img decoding=\"async\" src=\"https:\/\/metropoliagzm.pl\/wp-content\/plugins\/pdf-print\/images\/pdf.png\" alt=\"image_pdf\" title=\"View PDF\" \/><\/a><a href=\"https:\/\/metropoliagzm.pl\/en\/wp-json\/wp\/v2\/posts\/27476?print=print\" class=\"pdfprnt-button pdfprnt-button-print\" target=\"_blank\"><img decoding=\"async\" src=\"https:\/\/metropoliagzm.pl\/wp-content\/plugins\/pdf-print\/images\/print.png\" alt=\"image_print\" title=\"Print Content\" \/><\/a><\/div><\/div><div class=\"post-block-pdf\"><div class=\"pdfprnt-buttons pdfprnt-buttons-post pdfprnt-top-right\"><a href=\"https:\/\/metropoliagzm.pl\/en\/wp-json\/wp\/v2\/posts\/27476?print=pdf\" class=\"pdfprnt-button pdfprnt-button-pdf\" target=\"_blank\"><img decoding=\"async\" src=\"https:\/\/metropoliagzm.pl\/wp-content\/plugins\/pdf-print\/images\/pdf.png\" alt=\"image_pdf\" title=\"View PDF\" \/><\/a><a href=\"https:\/\/metropoliagzm.pl\/en\/wp-json\/wp\/v2\/posts\/27476?print=print\" class=\"pdfprnt-button pdfprnt-button-print\" target=\"_blank\"><img decoding=\"async\" src=\"https:\/\/metropoliagzm.pl\/wp-content\/plugins\/pdf-print\/images\/print.png\" alt=\"image_print\" title=\"Print Content\" \/><\/a><\/div>\n<p><strong>Rozpocz\u0119\u0142o si\u0119 zasiedlanie jedenastu mieszka\u0144 socjalnych w\u00a0Rudzie \u015al\u0105skiej, kt\u00f3re powsta\u0142y w\u00a0niewykorzystywanych lokalach miejskich. Cztery z\u00a0nich przesz\u0142y w\u0142a\u015bnie odbiory budowlane i\u00a0zosta\u0142y oddane do u\u017cytkowania, w\u00a0pozosta\u0142ych siedmiu lokalizacjach prace zako\u0144czy\u0142y si\u0119 pod koniec maja br.\u00a0 Docelowo zamieszkaj\u0105 tam 52 osoby. O\u00a0mieszkania mog\u0142y ubiega\u0107 si\u0119 rodziny, kt\u00f3re zadeklarowa\u0142y podpisanie kontrakt\u00f3w socjalnych. W\u00a0ramach tych um\u00f3w maj\u0105 podj\u0105\u0107 \u015bcis\u0142\u0105 wsp\u00f3\u0142prac\u0119 z\u00a0pracownikiem socjalnym i\u00a0asystentem rodziny. Inwestycja zosta\u0142a zrealizowana dzi\u0119ki \u015brodkom unijnym. Miasto na ten cel pozyska\u0142o ponad 1\u00a0mln z\u0142.<\/strong><\/p>\n\n\n\n<p>&#8211; Zgodnie z&nbsp;obowi\u0105zuj\u0105cym prawem, ka\u017cda gmina jest zobowi\u0105zana dostarczy\u0107 osobie posiadaj\u0105cej odpowiednie orzeczenie s\u0105dowe lokal socjalny lub pomieszczenie tymczasowe. Je\u017celi gmina nie wywi\u0105zuje si\u0119 z&nbsp;tego obowi\u0105zku, zmuszona jest do wyp\u0142aty odszkodowa\u0144. Dlatego ka\u017cde utworzone mieszkanie socjalne pozwala nam zredukowa\u0107 koszty w&nbsp;tym zakresie \u2013 podkre\u015bla prezydent Gra\u017cyna Dziedzic. &#8211; Aktualnie mamy ponad 550 takich wyrok\u00f3w, a&nbsp;jeszcze cztery lata temu ich liczba oscylowa\u0142a w&nbsp;okolicach 2300 \u2013 dodaje.<\/p>\n\n\n\n<p>Miejska baza mieszka\u0144 socjalnych powi\u0119kszy\u0142a si\u0119, a&nbsp;wszystko za spraw\u0105 remontu nieu\u017cytkowanych lokali mieszkalnych oraz u\u017cytkowych. \u2013 By\u0142y to mieszkania i&nbsp;pomieszczenia, kt\u00f3rych nie uda\u0142o nam si\u0119 zmodernizowa\u0107 wy\u0142\u0105cznie ze \u015brodk\u00f3w miasta. Przez lata, z&nbsp;uwagi na du\u017cy zakres remontu i&nbsp;mniej atrakcyjn\u0105 lokalizacj\u0119, nie znajdowa\u0142y one najemcy. Dzi\u0119ki \u015brodkom zewn\u0119trznym mogli\u015bmy je na nowo przywr\u00f3ci\u0107 do \u017cycia \u2013 m\u00f3wi wiceprezydent Micha\u0142 Piero\u0144czyk.<\/p>\n\n\n\n<p>Og\u00f3\u0142em utworzonych zosta\u0142o 11 mieszka\u0144 o&nbsp;\u0142\u0105cznej powierzchni u\u017cytkowej ponad 630 m\u00b2. \u015arednia powierzchnia mieszkania ma ok. 57 m\u00b2. W&nbsp;adaptowanych lokalach b\u0119d\u0105 mog\u0142y zamieszka\u0107 52 osoby. Dwa mieszkania zosta\u0142y zaprojektowane tak, aby mog\u0142y z&nbsp;nich korzysta\u0107 osoby niepe\u0142nosprawne. W&nbsp;ramach prac remontowych, opr\u00f3cz rob\u00f3t rozbi\u00f3rkowych i&nbsp;murarskich, we wszystkich lokalach wymienione zosta\u0142y okna, ponadto przebudowane zosta\u0142y instalacje wod-kan, elektryczne oraz grzewcze. Lokale socjalne utworzone zosta\u0142y w&nbsp;czterech dzielnicach: w&nbsp;Nowym Bytomiu przy ul. Podg\u00f3rze i&nbsp;Niedurnego, w&nbsp;Wirku przy ul. Sienkiewicza, w&nbsp;Orzegowie przy ul. Hlonda i&nbsp;Bytomskiej oraz w&nbsp;Rudzie przy ul. Norwida, Janasa i&nbsp;Bankowej. \u2013 Jeste\u015bmy ju\u017c po odbiorach ostatnich 4&nbsp;lokali \u2013 podkre\u015bla wiceprezydent Piero\u0144czyk.&nbsp;<\/p>\n\n\n\n<p>Adaptacja lokali u\u017cytkowych i&nbsp;mieszkalnych na socjalne powi\u0105zana jest z&nbsp;innym zadaniem realizowanym przez miasto. Chodzi o&nbsp;\u201emi\u0119kki\u201d projekt, pn. \u201eRuda \u015al\u0105ska dla rodzin&#8221;, kt\u00f3ry realizowany jest przez rudzki MOPS. Uzyska\u0142 on unijne dofinansowanie w&nbsp;kwocie 1,3 mln z\u0142 ze \u015brodk\u00f3w Europejskiego Funduszu Spo\u0142ecznego w&nbsp;ramach Regionalnego Programu Operacyjnego Wojew\u00f3dztwa \u015al\u0105skiego na lata 2014-2020.<\/p>\n\n\n\n<p>Dzi\u0119ki temu o&nbsp;mieszkania socjalne mog\u0142y si\u0119 ubiega\u0107 rodziny, kt\u00f3re b\u0119d\u0105 uczestniczy\u0107 w&nbsp;realizowanym przez MOPS projekcie i&nbsp;podejm\u0105 tym samym \u015bcis\u0142\u0105 wsp\u00f3\u0142prac\u0119 z&nbsp;pracownikiem socjalnym i&nbsp;asystentem rodziny. &#8211; Cz\u0142onkowie rodzin m.in. b\u0119d\u0105 bra\u0107 udzia\u0142 w&nbsp;zaj\u0119ciach indywidualnych i&nbsp;grupowych, kt\u00f3rych celem b\u0119dzie podniesienie lub nabycie umiej\u0119tno\u015bci opieku\u0144czo-wychowawczych oraz w&nbsp;zakresie prowadzenia gospodarstwa domowego. Poza tym nacisk b\u0119dzie k\u0142adziony na przywr\u00f3cenie zdolno\u015bci do \u015bwiadomego i&nbsp;w\u0142a\u015bciwego podejmowania r\u00f3l spo\u0142ecznych \u2013 wylicza Anna Krzysteczko, wiceprezydent Rudy \u015al\u0105skiej ds. spo\u0142ecznych. Obecnie odbywaj\u0105 si\u0119 ju\u017c pierwsze zasiedlenia nowych mieszka\u0144 socjalnych.<\/p>\n\n\n\n<p>Prace budowlane zwi\u0105zane z&nbsp;utworzeniem 11 mieszka\u0144 socjalnych to warto\u015b\u0107 ok 1,3 mln z\u0142, z&nbsp;czego zdecydowana cze\u015b\u0107, bo ponad 1&nbsp;mln z\u0142, sfinansowana zosta\u0142a ze \u015brodk\u00f3w zewn\u0119trznych pochodz\u0105cych z&nbsp;Europejskiego Funduszu Rozwoju Regionalnego w&nbsp;ramach Regionalnego Programu Operacyjnego Wojew\u00f3dztwa \u015al\u0105skiego na lata 2014 \u2013 2020. Cztery lata temu ze \u015brodk\u00f3w tych miasto pozyska\u0142o 1,1 mln z\u0142 na realizacj\u0119 I&nbsp;etapu przedsi\u0119wzi\u0119cia. Dzi\u0119ki temu w&nbsp;2017 r. w&nbsp;mie\u015bcie do u\u017cytku oddano 13 mieszka\u0144 socjalnych, w&nbsp;kt\u00f3rych zamieszka\u0142o 56 os\u00f3b.<\/p>\n\n\n\n<p>W\u0142adze Rudy \u015al\u0105skiej zamierzaj\u0105 adaptowa\u0107 kolejne lokale i&nbsp;pomieszczenia na mieszkania socjalne. W&nbsp;tym celu w&nbsp;czerwcu miasto z\u0142o\u017cy\u0142o wniosek na dofinansowanie unijne III etapu przedsi\u0119wzi\u0119cia. Chodzi o&nbsp;blisko 1,2 mln z\u0142. Pozyskane \u015brodki mia\u0142yby zosta\u0107 przeznaczone na utworzenie kolejnych 10 lokali socjalnych. Obecnie trwa ocena formalna z\u0142o\u017conego wniosku.<\/p>\n\n\n\n<p>Przypomnijmy, \u017ce prawo do lokalu socjalnego przys\u0142uguje osobom znajduj\u0105cym si\u0119 w&nbsp;trudnej sytuacji materialnej oraz osobom z&nbsp;wyrokiem eksmisyjnym z&nbsp;dotychczas zajmowanego mieszkania z&nbsp;orzeczonym prawem do lokalu socjalnego. W&nbsp;razie przyznania uprawnienia do lokalu socjalnego, obowi\u0105zek zapewnienia takiego lokalu ci\u0105\u017cy na gminie w\u0142a\u015bciwej ze wzgl\u0119du na miejsce po\u0142o\u017cenia lokalu, kt\u00f3ry w&nbsp;drodze eksmisji zostanie opr\u00f3\u017cniony.<\/p>\n\n\n\n<p>Aktualnie w\u00a0Rudzie \u015al\u0105skiej jest 1439 mieszka\u0144 socjalnych, z\u00a0tego 1046 znajduje si\u0119 w\u00a0zasobach miasta i\u00a0393 wynajmowanych jest przez miasto od sp\u00f3\u0142dzielni mieszkaniowych. Rejestr wyrok\u00f3w eksmisyjnych z\u00a0orzeczonym prawem do lokalu socjalnego liczy aktualnie 556. Jeszcze cztery lata temu by\u0142o to 2\u00a0300 wyrok\u00f3w, a\u00a0rok temu ok. 800.<\/p>\n\n\n\n<p>\u0179r\u00f3d\u0142o: UM Ruda \u015al\u0105ska<\/p>\n<div class=\"post-author\" style=\"font-size:13px\">Witold Tr\u00f3lka<\/div><\/div>","protected":false},"excerpt":{"rendered":"<p>Rozpocz\u0119\u0142o si\u0119 zasiedlanie jedenastu mieszka\u0144 socjalnych w\u00a0Rudzie \u015al\u0105skiej, kt\u00f3re powsta\u0142y w\u00a0niewykorzystywanych lokalach miejskich. Cztery z\u00a0nich przesz\u0142y w\u0142a\u015bnie odbiory budowlane i\u00a0zosta\u0142y oddane do u\u017cytkowania, w\u00a0pozosta\u0142ych siedmiu lokalizacjach prace zako\u0144czy\u0142y si\u0119 pod koniec maja br.\u00a0 Docelowo zamieszkaj\u0105 tam 52 osoby. O\u00a0mieszkania mog\u0142y ubiega\u0107 si\u0119 rodziny, kt\u00f3re zadeklarowa\u0142y&#8230;<\/p>","protected":false},"author":140,"featured_media":27477,"comment_status":"closed","ping_status":"closed","sticky":false,"template":"","format":"standard","meta":{"_acf_changed":false,"footnotes":""},"categories":[239,221],"tags":[1375,2100],"class_list":["post-27476","post","type-post","status-publish","format-standard","has-post-thumbnail","hentry","category-gospodarka-i-inwestycje","category-ruda-slaska","tag-mieszkania","tag-mieszkania-socjalne"],"acf":[],"yoast_head":"<!-- This site is optimized with the Yoast SEO plugin v27.4 - https:\/\/yoast.com\/product\/yoast-seo-wordpress\/ -->\n<title>Mieszkania gotowe, mo\u017cna si\u0119 wprowadza\u0107 - Metropolia GZM<\/title>\n<meta name=\"description\" content=\"Oficjalny portal G\u00f3rno\u015bl\u0105sko-Zag\u0142\u0119biowskiej Metropolii\" \/>\n<meta name=\"robots\" content=\"index, follow, max-snippet:-1, max-image-preview:large, max-video-preview:-1\" \/>\n<link rel=\"canonical\" href=\"https:\/\/metropoliagzm.pl\/en\/2020\/08\/03\/mieszkania-gotowe-mozna-sie-wprowadzac\/\" \/>\n<meta name=\"twitter:card\" content=\"summary_large_image\" \/>\n<meta name=\"twitter:title\" content=\"Mieszkania gotowe, mo\u017cna si\u0119 wprowadza\u0107 - Metropolia GZM\" \/>\n<meta name=\"twitter:description\" content=\"Oficjalny portal G\u00f3rno\u015bl\u0105sko-Zag\u0142\u0119biowskiej Metropolii\" \/>\n<meta name=\"twitter:image\" content=\"https:\/\/metropoliagzm.pl\/wp-content\/uploads\/2020\/08\/house-1407562_1280.jpg\" \/>\n<meta name=\"twitter:label1\" content=\"Written by\" \/>\n\t<meta name=\"twitter:data1\" content=\"Witold Tr\u00f3lka\" \/>\n\t<meta name=\"twitter:label2\" content=\"Estimated reading time\" \/>\n\t<meta name=\"twitter:data2\" content=\"4 minutes\" \/>\n<script type=\"application\/ld+json\" class=\"yoast-schema-graph\">{\"@context\":\"https:\\\/\\\/schema.org\",\"@graph\":[{\"@type\":\"Article\",\"@id\":\"https:\\\/\\\/metropoliagzm.pl\\\/de\\\/2020\\\/08\\\/03\\\/mieszkania-gotowe-mozna-sie-wprowadzac\\\/#article\",\"isPartOf\":{\"@id\":\"https:\\\/\\\/metropoliagzm.pl\\\/de\\\/2020\\\/08\\\/03\\\/mieszkania-gotowe-mozna-sie-wprowadzac\\\/\"},\"author\":{\"name\":\"Witold Tr\u00f3lka\",\"@id\":\"https:\\\/\\\/metropoliagzm.pl\\\/en\\\/#\\\/schema\\\/person\\\/96e19c492916cfe1ba595fd2f60d95b8\"},\"headline\":\"Mieszkania gotowe, mo\u017cna si\u0119 wprowadza\u0107\",\"datePublished\":\"2020-08-03T10:25:49+00:00\",\"dateModified\":\"2020-08-03T10:25:50+00:00\",\"mainEntityOfPage\":{\"@id\":\"https:\\\/\\\/metropoliagzm.pl\\\/de\\\/2020\\\/08\\\/03\\\/mieszkania-gotowe-mozna-sie-wprowadzac\\\/\"},\"wordCount\":885,\"publisher\":{\"@id\":\"https:\\\/\\\/metropoliagzm.pl\\\/en\\\/#organization\"},\"image\":{\"@id\":\"https:\\\/\\\/metropoliagzm.pl\\\/de\\\/2020\\\/08\\\/03\\\/mieszkania-gotowe-mozna-sie-wprowadzac\\\/#primaryimage\"},\"thumbnailUrl\":\"https:\\\/\\\/metropoliagzm.pl\\\/wp-content\\\/uploads\\\/2020\\\/08\\\/house-1407562_1280.jpg\",\"keywords\":[\"mieszkania\",\"mieszkania socjalne\"],\"articleSection\":[\"Gospodarka i Inwestycje\",\"Ruda \u015al\u0105ska\"],\"inLanguage\":\"en-GB\"},{\"@type\":\"WebPage\",\"@id\":\"https:\\\/\\\/metropoliagzm.pl\\\/de\\\/2020\\\/08\\\/03\\\/mieszkania-gotowe-mozna-sie-wprowadzac\\\/\",\"url\":\"https:\\\/\\\/metropoliagzm.pl\\\/de\\\/2020\\\/08\\\/03\\\/mieszkania-gotowe-mozna-sie-wprowadzac\\\/\",\"name\":\"Mieszkania gotowe, mo\u017cna si\u0119 wprowadza\u0107 - Metropolia GZM\",\"isPartOf\":{\"@id\":\"https:\\\/\\\/metropoliagzm.pl\\\/en\\\/#website\"},\"primaryImageOfPage\":{\"@id\":\"https:\\\/\\\/metropoliagzm.pl\\\/de\\\/2020\\\/08\\\/03\\\/mieszkania-gotowe-mozna-sie-wprowadzac\\\/#primaryimage\"},\"image\":{\"@id\":\"https:\\\/\\\/metropoliagzm.pl\\\/de\\\/2020\\\/08\\\/03\\\/mieszkania-gotowe-mozna-sie-wprowadzac\\\/#primaryimage\"},\"thumbnailUrl\":\"https:\\\/\\\/metropoliagzm.pl\\\/wp-content\\\/uploads\\\/2020\\\/08\\\/house-1407562_1280.jpg\",\"datePublished\":\"2020-08-03T10:25:49+00:00\",\"dateModified\":\"2020-08-03T10:25:50+00:00\",\"description\":\"Oficjalny portal G\u00f3rno\u015bl\u0105sko-Zag\u0142\u0119biowskiej Metropolii\",\"breadcrumb\":{\"@id\":\"https:\\\/\\\/metropoliagzm.pl\\\/de\\\/2020\\\/08\\\/03\\\/mieszkania-gotowe-mozna-sie-wprowadzac\\\/#breadcrumb\"},\"inLanguage\":\"en-GB\",\"potentialAction\":[{\"@type\":\"ReadAction\",\"target\":[\"https:\\\/\\\/metropoliagzm.pl\\\/de\\\/2020\\\/08\\\/03\\\/mieszkania-gotowe-mozna-sie-wprowadzac\\\/\"]}]},{\"@type\":\"ImageObject\",\"inLanguage\":\"en-GB\",\"@id\":\"https:\\\/\\\/metropoliagzm.pl\\\/de\\\/2020\\\/08\\\/03\\\/mieszkania-gotowe-mozna-sie-wprowadzac\\\/#primaryimage\",\"url\":\"https:\\\/\\\/metropoliagzm.pl\\\/wp-content\\\/uploads\\\/2020\\\/08\\\/house-1407562_1280.jpg\",\"contentUrl\":\"https:\\\/\\\/metropoliagzm.pl\\\/wp-content\\\/uploads\\\/2020\\\/08\\\/house-1407562_1280.jpg\",\"width\":1280,\"height\":853,\"caption\":\"www.pixabay.com\"},{\"@type\":\"BreadcrumbList\",\"@id\":\"https:\\\/\\\/metropoliagzm.pl\\\/de\\\/2020\\\/08\\\/03\\\/mieszkania-gotowe-mozna-sie-wprowadzac\\\/#breadcrumb\",\"itemListElement\":[{\"@type\":\"ListItem\",\"position\":1,\"name\":\"Strona g\u0142\u00f3wna\",\"item\":\"https:\\\/\\\/metropoliagzm.pl\\\/\"},{\"@type\":\"ListItem\",\"position\":2,\"name\":\"Mieszkania gotowe, mo\u017cna si\u0119 wprowadza\u0107\"}]},{\"@type\":\"WebSite\",\"@id\":\"https:\\\/\\\/metropoliagzm.pl\\\/en\\\/#website\",\"url\":\"https:\\\/\\\/metropoliagzm.pl\\\/en\\\/\",\"name\":\"Metropolia GZM\",\"description\":\"Oficjalny portal G\u00f3rno\u015bl\u0105sko-Zag\u0142\u0119biowskiej Metropolii\",\"publisher\":{\"@id\":\"https:\\\/\\\/metropoliagzm.pl\\\/en\\\/#organization\"},\"potentialAction\":[{\"@type\":\"SearchAction\",\"target\":{\"@type\":\"EntryPoint\",\"urlTemplate\":\"https:\\\/\\\/metropoliagzm.pl\\\/en\\\/?s={search_term_string}\"},\"query-input\":{\"@type\":\"PropertyValueSpecification\",\"valueRequired\":true,\"valueName\":\"search_term_string\"}}],\"inLanguage\":\"en-GB\"},{\"@type\":\"Organization\",\"@id\":\"https:\\\/\\\/metropoliagzm.pl\\\/en\\\/#organization\",\"name\":\"Metropolia GZM\",\"url\":\"https:\\\/\\\/metropoliagzm.pl\\\/en\\\/\",\"logo\":{\"@type\":\"ImageObject\",\"inLanguage\":\"en-GB\",\"@id\":\"https:\\\/\\\/metropoliagzm.pl\\\/en\\\/#\\\/schema\\\/logo\\\/image\\\/\",\"url\":\"https:\\\/\\\/metropoliagzm.pl\\\/wp-content\\\/uploads\\\/2019\\\/03\\\/Sygnet-strona-glowna.png\",\"contentUrl\":\"https:\\\/\\\/metropoliagzm.pl\\\/wp-content\\\/uploads\\\/2019\\\/03\\\/Sygnet-strona-glowna.png\",\"width\":36,\"height\":45,\"caption\":\"Metropolia GZM\"},\"image\":{\"@id\":\"https:\\\/\\\/metropoliagzm.pl\\\/en\\\/#\\\/schema\\\/logo\\\/image\\\/\"}},{\"@type\":\"Person\",\"@id\":\"https:\\\/\\\/metropoliagzm.pl\\\/en\\\/#\\\/schema\\\/person\\\/96e19c492916cfe1ba595fd2f60d95b8\",\"name\":\"Witold Tr\u00f3lka\",\"image\":{\"@type\":\"ImageObject\",\"inLanguage\":\"en-GB\",\"@id\":\"https:\\\/\\\/secure.gravatar.com\\\/avatar\\\/71e0c635e405b4a3631033f0d6f49e682b54dcd226d647737e1040a5a480d177?s=96&d=mm&r=g\",\"url\":\"https:\\\/\\\/secure.gravatar.com\\\/avatar\\\/71e0c635e405b4a3631033f0d6f49e682b54dcd226d647737e1040a5a480d177?s=96&d=mm&r=g\",\"contentUrl\":\"https:\\\/\\\/secure.gravatar.com\\\/avatar\\\/71e0c635e405b4a3631033f0d6f49e682b54dcd226d647737e1040a5a480d177?s=96&d=mm&r=g\",\"caption\":\"Witold Tr\u00f3lka\"},\"url\":\"https:\\\/\\\/metropoliagzm.pl\\\/en\\\/author\\\/w-trolka\\\/\"}]}<\/script>\n<!-- \/ Yoast SEO plugin. -->","yoast_head_json":{"title":"Mieszkania gotowe, mo\u017cna si\u0119 wprowadza\u0107 - Metropolia GZM","description":"Oficjalny portal G\u00f3rno\u015bl\u0105sko-Zag\u0142\u0119biowskiej Metropolii","robots":{"index":"index","follow":"follow","max-snippet":"max-snippet:-1","max-image-preview":"max-image-preview:large","max-video-preview":"max-video-preview:-1"},"canonical":"https:\/\/metropoliagzm.pl\/en\/2020\/08\/03\/mieszkania-gotowe-mozna-sie-wprowadzac\/","twitter_card":"summary_large_image","twitter_title":"Mieszkania gotowe, mo\u017cna si\u0119 wprowadza\u0107 - Metropolia GZM","twitter_description":"Oficjalny portal G\u00f3rno\u015bl\u0105sko-Zag\u0142\u0119biowskiej Metropolii","twitter_image":"https:\/\/metropoliagzm.pl\/wp-content\/uploads\/2020\/08\/house-1407562_1280.jpg","twitter_misc":{"Written by":"Witold Tr\u00f3lka","Estimated reading time":"4 minutes"},"schema":{"@context":"https:\/\/schema.org","@graph":[{"@type":"Article","@id":"https:\/\/metropoliagzm.pl\/de\/2020\/08\/03\/mieszkania-gotowe-mozna-sie-wprowadzac\/#article","isPartOf":{"@id":"https:\/\/metropoliagzm.pl\/de\/2020\/08\/03\/mieszkania-gotowe-mozna-sie-wprowadzac\/"},"author":{"name":"Witold Tr\u00f3lka","@id":"https:\/\/metropoliagzm.pl\/en\/#\/schema\/person\/96e19c492916cfe1ba595fd2f60d95b8"},"headline":"Mieszkania gotowe, mo\u017cna si\u0119 wprowadza\u0107","datePublished":"2020-08-03T10:25:49+00:00","dateModified":"2020-08-03T10:25:50+00:00","mainEntityOfPage":{"@id":"https:\/\/metropoliagzm.pl\/de\/2020\/08\/03\/mieszkania-gotowe-mozna-sie-wprowadzac\/"},"wordCount":885,"publisher":{"@id":"https:\/\/metropoliagzm.pl\/en\/#organization"},"image":{"@id":"https:\/\/metropoliagzm.pl\/de\/2020\/08\/03\/mieszkania-gotowe-mozna-sie-wprowadzac\/#primaryimage"},"thumbnailUrl":"https:\/\/metropoliagzm.pl\/wp-content\/uploads\/2020\/08\/house-1407562_1280.jpg","keywords":["mieszkania","mieszkania socjalne"],"articleSection":["Gospodarka i Inwestycje","Ruda \u015al\u0105ska"],"inLanguage":"en-GB"},{"@type":"WebPage","@id":"https:\/\/metropoliagzm.pl\/de\/2020\/08\/03\/mieszkania-gotowe-mozna-sie-wprowadzac\/","url":"https:\/\/metropoliagzm.pl\/de\/2020\/08\/03\/mieszkania-gotowe-mozna-sie-wprowadzac\/","name":"Mieszkania gotowe, mo\u017cna si\u0119 wprowadza\u0107 - Metropolia GZM","isPartOf":{"@id":"https:\/\/metropoliagzm.pl\/en\/#website"},"primaryImageOfPage":{"@id":"https:\/\/metropoliagzm.pl\/de\/2020\/08\/03\/mieszkania-gotowe-mozna-sie-wprowadzac\/#primaryimage"},"image":{"@id":"https:\/\/metropoliagzm.pl\/de\/2020\/08\/03\/mieszkania-gotowe-mozna-sie-wprowadzac\/#primaryimage"},"thumbnailUrl":"https:\/\/metropoliagzm.pl\/wp-content\/uploads\/2020\/08\/house-1407562_1280.jpg","datePublished":"2020-08-03T10:25:49+00:00","dateModified":"2020-08-03T10:25:50+00:00","description":"Oficjalny portal G\u00f3rno\u015bl\u0105sko-Zag\u0142\u0119biowskiej Metropolii","breadcrumb":{"@id":"https:\/\/metropoliagzm.pl\/de\/2020\/08\/03\/mieszkania-gotowe-mozna-sie-wprowadzac\/#breadcrumb"},"inLanguage":"en-GB","potentialAction":[{"@type":"ReadAction","target":["https:\/\/metropoliagzm.pl\/de\/2020\/08\/03\/mieszkania-gotowe-mozna-sie-wprowadzac\/"]}]},{"@type":"ImageObject","inLanguage":"en-GB","@id":"https:\/\/metropoliagzm.pl\/de\/2020\/08\/03\/mieszkania-gotowe-mozna-sie-wprowadzac\/#primaryimage","url":"https:\/\/metropoliagzm.pl\/wp-content\/uploads\/2020\/08\/house-1407562_1280.jpg","contentUrl":"https:\/\/metropoliagzm.pl\/wp-content\/uploads\/2020\/08\/house-1407562_1280.jpg","width":1280,"height":853,"caption":"www.pixabay.com"},{"@type":"BreadcrumbList","@id":"https:\/\/metropoliagzm.pl\/de\/2020\/08\/03\/mieszkania-gotowe-mozna-sie-wprowadzac\/#breadcrumb","itemListElement":[{"@type":"ListItem","position":1,"name":"Strona g\u0142\u00f3wna","item":"https:\/\/metropoliagzm.pl\/"},{"@type":"ListItem","position":2,"name":"Mieszkania gotowe, mo\u017cna si\u0119 wprowadza\u0107"}]},{"@type":"WebSite","@id":"https:\/\/metropoliagzm.pl\/en\/#website","url":"https:\/\/metropoliagzm.pl\/en\/","name":"Metropolia GZM","description":"Oficjalny portal G\u00f3rno\u015bl\u0105sko-Zag\u0142\u0119biowskiej Metropolii","publisher":{"@id":"https:\/\/metropoliagzm.pl\/en\/#organization"},"potentialAction":[{"@type":"SearchAction","target":{"@type":"EntryPoint","urlTemplate":"https:\/\/metropoliagzm.pl\/en\/?s={search_term_string}"},"query-input":{"@type":"PropertyValueSpecification","valueRequired":true,"valueName":"search_term_string"}}],"inLanguage":"en-GB"},{"@type":"Organization","@id":"https:\/\/metropoliagzm.pl\/en\/#organization","name":"Metropolia GZM","url":"https:\/\/metropoliagzm.pl\/en\/","logo":{"@type":"ImageObject","inLanguage":"en-GB","@id":"https:\/\/metropoliagzm.pl\/en\/#\/schema\/logo\/image\/","url":"https:\/\/metropoliagzm.pl\/wp-content\/uploads\/2019\/03\/Sygnet-strona-glowna.png","contentUrl":"https:\/\/metropoliagzm.pl\/wp-content\/uploads\/2019\/03\/Sygnet-strona-glowna.png","width":36,"height":45,"caption":"Metropolia GZM"},"image":{"@id":"https:\/\/metropoliagzm.pl\/en\/#\/schema\/logo\/image\/"}},{"@type":"Person","@id":"https:\/\/metropoliagzm.pl\/en\/#\/schema\/person\/96e19c492916cfe1ba595fd2f60d95b8","name":"Witold Tr\u00f3lka","image":{"@type":"ImageObject","inLanguage":"en-GB","@id":"https:\/\/secure.gravatar.com\/avatar\/71e0c635e405b4a3631033f0d6f49e682b54dcd226d647737e1040a5a480d177?s=96&d=mm&r=g","url":"https:\/\/secure.gravatar.com\/avatar\/71e0c635e405b4a3631033f0d6f49e682b54dcd226d647737e1040a5a480d177?s=96&d=mm&r=g","contentUrl":"https:\/\/secure.gravatar.com\/avatar\/71e0c635e405b4a3631033f0d6f49e682b54dcd226d647737e1040a5a480d177?s=96&d=mm&r=g","caption":"Witold Tr\u00f3lka"},"url":"https:\/\/metropoliagzm.pl\/en\/author\/w-trolka\/"}]}},"_links":{"self":[{"href":"https:\/\/metropoliagzm.pl\/en\/wp-json\/wp\/v2\/posts\/27476","targetHints":{"allow":["GET"]}}],"collection":[{"href":"https:\/\/metropoliagzm.pl\/en\/wp-json\/wp\/v2\/posts"}],"about":[{"href":"https:\/\/metropoliagzm.pl\/en\/wp-json\/wp\/v2\/types\/post"}],"author":[{"embeddable":true,"href":"https:\/\/metropoliagzm.pl\/en\/wp-json\/wp\/v2\/users\/140"}],"replies":[{"embeddable":true,"href":"https:\/\/metropoliagzm.pl\/en\/wp-json\/wp\/v2\/comments?post=27476"}],"version-history":[{"count":1,"href":"https:\/\/metropoliagzm.pl\/en\/wp-json\/wp\/v2\/posts\/27476\/revisions"}],"predecessor-version":[{"id":27478,"href":"https:\/\/metropoliagzm.pl\/en\/wp-json\/wp\/v2\/posts\/27476\/revisions\/27478"}],"wp:featuredmedia":[{"embeddable":true,"href":"https:\/\/metropoliagzm.pl\/en\/wp-json\/wp\/v2\/media\/27477"}],"wp:attachment":[{"href":"https:\/\/metropoliagzm.pl\/en\/wp-json\/wp\/v2\/media?parent=27476"}],"wp:term":[{"taxonomy":"category","embeddable":true,"href":"https:\/\/metropoliagzm.pl\/en\/wp-json\/wp\/v2\/categories?post=27476"},{"taxonomy":"post_tag","embeddable":true,"href":"https:\/\/metropoliagzm.pl\/en\/wp-json\/wp\/v2\/tags?post=27476"}],"curies":[{"name":"wp","href":"https:\/\/api.w.org\/{rel}","templated":true}]}}