{"id":27895,"date":"2020-08-21T15:11:12","date_gmt":"2020-08-21T13:11:12","guid":{"rendered":"https:\/\/metropoliagzm.pl\/?p=27895"},"modified":"2020-08-21T15:11:13","modified_gmt":"2020-08-21T13:11:13","slug":"ostatni-etap-tworzenia-malej-strefy-ekonomicznej-w-zabrzu-2","status":"publish","type":"post","link":"https:\/\/metropoliagzm.pl\/en\/2020\/08\/21\/ostatni-etap-tworzenia-malej-strefy-ekonomicznej-w-zabrzu-2\/","title":{"rendered":"Ostatni etap tworzenia \u201ema\u0142ej strefy ekonomicznej\u201d w Zabrzu"},"content":{"rendered":"<div class=\"pdf-block\"><div class=\"pdfprnt-buttons  pdfprnt-new pdfprnt-buttons-post pdfprnt-top-right\"><div class=\"jssocials-share jssocials-share-twitter\"><a target=\"_blank\" href=\"https:\/\/twitter.com\/share?url=https:\/\/metropoliagzm.pl\/en\/wp-json\/wp\/v2\/posts\/27895;text=27895\" class=\"jssocials-share-link\"><i class=\"fa fa-twitter jssocials-share-logo\"><\/i><\/a><\/div><div class=\"jssocials-share jssocials-share-facebook\"><a target=\"_blank\" href=\"https:\/\/facebook.com\/sharer\/sharer.php?u=https:\/\/metropoliagzm.pl\/en\/wp-json\/wp\/v2\/posts\/27895\" class=\"jssocials-share-link\"><i class=\"fa fa-facebook jssocials-share-logo\"><\/i><\/a><\/div><div class=\"jssocials-share jssocials-share-pinterest\"><a target=\"_blank\" href=\"https:\/\/pinterest.com\/pin\/create\/bookmarklet\/?&amp;url=https:\/\/metropoliagzm.pl\/en\/wp-json\/wp\/v2\/posts\/27895;description=27895\" class=\"jssocials-share-link\"><i class=\"fa fa-pinterest jssocials-share-logo\"><\/i><\/a><\/div><a href=\"https:\/\/metropoliagzm.pl\/en\/wp-json\/wp\/v2\/posts\/27895?print=pdf\" class=\"pdfprnt-button pdfprnt-button-pdf\" target=\"_blank\"><img decoding=\"async\" src=\"https:\/\/metropoliagzm.pl\/wp-content\/plugins\/pdf-print\/images\/pdf.png\" alt=\"image_pdf\" title=\"View PDF\" \/><\/a><a href=\"https:\/\/metropoliagzm.pl\/en\/wp-json\/wp\/v2\/posts\/27895?print=print\" class=\"pdfprnt-button pdfprnt-button-print\" target=\"_blank\"><img decoding=\"async\" src=\"https:\/\/metropoliagzm.pl\/wp-content\/plugins\/pdf-print\/images\/print.png\" alt=\"image_print\" title=\"Print Content\" \/><\/a><\/div><\/div><div class=\"post-block-pdf\"><div class=\"pdfprnt-buttons pdfprnt-buttons-post pdfprnt-top-right\"><a href=\"https:\/\/metropoliagzm.pl\/en\/wp-json\/wp\/v2\/posts\/27895?print=pdf\" class=\"pdfprnt-button pdfprnt-button-pdf\" target=\"_blank\"><img decoding=\"async\" src=\"https:\/\/metropoliagzm.pl\/wp-content\/plugins\/pdf-print\/images\/pdf.png\" alt=\"image_pdf\" title=\"View PDF\" \/><\/a><a href=\"https:\/\/metropoliagzm.pl\/en\/wp-json\/wp\/v2\/posts\/27895?print=print\" class=\"pdfprnt-button pdfprnt-button-print\" target=\"_blank\"><img decoding=\"async\" src=\"https:\/\/metropoliagzm.pl\/wp-content\/plugins\/pdf-print\/images\/print.png\" alt=\"image_print\" title=\"Print Content\" \/><\/a><\/div>\n<p><strong>W zabrza\u0144skim Ratuszu podpisana zosta\u0142a w dniu 20 sierpnia b.r. umowa na budow\u0119 ronda oraz drogi \u0142\u0105cz\u0105cej ul. Handlow\u0105 z ulicami Pyskowick\u0105 i Magazynow\u0105. To wa\u017cna inwestycja, kt\u00f3ra istotnie u\u0142atwi funkcjonowanie dzia\u0142aj\u0105cych w tzw. \u201ema\u0142ej strefie ekonomicznej\u201d zak\u0142ad\u00f3w pracy oraz pozwoli na sprzeda\u017c kolejnych dw\u00f3ch grunt\u00f3w.<\/strong><\/p>\n\n\n\n<p>Miejski Zarz\u0105d Dr\u00f3g i Infrastruktury Informatycznej w Zabrzu podpisa\u0142 umow\u0119 z firm\u0105 Technical Solutions Sp. z o.o. na wykonanie wartej ponad 5 mln z\u0142 inwestycji (5.250.860 z\u0142). Zgodnie z planem, przedsi\u0119biorcy w tej cz\u0119\u015bci zabrza\u0144skiej \u201ema\u0142ej strefy ekonomicznej\u201d b\u0119d\u0105 mogli korzysta\u0107 z nowej, w pe\u0142ni uzbrojonej infrastruktury drogowej ju\u017c wiosn\u0105 przysz\u0142ego roku.<\/p>\n\n\n\n<p>W ramach inwestycji wybudowanych zostanie 658 m drogi wraz z o\u015bwietleniem, \u015bcie\u017ck\u0105 rowerow\u0105 i chodnikiem, zjazdami do posesji oraz pe\u0142nym uzbrojeniem w sieci wod-kan. Nowa infrastruktura zostanie po\u0142\u0105czona z ulicami Magazynow\u0105 i Pyskowick\u0105 rondem, kt\u00f3re zapewni wi\u0119ksze bezpiecze\u0144stwo ni\u017c zwyk\u0142e skrzy\u017cowanie.<\/p>\n\n\n\n<p>Miasto Zabrze pozyska\u0142o ponad 2,3 mln z\u0142 (2.343.361 z\u0142) z Funduszu Dr\u00f3g Samorz\u0105dowych na realizacj\u0119 tego zadania. Dzi\u0119ki inwestycji mo\u017cliwa b\u0119dzie sprzeda\u017c kolejnych dw\u00f3ch grunt\u00f3w w tzw. \u201ema\u0142ej strefie ekonomicznej\u201d. Infrastruktura u\u0142atwi r\u00f3wnie\u017c funkcjonowanie istniej\u0105cych ju\u017c zak\u0142ad\u00f3w pracy.<\/p>\n\n\n\n<p><em>&#8211; Rozpoczynaj\u0105ca si\u0119 dzi\u015b inwestycja istotnie poprawi skomunikowanie dzia\u0142aj\u0105cych w \u201ema\u0142ej strefie ekonomicznej\u201d zak\u0142ad\u00f3w pracy. To rozwi\u0105zanie u\u0142atwi funkcjonowanie takim firmom jak m.in. Electrolux, NMC czy Pionart, poniewa\u017c samochody dostawcze nie b\u0119d\u0105 musia\u0142y dokonywa\u0107 ju\u017c objazdu przez ul. Sk\u0142adow\u0105. Budowa tej drogi pozwoli tak\u017ce udost\u0119pni\u0107 dwa kolejne grunty dla nowych inwestor\u00f3w<\/em> \u2013 m\u00f3wi Ma\u0142gorzata Ma\u0144ka-Szulik, prezydent Zabrza.<\/p>\n\n\n\n<p>Miasto w ostatnich latach wybudowa\u0142o na nale\u017c\u0105cych do gminy terenach ulic\u0119 Handlow\u0105. W ubieg\u0142ym roku powsta\u0142 kolejny odcinek drogi, kt\u00f3ry pozwoli\u0142 na utworzenie czterech dzia\u0142ek inwestycyjnych na p\u00f3\u0142noc od ul. Handlowej. Budowa nowej drogi w ramach III etapu przedsi\u0119wzi\u0119cia pozwoli na udost\u0119pnienie kolejnych teren\u00f3w, tym razem po stronie po\u0142udniowej. Gmina przygotowa\u0142a tam dwie dzia\u0142ki o \u0142\u0105cznej powierzchni ponad 5 ha, kt\u00f3re zostan\u0105 przekazane na sprzeda\u017c po zako\u0144czeniu inwestycji. Obszar ju\u017c dzisiaj cieszy si\u0119 sporym zainteresowaniem biznesu, o czym \u015bwiadczy realizowana w\u0142a\u015bnie przez firm\u0119 Panattoni Europe inwestycja. Ameryka\u0144skie przedsi\u0119biorstwo buduje na tym terenie obiekt przemys\u0142owo-magazynowy o \u0142\u0105cznej powierzchni ponad 60 tys. m2.<\/p>\n\n\n\n<p>Warto przypomnie\u0107, \u017ce miasto zainwestowa\u0142o tak\u017ce 65 mln z\u0142 w uzbrojenie zabrza\u0144skich teren\u00f3w Katowickiej Specjalnej Strefy Ekonomicznej przy ul Ofiar Katynia. Sprzedanych zosta\u0142o tam ju\u017c 31 dzia\u0142ek (blisko 90% powierzchni strefy). Dot\u0105d swoje zak\u0142ady w zabrza\u0144skiej strefie (licz\u0105cej 157 hektar\u00f3w podzielonych na 45 dzia\u0142ek o wielko\u015bci 0,5-21 ha) uruchomi\u0142o 15 firm, kt\u00f3re zainwestowa\u0142y ok. 500 mln z\u0142 i zatrudni\u0142y blisko 1,5 tys. os\u00f3b.<\/p>\n\n\n\n<p>\u0179r\u00f3d\u0142o: UM Zabrze<\/p>\n<div class=\"post-author\" style=\"font-size:13px\">Witold Tr\u00f3lka<\/div><\/div>","protected":false},"excerpt":{"rendered":"<p>W zabrza\u0144skim Ratuszu podpisana zosta\u0142a w dniu 20 sierpnia b.r. umowa na budow\u0119 ronda oraz drogi \u0142\u0105cz\u0105cej ul. Handlow\u0105 z ulicami Pyskowick\u0105 i Magazynow\u0105. To wa\u017cna inwestycja, kt\u00f3ra istotnie u\u0142atwi funkcjonowanie dzia\u0142aj\u0105cych w tzw. \u201ema\u0142ej strefie ekonomicznej\u201d zak\u0142ad\u00f3w pracy oraz pozwoli na sprzeda\u017c kolejnych dw\u00f3ch&#8230;<\/p>","protected":false},"author":140,"featured_media":27901,"comment_status":"closed","ping_status":"closed","sticky":false,"template":"","format":"standard","meta":{"_acf_changed":false,"footnotes":""},"categories":[239,234],"tags":[763],"class_list":["post-27895","post","type-post","status-publish","format-standard","has-post-thumbnail","hentry","category-gospodarka-i-inwestycje","category-zabrze","tag-ksse"],"acf":[],"yoast_head":"<!-- This site is optimized with the Yoast SEO plugin v27.4 - https:\/\/yoast.com\/product\/yoast-seo-wordpress\/ -->\n<title>Ostatni etap tworzenia \u201ema\u0142ej strefy ekonomicznej\u201d w Zabrzu - Metropolia GZM<\/title>\n<meta name=\"description\" content=\"Oficjalny portal G\u00f3rno\u015bl\u0105sko-Zag\u0142\u0119biowskiej Metropolii\" \/>\n<meta name=\"robots\" content=\"index, follow, max-snippet:-1, max-image-preview:large, max-video-preview:-1\" \/>\n<link rel=\"canonical\" href=\"https:\/\/metropoliagzm.pl\/en\/2020\/08\/21\/ostatni-etap-tworzenia-malej-strefy-ekonomicznej-w-zabrzu-2\/\" \/>\n<meta name=\"twitter:card\" content=\"summary_large_image\" \/>\n<meta name=\"twitter:title\" content=\"Ostatni etap tworzenia \u201ema\u0142ej strefy ekonomicznej\u201d w Zabrzu - Metropolia GZM\" \/>\n<meta name=\"twitter:description\" content=\"Oficjalny portal G\u00f3rno\u015bl\u0105sko-Zag\u0142\u0119biowskiej Metropolii\" \/>\n<meta name=\"twitter:image\" content=\"https:\/\/metropoliagzm.pl\/wp-content\/uploads\/2020\/08\/Hutnicza.jpg\" \/>\n<meta name=\"twitter:label1\" content=\"Written by\" \/>\n\t<meta name=\"twitter:data1\" content=\"Witold Tr\u00f3lka\" \/>\n\t<meta name=\"twitter:label2\" content=\"Estimated reading time\" \/>\n\t<meta name=\"twitter:data2\" content=\"2 minutes\" \/>\n<script type=\"application\/ld+json\" class=\"yoast-schema-graph\">{\"@context\":\"https:\\\/\\\/schema.org\",\"@graph\":[{\"@type\":\"Article\",\"@id\":\"https:\\\/\\\/metropoliagzm.pl\\\/en\\\/2020\\\/08\\\/21\\\/ostatni-etap-tworzenia-malej-strefy-ekonomicznej-w-zabrzu-2\\\/#article\",\"isPartOf\":{\"@id\":\"https:\\\/\\\/metropoliagzm.pl\\\/en\\\/2020\\\/08\\\/21\\\/ostatni-etap-tworzenia-malej-strefy-ekonomicznej-w-zabrzu-2\\\/\"},\"author\":{\"name\":\"Witold Tr\u00f3lka\",\"@id\":\"https:\\\/\\\/metropoliagzm.pl\\\/en\\\/#\\\/schema\\\/person\\\/96e19c492916cfe1ba595fd2f60d95b8\"},\"headline\":\"Ostatni etap tworzenia \u201ema\u0142ej strefy ekonomicznej\u201d w Zabrzu\",\"datePublished\":\"2020-08-21T13:11:12+00:00\",\"dateModified\":\"2020-08-21T13:11:13+00:00\",\"mainEntityOfPage\":{\"@id\":\"https:\\\/\\\/metropoliagzm.pl\\\/en\\\/2020\\\/08\\\/21\\\/ostatni-etap-tworzenia-malej-strefy-ekonomicznej-w-zabrzu-2\\\/\"},\"wordCount\":498,\"publisher\":{\"@id\":\"https:\\\/\\\/metropoliagzm.pl\\\/en\\\/#organization\"},\"image\":{\"@id\":\"https:\\\/\\\/metropoliagzm.pl\\\/en\\\/2020\\\/08\\\/21\\\/ostatni-etap-tworzenia-malej-strefy-ekonomicznej-w-zabrzu-2\\\/#primaryimage\"},\"thumbnailUrl\":\"https:\\\/\\\/metropoliagzm.pl\\\/wp-content\\\/uploads\\\/2020\\\/08\\\/Hutnicza.jpg\",\"keywords\":[\"KSSE\"],\"articleSection\":[\"Gospodarka i Inwestycje\",\"Zabrze\"],\"inLanguage\":\"en-GB\"},{\"@type\":\"WebPage\",\"@id\":\"https:\\\/\\\/metropoliagzm.pl\\\/en\\\/2020\\\/08\\\/21\\\/ostatni-etap-tworzenia-malej-strefy-ekonomicznej-w-zabrzu-2\\\/\",\"url\":\"https:\\\/\\\/metropoliagzm.pl\\\/en\\\/2020\\\/08\\\/21\\\/ostatni-etap-tworzenia-malej-strefy-ekonomicznej-w-zabrzu-2\\\/\",\"name\":\"Ostatni etap tworzenia \u201ema\u0142ej strefy ekonomicznej\u201d w Zabrzu - Metropolia GZM\",\"isPartOf\":{\"@id\":\"https:\\\/\\\/metropoliagzm.pl\\\/en\\\/#website\"},\"primaryImageOfPage\":{\"@id\":\"https:\\\/\\\/metropoliagzm.pl\\\/en\\\/2020\\\/08\\\/21\\\/ostatni-etap-tworzenia-malej-strefy-ekonomicznej-w-zabrzu-2\\\/#primaryimage\"},\"image\":{\"@id\":\"https:\\\/\\\/metropoliagzm.pl\\\/en\\\/2020\\\/08\\\/21\\\/ostatni-etap-tworzenia-malej-strefy-ekonomicznej-w-zabrzu-2\\\/#primaryimage\"},\"thumbnailUrl\":\"https:\\\/\\\/metropoliagzm.pl\\\/wp-content\\\/uploads\\\/2020\\\/08\\\/Hutnicza.jpg\",\"datePublished\":\"2020-08-21T13:11:12+00:00\",\"dateModified\":\"2020-08-21T13:11:13+00:00\",\"description\":\"Oficjalny portal G\u00f3rno\u015bl\u0105sko-Zag\u0142\u0119biowskiej Metropolii\",\"breadcrumb\":{\"@id\":\"https:\\\/\\\/metropoliagzm.pl\\\/en\\\/2020\\\/08\\\/21\\\/ostatni-etap-tworzenia-malej-strefy-ekonomicznej-w-zabrzu-2\\\/#breadcrumb\"},\"inLanguage\":\"en-GB\",\"potentialAction\":[{\"@type\":\"ReadAction\",\"target\":[\"https:\\\/\\\/metropoliagzm.pl\\\/en\\\/2020\\\/08\\\/21\\\/ostatni-etap-tworzenia-malej-strefy-ekonomicznej-w-zabrzu-2\\\/\"]}]},{\"@type\":\"ImageObject\",\"inLanguage\":\"en-GB\",\"@id\":\"https:\\\/\\\/metropoliagzm.pl\\\/en\\\/2020\\\/08\\\/21\\\/ostatni-etap-tworzenia-malej-strefy-ekonomicznej-w-zabrzu-2\\\/#primaryimage\",\"url\":\"https:\\\/\\\/metropoliagzm.pl\\\/wp-content\\\/uploads\\\/2020\\\/08\\\/Hutnicza.jpg\",\"contentUrl\":\"https:\\\/\\\/metropoliagzm.pl\\\/wp-content\\\/uploads\\\/2020\\\/08\\\/Hutnicza.jpg\",\"width\":1200,\"height\":613,\"caption\":\"Foto: UM Zabrze\"},{\"@type\":\"BreadcrumbList\",\"@id\":\"https:\\\/\\\/metropoliagzm.pl\\\/en\\\/2020\\\/08\\\/21\\\/ostatni-etap-tworzenia-malej-strefy-ekonomicznej-w-zabrzu-2\\\/#breadcrumb\",\"itemListElement\":[{\"@type\":\"ListItem\",\"position\":1,\"name\":\"Strona g\u0142\u00f3wna\",\"item\":\"https:\\\/\\\/metropoliagzm.pl\\\/\"},{\"@type\":\"ListItem\",\"position\":2,\"name\":\"Ostatni etap tworzenia \u201ema\u0142ej strefy ekonomicznej\u201d w Zabrzu\"}]},{\"@type\":\"WebSite\",\"@id\":\"https:\\\/\\\/metropoliagzm.pl\\\/en\\\/#website\",\"url\":\"https:\\\/\\\/metropoliagzm.pl\\\/en\\\/\",\"name\":\"Metropolia GZM\",\"description\":\"Oficjalny portal G\u00f3rno\u015bl\u0105sko-Zag\u0142\u0119biowskiej Metropolii\",\"publisher\":{\"@id\":\"https:\\\/\\\/metropoliagzm.pl\\\/en\\\/#organization\"},\"potentialAction\":[{\"@type\":\"SearchAction\",\"target\":{\"@type\":\"EntryPoint\",\"urlTemplate\":\"https:\\\/\\\/metropoliagzm.pl\\\/en\\\/?s={search_term_string}\"},\"query-input\":{\"@type\":\"PropertyValueSpecification\",\"valueRequired\":true,\"valueName\":\"search_term_string\"}}],\"inLanguage\":\"en-GB\"},{\"@type\":\"Organization\",\"@id\":\"https:\\\/\\\/metropoliagzm.pl\\\/en\\\/#organization\",\"name\":\"Metropolia GZM\",\"url\":\"https:\\\/\\\/metropoliagzm.pl\\\/en\\\/\",\"logo\":{\"@type\":\"ImageObject\",\"inLanguage\":\"en-GB\",\"@id\":\"https:\\\/\\\/metropoliagzm.pl\\\/en\\\/#\\\/schema\\\/logo\\\/image\\\/\",\"url\":\"https:\\\/\\\/metropoliagzm.pl\\\/wp-content\\\/uploads\\\/2019\\\/03\\\/Sygnet-strona-glowna.png\",\"contentUrl\":\"https:\\\/\\\/metropoliagzm.pl\\\/wp-content\\\/uploads\\\/2019\\\/03\\\/Sygnet-strona-glowna.png\",\"width\":36,\"height\":45,\"caption\":\"Metropolia GZM\"},\"image\":{\"@id\":\"https:\\\/\\\/metropoliagzm.pl\\\/en\\\/#\\\/schema\\\/logo\\\/image\\\/\"}},{\"@type\":\"Person\",\"@id\":\"https:\\\/\\\/metropoliagzm.pl\\\/en\\\/#\\\/schema\\\/person\\\/96e19c492916cfe1ba595fd2f60d95b8\",\"name\":\"Witold Tr\u00f3lka\",\"image\":{\"@type\":\"ImageObject\",\"inLanguage\":\"en-GB\",\"@id\":\"https:\\\/\\\/secure.gravatar.com\\\/avatar\\\/71e0c635e405b4a3631033f0d6f49e682b54dcd226d647737e1040a5a480d177?s=96&d=mm&r=g\",\"url\":\"https:\\\/\\\/secure.gravatar.com\\\/avatar\\\/71e0c635e405b4a3631033f0d6f49e682b54dcd226d647737e1040a5a480d177?s=96&d=mm&r=g\",\"contentUrl\":\"https:\\\/\\\/secure.gravatar.com\\\/avatar\\\/71e0c635e405b4a3631033f0d6f49e682b54dcd226d647737e1040a5a480d177?s=96&d=mm&r=g\",\"caption\":\"Witold Tr\u00f3lka\"},\"url\":\"https:\\\/\\\/metropoliagzm.pl\\\/en\\\/author\\\/w-trolka\\\/\"}]}<\/script>\n<!-- \/ Yoast SEO plugin. -->","yoast_head_json":{"title":"Ostatni etap tworzenia \u201ema\u0142ej strefy ekonomicznej\u201d w Zabrzu - Metropolia GZM","description":"Oficjalny portal G\u00f3rno\u015bl\u0105sko-Zag\u0142\u0119biowskiej Metropolii","robots":{"index":"index","follow":"follow","max-snippet":"max-snippet:-1","max-image-preview":"max-image-preview:large","max-video-preview":"max-video-preview:-1"},"canonical":"https:\/\/metropoliagzm.pl\/en\/2020\/08\/21\/ostatni-etap-tworzenia-malej-strefy-ekonomicznej-w-zabrzu-2\/","twitter_card":"summary_large_image","twitter_title":"Ostatni etap tworzenia \u201ema\u0142ej strefy ekonomicznej\u201d w Zabrzu - Metropolia GZM","twitter_description":"Oficjalny portal G\u00f3rno\u015bl\u0105sko-Zag\u0142\u0119biowskiej Metropolii","twitter_image":"https:\/\/metropoliagzm.pl\/wp-content\/uploads\/2020\/08\/Hutnicza.jpg","twitter_misc":{"Written by":"Witold Tr\u00f3lka","Estimated reading time":"2 minutes"},"schema":{"@context":"https:\/\/schema.org","@graph":[{"@type":"Article","@id":"https:\/\/metropoliagzm.pl\/en\/2020\/08\/21\/ostatni-etap-tworzenia-malej-strefy-ekonomicznej-w-zabrzu-2\/#article","isPartOf":{"@id":"https:\/\/metropoliagzm.pl\/en\/2020\/08\/21\/ostatni-etap-tworzenia-malej-strefy-ekonomicznej-w-zabrzu-2\/"},"author":{"name":"Witold Tr\u00f3lka","@id":"https:\/\/metropoliagzm.pl\/en\/#\/schema\/person\/96e19c492916cfe1ba595fd2f60d95b8"},"headline":"Ostatni etap tworzenia \u201ema\u0142ej strefy ekonomicznej\u201d w Zabrzu","datePublished":"2020-08-21T13:11:12+00:00","dateModified":"2020-08-21T13:11:13+00:00","mainEntityOfPage":{"@id":"https:\/\/metropoliagzm.pl\/en\/2020\/08\/21\/ostatni-etap-tworzenia-malej-strefy-ekonomicznej-w-zabrzu-2\/"},"wordCount":498,"publisher":{"@id":"https:\/\/metropoliagzm.pl\/en\/#organization"},"image":{"@id":"https:\/\/metropoliagzm.pl\/en\/2020\/08\/21\/ostatni-etap-tworzenia-malej-strefy-ekonomicznej-w-zabrzu-2\/#primaryimage"},"thumbnailUrl":"https:\/\/metropoliagzm.pl\/wp-content\/uploads\/2020\/08\/Hutnicza.jpg","keywords":["KSSE"],"articleSection":["Gospodarka i Inwestycje","Zabrze"],"inLanguage":"en-GB"},{"@type":"WebPage","@id":"https:\/\/metropoliagzm.pl\/en\/2020\/08\/21\/ostatni-etap-tworzenia-malej-strefy-ekonomicznej-w-zabrzu-2\/","url":"https:\/\/metropoliagzm.pl\/en\/2020\/08\/21\/ostatni-etap-tworzenia-malej-strefy-ekonomicznej-w-zabrzu-2\/","name":"Ostatni etap tworzenia \u201ema\u0142ej strefy ekonomicznej\u201d w Zabrzu - Metropolia GZM","isPartOf":{"@id":"https:\/\/metropoliagzm.pl\/en\/#website"},"primaryImageOfPage":{"@id":"https:\/\/metropoliagzm.pl\/en\/2020\/08\/21\/ostatni-etap-tworzenia-malej-strefy-ekonomicznej-w-zabrzu-2\/#primaryimage"},"image":{"@id":"https:\/\/metropoliagzm.pl\/en\/2020\/08\/21\/ostatni-etap-tworzenia-malej-strefy-ekonomicznej-w-zabrzu-2\/#primaryimage"},"thumbnailUrl":"https:\/\/metropoliagzm.pl\/wp-content\/uploads\/2020\/08\/Hutnicza.jpg","datePublished":"2020-08-21T13:11:12+00:00","dateModified":"2020-08-21T13:11:13+00:00","description":"Oficjalny portal G\u00f3rno\u015bl\u0105sko-Zag\u0142\u0119biowskiej Metropolii","breadcrumb":{"@id":"https:\/\/metropoliagzm.pl\/en\/2020\/08\/21\/ostatni-etap-tworzenia-malej-strefy-ekonomicznej-w-zabrzu-2\/#breadcrumb"},"inLanguage":"en-GB","potentialAction":[{"@type":"ReadAction","target":["https:\/\/metropoliagzm.pl\/en\/2020\/08\/21\/ostatni-etap-tworzenia-malej-strefy-ekonomicznej-w-zabrzu-2\/"]}]},{"@type":"ImageObject","inLanguage":"en-GB","@id":"https:\/\/metropoliagzm.pl\/en\/2020\/08\/21\/ostatni-etap-tworzenia-malej-strefy-ekonomicznej-w-zabrzu-2\/#primaryimage","url":"https:\/\/metropoliagzm.pl\/wp-content\/uploads\/2020\/08\/Hutnicza.jpg","contentUrl":"https:\/\/metropoliagzm.pl\/wp-content\/uploads\/2020\/08\/Hutnicza.jpg","width":1200,"height":613,"caption":"Foto: UM Zabrze"},{"@type":"BreadcrumbList","@id":"https:\/\/metropoliagzm.pl\/en\/2020\/08\/21\/ostatni-etap-tworzenia-malej-strefy-ekonomicznej-w-zabrzu-2\/#breadcrumb","itemListElement":[{"@type":"ListItem","position":1,"name":"Strona g\u0142\u00f3wna","item":"https:\/\/metropoliagzm.pl\/"},{"@type":"ListItem","position":2,"name":"Ostatni etap tworzenia \u201ema\u0142ej strefy ekonomicznej\u201d w Zabrzu"}]},{"@type":"WebSite","@id":"https:\/\/metropoliagzm.pl\/en\/#website","url":"https:\/\/metropoliagzm.pl\/en\/","name":"Metropolia GZM","description":"Oficjalny portal G\u00f3rno\u015bl\u0105sko-Zag\u0142\u0119biowskiej Metropolii","publisher":{"@id":"https:\/\/metropoliagzm.pl\/en\/#organization"},"potentialAction":[{"@type":"SearchAction","target":{"@type":"EntryPoint","urlTemplate":"https:\/\/metropoliagzm.pl\/en\/?s={search_term_string}"},"query-input":{"@type":"PropertyValueSpecification","valueRequired":true,"valueName":"search_term_string"}}],"inLanguage":"en-GB"},{"@type":"Organization","@id":"https:\/\/metropoliagzm.pl\/en\/#organization","name":"Metropolia GZM","url":"https:\/\/metropoliagzm.pl\/en\/","logo":{"@type":"ImageObject","inLanguage":"en-GB","@id":"https:\/\/metropoliagzm.pl\/en\/#\/schema\/logo\/image\/","url":"https:\/\/metropoliagzm.pl\/wp-content\/uploads\/2019\/03\/Sygnet-strona-glowna.png","contentUrl":"https:\/\/metropoliagzm.pl\/wp-content\/uploads\/2019\/03\/Sygnet-strona-glowna.png","width":36,"height":45,"caption":"Metropolia GZM"},"image":{"@id":"https:\/\/metropoliagzm.pl\/en\/#\/schema\/logo\/image\/"}},{"@type":"Person","@id":"https:\/\/metropoliagzm.pl\/en\/#\/schema\/person\/96e19c492916cfe1ba595fd2f60d95b8","name":"Witold Tr\u00f3lka","image":{"@type":"ImageObject","inLanguage":"en-GB","@id":"https:\/\/secure.gravatar.com\/avatar\/71e0c635e405b4a3631033f0d6f49e682b54dcd226d647737e1040a5a480d177?s=96&d=mm&r=g","url":"https:\/\/secure.gravatar.com\/avatar\/71e0c635e405b4a3631033f0d6f49e682b54dcd226d647737e1040a5a480d177?s=96&d=mm&r=g","contentUrl":"https:\/\/secure.gravatar.com\/avatar\/71e0c635e405b4a3631033f0d6f49e682b54dcd226d647737e1040a5a480d177?s=96&d=mm&r=g","caption":"Witold Tr\u00f3lka"},"url":"https:\/\/metropoliagzm.pl\/en\/author\/w-trolka\/"}]}},"_links":{"self":[{"href":"https:\/\/metropoliagzm.pl\/en\/wp-json\/wp\/v2\/posts\/27895","targetHints":{"allow":["GET"]}}],"collection":[{"href":"https:\/\/metropoliagzm.pl\/en\/wp-json\/wp\/v2\/posts"}],"about":[{"href":"https:\/\/metropoliagzm.pl\/en\/wp-json\/wp\/v2\/types\/post"}],"author":[{"embeddable":true,"href":"https:\/\/metropoliagzm.pl\/en\/wp-json\/wp\/v2\/users\/140"}],"replies":[{"embeddable":true,"href":"https:\/\/metropoliagzm.pl\/en\/wp-json\/wp\/v2\/comments?post=27895"}],"version-history":[{"count":1,"href":"https:\/\/metropoliagzm.pl\/en\/wp-json\/wp\/v2\/posts\/27895\/revisions"}],"predecessor-version":[{"id":27902,"href":"https:\/\/metropoliagzm.pl\/en\/wp-json\/wp\/v2\/posts\/27895\/revisions\/27902"}],"wp:featuredmedia":[{"embeddable":true,"href":"https:\/\/metropoliagzm.pl\/en\/wp-json\/wp\/v2\/media\/27901"}],"wp:attachment":[{"href":"https:\/\/metropoliagzm.pl\/en\/wp-json\/wp\/v2\/media?parent=27895"}],"wp:term":[{"taxonomy":"category","embeddable":true,"href":"https:\/\/metropoliagzm.pl\/en\/wp-json\/wp\/v2\/categories?post=27895"},{"taxonomy":"post_tag","embeddable":true,"href":"https:\/\/metropoliagzm.pl\/en\/wp-json\/wp\/v2\/tags?post=27895"}],"curies":[{"name":"wp","href":"https:\/\/api.w.org\/{rel}","templated":true}]}}