{"id":28155,"date":"2020-09-03T16:10:39","date_gmt":"2020-09-03T14:10:39","guid":{"rendered":"https:\/\/metropoliagzm.pl\/?p=28155"},"modified":"2020-09-04T11:09:47","modified_gmt":"2020-09-04T09:09:47","slug":"transport-publiczny-w-dobie-covid-19-zapraszamy-na-iii-europejskie-webinarium-metropolitalne","status":"publish","type":"post","link":"https:\/\/metropoliagzm.pl\/en\/2020\/09\/03\/transport-publiczny-w-dobie-covid-19-zapraszamy-na-iii-europejskie-webinarium-metropolitalne\/","title":{"rendered":"Transport publiczny w dobie COVID-19. Zapraszamy na III Europejskie Webinarium Metropolitalne"},"content":{"rendered":"<div class=\"pdf-block\"><div class=\"pdfprnt-buttons  pdfprnt-new pdfprnt-buttons-post pdfprnt-top-right\"><div class=\"jssocials-share jssocials-share-twitter\"><a target=\"_blank\" href=\"https:\/\/twitter.com\/share?url=https:\/\/metropoliagzm.pl\/en\/wp-json\/wp\/v2\/posts\/28155;text=28155\" class=\"jssocials-share-link\"><i class=\"fa fa-twitter jssocials-share-logo\"><\/i><\/a><\/div><div class=\"jssocials-share jssocials-share-facebook\"><a target=\"_blank\" href=\"https:\/\/facebook.com\/sharer\/sharer.php?u=https:\/\/metropoliagzm.pl\/en\/wp-json\/wp\/v2\/posts\/28155\" class=\"jssocials-share-link\"><i class=\"fa fa-facebook jssocials-share-logo\"><\/i><\/a><\/div><div class=\"jssocials-share jssocials-share-pinterest\"><a target=\"_blank\" href=\"https:\/\/pinterest.com\/pin\/create\/bookmarklet\/?&amp;url=https:\/\/metropoliagzm.pl\/en\/wp-json\/wp\/v2\/posts\/28155;description=28155\" class=\"jssocials-share-link\"><i class=\"fa fa-pinterest jssocials-share-logo\"><\/i><\/a><\/div><a href=\"https:\/\/metropoliagzm.pl\/en\/wp-json\/wp\/v2\/posts\/28155?print=pdf\" class=\"pdfprnt-button pdfprnt-button-pdf\" target=\"_blank\"><img decoding=\"async\" src=\"https:\/\/metropoliagzm.pl\/wp-content\/plugins\/pdf-print\/images\/pdf.png\" alt=\"image_pdf\" title=\"View PDF\" \/><\/a><a href=\"https:\/\/metropoliagzm.pl\/en\/wp-json\/wp\/v2\/posts\/28155?print=print\" class=\"pdfprnt-button pdfprnt-button-print\" target=\"_blank\"><img decoding=\"async\" src=\"https:\/\/metropoliagzm.pl\/wp-content\/plugins\/pdf-print\/images\/print.png\" alt=\"image_print\" title=\"Print Content\" \/><\/a><\/div><\/div><div class=\"post-block-pdf\"><div class=\"pdfprnt-buttons pdfprnt-buttons-post pdfprnt-top-right\"><a href=\"https:\/\/metropoliagzm.pl\/en\/wp-json\/wp\/v2\/posts\/28155?print=pdf\" class=\"pdfprnt-button pdfprnt-button-pdf\" target=\"_blank\"><img decoding=\"async\" src=\"https:\/\/metropoliagzm.pl\/wp-content\/plugins\/pdf-print\/images\/pdf.png\" alt=\"image_pdf\" title=\"View PDF\" \/><\/a><a href=\"https:\/\/metropoliagzm.pl\/en\/wp-json\/wp\/v2\/posts\/28155?print=print\" class=\"pdfprnt-button pdfprnt-button-print\" target=\"_blank\"><img decoding=\"async\" src=\"https:\/\/metropoliagzm.pl\/wp-content\/plugins\/pdf-print\/images\/print.png\" alt=\"image_print\" title=\"Print Content\" \/><\/a><\/div>\n<p><strong>Jakie pi\u0119tno odcisn\u0119\u0142a pandemia COVID-19 na transport publiczny? Na to pytanie odpowiedz\u0105 przedstawiciele obszar\u00f3w metropolitalnych Porto, Manchesteru i Zag\u0142\u0119bia Ruhry. G\u00f3rno\u015bl\u0105sko-Zag\u0142\u0119biowska Metropolia przy wsp\u00f3\u0142pracy z sieci\u0105 European Metropolitan Authorities zaprasza do udzia\u0142u w III Europejskim Webinarium Metropolitalnym, kt\u00f3re odb\u0119dzie si\u0119 15 wrze\u015bnia 2020 r. Pocz\u0105tek o godz. 15.<\/strong><\/p>\n\n\n\n<p>Metropolia GZM jest inicjatorem cyklu webinari\u00f3w pod nazw\u0105 <strong>\u201eROZMOWY METROPOLITALNE: Jak odrodzi\u0107 si\u0119 po COVID-19. Definiowanie wsp\u00f3lnych problem\u00f3w, uniwersalizacja r\u00f3\u017cnic\u201d<\/strong>. W spotkaniach mo\u017cna uczestniczy\u0107 online. To jedyne tego typu wydarzenie, w kt\u00f3rym udzia\u0142 bior\u0105 przedstawiciele najwa\u017cniejszych europejskich metropolii.<\/p>\n\n\n\n<p>Tym razem uwaga zostanie po\u015bwi\u0119cona transportowi publicznemu oraz mobilno\u015bci w czasach COVID-19. Jakie \u015brodki zosta\u0142y podj\u0119te przez metropolie w celu zapewnienia bezpiecznego transportu publicznego podczas pandemii Covid-19? Czy koronawirus wp\u0142ywa na zmian\u0119 nawyk\u00f3w w kwestiach transportu publicznego i mobilno\u015bci? Czy pandemia mo\u017ce stanowi\u0107 okazj\u0119 do przemodelowania transportu publicznego i przyspieszenia dzia\u0142a\u0144 w sferze zr\u00f3wnowa\u017conej mobilno\u015bci?<\/p>\n\n\n\n<p><strong>W dyskusji wezm\u0105 udzia\u0142:<\/strong><\/p>\n\n\n\n<ul class=\"wp-block-list\"><li><strong>Jos\u00e9 Manuel Ribeiro <\/strong>\u2013 Burmistrz Valongo, Obszar Metropolitalny Porto<\/li><li><strong>Angeliki Stogia<\/strong> &#8211;&nbsp; Cz\u0142onek Wykonawczy ds. \u015arodowiska, Planowania i Transportu, Obszar Metropolitalny Manchesteru<\/li><li><strong>Olaf Schade<\/strong> \u2013&nbsp; Przewodnicz\u0105cy w\u0142adz powiatu Ennepe-Ruhr, Metropolia Ruhry<\/li><\/ul>\n\n\n\n<p><strong>Webinarium rozpocznie si\u0119 we wtorek, 15 wrze\u015bnia&nbsp;2020 r. o godzinie 15 i b\u0119dzie prowadzone wy\u0142\u0105cznie w j\u0119zyku angielskim.<\/strong><\/p>\n\n\n\n<p>To ju\u017c trzecie Europejskie Webinarium Metropolitalne. Przypomnijmy, \u017ce tematyka pierwszego webinarium skupi\u0142a si\u0119 na ocenie wp\u0142ywu Covid-19 na obszary metropolitalne GZM, Barcelony oraz G\u00f6teborga. Wydarzenie by\u0142o tak\u017ce okazj\u0105 do przeanalizowania podj\u0119tych przez nie \u015brodk\u00f3w zaradczych. Szeroka relacja z tego wydarzenia znajduje si\u0119 <strong><a href=\"https:\/\/metropoliagzm.pl\/en\/2020\/06\/03\/jak-koronawirus-uderzyl-w-europejskie-metropolie-co-zrobic-aby-odrodzily-sie-po-epidemii\/\">pod tym linkiem<\/a>.<\/strong><\/p>\n\n\n\n<p>Tematami przewodnimi drugiego webinarium by\u0142o przedstawienie podej\u015bcia oraz dzia\u0142a\u0144 wdro\u017conych przez metropolie Oslo, Mediolanu i Amsterdamu s\u0142u\u017c\u0105cych poprawie jako\u015bci \u017cycia mieszka\u0144c\u00f3w oraz pr\u00f3ba odpowiedzi na pytanie, jak te metropolie odnajd\u0105 si\u0119 w NEXT GENERATION EU? &nbsp;Wi\u0119cej informacji o tym wydarzeniu znajduje si\u0119 <strong><a href=\"https:\/\/metropoliagzm.pl\/en\/2020\/06\/30\/metropolie-w-czasach-pandemii-wspolne-problemy-i-sposoby-wyjscia-z-kryzysu\/\">tutaj<\/a><\/strong>.<\/p>\n\n\n\n<h3 class=\"wp-block-heading\"><strong><a href=\"https:\/\/app.evenea.pl\/event\/thirdeuropeanmetropolitanwebinar\/?lang=pl\">Rejestracja na III Europejskie Webinarium Metropolitalne dost\u0119pna TUTAJ.<\/a><\/strong><\/h3>\n\n\n\n<figure class=\"wp-block-image size-large\"><img loading=\"lazy\" decoding=\"async\" width=\"724\" height=\"1024\" src=\"https:\/\/metropoliagzm.pl\/wp-content\/uploads\/2020\/09\/Webinarium_III_PL_ENG2-724x1024.png\" alt=\"\" class=\"wp-image-28209\" srcset=\"https:\/\/metropoliagzm.pl\/wp-content\/uploads\/2020\/09\/Webinarium_III_PL_ENG2-724x1024.png 724w, https:\/\/metropoliagzm.pl\/wp-content\/uploads\/2020\/09\/Webinarium_III_PL_ENG2-212x300.png 212w, https:\/\/metropoliagzm.pl\/wp-content\/uploads\/2020\/09\/Webinarium_III_PL_ENG2-768x1086.png 768w, https:\/\/metropoliagzm.pl\/wp-content\/uploads\/2020\/09\/Webinarium_III_PL_ENG2-1086x1536.png 1086w, https:\/\/metropoliagzm.pl\/wp-content\/uploads\/2020\/09\/Webinarium_III_PL_ENG2-1448x2048.png 1448w, https:\/\/metropoliagzm.pl\/wp-content\/uploads\/2020\/09\/Webinarium_III_PL_ENG2-585x827.png 585w\" sizes=\"auto, (max-width: 724px) 100vw, 724px\" \/><\/figure>\n<div class=\"post-author\" style=\"font-size:13px\">Micha\u0142 Nowak<\/div><\/div>","protected":false},"excerpt":{"rendered":"<p>Jakie pi\u0119tno odcisn\u0119\u0142a pandemia COVID-19 na transport publiczny? Na to pytanie odpowiedz\u0105 przedstawiciele obszar\u00f3w metropolitalnych Porto, Manchesteru i Zag\u0142\u0119bia Ruhry. G\u00f3rno\u015bl\u0105sko-Zag\u0142\u0119biowska Metropolia przy wsp\u00f3\u0142pracy z sieci\u0105 European Metropolitan Authorities zaprasza do udzia\u0142u w III Europejskim Webinarium Metropolitalnym, kt\u00f3re odb\u0119dzie si\u0119 15 wrze\u015bnia 2020 r. Pocz\u0105tek&#8230;<\/p>","protected":false},"author":134,"featured_media":28157,"comment_status":"closed","ping_status":"closed","sticky":false,"template":"","format":"standard","meta":{"_acf_changed":false,"footnotes":""},"categories":[236,1926,237],"tags":[1975,263,2091,1912,2133],"class_list":["post-28155","post","type-post","status-publish","format-standard","has-post-thumbnail","hentry","category-gzm","category-koronawirus","category-transport-publiczny","tag-covid-19","tag-komunikacja-miejska","tag-koronawirus","tag-transport-publiczny","tag-webinarium"],"acf":[],"yoast_head":"<!-- This site is optimized with the Yoast SEO plugin v27.4 - https:\/\/yoast.com\/product\/yoast-seo-wordpress\/ -->\n<title>Transport publiczny w dobie COVID-19. Zapraszamy na III Europejskie Webinarium Metropolitalne - Metropolia GZM<\/title>\n<meta name=\"description\" content=\"Oficjalny portal G\u00f3rno\u015bl\u0105sko-Zag\u0142\u0119biowskiej Metropolii\" \/>\n<meta name=\"robots\" content=\"index, follow, max-snippet:-1, max-image-preview:large, max-video-preview:-1\" \/>\n<link rel=\"canonical\" href=\"https:\/\/metropoliagzm.pl\/en\/2020\/09\/03\/transport-publiczny-w-dobie-covid-19-zapraszamy-na-iii-europejskie-webinarium-metropolitalne\/\" \/>\n<meta name=\"twitter:card\" content=\"summary_large_image\" \/>\n<meta name=\"twitter:title\" content=\"Transport publiczny w dobie COVID-19. Zapraszamy na III Europejskie Webinarium Metropolitalne - Metropolia GZM\" \/>\n<meta name=\"twitter:description\" content=\"Oficjalny portal G\u00f3rno\u015bl\u0105sko-Zag\u0142\u0119biowskiej Metropolii\" \/>\n<meta name=\"twitter:image\" content=\"https:\/\/metropoliagzm.pl\/wp-content\/uploads\/2020\/09\/airport-5442193_1280.jpg\" \/>\n<meta name=\"twitter:label1\" content=\"Written by\" \/>\n\t<meta name=\"twitter:data1\" content=\"Micha\u0142 Nowak\" \/>\n\t<meta name=\"twitter:label2\" content=\"Estimated reading time\" \/>\n\t<meta name=\"twitter:data2\" content=\"2 minutes\" \/>\n<script type=\"application\/ld+json\" class=\"yoast-schema-graph\">{\"@context\":\"https:\\\/\\\/schema.org\",\"@graph\":[{\"@type\":\"Article\",\"@id\":\"https:\\\/\\\/metropoliagzm.pl\\\/en\\\/2020\\\/09\\\/03\\\/transport-publiczny-w-dobie-covid-19-zapraszamy-na-iii-europejskie-webinarium-metropolitalne\\\/#article\",\"isPartOf\":{\"@id\":\"https:\\\/\\\/metropoliagzm.pl\\\/en\\\/2020\\\/09\\\/03\\\/transport-publiczny-w-dobie-covid-19-zapraszamy-na-iii-europejskie-webinarium-metropolitalne\\\/\"},\"author\":{\"name\":\"Micha\u0142 Nowak\",\"@id\":\"https:\\\/\\\/metropoliagzm.pl\\\/en\\\/#\\\/schema\\\/person\\\/9e7660ba27bc92881ef16c6fc34ae962\"},\"headline\":\"Transport publiczny w dobie COVID-19. Zapraszamy na III Europejskie Webinarium Metropolitalne\",\"datePublished\":\"2020-09-03T14:10:39+00:00\",\"dateModified\":\"2020-09-04T09:09:47+00:00\",\"mainEntityOfPage\":{\"@id\":\"https:\\\/\\\/metropoliagzm.pl\\\/en\\\/2020\\\/09\\\/03\\\/transport-publiczny-w-dobie-covid-19-zapraszamy-na-iii-europejskie-webinarium-metropolitalne\\\/\"},\"wordCount\":358,\"publisher\":{\"@id\":\"https:\\\/\\\/metropoliagzm.pl\\\/en\\\/#organization\"},\"image\":{\"@id\":\"https:\\\/\\\/metropoliagzm.pl\\\/en\\\/2020\\\/09\\\/03\\\/transport-publiczny-w-dobie-covid-19-zapraszamy-na-iii-europejskie-webinarium-metropolitalne\\\/#primaryimage\"},\"thumbnailUrl\":\"https:\\\/\\\/metropoliagzm.pl\\\/wp-content\\\/uploads\\\/2020\\\/09\\\/airport-5442193_1280.jpg\",\"keywords\":[\"COVID-19\",\"komunikacja miejska\",\"koronawirus\",\"transport publiczny\",\"webinarium\"],\"articleSection\":[\"GZM\",\"Koronawirus\",\"Transport publiczny\"],\"inLanguage\":\"en-GB\"},{\"@type\":\"WebPage\",\"@id\":\"https:\\\/\\\/metropoliagzm.pl\\\/en\\\/2020\\\/09\\\/03\\\/transport-publiczny-w-dobie-covid-19-zapraszamy-na-iii-europejskie-webinarium-metropolitalne\\\/\",\"url\":\"https:\\\/\\\/metropoliagzm.pl\\\/en\\\/2020\\\/09\\\/03\\\/transport-publiczny-w-dobie-covid-19-zapraszamy-na-iii-europejskie-webinarium-metropolitalne\\\/\",\"name\":\"Transport publiczny w dobie COVID-19. Zapraszamy na III Europejskie Webinarium Metropolitalne - Metropolia GZM\",\"isPartOf\":{\"@id\":\"https:\\\/\\\/metropoliagzm.pl\\\/en\\\/#website\"},\"primaryImageOfPage\":{\"@id\":\"https:\\\/\\\/metropoliagzm.pl\\\/en\\\/2020\\\/09\\\/03\\\/transport-publiczny-w-dobie-covid-19-zapraszamy-na-iii-europejskie-webinarium-metropolitalne\\\/#primaryimage\"},\"image\":{\"@id\":\"https:\\\/\\\/metropoliagzm.pl\\\/en\\\/2020\\\/09\\\/03\\\/transport-publiczny-w-dobie-covid-19-zapraszamy-na-iii-europejskie-webinarium-metropolitalne\\\/#primaryimage\"},\"thumbnailUrl\":\"https:\\\/\\\/metropoliagzm.pl\\\/wp-content\\\/uploads\\\/2020\\\/09\\\/airport-5442193_1280.jpg\",\"datePublished\":\"2020-09-03T14:10:39+00:00\",\"dateModified\":\"2020-09-04T09:09:47+00:00\",\"description\":\"Oficjalny portal G\u00f3rno\u015bl\u0105sko-Zag\u0142\u0119biowskiej Metropolii\",\"breadcrumb\":{\"@id\":\"https:\\\/\\\/metropoliagzm.pl\\\/en\\\/2020\\\/09\\\/03\\\/transport-publiczny-w-dobie-covid-19-zapraszamy-na-iii-europejskie-webinarium-metropolitalne\\\/#breadcrumb\"},\"inLanguage\":\"en-GB\",\"potentialAction\":[{\"@type\":\"ReadAction\",\"target\":[\"https:\\\/\\\/metropoliagzm.pl\\\/en\\\/2020\\\/09\\\/03\\\/transport-publiczny-w-dobie-covid-19-zapraszamy-na-iii-europejskie-webinarium-metropolitalne\\\/\"]}]},{\"@type\":\"ImageObject\",\"inLanguage\":\"en-GB\",\"@id\":\"https:\\\/\\\/metropoliagzm.pl\\\/en\\\/2020\\\/09\\\/03\\\/transport-publiczny-w-dobie-covid-19-zapraszamy-na-iii-europejskie-webinarium-metropolitalne\\\/#primaryimage\",\"url\":\"https:\\\/\\\/metropoliagzm.pl\\\/wp-content\\\/uploads\\\/2020\\\/09\\\/airport-5442193_1280.jpg\",\"contentUrl\":\"https:\\\/\\\/metropoliagzm.pl\\\/wp-content\\\/uploads\\\/2020\\\/09\\\/airport-5442193_1280.jpg\",\"width\":1280,\"height\":903,\"caption\":\"Fot. Pixabay.com\"},{\"@type\":\"BreadcrumbList\",\"@id\":\"https:\\\/\\\/metropoliagzm.pl\\\/en\\\/2020\\\/09\\\/03\\\/transport-publiczny-w-dobie-covid-19-zapraszamy-na-iii-europejskie-webinarium-metropolitalne\\\/#breadcrumb\",\"itemListElement\":[{\"@type\":\"ListItem\",\"position\":1,\"name\":\"Strona g\u0142\u00f3wna\",\"item\":\"https:\\\/\\\/metropoliagzm.pl\\\/\"},{\"@type\":\"ListItem\",\"position\":2,\"name\":\"Transport publiczny w dobie COVID-19. Zapraszamy na III Europejskie Webinarium Metropolitalne\"}]},{\"@type\":\"WebSite\",\"@id\":\"https:\\\/\\\/metropoliagzm.pl\\\/en\\\/#website\",\"url\":\"https:\\\/\\\/metropoliagzm.pl\\\/en\\\/\",\"name\":\"Metropolia GZM\",\"description\":\"Oficjalny portal G\u00f3rno\u015bl\u0105sko-Zag\u0142\u0119biowskiej Metropolii\",\"publisher\":{\"@id\":\"https:\\\/\\\/metropoliagzm.pl\\\/en\\\/#organization\"},\"potentialAction\":[{\"@type\":\"SearchAction\",\"target\":{\"@type\":\"EntryPoint\",\"urlTemplate\":\"https:\\\/\\\/metropoliagzm.pl\\\/en\\\/?s={search_term_string}\"},\"query-input\":{\"@type\":\"PropertyValueSpecification\",\"valueRequired\":true,\"valueName\":\"search_term_string\"}}],\"inLanguage\":\"en-GB\"},{\"@type\":\"Organization\",\"@id\":\"https:\\\/\\\/metropoliagzm.pl\\\/en\\\/#organization\",\"name\":\"Metropolia GZM\",\"url\":\"https:\\\/\\\/metropoliagzm.pl\\\/en\\\/\",\"logo\":{\"@type\":\"ImageObject\",\"inLanguage\":\"en-GB\",\"@id\":\"https:\\\/\\\/metropoliagzm.pl\\\/en\\\/#\\\/schema\\\/logo\\\/image\\\/\",\"url\":\"https:\\\/\\\/metropoliagzm.pl\\\/wp-content\\\/uploads\\\/2019\\\/03\\\/Sygnet-strona-glowna.png\",\"contentUrl\":\"https:\\\/\\\/metropoliagzm.pl\\\/wp-content\\\/uploads\\\/2019\\\/03\\\/Sygnet-strona-glowna.png\",\"width\":36,\"height\":45,\"caption\":\"Metropolia GZM\"},\"image\":{\"@id\":\"https:\\\/\\\/metropoliagzm.pl\\\/en\\\/#\\\/schema\\\/logo\\\/image\\\/\"}},{\"@type\":\"Person\",\"@id\":\"https:\\\/\\\/metropoliagzm.pl\\\/en\\\/#\\\/schema\\\/person\\\/9e7660ba27bc92881ef16c6fc34ae962\",\"name\":\"Micha\u0142 Nowak\",\"image\":{\"@type\":\"ImageObject\",\"inLanguage\":\"en-GB\",\"@id\":\"https:\\\/\\\/secure.gravatar.com\\\/avatar\\\/2d51f070ccac4989b201dc1a42c3a6d46ff007fc5e569ff280535ab8e8122a59?s=96&d=mm&r=g\",\"url\":\"https:\\\/\\\/secure.gravatar.com\\\/avatar\\\/2d51f070ccac4989b201dc1a42c3a6d46ff007fc5e569ff280535ab8e8122a59?s=96&d=mm&r=g\",\"contentUrl\":\"https:\\\/\\\/secure.gravatar.com\\\/avatar\\\/2d51f070ccac4989b201dc1a42c3a6d46ff007fc5e569ff280535ab8e8122a59?s=96&d=mm&r=g\",\"caption\":\"Micha\u0142 Nowak\"},\"url\":\"https:\\\/\\\/metropoliagzm.pl\\\/en\\\/author\\\/michal-nowak\\\/\"}]}<\/script>\n<!-- \/ Yoast SEO plugin. -->","yoast_head_json":{"title":"Transport publiczny w dobie COVID-19. Zapraszamy na III Europejskie Webinarium Metropolitalne - Metropolia GZM","description":"Oficjalny portal G\u00f3rno\u015bl\u0105sko-Zag\u0142\u0119biowskiej Metropolii","robots":{"index":"index","follow":"follow","max-snippet":"max-snippet:-1","max-image-preview":"max-image-preview:large","max-video-preview":"max-video-preview:-1"},"canonical":"https:\/\/metropoliagzm.pl\/en\/2020\/09\/03\/transport-publiczny-w-dobie-covid-19-zapraszamy-na-iii-europejskie-webinarium-metropolitalne\/","twitter_card":"summary_large_image","twitter_title":"Transport publiczny w dobie COVID-19. Zapraszamy na III Europejskie Webinarium Metropolitalne - Metropolia GZM","twitter_description":"Oficjalny portal G\u00f3rno\u015bl\u0105sko-Zag\u0142\u0119biowskiej Metropolii","twitter_image":"https:\/\/metropoliagzm.pl\/wp-content\/uploads\/2020\/09\/airport-5442193_1280.jpg","twitter_misc":{"Written by":"Micha\u0142 Nowak","Estimated reading time":"2 minutes"},"schema":{"@context":"https:\/\/schema.org","@graph":[{"@type":"Article","@id":"https:\/\/metropoliagzm.pl\/en\/2020\/09\/03\/transport-publiczny-w-dobie-covid-19-zapraszamy-na-iii-europejskie-webinarium-metropolitalne\/#article","isPartOf":{"@id":"https:\/\/metropoliagzm.pl\/en\/2020\/09\/03\/transport-publiczny-w-dobie-covid-19-zapraszamy-na-iii-europejskie-webinarium-metropolitalne\/"},"author":{"name":"Micha\u0142 Nowak","@id":"https:\/\/metropoliagzm.pl\/en\/#\/schema\/person\/9e7660ba27bc92881ef16c6fc34ae962"},"headline":"Transport publiczny w dobie COVID-19. Zapraszamy na III Europejskie Webinarium Metropolitalne","datePublished":"2020-09-03T14:10:39+00:00","dateModified":"2020-09-04T09:09:47+00:00","mainEntityOfPage":{"@id":"https:\/\/metropoliagzm.pl\/en\/2020\/09\/03\/transport-publiczny-w-dobie-covid-19-zapraszamy-na-iii-europejskie-webinarium-metropolitalne\/"},"wordCount":358,"publisher":{"@id":"https:\/\/metropoliagzm.pl\/en\/#organization"},"image":{"@id":"https:\/\/metropoliagzm.pl\/en\/2020\/09\/03\/transport-publiczny-w-dobie-covid-19-zapraszamy-na-iii-europejskie-webinarium-metropolitalne\/#primaryimage"},"thumbnailUrl":"https:\/\/metropoliagzm.pl\/wp-content\/uploads\/2020\/09\/airport-5442193_1280.jpg","keywords":["COVID-19","komunikacja miejska","koronawirus","transport publiczny","webinarium"],"articleSection":["GZM","Koronawirus","Transport publiczny"],"inLanguage":"en-GB"},{"@type":"WebPage","@id":"https:\/\/metropoliagzm.pl\/en\/2020\/09\/03\/transport-publiczny-w-dobie-covid-19-zapraszamy-na-iii-europejskie-webinarium-metropolitalne\/","url":"https:\/\/metropoliagzm.pl\/en\/2020\/09\/03\/transport-publiczny-w-dobie-covid-19-zapraszamy-na-iii-europejskie-webinarium-metropolitalne\/","name":"Transport publiczny w dobie COVID-19. Zapraszamy na III Europejskie Webinarium Metropolitalne - Metropolia GZM","isPartOf":{"@id":"https:\/\/metropoliagzm.pl\/en\/#website"},"primaryImageOfPage":{"@id":"https:\/\/metropoliagzm.pl\/en\/2020\/09\/03\/transport-publiczny-w-dobie-covid-19-zapraszamy-na-iii-europejskie-webinarium-metropolitalne\/#primaryimage"},"image":{"@id":"https:\/\/metropoliagzm.pl\/en\/2020\/09\/03\/transport-publiczny-w-dobie-covid-19-zapraszamy-na-iii-europejskie-webinarium-metropolitalne\/#primaryimage"},"thumbnailUrl":"https:\/\/metropoliagzm.pl\/wp-content\/uploads\/2020\/09\/airport-5442193_1280.jpg","datePublished":"2020-09-03T14:10:39+00:00","dateModified":"2020-09-04T09:09:47+00:00","description":"Oficjalny portal G\u00f3rno\u015bl\u0105sko-Zag\u0142\u0119biowskiej Metropolii","breadcrumb":{"@id":"https:\/\/metropoliagzm.pl\/en\/2020\/09\/03\/transport-publiczny-w-dobie-covid-19-zapraszamy-na-iii-europejskie-webinarium-metropolitalne\/#breadcrumb"},"inLanguage":"en-GB","potentialAction":[{"@type":"ReadAction","target":["https:\/\/metropoliagzm.pl\/en\/2020\/09\/03\/transport-publiczny-w-dobie-covid-19-zapraszamy-na-iii-europejskie-webinarium-metropolitalne\/"]}]},{"@type":"ImageObject","inLanguage":"en-GB","@id":"https:\/\/metropoliagzm.pl\/en\/2020\/09\/03\/transport-publiczny-w-dobie-covid-19-zapraszamy-na-iii-europejskie-webinarium-metropolitalne\/#primaryimage","url":"https:\/\/metropoliagzm.pl\/wp-content\/uploads\/2020\/09\/airport-5442193_1280.jpg","contentUrl":"https:\/\/metropoliagzm.pl\/wp-content\/uploads\/2020\/09\/airport-5442193_1280.jpg","width":1280,"height":903,"caption":"Fot. Pixabay.com"},{"@type":"BreadcrumbList","@id":"https:\/\/metropoliagzm.pl\/en\/2020\/09\/03\/transport-publiczny-w-dobie-covid-19-zapraszamy-na-iii-europejskie-webinarium-metropolitalne\/#breadcrumb","itemListElement":[{"@type":"ListItem","position":1,"name":"Strona g\u0142\u00f3wna","item":"https:\/\/metropoliagzm.pl\/"},{"@type":"ListItem","position":2,"name":"Transport publiczny w dobie COVID-19. Zapraszamy na III Europejskie Webinarium Metropolitalne"}]},{"@type":"WebSite","@id":"https:\/\/metropoliagzm.pl\/en\/#website","url":"https:\/\/metropoliagzm.pl\/en\/","name":"Metropolia GZM","description":"Oficjalny portal G\u00f3rno\u015bl\u0105sko-Zag\u0142\u0119biowskiej Metropolii","publisher":{"@id":"https:\/\/metropoliagzm.pl\/en\/#organization"},"potentialAction":[{"@type":"SearchAction","target":{"@type":"EntryPoint","urlTemplate":"https:\/\/metropoliagzm.pl\/en\/?s={search_term_string}"},"query-input":{"@type":"PropertyValueSpecification","valueRequired":true,"valueName":"search_term_string"}}],"inLanguage":"en-GB"},{"@type":"Organization","@id":"https:\/\/metropoliagzm.pl\/en\/#organization","name":"Metropolia GZM","url":"https:\/\/metropoliagzm.pl\/en\/","logo":{"@type":"ImageObject","inLanguage":"en-GB","@id":"https:\/\/metropoliagzm.pl\/en\/#\/schema\/logo\/image\/","url":"https:\/\/metropoliagzm.pl\/wp-content\/uploads\/2019\/03\/Sygnet-strona-glowna.png","contentUrl":"https:\/\/metropoliagzm.pl\/wp-content\/uploads\/2019\/03\/Sygnet-strona-glowna.png","width":36,"height":45,"caption":"Metropolia GZM"},"image":{"@id":"https:\/\/metropoliagzm.pl\/en\/#\/schema\/logo\/image\/"}},{"@type":"Person","@id":"https:\/\/metropoliagzm.pl\/en\/#\/schema\/person\/9e7660ba27bc92881ef16c6fc34ae962","name":"Micha\u0142 Nowak","image":{"@type":"ImageObject","inLanguage":"en-GB","@id":"https:\/\/secure.gravatar.com\/avatar\/2d51f070ccac4989b201dc1a42c3a6d46ff007fc5e569ff280535ab8e8122a59?s=96&d=mm&r=g","url":"https:\/\/secure.gravatar.com\/avatar\/2d51f070ccac4989b201dc1a42c3a6d46ff007fc5e569ff280535ab8e8122a59?s=96&d=mm&r=g","contentUrl":"https:\/\/secure.gravatar.com\/avatar\/2d51f070ccac4989b201dc1a42c3a6d46ff007fc5e569ff280535ab8e8122a59?s=96&d=mm&r=g","caption":"Micha\u0142 Nowak"},"url":"https:\/\/metropoliagzm.pl\/en\/author\/michal-nowak\/"}]}},"_links":{"self":[{"href":"https:\/\/metropoliagzm.pl\/en\/wp-json\/wp\/v2\/posts\/28155","targetHints":{"allow":["GET"]}}],"collection":[{"href":"https:\/\/metropoliagzm.pl\/en\/wp-json\/wp\/v2\/posts"}],"about":[{"href":"https:\/\/metropoliagzm.pl\/en\/wp-json\/wp\/v2\/types\/post"}],"author":[{"embeddable":true,"href":"https:\/\/metropoliagzm.pl\/en\/wp-json\/wp\/v2\/users\/134"}],"replies":[{"embeddable":true,"href":"https:\/\/metropoliagzm.pl\/en\/wp-json\/wp\/v2\/comments?post=28155"}],"version-history":[{"count":11,"href":"https:\/\/metropoliagzm.pl\/en\/wp-json\/wp\/v2\/posts\/28155\/revisions"}],"predecessor-version":[{"id":28210,"href":"https:\/\/metropoliagzm.pl\/en\/wp-json\/wp\/v2\/posts\/28155\/revisions\/28210"}],"wp:featuredmedia":[{"embeddable":true,"href":"https:\/\/metropoliagzm.pl\/en\/wp-json\/wp\/v2\/media\/28157"}],"wp:attachment":[{"href":"https:\/\/metropoliagzm.pl\/en\/wp-json\/wp\/v2\/media?parent=28155"}],"wp:term":[{"taxonomy":"category","embeddable":true,"href":"https:\/\/metropoliagzm.pl\/en\/wp-json\/wp\/v2\/categories?post=28155"},{"taxonomy":"post_tag","embeddable":true,"href":"https:\/\/metropoliagzm.pl\/en\/wp-json\/wp\/v2\/tags?post=28155"}],"curies":[{"name":"wp","href":"https:\/\/api.w.org\/{rel}","templated":true}]}}