{"id":30279,"date":"2020-11-02T13:49:58","date_gmt":"2020-11-02T12:49:58","guid":{"rendered":"https:\/\/metropoliagzm.pl\/?p=30279"},"modified":"2020-11-02T13:49:59","modified_gmt":"2020-11-02T12:49:59","slug":"zwolnienia-za-czynsz-i-dzierzawe-dla-tyskich-przedsiebiorcow","status":"publish","type":"post","link":"https:\/\/metropoliagzm.pl\/en\/2020\/11\/02\/zwolnienia-za-czynsz-i-dzierzawe-dla-tyskich-przedsiebiorcow\/","title":{"rendered":"Zwolnienia za czynsz i dzier\u017caw\u0119 dla tyskich przedsi\u0119biorc\u00f3w"},"content":{"rendered":"<div class=\"pdf-block\"><div class=\"pdfprnt-buttons  pdfprnt-new pdfprnt-buttons-post pdfprnt-top-right\"><div class=\"jssocials-share jssocials-share-twitter\"><a target=\"_blank\" href=\"https:\/\/twitter.com\/share?url=https:\/\/metropoliagzm.pl\/en\/wp-json\/wp\/v2\/posts\/30279;text=30279\" class=\"jssocials-share-link\"><i class=\"fa fa-twitter jssocials-share-logo\"><\/i><\/a><\/div><div class=\"jssocials-share jssocials-share-facebook\"><a target=\"_blank\" href=\"https:\/\/facebook.com\/sharer\/sharer.php?u=https:\/\/metropoliagzm.pl\/en\/wp-json\/wp\/v2\/posts\/30279\" class=\"jssocials-share-link\"><i class=\"fa fa-facebook jssocials-share-logo\"><\/i><\/a><\/div><div class=\"jssocials-share jssocials-share-pinterest\"><a target=\"_blank\" href=\"https:\/\/pinterest.com\/pin\/create\/bookmarklet\/?&amp;url=https:\/\/metropoliagzm.pl\/en\/wp-json\/wp\/v2\/posts\/30279;description=30279\" class=\"jssocials-share-link\"><i class=\"fa fa-pinterest jssocials-share-logo\"><\/i><\/a><\/div><a href=\"https:\/\/metropoliagzm.pl\/en\/wp-json\/wp\/v2\/posts\/30279?print=pdf\" class=\"pdfprnt-button pdfprnt-button-pdf\" target=\"_blank\"><img decoding=\"async\" src=\"https:\/\/metropoliagzm.pl\/wp-content\/plugins\/pdf-print\/images\/pdf.png\" alt=\"image_pdf\" title=\"View PDF\" \/><\/a><a href=\"https:\/\/metropoliagzm.pl\/en\/wp-json\/wp\/v2\/posts\/30279?print=print\" class=\"pdfprnt-button pdfprnt-button-print\" target=\"_blank\"><img decoding=\"async\" src=\"https:\/\/metropoliagzm.pl\/wp-content\/plugins\/pdf-print\/images\/print.png\" alt=\"image_print\" title=\"Print Content\" \/><\/a><\/div><\/div><div class=\"post-block-pdf\"><div class=\"pdfprnt-buttons pdfprnt-buttons-post pdfprnt-top-right\"><a href=\"https:\/\/metropoliagzm.pl\/en\/wp-json\/wp\/v2\/posts\/30279?print=pdf\" class=\"pdfprnt-button pdfprnt-button-pdf\" target=\"_blank\"><img decoding=\"async\" src=\"https:\/\/metropoliagzm.pl\/wp-content\/plugins\/pdf-print\/images\/pdf.png\" alt=\"image_pdf\" title=\"View PDF\" \/><\/a><a href=\"https:\/\/metropoliagzm.pl\/en\/wp-json\/wp\/v2\/posts\/30279?print=print\" class=\"pdfprnt-button pdfprnt-button-print\" target=\"_blank\"><img decoding=\"async\" src=\"https:\/\/metropoliagzm.pl\/wp-content\/plugins\/pdf-print\/images\/print.png\" alt=\"image_print\" title=\"Print Content\" \/><\/a><\/div>\n<p><strong>Nowe obostrzenia rz\u0105dowe zwi\u0105zane z pandemi\u0105 w du\u017cej mierze ograniczy\u0142y lub wr\u0119cz uniemo\u017cliwi\u0142y prowadzenie dzia\u0142alno\u015bci w wielu bran\u017cach. Przedsi\u0119biorcy znale\u017ali si\u0119 w bardzo trudnej sytuacji dlatego Andrzej Dziuba \u2013 prezydent Tych\u00f3w podpisa\u0142 dzi\u015b (29 pa\u017adziernika) zarz\u0105dzenie, dotycz\u0105ce wsparcia dla wynajmuj\u0105cych lub dzier\u017cawi\u0105cych lokale u\u017cytkowe b\u0119d\u0105ce w zasobach gminy. Przedsi\u0119biorcy ci do odwo\u0142ania zostan\u0105 ca\u0142kowicie zwolnieni z op\u0142at czynszowych i dzier\u017cawy.<\/strong><\/p>\n\n\n\n<p>&#8211; Zdaj\u0119 sobie spraw\u0119, \u017ce przedstawione propozycje nie rozwi\u0105\u017c\u0105 wszystkich problem\u00f3w przedsi\u0119biorc\u00f3w, ale licz\u0119, \u017ce cho\u0107 troch\u0119 pomog\u0105 im przetrwa\u0107 ten trudny okres i stan\u0105\u0107 na nogi &#8211; m\u00f3wi <strong>Andrzej Dziuba &#8211; prezydent Tych\u00f3w.<\/strong><br><\/p>\n\n\n\n<p>Podmioty, kt\u00f3re obj\u0119te zosta\u0142y zakazem lub znacz\u0105cymi ograniczeniami w prowadzeniu dzia\u0142alno\u015bci, wynajmuj\u0105ce lokale, wydzier\u017cawiaj\u0105ce lub u\u017cytkuj\u0105ce nieruchomo\u015bci mog\u0105 wyst\u0105pi\u0107 z wnioskiem o odst\u0105pienie od dochodzenia nale\u017cno\u015bci z tytu\u0142u czynszu w ca\u0142o\u015bci. W przypadku podmiot\u00f3w prowadz\u0105cych niepubliczne szko\u0142y, przedszkola i \u017c\u0142obki na terenie miasta ulga, o kt\u00f3rej mowa dotyczy okresu, za jaki podmiot ten nie otrzyma\u0142 dotacji celowej bud\u017cetu miasta.<\/p>\n\n\n\n<p>Pomoc zostanie udzielona m.in. si\u0142owniom, klubom i centrom fitness, bran\u017cy gastronomicznej, w kt\u00f3rej dzia\u0142alno\u015bci polega na przygotowywaniu i podawaniu posi\u0142k\u00f3w i napoj\u00f3w go\u015bciom siedz\u0105cym przy sto\u0142ach lub go\u015bciom dokonuj\u0105cym w\u0142asnego wyboru potraw z wystawionego menu, spo\u017cywanych na miejscu oraz zwi\u0105zanej z konsumpcj\u0105 i podawaniem napoj\u00f3w oraz wszystkim innym podmiotom wymienionym w rozporz\u0105dzeniu &nbsp;Rady Ministr\u00f3w wprowadzaj\u0105cych okre\u015blone nakazy i zakazy w zwi\u0105zku z wyst\u0105pieniem stanu epidemii.<\/p>\n\n\n\n<p>O odst\u0105pienie od dochodzenia nale\u017cno\u015bci mog\u0105 ubiega\u0107 si\u0119 te podmioty, kt\u00f3rych p\u0142ynno\u015b\u0107 finansowa uleg\u0142a pogorszeniu w zwi\u0105zku z ponoszeniem negatywnych konsekwencji ekonomicznych z powodu COVID-19.<\/p>\n\n\n\n<p>Pogorszenie p\u0142ynno\u015bci finansowej czyli zmniejszenie sprzeda\u017cy towar\u00f3w lub us\u0142ug w uj\u0119ciu ilo\u015bciowym lub warto\u015bciowym obliczone jako stosunek \u0142\u0105cznych obrot\u00f3w w ci\u0105gu 2 kolejnych miesi\u0119cy kalendarzowych, bezpo\u015brednio poprzedzaj\u0105cych dzie\u0144 z\u0142o\u017cenia wniosku, w por\u00f3wnaniu do \u0142\u0105cznych obrot\u00f3w z analogicznych 2 kolejnych miesi\u0119cy kalendarzowych roku poprzedniego. &nbsp;<\/p>\n\n\n\n<p>Warunkiem odst\u0105pienia od pobierania czynszu za dany miesi\u0105c jest z\u0142o\u017cenie do w\u0142a\u015bciwego podmiotu, z kt\u00f3rym zosta\u0142a zawarta umowa o odpowiedniego wniosku. B\u0119dzie on dost\u0119pny na stronie <a href=\"http:\/\/www.umtychy.pl\">www.umtychy.pl<\/a>.<\/p>\n\n\n\n<p>Odst\u0105pienie od dochodzenia nale\u017cno\u015bci, dotyczy wy\u0142\u0105cznie op\u0142at czynszowych, nie obejmuje m.in. op\u0142at za media, koszt\u00f3w utrzymania nieruchomo\u015bci oraz nale\u017cnego podatku VAT,<br>a przypadku lokali znajduj\u0105cych si\u0119 w nieruchomo\u015bciach wsp\u00f3lnot mieszkaniowych, koszt\u00f3w zarz\u0105du nieruchomo\u015bci\u0105 wsp\u00f3ln\u0105 oraz wp\u0142at na fundusz remontowy przypadaj\u0105cych w udziale Gminie Miasta Tychy. Odst\u0105pienie od dochodzenia nie obejmuje nale\u017cno\u015bci ju\u017c uiszczonych.<\/p>\n\n\n\n<p>\u0179r\u00f3d\u0142o: UM Tychy<\/p>\n<div class=\"post-author\" style=\"font-size:13px\">Witold Tr\u00f3lka<\/div><\/div>","protected":false},"excerpt":{"rendered":"<p>Nowe obostrzenia rz\u0105dowe zwi\u0105zane z pandemi\u0105 w du\u017cej mierze ograniczy\u0142y lub wr\u0119cz uniemo\u017cliwi\u0142y prowadzenie dzia\u0142alno\u015bci w wielu bran\u017cach. Przedsi\u0119biorcy znale\u017ali si\u0119 w bardzo trudnej sytuacji dlatego Andrzej Dziuba \u2013 prezydent Tych\u00f3w podpisa\u0142 dzi\u015b (29 pa\u017adziernika) zarz\u0105dzenie, dotycz\u0105ce wsparcia dla wynajmuj\u0105cych lub dzier\u017cawi\u0105cych lokale u\u017cytkowe b\u0119d\u0105ce&#8230;<\/p>","protected":false},"author":140,"featured_media":30287,"comment_status":"closed","ping_status":"closed","sticky":false,"template":"","format":"standard","meta":{"_acf_changed":false,"footnotes":""},"categories":[239,1926,231],"tags":[2091,1319],"class_list":["post-30279","post","type-post","status-publish","format-standard","has-post-thumbnail","hentry","category-gospodarka-i-inwestycje","category-koronawirus","category-tychy","tag-koronawirus","tag-msp"],"acf":[],"yoast_head":"<!-- This site is optimized with the Yoast SEO plugin v27.4 - https:\/\/yoast.com\/product\/yoast-seo-wordpress\/ -->\n<title>Zwolnienia za czynsz i dzier\u017caw\u0119 dla tyskich przedsi\u0119biorc\u00f3w - Metropolia GZM<\/title>\n<meta name=\"description\" content=\"Oficjalny portal G\u00f3rno\u015bl\u0105sko-Zag\u0142\u0119biowskiej Metropolii\" \/>\n<meta name=\"robots\" content=\"index, follow, max-snippet:-1, max-image-preview:large, max-video-preview:-1\" \/>\n<link rel=\"canonical\" href=\"https:\/\/metropoliagzm.pl\/en\/2020\/11\/02\/zwolnienia-za-czynsz-i-dzierzawe-dla-tyskich-przedsiebiorcow\/\" \/>\n<meta name=\"twitter:card\" content=\"summary_large_image\" \/>\n<meta name=\"twitter:title\" content=\"Zwolnienia za czynsz i dzier\u017caw\u0119 dla tyskich przedsi\u0119biorc\u00f3w - Metropolia GZM\" \/>\n<meta name=\"twitter:description\" content=\"Oficjalny portal G\u00f3rno\u015bl\u0105sko-Zag\u0142\u0119biowskiej Metropolii\" \/>\n<meta name=\"twitter:image\" content=\"https:\/\/metropoliagzm.pl\/wp-content\/uploads\/2020\/11\/DJI_0024.jpg\" \/>\n<meta name=\"twitter:label1\" content=\"Written by\" \/>\n\t<meta name=\"twitter:data1\" content=\"Witold Tr\u00f3lka\" \/>\n\t<meta name=\"twitter:label2\" content=\"Estimated reading time\" \/>\n\t<meta name=\"twitter:data2\" content=\"3 minutes\" \/>\n<script type=\"application\/ld+json\" class=\"yoast-schema-graph\">{\"@context\":\"https:\\\/\\\/schema.org\",\"@graph\":[{\"@type\":\"Article\",\"@id\":\"https:\\\/\\\/metropoliagzm.pl\\\/2020\\\/11\\\/02\\\/zwolnienia-za-czynsz-i-dzierzawe-dla-tyskich-przedsiebiorcow\\\/#article\",\"isPartOf\":{\"@id\":\"https:\\\/\\\/metropoliagzm.pl\\\/2020\\\/11\\\/02\\\/zwolnienia-za-czynsz-i-dzierzawe-dla-tyskich-przedsiebiorcow\\\/\"},\"author\":{\"name\":\"Witold Tr\u00f3lka\",\"@id\":\"https:\\\/\\\/metropoliagzm.pl\\\/en\\\/#\\\/schema\\\/person\\\/96e19c492916cfe1ba595fd2f60d95b8\"},\"headline\":\"Zwolnienia za czynsz i dzier\u017caw\u0119 dla tyskich przedsi\u0119biorc\u00f3w\",\"datePublished\":\"2020-11-02T12:49:58+00:00\",\"dateModified\":\"2020-11-02T12:49:59+00:00\",\"mainEntityOfPage\":{\"@id\":\"https:\\\/\\\/metropoliagzm.pl\\\/2020\\\/11\\\/02\\\/zwolnienia-za-czynsz-i-dzierzawe-dla-tyskich-przedsiebiorcow\\\/\"},\"wordCount\":519,\"publisher\":{\"@id\":\"https:\\\/\\\/metropoliagzm.pl\\\/en\\\/#organization\"},\"image\":{\"@id\":\"https:\\\/\\\/metropoliagzm.pl\\\/2020\\\/11\\\/02\\\/zwolnienia-za-czynsz-i-dzierzawe-dla-tyskich-przedsiebiorcow\\\/#primaryimage\"},\"thumbnailUrl\":\"https:\\\/\\\/metropoliagzm.pl\\\/wp-content\\\/uploads\\\/2020\\\/11\\\/DJI_0024.jpg\",\"keywords\":[\"koronawirus\",\"M\u015aP\"],\"articleSection\":[\"Gospodarka i Inwestycje\",\"Koronawirus\",\"Tychy\"],\"inLanguage\":\"en-GB\"},{\"@type\":\"WebPage\",\"@id\":\"https:\\\/\\\/metropoliagzm.pl\\\/2020\\\/11\\\/02\\\/zwolnienia-za-czynsz-i-dzierzawe-dla-tyskich-przedsiebiorcow\\\/\",\"url\":\"https:\\\/\\\/metropoliagzm.pl\\\/2020\\\/11\\\/02\\\/zwolnienia-za-czynsz-i-dzierzawe-dla-tyskich-przedsiebiorcow\\\/\",\"name\":\"Zwolnienia za czynsz i dzier\u017caw\u0119 dla tyskich przedsi\u0119biorc\u00f3w - Metropolia GZM\",\"isPartOf\":{\"@id\":\"https:\\\/\\\/metropoliagzm.pl\\\/en\\\/#website\"},\"primaryImageOfPage\":{\"@id\":\"https:\\\/\\\/metropoliagzm.pl\\\/2020\\\/11\\\/02\\\/zwolnienia-za-czynsz-i-dzierzawe-dla-tyskich-przedsiebiorcow\\\/#primaryimage\"},\"image\":{\"@id\":\"https:\\\/\\\/metropoliagzm.pl\\\/2020\\\/11\\\/02\\\/zwolnienia-za-czynsz-i-dzierzawe-dla-tyskich-przedsiebiorcow\\\/#primaryimage\"},\"thumbnailUrl\":\"https:\\\/\\\/metropoliagzm.pl\\\/wp-content\\\/uploads\\\/2020\\\/11\\\/DJI_0024.jpg\",\"datePublished\":\"2020-11-02T12:49:58+00:00\",\"dateModified\":\"2020-11-02T12:49:59+00:00\",\"description\":\"Oficjalny portal G\u00f3rno\u015bl\u0105sko-Zag\u0142\u0119biowskiej Metropolii\",\"breadcrumb\":{\"@id\":\"https:\\\/\\\/metropoliagzm.pl\\\/2020\\\/11\\\/02\\\/zwolnienia-za-czynsz-i-dzierzawe-dla-tyskich-przedsiebiorcow\\\/#breadcrumb\"},\"inLanguage\":\"en-GB\",\"potentialAction\":[{\"@type\":\"ReadAction\",\"target\":[\"https:\\\/\\\/metropoliagzm.pl\\\/2020\\\/11\\\/02\\\/zwolnienia-za-czynsz-i-dzierzawe-dla-tyskich-przedsiebiorcow\\\/\"]}]},{\"@type\":\"ImageObject\",\"inLanguage\":\"en-GB\",\"@id\":\"https:\\\/\\\/metropoliagzm.pl\\\/2020\\\/11\\\/02\\\/zwolnienia-za-czynsz-i-dzierzawe-dla-tyskich-przedsiebiorcow\\\/#primaryimage\",\"url\":\"https:\\\/\\\/metropoliagzm.pl\\\/wp-content\\\/uploads\\\/2020\\\/11\\\/DJI_0024.jpg\",\"contentUrl\":\"https:\\\/\\\/metropoliagzm.pl\\\/wp-content\\\/uploads\\\/2020\\\/11\\\/DJI_0024.jpg\",\"width\":1996,\"height\":1121,\"caption\":\"Fot. UM Tychy\"},{\"@type\":\"BreadcrumbList\",\"@id\":\"https:\\\/\\\/metropoliagzm.pl\\\/2020\\\/11\\\/02\\\/zwolnienia-za-czynsz-i-dzierzawe-dla-tyskich-przedsiebiorcow\\\/#breadcrumb\",\"itemListElement\":[{\"@type\":\"ListItem\",\"position\":1,\"name\":\"Strona g\u0142\u00f3wna\",\"item\":\"https:\\\/\\\/metropoliagzm.pl\\\/\"},{\"@type\":\"ListItem\",\"position\":2,\"name\":\"Zwolnienia za czynsz i dzier\u017caw\u0119 dla tyskich przedsi\u0119biorc\u00f3w\"}]},{\"@type\":\"WebSite\",\"@id\":\"https:\\\/\\\/metropoliagzm.pl\\\/en\\\/#website\",\"url\":\"https:\\\/\\\/metropoliagzm.pl\\\/en\\\/\",\"name\":\"Metropolia GZM\",\"description\":\"Oficjalny portal G\u00f3rno\u015bl\u0105sko-Zag\u0142\u0119biowskiej Metropolii\",\"publisher\":{\"@id\":\"https:\\\/\\\/metropoliagzm.pl\\\/en\\\/#organization\"},\"potentialAction\":[{\"@type\":\"SearchAction\",\"target\":{\"@type\":\"EntryPoint\",\"urlTemplate\":\"https:\\\/\\\/metropoliagzm.pl\\\/en\\\/?s={search_term_string}\"},\"query-input\":{\"@type\":\"PropertyValueSpecification\",\"valueRequired\":true,\"valueName\":\"search_term_string\"}}],\"inLanguage\":\"en-GB\"},{\"@type\":\"Organization\",\"@id\":\"https:\\\/\\\/metropoliagzm.pl\\\/en\\\/#organization\",\"name\":\"Metropolia GZM\",\"url\":\"https:\\\/\\\/metropoliagzm.pl\\\/en\\\/\",\"logo\":{\"@type\":\"ImageObject\",\"inLanguage\":\"en-GB\",\"@id\":\"https:\\\/\\\/metropoliagzm.pl\\\/en\\\/#\\\/schema\\\/logo\\\/image\\\/\",\"url\":\"https:\\\/\\\/metropoliagzm.pl\\\/wp-content\\\/uploads\\\/2019\\\/03\\\/Sygnet-strona-glowna.png\",\"contentUrl\":\"https:\\\/\\\/metropoliagzm.pl\\\/wp-content\\\/uploads\\\/2019\\\/03\\\/Sygnet-strona-glowna.png\",\"width\":36,\"height\":45,\"caption\":\"Metropolia GZM\"},\"image\":{\"@id\":\"https:\\\/\\\/metropoliagzm.pl\\\/en\\\/#\\\/schema\\\/logo\\\/image\\\/\"}},{\"@type\":\"Person\",\"@id\":\"https:\\\/\\\/metropoliagzm.pl\\\/en\\\/#\\\/schema\\\/person\\\/96e19c492916cfe1ba595fd2f60d95b8\",\"name\":\"Witold Tr\u00f3lka\",\"image\":{\"@type\":\"ImageObject\",\"inLanguage\":\"en-GB\",\"@id\":\"https:\\\/\\\/secure.gravatar.com\\\/avatar\\\/71e0c635e405b4a3631033f0d6f49e682b54dcd226d647737e1040a5a480d177?s=96&d=mm&r=g\",\"url\":\"https:\\\/\\\/secure.gravatar.com\\\/avatar\\\/71e0c635e405b4a3631033f0d6f49e682b54dcd226d647737e1040a5a480d177?s=96&d=mm&r=g\",\"contentUrl\":\"https:\\\/\\\/secure.gravatar.com\\\/avatar\\\/71e0c635e405b4a3631033f0d6f49e682b54dcd226d647737e1040a5a480d177?s=96&d=mm&r=g\",\"caption\":\"Witold Tr\u00f3lka\"},\"url\":\"https:\\\/\\\/metropoliagzm.pl\\\/en\\\/author\\\/w-trolka\\\/\"}]}<\/script>\n<!-- \/ Yoast SEO plugin. -->","yoast_head_json":{"title":"Zwolnienia za czynsz i dzier\u017caw\u0119 dla tyskich przedsi\u0119biorc\u00f3w - Metropolia GZM","description":"Oficjalny portal G\u00f3rno\u015bl\u0105sko-Zag\u0142\u0119biowskiej Metropolii","robots":{"index":"index","follow":"follow","max-snippet":"max-snippet:-1","max-image-preview":"max-image-preview:large","max-video-preview":"max-video-preview:-1"},"canonical":"https:\/\/metropoliagzm.pl\/en\/2020\/11\/02\/zwolnienia-za-czynsz-i-dzierzawe-dla-tyskich-przedsiebiorcow\/","twitter_card":"summary_large_image","twitter_title":"Zwolnienia za czynsz i dzier\u017caw\u0119 dla tyskich przedsi\u0119biorc\u00f3w - Metropolia GZM","twitter_description":"Oficjalny portal G\u00f3rno\u015bl\u0105sko-Zag\u0142\u0119biowskiej Metropolii","twitter_image":"https:\/\/metropoliagzm.pl\/wp-content\/uploads\/2020\/11\/DJI_0024.jpg","twitter_misc":{"Written by":"Witold Tr\u00f3lka","Estimated reading time":"3 minutes"},"schema":{"@context":"https:\/\/schema.org","@graph":[{"@type":"Article","@id":"https:\/\/metropoliagzm.pl\/2020\/11\/02\/zwolnienia-za-czynsz-i-dzierzawe-dla-tyskich-przedsiebiorcow\/#article","isPartOf":{"@id":"https:\/\/metropoliagzm.pl\/2020\/11\/02\/zwolnienia-za-czynsz-i-dzierzawe-dla-tyskich-przedsiebiorcow\/"},"author":{"name":"Witold Tr\u00f3lka","@id":"https:\/\/metropoliagzm.pl\/en\/#\/schema\/person\/96e19c492916cfe1ba595fd2f60d95b8"},"headline":"Zwolnienia za czynsz i dzier\u017caw\u0119 dla tyskich przedsi\u0119biorc\u00f3w","datePublished":"2020-11-02T12:49:58+00:00","dateModified":"2020-11-02T12:49:59+00:00","mainEntityOfPage":{"@id":"https:\/\/metropoliagzm.pl\/2020\/11\/02\/zwolnienia-za-czynsz-i-dzierzawe-dla-tyskich-przedsiebiorcow\/"},"wordCount":519,"publisher":{"@id":"https:\/\/metropoliagzm.pl\/en\/#organization"},"image":{"@id":"https:\/\/metropoliagzm.pl\/2020\/11\/02\/zwolnienia-za-czynsz-i-dzierzawe-dla-tyskich-przedsiebiorcow\/#primaryimage"},"thumbnailUrl":"https:\/\/metropoliagzm.pl\/wp-content\/uploads\/2020\/11\/DJI_0024.jpg","keywords":["koronawirus","M\u015aP"],"articleSection":["Gospodarka i Inwestycje","Koronawirus","Tychy"],"inLanguage":"en-GB"},{"@type":"WebPage","@id":"https:\/\/metropoliagzm.pl\/2020\/11\/02\/zwolnienia-za-czynsz-i-dzierzawe-dla-tyskich-przedsiebiorcow\/","url":"https:\/\/metropoliagzm.pl\/2020\/11\/02\/zwolnienia-za-czynsz-i-dzierzawe-dla-tyskich-przedsiebiorcow\/","name":"Zwolnienia za czynsz i dzier\u017caw\u0119 dla tyskich przedsi\u0119biorc\u00f3w - Metropolia GZM","isPartOf":{"@id":"https:\/\/metropoliagzm.pl\/en\/#website"},"primaryImageOfPage":{"@id":"https:\/\/metropoliagzm.pl\/2020\/11\/02\/zwolnienia-za-czynsz-i-dzierzawe-dla-tyskich-przedsiebiorcow\/#primaryimage"},"image":{"@id":"https:\/\/metropoliagzm.pl\/2020\/11\/02\/zwolnienia-za-czynsz-i-dzierzawe-dla-tyskich-przedsiebiorcow\/#primaryimage"},"thumbnailUrl":"https:\/\/metropoliagzm.pl\/wp-content\/uploads\/2020\/11\/DJI_0024.jpg","datePublished":"2020-11-02T12:49:58+00:00","dateModified":"2020-11-02T12:49:59+00:00","description":"Oficjalny portal G\u00f3rno\u015bl\u0105sko-Zag\u0142\u0119biowskiej Metropolii","breadcrumb":{"@id":"https:\/\/metropoliagzm.pl\/2020\/11\/02\/zwolnienia-za-czynsz-i-dzierzawe-dla-tyskich-przedsiebiorcow\/#breadcrumb"},"inLanguage":"en-GB","potentialAction":[{"@type":"ReadAction","target":["https:\/\/metropoliagzm.pl\/2020\/11\/02\/zwolnienia-za-czynsz-i-dzierzawe-dla-tyskich-przedsiebiorcow\/"]}]},{"@type":"ImageObject","inLanguage":"en-GB","@id":"https:\/\/metropoliagzm.pl\/2020\/11\/02\/zwolnienia-za-czynsz-i-dzierzawe-dla-tyskich-przedsiebiorcow\/#primaryimage","url":"https:\/\/metropoliagzm.pl\/wp-content\/uploads\/2020\/11\/DJI_0024.jpg","contentUrl":"https:\/\/metropoliagzm.pl\/wp-content\/uploads\/2020\/11\/DJI_0024.jpg","width":1996,"height":1121,"caption":"Fot. UM Tychy"},{"@type":"BreadcrumbList","@id":"https:\/\/metropoliagzm.pl\/2020\/11\/02\/zwolnienia-za-czynsz-i-dzierzawe-dla-tyskich-przedsiebiorcow\/#breadcrumb","itemListElement":[{"@type":"ListItem","position":1,"name":"Strona g\u0142\u00f3wna","item":"https:\/\/metropoliagzm.pl\/"},{"@type":"ListItem","position":2,"name":"Zwolnienia za czynsz i dzier\u017caw\u0119 dla tyskich przedsi\u0119biorc\u00f3w"}]},{"@type":"WebSite","@id":"https:\/\/metropoliagzm.pl\/en\/#website","url":"https:\/\/metropoliagzm.pl\/en\/","name":"Metropolia GZM","description":"Oficjalny portal G\u00f3rno\u015bl\u0105sko-Zag\u0142\u0119biowskiej Metropolii","publisher":{"@id":"https:\/\/metropoliagzm.pl\/en\/#organization"},"potentialAction":[{"@type":"SearchAction","target":{"@type":"EntryPoint","urlTemplate":"https:\/\/metropoliagzm.pl\/en\/?s={search_term_string}"},"query-input":{"@type":"PropertyValueSpecification","valueRequired":true,"valueName":"search_term_string"}}],"inLanguage":"en-GB"},{"@type":"Organization","@id":"https:\/\/metropoliagzm.pl\/en\/#organization","name":"Metropolia GZM","url":"https:\/\/metropoliagzm.pl\/en\/","logo":{"@type":"ImageObject","inLanguage":"en-GB","@id":"https:\/\/metropoliagzm.pl\/en\/#\/schema\/logo\/image\/","url":"https:\/\/metropoliagzm.pl\/wp-content\/uploads\/2019\/03\/Sygnet-strona-glowna.png","contentUrl":"https:\/\/metropoliagzm.pl\/wp-content\/uploads\/2019\/03\/Sygnet-strona-glowna.png","width":36,"height":45,"caption":"Metropolia GZM"},"image":{"@id":"https:\/\/metropoliagzm.pl\/en\/#\/schema\/logo\/image\/"}},{"@type":"Person","@id":"https:\/\/metropoliagzm.pl\/en\/#\/schema\/person\/96e19c492916cfe1ba595fd2f60d95b8","name":"Witold Tr\u00f3lka","image":{"@type":"ImageObject","inLanguage":"en-GB","@id":"https:\/\/secure.gravatar.com\/avatar\/71e0c635e405b4a3631033f0d6f49e682b54dcd226d647737e1040a5a480d177?s=96&d=mm&r=g","url":"https:\/\/secure.gravatar.com\/avatar\/71e0c635e405b4a3631033f0d6f49e682b54dcd226d647737e1040a5a480d177?s=96&d=mm&r=g","contentUrl":"https:\/\/secure.gravatar.com\/avatar\/71e0c635e405b4a3631033f0d6f49e682b54dcd226d647737e1040a5a480d177?s=96&d=mm&r=g","caption":"Witold Tr\u00f3lka"},"url":"https:\/\/metropoliagzm.pl\/en\/author\/w-trolka\/"}]}},"_links":{"self":[{"href":"https:\/\/metropoliagzm.pl\/en\/wp-json\/wp\/v2\/posts\/30279","targetHints":{"allow":["GET"]}}],"collection":[{"href":"https:\/\/metropoliagzm.pl\/en\/wp-json\/wp\/v2\/posts"}],"about":[{"href":"https:\/\/metropoliagzm.pl\/en\/wp-json\/wp\/v2\/types\/post"}],"author":[{"embeddable":true,"href":"https:\/\/metropoliagzm.pl\/en\/wp-json\/wp\/v2\/users\/140"}],"replies":[{"embeddable":true,"href":"https:\/\/metropoliagzm.pl\/en\/wp-json\/wp\/v2\/comments?post=30279"}],"version-history":[{"count":4,"href":"https:\/\/metropoliagzm.pl\/en\/wp-json\/wp\/v2\/posts\/30279\/revisions"}],"predecessor-version":[{"id":30296,"href":"https:\/\/metropoliagzm.pl\/en\/wp-json\/wp\/v2\/posts\/30279\/revisions\/30296"}],"wp:featuredmedia":[{"embeddable":true,"href":"https:\/\/metropoliagzm.pl\/en\/wp-json\/wp\/v2\/media\/30287"}],"wp:attachment":[{"href":"https:\/\/metropoliagzm.pl\/en\/wp-json\/wp\/v2\/media?parent=30279"}],"wp:term":[{"taxonomy":"category","embeddable":true,"href":"https:\/\/metropoliagzm.pl\/en\/wp-json\/wp\/v2\/categories?post=30279"},{"taxonomy":"post_tag","embeddable":true,"href":"https:\/\/metropoliagzm.pl\/en\/wp-json\/wp\/v2\/tags?post=30279"}],"curies":[{"name":"wp","href":"https:\/\/api.w.org\/{rel}","templated":true}]}}