{"id":30548,"date":"2020-11-05T11:44:27","date_gmt":"2020-11-05T10:44:27","guid":{"rendered":"https:\/\/metropoliagzm.pl\/?p=30548"},"modified":"2020-11-06T14:31:57","modified_gmt":"2020-11-06T13:31:57","slug":"konkurs-plastyczny-drzewo-z-recyklingu-rozstrzygniety","status":"publish","type":"post","link":"https:\/\/metropoliagzm.pl\/en\/2020\/11\/05\/konkurs-plastyczny-drzewo-z-recyklingu-rozstrzygniety\/","title":{"rendered":"Konkurs plastyczny \u201eDrzewo z recyklingu\u201d &#8211; rozstrzygni\u0119ty!"},"content":{"rendered":"<div class=\"pdf-block\"><div class=\"pdfprnt-buttons  pdfprnt-new pdfprnt-buttons-post pdfprnt-top-right\"><div class=\"jssocials-share jssocials-share-twitter\"><a target=\"_blank\" href=\"https:\/\/twitter.com\/share?url=https:\/\/metropoliagzm.pl\/en\/wp-json\/wp\/v2\/posts\/30548;text=30548\" class=\"jssocials-share-link\"><i class=\"fa fa-twitter jssocials-share-logo\"><\/i><\/a><\/div><div class=\"jssocials-share jssocials-share-facebook\"><a target=\"_blank\" href=\"https:\/\/facebook.com\/sharer\/sharer.php?u=https:\/\/metropoliagzm.pl\/en\/wp-json\/wp\/v2\/posts\/30548\" class=\"jssocials-share-link\"><i class=\"fa fa-facebook jssocials-share-logo\"><\/i><\/a><\/div><div class=\"jssocials-share jssocials-share-pinterest\"><a target=\"_blank\" href=\"https:\/\/pinterest.com\/pin\/create\/bookmarklet\/?&amp;url=https:\/\/metropoliagzm.pl\/en\/wp-json\/wp\/v2\/posts\/30548;description=30548\" class=\"jssocials-share-link\"><i class=\"fa fa-pinterest jssocials-share-logo\"><\/i><\/a><\/div><a href=\"https:\/\/metropoliagzm.pl\/en\/wp-json\/wp\/v2\/posts\/30548?print=pdf\" class=\"pdfprnt-button pdfprnt-button-pdf\" target=\"_blank\"><img decoding=\"async\" src=\"https:\/\/metropoliagzm.pl\/wp-content\/plugins\/pdf-print\/images\/pdf.png\" alt=\"image_pdf\" title=\"View PDF\" \/><\/a><a href=\"https:\/\/metropoliagzm.pl\/en\/wp-json\/wp\/v2\/posts\/30548?print=print\" class=\"pdfprnt-button pdfprnt-button-print\" target=\"_blank\"><img decoding=\"async\" src=\"https:\/\/metropoliagzm.pl\/wp-content\/plugins\/pdf-print\/images\/print.png\" alt=\"image_print\" title=\"Print Content\" \/><\/a><\/div><\/div><div class=\"post-block-pdf\"><div class=\"pdfprnt-buttons pdfprnt-buttons-post pdfprnt-top-right\"><a href=\"https:\/\/metropoliagzm.pl\/en\/wp-json\/wp\/v2\/posts\/30548?print=pdf\" class=\"pdfprnt-button pdfprnt-button-pdf\" target=\"_blank\"><img decoding=\"async\" src=\"https:\/\/metropoliagzm.pl\/wp-content\/plugins\/pdf-print\/images\/pdf.png\" alt=\"image_pdf\" title=\"View PDF\" \/><\/a><a href=\"https:\/\/metropoliagzm.pl\/en\/wp-json\/wp\/v2\/posts\/30548?print=print\" class=\"pdfprnt-button pdfprnt-button-print\" target=\"_blank\"><img decoding=\"async\" src=\"https:\/\/metropoliagzm.pl\/wp-content\/plugins\/pdf-print\/images\/print.png\" alt=\"image_print\" title=\"Print Content\" \/><\/a><\/div>\n<p><strong>Nasi najm\u0142odsi mieszka\u0144cy B\u0119dzina wykazali si\u0119 du\u017c\u0105 pomys\u0142owo\u015bci\u0105 i kreatywno\u015bci\u0105 przesy\u0142aj\u0105c mn\u00f3stwo pi\u0119knych i oryginalnych prac o tematyce drzewa.<\/strong><\/p>\n\n\n\n<p>Ekologiczny Konkurs plastyczny obejmowa\u0142 trzy kategorie wiekowe: przedszkola i oddzia\u0142y przedszkolne w szko\u0142ach podstawowych, klasy I-IV oraz V-VIII.<\/p>\n\n\n\n<p>W konkursie wzi\u0119\u0142o udzia\u0142 101 uczestnik\u00f3w. Prace nades\u0142ano z przedszkoli miejskich nr 2, 5, 8, 9, 10, 14, 15 i oddzia\u0142u przedszkolnego w SP nr 4 oraz ze szk\u00f3\u0142 podstawowych nr 1, 4, 6, 8, 9. Oceniana by\u0142a kreatywno\u015b\u0107, oryginalno\u015b\u0107 oraz zgodno\u015b\u0107 z zasadami regulaminu.<\/p>\n\n\n\n<p>Wszystkim dzieciom serdecznie gratulujemy!<\/p>\n\n\n\n<p><strong>Nagrodzone prace:<\/strong><\/p>\n\n\n\n<h4 class=\"wp-block-heading\"><strong>Kategoria wiekowa: przedszkola<\/strong><\/h4>\n\n\n\n<ul class=\"wp-block-list\"><li><strong>I miejsce<\/strong>&nbsp;\u2013 Oddzia\u0142 Przedszkolny w SP nr 4<\/li><li><strong>II miejsce<\/strong> \u2013 PM nr 2<\/li><li><strong>III miejsce<\/strong> \u2013 PM nr 10<\/li><li><strong>Wyr\u00f3\u017cnienia<\/strong> &#8211; Oddzia\u0142 Przedszkolny w SP nr 4, PM nr 13, PM nr 15<\/li><\/ul>\n\n\n\n<h4 class=\"wp-block-heading\"><strong>Kategoria wiekowa: klasy I-IV<\/strong><\/h4>\n\n\n\n<ul class=\"wp-block-list\"><li><strong>I miejsce<\/strong> \u2013 SP nr 4<\/li><li><strong>II miejsce<\/strong> \u2013 SP nr 6<\/li><li><strong>III miejsce<\/strong> \u2013 SP nr 1<\/li><li><strong>Wyr\u00f3\u017cnienia<\/strong> \u2013 SP nr 9, SP nr 6, SP nr 1<\/li><\/ul>\n\n\n\n<h4 class=\"wp-block-heading\"><strong>Kategoria wiekowa: klasy V-VIII<\/strong><\/h4>\n\n\n\n<ul class=\"wp-block-list\"><li><strong>I miejsce<\/strong> \u2013 SP nr 4<\/li><li><strong>II miejsce<\/strong> \u2013 SP nr 9<\/li><li><strong>III miejsce<\/strong> \u2013 SP nr 1<\/li><li><strong>Wyr\u00f3\u017cnienie<\/strong> \u2013 SP nr 9, SP nr 1<\/li><\/ul>\n\n\n\n<figure class=\"wp-block-gallery columns-3 is-cropped wp-block-gallery-1 is-layout-flex wp-block-gallery-is-layout-flex\"><ul class=\"blocks-gallery-grid\"><li class=\"blocks-gallery-item\"><figure><img loading=\"lazy\" decoding=\"async\" width=\"678\" height=\"960\" src=\"https:\/\/metropoliagzm.pl\/wp-content\/uploads\/2020\/11\/III-miejsce-przedszkola.jpg\" alt=\"drzewo\" data-id=\"30560\" class=\"wp-image-30560\" srcset=\"https:\/\/metropoliagzm.pl\/wp-content\/uploads\/2020\/11\/III-miejsce-przedszkola.jpg 678w, https:\/\/metropoliagzm.pl\/wp-content\/uploads\/2020\/11\/III-miejsce-przedszkola-212x300.jpg 212w, https:\/\/metropoliagzm.pl\/wp-content\/uploads\/2020\/11\/III-miejsce-przedszkola-585x828.jpg 585w\" sizes=\"auto, (max-width: 678px) 100vw, 678px\" \/><\/figure><\/li><li class=\"blocks-gallery-item\"><figure><img loading=\"lazy\" decoding=\"async\" width=\"960\" height=\"667\" src=\"https:\/\/metropoliagzm.pl\/wp-content\/uploads\/2020\/11\/I-miejsce-klasy-1-4-1.jpg\" alt=\"\" data-id=\"30562\" data-full-url=\"https:\/\/metropoliagzm.pl\/wp-content\/uploads\/2020\/11\/I-miejsce-klasy-1-4-1.jpg\" data-link=\"https:\/\/metropoliagzm.pl\/?attachment_id=30562\" class=\"wp-image-30562\" srcset=\"https:\/\/metropoliagzm.pl\/wp-content\/uploads\/2020\/11\/I-miejsce-klasy-1-4-1.jpg 960w, https:\/\/metropoliagzm.pl\/wp-content\/uploads\/2020\/11\/I-miejsce-klasy-1-4-1-300x208.jpg 300w, https:\/\/metropoliagzm.pl\/wp-content\/uploads\/2020\/11\/I-miejsce-klasy-1-4-1-768x534.jpg 768w, https:\/\/metropoliagzm.pl\/wp-content\/uploads\/2020\/11\/I-miejsce-klasy-1-4-1-585x406.jpg 585w\" sizes=\"auto, (max-width: 960px) 100vw, 960px\" \/><\/figure><\/li><li class=\"blocks-gallery-item\"><figure><img loading=\"lazy\" decoding=\"async\" width=\"815\" height=\"960\" src=\"https:\/\/metropoliagzm.pl\/wp-content\/uploads\/2020\/11\/I-miejsce-klasy-5-8-1.jpg\" alt=\"\" data-id=\"30563\" data-full-url=\"https:\/\/metropoliagzm.pl\/wp-content\/uploads\/2020\/11\/I-miejsce-klasy-5-8-1.jpg\" data-link=\"https:\/\/metropoliagzm.pl\/?attachment_id=30563\" class=\"wp-image-30563\" srcset=\"https:\/\/metropoliagzm.pl\/wp-content\/uploads\/2020\/11\/I-miejsce-klasy-5-8-1.jpg 815w, https:\/\/metropoliagzm.pl\/wp-content\/uploads\/2020\/11\/I-miejsce-klasy-5-8-1-255x300.jpg 255w, https:\/\/metropoliagzm.pl\/wp-content\/uploads\/2020\/11\/I-miejsce-klasy-5-8-1-768x905.jpg 768w, https:\/\/metropoliagzm.pl\/wp-content\/uploads\/2020\/11\/I-miejsce-klasy-5-8-1-585x689.jpg 585w\" sizes=\"auto, (max-width: 815px) 100vw, 815px\" \/><\/figure><\/li><li class=\"blocks-gallery-item\"><figure><img loading=\"lazy\" decoding=\"async\" width=\"696\" height=\"960\" src=\"https:\/\/metropoliagzm.pl\/wp-content\/uploads\/2020\/11\/I-miejsce-przedszkola-1.jpg\" alt=\"\" data-id=\"30564\" data-full-url=\"https:\/\/metropoliagzm.pl\/wp-content\/uploads\/2020\/11\/I-miejsce-przedszkola-1.jpg\" data-link=\"https:\/\/metropoliagzm.pl\/?attachment_id=30564\" class=\"wp-image-30564\" srcset=\"https:\/\/metropoliagzm.pl\/wp-content\/uploads\/2020\/11\/I-miejsce-przedszkola-1.jpg 696w, https:\/\/metropoliagzm.pl\/wp-content\/uploads\/2020\/11\/I-miejsce-przedszkola-1-218x300.jpg 218w, https:\/\/metropoliagzm.pl\/wp-content\/uploads\/2020\/11\/I-miejsce-przedszkola-1-585x807.jpg 585w\" sizes=\"auto, (max-width: 696px) 100vw, 696px\" \/><\/figure><\/li><li class=\"blocks-gallery-item\"><figure><img loading=\"lazy\" decoding=\"async\" width=\"705\" height=\"960\" src=\"https:\/\/metropoliagzm.pl\/wp-content\/uploads\/2020\/11\/II-miejsce-klasy-1-4-1.jpg\" alt=\"\" data-id=\"30565\" data-full-url=\"https:\/\/metropoliagzm.pl\/wp-content\/uploads\/2020\/11\/II-miejsce-klasy-1-4-1.jpg\" data-link=\"https:\/\/metropoliagzm.pl\/?attachment_id=30565\" class=\"wp-image-30565\" srcset=\"https:\/\/metropoliagzm.pl\/wp-content\/uploads\/2020\/11\/II-miejsce-klasy-1-4-1.jpg 705w, https:\/\/metropoliagzm.pl\/wp-content\/uploads\/2020\/11\/II-miejsce-klasy-1-4-1-220x300.jpg 220w, https:\/\/metropoliagzm.pl\/wp-content\/uploads\/2020\/11\/II-miejsce-klasy-1-4-1-585x797.jpg 585w\" sizes=\"auto, (max-width: 705px) 100vw, 705px\" \/><\/figure><\/li><li class=\"blocks-gallery-item\"><figure><img loading=\"lazy\" decoding=\"async\" width=\"775\" height=\"960\" src=\"https:\/\/metropoliagzm.pl\/wp-content\/uploads\/2020\/11\/II-miejsce-klasy-5-8-1.jpg\" alt=\"\" data-id=\"30566\" data-full-url=\"https:\/\/metropoliagzm.pl\/wp-content\/uploads\/2020\/11\/II-miejsce-klasy-5-8-1.jpg\" data-link=\"https:\/\/metropoliagzm.pl\/?attachment_id=30566\" class=\"wp-image-30566\" srcset=\"https:\/\/metropoliagzm.pl\/wp-content\/uploads\/2020\/11\/II-miejsce-klasy-5-8-1.jpg 775w, https:\/\/metropoliagzm.pl\/wp-content\/uploads\/2020\/11\/II-miejsce-klasy-5-8-1-242x300.jpg 242w, https:\/\/metropoliagzm.pl\/wp-content\/uploads\/2020\/11\/II-miejsce-klasy-5-8-1-768x951.jpg 768w, https:\/\/metropoliagzm.pl\/wp-content\/uploads\/2020\/11\/II-miejsce-klasy-5-8-1-585x725.jpg 585w\" sizes=\"auto, (max-width: 775px) 100vw, 775px\" \/><\/figure><\/li><li class=\"blocks-gallery-item\"><figure><img loading=\"lazy\" decoding=\"async\" width=\"720\" height=\"960\" src=\"https:\/\/metropoliagzm.pl\/wp-content\/uploads\/2020\/11\/II-miejsce-przedszkola-1.jpg\" alt=\"\" data-id=\"30567\" data-full-url=\"https:\/\/metropoliagzm.pl\/wp-content\/uploads\/2020\/11\/II-miejsce-przedszkola-1.jpg\" data-link=\"https:\/\/metropoliagzm.pl\/?attachment_id=30567\" class=\"wp-image-30567\" srcset=\"https:\/\/metropoliagzm.pl\/wp-content\/uploads\/2020\/11\/II-miejsce-przedszkola-1.jpg 720w, https:\/\/metropoliagzm.pl\/wp-content\/uploads\/2020\/11\/II-miejsce-przedszkola-1-225x300.jpg 225w, https:\/\/metropoliagzm.pl\/wp-content\/uploads\/2020\/11\/II-miejsce-przedszkola-1-110x147.jpg 110w, https:\/\/metropoliagzm.pl\/wp-content\/uploads\/2020\/11\/II-miejsce-przedszkola-1-585x780.jpg 585w\" sizes=\"auto, (max-width: 720px) 100vw, 720px\" \/><\/figure><\/li><li class=\"blocks-gallery-item\"><figure><img loading=\"lazy\" decoding=\"async\" width=\"720\" height=\"960\" src=\"https:\/\/metropoliagzm.pl\/wp-content\/uploads\/2020\/11\/III-miejsce-klasy-1-4-1.jpg\" alt=\"\" data-id=\"30568\" data-full-url=\"https:\/\/metropoliagzm.pl\/wp-content\/uploads\/2020\/11\/III-miejsce-klasy-1-4-1.jpg\" data-link=\"https:\/\/metropoliagzm.pl\/?attachment_id=30568\" class=\"wp-image-30568\" srcset=\"https:\/\/metropoliagzm.pl\/wp-content\/uploads\/2020\/11\/III-miejsce-klasy-1-4-1.jpg 720w, https:\/\/metropoliagzm.pl\/wp-content\/uploads\/2020\/11\/III-miejsce-klasy-1-4-1-225x300.jpg 225w, https:\/\/metropoliagzm.pl\/wp-content\/uploads\/2020\/11\/III-miejsce-klasy-1-4-1-110x147.jpg 110w, https:\/\/metropoliagzm.pl\/wp-content\/uploads\/2020\/11\/III-miejsce-klasy-1-4-1-585x780.jpg 585w\" sizes=\"auto, (max-width: 720px) 100vw, 720px\" \/><\/figure><\/li><li class=\"blocks-gallery-item\"><figure><img loading=\"lazy\" decoding=\"async\" width=\"697\" height=\"960\" src=\"https:\/\/metropoliagzm.pl\/wp-content\/uploads\/2020\/11\/III-miejsce-klasy-5-8-1.jpg\" alt=\"\" data-id=\"30569\" data-full-url=\"https:\/\/metropoliagzm.pl\/wp-content\/uploads\/2020\/11\/III-miejsce-klasy-5-8-1.jpg\" data-link=\"https:\/\/metropoliagzm.pl\/?attachment_id=30569\" class=\"wp-image-30569\" srcset=\"https:\/\/metropoliagzm.pl\/wp-content\/uploads\/2020\/11\/III-miejsce-klasy-5-8-1.jpg 697w, https:\/\/metropoliagzm.pl\/wp-content\/uploads\/2020\/11\/III-miejsce-klasy-5-8-1-218x300.jpg 218w, https:\/\/metropoliagzm.pl\/wp-content\/uploads\/2020\/11\/III-miejsce-klasy-5-8-1-585x806.jpg 585w\" sizes=\"auto, (max-width: 697px) 100vw, 697px\" \/><\/figure><\/li><\/ul><\/figure>\n\n\n\n<p>Konkurs zorganizowany by\u0142 w ramach Kampanii Edukacyjno-Ekologicznej Projektu Zag\u0142\u0119biowski Park Linearny &#8211; rewitalizacja obszaru funkcjonalnego doliny Przemszy i Brynicy &#8211; Miasto B\u0119dzin wsp\u00f3\u0142finansowanego ze \u015brodk\u00f3w Unii Europejskiej w ramach Regionalnego Programu Operacyjnego dla Wojew\u00f3dztwa \u015al\u0105skiego na lata 2014-2020 Dzia\u0142anie 5.4.3. Ochrona r\u00f3\u017cnorodno\u015bci biologicznej &#8211; tryb pozakonkursowy.<\/p>\n\n\n\n<figure class=\"wp-block-image size-large\"><img loading=\"lazy\" decoding=\"async\" width=\"680\" height=\"94\" src=\"https:\/\/metropoliagzm.pl\/wp-content\/uploads\/2020\/11\/logosy-do-Parku-Linearnego.jpg\" alt=\"\" class=\"wp-image-30550\" srcset=\"https:\/\/metropoliagzm.pl\/wp-content\/uploads\/2020\/11\/logosy-do-Parku-Linearnego.jpg 680w, https:\/\/metropoliagzm.pl\/wp-content\/uploads\/2020\/11\/logosy-do-Parku-Linearnego-300x41.jpg 300w, https:\/\/metropoliagzm.pl\/wp-content\/uploads\/2020\/11\/logosy-do-Parku-Linearnego-585x81.jpg 585w\" sizes=\"auto, (max-width: 680px) 100vw, 680px\" \/><\/figure>\n\n\n\n<p>\u0179r\u00f3d\u0142o: UM B\u0119dzin <\/p>\n<div class=\"post-author\" style=\"font-size:13px\">bedzin<\/div><\/div>","protected":false},"excerpt":{"rendered":"<p>Nasi najm\u0142odsi mieszka\u0144cy B\u0119dzina wykazali si\u0119 du\u017c\u0105 pomys\u0142owo\u015bci\u0105 i kreatywno\u015bci\u0105 przesy\u0142aj\u0105c mn\u00f3stwo pi\u0119knych i oryginalnych prac o tematyce drzewa. Ekologiczny Konkurs plastyczny obejmowa\u0142 trzy kategorie wiekowe: przedszkola i oddzia\u0142y przedszkolne w szko\u0142ach podstawowych, klasy I-IV oraz V-VIII. W konkursie wzi\u0119\u0142o udzia\u0142 101 uczestnik\u00f3w. Prace nades\u0142ano&#8230;<\/p>","protected":false},"author":89,"featured_media":30572,"comment_status":"closed","ping_status":"closed","sticky":false,"template":"","format":"standard","meta":{"_acf_changed":false,"footnotes":""},"categories":[195,242],"tags":[248,565,377,1208],"class_list":["post-30548","post","type-post","status-publish","format-standard","has-post-thumbnail","hentry","category-bedzin","category-mieszkancy","tag-bedzin","tag-edukacja","tag-kultura","tag-recykling"],"acf":[],"yoast_head":"<!-- This site is optimized with the Yoast SEO plugin v27.4 - https:\/\/yoast.com\/product\/yoast-seo-wordpress\/ -->\n<title>Konkurs plastyczny \u201eDrzewo z recyklingu\u201d - rozstrzygni\u0119ty! - Metropolia GZM<\/title>\n<meta name=\"description\" content=\"Oficjalny portal G\u00f3rno\u015bl\u0105sko-Zag\u0142\u0119biowskiej Metropolii\" \/>\n<meta name=\"robots\" content=\"index, follow, max-snippet:-1, max-image-preview:large, max-video-preview:-1\" \/>\n<link rel=\"canonical\" href=\"http:\/\/metropoliagzm.pl\/en\/2020\/11\/05\/konkurs-plastyczny-drzewo-z-recyklingu-rozstrzygniety\/\" \/>\n<meta name=\"twitter:card\" content=\"summary_large_image\" \/>\n<meta name=\"twitter:title\" content=\"Konkurs plastyczny \u201eDrzewo z recyklingu\u201d - rozstrzygni\u0119ty! - Metropolia GZM\" \/>\n<meta name=\"twitter:description\" content=\"Oficjalny portal G\u00f3rno\u015bl\u0105sko-Zag\u0142\u0119biowskiej Metropolii\" \/>\n<meta name=\"twitter:image\" content=\"https:\/\/metropoliagzm.pl\/wp-content\/uploads\/2020\/11\/Konkurs-Drzewo-z-recyklingu.jpg\" \/>\n<meta name=\"twitter:label1\" content=\"Written by\" \/>\n\t<meta name=\"twitter:data1\" content=\"bedzin\" \/>\n\t<meta name=\"twitter:label2\" content=\"Estimated reading time\" \/>\n\t<meta name=\"twitter:data2\" content=\"1 minute\" \/>\n<script type=\"application\/ld+json\" class=\"yoast-schema-graph\">{\"@context\":\"https:\\\/\\\/schema.org\",\"@graph\":[{\"@type\":\"Article\",\"@id\":\"http:\\\/\\\/metropoliagzm.pl\\\/de\\\/2020\\\/11\\\/05\\\/konkurs-plastyczny-drzewo-z-recyklingu-rozstrzygniety\\\/#article\",\"isPartOf\":{\"@id\":\"http:\\\/\\\/metropoliagzm.pl\\\/de\\\/2020\\\/11\\\/05\\\/konkurs-plastyczny-drzewo-z-recyklingu-rozstrzygniety\\\/\"},\"author\":{\"name\":\"bedzin\",\"@id\":\"https:\\\/\\\/metropoliagzm.pl\\\/en\\\/#\\\/schema\\\/person\\\/599062022efc27bc163c01eab0f580f4\"},\"headline\":\"Konkurs plastyczny \u201eDrzewo z recyklingu\u201d &#8211; rozstrzygni\u0119ty!\",\"datePublished\":\"2020-11-05T10:44:27+00:00\",\"dateModified\":\"2020-11-06T13:31:57+00:00\",\"mainEntityOfPage\":{\"@id\":\"http:\\\/\\\/metropoliagzm.pl\\\/de\\\/2020\\\/11\\\/05\\\/konkurs-plastyczny-drzewo-z-recyklingu-rozstrzygniety\\\/\"},\"wordCount\":236,\"publisher\":{\"@id\":\"https:\\\/\\\/metropoliagzm.pl\\\/en\\\/#organization\"},\"image\":{\"@id\":\"http:\\\/\\\/metropoliagzm.pl\\\/de\\\/2020\\\/11\\\/05\\\/konkurs-plastyczny-drzewo-z-recyklingu-rozstrzygniety\\\/#primaryimage\"},\"thumbnailUrl\":\"https:\\\/\\\/metropoliagzm.pl\\\/wp-content\\\/uploads\\\/2020\\\/11\\\/Konkurs-Drzewo-z-recyklingu.jpg\",\"keywords\":[\"B\u0119dzin\",\"edukacja\",\"Kultura\",\"recykling\"],\"articleSection\":[\"B\u0119dzin\",\"Mieszka\u0144cy\"],\"inLanguage\":\"en-GB\"},{\"@type\":\"WebPage\",\"@id\":\"http:\\\/\\\/metropoliagzm.pl\\\/de\\\/2020\\\/11\\\/05\\\/konkurs-plastyczny-drzewo-z-recyklingu-rozstrzygniety\\\/\",\"url\":\"http:\\\/\\\/metropoliagzm.pl\\\/de\\\/2020\\\/11\\\/05\\\/konkurs-plastyczny-drzewo-z-recyklingu-rozstrzygniety\\\/\",\"name\":\"Konkurs plastyczny \u201eDrzewo z recyklingu\u201d - rozstrzygni\u0119ty! - Metropolia GZM\",\"isPartOf\":{\"@id\":\"https:\\\/\\\/metropoliagzm.pl\\\/en\\\/#website\"},\"primaryImageOfPage\":{\"@id\":\"http:\\\/\\\/metropoliagzm.pl\\\/de\\\/2020\\\/11\\\/05\\\/konkurs-plastyczny-drzewo-z-recyklingu-rozstrzygniety\\\/#primaryimage\"},\"image\":{\"@id\":\"http:\\\/\\\/metropoliagzm.pl\\\/de\\\/2020\\\/11\\\/05\\\/konkurs-plastyczny-drzewo-z-recyklingu-rozstrzygniety\\\/#primaryimage\"},\"thumbnailUrl\":\"https:\\\/\\\/metropoliagzm.pl\\\/wp-content\\\/uploads\\\/2020\\\/11\\\/Konkurs-Drzewo-z-recyklingu.jpg\",\"datePublished\":\"2020-11-05T10:44:27+00:00\",\"dateModified\":\"2020-11-06T13:31:57+00:00\",\"description\":\"Oficjalny portal G\u00f3rno\u015bl\u0105sko-Zag\u0142\u0119biowskiej Metropolii\",\"breadcrumb\":{\"@id\":\"http:\\\/\\\/metropoliagzm.pl\\\/de\\\/2020\\\/11\\\/05\\\/konkurs-plastyczny-drzewo-z-recyklingu-rozstrzygniety\\\/#breadcrumb\"},\"inLanguage\":\"en-GB\",\"potentialAction\":[{\"@type\":\"ReadAction\",\"target\":[\"http:\\\/\\\/metropoliagzm.pl\\\/de\\\/2020\\\/11\\\/05\\\/konkurs-plastyczny-drzewo-z-recyklingu-rozstrzygniety\\\/\"]}]},{\"@type\":\"ImageObject\",\"inLanguage\":\"en-GB\",\"@id\":\"http:\\\/\\\/metropoliagzm.pl\\\/de\\\/2020\\\/11\\\/05\\\/konkurs-plastyczny-drzewo-z-recyklingu-rozstrzygniety\\\/#primaryimage\",\"url\":\"https:\\\/\\\/metropoliagzm.pl\\\/wp-content\\\/uploads\\\/2020\\\/11\\\/Konkurs-Drzewo-z-recyklingu.jpg\",\"contentUrl\":\"https:\\\/\\\/metropoliagzm.pl\\\/wp-content\\\/uploads\\\/2020\\\/11\\\/Konkurs-Drzewo-z-recyklingu.jpg\",\"width\":1920,\"height\":1124,\"caption\":\"Fot. UM B\u0119dzin\"},{\"@type\":\"BreadcrumbList\",\"@id\":\"http:\\\/\\\/metropoliagzm.pl\\\/de\\\/2020\\\/11\\\/05\\\/konkurs-plastyczny-drzewo-z-recyklingu-rozstrzygniety\\\/#breadcrumb\",\"itemListElement\":[{\"@type\":\"ListItem\",\"position\":1,\"name\":\"Strona g\u0142\u00f3wna\",\"item\":\"https:\\\/\\\/metropoliagzm.pl\\\/\"},{\"@type\":\"ListItem\",\"position\":2,\"name\":\"Konkurs plastyczny \u201eDrzewo z recyklingu\u201d &#8211; rozstrzygni\u0119ty!\"}]},{\"@type\":\"WebSite\",\"@id\":\"https:\\\/\\\/metropoliagzm.pl\\\/en\\\/#website\",\"url\":\"https:\\\/\\\/metropoliagzm.pl\\\/en\\\/\",\"name\":\"Metropolia GZM\",\"description\":\"Oficjalny portal G\u00f3rno\u015bl\u0105sko-Zag\u0142\u0119biowskiej Metropolii\",\"publisher\":{\"@id\":\"https:\\\/\\\/metropoliagzm.pl\\\/en\\\/#organization\"},\"potentialAction\":[{\"@type\":\"SearchAction\",\"target\":{\"@type\":\"EntryPoint\",\"urlTemplate\":\"https:\\\/\\\/metropoliagzm.pl\\\/en\\\/?s={search_term_string}\"},\"query-input\":{\"@type\":\"PropertyValueSpecification\",\"valueRequired\":true,\"valueName\":\"search_term_string\"}}],\"inLanguage\":\"en-GB\"},{\"@type\":\"Organization\",\"@id\":\"https:\\\/\\\/metropoliagzm.pl\\\/en\\\/#organization\",\"name\":\"Metropolia GZM\",\"url\":\"https:\\\/\\\/metropoliagzm.pl\\\/en\\\/\",\"logo\":{\"@type\":\"ImageObject\",\"inLanguage\":\"en-GB\",\"@id\":\"https:\\\/\\\/metropoliagzm.pl\\\/en\\\/#\\\/schema\\\/logo\\\/image\\\/\",\"url\":\"https:\\\/\\\/metropoliagzm.pl\\\/wp-content\\\/uploads\\\/2019\\\/03\\\/Sygnet-strona-glowna.png\",\"contentUrl\":\"https:\\\/\\\/metropoliagzm.pl\\\/wp-content\\\/uploads\\\/2019\\\/03\\\/Sygnet-strona-glowna.png\",\"width\":36,\"height\":45,\"caption\":\"Metropolia GZM\"},\"image\":{\"@id\":\"https:\\\/\\\/metropoliagzm.pl\\\/en\\\/#\\\/schema\\\/logo\\\/image\\\/\"}},{\"@type\":\"Person\",\"@id\":\"https:\\\/\\\/metropoliagzm.pl\\\/en\\\/#\\\/schema\\\/person\\\/599062022efc27bc163c01eab0f580f4\",\"name\":\"bedzin\",\"image\":{\"@type\":\"ImageObject\",\"inLanguage\":\"en-GB\",\"@id\":\"https:\\\/\\\/secure.gravatar.com\\\/avatar\\\/75c082b0163b502467aeea82d3bdeee648c5fc0d2e30b7d36c9b159884482fe2?s=96&d=mm&r=g\",\"url\":\"https:\\\/\\\/secure.gravatar.com\\\/avatar\\\/75c082b0163b502467aeea82d3bdeee648c5fc0d2e30b7d36c9b159884482fe2?s=96&d=mm&r=g\",\"contentUrl\":\"https:\\\/\\\/secure.gravatar.com\\\/avatar\\\/75c082b0163b502467aeea82d3bdeee648c5fc0d2e30b7d36c9b159884482fe2?s=96&d=mm&r=g\",\"caption\":\"bedzin\"},\"sameAs\":[\"http:\\\/\\\/www.bedzin.pl\"],\"url\":\"https:\\\/\\\/metropoliagzm.pl\\\/en\\\/author\\\/bedzin\\\/\"}]}<\/script>\n<!-- \/ Yoast SEO plugin. -->","yoast_head_json":{"title":"Konkurs plastyczny \u201eDrzewo z recyklingu\u201d - rozstrzygni\u0119ty! - Metropolia GZM","description":"Oficjalny portal G\u00f3rno\u015bl\u0105sko-Zag\u0142\u0119biowskiej Metropolii","robots":{"index":"index","follow":"follow","max-snippet":"max-snippet:-1","max-image-preview":"max-image-preview:large","max-video-preview":"max-video-preview:-1"},"canonical":"http:\/\/metropoliagzm.pl\/en\/2020\/11\/05\/konkurs-plastyczny-drzewo-z-recyklingu-rozstrzygniety\/","twitter_card":"summary_large_image","twitter_title":"Konkurs plastyczny \u201eDrzewo z recyklingu\u201d - rozstrzygni\u0119ty! - Metropolia GZM","twitter_description":"Oficjalny portal G\u00f3rno\u015bl\u0105sko-Zag\u0142\u0119biowskiej Metropolii","twitter_image":"https:\/\/metropoliagzm.pl\/wp-content\/uploads\/2020\/11\/Konkurs-Drzewo-z-recyklingu.jpg","twitter_misc":{"Written by":"bedzin","Estimated reading time":"1 minute"},"schema":{"@context":"https:\/\/schema.org","@graph":[{"@type":"Article","@id":"http:\/\/metropoliagzm.pl\/de\/2020\/11\/05\/konkurs-plastyczny-drzewo-z-recyklingu-rozstrzygniety\/#article","isPartOf":{"@id":"http:\/\/metropoliagzm.pl\/de\/2020\/11\/05\/konkurs-plastyczny-drzewo-z-recyklingu-rozstrzygniety\/"},"author":{"name":"bedzin","@id":"https:\/\/metropoliagzm.pl\/en\/#\/schema\/person\/599062022efc27bc163c01eab0f580f4"},"headline":"Konkurs plastyczny \u201eDrzewo z recyklingu\u201d &#8211; rozstrzygni\u0119ty!","datePublished":"2020-11-05T10:44:27+00:00","dateModified":"2020-11-06T13:31:57+00:00","mainEntityOfPage":{"@id":"http:\/\/metropoliagzm.pl\/de\/2020\/11\/05\/konkurs-plastyczny-drzewo-z-recyklingu-rozstrzygniety\/"},"wordCount":236,"publisher":{"@id":"https:\/\/metropoliagzm.pl\/en\/#organization"},"image":{"@id":"http:\/\/metropoliagzm.pl\/de\/2020\/11\/05\/konkurs-plastyczny-drzewo-z-recyklingu-rozstrzygniety\/#primaryimage"},"thumbnailUrl":"https:\/\/metropoliagzm.pl\/wp-content\/uploads\/2020\/11\/Konkurs-Drzewo-z-recyklingu.jpg","keywords":["B\u0119dzin","edukacja","Kultura","recykling"],"articleSection":["B\u0119dzin","Mieszka\u0144cy"],"inLanguage":"en-GB"},{"@type":"WebPage","@id":"http:\/\/metropoliagzm.pl\/de\/2020\/11\/05\/konkurs-plastyczny-drzewo-z-recyklingu-rozstrzygniety\/","url":"http:\/\/metropoliagzm.pl\/de\/2020\/11\/05\/konkurs-plastyczny-drzewo-z-recyklingu-rozstrzygniety\/","name":"Konkurs plastyczny \u201eDrzewo z recyklingu\u201d - rozstrzygni\u0119ty! - Metropolia GZM","isPartOf":{"@id":"https:\/\/metropoliagzm.pl\/en\/#website"},"primaryImageOfPage":{"@id":"http:\/\/metropoliagzm.pl\/de\/2020\/11\/05\/konkurs-plastyczny-drzewo-z-recyklingu-rozstrzygniety\/#primaryimage"},"image":{"@id":"http:\/\/metropoliagzm.pl\/de\/2020\/11\/05\/konkurs-plastyczny-drzewo-z-recyklingu-rozstrzygniety\/#primaryimage"},"thumbnailUrl":"https:\/\/metropoliagzm.pl\/wp-content\/uploads\/2020\/11\/Konkurs-Drzewo-z-recyklingu.jpg","datePublished":"2020-11-05T10:44:27+00:00","dateModified":"2020-11-06T13:31:57+00:00","description":"Oficjalny portal G\u00f3rno\u015bl\u0105sko-Zag\u0142\u0119biowskiej Metropolii","breadcrumb":{"@id":"http:\/\/metropoliagzm.pl\/de\/2020\/11\/05\/konkurs-plastyczny-drzewo-z-recyklingu-rozstrzygniety\/#breadcrumb"},"inLanguage":"en-GB","potentialAction":[{"@type":"ReadAction","target":["http:\/\/metropoliagzm.pl\/de\/2020\/11\/05\/konkurs-plastyczny-drzewo-z-recyklingu-rozstrzygniety\/"]}]},{"@type":"ImageObject","inLanguage":"en-GB","@id":"http:\/\/metropoliagzm.pl\/de\/2020\/11\/05\/konkurs-plastyczny-drzewo-z-recyklingu-rozstrzygniety\/#primaryimage","url":"https:\/\/metropoliagzm.pl\/wp-content\/uploads\/2020\/11\/Konkurs-Drzewo-z-recyklingu.jpg","contentUrl":"https:\/\/metropoliagzm.pl\/wp-content\/uploads\/2020\/11\/Konkurs-Drzewo-z-recyklingu.jpg","width":1920,"height":1124,"caption":"Fot. UM B\u0119dzin"},{"@type":"BreadcrumbList","@id":"http:\/\/metropoliagzm.pl\/de\/2020\/11\/05\/konkurs-plastyczny-drzewo-z-recyklingu-rozstrzygniety\/#breadcrumb","itemListElement":[{"@type":"ListItem","position":1,"name":"Strona g\u0142\u00f3wna","item":"https:\/\/metropoliagzm.pl\/"},{"@type":"ListItem","position":2,"name":"Konkurs plastyczny \u201eDrzewo z recyklingu\u201d &#8211; rozstrzygni\u0119ty!"}]},{"@type":"WebSite","@id":"https:\/\/metropoliagzm.pl\/en\/#website","url":"https:\/\/metropoliagzm.pl\/en\/","name":"Metropolia GZM","description":"Oficjalny portal G\u00f3rno\u015bl\u0105sko-Zag\u0142\u0119biowskiej Metropolii","publisher":{"@id":"https:\/\/metropoliagzm.pl\/en\/#organization"},"potentialAction":[{"@type":"SearchAction","target":{"@type":"EntryPoint","urlTemplate":"https:\/\/metropoliagzm.pl\/en\/?s={search_term_string}"},"query-input":{"@type":"PropertyValueSpecification","valueRequired":true,"valueName":"search_term_string"}}],"inLanguage":"en-GB"},{"@type":"Organization","@id":"https:\/\/metropoliagzm.pl\/en\/#organization","name":"Metropolia GZM","url":"https:\/\/metropoliagzm.pl\/en\/","logo":{"@type":"ImageObject","inLanguage":"en-GB","@id":"https:\/\/metropoliagzm.pl\/en\/#\/schema\/logo\/image\/","url":"https:\/\/metropoliagzm.pl\/wp-content\/uploads\/2019\/03\/Sygnet-strona-glowna.png","contentUrl":"https:\/\/metropoliagzm.pl\/wp-content\/uploads\/2019\/03\/Sygnet-strona-glowna.png","width":36,"height":45,"caption":"Metropolia GZM"},"image":{"@id":"https:\/\/metropoliagzm.pl\/en\/#\/schema\/logo\/image\/"}},{"@type":"Person","@id":"https:\/\/metropoliagzm.pl\/en\/#\/schema\/person\/599062022efc27bc163c01eab0f580f4","name":"bedzin","image":{"@type":"ImageObject","inLanguage":"en-GB","@id":"https:\/\/secure.gravatar.com\/avatar\/75c082b0163b502467aeea82d3bdeee648c5fc0d2e30b7d36c9b159884482fe2?s=96&d=mm&r=g","url":"https:\/\/secure.gravatar.com\/avatar\/75c082b0163b502467aeea82d3bdeee648c5fc0d2e30b7d36c9b159884482fe2?s=96&d=mm&r=g","contentUrl":"https:\/\/secure.gravatar.com\/avatar\/75c082b0163b502467aeea82d3bdeee648c5fc0d2e30b7d36c9b159884482fe2?s=96&d=mm&r=g","caption":"bedzin"},"sameAs":["http:\/\/www.bedzin.pl"],"url":"https:\/\/metropoliagzm.pl\/en\/author\/bedzin\/"}]}},"_links":{"self":[{"href":"https:\/\/metropoliagzm.pl\/en\/wp-json\/wp\/v2\/posts\/30548","targetHints":{"allow":["GET"]}}],"collection":[{"href":"https:\/\/metropoliagzm.pl\/en\/wp-json\/wp\/v2\/posts"}],"about":[{"href":"https:\/\/metropoliagzm.pl\/en\/wp-json\/wp\/v2\/types\/post"}],"author":[{"embeddable":true,"href":"https:\/\/metropoliagzm.pl\/en\/wp-json\/wp\/v2\/users\/89"}],"replies":[{"embeddable":true,"href":"https:\/\/metropoliagzm.pl\/en\/wp-json\/wp\/v2\/comments?post=30548"}],"version-history":[{"count":6,"href":"https:\/\/metropoliagzm.pl\/en\/wp-json\/wp\/v2\/posts\/30548\/revisions"}],"predecessor-version":[{"id":30617,"href":"https:\/\/metropoliagzm.pl\/en\/wp-json\/wp\/v2\/posts\/30548\/revisions\/30617"}],"wp:featuredmedia":[{"embeddable":true,"href":"https:\/\/metropoliagzm.pl\/en\/wp-json\/wp\/v2\/media\/30572"}],"wp:attachment":[{"href":"https:\/\/metropoliagzm.pl\/en\/wp-json\/wp\/v2\/media?parent=30548"}],"wp:term":[{"taxonomy":"category","embeddable":true,"href":"https:\/\/metropoliagzm.pl\/en\/wp-json\/wp\/v2\/categories?post=30548"},{"taxonomy":"post_tag","embeddable":true,"href":"https:\/\/metropoliagzm.pl\/en\/wp-json\/wp\/v2\/tags?post=30548"}],"curies":[{"name":"wp","href":"https:\/\/api.w.org\/{rel}","templated":true}]}}