{"id":32335,"date":"2021-01-19T14:09:39","date_gmt":"2021-01-19T13:09:39","guid":{"rendered":"https:\/\/metropoliagzm.pl\/?p=32335"},"modified":"2021-01-19T14:14:11","modified_gmt":"2021-01-19T13:14:11","slug":"pandemia-czy-nie-sosnowiec-gra-z-wosp","status":"publish","type":"post","link":"https:\/\/metropoliagzm.pl\/en\/2021\/01\/19\/pandemia-czy-nie-sosnowiec-gra-z-wosp\/","title":{"rendered":"Pandemia czy nie, Sosnowiec gra z WO\u015aP"},"content":{"rendered":"<div class=\"pdf-block\"><div class=\"pdfprnt-buttons  pdfprnt-new pdfprnt-buttons-post pdfprnt-top-right\"><div class=\"jssocials-share jssocials-share-twitter\"><a target=\"_blank\" href=\"https:\/\/twitter.com\/share?url=https:\/\/metropoliagzm.pl\/en\/wp-json\/wp\/v2\/posts\/32335;text=32335\" class=\"jssocials-share-link\"><i class=\"fa fa-twitter jssocials-share-logo\"><\/i><\/a><\/div><div class=\"jssocials-share jssocials-share-facebook\"><a target=\"_blank\" href=\"https:\/\/facebook.com\/sharer\/sharer.php?u=https:\/\/metropoliagzm.pl\/en\/wp-json\/wp\/v2\/posts\/32335\" class=\"jssocials-share-link\"><i class=\"fa fa-facebook jssocials-share-logo\"><\/i><\/a><\/div><div class=\"jssocials-share jssocials-share-pinterest\"><a target=\"_blank\" href=\"https:\/\/pinterest.com\/pin\/create\/bookmarklet\/?&amp;url=https:\/\/metropoliagzm.pl\/en\/wp-json\/wp\/v2\/posts\/32335;description=32335\" class=\"jssocials-share-link\"><i class=\"fa fa-pinterest jssocials-share-logo\"><\/i><\/a><\/div><a href=\"https:\/\/metropoliagzm.pl\/en\/wp-json\/wp\/v2\/posts\/32335?print=pdf\" class=\"pdfprnt-button pdfprnt-button-pdf\" target=\"_blank\"><img decoding=\"async\" src=\"https:\/\/metropoliagzm.pl\/wp-content\/plugins\/pdf-print\/images\/pdf.png\" alt=\"image_pdf\" title=\"View PDF\" \/><\/a><a href=\"https:\/\/metropoliagzm.pl\/en\/wp-json\/wp\/v2\/posts\/32335?print=print\" class=\"pdfprnt-button pdfprnt-button-print\" target=\"_blank\"><img decoding=\"async\" src=\"https:\/\/metropoliagzm.pl\/wp-content\/plugins\/pdf-print\/images\/print.png\" alt=\"image_print\" title=\"Print Content\" \/><\/a><\/div><\/div><div class=\"post-block-pdf\"><div class=\"pdfprnt-buttons pdfprnt-buttons-post pdfprnt-top-right\"><a href=\"https:\/\/metropoliagzm.pl\/en\/wp-json\/wp\/v2\/posts\/32335?print=pdf\" class=\"pdfprnt-button pdfprnt-button-pdf\" target=\"_blank\"><img decoding=\"async\" src=\"https:\/\/metropoliagzm.pl\/wp-content\/plugins\/pdf-print\/images\/pdf.png\" alt=\"image_pdf\" title=\"View PDF\" \/><\/a><a href=\"https:\/\/metropoliagzm.pl\/en\/wp-json\/wp\/v2\/posts\/32335?print=print\" class=\"pdfprnt-button pdfprnt-button-print\" target=\"_blank\"><img decoding=\"async\" src=\"https:\/\/metropoliagzm.pl\/wp-content\/plugins\/pdf-print\/images\/print.png\" alt=\"image_print\" title=\"Print Content\" \/><\/a><\/div>\n<p><strong>W nieco innej rzeczywisto\u015bci, w nieco inny spos\u00f3b, ale ca\u0142y czas z sercem i dla potrzebuj\u0105cych. 31 stycznia odb\u0119dzie si\u0119 29. Fina\u0142 Wielkiej Orkiestry \u015awi\u0105tecznej Pomocy. Sosnowiec z WO\u015aP b\u0119dzie do ko\u0144ca \u015bwiata i jeden dzie\u0144 d\u0142u\u017cej.<\/strong><\/p>\n\n\n\n<p>Fundacja WO\u015aP poinformowa\u0142a, \u017ce 29. Fina\u0142 WO\u015aP odb\u0119dzie si\u0119 w niedziel\u0119 31 stycznia. &#8211;&nbsp;Jak ka\u017cdego roku, we wsparcie mocno w\u0142\u0105cza si\u0119 Sosnowiec, a wraz z nim pi\u0119\u0107 sztab\u00f3w&nbsp;\u2013 m\u00f3wi prezydent Sosnowca,&nbsp;Arkadiusz Ch\u0119ci\u0144ski.&nbsp;Tegorocznym has\u0142em Orkiestry jest &#8222;Gramy z g\u0142ow\u0105!&#8221;, a zbi\u00f3rka fundusz\u00f3w b\u0119dzie prowadzona na zakup nowoczesnych urz\u0105dze\u0144 medycznych dla oddzia\u0142\u00f3w laryngologicznych i diagnostyki g\u0142owy.<\/p>\n\n\n\n<div class=\"wp-block-image\"><figure class=\"aligncenter\"><img decoding=\"async\" src=\"http:\/\/www.sosnowiec.pl\/_upload\/wo%C5%9Bp%20(2).jpg\" alt=\"\"\/><\/figure><\/div>\n\n\n\n<p>Fundacja WO\u015aP b\u0119dzie zbiera\u0107 pieni\u0105dze na zakup takich sprz\u0119t\u00f3w jak m.in. zestawy endoskop\u00f3w laryngologicznych, endoskopy gi\u0119tkie, egzoskopy, aparaty USG i RTG, kardiomonitory, lampy czo\u0142owe i operacyjne.<\/p>\n\n\n\n<p>Ka\u017cdego roku momentem kulminacyjnym fina\u0142u jest koncert. W Sosnowcu odbywa\u0142 si\u0119 zawsze przy G\u00f3rce \u015arodulskiej, a wcze\u015bniej przez ca\u0142y dzie\u0144 bawili\u015bmy w hali sportowej przy Braci Mieroszewskich. Ze wzgl\u0119du na pandemi\u0119, w tym roku takich wydarze\u0144 zabraknie, ale to nie oznacza, \u017ce nic si\u0119 nie b\u0119dzie dzia\u0142o.<\/p>\n\n\n\n<p>&#8211;&nbsp;W tym roku g\u0142\u00f3wn\u0105 ide\u0105 b\u0119d\u0105 ludzkie historie, kt\u00f3re b\u0119d\u0105 prezentowane na antenach TVN, TTV, TVN24 oraz player.pl. B\u0119dziemy pokazywali ludzi i wydarzenia zwi\u0105zane z Wielk\u0105 Orkiestr\u0105 \u015awi\u0105tecznej Pomocy&nbsp;&#8211; m\u00f3wi&nbsp;Ewelina Stasik, szefowa sztabu IX Liceum Og\u00f3lnokszta\u0142c\u0105cego im. Wis\u0142awy Szymborskiej w Sosnowcu. &#8211;&nbsp;Zaprezentujemy osoby, kt\u00f3rym pomog\u0142a WO\u015aP, poka\u017cemy histori\u0119 dzieci, kt\u00f3rym \u017cycie i zdrowie uratowa\u0142 sprz\u0119t od Fundacji. Nie ob\u0119dzie si\u0119 te\u017c bez wolontariuszy, kt\u00f3rzy ka\u017cdego roku oddaj\u0105 Orkiestrze swoje serce, w tym jeden z najm\u0142odszych&nbsp;\u2013 dodaje prezydent, Arkadiusz Ch\u0119ci\u0144ski. Nie zabraknie wydarze\u0144, kt\u00f3re wszyscy b\u0119d\u0105 mogli \u015bledzi\u0107 w internecie, tak\u017ce w miejskich mediach spo\u0142eczno\u015bciowych.<\/p>\n\n\n\n<p>WO\u015aP w przestrzeni publicznej jest od dawna i to b\u0119dziemy pokazywali. Oczywi\u015bcie, na terenie miasta b\u0119dzie mn\u00f3stwo wolontariuszy, kt\u00f3rzy b\u0119d\u0105 zbierali datki do puszki. W tym roku zbi\u00f3rka trwa r\u00f3wnie\u017c online. Swoj\u0105 eSkarbonk\u0119 za\u0142o\u017cy\u0142 prezydent Sosnowca. &#8211;&nbsp;Od poniedzia\u0142ku 11 stycznia zebrali\u015bmy ponad 2000 z\u0142otych. To kolejny dow\u00f3d na to, \u017ce Sosnowiczanie maj\u0105 wielkie serca&nbsp;&#8211; m\u00f3wi.<\/p>\n\n\n\n<p>Aby wesprze\u0107 WO\u015aP, wystarczy wej\u015b\u0107 na&nbsp;<strong><a href=\"https:\/\/eskarbonka.wosp.org.pl\/wbt7wy\">https:\/\/eskarbonka.wosp.org.pl\/wbt7wy<\/a><\/strong>. Jak wp\u0142aci\u0107? Na stronie mo\u017cna wybra\u0107 kwot\u0119 lub wp\u0142aci\u0107 dowoln\u0105: przelewem, Blikiem albo po prostu kart\u0105. Trwa to maksymalnie kilkadziesi\u0105t sekund. Wkr\u00f3tce rusz\u0105 tak\u017ce miejskie aukcje, na kt\u00f3rych b\u0119dzie mo\u017cna wylicytowa\u0107 mn\u00f3stwo niespodzianek. Kulminacj\u0105 31 stycznia b\u0119dzie tradycyjne \u015bwiate\u0142ko do nieba.<\/p>\n\n\n\n<p>Jak WO\u015aP wspiera nasze miasto? Tylko do Sosnowca, zar\u00f3wno do Szpitala Miejskiego, jak i Centrum Pediatrii czy te\u017c Wojew\u00f3dzkiego Szpitala Specjalistycznego nr 5, ale te\u017c innych podmiot\u00f3w, dotychczas trafi\u0142 sprz\u0119t o warto\u015bci ponad 4 milion\u00f3w z\u0142otych!<\/p>\n\n\n\n<p>SIEMA.<\/p>\n\n\n\n<p>\u0179r\u00f3d\u0142o: UM Sosnowiec<\/p>\n<div class=\"post-author\" style=\"font-size:13px\">Witold Tr\u00f3lka<\/div><\/div>","protected":false},"excerpt":{"rendered":"<p>W nieco innej rzeczywisto\u015bci, w nieco inny spos\u00f3b, ale ca\u0142y czas z sercem i dla potrzebuj\u0105cych. 31 stycznia odb\u0119dzie si\u0119 29. Fina\u0142 Wielkiej Orkiestry \u015awi\u0105tecznej Pomocy. Sosnowiec z WO\u015aP b\u0119dzie do ko\u0144ca \u015bwiata i jeden dzie\u0144 d\u0142u\u017cej. Fundacja WO\u015aP poinformowa\u0142a, \u017ce 29. Fina\u0142 WO\u015aP odb\u0119dzie&#8230;<\/p>","protected":false},"author":140,"featured_media":32336,"comment_status":"closed","ping_status":"closed","sticky":false,"template":"","format":"standard","meta":{"_acf_changed":false,"footnotes":""},"categories":[242,226],"tags":[948,829],"class_list":["post-32335","post","type-post","status-publish","format-standard","has-post-thumbnail","hentry","category-mieszkancy","category-sosnowiec","tag-dzialalnosc-charytatywna","tag-wosp"],"acf":[],"yoast_head":"<!-- This site is optimized with the Yoast SEO plugin v27.4 - https:\/\/yoast.com\/product\/yoast-seo-wordpress\/ -->\n<title>Pandemia czy nie, Sosnowiec gra z WO\u015aP - Metropolia GZM<\/title>\n<meta name=\"description\" content=\"Oficjalny portal G\u00f3rno\u015bl\u0105sko-Zag\u0142\u0119biowskiej Metropolii\" \/>\n<meta name=\"robots\" content=\"index, follow, max-snippet:-1, max-image-preview:large, max-video-preview:-1\" \/>\n<link rel=\"canonical\" href=\"https:\/\/metropoliagzm.pl\/en\/2021\/01\/19\/pandemia-czy-nie-sosnowiec-gra-z-wosp\/\" \/>\n<meta name=\"twitter:card\" content=\"summary_large_image\" \/>\n<meta name=\"twitter:title\" content=\"Pandemia czy nie, Sosnowiec gra z WO\u015aP - Metropolia GZM\" \/>\n<meta name=\"twitter:description\" content=\"Oficjalny portal G\u00f3rno\u015bl\u0105sko-Zag\u0142\u0119biowskiej Metropolii\" \/>\n<meta name=\"twitter:image\" content=\"https:\/\/metropoliagzm.pl\/wp-content\/uploads\/2021\/01\/17673.jpg\" \/>\n<meta name=\"twitter:label1\" content=\"Written by\" \/>\n\t<meta name=\"twitter:data1\" content=\"Witold Tr\u00f3lka\" \/>\n\t<meta name=\"twitter:label2\" content=\"Estimated reading time\" \/>\n\t<meta name=\"twitter:data2\" content=\"3 minutes\" \/>\n<script type=\"application\/ld+json\" class=\"yoast-schema-graph\">{\"@context\":\"https:\\\/\\\/schema.org\",\"@graph\":[{\"@type\":\"Article\",\"@id\":\"https:\\\/\\\/metropoliagzm.pl\\\/2021\\\/01\\\/19\\\/pandemia-czy-nie-sosnowiec-gra-z-wosp\\\/#article\",\"isPartOf\":{\"@id\":\"https:\\\/\\\/metropoliagzm.pl\\\/2021\\\/01\\\/19\\\/pandemia-czy-nie-sosnowiec-gra-z-wosp\\\/\"},\"author\":{\"name\":\"Witold Tr\u00f3lka\",\"@id\":\"https:\\\/\\\/metropoliagzm.pl\\\/en\\\/#\\\/schema\\\/person\\\/96e19c492916cfe1ba595fd2f60d95b8\"},\"headline\":\"Pandemia czy nie, Sosnowiec gra z WO\u015aP\",\"datePublished\":\"2021-01-19T13:09:39+00:00\",\"dateModified\":\"2021-01-19T13:14:11+00:00\",\"mainEntityOfPage\":{\"@id\":\"https:\\\/\\\/metropoliagzm.pl\\\/2021\\\/01\\\/19\\\/pandemia-czy-nie-sosnowiec-gra-z-wosp\\\/\"},\"wordCount\":543,\"publisher\":{\"@id\":\"https:\\\/\\\/metropoliagzm.pl\\\/en\\\/#organization\"},\"image\":{\"@id\":\"https:\\\/\\\/metropoliagzm.pl\\\/2021\\\/01\\\/19\\\/pandemia-czy-nie-sosnowiec-gra-z-wosp\\\/#primaryimage\"},\"thumbnailUrl\":\"https:\\\/\\\/metropoliagzm.pl\\\/wp-content\\\/uploads\\\/2021\\\/01\\\/17673.jpg\",\"keywords\":[\"dzia\u0142alno\u015b\u0107 charytatywna\",\"WO\u015aP\"],\"articleSection\":[\"Mieszka\u0144cy\",\"Sosnowiec\"],\"inLanguage\":\"en-GB\"},{\"@type\":\"WebPage\",\"@id\":\"https:\\\/\\\/metropoliagzm.pl\\\/2021\\\/01\\\/19\\\/pandemia-czy-nie-sosnowiec-gra-z-wosp\\\/\",\"url\":\"https:\\\/\\\/metropoliagzm.pl\\\/2021\\\/01\\\/19\\\/pandemia-czy-nie-sosnowiec-gra-z-wosp\\\/\",\"name\":\"Pandemia czy nie, Sosnowiec gra z WO\u015aP - Metropolia GZM\",\"isPartOf\":{\"@id\":\"https:\\\/\\\/metropoliagzm.pl\\\/en\\\/#website\"},\"primaryImageOfPage\":{\"@id\":\"https:\\\/\\\/metropoliagzm.pl\\\/2021\\\/01\\\/19\\\/pandemia-czy-nie-sosnowiec-gra-z-wosp\\\/#primaryimage\"},\"image\":{\"@id\":\"https:\\\/\\\/metropoliagzm.pl\\\/2021\\\/01\\\/19\\\/pandemia-czy-nie-sosnowiec-gra-z-wosp\\\/#primaryimage\"},\"thumbnailUrl\":\"https:\\\/\\\/metropoliagzm.pl\\\/wp-content\\\/uploads\\\/2021\\\/01\\\/17673.jpg\",\"datePublished\":\"2021-01-19T13:09:39+00:00\",\"dateModified\":\"2021-01-19T13:14:11+00:00\",\"description\":\"Oficjalny portal G\u00f3rno\u015bl\u0105sko-Zag\u0142\u0119biowskiej Metropolii\",\"breadcrumb\":{\"@id\":\"https:\\\/\\\/metropoliagzm.pl\\\/2021\\\/01\\\/19\\\/pandemia-czy-nie-sosnowiec-gra-z-wosp\\\/#breadcrumb\"},\"inLanguage\":\"en-GB\",\"potentialAction\":[{\"@type\":\"ReadAction\",\"target\":[\"https:\\\/\\\/metropoliagzm.pl\\\/2021\\\/01\\\/19\\\/pandemia-czy-nie-sosnowiec-gra-z-wosp\\\/\"]}]},{\"@type\":\"ImageObject\",\"inLanguage\":\"en-GB\",\"@id\":\"https:\\\/\\\/metropoliagzm.pl\\\/2021\\\/01\\\/19\\\/pandemia-czy-nie-sosnowiec-gra-z-wosp\\\/#primaryimage\",\"url\":\"https:\\\/\\\/metropoliagzm.pl\\\/wp-content\\\/uploads\\\/2021\\\/01\\\/17673.jpg\",\"contentUrl\":\"https:\\\/\\\/metropoliagzm.pl\\\/wp-content\\\/uploads\\\/2021\\\/01\\\/17673.jpg\",\"width\":572,\"height\":277,\"caption\":\"Foto: UM Sosnowiec\"},{\"@type\":\"BreadcrumbList\",\"@id\":\"https:\\\/\\\/metropoliagzm.pl\\\/2021\\\/01\\\/19\\\/pandemia-czy-nie-sosnowiec-gra-z-wosp\\\/#breadcrumb\",\"itemListElement\":[{\"@type\":\"ListItem\",\"position\":1,\"name\":\"Strona g\u0142\u00f3wna\",\"item\":\"https:\\\/\\\/metropoliagzm.pl\\\/\"},{\"@type\":\"ListItem\",\"position\":2,\"name\":\"Pandemia czy nie, Sosnowiec gra z WO\u015aP\"}]},{\"@type\":\"WebSite\",\"@id\":\"https:\\\/\\\/metropoliagzm.pl\\\/en\\\/#website\",\"url\":\"https:\\\/\\\/metropoliagzm.pl\\\/en\\\/\",\"name\":\"Metropolia GZM\",\"description\":\"Oficjalny portal G\u00f3rno\u015bl\u0105sko-Zag\u0142\u0119biowskiej Metropolii\",\"publisher\":{\"@id\":\"https:\\\/\\\/metropoliagzm.pl\\\/en\\\/#organization\"},\"potentialAction\":[{\"@type\":\"SearchAction\",\"target\":{\"@type\":\"EntryPoint\",\"urlTemplate\":\"https:\\\/\\\/metropoliagzm.pl\\\/en\\\/?s={search_term_string}\"},\"query-input\":{\"@type\":\"PropertyValueSpecification\",\"valueRequired\":true,\"valueName\":\"search_term_string\"}}],\"inLanguage\":\"en-GB\"},{\"@type\":\"Organization\",\"@id\":\"https:\\\/\\\/metropoliagzm.pl\\\/en\\\/#organization\",\"name\":\"Metropolia GZM\",\"url\":\"https:\\\/\\\/metropoliagzm.pl\\\/en\\\/\",\"logo\":{\"@type\":\"ImageObject\",\"inLanguage\":\"en-GB\",\"@id\":\"https:\\\/\\\/metropoliagzm.pl\\\/en\\\/#\\\/schema\\\/logo\\\/image\\\/\",\"url\":\"https:\\\/\\\/metropoliagzm.pl\\\/wp-content\\\/uploads\\\/2019\\\/03\\\/Sygnet-strona-glowna.png\",\"contentUrl\":\"https:\\\/\\\/metropoliagzm.pl\\\/wp-content\\\/uploads\\\/2019\\\/03\\\/Sygnet-strona-glowna.png\",\"width\":36,\"height\":45,\"caption\":\"Metropolia GZM\"},\"image\":{\"@id\":\"https:\\\/\\\/metropoliagzm.pl\\\/en\\\/#\\\/schema\\\/logo\\\/image\\\/\"}},{\"@type\":\"Person\",\"@id\":\"https:\\\/\\\/metropoliagzm.pl\\\/en\\\/#\\\/schema\\\/person\\\/96e19c492916cfe1ba595fd2f60d95b8\",\"name\":\"Witold Tr\u00f3lka\",\"image\":{\"@type\":\"ImageObject\",\"inLanguage\":\"en-GB\",\"@id\":\"https:\\\/\\\/secure.gravatar.com\\\/avatar\\\/71e0c635e405b4a3631033f0d6f49e682b54dcd226d647737e1040a5a480d177?s=96&d=mm&r=g\",\"url\":\"https:\\\/\\\/secure.gravatar.com\\\/avatar\\\/71e0c635e405b4a3631033f0d6f49e682b54dcd226d647737e1040a5a480d177?s=96&d=mm&r=g\",\"contentUrl\":\"https:\\\/\\\/secure.gravatar.com\\\/avatar\\\/71e0c635e405b4a3631033f0d6f49e682b54dcd226d647737e1040a5a480d177?s=96&d=mm&r=g\",\"caption\":\"Witold Tr\u00f3lka\"},\"url\":\"https:\\\/\\\/metropoliagzm.pl\\\/en\\\/author\\\/w-trolka\\\/\"}]}<\/script>\n<!-- \/ Yoast SEO plugin. -->","yoast_head_json":{"title":"Pandemia czy nie, Sosnowiec gra z WO\u015aP - Metropolia GZM","description":"Oficjalny portal G\u00f3rno\u015bl\u0105sko-Zag\u0142\u0119biowskiej Metropolii","robots":{"index":"index","follow":"follow","max-snippet":"max-snippet:-1","max-image-preview":"max-image-preview:large","max-video-preview":"max-video-preview:-1"},"canonical":"https:\/\/metropoliagzm.pl\/en\/2021\/01\/19\/pandemia-czy-nie-sosnowiec-gra-z-wosp\/","twitter_card":"summary_large_image","twitter_title":"Pandemia czy nie, Sosnowiec gra z WO\u015aP - Metropolia GZM","twitter_description":"Oficjalny portal G\u00f3rno\u015bl\u0105sko-Zag\u0142\u0119biowskiej Metropolii","twitter_image":"https:\/\/metropoliagzm.pl\/wp-content\/uploads\/2021\/01\/17673.jpg","twitter_misc":{"Written by":"Witold Tr\u00f3lka","Estimated reading time":"3 minutes"},"schema":{"@context":"https:\/\/schema.org","@graph":[{"@type":"Article","@id":"https:\/\/metropoliagzm.pl\/2021\/01\/19\/pandemia-czy-nie-sosnowiec-gra-z-wosp\/#article","isPartOf":{"@id":"https:\/\/metropoliagzm.pl\/2021\/01\/19\/pandemia-czy-nie-sosnowiec-gra-z-wosp\/"},"author":{"name":"Witold Tr\u00f3lka","@id":"https:\/\/metropoliagzm.pl\/en\/#\/schema\/person\/96e19c492916cfe1ba595fd2f60d95b8"},"headline":"Pandemia czy nie, Sosnowiec gra z WO\u015aP","datePublished":"2021-01-19T13:09:39+00:00","dateModified":"2021-01-19T13:14:11+00:00","mainEntityOfPage":{"@id":"https:\/\/metropoliagzm.pl\/2021\/01\/19\/pandemia-czy-nie-sosnowiec-gra-z-wosp\/"},"wordCount":543,"publisher":{"@id":"https:\/\/metropoliagzm.pl\/en\/#organization"},"image":{"@id":"https:\/\/metropoliagzm.pl\/2021\/01\/19\/pandemia-czy-nie-sosnowiec-gra-z-wosp\/#primaryimage"},"thumbnailUrl":"https:\/\/metropoliagzm.pl\/wp-content\/uploads\/2021\/01\/17673.jpg","keywords":["dzia\u0142alno\u015b\u0107 charytatywna","WO\u015aP"],"articleSection":["Mieszka\u0144cy","Sosnowiec"],"inLanguage":"en-GB"},{"@type":"WebPage","@id":"https:\/\/metropoliagzm.pl\/2021\/01\/19\/pandemia-czy-nie-sosnowiec-gra-z-wosp\/","url":"https:\/\/metropoliagzm.pl\/2021\/01\/19\/pandemia-czy-nie-sosnowiec-gra-z-wosp\/","name":"Pandemia czy nie, Sosnowiec gra z WO\u015aP - Metropolia GZM","isPartOf":{"@id":"https:\/\/metropoliagzm.pl\/en\/#website"},"primaryImageOfPage":{"@id":"https:\/\/metropoliagzm.pl\/2021\/01\/19\/pandemia-czy-nie-sosnowiec-gra-z-wosp\/#primaryimage"},"image":{"@id":"https:\/\/metropoliagzm.pl\/2021\/01\/19\/pandemia-czy-nie-sosnowiec-gra-z-wosp\/#primaryimage"},"thumbnailUrl":"https:\/\/metropoliagzm.pl\/wp-content\/uploads\/2021\/01\/17673.jpg","datePublished":"2021-01-19T13:09:39+00:00","dateModified":"2021-01-19T13:14:11+00:00","description":"Oficjalny portal G\u00f3rno\u015bl\u0105sko-Zag\u0142\u0119biowskiej Metropolii","breadcrumb":{"@id":"https:\/\/metropoliagzm.pl\/2021\/01\/19\/pandemia-czy-nie-sosnowiec-gra-z-wosp\/#breadcrumb"},"inLanguage":"en-GB","potentialAction":[{"@type":"ReadAction","target":["https:\/\/metropoliagzm.pl\/2021\/01\/19\/pandemia-czy-nie-sosnowiec-gra-z-wosp\/"]}]},{"@type":"ImageObject","inLanguage":"en-GB","@id":"https:\/\/metropoliagzm.pl\/2021\/01\/19\/pandemia-czy-nie-sosnowiec-gra-z-wosp\/#primaryimage","url":"https:\/\/metropoliagzm.pl\/wp-content\/uploads\/2021\/01\/17673.jpg","contentUrl":"https:\/\/metropoliagzm.pl\/wp-content\/uploads\/2021\/01\/17673.jpg","width":572,"height":277,"caption":"Foto: UM Sosnowiec"},{"@type":"BreadcrumbList","@id":"https:\/\/metropoliagzm.pl\/2021\/01\/19\/pandemia-czy-nie-sosnowiec-gra-z-wosp\/#breadcrumb","itemListElement":[{"@type":"ListItem","position":1,"name":"Strona g\u0142\u00f3wna","item":"https:\/\/metropoliagzm.pl\/"},{"@type":"ListItem","position":2,"name":"Pandemia czy nie, Sosnowiec gra z WO\u015aP"}]},{"@type":"WebSite","@id":"https:\/\/metropoliagzm.pl\/en\/#website","url":"https:\/\/metropoliagzm.pl\/en\/","name":"Metropolia GZM","description":"Oficjalny portal G\u00f3rno\u015bl\u0105sko-Zag\u0142\u0119biowskiej Metropolii","publisher":{"@id":"https:\/\/metropoliagzm.pl\/en\/#organization"},"potentialAction":[{"@type":"SearchAction","target":{"@type":"EntryPoint","urlTemplate":"https:\/\/metropoliagzm.pl\/en\/?s={search_term_string}"},"query-input":{"@type":"PropertyValueSpecification","valueRequired":true,"valueName":"search_term_string"}}],"inLanguage":"en-GB"},{"@type":"Organization","@id":"https:\/\/metropoliagzm.pl\/en\/#organization","name":"Metropolia GZM","url":"https:\/\/metropoliagzm.pl\/en\/","logo":{"@type":"ImageObject","inLanguage":"en-GB","@id":"https:\/\/metropoliagzm.pl\/en\/#\/schema\/logo\/image\/","url":"https:\/\/metropoliagzm.pl\/wp-content\/uploads\/2019\/03\/Sygnet-strona-glowna.png","contentUrl":"https:\/\/metropoliagzm.pl\/wp-content\/uploads\/2019\/03\/Sygnet-strona-glowna.png","width":36,"height":45,"caption":"Metropolia GZM"},"image":{"@id":"https:\/\/metropoliagzm.pl\/en\/#\/schema\/logo\/image\/"}},{"@type":"Person","@id":"https:\/\/metropoliagzm.pl\/en\/#\/schema\/person\/96e19c492916cfe1ba595fd2f60d95b8","name":"Witold Tr\u00f3lka","image":{"@type":"ImageObject","inLanguage":"en-GB","@id":"https:\/\/secure.gravatar.com\/avatar\/71e0c635e405b4a3631033f0d6f49e682b54dcd226d647737e1040a5a480d177?s=96&d=mm&r=g","url":"https:\/\/secure.gravatar.com\/avatar\/71e0c635e405b4a3631033f0d6f49e682b54dcd226d647737e1040a5a480d177?s=96&d=mm&r=g","contentUrl":"https:\/\/secure.gravatar.com\/avatar\/71e0c635e405b4a3631033f0d6f49e682b54dcd226d647737e1040a5a480d177?s=96&d=mm&r=g","caption":"Witold Tr\u00f3lka"},"url":"https:\/\/metropoliagzm.pl\/en\/author\/w-trolka\/"}]}},"_links":{"self":[{"href":"https:\/\/metropoliagzm.pl\/en\/wp-json\/wp\/v2\/posts\/32335","targetHints":{"allow":["GET"]}}],"collection":[{"href":"https:\/\/metropoliagzm.pl\/en\/wp-json\/wp\/v2\/posts"}],"about":[{"href":"https:\/\/metropoliagzm.pl\/en\/wp-json\/wp\/v2\/types\/post"}],"author":[{"embeddable":true,"href":"https:\/\/metropoliagzm.pl\/en\/wp-json\/wp\/v2\/users\/140"}],"replies":[{"embeddable":true,"href":"https:\/\/metropoliagzm.pl\/en\/wp-json\/wp\/v2\/comments?post=32335"}],"version-history":[{"count":6,"href":"https:\/\/metropoliagzm.pl\/en\/wp-json\/wp\/v2\/posts\/32335\/revisions"}],"predecessor-version":[{"id":32342,"href":"https:\/\/metropoliagzm.pl\/en\/wp-json\/wp\/v2\/posts\/32335\/revisions\/32342"}],"wp:featuredmedia":[{"embeddable":true,"href":"https:\/\/metropoliagzm.pl\/en\/wp-json\/wp\/v2\/media\/32336"}],"wp:attachment":[{"href":"https:\/\/metropoliagzm.pl\/en\/wp-json\/wp\/v2\/media?parent=32335"}],"wp:term":[{"taxonomy":"category","embeddable":true,"href":"https:\/\/metropoliagzm.pl\/en\/wp-json\/wp\/v2\/categories?post=32335"},{"taxonomy":"post_tag","embeddable":true,"href":"https:\/\/metropoliagzm.pl\/en\/wp-json\/wp\/v2\/tags?post=32335"}],"curies":[{"name":"wp","href":"https:\/\/api.w.org\/{rel}","templated":true}]}}