{"id":35290,"date":"2021-05-11T13:37:27","date_gmt":"2021-05-11T11:37:27","guid":{"rendered":"https:\/\/metropoliagzm.pl\/?p=35290"},"modified":"2021-05-11T13:37:29","modified_gmt":"2021-05-11T11:37:29","slug":"dolacz-do-ekspertow-i-projektuj-przyszlosc-gliwic","status":"publish","type":"post","link":"https:\/\/metropoliagzm.pl\/en\/2021\/05\/11\/dolacz-do-ekspertow-i-projektuj-przyszlosc-gliwic\/","title":{"rendered":"Do\u0142\u0105cz do ekspert\u00f3w i projektuj przysz\u0142o\u015b\u0107 Gliwic!"},"content":{"rendered":"<div class=\"pdf-block\"><div class=\"pdfprnt-buttons  pdfprnt-new pdfprnt-buttons-post pdfprnt-top-right\"><div class=\"jssocials-share jssocials-share-twitter\"><a target=\"_blank\" href=\"https:\/\/twitter.com\/share?url=https:\/\/metropoliagzm.pl\/en\/wp-json\/wp\/v2\/posts\/35290;text=35290\" class=\"jssocials-share-link\"><i class=\"fa fa-twitter jssocials-share-logo\"><\/i><\/a><\/div><div class=\"jssocials-share jssocials-share-facebook\"><a target=\"_blank\" href=\"https:\/\/facebook.com\/sharer\/sharer.php?u=https:\/\/metropoliagzm.pl\/en\/wp-json\/wp\/v2\/posts\/35290\" class=\"jssocials-share-link\"><i class=\"fa fa-facebook jssocials-share-logo\"><\/i><\/a><\/div><div class=\"jssocials-share jssocials-share-pinterest\"><a target=\"_blank\" href=\"https:\/\/pinterest.com\/pin\/create\/bookmarklet\/?&amp;url=https:\/\/metropoliagzm.pl\/en\/wp-json\/wp\/v2\/posts\/35290;description=35290\" class=\"jssocials-share-link\"><i class=\"fa fa-pinterest jssocials-share-logo\"><\/i><\/a><\/div><a href=\"https:\/\/metropoliagzm.pl\/en\/wp-json\/wp\/v2\/posts\/35290?print=pdf\" class=\"pdfprnt-button pdfprnt-button-pdf\" target=\"_blank\"><img decoding=\"async\" src=\"https:\/\/metropoliagzm.pl\/wp-content\/plugins\/pdf-print\/images\/pdf.png\" alt=\"image_pdf\" title=\"View PDF\" \/><\/a><a href=\"https:\/\/metropoliagzm.pl\/en\/wp-json\/wp\/v2\/posts\/35290?print=print\" class=\"pdfprnt-button pdfprnt-button-print\" target=\"_blank\"><img decoding=\"async\" src=\"https:\/\/metropoliagzm.pl\/wp-content\/plugins\/pdf-print\/images\/print.png\" alt=\"image_print\" title=\"Print Content\" \/><\/a><\/div><\/div><div class=\"post-block-pdf\"><div class=\"pdfprnt-buttons pdfprnt-buttons-post pdfprnt-top-right\"><a href=\"https:\/\/metropoliagzm.pl\/en\/wp-json\/wp\/v2\/posts\/35290?print=pdf\" class=\"pdfprnt-button pdfprnt-button-pdf\" target=\"_blank\"><img decoding=\"async\" src=\"https:\/\/metropoliagzm.pl\/wp-content\/plugins\/pdf-print\/images\/pdf.png\" alt=\"image_pdf\" title=\"View PDF\" \/><\/a><a href=\"https:\/\/metropoliagzm.pl\/en\/wp-json\/wp\/v2\/posts\/35290?print=print\" class=\"pdfprnt-button pdfprnt-button-print\" target=\"_blank\"><img decoding=\"async\" src=\"https:\/\/metropoliagzm.pl\/wp-content\/plugins\/pdf-print\/images\/print.png\" alt=\"image_print\" title=\"Print Content\" \/><\/a><\/div>\n<p><strong>Prace zwi\u0105zane z przygotowywaniem nowej strategii miasta Gliwice 2040 wkraczaj\u0105 w kolejny etap. Prezydent Miasta og\u0142osi\u0142 powo\u0142anie 4 eksperckich grup roboczych: do spraw spo\u0142ecznych, \u015brodowiskowych, gospodarczych i przestrzennych. W ka\u017cdej z nich znajd\u0105 si\u0119 miejsca dla mieszka\u0144c\u00f3w dysponuj\u0105cych wiedz\u0105 i do\u015bwiadczeniem w danej dziedzinie. Nab\u00f3r zainteresowanych ruszy\u0142 28 kwietnia i trwa do 12 maja.<\/strong><\/p>\n\n\n\n<p>Grupy robocze b\u0119d\u0105 cia\u0142em doradczym Prezydenta Miasta, a ich g\u0142\u00f3wnym zadaniem b\u0119dzie wskazanie kluczowych trend\u00f3w rozwojowych w danym obszarze oraz sformu\u0142owanie rekomendacji mi\u0119dzy innymi w zakresie wizji i cel\u00f3w rozwojowych miasta. Prace poszczeg\u00f3lnych zespo\u0142\u00f3w b\u0119d\u0105 si\u0119 toczy\u0107 przy wsparciu do\u015bwiadczonych specjalist\u00f3w \u2013 dr. Marcina Barona (ekspert wiod\u0105cy), dr Anny Syrek-Kosowskiej (ekspert grupy gospodarczej), Szymona Ciupy i dr. hab. in\u017c. architekta Macieja Borsy (eksperci grupy przestrzennej), dr. Leszka Trz\u0105ski (ekspert grupy \u015brodowiskowej) oraz Sylwii Widzisz-Pronobis i Grzegorza Pronobisa (eksperci grupy spo\u0142ecznej).<\/p>\n\n\n\n<p>Kandydat do pracy w grupie roboczej wy\u0142aniany w drodze naboru musi dysponowa\u0107 do\u015bwiadczeniem i wiedz\u0105 specjalistyczn\u0105 w danym obszarze tematycznym (gospodarczym, spo\u0142ecznym, przestrzennym, \u015brodowiskowym), by\u0107 mieszka\u0144cem Gliwic lub prowadzi\u0107 na obszarze miasta dzia\u0142alno\u015b\u0107 gospodarcz\u0105, spo\u0142eczn\u0105, zwi\u0105zan\u0105 z kwestiami \u015brodowiskowymi lub gospodarki przestrzennej, lub by\u0107 pracownikiem organizacji dzia\u0142aj\u0105cej w wymienionych obszarach, zarejestrowanej lub prowadz\u0105cej dzia\u0142alno\u015b\u0107 w Gliwicach. Do\u015bwiadczenie i wiedz\u0119 nale\u017cy wykaza\u0107 poprzez: dorobek naukowy lub praktyczny, wynikaj\u0105cy z realizacji dzia\u0142a\u0144 w danym obszarze, rekomendacji uczelni wy\u017cszej, instytutu naukowego, stowarzyszenia, przedsi\u0119biorstwa, izby bran\u017cowej lub innej instytucji dzia\u0142aj\u0105cej w danym obszarze tematycznym, przedstawienie CV lub listu motywacyjnego.<\/p>\n\n\n\n<p>Dokumenty potwierdzaj\u0105ce do\u015bwiadczenie i wiedz\u0119, wraz z wype\u0142nionym<strong>&nbsp;<a href=\"https:\/\/gliwice.eu\/sites\/default\/files\/imce\/formularz_zgloszenie.docx\" target=\"_blank\" rel=\"noreferrer noopener\">formularzem zg\u0142oszenia<\/a>&nbsp;&nbsp;<\/strong>nale\u017cy przekaza\u0107 poczt\u0105 lub poprzez e-mail do Biura Rozwoju Miasta Urz\u0119du Miejskiego w Gliwicach na adres: Biuro Rozwoju Miasta, Urz\u0105d Miejski w Gliwicach, ul. Jasna 31A, 44-122 Gliwice, gliwice2040@um.gliwice.pl.<\/p>\n\n\n\n<p><strong>Regulamin funkcjonowania Grup Roboczych w procesie opracowania strategii rozwoju miasta \u201eGliwice 2040\u201d stanowi za\u0142\u0105cznik do<a href=\"https:\/\/gliwice.eu\/sites\/default\/files\/imce\/pm_3951_21_1.pdf\" target=\"_blank\" rel=\"noreferrer noopener\">&nbsp;zarz\u0105dzenia nr PM-3951\/2021 Prezydenta Miasta Gliwice z 16 kwietnia 2021 r.<\/a>&nbsp;<\/strong><\/p>\n\n\n\n<p>Zach\u0119camy do \u015bledzenia na bie\u017c\u0105co strony gliwice2040.gliwice.eu i do kontaktu z Biurem Rozwoju Miasta UM (e-mail: gliwice2040@um.gliwice.pl, tel. 32\/33-86-550).<\/p>\n\n\n\n<p>\u0179r\u00f3d\u0142o: UM Gliwice <\/p>\n<div class=\"post-author\" style=\"font-size:13px\">Micha\u0142 Nowak<\/div><\/div>","protected":false},"excerpt":{"rendered":"<p>Prace zwi\u0105zane z przygotowywaniem nowej strategii miasta Gliwice 2040 wkraczaj\u0105 w kolejny etap. Prezydent Miasta og\u0142osi\u0142 powo\u0142anie 4 eksperckich grup roboczych: do spraw spo\u0142ecznych, \u015brodowiskowych, gospodarczych i przestrzennych. W ka\u017cdej z nich znajd\u0105 si\u0119 miejsca dla mieszka\u0144c\u00f3w dysponuj\u0105cych wiedz\u0105 i do\u015bwiadczeniem w danej dziedzinie. Nab\u00f3r&#8230;<\/p>","protected":false},"author":134,"featured_media":35293,"comment_status":"closed","ping_status":"closed","sticky":false,"template":"","format":"standard","meta":{"_acf_changed":false,"footnotes":""},"categories":[205,242],"tags":[288],"class_list":["post-35290","post","type-post","status-publish","format-standard","has-post-thumbnail","hentry","category-gliwice","category-mieszkancy","tag-gliwice"],"acf":[],"yoast_head":"<!-- This site is optimized with the Yoast SEO plugin v27.4 - https:\/\/yoast.com\/product\/yoast-seo-wordpress\/ -->\n<title>Do\u0142\u0105cz do ekspert\u00f3w i projektuj przysz\u0142o\u015b\u0107 Gliwic! - Metropolia GZM<\/title>\n<meta name=\"description\" content=\"Oficjalny portal G\u00f3rno\u015bl\u0105sko-Zag\u0142\u0119biowskiej Metropolii\" \/>\n<meta name=\"robots\" content=\"index, follow, max-snippet:-1, max-image-preview:large, max-video-preview:-1\" \/>\n<link rel=\"canonical\" href=\"https:\/\/metropoliagzm.pl\/en\/2021\/05\/11\/dolacz-do-ekspertow-i-projektuj-przyszlosc-gliwic\/\" \/>\n<meta name=\"twitter:card\" content=\"summary_large_image\" \/>\n<meta name=\"twitter:title\" content=\"Do\u0142\u0105cz do ekspert\u00f3w i projektuj przysz\u0142o\u015b\u0107 Gliwic! - Metropolia GZM\" \/>\n<meta name=\"twitter:description\" content=\"Oficjalny portal G\u00f3rno\u015bl\u0105sko-Zag\u0142\u0119biowskiej Metropolii\" \/>\n<meta name=\"twitter:image\" content=\"https:\/\/metropoliagzm.pl\/wp-content\/uploads\/2021\/05\/gliwice-gzm.jpg\" \/>\n<meta name=\"twitter:label1\" content=\"Written by\" \/>\n\t<meta name=\"twitter:data1\" content=\"Micha\u0142 Nowak\" \/>\n\t<meta name=\"twitter:label2\" content=\"Estimated reading time\" \/>\n\t<meta name=\"twitter:data2\" content=\"2 minutes\" \/>\n<script type=\"application\/ld+json\" class=\"yoast-schema-graph\">{\"@context\":\"https:\\\/\\\/schema.org\",\"@graph\":[{\"@type\":\"Article\",\"@id\":\"https:\\\/\\\/metropoliagzm.pl\\\/en\\\/2021\\\/05\\\/11\\\/dolacz-do-ekspertow-i-projektuj-przyszlosc-gliwic\\\/#article\",\"isPartOf\":{\"@id\":\"https:\\\/\\\/metropoliagzm.pl\\\/en\\\/2021\\\/05\\\/11\\\/dolacz-do-ekspertow-i-projektuj-przyszlosc-gliwic\\\/\"},\"author\":{\"name\":\"Micha\u0142 Nowak\",\"@id\":\"https:\\\/\\\/metropoliagzm.pl\\\/en\\\/#\\\/schema\\\/person\\\/9e7660ba27bc92881ef16c6fc34ae962\"},\"headline\":\"Do\u0142\u0105cz do ekspert\u00f3w i projektuj przysz\u0142o\u015b\u0107 Gliwic!\",\"datePublished\":\"2021-05-11T11:37:27+00:00\",\"dateModified\":\"2021-05-11T11:37:29+00:00\",\"mainEntityOfPage\":{\"@id\":\"https:\\\/\\\/metropoliagzm.pl\\\/en\\\/2021\\\/05\\\/11\\\/dolacz-do-ekspertow-i-projektuj-przyszlosc-gliwic\\\/\"},\"wordCount\":391,\"publisher\":{\"@id\":\"https:\\\/\\\/metropoliagzm.pl\\\/en\\\/#organization\"},\"image\":{\"@id\":\"https:\\\/\\\/metropoliagzm.pl\\\/en\\\/2021\\\/05\\\/11\\\/dolacz-do-ekspertow-i-projektuj-przyszlosc-gliwic\\\/#primaryimage\"},\"thumbnailUrl\":\"https:\\\/\\\/metropoliagzm.pl\\\/wp-content\\\/uploads\\\/2021\\\/05\\\/gliwice-gzm.jpg\",\"keywords\":[\"gliwice\"],\"articleSection\":[\"Gliwice\",\"Mieszka\u0144cy\"],\"inLanguage\":\"en-GB\"},{\"@type\":\"WebPage\",\"@id\":\"https:\\\/\\\/metropoliagzm.pl\\\/en\\\/2021\\\/05\\\/11\\\/dolacz-do-ekspertow-i-projektuj-przyszlosc-gliwic\\\/\",\"url\":\"https:\\\/\\\/metropoliagzm.pl\\\/en\\\/2021\\\/05\\\/11\\\/dolacz-do-ekspertow-i-projektuj-przyszlosc-gliwic\\\/\",\"name\":\"Do\u0142\u0105cz do ekspert\u00f3w i projektuj przysz\u0142o\u015b\u0107 Gliwic! - Metropolia GZM\",\"isPartOf\":{\"@id\":\"https:\\\/\\\/metropoliagzm.pl\\\/en\\\/#website\"},\"primaryImageOfPage\":{\"@id\":\"https:\\\/\\\/metropoliagzm.pl\\\/en\\\/2021\\\/05\\\/11\\\/dolacz-do-ekspertow-i-projektuj-przyszlosc-gliwic\\\/#primaryimage\"},\"image\":{\"@id\":\"https:\\\/\\\/metropoliagzm.pl\\\/en\\\/2021\\\/05\\\/11\\\/dolacz-do-ekspertow-i-projektuj-przyszlosc-gliwic\\\/#primaryimage\"},\"thumbnailUrl\":\"https:\\\/\\\/metropoliagzm.pl\\\/wp-content\\\/uploads\\\/2021\\\/05\\\/gliwice-gzm.jpg\",\"datePublished\":\"2021-05-11T11:37:27+00:00\",\"dateModified\":\"2021-05-11T11:37:29+00:00\",\"description\":\"Oficjalny portal G\u00f3rno\u015bl\u0105sko-Zag\u0142\u0119biowskiej Metropolii\",\"breadcrumb\":{\"@id\":\"https:\\\/\\\/metropoliagzm.pl\\\/en\\\/2021\\\/05\\\/11\\\/dolacz-do-ekspertow-i-projektuj-przyszlosc-gliwic\\\/#breadcrumb\"},\"inLanguage\":\"en-GB\",\"potentialAction\":[{\"@type\":\"ReadAction\",\"target\":[\"https:\\\/\\\/metropoliagzm.pl\\\/en\\\/2021\\\/05\\\/11\\\/dolacz-do-ekspertow-i-projektuj-przyszlosc-gliwic\\\/\"]}]},{\"@type\":\"ImageObject\",\"inLanguage\":\"en-GB\",\"@id\":\"https:\\\/\\\/metropoliagzm.pl\\\/en\\\/2021\\\/05\\\/11\\\/dolacz-do-ekspertow-i-projektuj-przyszlosc-gliwic\\\/#primaryimage\",\"url\":\"https:\\\/\\\/metropoliagzm.pl\\\/wp-content\\\/uploads\\\/2021\\\/05\\\/gliwice-gzm.jpg\",\"contentUrl\":\"https:\\\/\\\/metropoliagzm.pl\\\/wp-content\\\/uploads\\\/2021\\\/05\\\/gliwice-gzm.jpg\",\"width\":1024,\"height\":580,\"caption\":\"Fot. Metropolia GZM\"},{\"@type\":\"BreadcrumbList\",\"@id\":\"https:\\\/\\\/metropoliagzm.pl\\\/en\\\/2021\\\/05\\\/11\\\/dolacz-do-ekspertow-i-projektuj-przyszlosc-gliwic\\\/#breadcrumb\",\"itemListElement\":[{\"@type\":\"ListItem\",\"position\":1,\"name\":\"Strona g\u0142\u00f3wna\",\"item\":\"https:\\\/\\\/metropoliagzm.pl\\\/\"},{\"@type\":\"ListItem\",\"position\":2,\"name\":\"Do\u0142\u0105cz do ekspert\u00f3w i projektuj przysz\u0142o\u015b\u0107 Gliwic!\"}]},{\"@type\":\"WebSite\",\"@id\":\"https:\\\/\\\/metropoliagzm.pl\\\/en\\\/#website\",\"url\":\"https:\\\/\\\/metropoliagzm.pl\\\/en\\\/\",\"name\":\"Metropolia GZM\",\"description\":\"Oficjalny portal G\u00f3rno\u015bl\u0105sko-Zag\u0142\u0119biowskiej Metropolii\",\"publisher\":{\"@id\":\"https:\\\/\\\/metropoliagzm.pl\\\/en\\\/#organization\"},\"potentialAction\":[{\"@type\":\"SearchAction\",\"target\":{\"@type\":\"EntryPoint\",\"urlTemplate\":\"https:\\\/\\\/metropoliagzm.pl\\\/en\\\/?s={search_term_string}\"},\"query-input\":{\"@type\":\"PropertyValueSpecification\",\"valueRequired\":true,\"valueName\":\"search_term_string\"}}],\"inLanguage\":\"en-GB\"},{\"@type\":\"Organization\",\"@id\":\"https:\\\/\\\/metropoliagzm.pl\\\/en\\\/#organization\",\"name\":\"Metropolia GZM\",\"url\":\"https:\\\/\\\/metropoliagzm.pl\\\/en\\\/\",\"logo\":{\"@type\":\"ImageObject\",\"inLanguage\":\"en-GB\",\"@id\":\"https:\\\/\\\/metropoliagzm.pl\\\/en\\\/#\\\/schema\\\/logo\\\/image\\\/\",\"url\":\"https:\\\/\\\/metropoliagzm.pl\\\/wp-content\\\/uploads\\\/2019\\\/03\\\/Sygnet-strona-glowna.png\",\"contentUrl\":\"https:\\\/\\\/metropoliagzm.pl\\\/wp-content\\\/uploads\\\/2019\\\/03\\\/Sygnet-strona-glowna.png\",\"width\":36,\"height\":45,\"caption\":\"Metropolia GZM\"},\"image\":{\"@id\":\"https:\\\/\\\/metropoliagzm.pl\\\/en\\\/#\\\/schema\\\/logo\\\/image\\\/\"}},{\"@type\":\"Person\",\"@id\":\"https:\\\/\\\/metropoliagzm.pl\\\/en\\\/#\\\/schema\\\/person\\\/9e7660ba27bc92881ef16c6fc34ae962\",\"name\":\"Micha\u0142 Nowak\",\"image\":{\"@type\":\"ImageObject\",\"inLanguage\":\"en-GB\",\"@id\":\"https:\\\/\\\/secure.gravatar.com\\\/avatar\\\/2d51f070ccac4989b201dc1a42c3a6d46ff007fc5e569ff280535ab8e8122a59?s=96&d=mm&r=g\",\"url\":\"https:\\\/\\\/secure.gravatar.com\\\/avatar\\\/2d51f070ccac4989b201dc1a42c3a6d46ff007fc5e569ff280535ab8e8122a59?s=96&d=mm&r=g\",\"contentUrl\":\"https:\\\/\\\/secure.gravatar.com\\\/avatar\\\/2d51f070ccac4989b201dc1a42c3a6d46ff007fc5e569ff280535ab8e8122a59?s=96&d=mm&r=g\",\"caption\":\"Micha\u0142 Nowak\"},\"url\":\"https:\\\/\\\/metropoliagzm.pl\\\/en\\\/author\\\/michal-nowak\\\/\"}]}<\/script>\n<!-- \/ Yoast SEO plugin. -->","yoast_head_json":{"title":"Do\u0142\u0105cz do ekspert\u00f3w i projektuj przysz\u0142o\u015b\u0107 Gliwic! - Metropolia GZM","description":"Oficjalny portal G\u00f3rno\u015bl\u0105sko-Zag\u0142\u0119biowskiej Metropolii","robots":{"index":"index","follow":"follow","max-snippet":"max-snippet:-1","max-image-preview":"max-image-preview:large","max-video-preview":"max-video-preview:-1"},"canonical":"https:\/\/metropoliagzm.pl\/en\/2021\/05\/11\/dolacz-do-ekspertow-i-projektuj-przyszlosc-gliwic\/","twitter_card":"summary_large_image","twitter_title":"Do\u0142\u0105cz do ekspert\u00f3w i projektuj przysz\u0142o\u015b\u0107 Gliwic! - Metropolia GZM","twitter_description":"Oficjalny portal G\u00f3rno\u015bl\u0105sko-Zag\u0142\u0119biowskiej Metropolii","twitter_image":"https:\/\/metropoliagzm.pl\/wp-content\/uploads\/2021\/05\/gliwice-gzm.jpg","twitter_misc":{"Written by":"Micha\u0142 Nowak","Estimated reading time":"2 minutes"},"schema":{"@context":"https:\/\/schema.org","@graph":[{"@type":"Article","@id":"https:\/\/metropoliagzm.pl\/en\/2021\/05\/11\/dolacz-do-ekspertow-i-projektuj-przyszlosc-gliwic\/#article","isPartOf":{"@id":"https:\/\/metropoliagzm.pl\/en\/2021\/05\/11\/dolacz-do-ekspertow-i-projektuj-przyszlosc-gliwic\/"},"author":{"name":"Micha\u0142 Nowak","@id":"https:\/\/metropoliagzm.pl\/en\/#\/schema\/person\/9e7660ba27bc92881ef16c6fc34ae962"},"headline":"Do\u0142\u0105cz do ekspert\u00f3w i projektuj przysz\u0142o\u015b\u0107 Gliwic!","datePublished":"2021-05-11T11:37:27+00:00","dateModified":"2021-05-11T11:37:29+00:00","mainEntityOfPage":{"@id":"https:\/\/metropoliagzm.pl\/en\/2021\/05\/11\/dolacz-do-ekspertow-i-projektuj-przyszlosc-gliwic\/"},"wordCount":391,"publisher":{"@id":"https:\/\/metropoliagzm.pl\/en\/#organization"},"image":{"@id":"https:\/\/metropoliagzm.pl\/en\/2021\/05\/11\/dolacz-do-ekspertow-i-projektuj-przyszlosc-gliwic\/#primaryimage"},"thumbnailUrl":"https:\/\/metropoliagzm.pl\/wp-content\/uploads\/2021\/05\/gliwice-gzm.jpg","keywords":["gliwice"],"articleSection":["Gliwice","Mieszka\u0144cy"],"inLanguage":"en-GB"},{"@type":"WebPage","@id":"https:\/\/metropoliagzm.pl\/en\/2021\/05\/11\/dolacz-do-ekspertow-i-projektuj-przyszlosc-gliwic\/","url":"https:\/\/metropoliagzm.pl\/en\/2021\/05\/11\/dolacz-do-ekspertow-i-projektuj-przyszlosc-gliwic\/","name":"Do\u0142\u0105cz do ekspert\u00f3w i projektuj przysz\u0142o\u015b\u0107 Gliwic! - Metropolia GZM","isPartOf":{"@id":"https:\/\/metropoliagzm.pl\/en\/#website"},"primaryImageOfPage":{"@id":"https:\/\/metropoliagzm.pl\/en\/2021\/05\/11\/dolacz-do-ekspertow-i-projektuj-przyszlosc-gliwic\/#primaryimage"},"image":{"@id":"https:\/\/metropoliagzm.pl\/en\/2021\/05\/11\/dolacz-do-ekspertow-i-projektuj-przyszlosc-gliwic\/#primaryimage"},"thumbnailUrl":"https:\/\/metropoliagzm.pl\/wp-content\/uploads\/2021\/05\/gliwice-gzm.jpg","datePublished":"2021-05-11T11:37:27+00:00","dateModified":"2021-05-11T11:37:29+00:00","description":"Oficjalny portal G\u00f3rno\u015bl\u0105sko-Zag\u0142\u0119biowskiej Metropolii","breadcrumb":{"@id":"https:\/\/metropoliagzm.pl\/en\/2021\/05\/11\/dolacz-do-ekspertow-i-projektuj-przyszlosc-gliwic\/#breadcrumb"},"inLanguage":"en-GB","potentialAction":[{"@type":"ReadAction","target":["https:\/\/metropoliagzm.pl\/en\/2021\/05\/11\/dolacz-do-ekspertow-i-projektuj-przyszlosc-gliwic\/"]}]},{"@type":"ImageObject","inLanguage":"en-GB","@id":"https:\/\/metropoliagzm.pl\/en\/2021\/05\/11\/dolacz-do-ekspertow-i-projektuj-przyszlosc-gliwic\/#primaryimage","url":"https:\/\/metropoliagzm.pl\/wp-content\/uploads\/2021\/05\/gliwice-gzm.jpg","contentUrl":"https:\/\/metropoliagzm.pl\/wp-content\/uploads\/2021\/05\/gliwice-gzm.jpg","width":1024,"height":580,"caption":"Fot. Metropolia GZM"},{"@type":"BreadcrumbList","@id":"https:\/\/metropoliagzm.pl\/en\/2021\/05\/11\/dolacz-do-ekspertow-i-projektuj-przyszlosc-gliwic\/#breadcrumb","itemListElement":[{"@type":"ListItem","position":1,"name":"Strona g\u0142\u00f3wna","item":"https:\/\/metropoliagzm.pl\/"},{"@type":"ListItem","position":2,"name":"Do\u0142\u0105cz do ekspert\u00f3w i projektuj przysz\u0142o\u015b\u0107 Gliwic!"}]},{"@type":"WebSite","@id":"https:\/\/metropoliagzm.pl\/en\/#website","url":"https:\/\/metropoliagzm.pl\/en\/","name":"Metropolia GZM","description":"Oficjalny portal G\u00f3rno\u015bl\u0105sko-Zag\u0142\u0119biowskiej Metropolii","publisher":{"@id":"https:\/\/metropoliagzm.pl\/en\/#organization"},"potentialAction":[{"@type":"SearchAction","target":{"@type":"EntryPoint","urlTemplate":"https:\/\/metropoliagzm.pl\/en\/?s={search_term_string}"},"query-input":{"@type":"PropertyValueSpecification","valueRequired":true,"valueName":"search_term_string"}}],"inLanguage":"en-GB"},{"@type":"Organization","@id":"https:\/\/metropoliagzm.pl\/en\/#organization","name":"Metropolia GZM","url":"https:\/\/metropoliagzm.pl\/en\/","logo":{"@type":"ImageObject","inLanguage":"en-GB","@id":"https:\/\/metropoliagzm.pl\/en\/#\/schema\/logo\/image\/","url":"https:\/\/metropoliagzm.pl\/wp-content\/uploads\/2019\/03\/Sygnet-strona-glowna.png","contentUrl":"https:\/\/metropoliagzm.pl\/wp-content\/uploads\/2019\/03\/Sygnet-strona-glowna.png","width":36,"height":45,"caption":"Metropolia GZM"},"image":{"@id":"https:\/\/metropoliagzm.pl\/en\/#\/schema\/logo\/image\/"}},{"@type":"Person","@id":"https:\/\/metropoliagzm.pl\/en\/#\/schema\/person\/9e7660ba27bc92881ef16c6fc34ae962","name":"Micha\u0142 Nowak","image":{"@type":"ImageObject","inLanguage":"en-GB","@id":"https:\/\/secure.gravatar.com\/avatar\/2d51f070ccac4989b201dc1a42c3a6d46ff007fc5e569ff280535ab8e8122a59?s=96&d=mm&r=g","url":"https:\/\/secure.gravatar.com\/avatar\/2d51f070ccac4989b201dc1a42c3a6d46ff007fc5e569ff280535ab8e8122a59?s=96&d=mm&r=g","contentUrl":"https:\/\/secure.gravatar.com\/avatar\/2d51f070ccac4989b201dc1a42c3a6d46ff007fc5e569ff280535ab8e8122a59?s=96&d=mm&r=g","caption":"Micha\u0142 Nowak"},"url":"https:\/\/metropoliagzm.pl\/en\/author\/michal-nowak\/"}]}},"_links":{"self":[{"href":"https:\/\/metropoliagzm.pl\/en\/wp-json\/wp\/v2\/posts\/35290","targetHints":{"allow":["GET"]}}],"collection":[{"href":"https:\/\/metropoliagzm.pl\/en\/wp-json\/wp\/v2\/posts"}],"about":[{"href":"https:\/\/metropoliagzm.pl\/en\/wp-json\/wp\/v2\/types\/post"}],"author":[{"embeddable":true,"href":"https:\/\/metropoliagzm.pl\/en\/wp-json\/wp\/v2\/users\/134"}],"replies":[{"embeddable":true,"href":"https:\/\/metropoliagzm.pl\/en\/wp-json\/wp\/v2\/comments?post=35290"}],"version-history":[{"count":3,"href":"https:\/\/metropoliagzm.pl\/en\/wp-json\/wp\/v2\/posts\/35290\/revisions"}],"predecessor-version":[{"id":35294,"href":"https:\/\/metropoliagzm.pl\/en\/wp-json\/wp\/v2\/posts\/35290\/revisions\/35294"}],"wp:featuredmedia":[{"embeddable":true,"href":"https:\/\/metropoliagzm.pl\/en\/wp-json\/wp\/v2\/media\/35293"}],"wp:attachment":[{"href":"https:\/\/metropoliagzm.pl\/en\/wp-json\/wp\/v2\/media?parent=35290"}],"wp:term":[{"taxonomy":"category","embeddable":true,"href":"https:\/\/metropoliagzm.pl\/en\/wp-json\/wp\/v2\/categories?post=35290"},{"taxonomy":"post_tag","embeddable":true,"href":"https:\/\/metropoliagzm.pl\/en\/wp-json\/wp\/v2\/tags?post=35290"}],"curies":[{"name":"wp","href":"https:\/\/api.w.org\/{rel}","templated":true}]}}