{"id":35798,"date":"2021-06-23T10:38:49","date_gmt":"2021-06-23T08:38:49","guid":{"rendered":"https:\/\/metropoliagzm.pl\/?p=35798"},"modified":"2021-06-23T10:52:26","modified_gmt":"2021-06-23T08:52:26","slug":"otwarcie-sezonu-na-kapielisku-lesnym","status":"publish","type":"post","link":"https:\/\/metropoliagzm.pl\/en\/2021\/06\/23\/otwarcie-sezonu-na-kapielisku-lesnym\/","title":{"rendered":"Otwarcie sezonu na K\u0105pielisku Le\u015bnym"},"content":{"rendered":"<div class=\"pdf-block\"><div class=\"pdfprnt-buttons  pdfprnt-new pdfprnt-buttons-post pdfprnt-top-right\"><div class=\"jssocials-share jssocials-share-twitter\"><a target=\"_blank\" href=\"https:\/\/twitter.com\/share?url=https:\/\/metropoliagzm.pl\/en\/wp-json\/wp\/v2\/posts\/35798;text=35798\" class=\"jssocials-share-link\"><i class=\"fa fa-twitter jssocials-share-logo\"><\/i><\/a><\/div><div class=\"jssocials-share jssocials-share-facebook\"><a target=\"_blank\" href=\"https:\/\/facebook.com\/sharer\/sharer.php?u=https:\/\/metropoliagzm.pl\/en\/wp-json\/wp\/v2\/posts\/35798\" class=\"jssocials-share-link\"><i class=\"fa fa-facebook jssocials-share-logo\"><\/i><\/a><\/div><div class=\"jssocials-share jssocials-share-pinterest\"><a target=\"_blank\" href=\"https:\/\/pinterest.com\/pin\/create\/bookmarklet\/?&amp;url=https:\/\/metropoliagzm.pl\/en\/wp-json\/wp\/v2\/posts\/35798;description=35798\" class=\"jssocials-share-link\"><i class=\"fa fa-pinterest jssocials-share-logo\"><\/i><\/a><\/div><a href=\"https:\/\/metropoliagzm.pl\/en\/wp-json\/wp\/v2\/posts\/35798?print=pdf\" class=\"pdfprnt-button pdfprnt-button-pdf\" target=\"_blank\"><img decoding=\"async\" src=\"https:\/\/metropoliagzm.pl\/wp-content\/plugins\/pdf-print\/images\/pdf.png\" alt=\"image_pdf\" title=\"View PDF\" \/><\/a><a href=\"https:\/\/metropoliagzm.pl\/en\/wp-json\/wp\/v2\/posts\/35798?print=print\" class=\"pdfprnt-button pdfprnt-button-print\" target=\"_blank\"><img decoding=\"async\" src=\"https:\/\/metropoliagzm.pl\/wp-content\/plugins\/pdf-print\/images\/print.png\" alt=\"image_print\" title=\"Print Content\" \/><\/a><\/div><\/div><div class=\"post-block-pdf\"><div class=\"pdfprnt-buttons pdfprnt-buttons-post pdfprnt-top-right\"><a href=\"https:\/\/metropoliagzm.pl\/en\/wp-json\/wp\/v2\/posts\/35798?print=pdf\" class=\"pdfprnt-button pdfprnt-button-pdf\" target=\"_blank\"><img decoding=\"async\" src=\"https:\/\/metropoliagzm.pl\/wp-content\/plugins\/pdf-print\/images\/pdf.png\" alt=\"image_pdf\" title=\"View PDF\" \/><\/a><a href=\"https:\/\/metropoliagzm.pl\/en\/wp-json\/wp\/v2\/posts\/35798?print=print\" class=\"pdfprnt-button pdfprnt-button-print\" target=\"_blank\"><img decoding=\"async\" src=\"https:\/\/metropoliagzm.pl\/wp-content\/plugins\/pdf-print\/images\/print.png\" alt=\"image_print\" title=\"Print Content\" \/><\/a><\/div><h3>25 czerwca na K\u0105pielisku Le\u015bnym zaplanowano otwarcie sezonu, kt\u00f3ry potrwa do 31 sierpnia.<\/h3>\n<p>W poni\u017cszym linku znajdziecie Pa\u0144stwo cennik na sezon letni 2021:<\/p>\n<p><a href=\"http:\/\/www.mosir.zabrze.pl\/cennik-kapielisko,96?fbclid=IwAR1LqH-BckpL4DRbXOI_yPrKFY_bcvr3tUek9n7zsn5xO3l5oW9cpATaOWg\" target=\"_blank\" rel=\"noreferrer noopener\">http:\/\/www.mosir.zabrze.pl\/cennik-kapielisko,96<\/a><\/p>\n<p>K\u0105pielisko Le\u015bne\u00a0to obiekt po\u0142o\u017cony jest w zielonym zak\u0105tku Zabrze-Maciej\u00f3w. Historia K\u0105pieliska jest bardzo bogata, si\u0119ga bowiem czas\u00f3w przedwojennych (obiekt wybudowano w 1933r.). \u0141atwy dojazd (w okresie wakacyjnym \u2013 dodatkowa linia autobusowa miejska), rekreacyjne ukszta\u0142towanie bardzo du\u017cego terenu (ok. 22 ha), mo\u017cliwo\u015b\u0107 k\u0105pieli w dw\u00f3ch basenach o zr\u00f3\u017cnicowanej g\u0142\u0119boko\u015bci pod czujnym okiem profesjonalnej ekipy ratunkowej oraz inne dodatkowe atrakcje sportowe (zje\u017cd\u017calnie, boiska, kawiarnia, O\u015brodek Je\u017adziecki) \u2013 decyduj\u0105 o popularno\u015bci obiektu przez ca\u0142y rok. Malowniczy pejza\u017c oraz specjalnie przygotowane alejki spacerowe umilaj\u0105 czas nie tylko sportowcom z zami\u0142owania, ale przede wszystkim ca\u0142ym rodzinom.<\/p>\n<p>K\u0105pielisko Le\u015bne jest czynne ca\u0142y rok, a poza sezonem k\u0105pielowym wst\u0119p na obiekt jest nieodp\u0142atny<\/p>\n<div class=\"post-author\" style=\"font-size:13px\">Witold Tr\u00f3lka<\/div><\/div>","protected":false},"excerpt":{"rendered":"<p>25 czerwca na K\u0105pielisku Le\u015bnym zaplanowano otwarcie sezonu, kt\u00f3ry potrwa do 31 sierpnia. W poni\u017cszym linku znajdziecie Pa\u0144stwo cennik na sezon letni 2021: http:\/\/www.mosir.zabrze.pl\/cennik-kapielisko,96 K\u0105pielisko Le\u015bne\u00a0to obiekt po\u0142o\u017cony jest w zielonym zak\u0105tku Zabrze-Maciej\u00f3w. Historia K\u0105pieliska jest bardzo bogata, si\u0119ga bowiem czas\u00f3w przedwojennych (obiekt wybudowano w&#8230;<\/p>","protected":false},"author":140,"featured_media":35799,"comment_status":"closed","ping_status":"closed","sticky":false,"template":"","format":"standard","meta":{"_acf_changed":false,"footnotes":""},"categories":[240,234],"tags":[2174],"class_list":["post-35798","post","type-post","status-publish","format-standard","has-post-thumbnail","hentry","category-turystyka-rekreacja","category-zabrze","tag-kapieliska"],"acf":[],"yoast_head":"<!-- This site is optimized with the Yoast SEO plugin v27.4 - https:\/\/yoast.com\/product\/yoast-seo-wordpress\/ -->\n<title>Otwarcie sezonu na K\u0105pielisku Le\u015bnym - Metropolia GZM<\/title>\n<meta name=\"description\" content=\"Oficjalny portal G\u00f3rno\u015bl\u0105sko-Zag\u0142\u0119biowskiej Metropolii\" \/>\n<meta name=\"robots\" content=\"index, follow, max-snippet:-1, max-image-preview:large, max-video-preview:-1\" \/>\n<link rel=\"canonical\" href=\"http:\/\/metropoliagzm.pl\/en\/2021\/06\/23\/otwarcie-sezonu-na-kapielisku-lesnym\/\" \/>\n<meta name=\"twitter:card\" content=\"summary_large_image\" \/>\n<meta name=\"twitter:title\" content=\"Otwarcie sezonu na K\u0105pielisku Le\u015bnym - Metropolia GZM\" \/>\n<meta name=\"twitter:description\" content=\"Oficjalny portal G\u00f3rno\u015bl\u0105sko-Zag\u0142\u0119biowskiej Metropolii\" \/>\n<meta name=\"twitter:image\" content=\"https:\/\/metropoliagzm.pl\/wp-content\/uploads\/2021\/06\/Kapielisko-Lesne-870x440-1.jpg\" \/>\n<meta name=\"twitter:label1\" content=\"Written by\" \/>\n\t<meta name=\"twitter:data1\" content=\"Witold Tr\u00f3lka\" \/>\n\t<meta name=\"twitter:label2\" content=\"Estimated reading time\" \/>\n\t<meta name=\"twitter:data2\" content=\"1 minute\" \/>\n<script type=\"application\/ld+json\" class=\"yoast-schema-graph\">{\"@context\":\"https:\\\/\\\/schema.org\",\"@graph\":[{\"@type\":\"Article\",\"@id\":\"http:\\\/\\\/metropoliagzm.pl\\\/de\\\/2021\\\/06\\\/23\\\/otwarcie-sezonu-na-kapielisku-lesnym\\\/#article\",\"isPartOf\":{\"@id\":\"http:\\\/\\\/metropoliagzm.pl\\\/de\\\/2021\\\/06\\\/23\\\/otwarcie-sezonu-na-kapielisku-lesnym\\\/\"},\"author\":{\"name\":\"Witold Tr\u00f3lka\",\"@id\":\"https:\\\/\\\/metropoliagzm.pl\\\/en\\\/#\\\/schema\\\/person\\\/96e19c492916cfe1ba595fd2f60d95b8\"},\"headline\":\"Otwarcie sezonu na K\u0105pielisku Le\u015bnym\",\"datePublished\":\"2021-06-23T08:38:49+00:00\",\"dateModified\":\"2021-06-23T08:52:26+00:00\",\"mainEntityOfPage\":{\"@id\":\"http:\\\/\\\/metropoliagzm.pl\\\/de\\\/2021\\\/06\\\/23\\\/otwarcie-sezonu-na-kapielisku-lesnym\\\/\"},\"wordCount\":173,\"publisher\":{\"@id\":\"https:\\\/\\\/metropoliagzm.pl\\\/en\\\/#organization\"},\"image\":{\"@id\":\"http:\\\/\\\/metropoliagzm.pl\\\/de\\\/2021\\\/06\\\/23\\\/otwarcie-sezonu-na-kapielisku-lesnym\\\/#primaryimage\"},\"thumbnailUrl\":\"https:\\\/\\\/metropoliagzm.pl\\\/wp-content\\\/uploads\\\/2021\\\/06\\\/Kapielisko-Lesne-870x440-1.jpg\",\"keywords\":[\"k\u0105pieliska\"],\"articleSection\":[\"Turystyka i Rekreacja\",\"Zabrze\"],\"inLanguage\":\"en-GB\"},{\"@type\":\"WebPage\",\"@id\":\"http:\\\/\\\/metropoliagzm.pl\\\/de\\\/2021\\\/06\\\/23\\\/otwarcie-sezonu-na-kapielisku-lesnym\\\/\",\"url\":\"http:\\\/\\\/metropoliagzm.pl\\\/de\\\/2021\\\/06\\\/23\\\/otwarcie-sezonu-na-kapielisku-lesnym\\\/\",\"name\":\"Otwarcie sezonu na K\u0105pielisku Le\u015bnym - Metropolia GZM\",\"isPartOf\":{\"@id\":\"https:\\\/\\\/metropoliagzm.pl\\\/en\\\/#website\"},\"primaryImageOfPage\":{\"@id\":\"http:\\\/\\\/metropoliagzm.pl\\\/de\\\/2021\\\/06\\\/23\\\/otwarcie-sezonu-na-kapielisku-lesnym\\\/#primaryimage\"},\"image\":{\"@id\":\"http:\\\/\\\/metropoliagzm.pl\\\/de\\\/2021\\\/06\\\/23\\\/otwarcie-sezonu-na-kapielisku-lesnym\\\/#primaryimage\"},\"thumbnailUrl\":\"https:\\\/\\\/metropoliagzm.pl\\\/wp-content\\\/uploads\\\/2021\\\/06\\\/Kapielisko-Lesne-870x440-1.jpg\",\"datePublished\":\"2021-06-23T08:38:49+00:00\",\"dateModified\":\"2021-06-23T08:52:26+00:00\",\"description\":\"Oficjalny portal G\u00f3rno\u015bl\u0105sko-Zag\u0142\u0119biowskiej Metropolii\",\"breadcrumb\":{\"@id\":\"http:\\\/\\\/metropoliagzm.pl\\\/de\\\/2021\\\/06\\\/23\\\/otwarcie-sezonu-na-kapielisku-lesnym\\\/#breadcrumb\"},\"inLanguage\":\"en-GB\",\"potentialAction\":[{\"@type\":\"ReadAction\",\"target\":[\"http:\\\/\\\/metropoliagzm.pl\\\/de\\\/2021\\\/06\\\/23\\\/otwarcie-sezonu-na-kapielisku-lesnym\\\/\"]}]},{\"@type\":\"ImageObject\",\"inLanguage\":\"en-GB\",\"@id\":\"http:\\\/\\\/metropoliagzm.pl\\\/de\\\/2021\\\/06\\\/23\\\/otwarcie-sezonu-na-kapielisku-lesnym\\\/#primaryimage\",\"url\":\"https:\\\/\\\/metropoliagzm.pl\\\/wp-content\\\/uploads\\\/2021\\\/06\\\/Kapielisko-Lesne-870x440-1.jpg\",\"contentUrl\":\"https:\\\/\\\/metropoliagzm.pl\\\/wp-content\\\/uploads\\\/2021\\\/06\\\/Kapielisko-Lesne-870x440-1.jpg\",\"width\":870,\"height\":440,\"caption\":\"Foto: UM Zabrze\"},{\"@type\":\"BreadcrumbList\",\"@id\":\"http:\\\/\\\/metropoliagzm.pl\\\/de\\\/2021\\\/06\\\/23\\\/otwarcie-sezonu-na-kapielisku-lesnym\\\/#breadcrumb\",\"itemListElement\":[{\"@type\":\"ListItem\",\"position\":1,\"name\":\"Strona g\u0142\u00f3wna\",\"item\":\"https:\\\/\\\/metropoliagzm.pl\\\/\"},{\"@type\":\"ListItem\",\"position\":2,\"name\":\"Otwarcie sezonu na K\u0105pielisku Le\u015bnym\"}]},{\"@type\":\"WebSite\",\"@id\":\"https:\\\/\\\/metropoliagzm.pl\\\/en\\\/#website\",\"url\":\"https:\\\/\\\/metropoliagzm.pl\\\/en\\\/\",\"name\":\"Metropolia GZM\",\"description\":\"Oficjalny portal G\u00f3rno\u015bl\u0105sko-Zag\u0142\u0119biowskiej Metropolii\",\"publisher\":{\"@id\":\"https:\\\/\\\/metropoliagzm.pl\\\/en\\\/#organization\"},\"potentialAction\":[{\"@type\":\"SearchAction\",\"target\":{\"@type\":\"EntryPoint\",\"urlTemplate\":\"https:\\\/\\\/metropoliagzm.pl\\\/en\\\/?s={search_term_string}\"},\"query-input\":{\"@type\":\"PropertyValueSpecification\",\"valueRequired\":true,\"valueName\":\"search_term_string\"}}],\"inLanguage\":\"en-GB\"},{\"@type\":\"Organization\",\"@id\":\"https:\\\/\\\/metropoliagzm.pl\\\/en\\\/#organization\",\"name\":\"Metropolia GZM\",\"url\":\"https:\\\/\\\/metropoliagzm.pl\\\/en\\\/\",\"logo\":{\"@type\":\"ImageObject\",\"inLanguage\":\"en-GB\",\"@id\":\"https:\\\/\\\/metropoliagzm.pl\\\/en\\\/#\\\/schema\\\/logo\\\/image\\\/\",\"url\":\"https:\\\/\\\/metropoliagzm.pl\\\/wp-content\\\/uploads\\\/2019\\\/03\\\/Sygnet-strona-glowna.png\",\"contentUrl\":\"https:\\\/\\\/metropoliagzm.pl\\\/wp-content\\\/uploads\\\/2019\\\/03\\\/Sygnet-strona-glowna.png\",\"width\":36,\"height\":45,\"caption\":\"Metropolia GZM\"},\"image\":{\"@id\":\"https:\\\/\\\/metropoliagzm.pl\\\/en\\\/#\\\/schema\\\/logo\\\/image\\\/\"}},{\"@type\":\"Person\",\"@id\":\"https:\\\/\\\/metropoliagzm.pl\\\/en\\\/#\\\/schema\\\/person\\\/96e19c492916cfe1ba595fd2f60d95b8\",\"name\":\"Witold Tr\u00f3lka\",\"image\":{\"@type\":\"ImageObject\",\"inLanguage\":\"en-GB\",\"@id\":\"https:\\\/\\\/secure.gravatar.com\\\/avatar\\\/71e0c635e405b4a3631033f0d6f49e682b54dcd226d647737e1040a5a480d177?s=96&d=mm&r=g\",\"url\":\"https:\\\/\\\/secure.gravatar.com\\\/avatar\\\/71e0c635e405b4a3631033f0d6f49e682b54dcd226d647737e1040a5a480d177?s=96&d=mm&r=g\",\"contentUrl\":\"https:\\\/\\\/secure.gravatar.com\\\/avatar\\\/71e0c635e405b4a3631033f0d6f49e682b54dcd226d647737e1040a5a480d177?s=96&d=mm&r=g\",\"caption\":\"Witold Tr\u00f3lka\"},\"url\":\"https:\\\/\\\/metropoliagzm.pl\\\/en\\\/author\\\/w-trolka\\\/\"}]}<\/script>\n<!-- \/ Yoast SEO plugin. -->","yoast_head_json":{"title":"Otwarcie sezonu na K\u0105pielisku Le\u015bnym - Metropolia GZM","description":"Oficjalny portal G\u00f3rno\u015bl\u0105sko-Zag\u0142\u0119biowskiej Metropolii","robots":{"index":"index","follow":"follow","max-snippet":"max-snippet:-1","max-image-preview":"max-image-preview:large","max-video-preview":"max-video-preview:-1"},"canonical":"http:\/\/metropoliagzm.pl\/en\/2021\/06\/23\/otwarcie-sezonu-na-kapielisku-lesnym\/","twitter_card":"summary_large_image","twitter_title":"Otwarcie sezonu na K\u0105pielisku Le\u015bnym - Metropolia GZM","twitter_description":"Oficjalny portal G\u00f3rno\u015bl\u0105sko-Zag\u0142\u0119biowskiej Metropolii","twitter_image":"https:\/\/metropoliagzm.pl\/wp-content\/uploads\/2021\/06\/Kapielisko-Lesne-870x440-1.jpg","twitter_misc":{"Written by":"Witold Tr\u00f3lka","Estimated reading time":"1 minute"},"schema":{"@context":"https:\/\/schema.org","@graph":[{"@type":"Article","@id":"http:\/\/metropoliagzm.pl\/de\/2021\/06\/23\/otwarcie-sezonu-na-kapielisku-lesnym\/#article","isPartOf":{"@id":"http:\/\/metropoliagzm.pl\/de\/2021\/06\/23\/otwarcie-sezonu-na-kapielisku-lesnym\/"},"author":{"name":"Witold Tr\u00f3lka","@id":"https:\/\/metropoliagzm.pl\/en\/#\/schema\/person\/96e19c492916cfe1ba595fd2f60d95b8"},"headline":"Otwarcie sezonu na K\u0105pielisku Le\u015bnym","datePublished":"2021-06-23T08:38:49+00:00","dateModified":"2021-06-23T08:52:26+00:00","mainEntityOfPage":{"@id":"http:\/\/metropoliagzm.pl\/de\/2021\/06\/23\/otwarcie-sezonu-na-kapielisku-lesnym\/"},"wordCount":173,"publisher":{"@id":"https:\/\/metropoliagzm.pl\/en\/#organization"},"image":{"@id":"http:\/\/metropoliagzm.pl\/de\/2021\/06\/23\/otwarcie-sezonu-na-kapielisku-lesnym\/#primaryimage"},"thumbnailUrl":"https:\/\/metropoliagzm.pl\/wp-content\/uploads\/2021\/06\/Kapielisko-Lesne-870x440-1.jpg","keywords":["k\u0105pieliska"],"articleSection":["Turystyka i Rekreacja","Zabrze"],"inLanguage":"en-GB"},{"@type":"WebPage","@id":"http:\/\/metropoliagzm.pl\/de\/2021\/06\/23\/otwarcie-sezonu-na-kapielisku-lesnym\/","url":"http:\/\/metropoliagzm.pl\/de\/2021\/06\/23\/otwarcie-sezonu-na-kapielisku-lesnym\/","name":"Otwarcie sezonu na K\u0105pielisku Le\u015bnym - Metropolia GZM","isPartOf":{"@id":"https:\/\/metropoliagzm.pl\/en\/#website"},"primaryImageOfPage":{"@id":"http:\/\/metropoliagzm.pl\/de\/2021\/06\/23\/otwarcie-sezonu-na-kapielisku-lesnym\/#primaryimage"},"image":{"@id":"http:\/\/metropoliagzm.pl\/de\/2021\/06\/23\/otwarcie-sezonu-na-kapielisku-lesnym\/#primaryimage"},"thumbnailUrl":"https:\/\/metropoliagzm.pl\/wp-content\/uploads\/2021\/06\/Kapielisko-Lesne-870x440-1.jpg","datePublished":"2021-06-23T08:38:49+00:00","dateModified":"2021-06-23T08:52:26+00:00","description":"Oficjalny portal G\u00f3rno\u015bl\u0105sko-Zag\u0142\u0119biowskiej Metropolii","breadcrumb":{"@id":"http:\/\/metropoliagzm.pl\/de\/2021\/06\/23\/otwarcie-sezonu-na-kapielisku-lesnym\/#breadcrumb"},"inLanguage":"en-GB","potentialAction":[{"@type":"ReadAction","target":["http:\/\/metropoliagzm.pl\/de\/2021\/06\/23\/otwarcie-sezonu-na-kapielisku-lesnym\/"]}]},{"@type":"ImageObject","inLanguage":"en-GB","@id":"http:\/\/metropoliagzm.pl\/de\/2021\/06\/23\/otwarcie-sezonu-na-kapielisku-lesnym\/#primaryimage","url":"https:\/\/metropoliagzm.pl\/wp-content\/uploads\/2021\/06\/Kapielisko-Lesne-870x440-1.jpg","contentUrl":"https:\/\/metropoliagzm.pl\/wp-content\/uploads\/2021\/06\/Kapielisko-Lesne-870x440-1.jpg","width":870,"height":440,"caption":"Foto: UM Zabrze"},{"@type":"BreadcrumbList","@id":"http:\/\/metropoliagzm.pl\/de\/2021\/06\/23\/otwarcie-sezonu-na-kapielisku-lesnym\/#breadcrumb","itemListElement":[{"@type":"ListItem","position":1,"name":"Strona g\u0142\u00f3wna","item":"https:\/\/metropoliagzm.pl\/"},{"@type":"ListItem","position":2,"name":"Otwarcie sezonu na K\u0105pielisku Le\u015bnym"}]},{"@type":"WebSite","@id":"https:\/\/metropoliagzm.pl\/en\/#website","url":"https:\/\/metropoliagzm.pl\/en\/","name":"Metropolia GZM","description":"Oficjalny portal G\u00f3rno\u015bl\u0105sko-Zag\u0142\u0119biowskiej Metropolii","publisher":{"@id":"https:\/\/metropoliagzm.pl\/en\/#organization"},"potentialAction":[{"@type":"SearchAction","target":{"@type":"EntryPoint","urlTemplate":"https:\/\/metropoliagzm.pl\/en\/?s={search_term_string}"},"query-input":{"@type":"PropertyValueSpecification","valueRequired":true,"valueName":"search_term_string"}}],"inLanguage":"en-GB"},{"@type":"Organization","@id":"https:\/\/metropoliagzm.pl\/en\/#organization","name":"Metropolia GZM","url":"https:\/\/metropoliagzm.pl\/en\/","logo":{"@type":"ImageObject","inLanguage":"en-GB","@id":"https:\/\/metropoliagzm.pl\/en\/#\/schema\/logo\/image\/","url":"https:\/\/metropoliagzm.pl\/wp-content\/uploads\/2019\/03\/Sygnet-strona-glowna.png","contentUrl":"https:\/\/metropoliagzm.pl\/wp-content\/uploads\/2019\/03\/Sygnet-strona-glowna.png","width":36,"height":45,"caption":"Metropolia GZM"},"image":{"@id":"https:\/\/metropoliagzm.pl\/en\/#\/schema\/logo\/image\/"}},{"@type":"Person","@id":"https:\/\/metropoliagzm.pl\/en\/#\/schema\/person\/96e19c492916cfe1ba595fd2f60d95b8","name":"Witold Tr\u00f3lka","image":{"@type":"ImageObject","inLanguage":"en-GB","@id":"https:\/\/secure.gravatar.com\/avatar\/71e0c635e405b4a3631033f0d6f49e682b54dcd226d647737e1040a5a480d177?s=96&d=mm&r=g","url":"https:\/\/secure.gravatar.com\/avatar\/71e0c635e405b4a3631033f0d6f49e682b54dcd226d647737e1040a5a480d177?s=96&d=mm&r=g","contentUrl":"https:\/\/secure.gravatar.com\/avatar\/71e0c635e405b4a3631033f0d6f49e682b54dcd226d647737e1040a5a480d177?s=96&d=mm&r=g","caption":"Witold Tr\u00f3lka"},"url":"https:\/\/metropoliagzm.pl\/en\/author\/w-trolka\/"}]}},"_links":{"self":[{"href":"https:\/\/metropoliagzm.pl\/en\/wp-json\/wp\/v2\/posts\/35798","targetHints":{"allow":["GET"]}}],"collection":[{"href":"https:\/\/metropoliagzm.pl\/en\/wp-json\/wp\/v2\/posts"}],"about":[{"href":"https:\/\/metropoliagzm.pl\/en\/wp-json\/wp\/v2\/types\/post"}],"author":[{"embeddable":true,"href":"https:\/\/metropoliagzm.pl\/en\/wp-json\/wp\/v2\/users\/140"}],"replies":[{"embeddable":true,"href":"https:\/\/metropoliagzm.pl\/en\/wp-json\/wp\/v2\/comments?post=35798"}],"version-history":[{"count":3,"href":"https:\/\/metropoliagzm.pl\/en\/wp-json\/wp\/v2\/posts\/35798\/revisions"}],"predecessor-version":[{"id":35805,"href":"https:\/\/metropoliagzm.pl\/en\/wp-json\/wp\/v2\/posts\/35798\/revisions\/35805"}],"wp:featuredmedia":[{"embeddable":true,"href":"https:\/\/metropoliagzm.pl\/en\/wp-json\/wp\/v2\/media\/35799"}],"wp:attachment":[{"href":"https:\/\/metropoliagzm.pl\/en\/wp-json\/wp\/v2\/media?parent=35798"}],"wp:term":[{"taxonomy":"category","embeddable":true,"href":"https:\/\/metropoliagzm.pl\/en\/wp-json\/wp\/v2\/categories?post=35798"},{"taxonomy":"post_tag","embeddable":true,"href":"https:\/\/metropoliagzm.pl\/en\/wp-json\/wp\/v2\/tags?post=35798"}],"curies":[{"name":"wp","href":"https:\/\/api.w.org\/{rel}","templated":true}]}}