{"id":35812,"date":"2021-06-23T13:55:44","date_gmt":"2021-06-23T11:55:44","guid":{"rendered":"https:\/\/metropoliagzm.pl\/?p=35812"},"modified":"2021-06-23T13:55:44","modified_gmt":"2021-06-23T11:55:44","slug":"rusza-remont-palmiarni","status":"publish","type":"post","link":"https:\/\/metropoliagzm.pl\/en\/2021\/06\/23\/rusza-remont-palmiarni\/","title":{"rendered":"Rusza remont Palmiarni"},"content":{"rendered":"<div class=\"pdf-block\"><div class=\"pdfprnt-buttons  pdfprnt-new pdfprnt-buttons-post pdfprnt-top-right\"><div class=\"jssocials-share jssocials-share-twitter\"><a target=\"_blank\" href=\"https:\/\/twitter.com\/share?url=https:\/\/metropoliagzm.pl\/en\/wp-json\/wp\/v2\/posts\/35812;text=35812\" class=\"jssocials-share-link\"><i class=\"fa fa-twitter jssocials-share-logo\"><\/i><\/a><\/div><div class=\"jssocials-share jssocials-share-facebook\"><a target=\"_blank\" href=\"https:\/\/facebook.com\/sharer\/sharer.php?u=https:\/\/metropoliagzm.pl\/en\/wp-json\/wp\/v2\/posts\/35812\" class=\"jssocials-share-link\"><i class=\"fa fa-facebook jssocials-share-logo\"><\/i><\/a><\/div><div class=\"jssocials-share jssocials-share-pinterest\"><a target=\"_blank\" href=\"https:\/\/pinterest.com\/pin\/create\/bookmarklet\/?&amp;url=https:\/\/metropoliagzm.pl\/en\/wp-json\/wp\/v2\/posts\/35812;description=35812\" class=\"jssocials-share-link\"><i class=\"fa fa-pinterest jssocials-share-logo\"><\/i><\/a><\/div><a href=\"https:\/\/metropoliagzm.pl\/en\/wp-json\/wp\/v2\/posts\/35812?print=pdf\" class=\"pdfprnt-button pdfprnt-button-pdf\" target=\"_blank\"><img decoding=\"async\" src=\"https:\/\/metropoliagzm.pl\/wp-content\/plugins\/pdf-print\/images\/pdf.png\" alt=\"image_pdf\" title=\"View PDF\" \/><\/a><a href=\"https:\/\/metropoliagzm.pl\/en\/wp-json\/wp\/v2\/posts\/35812?print=print\" class=\"pdfprnt-button pdfprnt-button-print\" target=\"_blank\"><img decoding=\"async\" src=\"https:\/\/metropoliagzm.pl\/wp-content\/plugins\/pdf-print\/images\/print.png\" alt=\"image_print\" title=\"Print Content\" \/><\/a><\/div><\/div><div class=\"post-block-pdf\"><div class=\"pdfprnt-buttons pdfprnt-buttons-post pdfprnt-top-right\"><a href=\"https:\/\/metropoliagzm.pl\/en\/wp-json\/wp\/v2\/posts\/35812?print=pdf\" class=\"pdfprnt-button pdfprnt-button-pdf\" target=\"_blank\"><img decoding=\"async\" src=\"https:\/\/metropoliagzm.pl\/wp-content\/plugins\/pdf-print\/images\/pdf.png\" alt=\"image_pdf\" title=\"View PDF\" \/><\/a><a href=\"https:\/\/metropoliagzm.pl\/en\/wp-json\/wp\/v2\/posts\/35812?print=print\" class=\"pdfprnt-button pdfprnt-button-print\" target=\"_blank\"><img decoding=\"async\" src=\"https:\/\/metropoliagzm.pl\/wp-content\/plugins\/pdf-print\/images\/print.png\" alt=\"image_print\" title=\"Print Content\" \/><\/a><\/div><p><strong>Od 28 czerwca do ko\u0144ca wakacji Palmiarnia Miejska w Gliwicach b\u0119dzie nieczynna \u2013 rozpocznie si\u0119 I etap modernizacji elewacji. Zakres prac jest ogromny i dotyczy pawilony historycznego, najstarszej przestrzeni ekspozycyjnej gliwickich tropik\u00f3w. Warto odwiedzi\u0107 Palmiarni\u0119 przed remontem \u2013 od 23 czerwca do zamkni\u0119cia b\u0119dzie mo\u017cna zwiedza\u0107 wystaw\u0119 kaktus\u00f3w.<\/strong><\/p>\n<p>Je\u015bli chcecie jeszcze przed wakacjami odwiedzi\u0107 Palmiarni\u0119 Miejsk\u0105, to si\u0119 spieszcie \u2013 w poniedzia\u0142ek 28 czerwca rozpocznie si\u0119 modernizacja elewacji pawilonu historycznego i tropiki b\u0119d\u0105 zamkni\u0119te przez dwa miesi\u0105ce.<br \/>\nW tym czasie panele \u015bcienne zostan\u0105 zast\u0105pione panelami z poliw\u0119glanu, a cz\u0119\u015b\u0107 elewacji (od strony parku Chopina) przeszklona. Wymieniona b\u0119dzie stolarka okienna, renowacj\u0119 przejd\u0105 te\u017c drabiny, pomosty techniczne i cok\u00f3\u0142, kt\u00f3re zostan\u0105 wypiaskowane, wzmocnione i poddane cynkowaniu ogniowemu. Dobudowane zostan\u0105 te\u017c dodatkowe podesty.<\/p>\n<p>Zadanie wykona cz\u0119stochowska firma PPUH Dom-Gaz Krzysztof Piaszczyk, kt\u00f3ra wygra\u0142a przetarg. Inwestycja b\u0119dzie kosztowa\u0107 niemal 1,7 mln z\u0142. B\u0119dzie to I etap modernizacji elewacji Palmiarni Miejskiej. W przysz\u0142o\u015bci renowacj\u0105 obj\u0119te zostan\u0105 te\u017c pawilony: ro\u015blin u\u017cytkowych, ro\u015blin tropikalnych i kaktus\u00f3w.<\/p>\n<p>Dobr\u0105 okazj\u0105, by zajrze\u0107 do Palmiarni przed remontem b\u0119dzie\u00a0<strong>wystawa kaktus\u00f3w<\/strong>. Te k\u0142uj\u0105ce pi\u0119kno\u015bci zamieszkuj\u0105 kontynenty Nowego \u015awiata. S\u0105 wyj\u0105tkowo odporne, pi\u0119kne, maj\u0105 r\u00f3\u017cne kszta\u0142ty i barwy.\u00a0<strong>Od \u015brody, 23 czerwca b\u0119dzie je mo\u017cna ogl\u0105da\u0107 w Palmiarni Miejskiej w Gliwicach.<\/strong><\/p>\n<p>\u2013\u00a0Jak co roku zapraszamy wszystkich gliwiczan oraz osoby, kt\u00f3re interesuj\u0105 si\u0119 egzotycznym ro\u015blinami do odwiedzenia pawilon\u00f3w Palmiarni. Na wystawie, opr\u00f3cz mo\u017cliwo\u015bci podziwiania przepi\u0119knych ro\u015blin, b\u0119dzie mo\u017cna wzbogaci\u0107 swoj\u0105 prywatn\u0105 kolekcj\u0119 o sukulenty zakupione na kiermaszu. Odb\u0119dzie si\u0119 on pod koniec wystawy, w pi\u0105tek, sobot\u0119 i niedziel\u0119\u00a0\u2013 m\u00f3wi Marzena Sosnowska, rzecznik prasowy Miejskiego Zarz\u0105du Us\u0142ug Komunalnych w Gliwicach.<br \/>\nPodczas wystawy nie tylko b\u0119dzie mo\u017cna pozna\u0107 nowe okazy i podziwia\u0107 k\u0142uj\u0105ce pi\u0119kno\u015bci, ale te\u017c \u2013 w punkcie informacyjnym \u2013 zasi\u0119gn\u0105\u0107 od cz\u0142onk\u00f3w PTMK porady na temat uprawy kaktus\u00f3w.<\/p>\n<p>Wystawa, kt\u00f3r\u0105 zorganizowa\u0142o Polskie Towarzystwo Mi\u0142o\u015bnik\u00f3w Kaktus\u00f3w Oddz. \u015al\u0105ski przy pomocy Miejskiego Zarz\u0105du Us\u0142ug Komunalnych w Gliwicach potrwa do 27 czerwca. Odb\u0119dzie si\u0119 z zachowaniem obowi\u0105zuj\u0105cych zasad sanitarnych. (mf)<\/p>\n<p>\u0179r\u00f3d\u0142o: UM Gliwice<\/p>\n<div class=\"post-author\" style=\"font-size:13px\">Micha\u0142 Nowak<\/div><\/div>","protected":false},"excerpt":{"rendered":"<p>Od 28 czerwca do ko\u0144ca wakacji Palmiarnia Miejska w Gliwicach b\u0119dzie nieczynna \u2013 rozpocznie si\u0119 I etap modernizacji elewacji. Zakres prac jest ogromny i dotyczy pawilony historycznego, najstarszej przestrzeni ekspozycyjnej gliwickich tropik\u00f3w. Warto odwiedzi\u0107 Palmiarni\u0119 przed remontem \u2013 od 23 czerwca do zamkni\u0119cia b\u0119dzie mo\u017cna&#8230;<\/p>","protected":false},"author":134,"featured_media":35813,"comment_status":"closed","ping_status":"closed","sticky":false,"template":"","format":"standard","meta":{"_acf_changed":false,"footnotes":""},"categories":[205,239],"tags":[288,2620],"class_list":["post-35812","post","type-post","status-publish","format-standard","has-post-thumbnail","hentry","category-gliwice","category-gospodarka-i-inwestycje","tag-gliwice","tag-palmiarnia-gliwice"],"acf":[],"yoast_head":"<!-- This site is optimized with the Yoast SEO plugin v27.4 - https:\/\/yoast.com\/product\/yoast-seo-wordpress\/ -->\n<title>Rusza remont Palmiarni - Metropolia GZM<\/title>\n<meta name=\"description\" content=\"Oficjalny portal G\u00f3rno\u015bl\u0105sko-Zag\u0142\u0119biowskiej Metropolii\" \/>\n<meta name=\"robots\" content=\"index, follow, max-snippet:-1, max-image-preview:large, max-video-preview:-1\" \/>\n<link rel=\"canonical\" href=\"https:\/\/metropoliagzm.pl\/en\/2021\/06\/23\/rusza-remont-palmiarni\/\" \/>\n<meta name=\"twitter:card\" content=\"summary_large_image\" \/>\n<meta name=\"twitter:title\" content=\"Rusza remont Palmiarni - Metropolia GZM\" \/>\n<meta name=\"twitter:description\" content=\"Oficjalny portal G\u00f3rno\u015bl\u0105sko-Zag\u0142\u0119biowskiej Metropolii\" \/>\n<meta name=\"twitter:image\" content=\"https:\/\/metropoliagzm.pl\/wp-content\/uploads\/2021\/06\/gliwice_fot_umgliwice-9851_0.jpg\" \/>\n<meta name=\"twitter:label1\" content=\"Written by\" \/>\n\t<meta name=\"twitter:data1\" content=\"Micha\u0142 Nowak\" \/>\n\t<meta name=\"twitter:label2\" content=\"Estimated reading time\" \/>\n\t<meta name=\"twitter:data2\" content=\"2 minutes\" \/>\n<script type=\"application\/ld+json\" class=\"yoast-schema-graph\">{\"@context\":\"https:\\\/\\\/schema.org\",\"@graph\":[{\"@type\":\"Article\",\"@id\":\"https:\\\/\\\/metropoliagzm.pl\\\/en\\\/2021\\\/06\\\/23\\\/rusza-remont-palmiarni\\\/#article\",\"isPartOf\":{\"@id\":\"https:\\\/\\\/metropoliagzm.pl\\\/en\\\/2021\\\/06\\\/23\\\/rusza-remont-palmiarni\\\/\"},\"author\":{\"name\":\"Micha\u0142 Nowak\",\"@id\":\"https:\\\/\\\/metropoliagzm.pl\\\/en\\\/#\\\/schema\\\/person\\\/9e7660ba27bc92881ef16c6fc34ae962\"},\"headline\":\"Rusza remont Palmiarni\",\"datePublished\":\"2021-06-23T11:55:44+00:00\",\"mainEntityOfPage\":{\"@id\":\"https:\\\/\\\/metropoliagzm.pl\\\/en\\\/2021\\\/06\\\/23\\\/rusza-remont-palmiarni\\\/\"},\"wordCount\":389,\"publisher\":{\"@id\":\"https:\\\/\\\/metropoliagzm.pl\\\/en\\\/#organization\"},\"image\":{\"@id\":\"https:\\\/\\\/metropoliagzm.pl\\\/en\\\/2021\\\/06\\\/23\\\/rusza-remont-palmiarni\\\/#primaryimage\"},\"thumbnailUrl\":\"https:\\\/\\\/metropoliagzm.pl\\\/wp-content\\\/uploads\\\/2021\\\/06\\\/gliwice_fot_umgliwice-9851_0.jpg\",\"keywords\":[\"gliwice\",\"palmiarnia gliwice\"],\"articleSection\":[\"Gliwice\",\"Gospodarka i Inwestycje\"],\"inLanguage\":\"en-GB\"},{\"@type\":\"WebPage\",\"@id\":\"https:\\\/\\\/metropoliagzm.pl\\\/en\\\/2021\\\/06\\\/23\\\/rusza-remont-palmiarni\\\/\",\"url\":\"https:\\\/\\\/metropoliagzm.pl\\\/en\\\/2021\\\/06\\\/23\\\/rusza-remont-palmiarni\\\/\",\"name\":\"Rusza remont Palmiarni - Metropolia GZM\",\"isPartOf\":{\"@id\":\"https:\\\/\\\/metropoliagzm.pl\\\/en\\\/#website\"},\"primaryImageOfPage\":{\"@id\":\"https:\\\/\\\/metropoliagzm.pl\\\/en\\\/2021\\\/06\\\/23\\\/rusza-remont-palmiarni\\\/#primaryimage\"},\"image\":{\"@id\":\"https:\\\/\\\/metropoliagzm.pl\\\/en\\\/2021\\\/06\\\/23\\\/rusza-remont-palmiarni\\\/#primaryimage\"},\"thumbnailUrl\":\"https:\\\/\\\/metropoliagzm.pl\\\/wp-content\\\/uploads\\\/2021\\\/06\\\/gliwice_fot_umgliwice-9851_0.jpg\",\"datePublished\":\"2021-06-23T11:55:44+00:00\",\"description\":\"Oficjalny portal G\u00f3rno\u015bl\u0105sko-Zag\u0142\u0119biowskiej Metropolii\",\"breadcrumb\":{\"@id\":\"https:\\\/\\\/metropoliagzm.pl\\\/en\\\/2021\\\/06\\\/23\\\/rusza-remont-palmiarni\\\/#breadcrumb\"},\"inLanguage\":\"en-GB\",\"potentialAction\":[{\"@type\":\"ReadAction\",\"target\":[\"https:\\\/\\\/metropoliagzm.pl\\\/en\\\/2021\\\/06\\\/23\\\/rusza-remont-palmiarni\\\/\"]}]},{\"@type\":\"ImageObject\",\"inLanguage\":\"en-GB\",\"@id\":\"https:\\\/\\\/metropoliagzm.pl\\\/en\\\/2021\\\/06\\\/23\\\/rusza-remont-palmiarni\\\/#primaryimage\",\"url\":\"https:\\\/\\\/metropoliagzm.pl\\\/wp-content\\\/uploads\\\/2021\\\/06\\\/gliwice_fot_umgliwice-9851_0.jpg\",\"contentUrl\":\"https:\\\/\\\/metropoliagzm.pl\\\/wp-content\\\/uploads\\\/2021\\\/06\\\/gliwice_fot_umgliwice-9851_0.jpg\",\"width\":880,\"height\":586,\"caption\":\"\u0179r\u00f3d\u0142o: UM Gliwice\"},{\"@type\":\"BreadcrumbList\",\"@id\":\"https:\\\/\\\/metropoliagzm.pl\\\/en\\\/2021\\\/06\\\/23\\\/rusza-remont-palmiarni\\\/#breadcrumb\",\"itemListElement\":[{\"@type\":\"ListItem\",\"position\":1,\"name\":\"Strona g\u0142\u00f3wna\",\"item\":\"https:\\\/\\\/metropoliagzm.pl\\\/\"},{\"@type\":\"ListItem\",\"position\":2,\"name\":\"Rusza remont Palmiarni\"}]},{\"@type\":\"WebSite\",\"@id\":\"https:\\\/\\\/metropoliagzm.pl\\\/en\\\/#website\",\"url\":\"https:\\\/\\\/metropoliagzm.pl\\\/en\\\/\",\"name\":\"Metropolia GZM\",\"description\":\"Oficjalny portal G\u00f3rno\u015bl\u0105sko-Zag\u0142\u0119biowskiej Metropolii\",\"publisher\":{\"@id\":\"https:\\\/\\\/metropoliagzm.pl\\\/en\\\/#organization\"},\"potentialAction\":[{\"@type\":\"SearchAction\",\"target\":{\"@type\":\"EntryPoint\",\"urlTemplate\":\"https:\\\/\\\/metropoliagzm.pl\\\/en\\\/?s={search_term_string}\"},\"query-input\":{\"@type\":\"PropertyValueSpecification\",\"valueRequired\":true,\"valueName\":\"search_term_string\"}}],\"inLanguage\":\"en-GB\"},{\"@type\":\"Organization\",\"@id\":\"https:\\\/\\\/metropoliagzm.pl\\\/en\\\/#organization\",\"name\":\"Metropolia GZM\",\"url\":\"https:\\\/\\\/metropoliagzm.pl\\\/en\\\/\",\"logo\":{\"@type\":\"ImageObject\",\"inLanguage\":\"en-GB\",\"@id\":\"https:\\\/\\\/metropoliagzm.pl\\\/en\\\/#\\\/schema\\\/logo\\\/image\\\/\",\"url\":\"https:\\\/\\\/metropoliagzm.pl\\\/wp-content\\\/uploads\\\/2019\\\/03\\\/Sygnet-strona-glowna.png\",\"contentUrl\":\"https:\\\/\\\/metropoliagzm.pl\\\/wp-content\\\/uploads\\\/2019\\\/03\\\/Sygnet-strona-glowna.png\",\"width\":36,\"height\":45,\"caption\":\"Metropolia GZM\"},\"image\":{\"@id\":\"https:\\\/\\\/metropoliagzm.pl\\\/en\\\/#\\\/schema\\\/logo\\\/image\\\/\"}},{\"@type\":\"Person\",\"@id\":\"https:\\\/\\\/metropoliagzm.pl\\\/en\\\/#\\\/schema\\\/person\\\/9e7660ba27bc92881ef16c6fc34ae962\",\"name\":\"Micha\u0142 Nowak\",\"image\":{\"@type\":\"ImageObject\",\"inLanguage\":\"en-GB\",\"@id\":\"https:\\\/\\\/secure.gravatar.com\\\/avatar\\\/2d51f070ccac4989b201dc1a42c3a6d46ff007fc5e569ff280535ab8e8122a59?s=96&d=mm&r=g\",\"url\":\"https:\\\/\\\/secure.gravatar.com\\\/avatar\\\/2d51f070ccac4989b201dc1a42c3a6d46ff007fc5e569ff280535ab8e8122a59?s=96&d=mm&r=g\",\"contentUrl\":\"https:\\\/\\\/secure.gravatar.com\\\/avatar\\\/2d51f070ccac4989b201dc1a42c3a6d46ff007fc5e569ff280535ab8e8122a59?s=96&d=mm&r=g\",\"caption\":\"Micha\u0142 Nowak\"},\"url\":\"https:\\\/\\\/metropoliagzm.pl\\\/en\\\/author\\\/michal-nowak\\\/\"}]}<\/script>\n<!-- \/ Yoast SEO plugin. -->","yoast_head_json":{"title":"Rusza remont Palmiarni - Metropolia GZM","description":"Oficjalny portal G\u00f3rno\u015bl\u0105sko-Zag\u0142\u0119biowskiej Metropolii","robots":{"index":"index","follow":"follow","max-snippet":"max-snippet:-1","max-image-preview":"max-image-preview:large","max-video-preview":"max-video-preview:-1"},"canonical":"https:\/\/metropoliagzm.pl\/en\/2021\/06\/23\/rusza-remont-palmiarni\/","twitter_card":"summary_large_image","twitter_title":"Rusza remont Palmiarni - Metropolia GZM","twitter_description":"Oficjalny portal G\u00f3rno\u015bl\u0105sko-Zag\u0142\u0119biowskiej Metropolii","twitter_image":"https:\/\/metropoliagzm.pl\/wp-content\/uploads\/2021\/06\/gliwice_fot_umgliwice-9851_0.jpg","twitter_misc":{"Written by":"Micha\u0142 Nowak","Estimated reading time":"2 minutes"},"schema":{"@context":"https:\/\/schema.org","@graph":[{"@type":"Article","@id":"https:\/\/metropoliagzm.pl\/en\/2021\/06\/23\/rusza-remont-palmiarni\/#article","isPartOf":{"@id":"https:\/\/metropoliagzm.pl\/en\/2021\/06\/23\/rusza-remont-palmiarni\/"},"author":{"name":"Micha\u0142 Nowak","@id":"https:\/\/metropoliagzm.pl\/en\/#\/schema\/person\/9e7660ba27bc92881ef16c6fc34ae962"},"headline":"Rusza remont Palmiarni","datePublished":"2021-06-23T11:55:44+00:00","mainEntityOfPage":{"@id":"https:\/\/metropoliagzm.pl\/en\/2021\/06\/23\/rusza-remont-palmiarni\/"},"wordCount":389,"publisher":{"@id":"https:\/\/metropoliagzm.pl\/en\/#organization"},"image":{"@id":"https:\/\/metropoliagzm.pl\/en\/2021\/06\/23\/rusza-remont-palmiarni\/#primaryimage"},"thumbnailUrl":"https:\/\/metropoliagzm.pl\/wp-content\/uploads\/2021\/06\/gliwice_fot_umgliwice-9851_0.jpg","keywords":["gliwice","palmiarnia gliwice"],"articleSection":["Gliwice","Gospodarka i Inwestycje"],"inLanguage":"en-GB"},{"@type":"WebPage","@id":"https:\/\/metropoliagzm.pl\/en\/2021\/06\/23\/rusza-remont-palmiarni\/","url":"https:\/\/metropoliagzm.pl\/en\/2021\/06\/23\/rusza-remont-palmiarni\/","name":"Rusza remont Palmiarni - Metropolia GZM","isPartOf":{"@id":"https:\/\/metropoliagzm.pl\/en\/#website"},"primaryImageOfPage":{"@id":"https:\/\/metropoliagzm.pl\/en\/2021\/06\/23\/rusza-remont-palmiarni\/#primaryimage"},"image":{"@id":"https:\/\/metropoliagzm.pl\/en\/2021\/06\/23\/rusza-remont-palmiarni\/#primaryimage"},"thumbnailUrl":"https:\/\/metropoliagzm.pl\/wp-content\/uploads\/2021\/06\/gliwice_fot_umgliwice-9851_0.jpg","datePublished":"2021-06-23T11:55:44+00:00","description":"Oficjalny portal G\u00f3rno\u015bl\u0105sko-Zag\u0142\u0119biowskiej Metropolii","breadcrumb":{"@id":"https:\/\/metropoliagzm.pl\/en\/2021\/06\/23\/rusza-remont-palmiarni\/#breadcrumb"},"inLanguage":"en-GB","potentialAction":[{"@type":"ReadAction","target":["https:\/\/metropoliagzm.pl\/en\/2021\/06\/23\/rusza-remont-palmiarni\/"]}]},{"@type":"ImageObject","inLanguage":"en-GB","@id":"https:\/\/metropoliagzm.pl\/en\/2021\/06\/23\/rusza-remont-palmiarni\/#primaryimage","url":"https:\/\/metropoliagzm.pl\/wp-content\/uploads\/2021\/06\/gliwice_fot_umgliwice-9851_0.jpg","contentUrl":"https:\/\/metropoliagzm.pl\/wp-content\/uploads\/2021\/06\/gliwice_fot_umgliwice-9851_0.jpg","width":880,"height":586,"caption":"\u0179r\u00f3d\u0142o: UM Gliwice"},{"@type":"BreadcrumbList","@id":"https:\/\/metropoliagzm.pl\/en\/2021\/06\/23\/rusza-remont-palmiarni\/#breadcrumb","itemListElement":[{"@type":"ListItem","position":1,"name":"Strona g\u0142\u00f3wna","item":"https:\/\/metropoliagzm.pl\/"},{"@type":"ListItem","position":2,"name":"Rusza remont Palmiarni"}]},{"@type":"WebSite","@id":"https:\/\/metropoliagzm.pl\/en\/#website","url":"https:\/\/metropoliagzm.pl\/en\/","name":"Metropolia GZM","description":"Oficjalny portal G\u00f3rno\u015bl\u0105sko-Zag\u0142\u0119biowskiej Metropolii","publisher":{"@id":"https:\/\/metropoliagzm.pl\/en\/#organization"},"potentialAction":[{"@type":"SearchAction","target":{"@type":"EntryPoint","urlTemplate":"https:\/\/metropoliagzm.pl\/en\/?s={search_term_string}"},"query-input":{"@type":"PropertyValueSpecification","valueRequired":true,"valueName":"search_term_string"}}],"inLanguage":"en-GB"},{"@type":"Organization","@id":"https:\/\/metropoliagzm.pl\/en\/#organization","name":"Metropolia GZM","url":"https:\/\/metropoliagzm.pl\/en\/","logo":{"@type":"ImageObject","inLanguage":"en-GB","@id":"https:\/\/metropoliagzm.pl\/en\/#\/schema\/logo\/image\/","url":"https:\/\/metropoliagzm.pl\/wp-content\/uploads\/2019\/03\/Sygnet-strona-glowna.png","contentUrl":"https:\/\/metropoliagzm.pl\/wp-content\/uploads\/2019\/03\/Sygnet-strona-glowna.png","width":36,"height":45,"caption":"Metropolia GZM"},"image":{"@id":"https:\/\/metropoliagzm.pl\/en\/#\/schema\/logo\/image\/"}},{"@type":"Person","@id":"https:\/\/metropoliagzm.pl\/en\/#\/schema\/person\/9e7660ba27bc92881ef16c6fc34ae962","name":"Micha\u0142 Nowak","image":{"@type":"ImageObject","inLanguage":"en-GB","@id":"https:\/\/secure.gravatar.com\/avatar\/2d51f070ccac4989b201dc1a42c3a6d46ff007fc5e569ff280535ab8e8122a59?s=96&d=mm&r=g","url":"https:\/\/secure.gravatar.com\/avatar\/2d51f070ccac4989b201dc1a42c3a6d46ff007fc5e569ff280535ab8e8122a59?s=96&d=mm&r=g","contentUrl":"https:\/\/secure.gravatar.com\/avatar\/2d51f070ccac4989b201dc1a42c3a6d46ff007fc5e569ff280535ab8e8122a59?s=96&d=mm&r=g","caption":"Micha\u0142 Nowak"},"url":"https:\/\/metropoliagzm.pl\/en\/author\/michal-nowak\/"}]}},"_links":{"self":[{"href":"https:\/\/metropoliagzm.pl\/en\/wp-json\/wp\/v2\/posts\/35812","targetHints":{"allow":["GET"]}}],"collection":[{"href":"https:\/\/metropoliagzm.pl\/en\/wp-json\/wp\/v2\/posts"}],"about":[{"href":"https:\/\/metropoliagzm.pl\/en\/wp-json\/wp\/v2\/types\/post"}],"author":[{"embeddable":true,"href":"https:\/\/metropoliagzm.pl\/en\/wp-json\/wp\/v2\/users\/134"}],"replies":[{"embeddable":true,"href":"https:\/\/metropoliagzm.pl\/en\/wp-json\/wp\/v2\/comments?post=35812"}],"version-history":[{"count":2,"href":"https:\/\/metropoliagzm.pl\/en\/wp-json\/wp\/v2\/posts\/35812\/revisions"}],"predecessor-version":[{"id":35815,"href":"https:\/\/metropoliagzm.pl\/en\/wp-json\/wp\/v2\/posts\/35812\/revisions\/35815"}],"wp:featuredmedia":[{"embeddable":true,"href":"https:\/\/metropoliagzm.pl\/en\/wp-json\/wp\/v2\/media\/35813"}],"wp:attachment":[{"href":"https:\/\/metropoliagzm.pl\/en\/wp-json\/wp\/v2\/media?parent=35812"}],"wp:term":[{"taxonomy":"category","embeddable":true,"href":"https:\/\/metropoliagzm.pl\/en\/wp-json\/wp\/v2\/categories?post=35812"},{"taxonomy":"post_tag","embeddable":true,"href":"https:\/\/metropoliagzm.pl\/en\/wp-json\/wp\/v2\/tags?post=35812"}],"curies":[{"name":"wp","href":"https:\/\/api.w.org\/{rel}","templated":true}]}}