{"id":37728,"date":"2021-11-16T12:17:44","date_gmt":"2021-11-16T11:17:44","guid":{"rendered":"https:\/\/metropoliagzm.pl\/?p=37728"},"modified":"2021-11-16T12:17:44","modified_gmt":"2021-11-16T11:17:44","slug":"ruszyla-kolejna-edycja-programu-katowice-miastem-fachowcow","status":"publish","type":"post","link":"https:\/\/metropoliagzm.pl\/en\/2021\/11\/16\/ruszyla-kolejna-edycja-programu-katowice-miastem-fachowcow\/","title":{"rendered":"Ruszy\u0142a kolejna edycja programu Katowice Miastem Fachowc\u00f3w"},"content":{"rendered":"<div class=\"pdf-block\"><div class=\"pdfprnt-buttons  pdfprnt-new pdfprnt-buttons-post pdfprnt-top-right\"><div class=\"jssocials-share jssocials-share-twitter\"><a target=\"_blank\" href=\"https:\/\/twitter.com\/share?url=https:\/\/metropoliagzm.pl\/en\/wp-json\/wp\/v2\/posts\/37728;text=37728\" class=\"jssocials-share-link\"><i class=\"fa fa-twitter jssocials-share-logo\"><\/i><\/a><\/div><div class=\"jssocials-share jssocials-share-facebook\"><a target=\"_blank\" href=\"https:\/\/facebook.com\/sharer\/sharer.php?u=https:\/\/metropoliagzm.pl\/en\/wp-json\/wp\/v2\/posts\/37728\" class=\"jssocials-share-link\"><i class=\"fa fa-facebook jssocials-share-logo\"><\/i><\/a><\/div><div class=\"jssocials-share jssocials-share-pinterest\"><a target=\"_blank\" href=\"https:\/\/pinterest.com\/pin\/create\/bookmarklet\/?&amp;url=https:\/\/metropoliagzm.pl\/en\/wp-json\/wp\/v2\/posts\/37728;description=37728\" class=\"jssocials-share-link\"><i class=\"fa fa-pinterest jssocials-share-logo\"><\/i><\/a><\/div><a href=\"https:\/\/metropoliagzm.pl\/en\/wp-json\/wp\/v2\/posts\/37728?print=pdf\" class=\"pdfprnt-button pdfprnt-button-pdf\" target=\"_blank\"><img decoding=\"async\" src=\"https:\/\/metropoliagzm.pl\/wp-content\/plugins\/pdf-print\/images\/pdf.png\" alt=\"image_pdf\" title=\"View PDF\" \/><\/a><a href=\"https:\/\/metropoliagzm.pl\/en\/wp-json\/wp\/v2\/posts\/37728?print=print\" class=\"pdfprnt-button pdfprnt-button-print\" target=\"_blank\"><img decoding=\"async\" src=\"https:\/\/metropoliagzm.pl\/wp-content\/plugins\/pdf-print\/images\/print.png\" alt=\"image_print\" title=\"Print Content\" \/><\/a><\/div><\/div><div class=\"post-block-pdf\"><div class=\"pdfprnt-buttons pdfprnt-buttons-post pdfprnt-top-right\"><a href=\"https:\/\/metropoliagzm.pl\/en\/wp-json\/wp\/v2\/posts\/37728?print=pdf\" class=\"pdfprnt-button pdfprnt-button-pdf\" target=\"_blank\"><img decoding=\"async\" src=\"https:\/\/metropoliagzm.pl\/wp-content\/plugins\/pdf-print\/images\/pdf.png\" alt=\"image_pdf\" title=\"View PDF\" \/><\/a><a href=\"https:\/\/metropoliagzm.pl\/en\/wp-json\/wp\/v2\/posts\/37728?print=print\" class=\"pdfprnt-button pdfprnt-button-print\" target=\"_blank\"><img decoding=\"async\" src=\"https:\/\/metropoliagzm.pl\/wp-content\/plugins\/pdf-print\/images\/print.png\" alt=\"image_print\" title=\"Print Content\" \/><\/a><\/div><p><strong>Wystartowa\u0142a trzecia edycja programu organizowanego przez Katowice, w ramach kt\u00f3rego katowicka m\u0142odzie\u017c, dzi\u0119ki wsp\u00f3\u0142pracy miasta z lokalnymi przedsi\u0119biorcami, b\u0119dzie mog\u0142a \u201eod kuchni&#8221; pozna\u0107 zawody bran\u017cowe i techniczne.<\/strong><\/p>\n<p>\u2013\u00a0Katowice tworz\u0105 i rozwijaj\u0105 przede wszystkim nasi mieszka\u0144cy &#8211; czas pandemii dobitnie pokazuje, \u017ce ich przedsi\u0119biorczo\u015b\u0107 ma kluczowe znaczenie dla funkcjonowania miasta i ca\u0142ego spo\u0142ecze\u0144stwa \u2013\u00a0m\u00f3wi\u00a0<strong>Marcin Krupa<\/strong>, prezydent Katowic. \u2013\u00a0Dlatego tak wa\u017cne jest budowanie odpowiednich postaw ju\u017c od najm\u0142odszych lat, a program Katowice Miastem Fachowc\u00f3w jest do tego znakomitym narz\u0119dziem.\u00a0Istotnym elementem rozwoju gospodarki jest dobre przygotowanie kadry, na poziomie kszta\u0142cenia wy\u017cszego, ale tak\u017ce wcze\u015bniej ju\u017c w szko\u0142ach \u015brednich. Na dzisiejszym rynku pracy poszukiwani s\u0105 specjali\u015bci bran\u017cowi, kt\u00f3rych chcemy w Katowicach kszta\u0142ci\u0107\u00a0\u2013 dodaje prezydent.<\/p>\n<p>Katowice Miastem Fachowc\u00f3w to program, kt\u00f3ry ma zach\u0119ci\u0107 m\u0142odzie\u017c stoj\u0105c\u0105 przed wyborem dalszej \u015bcie\u017cki edukacji do podejmowania kszta\u0142cenia w szko\u0142ach bran\u017cowych oraz technicznych poprzez pokazanie im atrakcyjnych perspektyw zawodowych. Ponadto projekt ma zwi\u0119ksza\u0107 poziom wiedzy i \u015bwiadomo\u015bci spo\u0142ecznej w zakresie dualnego systemu kszta\u0142cenia oraz pokaza\u0107 bogat\u0105 ofert\u0119 miasta Katowice w zakresie mo\u017cliwo\u015bci rozwoju zawodowego. M\u0142odzie\u017c, kt\u00f3ra po szkole ponadpodstawowej posiada wiedz\u0119 praktyczn\u0105, to potencjalni dobrzy pracownicy, dlatego zach\u0119camy firmy do w\u0142\u0105czenia si\u0119 w projekt jako partnerzy. Obserwacje lokalnego rynku pracy wykazuj\u0105, i\u017c jedn\u0105 z g\u0142\u00f3wnych barier rozwoju dzia\u0142alno\u015bci przedsi\u0119biorstw jest niedob\u00f3r wykwalifikowanych pracownik\u00f3w. Wielu przedsi\u0119biorc\u00f3w niszowych bran\u017c oraz szeroko poj\u0119tego rzemios\u0142a ma trudno\u015bci w znalezieniu pracownik\u00f3w posiadaj\u0105cych niezb\u0119dne praktyczne przygotowanie do wykonywania danego zawodu. Program Katowice Miastem Fachowc\u00f3w jest odpowiedzi\u0105 na te potrzeby, a ukazanie perspektyw zawodowych i oferta edukacji bran\u017cowej i technicznej ma wzmocni\u0107 pozycj\u0119 Katowic jako gospodarczego centrum regionu.<\/p>\n<p>15 listopada wystartowa\u0142 nab\u00f3r na partner\u00f3w do programu Katowice Miastem Fachowc\u00f3w \u2013 edycja 2021\/2022. Do uczestnictwa w programie mog\u0105 zg\u0142asza\u0107 si\u0119 przedsi\u0119biorcy, kt\u00f3rzy prowadz\u0105 w Katowicach dzia\u0142alno\u015b\u0107 w formule samozatrudnienia w bran\u017cy wymagaj\u0105cej wykszta\u0142cenia bran\u017cowego b\u0105d\u017a technicznego lub zatrudniaj\u0105 pracownik\u00f3w na stanowiskach wymagaj\u0105cych uprawnie\u0144 i\/lub wykszta\u0142cenia bran\u017cowego lub technicznego. Do dnia 29.11.2021 r. przedsi\u0119biorcy maj\u0105 czas na przesy\u0142anie zg\u0142osze\u0144 do Wydzia\u0142u Obs\u0142ugi Inwestor\u00f3w. Og\u0142oszenie o naborze wraz z formularzem zg\u0142oszenia znajduj\u0105 si\u0119 w biuletynie informacji publicznej Urz\u0119du Miasta, pod linkiem\u00a0<a href=\"https:\/\/bit.ly\/3Ho04TZ\" target=\"_blank\" rel=\"noopener\">https:\/\/bit.ly\/3Ho04TZ<\/a>. Z przedsi\u0119biorcami wy\u0142onionymi w toku trwaj\u0105cego naboru Miasto podpisze porozumienia o wsp\u00f3\u0142pracy w ramach programu.<\/p>\n<p>\u2013\u00a0\u00a0Doceniaj\u0105c zaanga\u017cowanie przysz\u0142ych partner\u00f3w w realizacj\u0119 wizyt studyjnych przygotowali\u015bmy w\u00a0tym roku dodatkowy bonus dla firm aktywnie wspieraj\u0105cych realizacj\u0119 programu. B\u0119dzie to pakiet trzech szkole\u0144 organizowanych przez Miejski Inkubator Przedsi\u0119biorczo\u015bci Rawa.Ink. Tematyka tych szkole\u0144 b\u0119dzie dotyczy\u0107 znaczenia kwalifikacji, kompetencji oraz odporno\u015bci psychicznej na wsp\u00f3\u0142czesnym rynku pracy\u00a0\u2013 m\u00f3wi\u00a0<strong>Mariusz Jankowski<\/strong>, naczelnik Wydzia\u0142u Obs\u0142ugi Inwestor\u00f3w.<\/p>\n<p>Program Katowice Miastem Fachowc\u00f3w jest realizowany w Katowicach od 2018 r. Celem programu jest ukazanie m\u0142odzie\u017cy mo\u017cliwo\u015bci zwi\u0105zanych z kszta\u0142ceniem bran\u017cowym i technicznym, co w perspektywie d\u0142ugofalowej zak\u0142ada \u00a0wi\u0119ksz\u0105 dost\u0119pno\u015b\u0107 wykwalifikowanych pracownik\u00f3w na lokalnym rynku pracy. Kluczowym etapem programu s\u0105 wizyty studyjne uczni\u00f3w klas VII szk\u00f3\u0142 podstawowych w firmach, kt\u00f3re wyra\u017c\u0105 ch\u0119\u0107 organizacji takich wizyt. Oczywi\u015bcie kontynuowana b\u0119dzie zasada, \u017ce uczniowie &#8211; zgodnie ze swoimi zainteresowaniami &#8211; wybieraj\u0105, u kt\u00f3rego przedsi\u0119biorcy chcieliby odby\u0107 wizyt\u0119 studyjn\u0105. Tegoroczna edycja programu Katowice Miastem Fachowc\u00f3w zosta\u0142a r\u00f3wnie\u017c dostosowana do ewentualnych uwarunkowa\u0144 epidemicznych.<\/p>\n<p>W dotychczasowych edycjach programu wzi\u0119\u0142o udzia\u0142 \u0142\u0105cznie prawie 2000 uczni\u00f3w klas VII i VIII szk\u00f3\u0142 podstawowych, podpisano 16 list\u00f3w intencyjnych z przedsi\u0119biorcami (10 w pierwszej edycji, 6 w drugiej edycji), odby\u0142o si\u0119 ponad 120 wizyt studyjnych w firmach (72 wizyty w pierwszej edycji i 52 wizyty w drugiej edycji) oraz ok. 130 wizyt w szko\u0142ach bran\u017cowych i technicznych (70 wizyt w pierwszej edycji i\u00a059 wizyt w drugiej edycji).<\/p>\n<p>\u0179r\u00f3d\u0142o: UM Katowice<\/p>\n<div class=\"post-author\" style=\"font-size:13px\">Micha\u0142 Nowak<\/div><\/div>","protected":false},"excerpt":{"rendered":"<p>Wystartowa\u0142a trzecia edycja programu organizowanego przez Katowice, w ramach kt\u00f3rego katowicka m\u0142odzie\u017c, dzi\u0119ki wsp\u00f3\u0142pracy miasta z lokalnymi przedsi\u0119biorcami, b\u0119dzie mog\u0142a \u201eod kuchni&#8221; pozna\u0107 zawody bran\u017cowe i techniczne. \u2013\u00a0Katowice tworz\u0105 i rozwijaj\u0105 przede wszystkim nasi mieszka\u0144cy &#8211; czas pandemii dobitnie pokazuje, \u017ce ich przedsi\u0119biorczo\u015b\u0107 ma kluczowe&#8230;<\/p>","protected":false},"author":134,"featured_media":37729,"comment_status":"closed","ping_status":"closed","sticky":false,"template":"","format":"standard","meta":{"_acf_changed":false,"footnotes":""},"categories":[207,242],"tags":[249,2792],"class_list":["post-37728","post","type-post","status-publish","format-standard","has-post-thumbnail","hentry","category-katowice","category-mieszkancy","tag-katowice","tag-katowice-miastem-fachowcow"],"acf":[],"yoast_head":"<!-- This site is optimized with the Yoast SEO plugin v27.4 - https:\/\/yoast.com\/product\/yoast-seo-wordpress\/ -->\n<title>Ruszy\u0142a kolejna edycja programu Katowice Miastem Fachowc\u00f3w - Metropolia GZM<\/title>\n<meta name=\"description\" content=\"Oficjalny portal G\u00f3rno\u015bl\u0105sko-Zag\u0142\u0119biowskiej Metropolii\" \/>\n<meta name=\"robots\" content=\"index, follow, max-snippet:-1, max-image-preview:large, max-video-preview:-1\" \/>\n<link rel=\"canonical\" href=\"https:\/\/metropoliagzm.pl\/en\/2021\/11\/16\/ruszyla-kolejna-edycja-programu-katowice-miastem-fachowcow\/\" \/>\n<meta name=\"twitter:card\" content=\"summary_large_image\" \/>\n<meta name=\"twitter:title\" content=\"Ruszy\u0142a kolejna edycja programu Katowice Miastem Fachowc\u00f3w - Metropolia GZM\" \/>\n<meta name=\"twitter:description\" content=\"Oficjalny portal G\u00f3rno\u015bl\u0105sko-Zag\u0142\u0119biowskiej Metropolii\" \/>\n<meta name=\"twitter:image\" content=\"https:\/\/metropoliagzm.pl\/wp-content\/uploads\/2021\/11\/FEOxVPpWUAANaBi.jpg\" \/>\n<meta name=\"twitter:label1\" content=\"Written by\" \/>\n\t<meta name=\"twitter:data1\" content=\"Micha\u0142 Nowak\" \/>\n\t<meta name=\"twitter:label2\" content=\"Estimated reading time\" \/>\n\t<meta name=\"twitter:data2\" content=\"3 minutes\" \/>\n<script type=\"application\/ld+json\" class=\"yoast-schema-graph\">{\"@context\":\"https:\\\/\\\/schema.org\",\"@graph\":[{\"@type\":\"Article\",\"@id\":\"https:\\\/\\\/metropoliagzm.pl\\\/2021\\\/11\\\/16\\\/ruszyla-kolejna-edycja-programu-katowice-miastem-fachowcow\\\/#article\",\"isPartOf\":{\"@id\":\"https:\\\/\\\/metropoliagzm.pl\\\/2021\\\/11\\\/16\\\/ruszyla-kolejna-edycja-programu-katowice-miastem-fachowcow\\\/\"},\"author\":{\"name\":\"Micha\u0142 Nowak\",\"@id\":\"https:\\\/\\\/metropoliagzm.pl\\\/en\\\/#\\\/schema\\\/person\\\/9e7660ba27bc92881ef16c6fc34ae962\"},\"headline\":\"Ruszy\u0142a kolejna edycja programu Katowice Miastem Fachowc\u00f3w\",\"datePublished\":\"2021-11-16T11:17:44+00:00\",\"mainEntityOfPage\":{\"@id\":\"https:\\\/\\\/metropoliagzm.pl\\\/2021\\\/11\\\/16\\\/ruszyla-kolejna-edycja-programu-katowice-miastem-fachowcow\\\/\"},\"wordCount\":701,\"publisher\":{\"@id\":\"https:\\\/\\\/metropoliagzm.pl\\\/en\\\/#organization\"},\"image\":{\"@id\":\"https:\\\/\\\/metropoliagzm.pl\\\/2021\\\/11\\\/16\\\/ruszyla-kolejna-edycja-programu-katowice-miastem-fachowcow\\\/#primaryimage\"},\"thumbnailUrl\":\"https:\\\/\\\/metropoliagzm.pl\\\/wp-content\\\/uploads\\\/2021\\\/11\\\/FEOxVPpWUAANaBi.jpg\",\"keywords\":[\"Katowice\",\"katowice miastem fachowc\u00f3w\"],\"articleSection\":[\"Katowice\",\"Mieszka\u0144cy\"],\"inLanguage\":\"en-GB\"},{\"@type\":\"WebPage\",\"@id\":\"https:\\\/\\\/metropoliagzm.pl\\\/2021\\\/11\\\/16\\\/ruszyla-kolejna-edycja-programu-katowice-miastem-fachowcow\\\/\",\"url\":\"https:\\\/\\\/metropoliagzm.pl\\\/2021\\\/11\\\/16\\\/ruszyla-kolejna-edycja-programu-katowice-miastem-fachowcow\\\/\",\"name\":\"Ruszy\u0142a kolejna edycja programu Katowice Miastem Fachowc\u00f3w - Metropolia GZM\",\"isPartOf\":{\"@id\":\"https:\\\/\\\/metropoliagzm.pl\\\/en\\\/#website\"},\"primaryImageOfPage\":{\"@id\":\"https:\\\/\\\/metropoliagzm.pl\\\/2021\\\/11\\\/16\\\/ruszyla-kolejna-edycja-programu-katowice-miastem-fachowcow\\\/#primaryimage\"},\"image\":{\"@id\":\"https:\\\/\\\/metropoliagzm.pl\\\/2021\\\/11\\\/16\\\/ruszyla-kolejna-edycja-programu-katowice-miastem-fachowcow\\\/#primaryimage\"},\"thumbnailUrl\":\"https:\\\/\\\/metropoliagzm.pl\\\/wp-content\\\/uploads\\\/2021\\\/11\\\/FEOxVPpWUAANaBi.jpg\",\"datePublished\":\"2021-11-16T11:17:44+00:00\",\"description\":\"Oficjalny portal G\u00f3rno\u015bl\u0105sko-Zag\u0142\u0119biowskiej Metropolii\",\"breadcrumb\":{\"@id\":\"https:\\\/\\\/metropoliagzm.pl\\\/2021\\\/11\\\/16\\\/ruszyla-kolejna-edycja-programu-katowice-miastem-fachowcow\\\/#breadcrumb\"},\"inLanguage\":\"en-GB\",\"potentialAction\":[{\"@type\":\"ReadAction\",\"target\":[\"https:\\\/\\\/metropoliagzm.pl\\\/2021\\\/11\\\/16\\\/ruszyla-kolejna-edycja-programu-katowice-miastem-fachowcow\\\/\"]}]},{\"@type\":\"ImageObject\",\"inLanguage\":\"en-GB\",\"@id\":\"https:\\\/\\\/metropoliagzm.pl\\\/2021\\\/11\\\/16\\\/ruszyla-kolejna-edycja-programu-katowice-miastem-fachowcow\\\/#primaryimage\",\"url\":\"https:\\\/\\\/metropoliagzm.pl\\\/wp-content\\\/uploads\\\/2021\\\/11\\\/FEOxVPpWUAANaBi.jpg\",\"contentUrl\":\"https:\\\/\\\/metropoliagzm.pl\\\/wp-content\\\/uploads\\\/2021\\\/11\\\/FEOxVPpWUAANaBi.jpg\",\"width\":2362,\"height\":1304,\"caption\":\"Plakat z napisem \\\"Katowice miastem fachowc\u00f3w\\\"\"},{\"@type\":\"BreadcrumbList\",\"@id\":\"https:\\\/\\\/metropoliagzm.pl\\\/2021\\\/11\\\/16\\\/ruszyla-kolejna-edycja-programu-katowice-miastem-fachowcow\\\/#breadcrumb\",\"itemListElement\":[{\"@type\":\"ListItem\",\"position\":1,\"name\":\"Strona g\u0142\u00f3wna\",\"item\":\"https:\\\/\\\/metropoliagzm.pl\\\/\"},{\"@type\":\"ListItem\",\"position\":2,\"name\":\"Ruszy\u0142a kolejna edycja programu Katowice Miastem Fachowc\u00f3w\"}]},{\"@type\":\"WebSite\",\"@id\":\"https:\\\/\\\/metropoliagzm.pl\\\/en\\\/#website\",\"url\":\"https:\\\/\\\/metropoliagzm.pl\\\/en\\\/\",\"name\":\"Metropolia GZM\",\"description\":\"Oficjalny portal G\u00f3rno\u015bl\u0105sko-Zag\u0142\u0119biowskiej Metropolii\",\"publisher\":{\"@id\":\"https:\\\/\\\/metropoliagzm.pl\\\/en\\\/#organization\"},\"potentialAction\":[{\"@type\":\"SearchAction\",\"target\":{\"@type\":\"EntryPoint\",\"urlTemplate\":\"https:\\\/\\\/metropoliagzm.pl\\\/en\\\/?s={search_term_string}\"},\"query-input\":{\"@type\":\"PropertyValueSpecification\",\"valueRequired\":true,\"valueName\":\"search_term_string\"}}],\"inLanguage\":\"en-GB\"},{\"@type\":\"Organization\",\"@id\":\"https:\\\/\\\/metropoliagzm.pl\\\/en\\\/#organization\",\"name\":\"Metropolia GZM\",\"url\":\"https:\\\/\\\/metropoliagzm.pl\\\/en\\\/\",\"logo\":{\"@type\":\"ImageObject\",\"inLanguage\":\"en-GB\",\"@id\":\"https:\\\/\\\/metropoliagzm.pl\\\/en\\\/#\\\/schema\\\/logo\\\/image\\\/\",\"url\":\"https:\\\/\\\/metropoliagzm.pl\\\/wp-content\\\/uploads\\\/2019\\\/03\\\/Sygnet-strona-glowna.png\",\"contentUrl\":\"https:\\\/\\\/metropoliagzm.pl\\\/wp-content\\\/uploads\\\/2019\\\/03\\\/Sygnet-strona-glowna.png\",\"width\":36,\"height\":45,\"caption\":\"Metropolia GZM\"},\"image\":{\"@id\":\"https:\\\/\\\/metropoliagzm.pl\\\/en\\\/#\\\/schema\\\/logo\\\/image\\\/\"}},{\"@type\":\"Person\",\"@id\":\"https:\\\/\\\/metropoliagzm.pl\\\/en\\\/#\\\/schema\\\/person\\\/9e7660ba27bc92881ef16c6fc34ae962\",\"name\":\"Micha\u0142 Nowak\",\"image\":{\"@type\":\"ImageObject\",\"inLanguage\":\"en-GB\",\"@id\":\"https:\\\/\\\/secure.gravatar.com\\\/avatar\\\/2d51f070ccac4989b201dc1a42c3a6d46ff007fc5e569ff280535ab8e8122a59?s=96&d=mm&r=g\",\"url\":\"https:\\\/\\\/secure.gravatar.com\\\/avatar\\\/2d51f070ccac4989b201dc1a42c3a6d46ff007fc5e569ff280535ab8e8122a59?s=96&d=mm&r=g\",\"contentUrl\":\"https:\\\/\\\/secure.gravatar.com\\\/avatar\\\/2d51f070ccac4989b201dc1a42c3a6d46ff007fc5e569ff280535ab8e8122a59?s=96&d=mm&r=g\",\"caption\":\"Micha\u0142 Nowak\"},\"url\":\"https:\\\/\\\/metropoliagzm.pl\\\/en\\\/author\\\/michal-nowak\\\/\"}]}<\/script>\n<!-- \/ Yoast SEO plugin. -->","yoast_head_json":{"title":"Ruszy\u0142a kolejna edycja programu Katowice Miastem Fachowc\u00f3w - Metropolia GZM","description":"Oficjalny portal G\u00f3rno\u015bl\u0105sko-Zag\u0142\u0119biowskiej Metropolii","robots":{"index":"index","follow":"follow","max-snippet":"max-snippet:-1","max-image-preview":"max-image-preview:large","max-video-preview":"max-video-preview:-1"},"canonical":"https:\/\/metropoliagzm.pl\/en\/2021\/11\/16\/ruszyla-kolejna-edycja-programu-katowice-miastem-fachowcow\/","twitter_card":"summary_large_image","twitter_title":"Ruszy\u0142a kolejna edycja programu Katowice Miastem Fachowc\u00f3w - Metropolia GZM","twitter_description":"Oficjalny portal G\u00f3rno\u015bl\u0105sko-Zag\u0142\u0119biowskiej Metropolii","twitter_image":"https:\/\/metropoliagzm.pl\/wp-content\/uploads\/2021\/11\/FEOxVPpWUAANaBi.jpg","twitter_misc":{"Written by":"Micha\u0142 Nowak","Estimated reading time":"3 minutes"},"schema":{"@context":"https:\/\/schema.org","@graph":[{"@type":"Article","@id":"https:\/\/metropoliagzm.pl\/2021\/11\/16\/ruszyla-kolejna-edycja-programu-katowice-miastem-fachowcow\/#article","isPartOf":{"@id":"https:\/\/metropoliagzm.pl\/2021\/11\/16\/ruszyla-kolejna-edycja-programu-katowice-miastem-fachowcow\/"},"author":{"name":"Micha\u0142 Nowak","@id":"https:\/\/metropoliagzm.pl\/en\/#\/schema\/person\/9e7660ba27bc92881ef16c6fc34ae962"},"headline":"Ruszy\u0142a kolejna edycja programu Katowice Miastem Fachowc\u00f3w","datePublished":"2021-11-16T11:17:44+00:00","mainEntityOfPage":{"@id":"https:\/\/metropoliagzm.pl\/2021\/11\/16\/ruszyla-kolejna-edycja-programu-katowice-miastem-fachowcow\/"},"wordCount":701,"publisher":{"@id":"https:\/\/metropoliagzm.pl\/en\/#organization"},"image":{"@id":"https:\/\/metropoliagzm.pl\/2021\/11\/16\/ruszyla-kolejna-edycja-programu-katowice-miastem-fachowcow\/#primaryimage"},"thumbnailUrl":"https:\/\/metropoliagzm.pl\/wp-content\/uploads\/2021\/11\/FEOxVPpWUAANaBi.jpg","keywords":["Katowice","katowice miastem fachowc\u00f3w"],"articleSection":["Katowice","Mieszka\u0144cy"],"inLanguage":"en-GB"},{"@type":"WebPage","@id":"https:\/\/metropoliagzm.pl\/2021\/11\/16\/ruszyla-kolejna-edycja-programu-katowice-miastem-fachowcow\/","url":"https:\/\/metropoliagzm.pl\/2021\/11\/16\/ruszyla-kolejna-edycja-programu-katowice-miastem-fachowcow\/","name":"Ruszy\u0142a kolejna edycja programu Katowice Miastem Fachowc\u00f3w - Metropolia GZM","isPartOf":{"@id":"https:\/\/metropoliagzm.pl\/en\/#website"},"primaryImageOfPage":{"@id":"https:\/\/metropoliagzm.pl\/2021\/11\/16\/ruszyla-kolejna-edycja-programu-katowice-miastem-fachowcow\/#primaryimage"},"image":{"@id":"https:\/\/metropoliagzm.pl\/2021\/11\/16\/ruszyla-kolejna-edycja-programu-katowice-miastem-fachowcow\/#primaryimage"},"thumbnailUrl":"https:\/\/metropoliagzm.pl\/wp-content\/uploads\/2021\/11\/FEOxVPpWUAANaBi.jpg","datePublished":"2021-11-16T11:17:44+00:00","description":"Oficjalny portal G\u00f3rno\u015bl\u0105sko-Zag\u0142\u0119biowskiej Metropolii","breadcrumb":{"@id":"https:\/\/metropoliagzm.pl\/2021\/11\/16\/ruszyla-kolejna-edycja-programu-katowice-miastem-fachowcow\/#breadcrumb"},"inLanguage":"en-GB","potentialAction":[{"@type":"ReadAction","target":["https:\/\/metropoliagzm.pl\/2021\/11\/16\/ruszyla-kolejna-edycja-programu-katowice-miastem-fachowcow\/"]}]},{"@type":"ImageObject","inLanguage":"en-GB","@id":"https:\/\/metropoliagzm.pl\/2021\/11\/16\/ruszyla-kolejna-edycja-programu-katowice-miastem-fachowcow\/#primaryimage","url":"https:\/\/metropoliagzm.pl\/wp-content\/uploads\/2021\/11\/FEOxVPpWUAANaBi.jpg","contentUrl":"https:\/\/metropoliagzm.pl\/wp-content\/uploads\/2021\/11\/FEOxVPpWUAANaBi.jpg","width":2362,"height":1304,"caption":"Plakat z napisem \"Katowice miastem fachowc\u00f3w\""},{"@type":"BreadcrumbList","@id":"https:\/\/metropoliagzm.pl\/2021\/11\/16\/ruszyla-kolejna-edycja-programu-katowice-miastem-fachowcow\/#breadcrumb","itemListElement":[{"@type":"ListItem","position":1,"name":"Strona g\u0142\u00f3wna","item":"https:\/\/metropoliagzm.pl\/"},{"@type":"ListItem","position":2,"name":"Ruszy\u0142a kolejna edycja programu Katowice Miastem Fachowc\u00f3w"}]},{"@type":"WebSite","@id":"https:\/\/metropoliagzm.pl\/en\/#website","url":"https:\/\/metropoliagzm.pl\/en\/","name":"Metropolia GZM","description":"Oficjalny portal G\u00f3rno\u015bl\u0105sko-Zag\u0142\u0119biowskiej Metropolii","publisher":{"@id":"https:\/\/metropoliagzm.pl\/en\/#organization"},"potentialAction":[{"@type":"SearchAction","target":{"@type":"EntryPoint","urlTemplate":"https:\/\/metropoliagzm.pl\/en\/?s={search_term_string}"},"query-input":{"@type":"PropertyValueSpecification","valueRequired":true,"valueName":"search_term_string"}}],"inLanguage":"en-GB"},{"@type":"Organization","@id":"https:\/\/metropoliagzm.pl\/en\/#organization","name":"Metropolia GZM","url":"https:\/\/metropoliagzm.pl\/en\/","logo":{"@type":"ImageObject","inLanguage":"en-GB","@id":"https:\/\/metropoliagzm.pl\/en\/#\/schema\/logo\/image\/","url":"https:\/\/metropoliagzm.pl\/wp-content\/uploads\/2019\/03\/Sygnet-strona-glowna.png","contentUrl":"https:\/\/metropoliagzm.pl\/wp-content\/uploads\/2019\/03\/Sygnet-strona-glowna.png","width":36,"height":45,"caption":"Metropolia GZM"},"image":{"@id":"https:\/\/metropoliagzm.pl\/en\/#\/schema\/logo\/image\/"}},{"@type":"Person","@id":"https:\/\/metropoliagzm.pl\/en\/#\/schema\/person\/9e7660ba27bc92881ef16c6fc34ae962","name":"Micha\u0142 Nowak","image":{"@type":"ImageObject","inLanguage":"en-GB","@id":"https:\/\/secure.gravatar.com\/avatar\/2d51f070ccac4989b201dc1a42c3a6d46ff007fc5e569ff280535ab8e8122a59?s=96&d=mm&r=g","url":"https:\/\/secure.gravatar.com\/avatar\/2d51f070ccac4989b201dc1a42c3a6d46ff007fc5e569ff280535ab8e8122a59?s=96&d=mm&r=g","contentUrl":"https:\/\/secure.gravatar.com\/avatar\/2d51f070ccac4989b201dc1a42c3a6d46ff007fc5e569ff280535ab8e8122a59?s=96&d=mm&r=g","caption":"Micha\u0142 Nowak"},"url":"https:\/\/metropoliagzm.pl\/en\/author\/michal-nowak\/"}]}},"_links":{"self":[{"href":"https:\/\/metropoliagzm.pl\/en\/wp-json\/wp\/v2\/posts\/37728","targetHints":{"allow":["GET"]}}],"collection":[{"href":"https:\/\/metropoliagzm.pl\/en\/wp-json\/wp\/v2\/posts"}],"about":[{"href":"https:\/\/metropoliagzm.pl\/en\/wp-json\/wp\/v2\/types\/post"}],"author":[{"embeddable":true,"href":"https:\/\/metropoliagzm.pl\/en\/wp-json\/wp\/v2\/users\/134"}],"replies":[{"embeddable":true,"href":"https:\/\/metropoliagzm.pl\/en\/wp-json\/wp\/v2\/comments?post=37728"}],"version-history":[{"count":1,"href":"https:\/\/metropoliagzm.pl\/en\/wp-json\/wp\/v2\/posts\/37728\/revisions"}],"predecessor-version":[{"id":37730,"href":"https:\/\/metropoliagzm.pl\/en\/wp-json\/wp\/v2\/posts\/37728\/revisions\/37730"}],"wp:featuredmedia":[{"embeddable":true,"href":"https:\/\/metropoliagzm.pl\/en\/wp-json\/wp\/v2\/media\/37729"}],"wp:attachment":[{"href":"https:\/\/metropoliagzm.pl\/en\/wp-json\/wp\/v2\/media?parent=37728"}],"wp:term":[{"taxonomy":"category","embeddable":true,"href":"https:\/\/metropoliagzm.pl\/en\/wp-json\/wp\/v2\/categories?post=37728"},{"taxonomy":"post_tag","embeddable":true,"href":"https:\/\/metropoliagzm.pl\/en\/wp-json\/wp\/v2\/tags?post=37728"}],"curies":[{"name":"wp","href":"https:\/\/api.w.org\/{rel}","templated":true}]}}